{"id":207911,"date":"2023-08-14T11:35:00","date_gmt":"2023-08-14T11:35:00","guid":{"rendered":"https:\/\/www.webdo.tn\/fr\/blog\/icon-of-the-seas-le-plus-gros-paquebot-du-monde-voit-le-jour-en-finlande\/207911\/"},"modified":"2025-05-20T22:51:20","modified_gmt":"2025-05-20T22:51:20","slug":"icon-of-the-seas-le-plus-gros-paquebot-du-monde-voit-le-jour-en-finlande","status":"publish","type":"post","link":"https:\/\/www.webdo.tn\/fr\/actualite\/international\/icon-of-the-seas-le-plus-gros-paquebot-du-monde-voit-le-jour-en-finlande\/207911\/","title":{"rendered":"\u00ab Icon of the Seas \u00bb, le plus gros paquebot du monde, voit le jour en Finlande !"},"content":{"rendered":"<p>\u00ab Icon of the Seas \u00bb, construit par les chantiers navals de Turku en Finlande devient le plus grand paquebot du monde.<\/p>\n<p>\t\t\t\t\t\t\t\t\tLe navire pr\u00e9sente un tonnage brut de 250 800 tonnes, l\u2019\u00e9quivalent de cinq fois la taille du Titanic. Il peut transporter pr\u00e8s de 10 000 personnes. \u00c0 partir de d\u00e9but 2024, il le fera dans les Cara\u00efbes, au d\u00e9part de Miami, rapporte l\u2019AFP.\u00a0<\/p>\n<p>Sept piscines, 20 restaurants, parc aquatique en mer&#8230; L&rsquo;Icon of the Seas, qui partira pour sa premi\u00e8re croisi\u00e8re en janvier 2024, impressionne par son gigantisme. Diff\u00e9rentes attractions apparaissent dans les vid\u00e9os promotionnelles de la compagnie. Patinoire, jeux d\u2019arcades, laser game, tyrolienne, une structure vous permet d\u2019avoir l\u2019impression de marcher au-dessus de la mer.\u00a0<\/p>\n<p>Pour vivre cette exp\u00e9rience hors du commun, il faut n\u00e9anmoins faire chauffer la carte bleue. Comptez minimum 2 400 euros par personne pour une croisi\u00e8re de sept jours dans les Cara\u00efbes.<\/p>\n","protected":false},"excerpt":{"rendered":"<p>\u00ab Icon of the Seas \u00bb, construit par les chantiers navals de Turku en Finlande devient le plus grand paquebot du monde.<\/p>\n","protected":false},"author":3175,"featured_media":278567,"comment_status":"open","ping_status":"closed","sticky":false,"template":"","format":"standard","meta":{"footnotes":""},"categories":[2598],"tags":[3538,7114],"class_list":["post-207911","post","type-post","status-publish","format-standard","has-post-thumbnail","hentry","category-international","tag-finlande","tag-paquebot"],"yoast_head":"<!-- This site is optimized with the Yoast SEO Premium plugin v27.5 (Yoast SEO v27.5) - https:\/\/yoast.com\/product\/yoast-seo-premium-wordpress\/ -->\n<title>\u00ab Icon of the Seas \u00bb, le plus gros paquebot du monde, voit le jour en Finlande !<\/title>\n<meta name=\"description\" content=\"\u00ab Icon of the Seas \u00bb, construit par les chantiers navals de Turku en Finlande devient le plus grand paquebot du monde.\" \/>\n<link rel=\"canonical\" href=\"https:\/\/www.webdo.tn\/fr\/actualite\/international\/icon-of-the-seas-le-plus-gros-paquebot-du-monde-voit-le-jour-en-finlande\/207911\/\" \/>\n<meta property=\"og:locale\" content=\"fr_FR\" \/>\n<meta property=\"og:type\" content=\"article\" \/>\n<meta property=\"og:title\" content=\"\u00ab Icon of the Seas \u00bb, le plus gros paquebot du monde, voit le jour en Finlande !\" \/>\n<meta property=\"og:description\" content=\"\u00ab Icon of the Seas \u00bb, construit par les chantiers navals de Turku en Finlande devient le plus grand paquebot du monde.\" \/>\n<meta property=\"og:url\" content=\"https:\/\/www.webdo.tn\/fr\/actualite\/international\/icon-of-the-seas-le-plus-gros-paquebot-du-monde-voit-le-jour-en-finlande\/207911\/\" \/>\n<meta property=\"og:site_name\" content=\"webdo\" \/>\n<meta property=\"article:publisher\" content=\"https:\/\/www.facebook.com\/webdotn\" \/>\n<meta property=\"article:published_time\" content=\"2023-08-14T11:35:00+00:00\" \/>\n<meta property=\"article:modified_time\" content=\"2025-05-20T22:51:20+00:00\" \/>\n<meta property=\"og:image\" content=\"https:\/\/www.webdo.tn\/fr\/wp-content\/uploads\/2023\/08\/6e93170e8fdc5bbc1394eff1b49909d1.jpg\" \/>\n\t<meta property=\"og:image:width\" content=\"750\" \/>\n\t<meta property=\"og:image:height\" content=\"400\" \/>\n\t<meta property=\"og:image:type\" content=\"image\/jpeg\" \/>\n<meta name=\"author\" content=\"CL\" \/>\n<meta name=\"twitter:card\" content=\"summary_large_image\" \/>\n<meta name=\"twitter:creator\" content=\"@webdo_tn\" \/>\n<meta name=\"twitter:site\" content=\"@webdo_tn\" \/>\n<meta name=\"twitter:label1\" content=\"\u00c9crit par\" \/>\n\t<meta name=\"twitter:data1\" content=\"CL\" \/>\n\t<meta name=\"twitter:label2\" content=\"Dur\u00e9e de lecture estim\u00e9e\" \/>\n\t<meta name=\"twitter:data2\" content=\"1 minute\" \/>\n<script type=\"application\/ld+json\" class=\"yoast-schema-graph\">{\"@context\":\"https:\\\/\\\/schema.org\",\"@graph\":[{\"@type\":\"NewsArticle\",\"@id\":\"https:\\\/\\\/www.webdo.tn\\\/fr\\\/actualite\\\/international\\\/icon-of-the-seas-le-plus-gros-paquebot-du-monde-voit-le-jour-en-finlande\\\/207911\\\/#article\",\"isPartOf\":{\"@id\":\"https:\\\/\\\/www.webdo.tn\\\/fr\\\/actualite\\\/international\\\/icon-of-the-seas-le-plus-gros-paquebot-du-monde-voit-le-jour-en-finlande\\\/207911\\\/\"},\"author\":{\"name\":\"CL\",\"@id\":\"https:\\\/\\\/www.webdo.tn\\\/fr\\\/#\\\/schema\\\/person\\\/f35b42a42c5e2511bbd282959d6385cc\"},\"headline\":\"\u00ab Icon of the Seas \u00bb, le plus gros paquebot du monde, voit le jour en Finlande !\",\"datePublished\":\"2023-08-14T11:35:00+00:00\",\"dateModified\":\"2025-05-20T22:51:20+00:00\",\"mainEntityOfPage\":{\"@id\":\"https:\\\/\\\/www.webdo.tn\\\/fr\\\/actualite\\\/international\\\/icon-of-the-seas-le-plus-gros-paquebot-du-monde-voit-le-jour-en-finlande\\\/207911\\\/\"},\"wordCount\":171,\"commentCount\":0,\"publisher\":{\"@id\":\"https:\\\/\\\/www.webdo.tn\\\/fr\\\/#organization\"},\"image\":{\"@id\":\"https:\\\/\\\/www.webdo.tn\\\/fr\\\/actualite\\\/international\\\/icon-of-the-seas-le-plus-gros-paquebot-du-monde-voit-le-jour-en-finlande\\\/207911\\\/#primaryimage\"},\"thumbnailUrl\":\"https:\\\/\\\/www.webdo.tn\\\/fr\\\/wp-content\\\/uploads\\\/2023\\\/08\\\/6e93170e8fdc5bbc1394eff1b49909d1.jpg\",\"keywords\":[\"Finlande\",\"paquebot\"],\"articleSection\":[\"International\"],\"inLanguage\":\"fr-FR\"},{\"@type\":\"WebPage\",\"@id\":\"https:\\\/\\\/www.webdo.tn\\\/fr\\\/actualite\\\/international\\\/icon-of-the-seas-le-plus-gros-paquebot-du-monde-voit-le-jour-en-finlande\\\/207911\\\/\",\"url\":\"https:\\\/\\\/www.webdo.tn\\\/fr\\\/actualite\\\/international\\\/icon-of-the-seas-le-plus-gros-paquebot-du-monde-voit-le-jour-en-finlande\\\/207911\\\/\",\"name\":\"\u00ab Icon of the Seas \u00bb, le plus gros paquebot du monde, voit le jour en Finlande !\",\"isPartOf\":{\"@id\":\"https:\\\/\\\/www.webdo.tn\\\/fr\\\/#website\"},\"primaryImageOfPage\":{\"@id\":\"https:\\\/\\\/www.webdo.tn\\\/fr\\\/actualite\\\/international\\\/icon-of-the-seas-le-plus-gros-paquebot-du-monde-voit-le-jour-en-finlande\\\/207911\\\/#primaryimage\"},\"image\":{\"@id\":\"https:\\\/\\\/www.webdo.tn\\\/fr\\\/actualite\\\/international\\\/icon-of-the-seas-le-plus-gros-paquebot-du-monde-voit-le-jour-en-finlande\\\/207911\\\/#primaryimage\"},\"thumbnailUrl\":\"https:\\\/\\\/www.webdo.tn\\\/fr\\\/wp-content\\\/uploads\\\/2023\\\/08\\\/6e93170e8fdc5bbc1394eff1b49909d1.jpg\",\"datePublished\":\"2023-08-14T11:35:00+00:00\",\"dateModified\":\"2025-05-20T22:51:20+00:00\",\"description\":\"\u00ab Icon of the Seas \u00bb, construit par les chantiers navals de Turku en Finlande devient le plus grand paquebot du monde.\",\"breadcrumb\":{\"@id\":\"https:\\\/\\\/www.webdo.tn\\\/fr\\\/actualite\\\/international\\\/icon-of-the-seas-le-plus-gros-paquebot-du-monde-voit-le-jour-en-finlande\\\/207911\\\/#breadcrumb\"},\"inLanguage\":\"fr-FR\",\"potentialAction\":[{\"@type\":\"ReadAction\",\"target\":[\"https:\\\/\\\/www.webdo.tn\\\/fr\\\/actualite\\\/international\\\/icon-of-the-seas-le-plus-gros-paquebot-du-monde-voit-le-jour-en-finlande\\\/207911\\\/\"]}]},{\"@type\":\"ImageObject\",\"inLanguage\":\"fr-FR\",\"@id\":\"https:\\\/\\\/www.webdo.tn\\\/fr\\\/actualite\\\/international\\\/icon-of-the-seas-le-plus-gros-paquebot-du-monde-voit-le-jour-en-finlande\\\/207911\\\/#primaryimage\",\"url\":\"https:\\\/\\\/www.webdo.tn\\\/fr\\\/wp-content\\\/uploads\\\/2023\\\/08\\\/6e93170e8fdc5bbc1394eff1b49909d1.jpg\",\"contentUrl\":\"https:\\\/\\\/www.webdo.tn\\\/fr\\\/wp-content\\\/uploads\\\/2023\\\/08\\\/6e93170e8fdc5bbc1394eff1b49909d1.jpg\",\"width\":750,\"height\":400,\"caption\":\"\u00ab Icon of the Seas \u00bb, le plus gros paquebot du monde, voit le jour en Finlande !\"},{\"@type\":\"BreadcrumbList\",\"@id\":\"https:\\\/\\\/www.webdo.tn\\\/fr\\\/actualite\\\/international\\\/icon-of-the-seas-le-plus-gros-paquebot-du-monde-voit-le-jour-en-finlande\\\/207911\\\/#breadcrumb\",\"itemListElement\":[{\"@type\":\"ListItem\",\"position\":1,\"name\":\"Accueil\",\"item\":\"https:\\\/\\\/www.webdo.tn\\\/fr\\\/\"},{\"@type\":\"ListItem\",\"position\":2,\"name\":\"\u00ab Icon of the Seas \u00bb, le plus gros paquebot du monde, voit le jour en Finlande !\"}]},{\"@type\":\"WebSite\",\"@id\":\"https:\\\/\\\/www.webdo.tn\\\/fr\\\/#website\",\"url\":\"https:\\\/\\\/www.webdo.tn\\\/fr\\\/\",\"name\":\"webdo\",\"description\":\"Tunisie - News en Tunisie et \u00e0 l&#039;international sur Webdo.tn\",\"publisher\":{\"@id\":\"https:\\\/\\\/www.webdo.tn\\\/fr\\\/#organization\"},\"potentialAction\":[{\"@type\":\"SearchAction\",\"target\":{\"@type\":\"EntryPoint\",\"urlTemplate\":\"https:\\\/\\\/www.webdo.tn\\\/fr\\\/?s={search_term_string}\"},\"query-input\":{\"@type\":\"PropertyValueSpecification\",\"valueRequired\":true,\"valueName\":\"search_term_string\"}}],\"inLanguage\":\"fr-FR\"},{\"@type\":\"Organization\",\"@id\":\"https:\\\/\\\/www.webdo.tn\\\/fr\\\/#organization\",\"name\":\"Webdo\",\"alternateName\":\"Webdo.tn\",\"url\":\"https:\\\/\\\/www.webdo.tn\\\/fr\\\/\",\"logo\":{\"@type\":\"ImageObject\",\"inLanguage\":\"fr-FR\",\"@id\":\"https:\\\/\\\/www.webdo.tn\\\/fr\\\/#\\\/schema\\\/logo\\\/image\\\/\",\"url\":\"https:\\\/\\\/www.webdo.tn\\\/fr\\\/wp-content\\\/uploads\\\/2025\\\/06\\\/Webdo-Tunisie_168377.jpg\",\"contentUrl\":\"https:\\\/\\\/www.webdo.tn\\\/fr\\\/wp-content\\\/uploads\\\/2025\\\/06\\\/Webdo-Tunisie_168377.jpg\",\"width\":301,\"height\":301,\"caption\":\"Webdo\"},\"image\":{\"@id\":\"https:\\\/\\\/www.webdo.tn\\\/fr\\\/#\\\/schema\\\/logo\\\/image\\\/\"},\"sameAs\":[\"https:\\\/\\\/www.facebook.com\\\/webdotn\",\"https:\\\/\\\/x.com\\\/webdo_tn\"],\"description\":\"Webdo est un m\u00e9dia num\u00e9rique tunisien fond\u00e9 en 2010, sp\u00e9cialis\u00e9 dans l\u2019actualit\u00e9 nationale et internationale, l\u2019\u00e9conomie, la soci\u00e9t\u00e9 et les analyses politiques. Le site s\u2019adresse \u00e0 un large public francophone et couvre l\u2019information tunisienne en temps r\u00e9el.\",\"email\":\"redac@webdo.tn\",\"legalName\":\"YNJ SARL\",\"foundingDate\":\"2010-09-06\",\"numberOfEmployees\":{\"@type\":\"QuantitativeValue\",\"minValue\":\"11\",\"maxValue\":\"50\"}},{\"@type\":\"Person\",\"@id\":\"https:\\\/\\\/www.webdo.tn\\\/fr\\\/#\\\/schema\\\/person\\\/f35b42a42c5e2511bbd282959d6385cc\",\"name\":\"CL\",\"image\":{\"@type\":\"ImageObject\",\"inLanguage\":\"fr-FR\",\"@id\":\"https:\\\/\\\/secure.gravatar.com\\\/avatar\\\/1447a49909b67aa657c488aec6512e1dd6143a480c1ecfee9b5b5cd74eb3b59e?s=96&d=mm&r=g\",\"url\":\"https:\\\/\\\/secure.gravatar.com\\\/avatar\\\/1447a49909b67aa657c488aec6512e1dd6143a480c1ecfee9b5b5cd74eb3b59e?s=96&d=mm&r=g\",\"contentUrl\":\"https:\\\/\\\/secure.gravatar.com\\\/avatar\\\/1447a49909b67aa657c488aec6512e1dd6143a480c1ecfee9b5b5cd74eb3b59e?s=96&d=mm&r=g\",\"caption\":\"CL\"},\"url\":\"https:\\\/\\\/www.webdo.tn\\\/fr\\\/actualite\\\/author\\\/cl\\\/\"}]}<\/script>\n<!-- \/ Yoast SEO Premium plugin. -->","yoast_head_json":{"title":"\u00ab Icon of the Seas \u00bb, le plus gros paquebot du monde, voit le jour en Finlande !","description":"\u00ab Icon of the Seas \u00bb, construit par les chantiers navals de Turku en Finlande devient le plus grand paquebot du monde.","canonical":"https:\/\/www.webdo.tn\/fr\/actualite\/international\/icon-of-the-seas-le-plus-gros-paquebot-du-monde-voit-le-jour-en-finlande\/207911\/","og_locale":"fr_FR","og_type":"article","og_title":"\u00ab Icon of the Seas \u00bb, le plus gros paquebot du monde, voit le jour en Finlande !","og_description":"\u00ab Icon of the Seas \u00bb, construit par les chantiers navals de Turku en Finlande devient le plus grand paquebot du monde.","og_url":"https:\/\/www.webdo.tn\/fr\/actualite\/international\/icon-of-the-seas-le-plus-gros-paquebot-du-monde-voit-le-jour-en-finlande\/207911\/","og_site_name":"webdo","article_publisher":"https:\/\/www.facebook.com\/webdotn","article_published_time":"2023-08-14T11:35:00+00:00","article_modified_time":"2025-05-20T22:51:20+00:00","og_image":[{"width":750,"height":400,"url":"https:\/\/www.webdo.tn\/fr\/wp-content\/uploads\/2023\/08\/6e93170e8fdc5bbc1394eff1b49909d1.jpg","type":"image\/jpeg"}],"author":"CL","twitter_card":"summary_large_image","twitter_creator":"@webdo_tn","twitter_site":"@webdo_tn","twitter_misc":{"\u00c9crit par":"CL","Dur\u00e9e de lecture estim\u00e9e":"1 minute"},"schema":{"@context":"https:\/\/schema.org","@graph":[{"@type":"NewsArticle","@id":"https:\/\/www.webdo.tn\/fr\/actualite\/international\/icon-of-the-seas-le-plus-gros-paquebot-du-monde-voit-le-jour-en-finlande\/207911\/#article","isPartOf":{"@id":"https:\/\/www.webdo.tn\/fr\/actualite\/international\/icon-of-the-seas-le-plus-gros-paquebot-du-monde-voit-le-jour-en-finlande\/207911\/"},"author":{"name":"CL","@id":"https:\/\/www.webdo.tn\/fr\/#\/schema\/person\/f35b42a42c5e2511bbd282959d6385cc"},"headline":"\u00ab Icon of the Seas \u00bb, le plus gros paquebot du monde, voit le jour en Finlande !","datePublished":"2023-08-14T11:35:00+00:00","dateModified":"2025-05-20T22:51:20+00:00","mainEntityOfPage":{"@id":"https:\/\/www.webdo.tn\/fr\/actualite\/international\/icon-of-the-seas-le-plus-gros-paquebot-du-monde-voit-le-jour-en-finlande\/207911\/"},"wordCount":171,"commentCount":0,"publisher":{"@id":"https:\/\/www.webdo.tn\/fr\/#organization"},"image":{"@id":"https:\/\/www.webdo.tn\/fr\/actualite\/international\/icon-of-the-seas-le-plus-gros-paquebot-du-monde-voit-le-jour-en-finlande\/207911\/#primaryimage"},"thumbnailUrl":"https:\/\/www.webdo.tn\/fr\/wp-content\/uploads\/2023\/08\/6e93170e8fdc5bbc1394eff1b49909d1.jpg","keywords":["Finlande","paquebot"],"articleSection":["International"],"inLanguage":"fr-FR"},{"@type":"WebPage","@id":"https:\/\/www.webdo.tn\/fr\/actualite\/international\/icon-of-the-seas-le-plus-gros-paquebot-du-monde-voit-le-jour-en-finlande\/207911\/","url":"https:\/\/www.webdo.tn\/fr\/actualite\/international\/icon-of-the-seas-le-plus-gros-paquebot-du-monde-voit-le-jour-en-finlande\/207911\/","name":"\u00ab Icon of the Seas \u00bb, le plus gros paquebot du monde, voit le jour en Finlande !","isPartOf":{"@id":"https:\/\/www.webdo.tn\/fr\/#website"},"primaryImageOfPage":{"@id":"https:\/\/www.webdo.tn\/fr\/actualite\/international\/icon-of-the-seas-le-plus-gros-paquebot-du-monde-voit-le-jour-en-finlande\/207911\/#primaryimage"},"image":{"@id":"https:\/\/www.webdo.tn\/fr\/actualite\/international\/icon-of-the-seas-le-plus-gros-paquebot-du-monde-voit-le-jour-en-finlande\/207911\/#primaryimage"},"thumbnailUrl":"https:\/\/www.webdo.tn\/fr\/wp-content\/uploads\/2023\/08\/6e93170e8fdc5bbc1394eff1b49909d1.jpg","datePublished":"2023-08-14T11:35:00+00:00","dateModified":"2025-05-20T22:51:20+00:00","description":"\u00ab Icon of the Seas \u00bb, construit par les chantiers navals de Turku en Finlande devient le plus grand paquebot du monde.","breadcrumb":{"@id":"https:\/\/www.webdo.tn\/fr\/actualite\/international\/icon-of-the-seas-le-plus-gros-paquebot-du-monde-voit-le-jour-en-finlande\/207911\/#breadcrumb"},"inLanguage":"fr-FR","potentialAction":[{"@type":"ReadAction","target":["https:\/\/www.webdo.tn\/fr\/actualite\/international\/icon-of-the-seas-le-plus-gros-paquebot-du-monde-voit-le-jour-en-finlande\/207911\/"]}]},{"@type":"ImageObject","inLanguage":"fr-FR","@id":"https:\/\/www.webdo.tn\/fr\/actualite\/international\/icon-of-the-seas-le-plus-gros-paquebot-du-monde-voit-le-jour-en-finlande\/207911\/#primaryimage","url":"https:\/\/www.webdo.tn\/fr\/wp-content\/uploads\/2023\/08\/6e93170e8fdc5bbc1394eff1b49909d1.jpg","contentUrl":"https:\/\/www.webdo.tn\/fr\/wp-content\/uploads\/2023\/08\/6e93170e8fdc5bbc1394eff1b49909d1.jpg","width":750,"height":400,"caption":"\u00ab Icon of the Seas \u00bb, le plus gros paquebot du monde, voit le jour en Finlande !"},{"@type":"BreadcrumbList","@id":"https:\/\/www.webdo.tn\/fr\/actualite\/international\/icon-of-the-seas-le-plus-gros-paquebot-du-monde-voit-le-jour-en-finlande\/207911\/#breadcrumb","itemListElement":[{"@type":"ListItem","position":1,"name":"Accueil","item":"https:\/\/www.webdo.tn\/fr\/"},{"@type":"ListItem","position":2,"name":"\u00ab Icon of the Seas \u00bb, le plus gros paquebot du monde, voit le jour en Finlande !"}]},{"@type":"WebSite","@id":"https:\/\/www.webdo.tn\/fr\/#website","url":"https:\/\/www.webdo.tn\/fr\/","name":"webdo","description":"Tunisie - News en Tunisie et \u00e0 l&#039;international sur Webdo.tn","publisher":{"@id":"https:\/\/www.webdo.tn\/fr\/#organization"},"potentialAction":[{"@type":"SearchAction","target":{"@type":"EntryPoint","urlTemplate":"https:\/\/www.webdo.tn\/fr\/?s={search_term_string}"},"query-input":{"@type":"PropertyValueSpecification","valueRequired":true,"valueName":"search_term_string"}}],"inLanguage":"fr-FR"},{"@type":"Organization","@id":"https:\/\/www.webdo.tn\/fr\/#organization","name":"Webdo","alternateName":"Webdo.tn","url":"https:\/\/www.webdo.tn\/fr\/","logo":{"@type":"ImageObject","inLanguage":"fr-FR","@id":"https:\/\/www.webdo.tn\/fr\/#\/schema\/logo\/image\/","url":"https:\/\/www.webdo.tn\/fr\/wp-content\/uploads\/2025\/06\/Webdo-Tunisie_168377.jpg","contentUrl":"https:\/\/www.webdo.tn\/fr\/wp-content\/uploads\/2025\/06\/Webdo-Tunisie_168377.jpg","width":301,"height":301,"caption":"Webdo"},"image":{"@id":"https:\/\/www.webdo.tn\/fr\/#\/schema\/logo\/image\/"},"sameAs":["https:\/\/www.facebook.com\/webdotn","https:\/\/x.com\/webdo_tn"],"description":"Webdo est un m\u00e9dia num\u00e9rique tunisien fond\u00e9 en 2010, sp\u00e9cialis\u00e9 dans l\u2019actualit\u00e9 nationale et internationale, l\u2019\u00e9conomie, la soci\u00e9t\u00e9 et les analyses politiques. Le site s\u2019adresse \u00e0 un large public francophone et couvre l\u2019information tunisienne en temps r\u00e9el.","email":"redac@webdo.tn","legalName":"YNJ SARL","foundingDate":"2010-09-06","numberOfEmployees":{"@type":"QuantitativeValue","minValue":"11","maxValue":"50"}},{"@type":"Person","@id":"https:\/\/www.webdo.tn\/fr\/#\/schema\/person\/f35b42a42c5e2511bbd282959d6385cc","name":"CL","image":{"@type":"ImageObject","inLanguage":"fr-FR","@id":"https:\/\/secure.gravatar.com\/avatar\/1447a49909b67aa657c488aec6512e1dd6143a480c1ecfee9b5b5cd74eb3b59e?s=96&d=mm&r=g","url":"https:\/\/secure.gravatar.com\/avatar\/1447a49909b67aa657c488aec6512e1dd6143a480c1ecfee9b5b5cd74eb3b59e?s=96&d=mm&r=g","contentUrl":"https:\/\/secure.gravatar.com\/avatar\/1447a49909b67aa657c488aec6512e1dd6143a480c1ecfee9b5b5cd74eb3b59e?s=96&d=mm&r=g","caption":"CL"},"url":"https:\/\/www.webdo.tn\/fr\/actualite\/author\/cl\/"}]}},"_links":{"self":[{"href":"https:\/\/www.webdo.tn\/fr\/wp-json\/wp\/v2\/posts\/207911","targetHints":{"allow":["GET"]}}],"collection":[{"href":"https:\/\/www.webdo.tn\/fr\/wp-json\/wp\/v2\/posts"}],"about":[{"href":"https:\/\/www.webdo.tn\/fr\/wp-json\/wp\/v2\/types\/post"}],"author":[{"embeddable":true,"href":"https:\/\/www.webdo.tn\/fr\/wp-json\/wp\/v2\/users\/3175"}],"replies":[{"embeddable":true,"href":"https:\/\/www.webdo.tn\/fr\/wp-json\/wp\/v2\/comments?post=207911"}],"version-history":[{"count":0,"href":"https:\/\/www.webdo.tn\/fr\/wp-json\/wp\/v2\/posts\/207911\/revisions"}],"wp:featuredmedia":[{"embeddable":true,"href":"https:\/\/www.webdo.tn\/fr\/wp-json\/wp\/v2\/media\/278567"}],"wp:attachment":[{"href":"https:\/\/www.webdo.tn\/fr\/wp-json\/wp\/v2\/media?parent=207911"}],"wp:term":[{"taxonomy":"category","embeddable":true,"href":"https:\/\/www.webdo.tn\/fr\/wp-json\/wp\/v2\/categories?post=207911"},{"taxonomy":"post_tag","embeddable":true,"href":"https:\/\/www.webdo.tn\/fr\/wp-json\/wp\/v2\/tags?post=207911"}],"curies":[{"name":"wp","href":"https:\/\/api.w.org\/{rel}","templated":true}]}}