{"id":207904,"date":"2023-08-14T08:49:00","date_gmt":"2023-08-14T08:49:00","guid":{"rendered":"https:\/\/www.webdo.tn\/fr\/blog\/tunisie-3800-femmes-beneficiaires-des-programmes-d-autonomisation-economique\/207904\/"},"modified":"2025-05-20T22:41:45","modified_gmt":"2025-05-20T22:41:45","slug":"tunisie-3800-femmes-beneficiaires-des-programmes-d-autonomisation-economique","status":"publish","type":"post","link":"https:\/\/www.webdo.tn\/fr\/actualite\/national\/tunisie-3800-femmes-beneficiaires-des-programmes-d-autonomisation-economique\/207904\/","title":{"rendered":"Tunisie : 3800 femmes b\u00e9n\u00e9ficiaires des programmes d&rsquo;autonomisation \u00e9conomique"},"content":{"rendered":"<p>Environ 3800 femmes ont b\u00e9n\u00e9fici\u00e9 des programmes d&rsquo;autonomisation \u00e9conomique entre ao\u00fbt 2022 et ao\u00fbt 2023 alors que 2500 femmes ont b\u00e9n\u00e9fici\u00e9 du programme \u00a0\u00bb Raidet \u00a0\u00bb avec des fonds allou\u00e9es d\u00e9passant 30 millions de dinars (MD).<\/p>\n<p>\t\t\t\t\t\t\t\t\tSelon un communiqu\u00e9 publi\u00e9, dimanche, \u00e0 l&rsquo;occasion du 67e anniversaire de la f\u00eate nationale de la femme tunisienne c\u00e9l\u00e9br\u00e9 le 13 ao\u00fbt de chaque ann\u00e9e, Le minist\u00e8re de la famille, de la femme, de l\u2019enfance et des personnes \u00e2g\u00e9es a rappel\u00e9 sa contribution, \u00e9galement, dans les efforts men\u00e9s par l\u2019Etat pour soutenir les femmes et les jeunes filles dans la transition du secteur informel au secteur formel \u00e0 travers la cr\u00e9ation et l&rsquo;appui de 32 nouveaux groupements f\u00e9minins, et ce, dans le cadre de l\u2019\u00e9conomie social et solidaire.<\/p>\n<p>Et de pr\u00e9ciser qu&rsquo;en vertu d\u2019une convention cadre sign\u00e9e entre le minist\u00e8re avec l\u2019UTICA et la chambre nationale des grandes surfaces, ces groupements accompagnent les femmes \u00e0 la commercialisation de leurs produits.<\/p>\n<p>Le d\u00e9partement a affirm\u00e9 que \u00ab\u00a0l&rsquo;autonomisation \u00e9conomique est la solution\u00a0\u00bb, puisqu&rsquo;elle repr\u00e9sente le choix strat\u00e9gique national permettant de r\u00e9aliser la justice sociale et de garantir l&rsquo;\u00e9galit\u00e9 des chances entre les citoyens et les r\u00e9gions.<\/p>\n<p>La m\u00eame source a soulign\u00e9 que plus de 870 familles ont b\u00e9n\u00e9fici\u00e9, au cours de l&rsquo;ann\u00e9e en cours, de sources de revenues, dont la majorit\u00e9 au profit des m\u00e8res, avec des fonds s&rsquo;\u00e9levant \u00e0 13,5 MD.<\/p>\n","protected":false},"excerpt":{"rendered":"<p>Environ 3800 femmes ont b\u00e9n\u00e9fici\u00e9 des programmes d&rsquo;autonomisation \u00e9conomique entre ao\u00fbt 2022 et ao\u00fbt 2023 alors que 2500 femmes ont b\u00e9n\u00e9fici\u00e9 du programme   Rai&#8230;<\/p>\n","protected":false},"author":3175,"featured_media":249558,"comment_status":"open","ping_status":"closed","sticky":false,"template":"","format":"standard","meta":{"footnotes":""},"categories":[44],"tags":[3154,7393,2608],"class_list":["post-207904","post","type-post","status-publish","format-standard","has-post-thumbnail","hentry","category-national","tag-economie","tag-femme","tag-tunisie"],"yoast_head":"<!-- This site is optimized with the Yoast SEO Premium plugin v27.5 (Yoast SEO v27.5) - https:\/\/yoast.com\/product\/yoast-seo-premium-wordpress\/ -->\n<title>Tunisie : 3800 femmes b\u00e9n\u00e9ficiaires des programmes d&#039;autonomisation \u00e9conomique<\/title>\n<meta name=\"description\" content=\"Environ 3800 femmes ont b\u00e9n\u00e9fici\u00e9 des programmes d&#039;autonomisation \u00e9conomique entre ao\u00fbt 2022 et ao\u00fbt 2023 alors que 2500 femmes ont b\u00e9n\u00e9fici\u00e9 du programme Rai...\" \/>\n<link rel=\"canonical\" href=\"https:\/\/www.webdo.tn\/fr\/actualite\/national\/tunisie-3800-femmes-beneficiaires-des-programmes-d-autonomisation-economique\/207904\/\" \/>\n<meta property=\"og:locale\" content=\"fr_FR\" \/>\n<meta property=\"og:type\" content=\"article\" \/>\n<meta property=\"og:title\" content=\"Tunisie : 3800 femmes b\u00e9n\u00e9ficiaires des programmes d&#039;autonomisation \u00e9conomique\" \/>\n<meta property=\"og:description\" content=\"Environ 3800 femmes ont b\u00e9n\u00e9fici\u00e9 des programmes d&#039;autonomisation \u00e9conomique entre ao\u00fbt 2022 et ao\u00fbt 2023 alors que 2500 femmes ont b\u00e9n\u00e9fici\u00e9 du programme Rai...\" \/>\n<meta property=\"og:url\" content=\"https:\/\/www.webdo.tn\/fr\/actualite\/national\/tunisie-3800-femmes-beneficiaires-des-programmes-d-autonomisation-economique\/207904\/\" \/>\n<meta property=\"og:site_name\" content=\"webdo\" \/>\n<meta property=\"article:publisher\" content=\"https:\/\/www.facebook.com\/webdotn\" \/>\n<meta property=\"article:published_time\" content=\"2023-08-14T08:49:00+00:00\" \/>\n<meta property=\"article:modified_time\" content=\"2025-05-20T22:41:45+00:00\" \/>\n<meta property=\"og:image\" content=\"https:\/\/www.webdo.tn\/fr\/wp-content\/uploads\/2023\/08\/e25274748605279bd6125eaa3862faab.jpg\" \/>\n\t<meta property=\"og:image:width\" content=\"750\" \/>\n\t<meta property=\"og:image:height\" content=\"400\" \/>\n\t<meta property=\"og:image:type\" content=\"image\/jpeg\" \/>\n<meta name=\"author\" content=\"CL\" \/>\n<meta name=\"twitter:card\" content=\"summary_large_image\" \/>\n<meta name=\"twitter:creator\" content=\"@webdo_tn\" \/>\n<meta name=\"twitter:site\" content=\"@webdo_tn\" \/>\n<meta name=\"twitter:label1\" content=\"\u00c9crit par\" \/>\n\t<meta name=\"twitter:data1\" content=\"CL\" \/>\n\t<meta name=\"twitter:label2\" content=\"Dur\u00e9e de lecture estim\u00e9e\" \/>\n\t<meta name=\"twitter:data2\" content=\"1 minute\" \/>\n<script type=\"application\/ld+json\" class=\"yoast-schema-graph\">{\"@context\":\"https:\\\/\\\/schema.org\",\"@graph\":[{\"@type\":\"NewsArticle\",\"@id\":\"https:\\\/\\\/www.webdo.tn\\\/fr\\\/actualite\\\/national\\\/tunisie-3800-femmes-beneficiaires-des-programmes-d-autonomisation-economique\\\/207904\\\/#article\",\"isPartOf\":{\"@id\":\"https:\\\/\\\/www.webdo.tn\\\/fr\\\/actualite\\\/national\\\/tunisie-3800-femmes-beneficiaires-des-programmes-d-autonomisation-economique\\\/207904\\\/\"},\"author\":{\"name\":\"CL\",\"@id\":\"https:\\\/\\\/www.webdo.tn\\\/fr\\\/#\\\/schema\\\/person\\\/f35b42a42c5e2511bbd282959d6385cc\"},\"headline\":\"Tunisie : 3800 femmes b\u00e9n\u00e9ficiaires des programmes d&rsquo;autonomisation \u00e9conomique\",\"datePublished\":\"2023-08-14T08:49:00+00:00\",\"dateModified\":\"2025-05-20T22:41:45+00:00\",\"mainEntityOfPage\":{\"@id\":\"https:\\\/\\\/www.webdo.tn\\\/fr\\\/actualite\\\/national\\\/tunisie-3800-femmes-beneficiaires-des-programmes-d-autonomisation-economique\\\/207904\\\/\"},\"wordCount\":266,\"commentCount\":0,\"publisher\":{\"@id\":\"https:\\\/\\\/www.webdo.tn\\\/fr\\\/#organization\"},\"image\":{\"@id\":\"https:\\\/\\\/www.webdo.tn\\\/fr\\\/actualite\\\/national\\\/tunisie-3800-femmes-beneficiaires-des-programmes-d-autonomisation-economique\\\/207904\\\/#primaryimage\"},\"thumbnailUrl\":\"https:\\\/\\\/www.webdo.tn\\\/fr\\\/wp-content\\\/uploads\\\/2023\\\/08\\\/e25274748605279bd6125eaa3862faab.jpg\",\"keywords\":[\"\u00e9conomie\",\"femme\",\"Tunisie\"],\"articleSection\":[\"National\"],\"inLanguage\":\"fr-FR\"},{\"@type\":\"WebPage\",\"@id\":\"https:\\\/\\\/www.webdo.tn\\\/fr\\\/actualite\\\/national\\\/tunisie-3800-femmes-beneficiaires-des-programmes-d-autonomisation-economique\\\/207904\\\/\",\"url\":\"https:\\\/\\\/www.webdo.tn\\\/fr\\\/actualite\\\/national\\\/tunisie-3800-femmes-beneficiaires-des-programmes-d-autonomisation-economique\\\/207904\\\/\",\"name\":\"Tunisie : 3800 femmes b\u00e9n\u00e9ficiaires des programmes d'autonomisation \u00e9conomique\",\"isPartOf\":{\"@id\":\"https:\\\/\\\/www.webdo.tn\\\/fr\\\/#website\"},\"primaryImageOfPage\":{\"@id\":\"https:\\\/\\\/www.webdo.tn\\\/fr\\\/actualite\\\/national\\\/tunisie-3800-femmes-beneficiaires-des-programmes-d-autonomisation-economique\\\/207904\\\/#primaryimage\"},\"image\":{\"@id\":\"https:\\\/\\\/www.webdo.tn\\\/fr\\\/actualite\\\/national\\\/tunisie-3800-femmes-beneficiaires-des-programmes-d-autonomisation-economique\\\/207904\\\/#primaryimage\"},\"thumbnailUrl\":\"https:\\\/\\\/www.webdo.tn\\\/fr\\\/wp-content\\\/uploads\\\/2023\\\/08\\\/e25274748605279bd6125eaa3862faab.jpg\",\"datePublished\":\"2023-08-14T08:49:00+00:00\",\"dateModified\":\"2025-05-20T22:41:45+00:00\",\"description\":\"Environ 3800 femmes ont b\u00e9n\u00e9fici\u00e9 des programmes d'autonomisation \u00e9conomique entre ao\u00fbt 2022 et ao\u00fbt 2023 alors que 2500 femmes ont b\u00e9n\u00e9fici\u00e9 du programme Rai...\",\"breadcrumb\":{\"@id\":\"https:\\\/\\\/www.webdo.tn\\\/fr\\\/actualite\\\/national\\\/tunisie-3800-femmes-beneficiaires-des-programmes-d-autonomisation-economique\\\/207904\\\/#breadcrumb\"},\"inLanguage\":\"fr-FR\",\"potentialAction\":[{\"@type\":\"ReadAction\",\"target\":[\"https:\\\/\\\/www.webdo.tn\\\/fr\\\/actualite\\\/national\\\/tunisie-3800-femmes-beneficiaires-des-programmes-d-autonomisation-economique\\\/207904\\\/\"]}]},{\"@type\":\"ImageObject\",\"inLanguage\":\"fr-FR\",\"@id\":\"https:\\\/\\\/www.webdo.tn\\\/fr\\\/actualite\\\/national\\\/tunisie-3800-femmes-beneficiaires-des-programmes-d-autonomisation-economique\\\/207904\\\/#primaryimage\",\"url\":\"https:\\\/\\\/www.webdo.tn\\\/fr\\\/wp-content\\\/uploads\\\/2023\\\/08\\\/e25274748605279bd6125eaa3862faab.jpg\",\"contentUrl\":\"https:\\\/\\\/www.webdo.tn\\\/fr\\\/wp-content\\\/uploads\\\/2023\\\/08\\\/e25274748605279bd6125eaa3862faab.jpg\",\"width\":750,\"height\":400,\"caption\":\"Tunisie : 3800 femmes b\u00e9n\u00e9ficiaires des programmes d'autonomisation \u00e9conomique\"},{\"@type\":\"BreadcrumbList\",\"@id\":\"https:\\\/\\\/www.webdo.tn\\\/fr\\\/actualite\\\/national\\\/tunisie-3800-femmes-beneficiaires-des-programmes-d-autonomisation-economique\\\/207904\\\/#breadcrumb\",\"itemListElement\":[{\"@type\":\"ListItem\",\"position\":1,\"name\":\"Accueil\",\"item\":\"https:\\\/\\\/www.webdo.tn\\\/fr\\\/\"},{\"@type\":\"ListItem\",\"position\":2,\"name\":\"Tunisie : 3800 femmes b\u00e9n\u00e9ficiaires des programmes d&#8217;autonomisation \u00e9conomique\"}]},{\"@type\":\"WebSite\",\"@id\":\"https:\\\/\\\/www.webdo.tn\\\/fr\\\/#website\",\"url\":\"https:\\\/\\\/www.webdo.tn\\\/fr\\\/\",\"name\":\"webdo\",\"description\":\"Tunisie - News en Tunisie et \u00e0 l&#039;international sur Webdo.tn\",\"publisher\":{\"@id\":\"https:\\\/\\\/www.webdo.tn\\\/fr\\\/#organization\"},\"potentialAction\":[{\"@type\":\"SearchAction\",\"target\":{\"@type\":\"EntryPoint\",\"urlTemplate\":\"https:\\\/\\\/www.webdo.tn\\\/fr\\\/?s={search_term_string}\"},\"query-input\":{\"@type\":\"PropertyValueSpecification\",\"valueRequired\":true,\"valueName\":\"search_term_string\"}}],\"inLanguage\":\"fr-FR\"},{\"@type\":\"Organization\",\"@id\":\"https:\\\/\\\/www.webdo.tn\\\/fr\\\/#organization\",\"name\":\"Webdo\",\"alternateName\":\"Webdo.tn\",\"url\":\"https:\\\/\\\/www.webdo.tn\\\/fr\\\/\",\"logo\":{\"@type\":\"ImageObject\",\"inLanguage\":\"fr-FR\",\"@id\":\"https:\\\/\\\/www.webdo.tn\\\/fr\\\/#\\\/schema\\\/logo\\\/image\\\/\",\"url\":\"https:\\\/\\\/www.webdo.tn\\\/fr\\\/wp-content\\\/uploads\\\/2025\\\/06\\\/Webdo-Tunisie_168377.jpg\",\"contentUrl\":\"https:\\\/\\\/www.webdo.tn\\\/fr\\\/wp-content\\\/uploads\\\/2025\\\/06\\\/Webdo-Tunisie_168377.jpg\",\"width\":301,\"height\":301,\"caption\":\"Webdo\"},\"image\":{\"@id\":\"https:\\\/\\\/www.webdo.tn\\\/fr\\\/#\\\/schema\\\/logo\\\/image\\\/\"},\"sameAs\":[\"https:\\\/\\\/www.facebook.com\\\/webdotn\",\"https:\\\/\\\/x.com\\\/webdo_tn\"],\"description\":\"Webdo est un m\u00e9dia num\u00e9rique tunisien fond\u00e9 en 2010, sp\u00e9cialis\u00e9 dans l\u2019actualit\u00e9 nationale et internationale, l\u2019\u00e9conomie, la soci\u00e9t\u00e9 et les analyses politiques. Le site s\u2019adresse \u00e0 un large public francophone et couvre l\u2019information tunisienne en temps r\u00e9el.\",\"email\":\"redac@webdo.tn\",\"legalName\":\"YNJ SARL\",\"foundingDate\":\"2010-09-06\",\"numberOfEmployees\":{\"@type\":\"QuantitativeValue\",\"minValue\":\"11\",\"maxValue\":\"50\"}},{\"@type\":\"Person\",\"@id\":\"https:\\\/\\\/www.webdo.tn\\\/fr\\\/#\\\/schema\\\/person\\\/f35b42a42c5e2511bbd282959d6385cc\",\"name\":\"CL\",\"image\":{\"@type\":\"ImageObject\",\"inLanguage\":\"fr-FR\",\"@id\":\"https:\\\/\\\/secure.gravatar.com\\\/avatar\\\/1447a49909b67aa657c488aec6512e1dd6143a480c1ecfee9b5b5cd74eb3b59e?s=96&d=mm&r=g\",\"url\":\"https:\\\/\\\/secure.gravatar.com\\\/avatar\\\/1447a49909b67aa657c488aec6512e1dd6143a480c1ecfee9b5b5cd74eb3b59e?s=96&d=mm&r=g\",\"contentUrl\":\"https:\\\/\\\/secure.gravatar.com\\\/avatar\\\/1447a49909b67aa657c488aec6512e1dd6143a480c1ecfee9b5b5cd74eb3b59e?s=96&d=mm&r=g\",\"caption\":\"CL\"},\"url\":\"https:\\\/\\\/www.webdo.tn\\\/fr\\\/actualite\\\/author\\\/cl\\\/\"}]}<\/script>\n<!-- \/ Yoast SEO Premium plugin. -->","yoast_head_json":{"title":"Tunisie : 3800 femmes b\u00e9n\u00e9ficiaires des programmes d'autonomisation \u00e9conomique","description":"Environ 3800 femmes ont b\u00e9n\u00e9fici\u00e9 des programmes d'autonomisation \u00e9conomique entre ao\u00fbt 2022 et ao\u00fbt 2023 alors que 2500 femmes ont b\u00e9n\u00e9fici\u00e9 du programme Rai...","canonical":"https:\/\/www.webdo.tn\/fr\/actualite\/national\/tunisie-3800-femmes-beneficiaires-des-programmes-d-autonomisation-economique\/207904\/","og_locale":"fr_FR","og_type":"article","og_title":"Tunisie : 3800 femmes b\u00e9n\u00e9ficiaires des programmes d'autonomisation \u00e9conomique","og_description":"Environ 3800 femmes ont b\u00e9n\u00e9fici\u00e9 des programmes d'autonomisation \u00e9conomique entre ao\u00fbt 2022 et ao\u00fbt 2023 alors que 2500 femmes ont b\u00e9n\u00e9fici\u00e9 du programme Rai...","og_url":"https:\/\/www.webdo.tn\/fr\/actualite\/national\/tunisie-3800-femmes-beneficiaires-des-programmes-d-autonomisation-economique\/207904\/","og_site_name":"webdo","article_publisher":"https:\/\/www.facebook.com\/webdotn","article_published_time":"2023-08-14T08:49:00+00:00","article_modified_time":"2025-05-20T22:41:45+00:00","og_image":[{"width":750,"height":400,"url":"https:\/\/www.webdo.tn\/fr\/wp-content\/uploads\/2023\/08\/e25274748605279bd6125eaa3862faab.jpg","type":"image\/jpeg"}],"author":"CL","twitter_card":"summary_large_image","twitter_creator":"@webdo_tn","twitter_site":"@webdo_tn","twitter_misc":{"\u00c9crit par":"CL","Dur\u00e9e de lecture estim\u00e9e":"1 minute"},"schema":{"@context":"https:\/\/schema.org","@graph":[{"@type":"NewsArticle","@id":"https:\/\/www.webdo.tn\/fr\/actualite\/national\/tunisie-3800-femmes-beneficiaires-des-programmes-d-autonomisation-economique\/207904\/#article","isPartOf":{"@id":"https:\/\/www.webdo.tn\/fr\/actualite\/national\/tunisie-3800-femmes-beneficiaires-des-programmes-d-autonomisation-economique\/207904\/"},"author":{"name":"CL","@id":"https:\/\/www.webdo.tn\/fr\/#\/schema\/person\/f35b42a42c5e2511bbd282959d6385cc"},"headline":"Tunisie : 3800 femmes b\u00e9n\u00e9ficiaires des programmes d&rsquo;autonomisation \u00e9conomique","datePublished":"2023-08-14T08:49:00+00:00","dateModified":"2025-05-20T22:41:45+00:00","mainEntityOfPage":{"@id":"https:\/\/www.webdo.tn\/fr\/actualite\/national\/tunisie-3800-femmes-beneficiaires-des-programmes-d-autonomisation-economique\/207904\/"},"wordCount":266,"commentCount":0,"publisher":{"@id":"https:\/\/www.webdo.tn\/fr\/#organization"},"image":{"@id":"https:\/\/www.webdo.tn\/fr\/actualite\/national\/tunisie-3800-femmes-beneficiaires-des-programmes-d-autonomisation-economique\/207904\/#primaryimage"},"thumbnailUrl":"https:\/\/www.webdo.tn\/fr\/wp-content\/uploads\/2023\/08\/e25274748605279bd6125eaa3862faab.jpg","keywords":["\u00e9conomie","femme","Tunisie"],"articleSection":["National"],"inLanguage":"fr-FR"},{"@type":"WebPage","@id":"https:\/\/www.webdo.tn\/fr\/actualite\/national\/tunisie-3800-femmes-beneficiaires-des-programmes-d-autonomisation-economique\/207904\/","url":"https:\/\/www.webdo.tn\/fr\/actualite\/national\/tunisie-3800-femmes-beneficiaires-des-programmes-d-autonomisation-economique\/207904\/","name":"Tunisie : 3800 femmes b\u00e9n\u00e9ficiaires des programmes d'autonomisation \u00e9conomique","isPartOf":{"@id":"https:\/\/www.webdo.tn\/fr\/#website"},"primaryImageOfPage":{"@id":"https:\/\/www.webdo.tn\/fr\/actualite\/national\/tunisie-3800-femmes-beneficiaires-des-programmes-d-autonomisation-economique\/207904\/#primaryimage"},"image":{"@id":"https:\/\/www.webdo.tn\/fr\/actualite\/national\/tunisie-3800-femmes-beneficiaires-des-programmes-d-autonomisation-economique\/207904\/#primaryimage"},"thumbnailUrl":"https:\/\/www.webdo.tn\/fr\/wp-content\/uploads\/2023\/08\/e25274748605279bd6125eaa3862faab.jpg","datePublished":"2023-08-14T08:49:00+00:00","dateModified":"2025-05-20T22:41:45+00:00","description":"Environ 3800 femmes ont b\u00e9n\u00e9fici\u00e9 des programmes d'autonomisation \u00e9conomique entre ao\u00fbt 2022 et ao\u00fbt 2023 alors que 2500 femmes ont b\u00e9n\u00e9fici\u00e9 du programme Rai...","breadcrumb":{"@id":"https:\/\/www.webdo.tn\/fr\/actualite\/national\/tunisie-3800-femmes-beneficiaires-des-programmes-d-autonomisation-economique\/207904\/#breadcrumb"},"inLanguage":"fr-FR","potentialAction":[{"@type":"ReadAction","target":["https:\/\/www.webdo.tn\/fr\/actualite\/national\/tunisie-3800-femmes-beneficiaires-des-programmes-d-autonomisation-economique\/207904\/"]}]},{"@type":"ImageObject","inLanguage":"fr-FR","@id":"https:\/\/www.webdo.tn\/fr\/actualite\/national\/tunisie-3800-femmes-beneficiaires-des-programmes-d-autonomisation-economique\/207904\/#primaryimage","url":"https:\/\/www.webdo.tn\/fr\/wp-content\/uploads\/2023\/08\/e25274748605279bd6125eaa3862faab.jpg","contentUrl":"https:\/\/www.webdo.tn\/fr\/wp-content\/uploads\/2023\/08\/e25274748605279bd6125eaa3862faab.jpg","width":750,"height":400,"caption":"Tunisie : 3800 femmes b\u00e9n\u00e9ficiaires des programmes d'autonomisation \u00e9conomique"},{"@type":"BreadcrumbList","@id":"https:\/\/www.webdo.tn\/fr\/actualite\/national\/tunisie-3800-femmes-beneficiaires-des-programmes-d-autonomisation-economique\/207904\/#breadcrumb","itemListElement":[{"@type":"ListItem","position":1,"name":"Accueil","item":"https:\/\/www.webdo.tn\/fr\/"},{"@type":"ListItem","position":2,"name":"Tunisie : 3800 femmes b\u00e9n\u00e9ficiaires des programmes d&#8217;autonomisation \u00e9conomique"}]},{"@type":"WebSite","@id":"https:\/\/www.webdo.tn\/fr\/#website","url":"https:\/\/www.webdo.tn\/fr\/","name":"webdo","description":"Tunisie - News en Tunisie et \u00e0 l&#039;international sur Webdo.tn","publisher":{"@id":"https:\/\/www.webdo.tn\/fr\/#organization"},"potentialAction":[{"@type":"SearchAction","target":{"@type":"EntryPoint","urlTemplate":"https:\/\/www.webdo.tn\/fr\/?s={search_term_string}"},"query-input":{"@type":"PropertyValueSpecification","valueRequired":true,"valueName":"search_term_string"}}],"inLanguage":"fr-FR"},{"@type":"Organization","@id":"https:\/\/www.webdo.tn\/fr\/#organization","name":"Webdo","alternateName":"Webdo.tn","url":"https:\/\/www.webdo.tn\/fr\/","logo":{"@type":"ImageObject","inLanguage":"fr-FR","@id":"https:\/\/www.webdo.tn\/fr\/#\/schema\/logo\/image\/","url":"https:\/\/www.webdo.tn\/fr\/wp-content\/uploads\/2025\/06\/Webdo-Tunisie_168377.jpg","contentUrl":"https:\/\/www.webdo.tn\/fr\/wp-content\/uploads\/2025\/06\/Webdo-Tunisie_168377.jpg","width":301,"height":301,"caption":"Webdo"},"image":{"@id":"https:\/\/www.webdo.tn\/fr\/#\/schema\/logo\/image\/"},"sameAs":["https:\/\/www.facebook.com\/webdotn","https:\/\/x.com\/webdo_tn"],"description":"Webdo est un m\u00e9dia num\u00e9rique tunisien fond\u00e9 en 2010, sp\u00e9cialis\u00e9 dans l\u2019actualit\u00e9 nationale et internationale, l\u2019\u00e9conomie, la soci\u00e9t\u00e9 et les analyses politiques. Le site s\u2019adresse \u00e0 un large public francophone et couvre l\u2019information tunisienne en temps r\u00e9el.","email":"redac@webdo.tn","legalName":"YNJ SARL","foundingDate":"2010-09-06","numberOfEmployees":{"@type":"QuantitativeValue","minValue":"11","maxValue":"50"}},{"@type":"Person","@id":"https:\/\/www.webdo.tn\/fr\/#\/schema\/person\/f35b42a42c5e2511bbd282959d6385cc","name":"CL","image":{"@type":"ImageObject","inLanguage":"fr-FR","@id":"https:\/\/secure.gravatar.com\/avatar\/1447a49909b67aa657c488aec6512e1dd6143a480c1ecfee9b5b5cd74eb3b59e?s=96&d=mm&r=g","url":"https:\/\/secure.gravatar.com\/avatar\/1447a49909b67aa657c488aec6512e1dd6143a480c1ecfee9b5b5cd74eb3b59e?s=96&d=mm&r=g","contentUrl":"https:\/\/secure.gravatar.com\/avatar\/1447a49909b67aa657c488aec6512e1dd6143a480c1ecfee9b5b5cd74eb3b59e?s=96&d=mm&r=g","caption":"CL"},"url":"https:\/\/www.webdo.tn\/fr\/actualite\/author\/cl\/"}]}},"_links":{"self":[{"href":"https:\/\/www.webdo.tn\/fr\/wp-json\/wp\/v2\/posts\/207904","targetHints":{"allow":["GET"]}}],"collection":[{"href":"https:\/\/www.webdo.tn\/fr\/wp-json\/wp\/v2\/posts"}],"about":[{"href":"https:\/\/www.webdo.tn\/fr\/wp-json\/wp\/v2\/types\/post"}],"author":[{"embeddable":true,"href":"https:\/\/www.webdo.tn\/fr\/wp-json\/wp\/v2\/users\/3175"}],"replies":[{"embeddable":true,"href":"https:\/\/www.webdo.tn\/fr\/wp-json\/wp\/v2\/comments?post=207904"}],"version-history":[{"count":0,"href":"https:\/\/www.webdo.tn\/fr\/wp-json\/wp\/v2\/posts\/207904\/revisions"}],"wp:featuredmedia":[{"embeddable":true,"href":"https:\/\/www.webdo.tn\/fr\/wp-json\/wp\/v2\/media\/249558"}],"wp:attachment":[{"href":"https:\/\/www.webdo.tn\/fr\/wp-json\/wp\/v2\/media?parent=207904"}],"wp:term":[{"taxonomy":"category","embeddable":true,"href":"https:\/\/www.webdo.tn\/fr\/wp-json\/wp\/v2\/categories?post=207904"},{"taxonomy":"post_tag","embeddable":true,"href":"https:\/\/www.webdo.tn\/fr\/wp-json\/wp\/v2\/tags?post=207904"}],"curies":[{"name":"wp","href":"https:\/\/api.w.org\/{rel}","templated":true}]}}