{"id":207903,"date":"2023-08-14T08:40:00","date_gmt":"2023-08-14T08:40:00","guid":{"rendered":"https:\/\/www.webdo.tn\/fr\/blog\/saied-a-la-manouba-pour-suivre-la-creation-de-la-premiere-entreprise-citoyenne-pour-femmes\/207903\/"},"modified":"2025-05-20T22:41:44","modified_gmt":"2025-05-20T22:41:44","slug":"saied-a-la-manouba-pour-suivre-la-creation-de-la-premiere-entreprise-citoyenne-pour-femmes","status":"publish","type":"post","link":"https:\/\/www.webdo.tn\/fr\/actualite\/national\/saied-a-la-manouba-pour-suivre-la-creation-de-la-premiere-entreprise-citoyenne-pour-femmes\/207903\/","title":{"rendered":"Saied \u00e0 la Manouba pour suivre la cr\u00e9ation de la premi\u00e8re entreprise citoyenne pour femmes"},"content":{"rendered":"<p>Le pr\u00e9sident de la R\u00e9publique, Kais Saied a effectu\u00e9, dimanche, une visite \u00e0 la ferme Borj Toumi (D\u00e9l\u00e9gation El Battane du gouvernorat de la Mannouba), o\u00f9 il a suivi les progr\u00e8s de la cr\u00e9ation de la premi\u00e8re entreprise citoyenne pour femmes baptis\u00e9e \u00ab\u00a0Kadihat\u00a0\u00bb.<\/p>\n<p>Le chef de l&rsquo;Etat a soulign\u00e9, \u00e0 cette occasion, qu&rsquo;il a choisi de c\u00e9l\u00e9brer la F\u00eate nationale de la Femme avec \u00ab\u00a0les femmes bosseuses qui pers\u00e9v\u00e8rent pour r\u00e9aliser le progr\u00e8s et cr\u00e9er la richesse et l&#8217;emploi\u00a0\u00bb.<\/p>\n<p>Il a pass\u00e9 en revue, dans le m\u00eame contexte, les demandes formul\u00e9es pour la cr\u00e9ation d&rsquo;entreprises citoyennes aux \u00e9chelles r\u00e9gionale et locale dans les domaines du tourisme, l&rsquo;industrie et le transport, relevant que \u00ab\u00a0certains au sein des administrations \u0153uvrent \u00e0 bloquer ces demandes\u00a0\u00bb.<\/p>\n<p>Lors de sa rencontre avec un groupe de femmes agricultrices travaillant au sein de la Ferme Borj Toumi, le pr\u00e9sident de la R\u00e9publique a \u00e9galement mis l&rsquo;accent sur l&rsquo;importance du lancement de la premi\u00e8re entreprise citoyenne pour femmes sur un terrain dont la superficie est estim\u00e9e \u00e0 541 hectares, relevant de l&rsquo;Office des Terres domaniales (OTD), soulignant \u00ab\u00a0la capacit\u00e9 de la femme tunisienne libre \u00e0 innover et \u00e0 pers\u00e9v\u00e9rer pour la r\u00e9alisation de la souverainet\u00e9 alimentaire\u00a0\u00bb.<\/p>\n<p>Il a aussi insist\u00e9 sur la n\u00e9cessit\u00e9 de lutter contre le ph\u00e9nom\u00e8ne d&rsquo;abus contre les femmes travaillant dans l&rsquo;agriculture et de r\u00e9aliser l&rsquo;\u00e9galit\u00e9 \u00e9conomique et sociale entre femmes et hommes.<\/p>\n","protected":false},"excerpt":{"rendered":"<p>Le pr\u00e9sident de la R\u00e9publique, Kais Saied a effectu\u00e9, dimanche, une visite \u00e0 la ferme Borj Toumi (D\u00e9l\u00e9gation El Battane du gouvernorat de la Mannouba), o\u00f9 il a&#8230;<\/p>\n","protected":false},"author":3175,"featured_media":249557,"comment_status":"open","ping_status":"closed","sticky":false,"template":"","format":"standard","meta":{"footnotes":""},"categories":[44],"tags":[8108,2857,2608],"class_list":["post-207903","post","type-post","status-publish","format-standard","has-post-thumbnail","hentry","category-national","tag-entreprise-citoyenne","tag-manouba","tag-tunisie"],"yoast_head":"<!-- This site is optimized with the Yoast SEO Premium plugin v27.5 (Yoast SEO v27.5) - https:\/\/yoast.com\/product\/yoast-seo-premium-wordpress\/ -->\n<title>Saied \u00e0 la Manouba pour suivre la cr\u00e9ation de la premi\u00e8re entreprise citoyenne pour femmes<\/title>\n<meta name=\"description\" content=\"Le pr\u00e9sident de la R\u00e9publique, Kais Saied a effectu\u00e9, dimanche, une visite \u00e0 la ferme Borj Toumi (D\u00e9l\u00e9gation El Battane du gouvernorat de la Mannouba), o\u00f9 il a...\" \/>\n<link rel=\"canonical\" href=\"https:\/\/www.webdo.tn\/fr\/actualite\/national\/saied-a-la-manouba-pour-suivre-la-creation-de-la-premiere-entreprise-citoyenne-pour-femmes\/207903\/\" \/>\n<meta property=\"og:locale\" content=\"fr_FR\" \/>\n<meta property=\"og:type\" content=\"article\" \/>\n<meta property=\"og:title\" content=\"Saied \u00e0 la Manouba pour suivre la cr\u00e9ation de la premi\u00e8re entreprise citoyenne pour femmes\" \/>\n<meta property=\"og:description\" content=\"Le pr\u00e9sident de la R\u00e9publique, Kais Saied a effectu\u00e9, dimanche, une visite \u00e0 la ferme Borj Toumi (D\u00e9l\u00e9gation El Battane du gouvernorat de la Mannouba), o\u00f9 il a...\" \/>\n<meta property=\"og:url\" content=\"https:\/\/www.webdo.tn\/fr\/actualite\/national\/saied-a-la-manouba-pour-suivre-la-creation-de-la-premiere-entreprise-citoyenne-pour-femmes\/207903\/\" \/>\n<meta property=\"og:site_name\" content=\"webdo\" \/>\n<meta property=\"article:publisher\" content=\"https:\/\/www.facebook.com\/webdotn\" \/>\n<meta property=\"article:published_time\" content=\"2023-08-14T08:40:00+00:00\" \/>\n<meta property=\"article:modified_time\" content=\"2025-05-20T22:41:44+00:00\" \/>\n<meta property=\"og:image\" content=\"https:\/\/www.webdo.tn\/fr\/wp-content\/uploads\/2023\/08\/cdcee8d52d889371eaa8838e1e7677d3.jpg\" \/>\n\t<meta property=\"og:image:width\" content=\"750\" \/>\n\t<meta property=\"og:image:height\" content=\"400\" \/>\n\t<meta property=\"og:image:type\" content=\"image\/jpeg\" \/>\n<meta name=\"author\" content=\"CL\" \/>\n<meta name=\"twitter:card\" content=\"summary_large_image\" \/>\n<meta name=\"twitter:creator\" content=\"@webdo_tn\" \/>\n<meta name=\"twitter:site\" content=\"@webdo_tn\" \/>\n<meta name=\"twitter:label1\" content=\"\u00c9crit par\" \/>\n\t<meta name=\"twitter:data1\" content=\"CL\" \/>\n\t<meta name=\"twitter:label2\" content=\"Dur\u00e9e de lecture estim\u00e9e\" \/>\n\t<meta name=\"twitter:data2\" content=\"1 minute\" \/>\n<script type=\"application\/ld+json\" class=\"yoast-schema-graph\">{\"@context\":\"https:\\\/\\\/schema.org\",\"@graph\":[{\"@type\":\"NewsArticle\",\"@id\":\"https:\\\/\\\/www.webdo.tn\\\/fr\\\/actualite\\\/national\\\/saied-a-la-manouba-pour-suivre-la-creation-de-la-premiere-entreprise-citoyenne-pour-femmes\\\/207903\\\/#article\",\"isPartOf\":{\"@id\":\"https:\\\/\\\/www.webdo.tn\\\/fr\\\/actualite\\\/national\\\/saied-a-la-manouba-pour-suivre-la-creation-de-la-premiere-entreprise-citoyenne-pour-femmes\\\/207903\\\/\"},\"author\":{\"name\":\"CL\",\"@id\":\"https:\\\/\\\/www.webdo.tn\\\/fr\\\/#\\\/schema\\\/person\\\/f35b42a42c5e2511bbd282959d6385cc\"},\"headline\":\"Saied \u00e0 la Manouba pour suivre la cr\u00e9ation de la premi\u00e8re entreprise citoyenne pour femmes\",\"datePublished\":\"2023-08-14T08:40:00+00:00\",\"dateModified\":\"2025-05-20T22:41:44+00:00\",\"mainEntityOfPage\":{\"@id\":\"https:\\\/\\\/www.webdo.tn\\\/fr\\\/actualite\\\/national\\\/saied-a-la-manouba-pour-suivre-la-creation-de-la-premiere-entreprise-citoyenne-pour-femmes\\\/207903\\\/\"},\"wordCount\":279,\"commentCount\":0,\"publisher\":{\"@id\":\"https:\\\/\\\/www.webdo.tn\\\/fr\\\/#organization\"},\"image\":{\"@id\":\"https:\\\/\\\/www.webdo.tn\\\/fr\\\/actualite\\\/national\\\/saied-a-la-manouba-pour-suivre-la-creation-de-la-premiere-entreprise-citoyenne-pour-femmes\\\/207903\\\/#primaryimage\"},\"thumbnailUrl\":\"https:\\\/\\\/www.webdo.tn\\\/fr\\\/wp-content\\\/uploads\\\/2023\\\/08\\\/cdcee8d52d889371eaa8838e1e7677d3.jpg\",\"keywords\":[\"entreprise citoyenne\",\"Manouba\",\"Tunisie\"],\"articleSection\":[\"National\"],\"inLanguage\":\"fr-FR\"},{\"@type\":\"WebPage\",\"@id\":\"https:\\\/\\\/www.webdo.tn\\\/fr\\\/actualite\\\/national\\\/saied-a-la-manouba-pour-suivre-la-creation-de-la-premiere-entreprise-citoyenne-pour-femmes\\\/207903\\\/\",\"url\":\"https:\\\/\\\/www.webdo.tn\\\/fr\\\/actualite\\\/national\\\/saied-a-la-manouba-pour-suivre-la-creation-de-la-premiere-entreprise-citoyenne-pour-femmes\\\/207903\\\/\",\"name\":\"Saied \u00e0 la Manouba pour suivre la cr\u00e9ation de la premi\u00e8re entreprise citoyenne pour femmes\",\"isPartOf\":{\"@id\":\"https:\\\/\\\/www.webdo.tn\\\/fr\\\/#website\"},\"primaryImageOfPage\":{\"@id\":\"https:\\\/\\\/www.webdo.tn\\\/fr\\\/actualite\\\/national\\\/saied-a-la-manouba-pour-suivre-la-creation-de-la-premiere-entreprise-citoyenne-pour-femmes\\\/207903\\\/#primaryimage\"},\"image\":{\"@id\":\"https:\\\/\\\/www.webdo.tn\\\/fr\\\/actualite\\\/national\\\/saied-a-la-manouba-pour-suivre-la-creation-de-la-premiere-entreprise-citoyenne-pour-femmes\\\/207903\\\/#primaryimage\"},\"thumbnailUrl\":\"https:\\\/\\\/www.webdo.tn\\\/fr\\\/wp-content\\\/uploads\\\/2023\\\/08\\\/cdcee8d52d889371eaa8838e1e7677d3.jpg\",\"datePublished\":\"2023-08-14T08:40:00+00:00\",\"dateModified\":\"2025-05-20T22:41:44+00:00\",\"description\":\"Le pr\u00e9sident de la R\u00e9publique, Kais Saied a effectu\u00e9, dimanche, une visite \u00e0 la ferme Borj Toumi (D\u00e9l\u00e9gation El Battane du gouvernorat de la Mannouba), o\u00f9 il a...\",\"breadcrumb\":{\"@id\":\"https:\\\/\\\/www.webdo.tn\\\/fr\\\/actualite\\\/national\\\/saied-a-la-manouba-pour-suivre-la-creation-de-la-premiere-entreprise-citoyenne-pour-femmes\\\/207903\\\/#breadcrumb\"},\"inLanguage\":\"fr-FR\",\"potentialAction\":[{\"@type\":\"ReadAction\",\"target\":[\"https:\\\/\\\/www.webdo.tn\\\/fr\\\/actualite\\\/national\\\/saied-a-la-manouba-pour-suivre-la-creation-de-la-premiere-entreprise-citoyenne-pour-femmes\\\/207903\\\/\"]}]},{\"@type\":\"ImageObject\",\"inLanguage\":\"fr-FR\",\"@id\":\"https:\\\/\\\/www.webdo.tn\\\/fr\\\/actualite\\\/national\\\/saied-a-la-manouba-pour-suivre-la-creation-de-la-premiere-entreprise-citoyenne-pour-femmes\\\/207903\\\/#primaryimage\",\"url\":\"https:\\\/\\\/www.webdo.tn\\\/fr\\\/wp-content\\\/uploads\\\/2023\\\/08\\\/cdcee8d52d889371eaa8838e1e7677d3.jpg\",\"contentUrl\":\"https:\\\/\\\/www.webdo.tn\\\/fr\\\/wp-content\\\/uploads\\\/2023\\\/08\\\/cdcee8d52d889371eaa8838e1e7677d3.jpg\",\"width\":750,\"height\":400,\"caption\":\"Saied \u00e0 la Manouba pour suivre la cr\u00e9ation de la premi\u00e8re entreprise citoyenne pour femmes\"},{\"@type\":\"BreadcrumbList\",\"@id\":\"https:\\\/\\\/www.webdo.tn\\\/fr\\\/actualite\\\/national\\\/saied-a-la-manouba-pour-suivre-la-creation-de-la-premiere-entreprise-citoyenne-pour-femmes\\\/207903\\\/#breadcrumb\",\"itemListElement\":[{\"@type\":\"ListItem\",\"position\":1,\"name\":\"Accueil\",\"item\":\"https:\\\/\\\/www.webdo.tn\\\/fr\\\/\"},{\"@type\":\"ListItem\",\"position\":2,\"name\":\"Saied \u00e0 la Manouba pour suivre la cr\u00e9ation de la premi\u00e8re entreprise citoyenne pour femmes\"}]},{\"@type\":\"WebSite\",\"@id\":\"https:\\\/\\\/www.webdo.tn\\\/fr\\\/#website\",\"url\":\"https:\\\/\\\/www.webdo.tn\\\/fr\\\/\",\"name\":\"webdo\",\"description\":\"Tunisie - News en Tunisie et \u00e0 l&#039;international sur Webdo.tn\",\"publisher\":{\"@id\":\"https:\\\/\\\/www.webdo.tn\\\/fr\\\/#organization\"},\"potentialAction\":[{\"@type\":\"SearchAction\",\"target\":{\"@type\":\"EntryPoint\",\"urlTemplate\":\"https:\\\/\\\/www.webdo.tn\\\/fr\\\/?s={search_term_string}\"},\"query-input\":{\"@type\":\"PropertyValueSpecification\",\"valueRequired\":true,\"valueName\":\"search_term_string\"}}],\"inLanguage\":\"fr-FR\"},{\"@type\":\"Organization\",\"@id\":\"https:\\\/\\\/www.webdo.tn\\\/fr\\\/#organization\",\"name\":\"Webdo\",\"alternateName\":\"Webdo.tn\",\"url\":\"https:\\\/\\\/www.webdo.tn\\\/fr\\\/\",\"logo\":{\"@type\":\"ImageObject\",\"inLanguage\":\"fr-FR\",\"@id\":\"https:\\\/\\\/www.webdo.tn\\\/fr\\\/#\\\/schema\\\/logo\\\/image\\\/\",\"url\":\"https:\\\/\\\/www.webdo.tn\\\/fr\\\/wp-content\\\/uploads\\\/2025\\\/06\\\/Webdo-Tunisie_168377.jpg\",\"contentUrl\":\"https:\\\/\\\/www.webdo.tn\\\/fr\\\/wp-content\\\/uploads\\\/2025\\\/06\\\/Webdo-Tunisie_168377.jpg\",\"width\":301,\"height\":301,\"caption\":\"Webdo\"},\"image\":{\"@id\":\"https:\\\/\\\/www.webdo.tn\\\/fr\\\/#\\\/schema\\\/logo\\\/image\\\/\"},\"sameAs\":[\"https:\\\/\\\/www.facebook.com\\\/webdotn\",\"https:\\\/\\\/x.com\\\/webdo_tn\"],\"description\":\"Webdo est un m\u00e9dia num\u00e9rique tunisien fond\u00e9 en 2010, sp\u00e9cialis\u00e9 dans l\u2019actualit\u00e9 nationale et internationale, l\u2019\u00e9conomie, la soci\u00e9t\u00e9 et les analyses politiques. Le site s\u2019adresse \u00e0 un large public francophone et couvre l\u2019information tunisienne en temps r\u00e9el.\",\"email\":\"redac@webdo.tn\",\"legalName\":\"YNJ SARL\",\"foundingDate\":\"2010-09-06\",\"numberOfEmployees\":{\"@type\":\"QuantitativeValue\",\"minValue\":\"11\",\"maxValue\":\"50\"}},{\"@type\":\"Person\",\"@id\":\"https:\\\/\\\/www.webdo.tn\\\/fr\\\/#\\\/schema\\\/person\\\/f35b42a42c5e2511bbd282959d6385cc\",\"name\":\"CL\",\"image\":{\"@type\":\"ImageObject\",\"inLanguage\":\"fr-FR\",\"@id\":\"https:\\\/\\\/secure.gravatar.com\\\/avatar\\\/1447a49909b67aa657c488aec6512e1dd6143a480c1ecfee9b5b5cd74eb3b59e?s=96&d=mm&r=g\",\"url\":\"https:\\\/\\\/secure.gravatar.com\\\/avatar\\\/1447a49909b67aa657c488aec6512e1dd6143a480c1ecfee9b5b5cd74eb3b59e?s=96&d=mm&r=g\",\"contentUrl\":\"https:\\\/\\\/secure.gravatar.com\\\/avatar\\\/1447a49909b67aa657c488aec6512e1dd6143a480c1ecfee9b5b5cd74eb3b59e?s=96&d=mm&r=g\",\"caption\":\"CL\"},\"url\":\"https:\\\/\\\/www.webdo.tn\\\/fr\\\/actualite\\\/author\\\/cl\\\/\"}]}<\/script>\n<!-- \/ Yoast SEO Premium plugin. -->","yoast_head_json":{"title":"Saied \u00e0 la Manouba pour suivre la cr\u00e9ation de la premi\u00e8re entreprise citoyenne pour femmes","description":"Le pr\u00e9sident de la R\u00e9publique, Kais Saied a effectu\u00e9, dimanche, une visite \u00e0 la ferme Borj Toumi (D\u00e9l\u00e9gation El Battane du gouvernorat de la Mannouba), o\u00f9 il a...","canonical":"https:\/\/www.webdo.tn\/fr\/actualite\/national\/saied-a-la-manouba-pour-suivre-la-creation-de-la-premiere-entreprise-citoyenne-pour-femmes\/207903\/","og_locale":"fr_FR","og_type":"article","og_title":"Saied \u00e0 la Manouba pour suivre la cr\u00e9ation de la premi\u00e8re entreprise citoyenne pour femmes","og_description":"Le pr\u00e9sident de la R\u00e9publique, Kais Saied a effectu\u00e9, dimanche, une visite \u00e0 la ferme Borj Toumi (D\u00e9l\u00e9gation El Battane du gouvernorat de la Mannouba), o\u00f9 il a...","og_url":"https:\/\/www.webdo.tn\/fr\/actualite\/national\/saied-a-la-manouba-pour-suivre-la-creation-de-la-premiere-entreprise-citoyenne-pour-femmes\/207903\/","og_site_name":"webdo","article_publisher":"https:\/\/www.facebook.com\/webdotn","article_published_time":"2023-08-14T08:40:00+00:00","article_modified_time":"2025-05-20T22:41:44+00:00","og_image":[{"width":750,"height":400,"url":"https:\/\/www.webdo.tn\/fr\/wp-content\/uploads\/2023\/08\/cdcee8d52d889371eaa8838e1e7677d3.jpg","type":"image\/jpeg"}],"author":"CL","twitter_card":"summary_large_image","twitter_creator":"@webdo_tn","twitter_site":"@webdo_tn","twitter_misc":{"\u00c9crit par":"CL","Dur\u00e9e de lecture estim\u00e9e":"1 minute"},"schema":{"@context":"https:\/\/schema.org","@graph":[{"@type":"NewsArticle","@id":"https:\/\/www.webdo.tn\/fr\/actualite\/national\/saied-a-la-manouba-pour-suivre-la-creation-de-la-premiere-entreprise-citoyenne-pour-femmes\/207903\/#article","isPartOf":{"@id":"https:\/\/www.webdo.tn\/fr\/actualite\/national\/saied-a-la-manouba-pour-suivre-la-creation-de-la-premiere-entreprise-citoyenne-pour-femmes\/207903\/"},"author":{"name":"CL","@id":"https:\/\/www.webdo.tn\/fr\/#\/schema\/person\/f35b42a42c5e2511bbd282959d6385cc"},"headline":"Saied \u00e0 la Manouba pour suivre la cr\u00e9ation de la premi\u00e8re entreprise citoyenne pour femmes","datePublished":"2023-08-14T08:40:00+00:00","dateModified":"2025-05-20T22:41:44+00:00","mainEntityOfPage":{"@id":"https:\/\/www.webdo.tn\/fr\/actualite\/national\/saied-a-la-manouba-pour-suivre-la-creation-de-la-premiere-entreprise-citoyenne-pour-femmes\/207903\/"},"wordCount":279,"commentCount":0,"publisher":{"@id":"https:\/\/www.webdo.tn\/fr\/#organization"},"image":{"@id":"https:\/\/www.webdo.tn\/fr\/actualite\/national\/saied-a-la-manouba-pour-suivre-la-creation-de-la-premiere-entreprise-citoyenne-pour-femmes\/207903\/#primaryimage"},"thumbnailUrl":"https:\/\/www.webdo.tn\/fr\/wp-content\/uploads\/2023\/08\/cdcee8d52d889371eaa8838e1e7677d3.jpg","keywords":["entreprise citoyenne","Manouba","Tunisie"],"articleSection":["National"],"inLanguage":"fr-FR"},{"@type":"WebPage","@id":"https:\/\/www.webdo.tn\/fr\/actualite\/national\/saied-a-la-manouba-pour-suivre-la-creation-de-la-premiere-entreprise-citoyenne-pour-femmes\/207903\/","url":"https:\/\/www.webdo.tn\/fr\/actualite\/national\/saied-a-la-manouba-pour-suivre-la-creation-de-la-premiere-entreprise-citoyenne-pour-femmes\/207903\/","name":"Saied \u00e0 la Manouba pour suivre la cr\u00e9ation de la premi\u00e8re entreprise citoyenne pour femmes","isPartOf":{"@id":"https:\/\/www.webdo.tn\/fr\/#website"},"primaryImageOfPage":{"@id":"https:\/\/www.webdo.tn\/fr\/actualite\/national\/saied-a-la-manouba-pour-suivre-la-creation-de-la-premiere-entreprise-citoyenne-pour-femmes\/207903\/#primaryimage"},"image":{"@id":"https:\/\/www.webdo.tn\/fr\/actualite\/national\/saied-a-la-manouba-pour-suivre-la-creation-de-la-premiere-entreprise-citoyenne-pour-femmes\/207903\/#primaryimage"},"thumbnailUrl":"https:\/\/www.webdo.tn\/fr\/wp-content\/uploads\/2023\/08\/cdcee8d52d889371eaa8838e1e7677d3.jpg","datePublished":"2023-08-14T08:40:00+00:00","dateModified":"2025-05-20T22:41:44+00:00","description":"Le pr\u00e9sident de la R\u00e9publique, Kais Saied a effectu\u00e9, dimanche, une visite \u00e0 la ferme Borj Toumi (D\u00e9l\u00e9gation El Battane du gouvernorat de la Mannouba), o\u00f9 il a...","breadcrumb":{"@id":"https:\/\/www.webdo.tn\/fr\/actualite\/national\/saied-a-la-manouba-pour-suivre-la-creation-de-la-premiere-entreprise-citoyenne-pour-femmes\/207903\/#breadcrumb"},"inLanguage":"fr-FR","potentialAction":[{"@type":"ReadAction","target":["https:\/\/www.webdo.tn\/fr\/actualite\/national\/saied-a-la-manouba-pour-suivre-la-creation-de-la-premiere-entreprise-citoyenne-pour-femmes\/207903\/"]}]},{"@type":"ImageObject","inLanguage":"fr-FR","@id":"https:\/\/www.webdo.tn\/fr\/actualite\/national\/saied-a-la-manouba-pour-suivre-la-creation-de-la-premiere-entreprise-citoyenne-pour-femmes\/207903\/#primaryimage","url":"https:\/\/www.webdo.tn\/fr\/wp-content\/uploads\/2023\/08\/cdcee8d52d889371eaa8838e1e7677d3.jpg","contentUrl":"https:\/\/www.webdo.tn\/fr\/wp-content\/uploads\/2023\/08\/cdcee8d52d889371eaa8838e1e7677d3.jpg","width":750,"height":400,"caption":"Saied \u00e0 la Manouba pour suivre la cr\u00e9ation de la premi\u00e8re entreprise citoyenne pour femmes"},{"@type":"BreadcrumbList","@id":"https:\/\/www.webdo.tn\/fr\/actualite\/national\/saied-a-la-manouba-pour-suivre-la-creation-de-la-premiere-entreprise-citoyenne-pour-femmes\/207903\/#breadcrumb","itemListElement":[{"@type":"ListItem","position":1,"name":"Accueil","item":"https:\/\/www.webdo.tn\/fr\/"},{"@type":"ListItem","position":2,"name":"Saied \u00e0 la Manouba pour suivre la cr\u00e9ation de la premi\u00e8re entreprise citoyenne pour femmes"}]},{"@type":"WebSite","@id":"https:\/\/www.webdo.tn\/fr\/#website","url":"https:\/\/www.webdo.tn\/fr\/","name":"webdo","description":"Tunisie - News en Tunisie et \u00e0 l&#039;international sur Webdo.tn","publisher":{"@id":"https:\/\/www.webdo.tn\/fr\/#organization"},"potentialAction":[{"@type":"SearchAction","target":{"@type":"EntryPoint","urlTemplate":"https:\/\/www.webdo.tn\/fr\/?s={search_term_string}"},"query-input":{"@type":"PropertyValueSpecification","valueRequired":true,"valueName":"search_term_string"}}],"inLanguage":"fr-FR"},{"@type":"Organization","@id":"https:\/\/www.webdo.tn\/fr\/#organization","name":"Webdo","alternateName":"Webdo.tn","url":"https:\/\/www.webdo.tn\/fr\/","logo":{"@type":"ImageObject","inLanguage":"fr-FR","@id":"https:\/\/www.webdo.tn\/fr\/#\/schema\/logo\/image\/","url":"https:\/\/www.webdo.tn\/fr\/wp-content\/uploads\/2025\/06\/Webdo-Tunisie_168377.jpg","contentUrl":"https:\/\/www.webdo.tn\/fr\/wp-content\/uploads\/2025\/06\/Webdo-Tunisie_168377.jpg","width":301,"height":301,"caption":"Webdo"},"image":{"@id":"https:\/\/www.webdo.tn\/fr\/#\/schema\/logo\/image\/"},"sameAs":["https:\/\/www.facebook.com\/webdotn","https:\/\/x.com\/webdo_tn"],"description":"Webdo est un m\u00e9dia num\u00e9rique tunisien fond\u00e9 en 2010, sp\u00e9cialis\u00e9 dans l\u2019actualit\u00e9 nationale et internationale, l\u2019\u00e9conomie, la soci\u00e9t\u00e9 et les analyses politiques. Le site s\u2019adresse \u00e0 un large public francophone et couvre l\u2019information tunisienne en temps r\u00e9el.","email":"redac@webdo.tn","legalName":"YNJ SARL","foundingDate":"2010-09-06","numberOfEmployees":{"@type":"QuantitativeValue","minValue":"11","maxValue":"50"}},{"@type":"Person","@id":"https:\/\/www.webdo.tn\/fr\/#\/schema\/person\/f35b42a42c5e2511bbd282959d6385cc","name":"CL","image":{"@type":"ImageObject","inLanguage":"fr-FR","@id":"https:\/\/secure.gravatar.com\/avatar\/1447a49909b67aa657c488aec6512e1dd6143a480c1ecfee9b5b5cd74eb3b59e?s=96&d=mm&r=g","url":"https:\/\/secure.gravatar.com\/avatar\/1447a49909b67aa657c488aec6512e1dd6143a480c1ecfee9b5b5cd74eb3b59e?s=96&d=mm&r=g","contentUrl":"https:\/\/secure.gravatar.com\/avatar\/1447a49909b67aa657c488aec6512e1dd6143a480c1ecfee9b5b5cd74eb3b59e?s=96&d=mm&r=g","caption":"CL"},"url":"https:\/\/www.webdo.tn\/fr\/actualite\/author\/cl\/"}]}},"_links":{"self":[{"href":"https:\/\/www.webdo.tn\/fr\/wp-json\/wp\/v2\/posts\/207903","targetHints":{"allow":["GET"]}}],"collection":[{"href":"https:\/\/www.webdo.tn\/fr\/wp-json\/wp\/v2\/posts"}],"about":[{"href":"https:\/\/www.webdo.tn\/fr\/wp-json\/wp\/v2\/types\/post"}],"author":[{"embeddable":true,"href":"https:\/\/www.webdo.tn\/fr\/wp-json\/wp\/v2\/users\/3175"}],"replies":[{"embeddable":true,"href":"https:\/\/www.webdo.tn\/fr\/wp-json\/wp\/v2\/comments?post=207903"}],"version-history":[{"count":0,"href":"https:\/\/www.webdo.tn\/fr\/wp-json\/wp\/v2\/posts\/207903\/revisions"}],"wp:featuredmedia":[{"embeddable":true,"href":"https:\/\/www.webdo.tn\/fr\/wp-json\/wp\/v2\/media\/249557"}],"wp:attachment":[{"href":"https:\/\/www.webdo.tn\/fr\/wp-json\/wp\/v2\/media?parent=207903"}],"wp:term":[{"taxonomy":"category","embeddable":true,"href":"https:\/\/www.webdo.tn\/fr\/wp-json\/wp\/v2\/categories?post=207903"},{"taxonomy":"post_tag","embeddable":true,"href":"https:\/\/www.webdo.tn\/fr\/wp-json\/wp\/v2\/tags?post=207903"}],"curies":[{"name":"wp","href":"https:\/\/api.w.org\/{rel}","templated":true}]}}