{"id":207898,"date":"2023-08-13T12:33:00","date_gmt":"2023-08-13T12:33:00","guid":{"rendered":"https:\/\/www.webdo.tn\/fr\/blog\/la-cnam-releve-le-plafond-annuel-des-frais-de-soins\/207898\/"},"modified":"2025-05-20T22:57:00","modified_gmt":"2025-05-20T22:57:00","slug":"la-cnam-releve-le-plafond-annuel-des-frais-de-soins","status":"publish","type":"post","link":"https:\/\/www.webdo.tn\/fr\/actualite\/national\/la-cnam-releve-le-plafond-annuel-des-frais-de-soins\/207898\/","title":{"rendered":"La CNAM rel\u00e8ve le plafond annuel des frais de soins"},"content":{"rendered":"<p>La Caisse nationale  d\u2019assurance maladie (CNAM) vient de publier un communiqu\u00e9 par lequel elle informe la prise de toute une s\u00e9rie de mesures en faveur de ses adh\u00e9rents, visant \u00e0 leur offrir une s\u00e9curit\u00e9 m\u00e9dicale ad\u00e9quate, dont le rel\u00e8vement des plafonds annuels en tenant compte de la famille \u00e9largie et m\u00eame des ascendants.<\/p>\n<p>\t\t\t\t\t\t\t\t\tAinsi, le plafond annuel des frais de soins de ses affili\u00e9s sera relev\u00e9 comme suit :<br \/>\n&#8211; Assur\u00e9 social \u00a0sans personne \u00e0 charge \u00a0(un seul b\u00e9n\u00e9ficiaire) : 300 dinars.<br \/>\n&#8211; Assur\u00e9 social avec un seul ayant droit \u00a0(deux b\u00e9n\u00e9ficiaires) : 375 dinars.<br \/>\n&#8211; Assur\u00e9 social avec deux ayants droit : 450 dinars.<br \/>\n&#8211; Assur\u00e9 social avec \u00a0trois ayants droit (quatre b\u00e9n\u00e9ficiaires) : 525 dinars.<br \/>\n&#8211; Assur\u00e9 social avec \u00a0quatre ayants droit \u00a0ou plus (cinq b\u00e9n\u00e9ficiaires ou plus) : 600 dinars.<br \/>\n&#8211; Si les ayants droit des ascendants (p\u00e8re et m\u00e8re) portant le nombre des b\u00e9n\u00e9ficiaires \u00e0 plus de cinq : la majoration est de 75 dinars pour chaque ascendant.<\/p>\n<p>D\u2019autre part, la femme assur\u00e9e socialement ou l\u2019\u00e9pouse de l\u2019assur\u00e9 social pendant la grossesse b\u00e9n\u00e9ficie d\u2019un suppl\u00e9ment de 150 dinars, a droit aux frais de soins de sant\u00e9 externes pour le suivi de la grossesse.<\/p>\n<p>Par ailleurs, sont exclus du plafond annuel de soins au profit des assur\u00e9s sociaux qui b\u00e9n\u00e9ficient du r\u00e9gime de remboursement des frais ou du r\u00e9gime de soins priv\u00e9s (m\u00e9decin de famille) les d\u00e9penses de prestations de sant\u00e9 suivantes :<\/p>\n<p>&#8211; Services de sant\u00e9 externes fournis dans le cadre du diagnostic, du traitement et du suivi des maladies graves ou chroniques (APCI).<\/p>\n<p>&#8211; Les soins de sant\u00e9 suivants, quel que soit leur lien avec les maladies lourdes ou chroniques ou le s\u00e9jour hospitalier :<\/p>\n<p>&#8211; Scanner, imagerie par r\u00e9sonance magn\u00e9tique (IRM) et examen radiographique des muscles cardiaques.<br \/>\n&#8211; Elimination des \u00a0calculs r\u00e9naux.<br \/>\n&#8211; \u00a0Soins thermaux.<br \/>\n&#8211; H\u00e9modialyse r\u00e9nale,<br \/>\n&#8211; Appareillages et proth\u00e8ses,<br \/>\n&#8211; R\u00e9\u00e9ducation fonctionnelle.<\/p>\n<p>Reste que, m\u00eame s\u2019il y a des efforts ind\u00e9niables de la part de la CNAM \u00e0 am\u00e9liorer ses services et ses prestations au profit de ses adh\u00e9rents, entre autres, le d\u00e9lai de remboursement des soins par exemple qui se trouve r\u00e9duit, les m\u00e9dicaments, notamment ceux des maladies chroniques, sont index\u00e9s sur le prix des g\u00e9n\u00e9riques qui sont beaucoup moins chers, et leur remboursement se trouve par cons\u00e9quent inf\u00e9rieur au co\u00fbt r\u00e9el.<\/p>\n<p>Sachant que, selon les m\u00e9decins traitants, ces m\u00e9dicaments g\u00e9n\u00e9riques sont moins efficaces que les m\u00e9dicaments originaux ou de r\u00e9f\u00e9rence.<\/p>\n","protected":false},"excerpt":{"rendered":"<p>La Caisse nationale  d\u2019assurance maladie (CNAM) vient de publier un communiqu\u00e9 par lequel elle informe la prise de toute une s\u00e9rie de mesures  dont le rel\u00e8vemen&#8230;<\/p>\n","protected":false},"author":3185,"featured_media":249556,"comment_status":"open","ping_status":"closed","sticky":false,"template":"","format":"standard","meta":{"footnotes":""},"categories":[44],"tags":[4588,8107,5445],"class_list":["post-207898","post","type-post","status-publish","format-standard","has-post-thumbnail","hentry","category-national","tag-cnam","tag-relevement-plafond","tag-remboursement"],"yoast_head":"<!-- This site is optimized with the Yoast SEO Premium plugin v27.4 (Yoast SEO v27.5) - https:\/\/yoast.com\/product\/yoast-seo-premium-wordpress\/ -->\n<title>La CNAM rel\u00e8ve le plafond annuel des frais de soins<\/title>\n<meta name=\"description\" content=\"La Caisse nationale d\u2019assurance maladie (CNAM) vient de publier un communiqu\u00e9 par lequel elle informe la prise de toute une s\u00e9rie de mesures dont le rel\u00e8vemen...\" \/>\n<link rel=\"canonical\" href=\"https:\/\/www.webdo.tn\/fr\/actualite\/national\/la-cnam-releve-le-plafond-annuel-des-frais-de-soins\/207898\/\" \/>\n<meta property=\"og:locale\" content=\"fr_FR\" \/>\n<meta property=\"og:type\" content=\"article\" \/>\n<meta property=\"og:title\" content=\"La CNAM rel\u00e8ve le plafond annuel des frais de soins\" \/>\n<meta property=\"og:description\" content=\"La Caisse nationale d\u2019assurance maladie (CNAM) vient de publier un communiqu\u00e9 par lequel elle informe la prise de toute une s\u00e9rie de mesures dont le rel\u00e8vemen...\" \/>\n<meta property=\"og:url\" content=\"https:\/\/www.webdo.tn\/fr\/actualite\/national\/la-cnam-releve-le-plafond-annuel-des-frais-de-soins\/207898\/\" \/>\n<meta property=\"og:site_name\" content=\"webdo\" \/>\n<meta property=\"article:publisher\" content=\"https:\/\/www.facebook.com\/webdotn\" \/>\n<meta property=\"article:published_time\" content=\"2023-08-13T12:33:00+00:00\" \/>\n<meta property=\"article:modified_time\" content=\"2025-05-20T22:57:00+00:00\" \/>\n<meta property=\"og:image\" content=\"https:\/\/www.webdo.tn\/fr\/wp-content\/uploads\/2023\/08\/96776e378cfa07640c9991d2cc53c0d4.jpg\" \/>\n\t<meta property=\"og:image:width\" content=\"626\" \/>\n\t<meta property=\"og:image:height\" content=\"334\" \/>\n\t<meta property=\"og:image:type\" content=\"image\/jpeg\" \/>\n<meta name=\"author\" content=\"WDA\" \/>\n<meta name=\"twitter:card\" content=\"summary_large_image\" \/>\n<meta name=\"twitter:creator\" content=\"@webdo_tn\" \/>\n<meta name=\"twitter:site\" content=\"@webdo_tn\" \/>\n<meta name=\"twitter:label1\" content=\"\u00c9crit par\" \/>\n\t<meta name=\"twitter:data1\" content=\"WDA\" \/>\n\t<meta name=\"twitter:label2\" content=\"Dur\u00e9e de lecture estim\u00e9e\" \/>\n\t<meta name=\"twitter:data2\" content=\"2 minutes\" \/>\n<script type=\"application\/ld+json\" class=\"yoast-schema-graph\">{\"@context\":\"https:\\\/\\\/schema.org\",\"@graph\":[{\"@type\":\"NewsArticle\",\"@id\":\"https:\\\/\\\/www.webdo.tn\\\/fr\\\/actualite\\\/national\\\/la-cnam-releve-le-plafond-annuel-des-frais-de-soins\\\/207898\\\/#article\",\"isPartOf\":{\"@id\":\"https:\\\/\\\/www.webdo.tn\\\/fr\\\/actualite\\\/national\\\/la-cnam-releve-le-plafond-annuel-des-frais-de-soins\\\/207898\\\/\"},\"author\":{\"name\":\"WDA\",\"@id\":\"https:\\\/\\\/www.webdo.tn\\\/fr\\\/#\\\/schema\\\/person\\\/ae999f6cc68c323955dd7bb23b41f2dd\"},\"headline\":\"La CNAM rel\u00e8ve le plafond annuel des frais de soins\",\"datePublished\":\"2023-08-13T12:33:00+00:00\",\"dateModified\":\"2025-05-20T22:57:00+00:00\",\"mainEntityOfPage\":{\"@id\":\"https:\\\/\\\/www.webdo.tn\\\/fr\\\/actualite\\\/national\\\/la-cnam-releve-le-plafond-annuel-des-frais-de-soins\\\/207898\\\/\"},\"wordCount\":459,\"commentCount\":0,\"publisher\":{\"@id\":\"https:\\\/\\\/www.webdo.tn\\\/fr\\\/#organization\"},\"image\":{\"@id\":\"https:\\\/\\\/www.webdo.tn\\\/fr\\\/actualite\\\/national\\\/la-cnam-releve-le-plafond-annuel-des-frais-de-soins\\\/207898\\\/#primaryimage\"},\"thumbnailUrl\":\"https:\\\/\\\/www.webdo.tn\\\/fr\\\/wp-content\\\/uploads\\\/2023\\\/08\\\/96776e378cfa07640c9991d2cc53c0d4.jpg\",\"keywords\":[\"CNAM\",\"Rel\u00e8vement plafond\",\"remboursement\"],\"articleSection\":[\"National\"],\"inLanguage\":\"fr-FR\"},{\"@type\":\"WebPage\",\"@id\":\"https:\\\/\\\/www.webdo.tn\\\/fr\\\/actualite\\\/national\\\/la-cnam-releve-le-plafond-annuel-des-frais-de-soins\\\/207898\\\/\",\"url\":\"https:\\\/\\\/www.webdo.tn\\\/fr\\\/actualite\\\/national\\\/la-cnam-releve-le-plafond-annuel-des-frais-de-soins\\\/207898\\\/\",\"name\":\"La CNAM rel\u00e8ve le plafond annuel des frais de soins\",\"isPartOf\":{\"@id\":\"https:\\\/\\\/www.webdo.tn\\\/fr\\\/#website\"},\"primaryImageOfPage\":{\"@id\":\"https:\\\/\\\/www.webdo.tn\\\/fr\\\/actualite\\\/national\\\/la-cnam-releve-le-plafond-annuel-des-frais-de-soins\\\/207898\\\/#primaryimage\"},\"image\":{\"@id\":\"https:\\\/\\\/www.webdo.tn\\\/fr\\\/actualite\\\/national\\\/la-cnam-releve-le-plafond-annuel-des-frais-de-soins\\\/207898\\\/#primaryimage\"},\"thumbnailUrl\":\"https:\\\/\\\/www.webdo.tn\\\/fr\\\/wp-content\\\/uploads\\\/2023\\\/08\\\/96776e378cfa07640c9991d2cc53c0d4.jpg\",\"datePublished\":\"2023-08-13T12:33:00+00:00\",\"dateModified\":\"2025-05-20T22:57:00+00:00\",\"description\":\"La Caisse nationale d\u2019assurance maladie (CNAM) vient de publier un communiqu\u00e9 par lequel elle informe la prise de toute une s\u00e9rie de mesures dont le rel\u00e8vemen...\",\"breadcrumb\":{\"@id\":\"https:\\\/\\\/www.webdo.tn\\\/fr\\\/actualite\\\/national\\\/la-cnam-releve-le-plafond-annuel-des-frais-de-soins\\\/207898\\\/#breadcrumb\"},\"inLanguage\":\"fr-FR\",\"potentialAction\":[{\"@type\":\"ReadAction\",\"target\":[\"https:\\\/\\\/www.webdo.tn\\\/fr\\\/actualite\\\/national\\\/la-cnam-releve-le-plafond-annuel-des-frais-de-soins\\\/207898\\\/\"]}]},{\"@type\":\"ImageObject\",\"inLanguage\":\"fr-FR\",\"@id\":\"https:\\\/\\\/www.webdo.tn\\\/fr\\\/actualite\\\/national\\\/la-cnam-releve-le-plafond-annuel-des-frais-de-soins\\\/207898\\\/#primaryimage\",\"url\":\"https:\\\/\\\/www.webdo.tn\\\/fr\\\/wp-content\\\/uploads\\\/2023\\\/08\\\/96776e378cfa07640c9991d2cc53c0d4.jpg\",\"contentUrl\":\"https:\\\/\\\/www.webdo.tn\\\/fr\\\/wp-content\\\/uploads\\\/2023\\\/08\\\/96776e378cfa07640c9991d2cc53c0d4.jpg\",\"width\":626,\"height\":334,\"caption\":\"La CNAM rel\u00e8ve le plafond annuel des frais de soins\"},{\"@type\":\"BreadcrumbList\",\"@id\":\"https:\\\/\\\/www.webdo.tn\\\/fr\\\/actualite\\\/national\\\/la-cnam-releve-le-plafond-annuel-des-frais-de-soins\\\/207898\\\/#breadcrumb\",\"itemListElement\":[{\"@type\":\"ListItem\",\"position\":1,\"name\":\"Accueil\",\"item\":\"https:\\\/\\\/www.webdo.tn\\\/fr\\\/\"},{\"@type\":\"ListItem\",\"position\":2,\"name\":\"La CNAM rel\u00e8ve le plafond annuel des frais de soins\"}]},{\"@type\":\"WebSite\",\"@id\":\"https:\\\/\\\/www.webdo.tn\\\/fr\\\/#website\",\"url\":\"https:\\\/\\\/www.webdo.tn\\\/fr\\\/\",\"name\":\"webdo\",\"description\":\"Tunisie - News en Tunisie et \u00e0 l&#039;international sur Webdo.tn\",\"publisher\":{\"@id\":\"https:\\\/\\\/www.webdo.tn\\\/fr\\\/#organization\"},\"potentialAction\":[{\"@type\":\"SearchAction\",\"target\":{\"@type\":\"EntryPoint\",\"urlTemplate\":\"https:\\\/\\\/www.webdo.tn\\\/fr\\\/?s={search_term_string}\"},\"query-input\":{\"@type\":\"PropertyValueSpecification\",\"valueRequired\":true,\"valueName\":\"search_term_string\"}}],\"inLanguage\":\"fr-FR\"},{\"@type\":\"Organization\",\"@id\":\"https:\\\/\\\/www.webdo.tn\\\/fr\\\/#organization\",\"name\":\"Webdo\",\"alternateName\":\"Webdo.tn\",\"url\":\"https:\\\/\\\/www.webdo.tn\\\/fr\\\/\",\"logo\":{\"@type\":\"ImageObject\",\"inLanguage\":\"fr-FR\",\"@id\":\"https:\\\/\\\/www.webdo.tn\\\/fr\\\/#\\\/schema\\\/logo\\\/image\\\/\",\"url\":\"https:\\\/\\\/www.webdo.tn\\\/fr\\\/wp-content\\\/uploads\\\/2025\\\/06\\\/Webdo-Tunisie_168377.jpg\",\"contentUrl\":\"https:\\\/\\\/www.webdo.tn\\\/fr\\\/wp-content\\\/uploads\\\/2025\\\/06\\\/Webdo-Tunisie_168377.jpg\",\"width\":301,\"height\":301,\"caption\":\"Webdo\"},\"image\":{\"@id\":\"https:\\\/\\\/www.webdo.tn\\\/fr\\\/#\\\/schema\\\/logo\\\/image\\\/\"},\"sameAs\":[\"https:\\\/\\\/www.facebook.com\\\/webdotn\",\"https:\\\/\\\/x.com\\\/webdo_tn\"],\"description\":\"Webdo est un m\u00e9dia num\u00e9rique tunisien fond\u00e9 en 2010, sp\u00e9cialis\u00e9 dans l\u2019actualit\u00e9 nationale et internationale, l\u2019\u00e9conomie, la soci\u00e9t\u00e9 et les analyses politiques. Le site s\u2019adresse \u00e0 un large public francophone et couvre l\u2019information tunisienne en temps r\u00e9el.\",\"email\":\"redac@webdo.tn\",\"legalName\":\"YNJ SARL\",\"foundingDate\":\"2010-09-06\",\"numberOfEmployees\":{\"@type\":\"QuantitativeValue\",\"minValue\":\"11\",\"maxValue\":\"50\"}},{\"@type\":\"Person\",\"@id\":\"https:\\\/\\\/www.webdo.tn\\\/fr\\\/#\\\/schema\\\/person\\\/ae999f6cc68c323955dd7bb23b41f2dd\",\"name\":\"WDA\",\"image\":{\"@type\":\"ImageObject\",\"inLanguage\":\"fr-FR\",\"@id\":\"https:\\\/\\\/secure.gravatar.com\\\/avatar\\\/008e9c4da3bbf467e76fbd05ea8a140d6f047be3ff32b495e3a42ecd99d95622?s=96&d=mm&r=g\",\"url\":\"https:\\\/\\\/secure.gravatar.com\\\/avatar\\\/008e9c4da3bbf467e76fbd05ea8a140d6f047be3ff32b495e3a42ecd99d95622?s=96&d=mm&r=g\",\"contentUrl\":\"https:\\\/\\\/secure.gravatar.com\\\/avatar\\\/008e9c4da3bbf467e76fbd05ea8a140d6f047be3ff32b495e3a42ecd99d95622?s=96&d=mm&r=g\",\"caption\":\"WDA\"},\"url\":\"https:\\\/\\\/www.webdo.tn\\\/fr\\\/actualite\\\/author\\\/wda\\\/\"}]}<\/script>\n<!-- \/ Yoast SEO Premium plugin. -->","yoast_head_json":{"title":"La CNAM rel\u00e8ve le plafond annuel des frais de soins","description":"La Caisse nationale d\u2019assurance maladie (CNAM) vient de publier un communiqu\u00e9 par lequel elle informe la prise de toute une s\u00e9rie de mesures dont le rel\u00e8vemen...","canonical":"https:\/\/www.webdo.tn\/fr\/actualite\/national\/la-cnam-releve-le-plafond-annuel-des-frais-de-soins\/207898\/","og_locale":"fr_FR","og_type":"article","og_title":"La CNAM rel\u00e8ve le plafond annuel des frais de soins","og_description":"La Caisse nationale d\u2019assurance maladie (CNAM) vient de publier un communiqu\u00e9 par lequel elle informe la prise de toute une s\u00e9rie de mesures dont le rel\u00e8vemen...","og_url":"https:\/\/www.webdo.tn\/fr\/actualite\/national\/la-cnam-releve-le-plafond-annuel-des-frais-de-soins\/207898\/","og_site_name":"webdo","article_publisher":"https:\/\/www.facebook.com\/webdotn","article_published_time":"2023-08-13T12:33:00+00:00","article_modified_time":"2025-05-20T22:57:00+00:00","og_image":[{"width":626,"height":334,"url":"https:\/\/www.webdo.tn\/fr\/wp-content\/uploads\/2023\/08\/96776e378cfa07640c9991d2cc53c0d4.jpg","type":"image\/jpeg"}],"author":"WDA","twitter_card":"summary_large_image","twitter_creator":"@webdo_tn","twitter_site":"@webdo_tn","twitter_misc":{"\u00c9crit par":"WDA","Dur\u00e9e de lecture estim\u00e9e":"2 minutes"},"schema":{"@context":"https:\/\/schema.org","@graph":[{"@type":"NewsArticle","@id":"https:\/\/www.webdo.tn\/fr\/actualite\/national\/la-cnam-releve-le-plafond-annuel-des-frais-de-soins\/207898\/#article","isPartOf":{"@id":"https:\/\/www.webdo.tn\/fr\/actualite\/national\/la-cnam-releve-le-plafond-annuel-des-frais-de-soins\/207898\/"},"author":{"name":"WDA","@id":"https:\/\/www.webdo.tn\/fr\/#\/schema\/person\/ae999f6cc68c323955dd7bb23b41f2dd"},"headline":"La CNAM rel\u00e8ve le plafond annuel des frais de soins","datePublished":"2023-08-13T12:33:00+00:00","dateModified":"2025-05-20T22:57:00+00:00","mainEntityOfPage":{"@id":"https:\/\/www.webdo.tn\/fr\/actualite\/national\/la-cnam-releve-le-plafond-annuel-des-frais-de-soins\/207898\/"},"wordCount":459,"commentCount":0,"publisher":{"@id":"https:\/\/www.webdo.tn\/fr\/#organization"},"image":{"@id":"https:\/\/www.webdo.tn\/fr\/actualite\/national\/la-cnam-releve-le-plafond-annuel-des-frais-de-soins\/207898\/#primaryimage"},"thumbnailUrl":"https:\/\/www.webdo.tn\/fr\/wp-content\/uploads\/2023\/08\/96776e378cfa07640c9991d2cc53c0d4.jpg","keywords":["CNAM","Rel\u00e8vement plafond","remboursement"],"articleSection":["National"],"inLanguage":"fr-FR"},{"@type":"WebPage","@id":"https:\/\/www.webdo.tn\/fr\/actualite\/national\/la-cnam-releve-le-plafond-annuel-des-frais-de-soins\/207898\/","url":"https:\/\/www.webdo.tn\/fr\/actualite\/national\/la-cnam-releve-le-plafond-annuel-des-frais-de-soins\/207898\/","name":"La CNAM rel\u00e8ve le plafond annuel des frais de soins","isPartOf":{"@id":"https:\/\/www.webdo.tn\/fr\/#website"},"primaryImageOfPage":{"@id":"https:\/\/www.webdo.tn\/fr\/actualite\/national\/la-cnam-releve-le-plafond-annuel-des-frais-de-soins\/207898\/#primaryimage"},"image":{"@id":"https:\/\/www.webdo.tn\/fr\/actualite\/national\/la-cnam-releve-le-plafond-annuel-des-frais-de-soins\/207898\/#primaryimage"},"thumbnailUrl":"https:\/\/www.webdo.tn\/fr\/wp-content\/uploads\/2023\/08\/96776e378cfa07640c9991d2cc53c0d4.jpg","datePublished":"2023-08-13T12:33:00+00:00","dateModified":"2025-05-20T22:57:00+00:00","description":"La Caisse nationale d\u2019assurance maladie (CNAM) vient de publier un communiqu\u00e9 par lequel elle informe la prise de toute une s\u00e9rie de mesures dont le rel\u00e8vemen...","breadcrumb":{"@id":"https:\/\/www.webdo.tn\/fr\/actualite\/national\/la-cnam-releve-le-plafond-annuel-des-frais-de-soins\/207898\/#breadcrumb"},"inLanguage":"fr-FR","potentialAction":[{"@type":"ReadAction","target":["https:\/\/www.webdo.tn\/fr\/actualite\/national\/la-cnam-releve-le-plafond-annuel-des-frais-de-soins\/207898\/"]}]},{"@type":"ImageObject","inLanguage":"fr-FR","@id":"https:\/\/www.webdo.tn\/fr\/actualite\/national\/la-cnam-releve-le-plafond-annuel-des-frais-de-soins\/207898\/#primaryimage","url":"https:\/\/www.webdo.tn\/fr\/wp-content\/uploads\/2023\/08\/96776e378cfa07640c9991d2cc53c0d4.jpg","contentUrl":"https:\/\/www.webdo.tn\/fr\/wp-content\/uploads\/2023\/08\/96776e378cfa07640c9991d2cc53c0d4.jpg","width":626,"height":334,"caption":"La CNAM rel\u00e8ve le plafond annuel des frais de soins"},{"@type":"BreadcrumbList","@id":"https:\/\/www.webdo.tn\/fr\/actualite\/national\/la-cnam-releve-le-plafond-annuel-des-frais-de-soins\/207898\/#breadcrumb","itemListElement":[{"@type":"ListItem","position":1,"name":"Accueil","item":"https:\/\/www.webdo.tn\/fr\/"},{"@type":"ListItem","position":2,"name":"La CNAM rel\u00e8ve le plafond annuel des frais de soins"}]},{"@type":"WebSite","@id":"https:\/\/www.webdo.tn\/fr\/#website","url":"https:\/\/www.webdo.tn\/fr\/","name":"webdo","description":"Tunisie - News en Tunisie et \u00e0 l&#039;international sur Webdo.tn","publisher":{"@id":"https:\/\/www.webdo.tn\/fr\/#organization"},"potentialAction":[{"@type":"SearchAction","target":{"@type":"EntryPoint","urlTemplate":"https:\/\/www.webdo.tn\/fr\/?s={search_term_string}"},"query-input":{"@type":"PropertyValueSpecification","valueRequired":true,"valueName":"search_term_string"}}],"inLanguage":"fr-FR"},{"@type":"Organization","@id":"https:\/\/www.webdo.tn\/fr\/#organization","name":"Webdo","alternateName":"Webdo.tn","url":"https:\/\/www.webdo.tn\/fr\/","logo":{"@type":"ImageObject","inLanguage":"fr-FR","@id":"https:\/\/www.webdo.tn\/fr\/#\/schema\/logo\/image\/","url":"https:\/\/www.webdo.tn\/fr\/wp-content\/uploads\/2025\/06\/Webdo-Tunisie_168377.jpg","contentUrl":"https:\/\/www.webdo.tn\/fr\/wp-content\/uploads\/2025\/06\/Webdo-Tunisie_168377.jpg","width":301,"height":301,"caption":"Webdo"},"image":{"@id":"https:\/\/www.webdo.tn\/fr\/#\/schema\/logo\/image\/"},"sameAs":["https:\/\/www.facebook.com\/webdotn","https:\/\/x.com\/webdo_tn"],"description":"Webdo est un m\u00e9dia num\u00e9rique tunisien fond\u00e9 en 2010, sp\u00e9cialis\u00e9 dans l\u2019actualit\u00e9 nationale et internationale, l\u2019\u00e9conomie, la soci\u00e9t\u00e9 et les analyses politiques. Le site s\u2019adresse \u00e0 un large public francophone et couvre l\u2019information tunisienne en temps r\u00e9el.","email":"redac@webdo.tn","legalName":"YNJ SARL","foundingDate":"2010-09-06","numberOfEmployees":{"@type":"QuantitativeValue","minValue":"11","maxValue":"50"}},{"@type":"Person","@id":"https:\/\/www.webdo.tn\/fr\/#\/schema\/person\/ae999f6cc68c323955dd7bb23b41f2dd","name":"WDA","image":{"@type":"ImageObject","inLanguage":"fr-FR","@id":"https:\/\/secure.gravatar.com\/avatar\/008e9c4da3bbf467e76fbd05ea8a140d6f047be3ff32b495e3a42ecd99d95622?s=96&d=mm&r=g","url":"https:\/\/secure.gravatar.com\/avatar\/008e9c4da3bbf467e76fbd05ea8a140d6f047be3ff32b495e3a42ecd99d95622?s=96&d=mm&r=g","contentUrl":"https:\/\/secure.gravatar.com\/avatar\/008e9c4da3bbf467e76fbd05ea8a140d6f047be3ff32b495e3a42ecd99d95622?s=96&d=mm&r=g","caption":"WDA"},"url":"https:\/\/www.webdo.tn\/fr\/actualite\/author\/wda\/"}]}},"_links":{"self":[{"href":"https:\/\/www.webdo.tn\/fr\/wp-json\/wp\/v2\/posts\/207898","targetHints":{"allow":["GET"]}}],"collection":[{"href":"https:\/\/www.webdo.tn\/fr\/wp-json\/wp\/v2\/posts"}],"about":[{"href":"https:\/\/www.webdo.tn\/fr\/wp-json\/wp\/v2\/types\/post"}],"author":[{"embeddable":true,"href":"https:\/\/www.webdo.tn\/fr\/wp-json\/wp\/v2\/users\/3185"}],"replies":[{"embeddable":true,"href":"https:\/\/www.webdo.tn\/fr\/wp-json\/wp\/v2\/comments?post=207898"}],"version-history":[{"count":0,"href":"https:\/\/www.webdo.tn\/fr\/wp-json\/wp\/v2\/posts\/207898\/revisions"}],"wp:featuredmedia":[{"embeddable":true,"href":"https:\/\/www.webdo.tn\/fr\/wp-json\/wp\/v2\/media\/249556"}],"wp:attachment":[{"href":"https:\/\/www.webdo.tn\/fr\/wp-json\/wp\/v2\/media?parent=207898"}],"wp:term":[{"taxonomy":"category","embeddable":true,"href":"https:\/\/www.webdo.tn\/fr\/wp-json\/wp\/v2\/categories?post=207898"},{"taxonomy":"post_tag","embeddable":true,"href":"https:\/\/www.webdo.tn\/fr\/wp-json\/wp\/v2\/tags?post=207898"}],"curies":[{"name":"wp","href":"https:\/\/api.w.org\/{rel}","templated":true}]}}