{"id":207895,"date":"2023-08-13T11:52:00","date_gmt":"2023-08-13T11:52:00","guid":{"rendered":"https:\/\/www.webdo.tn\/fr\/blog\/hausse-de-115-des-migrations-irregulieres-en-mediterranee-centrale\/207895\/"},"modified":"2025-05-20T22:56:58","modified_gmt":"2025-05-20T22:56:58","slug":"hausse-de-115-des-migrations-irregulieres-en-mediterranee-centrale","status":"publish","type":"post","link":"https:\/\/www.webdo.tn\/fr\/actualite\/international\/hausse-de-115-des-migrations-irregulieres-en-mediterranee-centrale\/207895\/","title":{"rendered":"Hausse de 115% des migrations irr\u00e9guli\u00e8res en M\u00e9diterran\u00e9e centrale"},"content":{"rendered":"<p>L\u2019Agence europ\u00e9enne de garde-fronti\u00e8res et de garde-c\u00f4tes fronti\u00e8res (Frontex) a indiqu\u00e9, selon les derni\u00e8res donn\u00e9es publi\u00e9es hier samedi 12 ao\u00fbt 2023 par ses services, que le nombre d&rsquo;arriv\u00e9es par la M\u00e9diterran\u00e9e centrale a augment\u00e9 de 115 %.<\/p>\n<p>\t\t\t\t\t\t\t\t\tAinsi, depuis le d\u00e9but de cette ann\u00e9e, la moiti\u00e9 des migrants irr\u00e9guliers ont emprunt\u00e9 la route de la M\u00e9diterran\u00e9e centrale pour entrer sur le territoire des pays du bloc europ\u00e9en \u00e0 un moment o\u00f9 les op\u00e9rations d&rsquo;entr\u00e9e sur d&rsquo;autres routes migratoires ont diminu\u00e9.<\/p>\n<p>D\u2019autre part, Frontex a signal\u00e9 que les franchissements irr\u00e9guliers d\u00e9tect\u00e9s aux fronti\u00e8res de l&rsquo;UE ont augment\u00e9 de 13 % au cours des sept premiers mois de cette ann\u00e9e, le nombre d&rsquo;arriv\u00e9es atteignant 176 100, le total le plus \u00e9lev\u00e9 enregistr\u00e9 au cours des sept premiers mois depuis 2016.<\/p>\n","protected":false},"excerpt":{"rendered":"<p>L\u2019Agence europ\u00e9enne de garde-fronti\u00e8res et de garde-c\u00f4tes fronti\u00e8res (Frontex) a indiqu\u00e9 que le nombre d&rsquo;arriv\u00e9es par la M\u00e9diterran\u00e9e centrale a augment\u00e9 de 115&#8230;<\/p>\n","protected":false},"author":3185,"featured_media":249552,"comment_status":"open","ping_status":"closed","sticky":false,"template":"","format":"standard","meta":{"footnotes":""},"categories":[2598],"tags":[4682,8102,3675],"class_list":["post-207895","post","type-post","status-publish","format-standard","has-post-thumbnail","hentry","category-international","tag-augmentation","tag-europe-centrale","tag-migration-irreguliere"],"yoast_head":"<!-- This site is optimized with the Yoast SEO Premium plugin v27.4 (Yoast SEO v27.5) - https:\/\/yoast.com\/product\/yoast-seo-premium-wordpress\/ -->\n<title>Hausse de 115% des migrations irr\u00e9guli\u00e8res en M\u00e9diterran\u00e9e centrale<\/title>\n<meta name=\"description\" content=\"L\u2019Agence europ\u00e9enne de garde-fronti\u00e8res et de garde-c\u00f4tes fronti\u00e8res (Frontex) a indiqu\u00e9 que le nombre d&#039;arriv\u00e9es par la M\u00e9diterran\u00e9e centrale a augment\u00e9 de 115...\" \/>\n<link rel=\"canonical\" href=\"https:\/\/www.webdo.tn\/fr\/actualite\/international\/hausse-de-115-des-migrations-irregulieres-en-mediterranee-centrale\/207895\/\" \/>\n<meta property=\"og:locale\" content=\"fr_FR\" \/>\n<meta property=\"og:type\" content=\"article\" \/>\n<meta property=\"og:title\" content=\"Hausse de 115% des migrations irr\u00e9guli\u00e8res en M\u00e9diterran\u00e9e centrale\" \/>\n<meta property=\"og:description\" content=\"L\u2019Agence europ\u00e9enne de garde-fronti\u00e8res et de garde-c\u00f4tes fronti\u00e8res (Frontex) a indiqu\u00e9 que le nombre d&#039;arriv\u00e9es par la M\u00e9diterran\u00e9e centrale a augment\u00e9 de 115...\" \/>\n<meta property=\"og:url\" content=\"https:\/\/www.webdo.tn\/fr\/actualite\/international\/hausse-de-115-des-migrations-irregulieres-en-mediterranee-centrale\/207895\/\" \/>\n<meta property=\"og:site_name\" content=\"webdo\" \/>\n<meta property=\"article:publisher\" content=\"https:\/\/www.facebook.com\/webdotn\" \/>\n<meta property=\"article:published_time\" content=\"2023-08-13T11:52:00+00:00\" \/>\n<meta property=\"article:modified_time\" content=\"2025-05-20T22:56:58+00:00\" \/>\n<meta property=\"og:image\" content=\"https:\/\/www.webdo.tn\/fr\/wp-content\/uploads\/2023\/08\/c00f62101bb18abdd1d4566ba7c80733.jpg\" \/>\n\t<meta property=\"og:image:width\" content=\"606\" \/>\n\t<meta property=\"og:image:height\" content=\"323\" \/>\n\t<meta property=\"og:image:type\" content=\"image\/jpeg\" \/>\n<meta name=\"author\" content=\"WDA\" \/>\n<meta name=\"twitter:card\" content=\"summary_large_image\" \/>\n<meta name=\"twitter:creator\" content=\"@webdo_tn\" \/>\n<meta name=\"twitter:site\" content=\"@webdo_tn\" \/>\n<meta name=\"twitter:label1\" content=\"\u00c9crit par\" \/>\n\t<meta name=\"twitter:data1\" content=\"WDA\" \/>\n\t<meta name=\"twitter:label2\" content=\"Dur\u00e9e de lecture estim\u00e9e\" \/>\n\t<meta name=\"twitter:data2\" content=\"1 minute\" \/>\n<script type=\"application\/ld+json\" class=\"yoast-schema-graph\">{\"@context\":\"https:\\\/\\\/schema.org\",\"@graph\":[{\"@type\":\"NewsArticle\",\"@id\":\"https:\\\/\\\/www.webdo.tn\\\/fr\\\/actualite\\\/international\\\/hausse-de-115-des-migrations-irregulieres-en-mediterranee-centrale\\\/207895\\\/#article\",\"isPartOf\":{\"@id\":\"https:\\\/\\\/www.webdo.tn\\\/fr\\\/actualite\\\/international\\\/hausse-de-115-des-migrations-irregulieres-en-mediterranee-centrale\\\/207895\\\/\"},\"author\":{\"name\":\"WDA\",\"@id\":\"https:\\\/\\\/www.webdo.tn\\\/fr\\\/#\\\/schema\\\/person\\\/ae999f6cc68c323955dd7bb23b41f2dd\"},\"headline\":\"Hausse de 115% des migrations irr\u00e9guli\u00e8res en M\u00e9diterran\u00e9e centrale\",\"datePublished\":\"2023-08-13T11:52:00+00:00\",\"dateModified\":\"2025-05-20T22:56:58+00:00\",\"mainEntityOfPage\":{\"@id\":\"https:\\\/\\\/www.webdo.tn\\\/fr\\\/actualite\\\/international\\\/hausse-de-115-des-migrations-irregulieres-en-mediterranee-centrale\\\/207895\\\/\"},\"wordCount\":162,\"commentCount\":0,\"publisher\":{\"@id\":\"https:\\\/\\\/www.webdo.tn\\\/fr\\\/#organization\"},\"image\":{\"@id\":\"https:\\\/\\\/www.webdo.tn\\\/fr\\\/actualite\\\/international\\\/hausse-de-115-des-migrations-irregulieres-en-mediterranee-centrale\\\/207895\\\/#primaryimage\"},\"thumbnailUrl\":\"https:\\\/\\\/www.webdo.tn\\\/fr\\\/wp-content\\\/uploads\\\/2023\\\/08\\\/c00f62101bb18abdd1d4566ba7c80733.jpg\",\"keywords\":[\"Augmentation\",\"Europe Centrale\",\"migration irr\u00e9guli\u00e8re\"],\"articleSection\":[\"International\"],\"inLanguage\":\"fr-FR\"},{\"@type\":\"WebPage\",\"@id\":\"https:\\\/\\\/www.webdo.tn\\\/fr\\\/actualite\\\/international\\\/hausse-de-115-des-migrations-irregulieres-en-mediterranee-centrale\\\/207895\\\/\",\"url\":\"https:\\\/\\\/www.webdo.tn\\\/fr\\\/actualite\\\/international\\\/hausse-de-115-des-migrations-irregulieres-en-mediterranee-centrale\\\/207895\\\/\",\"name\":\"Hausse de 115% des migrations irr\u00e9guli\u00e8res en M\u00e9diterran\u00e9e centrale\",\"isPartOf\":{\"@id\":\"https:\\\/\\\/www.webdo.tn\\\/fr\\\/#website\"},\"primaryImageOfPage\":{\"@id\":\"https:\\\/\\\/www.webdo.tn\\\/fr\\\/actualite\\\/international\\\/hausse-de-115-des-migrations-irregulieres-en-mediterranee-centrale\\\/207895\\\/#primaryimage\"},\"image\":{\"@id\":\"https:\\\/\\\/www.webdo.tn\\\/fr\\\/actualite\\\/international\\\/hausse-de-115-des-migrations-irregulieres-en-mediterranee-centrale\\\/207895\\\/#primaryimage\"},\"thumbnailUrl\":\"https:\\\/\\\/www.webdo.tn\\\/fr\\\/wp-content\\\/uploads\\\/2023\\\/08\\\/c00f62101bb18abdd1d4566ba7c80733.jpg\",\"datePublished\":\"2023-08-13T11:52:00+00:00\",\"dateModified\":\"2025-05-20T22:56:58+00:00\",\"description\":\"L\u2019Agence europ\u00e9enne de garde-fronti\u00e8res et de garde-c\u00f4tes fronti\u00e8res (Frontex) a indiqu\u00e9 que le nombre d'arriv\u00e9es par la M\u00e9diterran\u00e9e centrale a augment\u00e9 de 115...\",\"breadcrumb\":{\"@id\":\"https:\\\/\\\/www.webdo.tn\\\/fr\\\/actualite\\\/international\\\/hausse-de-115-des-migrations-irregulieres-en-mediterranee-centrale\\\/207895\\\/#breadcrumb\"},\"inLanguage\":\"fr-FR\",\"potentialAction\":[{\"@type\":\"ReadAction\",\"target\":[\"https:\\\/\\\/www.webdo.tn\\\/fr\\\/actualite\\\/international\\\/hausse-de-115-des-migrations-irregulieres-en-mediterranee-centrale\\\/207895\\\/\"]}]},{\"@type\":\"ImageObject\",\"inLanguage\":\"fr-FR\",\"@id\":\"https:\\\/\\\/www.webdo.tn\\\/fr\\\/actualite\\\/international\\\/hausse-de-115-des-migrations-irregulieres-en-mediterranee-centrale\\\/207895\\\/#primaryimage\",\"url\":\"https:\\\/\\\/www.webdo.tn\\\/fr\\\/wp-content\\\/uploads\\\/2023\\\/08\\\/c00f62101bb18abdd1d4566ba7c80733.jpg\",\"contentUrl\":\"https:\\\/\\\/www.webdo.tn\\\/fr\\\/wp-content\\\/uploads\\\/2023\\\/08\\\/c00f62101bb18abdd1d4566ba7c80733.jpg\",\"width\":606,\"height\":323,\"caption\":\"Hausse de 115% des migrations irr\u00e9guli\u00e8res en M\u00e9diterran\u00e9e centrale\"},{\"@type\":\"BreadcrumbList\",\"@id\":\"https:\\\/\\\/www.webdo.tn\\\/fr\\\/actualite\\\/international\\\/hausse-de-115-des-migrations-irregulieres-en-mediterranee-centrale\\\/207895\\\/#breadcrumb\",\"itemListElement\":[{\"@type\":\"ListItem\",\"position\":1,\"name\":\"Accueil\",\"item\":\"https:\\\/\\\/www.webdo.tn\\\/fr\\\/\"},{\"@type\":\"ListItem\",\"position\":2,\"name\":\"Hausse de 115% des migrations irr\u00e9guli\u00e8res en M\u00e9diterran\u00e9e centrale\"}]},{\"@type\":\"WebSite\",\"@id\":\"https:\\\/\\\/www.webdo.tn\\\/fr\\\/#website\",\"url\":\"https:\\\/\\\/www.webdo.tn\\\/fr\\\/\",\"name\":\"webdo\",\"description\":\"Tunisie - News en Tunisie et \u00e0 l&#039;international sur Webdo.tn\",\"publisher\":{\"@id\":\"https:\\\/\\\/www.webdo.tn\\\/fr\\\/#organization\"},\"potentialAction\":[{\"@type\":\"SearchAction\",\"target\":{\"@type\":\"EntryPoint\",\"urlTemplate\":\"https:\\\/\\\/www.webdo.tn\\\/fr\\\/?s={search_term_string}\"},\"query-input\":{\"@type\":\"PropertyValueSpecification\",\"valueRequired\":true,\"valueName\":\"search_term_string\"}}],\"inLanguage\":\"fr-FR\"},{\"@type\":\"Organization\",\"@id\":\"https:\\\/\\\/www.webdo.tn\\\/fr\\\/#organization\",\"name\":\"Webdo\",\"alternateName\":\"Webdo.tn\",\"url\":\"https:\\\/\\\/www.webdo.tn\\\/fr\\\/\",\"logo\":{\"@type\":\"ImageObject\",\"inLanguage\":\"fr-FR\",\"@id\":\"https:\\\/\\\/www.webdo.tn\\\/fr\\\/#\\\/schema\\\/logo\\\/image\\\/\",\"url\":\"https:\\\/\\\/www.webdo.tn\\\/fr\\\/wp-content\\\/uploads\\\/2025\\\/06\\\/Webdo-Tunisie_168377.jpg\",\"contentUrl\":\"https:\\\/\\\/www.webdo.tn\\\/fr\\\/wp-content\\\/uploads\\\/2025\\\/06\\\/Webdo-Tunisie_168377.jpg\",\"width\":301,\"height\":301,\"caption\":\"Webdo\"},\"image\":{\"@id\":\"https:\\\/\\\/www.webdo.tn\\\/fr\\\/#\\\/schema\\\/logo\\\/image\\\/\"},\"sameAs\":[\"https:\\\/\\\/www.facebook.com\\\/webdotn\",\"https:\\\/\\\/x.com\\\/webdo_tn\"],\"description\":\"Webdo est un m\u00e9dia num\u00e9rique tunisien fond\u00e9 en 2010, sp\u00e9cialis\u00e9 dans l\u2019actualit\u00e9 nationale et internationale, l\u2019\u00e9conomie, la soci\u00e9t\u00e9 et les analyses politiques. Le site s\u2019adresse \u00e0 un large public francophone et couvre l\u2019information tunisienne en temps r\u00e9el.\",\"email\":\"redac@webdo.tn\",\"legalName\":\"YNJ SARL\",\"foundingDate\":\"2010-09-06\",\"numberOfEmployees\":{\"@type\":\"QuantitativeValue\",\"minValue\":\"11\",\"maxValue\":\"50\"}},{\"@type\":\"Person\",\"@id\":\"https:\\\/\\\/www.webdo.tn\\\/fr\\\/#\\\/schema\\\/person\\\/ae999f6cc68c323955dd7bb23b41f2dd\",\"name\":\"WDA\",\"image\":{\"@type\":\"ImageObject\",\"inLanguage\":\"fr-FR\",\"@id\":\"https:\\\/\\\/secure.gravatar.com\\\/avatar\\\/008e9c4da3bbf467e76fbd05ea8a140d6f047be3ff32b495e3a42ecd99d95622?s=96&d=mm&r=g\",\"url\":\"https:\\\/\\\/secure.gravatar.com\\\/avatar\\\/008e9c4da3bbf467e76fbd05ea8a140d6f047be3ff32b495e3a42ecd99d95622?s=96&d=mm&r=g\",\"contentUrl\":\"https:\\\/\\\/secure.gravatar.com\\\/avatar\\\/008e9c4da3bbf467e76fbd05ea8a140d6f047be3ff32b495e3a42ecd99d95622?s=96&d=mm&r=g\",\"caption\":\"WDA\"},\"url\":\"https:\\\/\\\/www.webdo.tn\\\/fr\\\/actualite\\\/author\\\/wda\\\/\"}]}<\/script>\n<!-- \/ Yoast SEO Premium plugin. -->","yoast_head_json":{"title":"Hausse de 115% des migrations irr\u00e9guli\u00e8res en M\u00e9diterran\u00e9e centrale","description":"L\u2019Agence europ\u00e9enne de garde-fronti\u00e8res et de garde-c\u00f4tes fronti\u00e8res (Frontex) a indiqu\u00e9 que le nombre d'arriv\u00e9es par la M\u00e9diterran\u00e9e centrale a augment\u00e9 de 115...","canonical":"https:\/\/www.webdo.tn\/fr\/actualite\/international\/hausse-de-115-des-migrations-irregulieres-en-mediterranee-centrale\/207895\/","og_locale":"fr_FR","og_type":"article","og_title":"Hausse de 115% des migrations irr\u00e9guli\u00e8res en M\u00e9diterran\u00e9e centrale","og_description":"L\u2019Agence europ\u00e9enne de garde-fronti\u00e8res et de garde-c\u00f4tes fronti\u00e8res (Frontex) a indiqu\u00e9 que le nombre d'arriv\u00e9es par la M\u00e9diterran\u00e9e centrale a augment\u00e9 de 115...","og_url":"https:\/\/www.webdo.tn\/fr\/actualite\/international\/hausse-de-115-des-migrations-irregulieres-en-mediterranee-centrale\/207895\/","og_site_name":"webdo","article_publisher":"https:\/\/www.facebook.com\/webdotn","article_published_time":"2023-08-13T11:52:00+00:00","article_modified_time":"2025-05-20T22:56:58+00:00","og_image":[{"width":606,"height":323,"url":"https:\/\/www.webdo.tn\/fr\/wp-content\/uploads\/2023\/08\/c00f62101bb18abdd1d4566ba7c80733.jpg","type":"image\/jpeg"}],"author":"WDA","twitter_card":"summary_large_image","twitter_creator":"@webdo_tn","twitter_site":"@webdo_tn","twitter_misc":{"\u00c9crit par":"WDA","Dur\u00e9e de lecture estim\u00e9e":"1 minute"},"schema":{"@context":"https:\/\/schema.org","@graph":[{"@type":"NewsArticle","@id":"https:\/\/www.webdo.tn\/fr\/actualite\/international\/hausse-de-115-des-migrations-irregulieres-en-mediterranee-centrale\/207895\/#article","isPartOf":{"@id":"https:\/\/www.webdo.tn\/fr\/actualite\/international\/hausse-de-115-des-migrations-irregulieres-en-mediterranee-centrale\/207895\/"},"author":{"name":"WDA","@id":"https:\/\/www.webdo.tn\/fr\/#\/schema\/person\/ae999f6cc68c323955dd7bb23b41f2dd"},"headline":"Hausse de 115% des migrations irr\u00e9guli\u00e8res en M\u00e9diterran\u00e9e centrale","datePublished":"2023-08-13T11:52:00+00:00","dateModified":"2025-05-20T22:56:58+00:00","mainEntityOfPage":{"@id":"https:\/\/www.webdo.tn\/fr\/actualite\/international\/hausse-de-115-des-migrations-irregulieres-en-mediterranee-centrale\/207895\/"},"wordCount":162,"commentCount":0,"publisher":{"@id":"https:\/\/www.webdo.tn\/fr\/#organization"},"image":{"@id":"https:\/\/www.webdo.tn\/fr\/actualite\/international\/hausse-de-115-des-migrations-irregulieres-en-mediterranee-centrale\/207895\/#primaryimage"},"thumbnailUrl":"https:\/\/www.webdo.tn\/fr\/wp-content\/uploads\/2023\/08\/c00f62101bb18abdd1d4566ba7c80733.jpg","keywords":["Augmentation","Europe Centrale","migration irr\u00e9guli\u00e8re"],"articleSection":["International"],"inLanguage":"fr-FR"},{"@type":"WebPage","@id":"https:\/\/www.webdo.tn\/fr\/actualite\/international\/hausse-de-115-des-migrations-irregulieres-en-mediterranee-centrale\/207895\/","url":"https:\/\/www.webdo.tn\/fr\/actualite\/international\/hausse-de-115-des-migrations-irregulieres-en-mediterranee-centrale\/207895\/","name":"Hausse de 115% des migrations irr\u00e9guli\u00e8res en M\u00e9diterran\u00e9e centrale","isPartOf":{"@id":"https:\/\/www.webdo.tn\/fr\/#website"},"primaryImageOfPage":{"@id":"https:\/\/www.webdo.tn\/fr\/actualite\/international\/hausse-de-115-des-migrations-irregulieres-en-mediterranee-centrale\/207895\/#primaryimage"},"image":{"@id":"https:\/\/www.webdo.tn\/fr\/actualite\/international\/hausse-de-115-des-migrations-irregulieres-en-mediterranee-centrale\/207895\/#primaryimage"},"thumbnailUrl":"https:\/\/www.webdo.tn\/fr\/wp-content\/uploads\/2023\/08\/c00f62101bb18abdd1d4566ba7c80733.jpg","datePublished":"2023-08-13T11:52:00+00:00","dateModified":"2025-05-20T22:56:58+00:00","description":"L\u2019Agence europ\u00e9enne de garde-fronti\u00e8res et de garde-c\u00f4tes fronti\u00e8res (Frontex) a indiqu\u00e9 que le nombre d'arriv\u00e9es par la M\u00e9diterran\u00e9e centrale a augment\u00e9 de 115...","breadcrumb":{"@id":"https:\/\/www.webdo.tn\/fr\/actualite\/international\/hausse-de-115-des-migrations-irregulieres-en-mediterranee-centrale\/207895\/#breadcrumb"},"inLanguage":"fr-FR","potentialAction":[{"@type":"ReadAction","target":["https:\/\/www.webdo.tn\/fr\/actualite\/international\/hausse-de-115-des-migrations-irregulieres-en-mediterranee-centrale\/207895\/"]}]},{"@type":"ImageObject","inLanguage":"fr-FR","@id":"https:\/\/www.webdo.tn\/fr\/actualite\/international\/hausse-de-115-des-migrations-irregulieres-en-mediterranee-centrale\/207895\/#primaryimage","url":"https:\/\/www.webdo.tn\/fr\/wp-content\/uploads\/2023\/08\/c00f62101bb18abdd1d4566ba7c80733.jpg","contentUrl":"https:\/\/www.webdo.tn\/fr\/wp-content\/uploads\/2023\/08\/c00f62101bb18abdd1d4566ba7c80733.jpg","width":606,"height":323,"caption":"Hausse de 115% des migrations irr\u00e9guli\u00e8res en M\u00e9diterran\u00e9e centrale"},{"@type":"BreadcrumbList","@id":"https:\/\/www.webdo.tn\/fr\/actualite\/international\/hausse-de-115-des-migrations-irregulieres-en-mediterranee-centrale\/207895\/#breadcrumb","itemListElement":[{"@type":"ListItem","position":1,"name":"Accueil","item":"https:\/\/www.webdo.tn\/fr\/"},{"@type":"ListItem","position":2,"name":"Hausse de 115% des migrations irr\u00e9guli\u00e8res en M\u00e9diterran\u00e9e centrale"}]},{"@type":"WebSite","@id":"https:\/\/www.webdo.tn\/fr\/#website","url":"https:\/\/www.webdo.tn\/fr\/","name":"webdo","description":"Tunisie - News en Tunisie et \u00e0 l&#039;international sur Webdo.tn","publisher":{"@id":"https:\/\/www.webdo.tn\/fr\/#organization"},"potentialAction":[{"@type":"SearchAction","target":{"@type":"EntryPoint","urlTemplate":"https:\/\/www.webdo.tn\/fr\/?s={search_term_string}"},"query-input":{"@type":"PropertyValueSpecification","valueRequired":true,"valueName":"search_term_string"}}],"inLanguage":"fr-FR"},{"@type":"Organization","@id":"https:\/\/www.webdo.tn\/fr\/#organization","name":"Webdo","alternateName":"Webdo.tn","url":"https:\/\/www.webdo.tn\/fr\/","logo":{"@type":"ImageObject","inLanguage":"fr-FR","@id":"https:\/\/www.webdo.tn\/fr\/#\/schema\/logo\/image\/","url":"https:\/\/www.webdo.tn\/fr\/wp-content\/uploads\/2025\/06\/Webdo-Tunisie_168377.jpg","contentUrl":"https:\/\/www.webdo.tn\/fr\/wp-content\/uploads\/2025\/06\/Webdo-Tunisie_168377.jpg","width":301,"height":301,"caption":"Webdo"},"image":{"@id":"https:\/\/www.webdo.tn\/fr\/#\/schema\/logo\/image\/"},"sameAs":["https:\/\/www.facebook.com\/webdotn","https:\/\/x.com\/webdo_tn"],"description":"Webdo est un m\u00e9dia num\u00e9rique tunisien fond\u00e9 en 2010, sp\u00e9cialis\u00e9 dans l\u2019actualit\u00e9 nationale et internationale, l\u2019\u00e9conomie, la soci\u00e9t\u00e9 et les analyses politiques. Le site s\u2019adresse \u00e0 un large public francophone et couvre l\u2019information tunisienne en temps r\u00e9el.","email":"redac@webdo.tn","legalName":"YNJ SARL","foundingDate":"2010-09-06","numberOfEmployees":{"@type":"QuantitativeValue","minValue":"11","maxValue":"50"}},{"@type":"Person","@id":"https:\/\/www.webdo.tn\/fr\/#\/schema\/person\/ae999f6cc68c323955dd7bb23b41f2dd","name":"WDA","image":{"@type":"ImageObject","inLanguage":"fr-FR","@id":"https:\/\/secure.gravatar.com\/avatar\/008e9c4da3bbf467e76fbd05ea8a140d6f047be3ff32b495e3a42ecd99d95622?s=96&d=mm&r=g","url":"https:\/\/secure.gravatar.com\/avatar\/008e9c4da3bbf467e76fbd05ea8a140d6f047be3ff32b495e3a42ecd99d95622?s=96&d=mm&r=g","contentUrl":"https:\/\/secure.gravatar.com\/avatar\/008e9c4da3bbf467e76fbd05ea8a140d6f047be3ff32b495e3a42ecd99d95622?s=96&d=mm&r=g","caption":"WDA"},"url":"https:\/\/www.webdo.tn\/fr\/actualite\/author\/wda\/"}]}},"_links":{"self":[{"href":"https:\/\/www.webdo.tn\/fr\/wp-json\/wp\/v2\/posts\/207895","targetHints":{"allow":["GET"]}}],"collection":[{"href":"https:\/\/www.webdo.tn\/fr\/wp-json\/wp\/v2\/posts"}],"about":[{"href":"https:\/\/www.webdo.tn\/fr\/wp-json\/wp\/v2\/types\/post"}],"author":[{"embeddable":true,"href":"https:\/\/www.webdo.tn\/fr\/wp-json\/wp\/v2\/users\/3185"}],"replies":[{"embeddable":true,"href":"https:\/\/www.webdo.tn\/fr\/wp-json\/wp\/v2\/comments?post=207895"}],"version-history":[{"count":0,"href":"https:\/\/www.webdo.tn\/fr\/wp-json\/wp\/v2\/posts\/207895\/revisions"}],"wp:featuredmedia":[{"embeddable":true,"href":"https:\/\/www.webdo.tn\/fr\/wp-json\/wp\/v2\/media\/249552"}],"wp:attachment":[{"href":"https:\/\/www.webdo.tn\/fr\/wp-json\/wp\/v2\/media?parent=207895"}],"wp:term":[{"taxonomy":"category","embeddable":true,"href":"https:\/\/www.webdo.tn\/fr\/wp-json\/wp\/v2\/categories?post=207895"},{"taxonomy":"post_tag","embeddable":true,"href":"https:\/\/www.webdo.tn\/fr\/wp-json\/wp\/v2\/tags?post=207895"}],"curies":[{"name":"wp","href":"https:\/\/api.w.org\/{rel}","templated":true}]}}