{"id":207885,"date":"2023-08-12T09:43:00","date_gmt":"2023-08-12T09:43:00","guid":{"rendered":"https:\/\/www.webdo.tn\/fr\/blog\/a-la-petite-sicile-de-tunis-qui-se-souvient-de-l-ecole-nazareth\/207885\/"},"modified":"2025-05-17T21:11:38","modified_gmt":"2025-05-17T21:11:38","slug":"a-la-petite-sicile-de-tunis-qui-se-souvient-de-l-ecole-nazareth","status":"publish","type":"post","link":"https:\/\/www.webdo.tn\/fr\/actualite\/chroniques\/a-la-petite-sicile-de-tunis-qui-se-souvient-de-l-ecole-nazareth\/207885\/","title":{"rendered":"\u00c0 la Petite Sicile de Tunis : Qui se souvient de l&rsquo;\u00e9cole Nazareth ?"},"content":{"rendered":"<p>L&rsquo;\u00e9cole Nazareth a \u00e9t\u00e9 cr\u00e9\u00e9e \u00e0 l&rsquo;initiative de l&rsquo;abb\u00e9 Gaston Aquilina dans le voisinage imm\u00e9diat de l&rsquo;\u00e9glise Saint-Joseph dans le quartier tunisois de la Petite Sicile.<\/p>\n<p>\t\t\t\t\t\t\t\t\tL&rsquo;\u00e9cole Nazareth existe encore de nos jours et continue \u00e0 accueillir des jeunes \u00e9l\u00e8ves confi\u00e9s \u00e0 cet \u00e9tablissement qui fait partie du r\u00e9seau de l&rsquo;Archev\u00each\u00e9 de Tunis.\u00a0<br \/>\nFond\u00e9e il y a pr\u00e8s de quatre-vingts ans, cette \u00e9cole est n\u00e9e apr\u00e8s la Deuxi\u00e8me guerre mondiale dont la Campagne de Tunisie s&rsquo;\u00e9tait d\u00e9roul\u00e9e de novembre 1942 \u00e0 mai 1943.<\/p>\n<p>\u00c0 cette \u00e9poque, la chapelle qui \u00e9tait d\u00e9di\u00e9e \u00e0 Saint-Joseph avait \u00e9t\u00e9 touch\u00e9e par les bombardements britanniques et avait \u00e9t\u00e9 compl\u00e8tement d\u00e9truite. C&rsquo;est sur ses d\u00e9combres que l&rsquo;abb\u00e9 Gaston Aquilina, un cur\u00e9 maltais originaire de Sfax, parviendra apr\u00e8s des efforts remarquables \u00e0 b\u00e2tir cette \u00e9cole Nazareth.\u00a0<\/p>\n<p>L&rsquo;abb\u00e9 n&rsquo;avait pas un sou vaillant pour financer son projet. Il s&rsquo;en ouvrit aux paroissiens lors d&rsquo;un pr\u00eache dominical et ses propos n&rsquo;allaient pas rester lettre morte.\u00a0<br \/>\nEn effet, la petite histoire de l&rsquo;\u00e9cole a retenu que, touch\u00e9 par les paroles \u00e9loquentes du pr\u00eatre, l&rsquo;un des fid\u00e8les pr\u00e9sents lui signa un gros ch\u00e8que s\u00e9ance tenante.\u00a0<\/p>\n<p>La roue avait alors commenc\u00e9 \u00e0 tourner et pour compl\u00e9ter le montant n\u00e9cessaire aux travaux, l&rsquo;abb\u00e9 Gaston confia \u00e0 un comit\u00e9 ad hoc, le soin de lancer une souscription.\u00a0<\/p>\n<p>L&rsquo;argent des paroissiens n&rsquo;allait pas tarder \u00e0 alimenter la cagnotte et les Mangani, Bartolo, Muscat et autres familles, contribu\u00e9rent \u00e0 la construction de l&rsquo;\u00e9glise.\u00a0<br \/>\nS\u0153ur Marie Noelia en fut la premi\u00e8re directrice jusque vers la seconde moiti\u00e9 des ann\u00e9es 1970.<\/p>\n<p>Nombreuses furent les familles surtout d&rsquo;origine sicilienne, qui y inscrivirent leurs enfants dans les classes maternelles. Aujourd&rsquo;hui, cette \u00e9cole Nazareth accueille un jardin d&rsquo;enfants des plus r\u00e9put\u00e9s et peut-\u00eatre que, dans le tumulte des r\u00e9cr\u00e9ations, est-il possible d&rsquo;entendre les lointains \u00e9chos des kermesses que l&rsquo;abb\u00e9 Gaston organisait pour parachever le financement d&rsquo;une \u00e9cole n\u00e9e d&rsquo;un acte de foi et de la g\u00e9n\u00e9rosit\u00e9 de milliers de donateurs.\u00a0<\/p>\n<p>\u00a0<\/p>\n<p>\u00a0<\/p>\n<p>\u00a0<\/p>\n<p>H.B<\/p>\n","protected":false},"excerpt":{"rendered":"<p>L&rsquo;\u00e9cole Nazareth a \u00e9t\u00e9 cr\u00e9\u00e9e \u00e0 l&rsquo;initiative de l&rsquo;abb\u00e9 Gaston Aquilina dans le voisinage imm\u00e9diat de l&rsquo;\u00e9glise Saint-Joseph dans le quartier tunisois de la Petite&#8230;<\/p>\n","protected":false},"author":3229,"featured_media":278634,"comment_status":"open","ping_status":"closed","sticky":false,"template":"","format":"standard","meta":{"footnotes":""},"categories":[2596],"tags":[3038,3364,5606,2608],"class_list":["post-207885","post","type-post","status-publish","format-standard","has-post-thumbnail","hentry","category-chroniques","tag-ecole","tag-histoire","tag-sicile","tag-tunisie"],"yoast_head":"<!-- This site is optimized with the Yoast SEO Premium plugin v27.4 (Yoast SEO v27.5) - https:\/\/yoast.com\/product\/yoast-seo-premium-wordpress\/ -->\n<title>\u00c0 la Petite Sicile de Tunis : Qui se souvient de l&#039;\u00e9cole Nazareth ?<\/title>\n<meta name=\"description\" content=\"L&#039;\u00e9cole Nazareth a \u00e9t\u00e9 cr\u00e9\u00e9e \u00e0 l&#039;initiative de l&#039;abb\u00e9 Gaston Aquilina dans le voisinage imm\u00e9diat de l&#039;\u00e9glise Saint-Joseph dans le quartier tunisois de la Petite...\" \/>\n<link rel=\"canonical\" href=\"https:\/\/www.webdo.tn\/fr\/actualite\/chroniques\/a-la-petite-sicile-de-tunis-qui-se-souvient-de-l-ecole-nazareth\/207885\/\" \/>\n<meta property=\"og:locale\" content=\"fr_FR\" \/>\n<meta property=\"og:type\" content=\"article\" \/>\n<meta property=\"og:title\" content=\"\u00c0 la Petite Sicile de Tunis : Qui se souvient de l&#039;\u00e9cole Nazareth ?\" \/>\n<meta property=\"og:description\" content=\"L&#039;\u00e9cole Nazareth a \u00e9t\u00e9 cr\u00e9\u00e9e \u00e0 l&#039;initiative de l&#039;abb\u00e9 Gaston Aquilina dans le voisinage imm\u00e9diat de l&#039;\u00e9glise Saint-Joseph dans le quartier tunisois de la Petite...\" \/>\n<meta property=\"og:url\" content=\"https:\/\/www.webdo.tn\/fr\/actualite\/chroniques\/a-la-petite-sicile-de-tunis-qui-se-souvient-de-l-ecole-nazareth\/207885\/\" \/>\n<meta property=\"og:site_name\" content=\"webdo\" \/>\n<meta property=\"article:publisher\" content=\"https:\/\/www.facebook.com\/webdotn\" \/>\n<meta property=\"article:author\" content=\"https:\/\/www.facebook.com\/hatem.bourial.2025\" \/>\n<meta property=\"article:published_time\" content=\"2023-08-12T09:43:00+00:00\" \/>\n<meta property=\"article:modified_time\" content=\"2025-05-17T21:11:38+00:00\" \/>\n<meta property=\"og:image\" content=\"https:\/\/www.webdo.tn\/fr\/wp-content\/uploads\/2023\/08\/a648835ede034f89a589c28082148ad6.jpg\" \/>\n\t<meta property=\"og:image:width\" content=\"720\" \/>\n\t<meta property=\"og:image:height\" content=\"384\" \/>\n\t<meta property=\"og:image:type\" content=\"image\/jpeg\" \/>\n<meta name=\"author\" content=\"Hatem Bourial\" \/>\n<meta name=\"twitter:card\" content=\"summary_large_image\" \/>\n<meta name=\"twitter:creator\" content=\"@webdo_tn\" \/>\n<meta name=\"twitter:site\" content=\"@webdo_tn\" \/>\n<meta name=\"twitter:label1\" content=\"\u00c9crit par\" \/>\n\t<meta name=\"twitter:data1\" content=\"Hatem Bourial\" \/>\n\t<meta name=\"twitter:label2\" content=\"Dur\u00e9e de lecture estim\u00e9e\" \/>\n\t<meta name=\"twitter:data2\" content=\"2 minutes\" \/>\n<script type=\"application\/ld+json\" class=\"yoast-schema-graph\">{\"@context\":\"https:\\\/\\\/schema.org\",\"@graph\":[{\"@type\":\"NewsArticle\",\"@id\":\"https:\\\/\\\/www.webdo.tn\\\/fr\\\/actualite\\\/chroniques\\\/a-la-petite-sicile-de-tunis-qui-se-souvient-de-l-ecole-nazareth\\\/207885\\\/#article\",\"isPartOf\":{\"@id\":\"https:\\\/\\\/www.webdo.tn\\\/fr\\\/actualite\\\/chroniques\\\/a-la-petite-sicile-de-tunis-qui-se-souvient-de-l-ecole-nazareth\\\/207885\\\/\"},\"author\":{\"name\":\"Hatem Bourial\",\"@id\":\"https:\\\/\\\/www.webdo.tn\\\/fr\\\/#\\\/schema\\\/person\\\/6bc0beba2cd23aec27cb5df85ca2554f\"},\"headline\":\"\u00c0 la Petite Sicile de Tunis : Qui se souvient de l&rsquo;\u00e9cole Nazareth ?\",\"datePublished\":\"2023-08-12T09:43:00+00:00\",\"dateModified\":\"2025-05-17T21:11:38+00:00\",\"mainEntityOfPage\":{\"@id\":\"https:\\\/\\\/www.webdo.tn\\\/fr\\\/actualite\\\/chroniques\\\/a-la-petite-sicile-de-tunis-qui-se-souvient-de-l-ecole-nazareth\\\/207885\\\/\"},\"wordCount\":387,\"commentCount\":0,\"publisher\":{\"@id\":\"https:\\\/\\\/www.webdo.tn\\\/fr\\\/#organization\"},\"image\":{\"@id\":\"https:\\\/\\\/www.webdo.tn\\\/fr\\\/actualite\\\/chroniques\\\/a-la-petite-sicile-de-tunis-qui-se-souvient-de-l-ecole-nazareth\\\/207885\\\/#primaryimage\"},\"thumbnailUrl\":\"https:\\\/\\\/www.webdo.tn\\\/fr\\\/wp-content\\\/uploads\\\/2023\\\/08\\\/a648835ede034f89a589c28082148ad6.jpg\",\"keywords\":[\"\u00e9cole\",\"histoire\",\"sicile\",\"Tunisie\"],\"articleSection\":[\"Chroniques\"],\"inLanguage\":\"fr-FR\"},{\"@type\":\"WebPage\",\"@id\":\"https:\\\/\\\/www.webdo.tn\\\/fr\\\/actualite\\\/chroniques\\\/a-la-petite-sicile-de-tunis-qui-se-souvient-de-l-ecole-nazareth\\\/207885\\\/\",\"url\":\"https:\\\/\\\/www.webdo.tn\\\/fr\\\/actualite\\\/chroniques\\\/a-la-petite-sicile-de-tunis-qui-se-souvient-de-l-ecole-nazareth\\\/207885\\\/\",\"name\":\"\u00c0 la Petite Sicile de Tunis : Qui se souvient de l'\u00e9cole Nazareth ?\",\"isPartOf\":{\"@id\":\"https:\\\/\\\/www.webdo.tn\\\/fr\\\/#website\"},\"primaryImageOfPage\":{\"@id\":\"https:\\\/\\\/www.webdo.tn\\\/fr\\\/actualite\\\/chroniques\\\/a-la-petite-sicile-de-tunis-qui-se-souvient-de-l-ecole-nazareth\\\/207885\\\/#primaryimage\"},\"image\":{\"@id\":\"https:\\\/\\\/www.webdo.tn\\\/fr\\\/actualite\\\/chroniques\\\/a-la-petite-sicile-de-tunis-qui-se-souvient-de-l-ecole-nazareth\\\/207885\\\/#primaryimage\"},\"thumbnailUrl\":\"https:\\\/\\\/www.webdo.tn\\\/fr\\\/wp-content\\\/uploads\\\/2023\\\/08\\\/a648835ede034f89a589c28082148ad6.jpg\",\"datePublished\":\"2023-08-12T09:43:00+00:00\",\"dateModified\":\"2025-05-17T21:11:38+00:00\",\"description\":\"L'\u00e9cole Nazareth a \u00e9t\u00e9 cr\u00e9\u00e9e \u00e0 l'initiative de l'abb\u00e9 Gaston Aquilina dans le voisinage imm\u00e9diat de l'\u00e9glise Saint-Joseph dans le quartier tunisois de la Petite...\",\"breadcrumb\":{\"@id\":\"https:\\\/\\\/www.webdo.tn\\\/fr\\\/actualite\\\/chroniques\\\/a-la-petite-sicile-de-tunis-qui-se-souvient-de-l-ecole-nazareth\\\/207885\\\/#breadcrumb\"},\"inLanguage\":\"fr-FR\",\"potentialAction\":[{\"@type\":\"ReadAction\",\"target\":[\"https:\\\/\\\/www.webdo.tn\\\/fr\\\/actualite\\\/chroniques\\\/a-la-petite-sicile-de-tunis-qui-se-souvient-de-l-ecole-nazareth\\\/207885\\\/\"]}]},{\"@type\":\"ImageObject\",\"inLanguage\":\"fr-FR\",\"@id\":\"https:\\\/\\\/www.webdo.tn\\\/fr\\\/actualite\\\/chroniques\\\/a-la-petite-sicile-de-tunis-qui-se-souvient-de-l-ecole-nazareth\\\/207885\\\/#primaryimage\",\"url\":\"https:\\\/\\\/www.webdo.tn\\\/fr\\\/wp-content\\\/uploads\\\/2023\\\/08\\\/a648835ede034f89a589c28082148ad6.jpg\",\"contentUrl\":\"https:\\\/\\\/www.webdo.tn\\\/fr\\\/wp-content\\\/uploads\\\/2023\\\/08\\\/a648835ede034f89a589c28082148ad6.jpg\",\"width\":720,\"height\":384,\"caption\":\"\u00c0 la Petite Sicile de Tunis : Qui se souvient de l'\u00e9cole Nazareth ?\"},{\"@type\":\"BreadcrumbList\",\"@id\":\"https:\\\/\\\/www.webdo.tn\\\/fr\\\/actualite\\\/chroniques\\\/a-la-petite-sicile-de-tunis-qui-se-souvient-de-l-ecole-nazareth\\\/207885\\\/#breadcrumb\",\"itemListElement\":[{\"@type\":\"ListItem\",\"position\":1,\"name\":\"Accueil\",\"item\":\"https:\\\/\\\/www.webdo.tn\\\/fr\\\/\"},{\"@type\":\"ListItem\",\"position\":2,\"name\":\"\u00c0 la Petite Sicile de Tunis : Qui se souvient de l&#8217;\u00e9cole Nazareth ?\"}]},{\"@type\":\"WebSite\",\"@id\":\"https:\\\/\\\/www.webdo.tn\\\/fr\\\/#website\",\"url\":\"https:\\\/\\\/www.webdo.tn\\\/fr\\\/\",\"name\":\"webdo\",\"description\":\"Tunisie - News en Tunisie et \u00e0 l&#039;international sur Webdo.tn\",\"publisher\":{\"@id\":\"https:\\\/\\\/www.webdo.tn\\\/fr\\\/#organization\"},\"potentialAction\":[{\"@type\":\"SearchAction\",\"target\":{\"@type\":\"EntryPoint\",\"urlTemplate\":\"https:\\\/\\\/www.webdo.tn\\\/fr\\\/?s={search_term_string}\"},\"query-input\":{\"@type\":\"PropertyValueSpecification\",\"valueRequired\":true,\"valueName\":\"search_term_string\"}}],\"inLanguage\":\"fr-FR\"},{\"@type\":\"Organization\",\"@id\":\"https:\\\/\\\/www.webdo.tn\\\/fr\\\/#organization\",\"name\":\"Webdo\",\"alternateName\":\"Webdo.tn\",\"url\":\"https:\\\/\\\/www.webdo.tn\\\/fr\\\/\",\"logo\":{\"@type\":\"ImageObject\",\"inLanguage\":\"fr-FR\",\"@id\":\"https:\\\/\\\/www.webdo.tn\\\/fr\\\/#\\\/schema\\\/logo\\\/image\\\/\",\"url\":\"https:\\\/\\\/www.webdo.tn\\\/fr\\\/wp-content\\\/uploads\\\/2025\\\/06\\\/Webdo-Tunisie_168377.jpg\",\"contentUrl\":\"https:\\\/\\\/www.webdo.tn\\\/fr\\\/wp-content\\\/uploads\\\/2025\\\/06\\\/Webdo-Tunisie_168377.jpg\",\"width\":301,\"height\":301,\"caption\":\"Webdo\"},\"image\":{\"@id\":\"https:\\\/\\\/www.webdo.tn\\\/fr\\\/#\\\/schema\\\/logo\\\/image\\\/\"},\"sameAs\":[\"https:\\\/\\\/www.facebook.com\\\/webdotn\",\"https:\\\/\\\/x.com\\\/webdo_tn\"],\"description\":\"Webdo est un m\u00e9dia num\u00e9rique tunisien fond\u00e9 en 2010, sp\u00e9cialis\u00e9 dans l\u2019actualit\u00e9 nationale et internationale, l\u2019\u00e9conomie, la soci\u00e9t\u00e9 et les analyses politiques. Le site s\u2019adresse \u00e0 un large public francophone et couvre l\u2019information tunisienne en temps r\u00e9el.\",\"email\":\"redac@webdo.tn\",\"legalName\":\"YNJ SARL\",\"foundingDate\":\"2010-09-06\",\"numberOfEmployees\":{\"@type\":\"QuantitativeValue\",\"minValue\":\"11\",\"maxValue\":\"50\"}},{\"@type\":\"Person\",\"@id\":\"https:\\\/\\\/www.webdo.tn\\\/fr\\\/#\\\/schema\\\/person\\\/6bc0beba2cd23aec27cb5df85ca2554f\",\"name\":\"Hatem Bourial\",\"image\":{\"@type\":\"ImageObject\",\"inLanguage\":\"fr-FR\",\"@id\":\"https:\\\/\\\/www.webdo.tn\\\/fr\\\/wp-content\\\/uploads\\\/2026\\\/04\\\/hatem-bourial_avatar-96x96.jpg\",\"url\":\"https:\\\/\\\/www.webdo.tn\\\/fr\\\/wp-content\\\/uploads\\\/2026\\\/04\\\/hatem-bourial_avatar-96x96.jpg\",\"contentUrl\":\"https:\\\/\\\/www.webdo.tn\\\/fr\\\/wp-content\\\/uploads\\\/2026\\\/04\\\/hatem-bourial_avatar-96x96.jpg\",\"caption\":\"Hatem Bourial\"},\"description\":\"Hatem Bourial est journaliste, \u00e9crivain et chroniqueur tunisien. Actif depuis plusieurs d\u00e9cennies, il s\u2019est impos\u00e9 comme un observateur attentif de la soci\u00e9t\u00e9 tunisienne, m\u00ealant dans ses \u00e9crits m\u00e9moire, culture et analyse du quotidien. Auteur de nombreux ouvrages, il d\u00e9veloppe une \u0153uvre \u00e0 la crois\u00e9e du r\u00e9cit, de la po\u00e9sie et de l\u2019observation sociologique. Parall\u00e8lement \u00e0 ses contributions dans la presse, il intervient r\u00e9guli\u00e8rement \u00e0 la radio et dans des espaces culturels, o\u00f9 il explore les enjeux li\u00e9s au patrimoine, \u00e0 l\u2019identit\u00e9 et aux transformations du monde contemporain. \u00c0 travers ses chroniques, Hatem Bourial propose une lecture sensible et approfondie de l\u2019actualit\u00e9, nourrie par une exp\u00e9rience journalistique et litt\u00e9raire reconnue. \ud83d\udd17 Facebook : https:\\\/\\\/www.facebook.com\\\/hatem.bourial.2025\",\"sameAs\":[\"https:\\\/\\\/www.facebook.com\\\/hatem.bourial.2025\",\"https:\\\/\\\/fr.wikipedia.org\\\/wiki\\\/Fichier:Hatem_Bourial.jpg\"],\"knowsAbout\":[\"Culture & patrimoine tunisien\",\"Chronique soci\u00e9tale\",\"Litt\u00e9rature & m\u00e9moire\",\"Cin\u00e9ma & critique culturelle\",\"Identit\u00e9 & mutations sociales\"],\"knowsLanguage\":[\"Arabe\",\"Fran\u00e7ais\",\"Anglais\",\"Italien\",\"Polonais\"],\"jobTitle\":\"Journaliste, \u00e9crivain et chroniqueur culturel\",\"worksFor\":\"Webdo\",\"url\":\"https:\\\/\\\/www.webdo.tn\\\/fr\\\/actualite\\\/author\\\/hatem-bourial-2\\\/\"}]}<\/script>\n<!-- \/ Yoast SEO Premium plugin. -->","yoast_head_json":{"title":"\u00c0 la Petite Sicile de Tunis : Qui se souvient de l'\u00e9cole Nazareth ?","description":"L'\u00e9cole Nazareth a \u00e9t\u00e9 cr\u00e9\u00e9e \u00e0 l'initiative de l'abb\u00e9 Gaston Aquilina dans le voisinage imm\u00e9diat de l'\u00e9glise Saint-Joseph dans le quartier tunisois de la Petite...","canonical":"https:\/\/www.webdo.tn\/fr\/actualite\/chroniques\/a-la-petite-sicile-de-tunis-qui-se-souvient-de-l-ecole-nazareth\/207885\/","og_locale":"fr_FR","og_type":"article","og_title":"\u00c0 la Petite Sicile de Tunis : Qui se souvient de l'\u00e9cole Nazareth ?","og_description":"L'\u00e9cole Nazareth a \u00e9t\u00e9 cr\u00e9\u00e9e \u00e0 l'initiative de l'abb\u00e9 Gaston Aquilina dans le voisinage imm\u00e9diat de l'\u00e9glise Saint-Joseph dans le quartier tunisois de la Petite...","og_url":"https:\/\/www.webdo.tn\/fr\/actualite\/chroniques\/a-la-petite-sicile-de-tunis-qui-se-souvient-de-l-ecole-nazareth\/207885\/","og_site_name":"webdo","article_publisher":"https:\/\/www.facebook.com\/webdotn","article_author":"https:\/\/www.facebook.com\/hatem.bourial.2025","article_published_time":"2023-08-12T09:43:00+00:00","article_modified_time":"2025-05-17T21:11:38+00:00","og_image":[{"width":720,"height":384,"url":"https:\/\/www.webdo.tn\/fr\/wp-content\/uploads\/2023\/08\/a648835ede034f89a589c28082148ad6.jpg","type":"image\/jpeg"}],"author":"Hatem Bourial","twitter_card":"summary_large_image","twitter_creator":"@webdo_tn","twitter_site":"@webdo_tn","twitter_misc":{"\u00c9crit par":"Hatem Bourial","Dur\u00e9e de lecture estim\u00e9e":"2 minutes"},"schema":{"@context":"https:\/\/schema.org","@graph":[{"@type":"NewsArticle","@id":"https:\/\/www.webdo.tn\/fr\/actualite\/chroniques\/a-la-petite-sicile-de-tunis-qui-se-souvient-de-l-ecole-nazareth\/207885\/#article","isPartOf":{"@id":"https:\/\/www.webdo.tn\/fr\/actualite\/chroniques\/a-la-petite-sicile-de-tunis-qui-se-souvient-de-l-ecole-nazareth\/207885\/"},"author":{"name":"Hatem Bourial","@id":"https:\/\/www.webdo.tn\/fr\/#\/schema\/person\/6bc0beba2cd23aec27cb5df85ca2554f"},"headline":"\u00c0 la Petite Sicile de Tunis : Qui se souvient de l&rsquo;\u00e9cole Nazareth ?","datePublished":"2023-08-12T09:43:00+00:00","dateModified":"2025-05-17T21:11:38+00:00","mainEntityOfPage":{"@id":"https:\/\/www.webdo.tn\/fr\/actualite\/chroniques\/a-la-petite-sicile-de-tunis-qui-se-souvient-de-l-ecole-nazareth\/207885\/"},"wordCount":387,"commentCount":0,"publisher":{"@id":"https:\/\/www.webdo.tn\/fr\/#organization"},"image":{"@id":"https:\/\/www.webdo.tn\/fr\/actualite\/chroniques\/a-la-petite-sicile-de-tunis-qui-se-souvient-de-l-ecole-nazareth\/207885\/#primaryimage"},"thumbnailUrl":"https:\/\/www.webdo.tn\/fr\/wp-content\/uploads\/2023\/08\/a648835ede034f89a589c28082148ad6.jpg","keywords":["\u00e9cole","histoire","sicile","Tunisie"],"articleSection":["Chroniques"],"inLanguage":"fr-FR"},{"@type":"WebPage","@id":"https:\/\/www.webdo.tn\/fr\/actualite\/chroniques\/a-la-petite-sicile-de-tunis-qui-se-souvient-de-l-ecole-nazareth\/207885\/","url":"https:\/\/www.webdo.tn\/fr\/actualite\/chroniques\/a-la-petite-sicile-de-tunis-qui-se-souvient-de-l-ecole-nazareth\/207885\/","name":"\u00c0 la Petite Sicile de Tunis : Qui se souvient de l'\u00e9cole Nazareth ?","isPartOf":{"@id":"https:\/\/www.webdo.tn\/fr\/#website"},"primaryImageOfPage":{"@id":"https:\/\/www.webdo.tn\/fr\/actualite\/chroniques\/a-la-petite-sicile-de-tunis-qui-se-souvient-de-l-ecole-nazareth\/207885\/#primaryimage"},"image":{"@id":"https:\/\/www.webdo.tn\/fr\/actualite\/chroniques\/a-la-petite-sicile-de-tunis-qui-se-souvient-de-l-ecole-nazareth\/207885\/#primaryimage"},"thumbnailUrl":"https:\/\/www.webdo.tn\/fr\/wp-content\/uploads\/2023\/08\/a648835ede034f89a589c28082148ad6.jpg","datePublished":"2023-08-12T09:43:00+00:00","dateModified":"2025-05-17T21:11:38+00:00","description":"L'\u00e9cole Nazareth a \u00e9t\u00e9 cr\u00e9\u00e9e \u00e0 l'initiative de l'abb\u00e9 Gaston Aquilina dans le voisinage imm\u00e9diat de l'\u00e9glise Saint-Joseph dans le quartier tunisois de la Petite...","breadcrumb":{"@id":"https:\/\/www.webdo.tn\/fr\/actualite\/chroniques\/a-la-petite-sicile-de-tunis-qui-se-souvient-de-l-ecole-nazareth\/207885\/#breadcrumb"},"inLanguage":"fr-FR","potentialAction":[{"@type":"ReadAction","target":["https:\/\/www.webdo.tn\/fr\/actualite\/chroniques\/a-la-petite-sicile-de-tunis-qui-se-souvient-de-l-ecole-nazareth\/207885\/"]}]},{"@type":"ImageObject","inLanguage":"fr-FR","@id":"https:\/\/www.webdo.tn\/fr\/actualite\/chroniques\/a-la-petite-sicile-de-tunis-qui-se-souvient-de-l-ecole-nazareth\/207885\/#primaryimage","url":"https:\/\/www.webdo.tn\/fr\/wp-content\/uploads\/2023\/08\/a648835ede034f89a589c28082148ad6.jpg","contentUrl":"https:\/\/www.webdo.tn\/fr\/wp-content\/uploads\/2023\/08\/a648835ede034f89a589c28082148ad6.jpg","width":720,"height":384,"caption":"\u00c0 la Petite Sicile de Tunis : Qui se souvient de l'\u00e9cole Nazareth ?"},{"@type":"BreadcrumbList","@id":"https:\/\/www.webdo.tn\/fr\/actualite\/chroniques\/a-la-petite-sicile-de-tunis-qui-se-souvient-de-l-ecole-nazareth\/207885\/#breadcrumb","itemListElement":[{"@type":"ListItem","position":1,"name":"Accueil","item":"https:\/\/www.webdo.tn\/fr\/"},{"@type":"ListItem","position":2,"name":"\u00c0 la Petite Sicile de Tunis : Qui se souvient de l&#8217;\u00e9cole Nazareth ?"}]},{"@type":"WebSite","@id":"https:\/\/www.webdo.tn\/fr\/#website","url":"https:\/\/www.webdo.tn\/fr\/","name":"webdo","description":"Tunisie - News en Tunisie et \u00e0 l&#039;international sur Webdo.tn","publisher":{"@id":"https:\/\/www.webdo.tn\/fr\/#organization"},"potentialAction":[{"@type":"SearchAction","target":{"@type":"EntryPoint","urlTemplate":"https:\/\/www.webdo.tn\/fr\/?s={search_term_string}"},"query-input":{"@type":"PropertyValueSpecification","valueRequired":true,"valueName":"search_term_string"}}],"inLanguage":"fr-FR"},{"@type":"Organization","@id":"https:\/\/www.webdo.tn\/fr\/#organization","name":"Webdo","alternateName":"Webdo.tn","url":"https:\/\/www.webdo.tn\/fr\/","logo":{"@type":"ImageObject","inLanguage":"fr-FR","@id":"https:\/\/www.webdo.tn\/fr\/#\/schema\/logo\/image\/","url":"https:\/\/www.webdo.tn\/fr\/wp-content\/uploads\/2025\/06\/Webdo-Tunisie_168377.jpg","contentUrl":"https:\/\/www.webdo.tn\/fr\/wp-content\/uploads\/2025\/06\/Webdo-Tunisie_168377.jpg","width":301,"height":301,"caption":"Webdo"},"image":{"@id":"https:\/\/www.webdo.tn\/fr\/#\/schema\/logo\/image\/"},"sameAs":["https:\/\/www.facebook.com\/webdotn","https:\/\/x.com\/webdo_tn"],"description":"Webdo est un m\u00e9dia num\u00e9rique tunisien fond\u00e9 en 2010, sp\u00e9cialis\u00e9 dans l\u2019actualit\u00e9 nationale et internationale, l\u2019\u00e9conomie, la soci\u00e9t\u00e9 et les analyses politiques. Le site s\u2019adresse \u00e0 un large public francophone et couvre l\u2019information tunisienne en temps r\u00e9el.","email":"redac@webdo.tn","legalName":"YNJ SARL","foundingDate":"2010-09-06","numberOfEmployees":{"@type":"QuantitativeValue","minValue":"11","maxValue":"50"}},{"@type":"Person","@id":"https:\/\/www.webdo.tn\/fr\/#\/schema\/person\/6bc0beba2cd23aec27cb5df85ca2554f","name":"Hatem Bourial","image":{"@type":"ImageObject","inLanguage":"fr-FR","@id":"https:\/\/www.webdo.tn\/fr\/wp-content\/uploads\/2026\/04\/hatem-bourial_avatar-96x96.jpg","url":"https:\/\/www.webdo.tn\/fr\/wp-content\/uploads\/2026\/04\/hatem-bourial_avatar-96x96.jpg","contentUrl":"https:\/\/www.webdo.tn\/fr\/wp-content\/uploads\/2026\/04\/hatem-bourial_avatar-96x96.jpg","caption":"Hatem Bourial"},"description":"Hatem Bourial est journaliste, \u00e9crivain et chroniqueur tunisien. Actif depuis plusieurs d\u00e9cennies, il s\u2019est impos\u00e9 comme un observateur attentif de la soci\u00e9t\u00e9 tunisienne, m\u00ealant dans ses \u00e9crits m\u00e9moire, culture et analyse du quotidien. Auteur de nombreux ouvrages, il d\u00e9veloppe une \u0153uvre \u00e0 la crois\u00e9e du r\u00e9cit, de la po\u00e9sie et de l\u2019observation sociologique. Parall\u00e8lement \u00e0 ses contributions dans la presse, il intervient r\u00e9guli\u00e8rement \u00e0 la radio et dans des espaces culturels, o\u00f9 il explore les enjeux li\u00e9s au patrimoine, \u00e0 l\u2019identit\u00e9 et aux transformations du monde contemporain. \u00c0 travers ses chroniques, Hatem Bourial propose une lecture sensible et approfondie de l\u2019actualit\u00e9, nourrie par une exp\u00e9rience journalistique et litt\u00e9raire reconnue. \ud83d\udd17 Facebook : https:\/\/www.facebook.com\/hatem.bourial.2025","sameAs":["https:\/\/www.facebook.com\/hatem.bourial.2025","https:\/\/fr.wikipedia.org\/wiki\/Fichier:Hatem_Bourial.jpg"],"knowsAbout":["Culture & patrimoine tunisien","Chronique soci\u00e9tale","Litt\u00e9rature & m\u00e9moire","Cin\u00e9ma & critique culturelle","Identit\u00e9 & mutations sociales"],"knowsLanguage":["Arabe","Fran\u00e7ais","Anglais","Italien","Polonais"],"jobTitle":"Journaliste, \u00e9crivain et chroniqueur culturel","worksFor":"Webdo","url":"https:\/\/www.webdo.tn\/fr\/actualite\/author\/hatem-bourial-2\/"}]}},"_links":{"self":[{"href":"https:\/\/www.webdo.tn\/fr\/wp-json\/wp\/v2\/posts\/207885","targetHints":{"allow":["GET"]}}],"collection":[{"href":"https:\/\/www.webdo.tn\/fr\/wp-json\/wp\/v2\/posts"}],"about":[{"href":"https:\/\/www.webdo.tn\/fr\/wp-json\/wp\/v2\/types\/post"}],"author":[{"embeddable":true,"href":"https:\/\/www.webdo.tn\/fr\/wp-json\/wp\/v2\/users\/3229"}],"replies":[{"embeddable":true,"href":"https:\/\/www.webdo.tn\/fr\/wp-json\/wp\/v2\/comments?post=207885"}],"version-history":[{"count":0,"href":"https:\/\/www.webdo.tn\/fr\/wp-json\/wp\/v2\/posts\/207885\/revisions"}],"wp:featuredmedia":[{"embeddable":true,"href":"https:\/\/www.webdo.tn\/fr\/wp-json\/wp\/v2\/media\/278634"}],"wp:attachment":[{"href":"https:\/\/www.webdo.tn\/fr\/wp-json\/wp\/v2\/media?parent=207885"}],"wp:term":[{"taxonomy":"category","embeddable":true,"href":"https:\/\/www.webdo.tn\/fr\/wp-json\/wp\/v2\/categories?post=207885"},{"taxonomy":"post_tag","embeddable":true,"href":"https:\/\/www.webdo.tn\/fr\/wp-json\/wp\/v2\/tags?post=207885"}],"curies":[{"name":"wp","href":"https:\/\/api.w.org\/{rel}","templated":true}]}}