{"id":207881,"date":"2023-08-12T08:27:00","date_gmt":"2023-08-12T08:27:00","guid":{"rendered":"https:\/\/www.webdo.tn\/fr\/blog\/feki-appelle-une-coordination-etroite-avec-les-structures-onusiennes-en-tunisie\/207881\/"},"modified":"2025-05-20T22:41:48","modified_gmt":"2025-05-20T22:41:48","slug":"feki-appelle-une-coordination-etroite-avec-les-structures-onusiennes-en-tunisie","status":"publish","type":"post","link":"https:\/\/www.webdo.tn\/fr\/actualite\/national\/feki-appelle-une-coordination-etroite-avec-les-structures-onusiennes-en-tunisie\/207881\/","title":{"rendered":"Feki appelle une coordination \u00e9troite avec les structures onusiennes en Tunisie"},"content":{"rendered":"<p>Recevant, vendredi, la repr\u00e9sentante du Haut-Commissariat des Nations Unies pour les r\u00e9fugi\u00e9s en Tunisie (HCR), Monica Noro, le ministre de l&rsquo;int\u00e9rieur, Kamel Fekih a eu l&rsquo;occasion d&rsquo;\u00e9voquer avec la responsable onusienne la question des migrants africains en Tunisie.<\/p>\n<p>A ce titre, cit\u00e9 dans un communiqu\u00e9 du d\u00e9partement de l&rsquo;int\u00e9rieur, le ministre a mis l&rsquo;accent sur la n\u00e9cessit\u00e9 de veiller autant que possible \u00e0 assurer une coordination \u00e9troite entre les structures onusiennes en Tunisie et les organismes officiels de l&rsquo;Etat tunisien.<\/p>\n<p>Selon la m\u00eame source, cette coordination ponctuelle ciblera deux dossiers-cl\u00e9s, en l&rsquo;occurrence, la question migratoire et l&rsquo;approche des droits de l&rsquo;homme.<\/p>\n<p>Dans ce contexte, le ministre Fekih a r\u00e9affirm\u00e9 l&rsquo;engagement de la Tunisie \u00e0 aller de l&rsquo;avant sur la voie de la mise en \u0153uvre des l\u00e9gislations nationales dans le cadre du plein respect des principes des droits de l&rsquo;homme et des pactes internationaux, appelant la responsable onusienne \u00a0\u00bb \u00e0 concerter avec l&rsquo;Etat tunisien avant de prendre toute position ou mesure, \u00e9tant donn\u00e9 que la Tunisie est un pays jouissant de ses pleins droits \u00e0 titre de membre \u00e0 part enti\u00e8re \u00e0 l&rsquo;ONU.<\/p>\n<p>D&rsquo;autre part, le ministre de l&rsquo;Int\u00e9rieur a pass\u00e9 en revue les louables traditions de l&rsquo;Etat tunisien, gouvernement et peuple, en mati\u00e8re d&rsquo;encadrement et d&rsquo;accompagnement des situations humanitaires qui n\u00e9cessitent un surcro\u00eet d&rsquo;attention et d&rsquo;int\u00e9r\u00eat , se f\u00e9licitant \u00e0 ce titre des efforts d\u00e9ploy\u00e9s par les forces s\u00e9curitaires durant les op\u00e9rations de secours, de sauvetage et de traitement des migrants irr\u00e9guliers.<\/p>\n","protected":false},"excerpt":{"rendered":"<p>Recevant, vendredi, la repr\u00e9sentante du Haut-Commissariat des Nations Unies pour les r\u00e9fugi\u00e9s en Tunisie (HCR), Monica Noro, le ministre de l&rsquo;int\u00e9rieur, Kamel F&#8230;<\/p>\n","protected":false},"author":3175,"featured_media":249574,"comment_status":"open","ping_status":"closed","sticky":false,"template":"","format":"standard","meta":{"footnotes":""},"categories":[44],"tags":[2894,3296,2608],"class_list":["post-207881","post","type-post","status-publish","format-standard","has-post-thumbnail","hentry","category-national","tag-migrants","tag-onu","tag-tunisie"],"yoast_head":"<!-- This site is optimized with the Yoast SEO Premium plugin v27.4 (Yoast SEO v27.5) - https:\/\/yoast.com\/product\/yoast-seo-premium-wordpress\/ -->\n<title>Feki appelle une coordination \u00e9troite avec les structures onusiennes en Tunisie<\/title>\n<meta name=\"description\" content=\"Recevant, vendredi, la repr\u00e9sentante du Haut-Commissariat des Nations Unies pour les r\u00e9fugi\u00e9s en Tunisie (HCR), Monica Noro, le ministre de l&#039;int\u00e9rieur, Kamel F...\" \/>\n<link rel=\"canonical\" href=\"https:\/\/www.webdo.tn\/fr\/actualite\/national\/feki-appelle-une-coordination-etroite-avec-les-structures-onusiennes-en-tunisie\/207881\/\" \/>\n<meta property=\"og:locale\" content=\"fr_FR\" \/>\n<meta property=\"og:type\" content=\"article\" \/>\n<meta property=\"og:title\" content=\"Feki appelle une coordination \u00e9troite avec les structures onusiennes en Tunisie\" \/>\n<meta property=\"og:description\" content=\"Recevant, vendredi, la repr\u00e9sentante du Haut-Commissariat des Nations Unies pour les r\u00e9fugi\u00e9s en Tunisie (HCR), Monica Noro, le ministre de l&#039;int\u00e9rieur, Kamel F...\" \/>\n<meta property=\"og:url\" content=\"https:\/\/www.webdo.tn\/fr\/actualite\/national\/feki-appelle-une-coordination-etroite-avec-les-structures-onusiennes-en-tunisie\/207881\/\" \/>\n<meta property=\"og:site_name\" content=\"webdo\" \/>\n<meta property=\"article:publisher\" content=\"https:\/\/www.facebook.com\/webdotn\" \/>\n<meta property=\"article:published_time\" content=\"2023-08-12T08:27:00+00:00\" \/>\n<meta property=\"article:modified_time\" content=\"2025-05-20T22:41:48+00:00\" \/>\n<meta property=\"og:image\" content=\"https:\/\/www.webdo.tn\/fr\/wp-content\/uploads\/2023\/08\/ab1b9b57b16482f9bbae426b66caca94.jpg\" \/>\n\t<meta property=\"og:image:width\" content=\"750\" \/>\n\t<meta property=\"og:image:height\" content=\"400\" \/>\n\t<meta property=\"og:image:type\" content=\"image\/jpeg\" \/>\n<meta name=\"author\" content=\"CL\" \/>\n<meta name=\"twitter:card\" content=\"summary_large_image\" \/>\n<meta name=\"twitter:creator\" content=\"@webdo_tn\" \/>\n<meta name=\"twitter:site\" content=\"@webdo_tn\" \/>\n<meta name=\"twitter:label1\" content=\"\u00c9crit par\" \/>\n\t<meta name=\"twitter:data1\" content=\"CL\" \/>\n\t<meta name=\"twitter:label2\" content=\"Dur\u00e9e de lecture estim\u00e9e\" \/>\n\t<meta name=\"twitter:data2\" content=\"1 minute\" \/>\n<script type=\"application\/ld+json\" class=\"yoast-schema-graph\">{\"@context\":\"https:\\\/\\\/schema.org\",\"@graph\":[{\"@type\":\"NewsArticle\",\"@id\":\"https:\\\/\\\/www.webdo.tn\\\/fr\\\/actualite\\\/national\\\/feki-appelle-une-coordination-etroite-avec-les-structures-onusiennes-en-tunisie\\\/207881\\\/#article\",\"isPartOf\":{\"@id\":\"https:\\\/\\\/www.webdo.tn\\\/fr\\\/actualite\\\/national\\\/feki-appelle-une-coordination-etroite-avec-les-structures-onusiennes-en-tunisie\\\/207881\\\/\"},\"author\":{\"name\":\"CL\",\"@id\":\"https:\\\/\\\/www.webdo.tn\\\/fr\\\/#\\\/schema\\\/person\\\/f35b42a42c5e2511bbd282959d6385cc\"},\"headline\":\"Feki appelle une coordination \u00e9troite avec les structures onusiennes en Tunisie\",\"datePublished\":\"2023-08-12T08:27:00+00:00\",\"dateModified\":\"2025-05-20T22:41:48+00:00\",\"mainEntityOfPage\":{\"@id\":\"https:\\\/\\\/www.webdo.tn\\\/fr\\\/actualite\\\/national\\\/feki-appelle-une-coordination-etroite-avec-les-structures-onusiennes-en-tunisie\\\/207881\\\/\"},\"wordCount\":290,\"commentCount\":0,\"publisher\":{\"@id\":\"https:\\\/\\\/www.webdo.tn\\\/fr\\\/#organization\"},\"image\":{\"@id\":\"https:\\\/\\\/www.webdo.tn\\\/fr\\\/actualite\\\/national\\\/feki-appelle-une-coordination-etroite-avec-les-structures-onusiennes-en-tunisie\\\/207881\\\/#primaryimage\"},\"thumbnailUrl\":\"https:\\\/\\\/www.webdo.tn\\\/fr\\\/wp-content\\\/uploads\\\/2023\\\/08\\\/ab1b9b57b16482f9bbae426b66caca94.jpg\",\"keywords\":[\"migrants\",\"ONU\",\"Tunisie\"],\"articleSection\":[\"National\"],\"inLanguage\":\"fr-FR\"},{\"@type\":\"WebPage\",\"@id\":\"https:\\\/\\\/www.webdo.tn\\\/fr\\\/actualite\\\/national\\\/feki-appelle-une-coordination-etroite-avec-les-structures-onusiennes-en-tunisie\\\/207881\\\/\",\"url\":\"https:\\\/\\\/www.webdo.tn\\\/fr\\\/actualite\\\/national\\\/feki-appelle-une-coordination-etroite-avec-les-structures-onusiennes-en-tunisie\\\/207881\\\/\",\"name\":\"Feki appelle une coordination \u00e9troite avec les structures onusiennes en Tunisie\",\"isPartOf\":{\"@id\":\"https:\\\/\\\/www.webdo.tn\\\/fr\\\/#website\"},\"primaryImageOfPage\":{\"@id\":\"https:\\\/\\\/www.webdo.tn\\\/fr\\\/actualite\\\/national\\\/feki-appelle-une-coordination-etroite-avec-les-structures-onusiennes-en-tunisie\\\/207881\\\/#primaryimage\"},\"image\":{\"@id\":\"https:\\\/\\\/www.webdo.tn\\\/fr\\\/actualite\\\/national\\\/feki-appelle-une-coordination-etroite-avec-les-structures-onusiennes-en-tunisie\\\/207881\\\/#primaryimage\"},\"thumbnailUrl\":\"https:\\\/\\\/www.webdo.tn\\\/fr\\\/wp-content\\\/uploads\\\/2023\\\/08\\\/ab1b9b57b16482f9bbae426b66caca94.jpg\",\"datePublished\":\"2023-08-12T08:27:00+00:00\",\"dateModified\":\"2025-05-20T22:41:48+00:00\",\"description\":\"Recevant, vendredi, la repr\u00e9sentante du Haut-Commissariat des Nations Unies pour les r\u00e9fugi\u00e9s en Tunisie (HCR), Monica Noro, le ministre de l'int\u00e9rieur, Kamel F...\",\"breadcrumb\":{\"@id\":\"https:\\\/\\\/www.webdo.tn\\\/fr\\\/actualite\\\/national\\\/feki-appelle-une-coordination-etroite-avec-les-structures-onusiennes-en-tunisie\\\/207881\\\/#breadcrumb\"},\"inLanguage\":\"fr-FR\",\"potentialAction\":[{\"@type\":\"ReadAction\",\"target\":[\"https:\\\/\\\/www.webdo.tn\\\/fr\\\/actualite\\\/national\\\/feki-appelle-une-coordination-etroite-avec-les-structures-onusiennes-en-tunisie\\\/207881\\\/\"]}]},{\"@type\":\"ImageObject\",\"inLanguage\":\"fr-FR\",\"@id\":\"https:\\\/\\\/www.webdo.tn\\\/fr\\\/actualite\\\/national\\\/feki-appelle-une-coordination-etroite-avec-les-structures-onusiennes-en-tunisie\\\/207881\\\/#primaryimage\",\"url\":\"https:\\\/\\\/www.webdo.tn\\\/fr\\\/wp-content\\\/uploads\\\/2023\\\/08\\\/ab1b9b57b16482f9bbae426b66caca94.jpg\",\"contentUrl\":\"https:\\\/\\\/www.webdo.tn\\\/fr\\\/wp-content\\\/uploads\\\/2023\\\/08\\\/ab1b9b57b16482f9bbae426b66caca94.jpg\",\"width\":750,\"height\":400,\"caption\":\"Feki appelle une coordination \u00e9troite avec les structures onusiennes en Tunisie\"},{\"@type\":\"BreadcrumbList\",\"@id\":\"https:\\\/\\\/www.webdo.tn\\\/fr\\\/actualite\\\/national\\\/feki-appelle-une-coordination-etroite-avec-les-structures-onusiennes-en-tunisie\\\/207881\\\/#breadcrumb\",\"itemListElement\":[{\"@type\":\"ListItem\",\"position\":1,\"name\":\"Accueil\",\"item\":\"https:\\\/\\\/www.webdo.tn\\\/fr\\\/\"},{\"@type\":\"ListItem\",\"position\":2,\"name\":\"Feki appelle une coordination \u00e9troite avec les structures onusiennes en Tunisie\"}]},{\"@type\":\"WebSite\",\"@id\":\"https:\\\/\\\/www.webdo.tn\\\/fr\\\/#website\",\"url\":\"https:\\\/\\\/www.webdo.tn\\\/fr\\\/\",\"name\":\"webdo\",\"description\":\"Tunisie - News en Tunisie et \u00e0 l&#039;international sur Webdo.tn\",\"publisher\":{\"@id\":\"https:\\\/\\\/www.webdo.tn\\\/fr\\\/#organization\"},\"potentialAction\":[{\"@type\":\"SearchAction\",\"target\":{\"@type\":\"EntryPoint\",\"urlTemplate\":\"https:\\\/\\\/www.webdo.tn\\\/fr\\\/?s={search_term_string}\"},\"query-input\":{\"@type\":\"PropertyValueSpecification\",\"valueRequired\":true,\"valueName\":\"search_term_string\"}}],\"inLanguage\":\"fr-FR\"},{\"@type\":\"Organization\",\"@id\":\"https:\\\/\\\/www.webdo.tn\\\/fr\\\/#organization\",\"name\":\"Webdo\",\"alternateName\":\"Webdo.tn\",\"url\":\"https:\\\/\\\/www.webdo.tn\\\/fr\\\/\",\"logo\":{\"@type\":\"ImageObject\",\"inLanguage\":\"fr-FR\",\"@id\":\"https:\\\/\\\/www.webdo.tn\\\/fr\\\/#\\\/schema\\\/logo\\\/image\\\/\",\"url\":\"https:\\\/\\\/www.webdo.tn\\\/fr\\\/wp-content\\\/uploads\\\/2025\\\/06\\\/Webdo-Tunisie_168377.jpg\",\"contentUrl\":\"https:\\\/\\\/www.webdo.tn\\\/fr\\\/wp-content\\\/uploads\\\/2025\\\/06\\\/Webdo-Tunisie_168377.jpg\",\"width\":301,\"height\":301,\"caption\":\"Webdo\"},\"image\":{\"@id\":\"https:\\\/\\\/www.webdo.tn\\\/fr\\\/#\\\/schema\\\/logo\\\/image\\\/\"},\"sameAs\":[\"https:\\\/\\\/www.facebook.com\\\/webdotn\",\"https:\\\/\\\/x.com\\\/webdo_tn\"],\"description\":\"Webdo est un m\u00e9dia num\u00e9rique tunisien fond\u00e9 en 2010, sp\u00e9cialis\u00e9 dans l\u2019actualit\u00e9 nationale et internationale, l\u2019\u00e9conomie, la soci\u00e9t\u00e9 et les analyses politiques. Le site s\u2019adresse \u00e0 un large public francophone et couvre l\u2019information tunisienne en temps r\u00e9el.\",\"email\":\"redac@webdo.tn\",\"legalName\":\"YNJ SARL\",\"foundingDate\":\"2010-09-06\",\"numberOfEmployees\":{\"@type\":\"QuantitativeValue\",\"minValue\":\"11\",\"maxValue\":\"50\"}},{\"@type\":\"Person\",\"@id\":\"https:\\\/\\\/www.webdo.tn\\\/fr\\\/#\\\/schema\\\/person\\\/f35b42a42c5e2511bbd282959d6385cc\",\"name\":\"CL\",\"image\":{\"@type\":\"ImageObject\",\"inLanguage\":\"fr-FR\",\"@id\":\"https:\\\/\\\/secure.gravatar.com\\\/avatar\\\/1447a49909b67aa657c488aec6512e1dd6143a480c1ecfee9b5b5cd74eb3b59e?s=96&d=mm&r=g\",\"url\":\"https:\\\/\\\/secure.gravatar.com\\\/avatar\\\/1447a49909b67aa657c488aec6512e1dd6143a480c1ecfee9b5b5cd74eb3b59e?s=96&d=mm&r=g\",\"contentUrl\":\"https:\\\/\\\/secure.gravatar.com\\\/avatar\\\/1447a49909b67aa657c488aec6512e1dd6143a480c1ecfee9b5b5cd74eb3b59e?s=96&d=mm&r=g\",\"caption\":\"CL\"},\"url\":\"https:\\\/\\\/www.webdo.tn\\\/fr\\\/actualite\\\/author\\\/cl\\\/\"}]}<\/script>\n<!-- \/ Yoast SEO Premium plugin. -->","yoast_head_json":{"title":"Feki appelle une coordination \u00e9troite avec les structures onusiennes en Tunisie","description":"Recevant, vendredi, la repr\u00e9sentante du Haut-Commissariat des Nations Unies pour les r\u00e9fugi\u00e9s en Tunisie (HCR), Monica Noro, le ministre de l'int\u00e9rieur, Kamel F...","canonical":"https:\/\/www.webdo.tn\/fr\/actualite\/national\/feki-appelle-une-coordination-etroite-avec-les-structures-onusiennes-en-tunisie\/207881\/","og_locale":"fr_FR","og_type":"article","og_title":"Feki appelle une coordination \u00e9troite avec les structures onusiennes en Tunisie","og_description":"Recevant, vendredi, la repr\u00e9sentante du Haut-Commissariat des Nations Unies pour les r\u00e9fugi\u00e9s en Tunisie (HCR), Monica Noro, le ministre de l'int\u00e9rieur, Kamel F...","og_url":"https:\/\/www.webdo.tn\/fr\/actualite\/national\/feki-appelle-une-coordination-etroite-avec-les-structures-onusiennes-en-tunisie\/207881\/","og_site_name":"webdo","article_publisher":"https:\/\/www.facebook.com\/webdotn","article_published_time":"2023-08-12T08:27:00+00:00","article_modified_time":"2025-05-20T22:41:48+00:00","og_image":[{"width":750,"height":400,"url":"https:\/\/www.webdo.tn\/fr\/wp-content\/uploads\/2023\/08\/ab1b9b57b16482f9bbae426b66caca94.jpg","type":"image\/jpeg"}],"author":"CL","twitter_card":"summary_large_image","twitter_creator":"@webdo_tn","twitter_site":"@webdo_tn","twitter_misc":{"\u00c9crit par":"CL","Dur\u00e9e de lecture estim\u00e9e":"1 minute"},"schema":{"@context":"https:\/\/schema.org","@graph":[{"@type":"NewsArticle","@id":"https:\/\/www.webdo.tn\/fr\/actualite\/national\/feki-appelle-une-coordination-etroite-avec-les-structures-onusiennes-en-tunisie\/207881\/#article","isPartOf":{"@id":"https:\/\/www.webdo.tn\/fr\/actualite\/national\/feki-appelle-une-coordination-etroite-avec-les-structures-onusiennes-en-tunisie\/207881\/"},"author":{"name":"CL","@id":"https:\/\/www.webdo.tn\/fr\/#\/schema\/person\/f35b42a42c5e2511bbd282959d6385cc"},"headline":"Feki appelle une coordination \u00e9troite avec les structures onusiennes en Tunisie","datePublished":"2023-08-12T08:27:00+00:00","dateModified":"2025-05-20T22:41:48+00:00","mainEntityOfPage":{"@id":"https:\/\/www.webdo.tn\/fr\/actualite\/national\/feki-appelle-une-coordination-etroite-avec-les-structures-onusiennes-en-tunisie\/207881\/"},"wordCount":290,"commentCount":0,"publisher":{"@id":"https:\/\/www.webdo.tn\/fr\/#organization"},"image":{"@id":"https:\/\/www.webdo.tn\/fr\/actualite\/national\/feki-appelle-une-coordination-etroite-avec-les-structures-onusiennes-en-tunisie\/207881\/#primaryimage"},"thumbnailUrl":"https:\/\/www.webdo.tn\/fr\/wp-content\/uploads\/2023\/08\/ab1b9b57b16482f9bbae426b66caca94.jpg","keywords":["migrants","ONU","Tunisie"],"articleSection":["National"],"inLanguage":"fr-FR"},{"@type":"WebPage","@id":"https:\/\/www.webdo.tn\/fr\/actualite\/national\/feki-appelle-une-coordination-etroite-avec-les-structures-onusiennes-en-tunisie\/207881\/","url":"https:\/\/www.webdo.tn\/fr\/actualite\/national\/feki-appelle-une-coordination-etroite-avec-les-structures-onusiennes-en-tunisie\/207881\/","name":"Feki appelle une coordination \u00e9troite avec les structures onusiennes en Tunisie","isPartOf":{"@id":"https:\/\/www.webdo.tn\/fr\/#website"},"primaryImageOfPage":{"@id":"https:\/\/www.webdo.tn\/fr\/actualite\/national\/feki-appelle-une-coordination-etroite-avec-les-structures-onusiennes-en-tunisie\/207881\/#primaryimage"},"image":{"@id":"https:\/\/www.webdo.tn\/fr\/actualite\/national\/feki-appelle-une-coordination-etroite-avec-les-structures-onusiennes-en-tunisie\/207881\/#primaryimage"},"thumbnailUrl":"https:\/\/www.webdo.tn\/fr\/wp-content\/uploads\/2023\/08\/ab1b9b57b16482f9bbae426b66caca94.jpg","datePublished":"2023-08-12T08:27:00+00:00","dateModified":"2025-05-20T22:41:48+00:00","description":"Recevant, vendredi, la repr\u00e9sentante du Haut-Commissariat des Nations Unies pour les r\u00e9fugi\u00e9s en Tunisie (HCR), Monica Noro, le ministre de l'int\u00e9rieur, Kamel F...","breadcrumb":{"@id":"https:\/\/www.webdo.tn\/fr\/actualite\/national\/feki-appelle-une-coordination-etroite-avec-les-structures-onusiennes-en-tunisie\/207881\/#breadcrumb"},"inLanguage":"fr-FR","potentialAction":[{"@type":"ReadAction","target":["https:\/\/www.webdo.tn\/fr\/actualite\/national\/feki-appelle-une-coordination-etroite-avec-les-structures-onusiennes-en-tunisie\/207881\/"]}]},{"@type":"ImageObject","inLanguage":"fr-FR","@id":"https:\/\/www.webdo.tn\/fr\/actualite\/national\/feki-appelle-une-coordination-etroite-avec-les-structures-onusiennes-en-tunisie\/207881\/#primaryimage","url":"https:\/\/www.webdo.tn\/fr\/wp-content\/uploads\/2023\/08\/ab1b9b57b16482f9bbae426b66caca94.jpg","contentUrl":"https:\/\/www.webdo.tn\/fr\/wp-content\/uploads\/2023\/08\/ab1b9b57b16482f9bbae426b66caca94.jpg","width":750,"height":400,"caption":"Feki appelle une coordination \u00e9troite avec les structures onusiennes en Tunisie"},{"@type":"BreadcrumbList","@id":"https:\/\/www.webdo.tn\/fr\/actualite\/national\/feki-appelle-une-coordination-etroite-avec-les-structures-onusiennes-en-tunisie\/207881\/#breadcrumb","itemListElement":[{"@type":"ListItem","position":1,"name":"Accueil","item":"https:\/\/www.webdo.tn\/fr\/"},{"@type":"ListItem","position":2,"name":"Feki appelle une coordination \u00e9troite avec les structures onusiennes en Tunisie"}]},{"@type":"WebSite","@id":"https:\/\/www.webdo.tn\/fr\/#website","url":"https:\/\/www.webdo.tn\/fr\/","name":"webdo","description":"Tunisie - News en Tunisie et \u00e0 l&#039;international sur Webdo.tn","publisher":{"@id":"https:\/\/www.webdo.tn\/fr\/#organization"},"potentialAction":[{"@type":"SearchAction","target":{"@type":"EntryPoint","urlTemplate":"https:\/\/www.webdo.tn\/fr\/?s={search_term_string}"},"query-input":{"@type":"PropertyValueSpecification","valueRequired":true,"valueName":"search_term_string"}}],"inLanguage":"fr-FR"},{"@type":"Organization","@id":"https:\/\/www.webdo.tn\/fr\/#organization","name":"Webdo","alternateName":"Webdo.tn","url":"https:\/\/www.webdo.tn\/fr\/","logo":{"@type":"ImageObject","inLanguage":"fr-FR","@id":"https:\/\/www.webdo.tn\/fr\/#\/schema\/logo\/image\/","url":"https:\/\/www.webdo.tn\/fr\/wp-content\/uploads\/2025\/06\/Webdo-Tunisie_168377.jpg","contentUrl":"https:\/\/www.webdo.tn\/fr\/wp-content\/uploads\/2025\/06\/Webdo-Tunisie_168377.jpg","width":301,"height":301,"caption":"Webdo"},"image":{"@id":"https:\/\/www.webdo.tn\/fr\/#\/schema\/logo\/image\/"},"sameAs":["https:\/\/www.facebook.com\/webdotn","https:\/\/x.com\/webdo_tn"],"description":"Webdo est un m\u00e9dia num\u00e9rique tunisien fond\u00e9 en 2010, sp\u00e9cialis\u00e9 dans l\u2019actualit\u00e9 nationale et internationale, l\u2019\u00e9conomie, la soci\u00e9t\u00e9 et les analyses politiques. Le site s\u2019adresse \u00e0 un large public francophone et couvre l\u2019information tunisienne en temps r\u00e9el.","email":"redac@webdo.tn","legalName":"YNJ SARL","foundingDate":"2010-09-06","numberOfEmployees":{"@type":"QuantitativeValue","minValue":"11","maxValue":"50"}},{"@type":"Person","@id":"https:\/\/www.webdo.tn\/fr\/#\/schema\/person\/f35b42a42c5e2511bbd282959d6385cc","name":"CL","image":{"@type":"ImageObject","inLanguage":"fr-FR","@id":"https:\/\/secure.gravatar.com\/avatar\/1447a49909b67aa657c488aec6512e1dd6143a480c1ecfee9b5b5cd74eb3b59e?s=96&d=mm&r=g","url":"https:\/\/secure.gravatar.com\/avatar\/1447a49909b67aa657c488aec6512e1dd6143a480c1ecfee9b5b5cd74eb3b59e?s=96&d=mm&r=g","contentUrl":"https:\/\/secure.gravatar.com\/avatar\/1447a49909b67aa657c488aec6512e1dd6143a480c1ecfee9b5b5cd74eb3b59e?s=96&d=mm&r=g","caption":"CL"},"url":"https:\/\/www.webdo.tn\/fr\/actualite\/author\/cl\/"}]}},"_links":{"self":[{"href":"https:\/\/www.webdo.tn\/fr\/wp-json\/wp\/v2\/posts\/207881","targetHints":{"allow":["GET"]}}],"collection":[{"href":"https:\/\/www.webdo.tn\/fr\/wp-json\/wp\/v2\/posts"}],"about":[{"href":"https:\/\/www.webdo.tn\/fr\/wp-json\/wp\/v2\/types\/post"}],"author":[{"embeddable":true,"href":"https:\/\/www.webdo.tn\/fr\/wp-json\/wp\/v2\/users\/3175"}],"replies":[{"embeddable":true,"href":"https:\/\/www.webdo.tn\/fr\/wp-json\/wp\/v2\/comments?post=207881"}],"version-history":[{"count":0,"href":"https:\/\/www.webdo.tn\/fr\/wp-json\/wp\/v2\/posts\/207881\/revisions"}],"wp:featuredmedia":[{"embeddable":true,"href":"https:\/\/www.webdo.tn\/fr\/wp-json\/wp\/v2\/media\/249574"}],"wp:attachment":[{"href":"https:\/\/www.webdo.tn\/fr\/wp-json\/wp\/v2\/media?parent=207881"}],"wp:term":[{"taxonomy":"category","embeddable":true,"href":"https:\/\/www.webdo.tn\/fr\/wp-json\/wp\/v2\/categories?post=207881"},{"taxonomy":"post_tag","embeddable":true,"href":"https:\/\/www.webdo.tn\/fr\/wp-json\/wp\/v2\/tags?post=207881"}],"curies":[{"name":"wp","href":"https:\/\/api.w.org\/{rel}","templated":true}]}}