{"id":207875,"date":"2023-08-11T18:27:00","date_gmt":"2023-08-11T18:27:00","guid":{"rendered":"https:\/\/www.webdo.tn\/fr\/blog\/bouasker-les-prochaines-elections-couteront-40-md\/207875\/"},"modified":"2023-08-11T18:27:00","modified_gmt":"2023-08-11T18:27:00","slug":"bouasker-les-prochaines-elections-couteront-40-md","status":"publish","type":"post","link":"https:\/\/www.webdo.tn\/fr\/actualite\/national\/bouasker-les-prochaines-elections-couteront-40-md\/207875\/","title":{"rendered":"Bouasker : Les prochaines \u00e9lections co\u00fbteront 40 MD"},"content":{"rendered":"<p>Le pr\u00e9sident de l&rsquo;instance sup\u00e9rieure ind\u00e9pendante pour les \u00e9lections (ISIE), Farouk Bouasker, a expliqu\u00e9, que le co\u00fbt financier de la prochaine \u00e9ch\u00e9ance \u00e9lectorale s&rsquo;\u00e9l\u00e8vera \u00e0 40 millions de dinars, dans une d\u00e9clarations \u00e0 l&rsquo;agence TAP, ce vendredi 11 ao\u00fbt 2023.<\/p>\n<p>\t\t\t\t\t\t\t\t\tFarouk Bouaskera ainsi expliqu\u00e9 que ce co\u00fbt des \u00e9lections locales \u00e0 venir ne d\u00e9passera pas celui enregistr\u00e9 habituellement lors des \u00e9ch\u00e9ances \u00e9lectorales pr\u00e9c\u00e9dentes.<\/p>\n<p>Le pr\u00e9sident de l&rsquo;Instance a soulign\u00e9 que la part de lion des d\u00e9penses \u00e9lectorales, soit les deux tiers, sera affect\u00e9e aux organismes publics traitant avec l&rsquo;ISIE. Pour le reste du montant des d\u00e9penses \u00e9lectorales, il sera affect\u00e9 au recrutement des agents des bureaux de vote, dont le nombre s&rsquo;\u00e9l\u00e8ve le jour du scrutin \u00e0 60 mille agents.<\/p>\n","protected":false},"excerpt":{"rendered":"<p>Le pr\u00e9sident de l&rsquo;instance sup\u00e9rieure ind\u00e9pendante pour les \u00e9lections (ISIE), Farouk Bouasker, a expliqu\u00e9, que le co\u00fbt financier de la prochaine \u00e9ch\u00e9ance \u00e9lecto&#8230;<\/p>\n","protected":false},"author":3169,"featured_media":249569,"comment_status":"open","ping_status":"closed","sticky":false,"template":"","format":"standard","meta":{"footnotes":""},"categories":[44],"tags":[3923,8062,2967,2608],"class_list":["post-207875","post","type-post","status-publish","format-standard","has-post-thumbnail","hentry","category-national","tag-elections","tag-farouk-bouasker","tag-isie","tag-tunisie"],"yoast_head":"<!-- This site is optimized with the Yoast SEO Premium plugin v27.5 (Yoast SEO v27.5) - https:\/\/yoast.com\/product\/yoast-seo-premium-wordpress\/ -->\n<title>Bouasker : Les prochaines \u00e9lections co\u00fbteront 40 MD<\/title>\n<meta name=\"description\" content=\"Le pr\u00e9sident de l&#039;instance sup\u00e9rieure ind\u00e9pendante pour les \u00e9lections (ISIE), Farouk Bouasker, a expliqu\u00e9, que le co\u00fbt financier de la prochaine \u00e9ch\u00e9ance \u00e9lecto...\" \/>\n<link rel=\"canonical\" href=\"https:\/\/www.webdo.tn\/fr\/actualite\/national\/bouasker-les-prochaines-elections-couteront-40-md\/207875\/\" \/>\n<meta property=\"og:locale\" content=\"fr_FR\" \/>\n<meta property=\"og:type\" content=\"article\" \/>\n<meta property=\"og:title\" content=\"Bouasker : Les prochaines \u00e9lections co\u00fbteront 40 MD\" \/>\n<meta property=\"og:description\" content=\"Le pr\u00e9sident de l&#039;instance sup\u00e9rieure ind\u00e9pendante pour les \u00e9lections (ISIE), Farouk Bouasker, a expliqu\u00e9, que le co\u00fbt financier de la prochaine \u00e9ch\u00e9ance \u00e9lecto...\" \/>\n<meta property=\"og:url\" content=\"https:\/\/www.webdo.tn\/fr\/actualite\/national\/bouasker-les-prochaines-elections-couteront-40-md\/207875\/\" \/>\n<meta property=\"og:site_name\" content=\"webdo\" \/>\n<meta property=\"article:publisher\" content=\"https:\/\/www.facebook.com\/webdotn\" \/>\n<meta property=\"article:published_time\" content=\"2023-08-11T18:27:00+00:00\" \/>\n<meta property=\"og:image\" content=\"https:\/\/www.webdo.tn\/fr\/wp-content\/uploads\/2023\/08\/43e215e61042eed4fa391a3f8682d5b8.jpeg\" \/>\n\t<meta property=\"og:image:width\" content=\"563\" \/>\n\t<meta property=\"og:image:height\" content=\"300\" \/>\n\t<meta property=\"og:image:type\" content=\"image\/jpeg\" \/>\n<meta name=\"author\" content=\"Webdo\" \/>\n<meta name=\"twitter:card\" content=\"summary_large_image\" \/>\n<meta name=\"twitter:creator\" content=\"@webdo_tn\" \/>\n<meta name=\"twitter:site\" content=\"@webdo_tn\" \/>\n<meta name=\"twitter:label1\" content=\"\u00c9crit par\" \/>\n\t<meta name=\"twitter:data1\" content=\"Webdo\" \/>\n\t<meta name=\"twitter:label2\" content=\"Dur\u00e9e de lecture estim\u00e9e\" \/>\n\t<meta name=\"twitter:data2\" content=\"1 minute\" \/>\n<script type=\"application\/ld+json\" class=\"yoast-schema-graph\">{\"@context\":\"https:\\\/\\\/schema.org\",\"@graph\":[{\"@type\":\"NewsArticle\",\"@id\":\"https:\\\/\\\/www.webdo.tn\\\/fr\\\/actualite\\\/national\\\/bouasker-les-prochaines-elections-couteront-40-md\\\/207875\\\/#article\",\"isPartOf\":{\"@id\":\"https:\\\/\\\/www.webdo.tn\\\/fr\\\/actualite\\\/national\\\/bouasker-les-prochaines-elections-couteront-40-md\\\/207875\\\/\"},\"author\":{\"name\":\"Webdo\",\"@id\":\"https:\\\/\\\/www.webdo.tn\\\/fr\\\/#\\\/schema\\\/person\\\/1f4e491e0907b413d61089e8eb573acc\"},\"headline\":\"Bouasker : Les prochaines \u00e9lections co\u00fbteront 40 MD\",\"datePublished\":\"2023-08-11T18:27:00+00:00\",\"mainEntityOfPage\":{\"@id\":\"https:\\\/\\\/www.webdo.tn\\\/fr\\\/actualite\\\/national\\\/bouasker-les-prochaines-elections-couteront-40-md\\\/207875\\\/\"},\"wordCount\":143,\"commentCount\":0,\"publisher\":{\"@id\":\"https:\\\/\\\/www.webdo.tn\\\/fr\\\/#organization\"},\"image\":{\"@id\":\"https:\\\/\\\/www.webdo.tn\\\/fr\\\/actualite\\\/national\\\/bouasker-les-prochaines-elections-couteront-40-md\\\/207875\\\/#primaryimage\"},\"thumbnailUrl\":\"https:\\\/\\\/www.webdo.tn\\\/fr\\\/wp-content\\\/uploads\\\/2023\\\/08\\\/43e215e61042eed4fa391a3f8682d5b8.jpeg\",\"keywords\":[\"\u00e9lections\",\"Farouk Bouasker\",\"ISIE\",\"Tunisie\"],\"articleSection\":[\"National\"],\"inLanguage\":\"fr-FR\"},{\"@type\":\"WebPage\",\"@id\":\"https:\\\/\\\/www.webdo.tn\\\/fr\\\/actualite\\\/national\\\/bouasker-les-prochaines-elections-couteront-40-md\\\/207875\\\/\",\"url\":\"https:\\\/\\\/www.webdo.tn\\\/fr\\\/actualite\\\/national\\\/bouasker-les-prochaines-elections-couteront-40-md\\\/207875\\\/\",\"name\":\"Bouasker : Les prochaines \u00e9lections co\u00fbteront 40 MD\",\"isPartOf\":{\"@id\":\"https:\\\/\\\/www.webdo.tn\\\/fr\\\/#website\"},\"primaryImageOfPage\":{\"@id\":\"https:\\\/\\\/www.webdo.tn\\\/fr\\\/actualite\\\/national\\\/bouasker-les-prochaines-elections-couteront-40-md\\\/207875\\\/#primaryimage\"},\"image\":{\"@id\":\"https:\\\/\\\/www.webdo.tn\\\/fr\\\/actualite\\\/national\\\/bouasker-les-prochaines-elections-couteront-40-md\\\/207875\\\/#primaryimage\"},\"thumbnailUrl\":\"https:\\\/\\\/www.webdo.tn\\\/fr\\\/wp-content\\\/uploads\\\/2023\\\/08\\\/43e215e61042eed4fa391a3f8682d5b8.jpeg\",\"datePublished\":\"2023-08-11T18:27:00+00:00\",\"description\":\"Le pr\u00e9sident de l'instance sup\u00e9rieure ind\u00e9pendante pour les \u00e9lections (ISIE), Farouk Bouasker, a expliqu\u00e9, que le co\u00fbt financier de la prochaine \u00e9ch\u00e9ance \u00e9lecto...\",\"breadcrumb\":{\"@id\":\"https:\\\/\\\/www.webdo.tn\\\/fr\\\/actualite\\\/national\\\/bouasker-les-prochaines-elections-couteront-40-md\\\/207875\\\/#breadcrumb\"},\"inLanguage\":\"fr-FR\",\"potentialAction\":[{\"@type\":\"ReadAction\",\"target\":[\"https:\\\/\\\/www.webdo.tn\\\/fr\\\/actualite\\\/national\\\/bouasker-les-prochaines-elections-couteront-40-md\\\/207875\\\/\"]}]},{\"@type\":\"ImageObject\",\"inLanguage\":\"fr-FR\",\"@id\":\"https:\\\/\\\/www.webdo.tn\\\/fr\\\/actualite\\\/national\\\/bouasker-les-prochaines-elections-couteront-40-md\\\/207875\\\/#primaryimage\",\"url\":\"https:\\\/\\\/www.webdo.tn\\\/fr\\\/wp-content\\\/uploads\\\/2023\\\/08\\\/43e215e61042eed4fa391a3f8682d5b8.jpeg\",\"contentUrl\":\"https:\\\/\\\/www.webdo.tn\\\/fr\\\/wp-content\\\/uploads\\\/2023\\\/08\\\/43e215e61042eed4fa391a3f8682d5b8.jpeg\",\"width\":563,\"height\":300,\"caption\":\"Bouasker : Les prochaines \u00e9lections co\u00fbteront 40 MD\"},{\"@type\":\"BreadcrumbList\",\"@id\":\"https:\\\/\\\/www.webdo.tn\\\/fr\\\/actualite\\\/national\\\/bouasker-les-prochaines-elections-couteront-40-md\\\/207875\\\/#breadcrumb\",\"itemListElement\":[{\"@type\":\"ListItem\",\"position\":1,\"name\":\"Accueil\",\"item\":\"https:\\\/\\\/www.webdo.tn\\\/fr\\\/\"},{\"@type\":\"ListItem\",\"position\":2,\"name\":\"Bouasker : Les prochaines \u00e9lections co\u00fbteront 40 MD\"}]},{\"@type\":\"WebSite\",\"@id\":\"https:\\\/\\\/www.webdo.tn\\\/fr\\\/#website\",\"url\":\"https:\\\/\\\/www.webdo.tn\\\/fr\\\/\",\"name\":\"webdo\",\"description\":\"Tunisie - News en Tunisie et \u00e0 l&#039;international sur Webdo.tn\",\"publisher\":{\"@id\":\"https:\\\/\\\/www.webdo.tn\\\/fr\\\/#organization\"},\"potentialAction\":[{\"@type\":\"SearchAction\",\"target\":{\"@type\":\"EntryPoint\",\"urlTemplate\":\"https:\\\/\\\/www.webdo.tn\\\/fr\\\/?s={search_term_string}\"},\"query-input\":{\"@type\":\"PropertyValueSpecification\",\"valueRequired\":true,\"valueName\":\"search_term_string\"}}],\"inLanguage\":\"fr-FR\"},{\"@type\":\"Organization\",\"@id\":\"https:\\\/\\\/www.webdo.tn\\\/fr\\\/#organization\",\"name\":\"Webdo\",\"alternateName\":\"Webdo.tn\",\"url\":\"https:\\\/\\\/www.webdo.tn\\\/fr\\\/\",\"logo\":{\"@type\":\"ImageObject\",\"inLanguage\":\"fr-FR\",\"@id\":\"https:\\\/\\\/www.webdo.tn\\\/fr\\\/#\\\/schema\\\/logo\\\/image\\\/\",\"url\":\"https:\\\/\\\/www.webdo.tn\\\/fr\\\/wp-content\\\/uploads\\\/2025\\\/06\\\/Webdo-Tunisie_168377.jpg\",\"contentUrl\":\"https:\\\/\\\/www.webdo.tn\\\/fr\\\/wp-content\\\/uploads\\\/2025\\\/06\\\/Webdo-Tunisie_168377.jpg\",\"width\":301,\"height\":301,\"caption\":\"Webdo\"},\"image\":{\"@id\":\"https:\\\/\\\/www.webdo.tn\\\/fr\\\/#\\\/schema\\\/logo\\\/image\\\/\"},\"sameAs\":[\"https:\\\/\\\/www.facebook.com\\\/webdotn\",\"https:\\\/\\\/x.com\\\/webdo_tn\"],\"description\":\"Webdo est un m\u00e9dia num\u00e9rique tunisien fond\u00e9 en 2010, sp\u00e9cialis\u00e9 dans l\u2019actualit\u00e9 nationale et internationale, l\u2019\u00e9conomie, la soci\u00e9t\u00e9 et les analyses politiques. Le site s\u2019adresse \u00e0 un large public francophone et couvre l\u2019information tunisienne en temps r\u00e9el.\",\"email\":\"redac@webdo.tn\",\"legalName\":\"YNJ SARL\",\"foundingDate\":\"2010-09-06\",\"numberOfEmployees\":{\"@type\":\"QuantitativeValue\",\"minValue\":\"11\",\"maxValue\":\"50\"}},{\"@type\":\"Person\",\"@id\":\"https:\\\/\\\/www.webdo.tn\\\/fr\\\/#\\\/schema\\\/person\\\/1f4e491e0907b413d61089e8eb573acc\",\"name\":\"Webdo\",\"image\":{\"@type\":\"ImageObject\",\"inLanguage\":\"fr-FR\",\"@id\":\"https:\\\/\\\/secure.gravatar.com\\\/avatar\\\/de97aeec1bb80978a9dbb127e47dfc88aaacb2f3c29aac907d8d3222e3495d49?s=96&d=mm&r=g\",\"url\":\"https:\\\/\\\/secure.gravatar.com\\\/avatar\\\/de97aeec1bb80978a9dbb127e47dfc88aaacb2f3c29aac907d8d3222e3495d49?s=96&d=mm&r=g\",\"contentUrl\":\"https:\\\/\\\/secure.gravatar.com\\\/avatar\\\/de97aeec1bb80978a9dbb127e47dfc88aaacb2f3c29aac907d8d3222e3495d49?s=96&d=mm&r=g\",\"caption\":\"Webdo\"},\"url\":\"https:\\\/\\\/www.webdo.tn\\\/fr\\\/actualite\\\/author\\\/webdo\\\/\"}]}<\/script>\n<!-- \/ Yoast SEO Premium plugin. -->","yoast_head_json":{"title":"Bouasker : Les prochaines \u00e9lections co\u00fbteront 40 MD","description":"Le pr\u00e9sident de l'instance sup\u00e9rieure ind\u00e9pendante pour les \u00e9lections (ISIE), Farouk Bouasker, a expliqu\u00e9, que le co\u00fbt financier de la prochaine \u00e9ch\u00e9ance \u00e9lecto...","canonical":"https:\/\/www.webdo.tn\/fr\/actualite\/national\/bouasker-les-prochaines-elections-couteront-40-md\/207875\/","og_locale":"fr_FR","og_type":"article","og_title":"Bouasker : Les prochaines \u00e9lections co\u00fbteront 40 MD","og_description":"Le pr\u00e9sident de l'instance sup\u00e9rieure ind\u00e9pendante pour les \u00e9lections (ISIE), Farouk Bouasker, a expliqu\u00e9, que le co\u00fbt financier de la prochaine \u00e9ch\u00e9ance \u00e9lecto...","og_url":"https:\/\/www.webdo.tn\/fr\/actualite\/national\/bouasker-les-prochaines-elections-couteront-40-md\/207875\/","og_site_name":"webdo","article_publisher":"https:\/\/www.facebook.com\/webdotn","article_published_time":"2023-08-11T18:27:00+00:00","og_image":[{"width":563,"height":300,"url":"https:\/\/www.webdo.tn\/fr\/wp-content\/uploads\/2023\/08\/43e215e61042eed4fa391a3f8682d5b8.jpeg","type":"image\/jpeg"}],"author":"Webdo","twitter_card":"summary_large_image","twitter_creator":"@webdo_tn","twitter_site":"@webdo_tn","twitter_misc":{"\u00c9crit par":"Webdo","Dur\u00e9e de lecture estim\u00e9e":"1 minute"},"schema":{"@context":"https:\/\/schema.org","@graph":[{"@type":"NewsArticle","@id":"https:\/\/www.webdo.tn\/fr\/actualite\/national\/bouasker-les-prochaines-elections-couteront-40-md\/207875\/#article","isPartOf":{"@id":"https:\/\/www.webdo.tn\/fr\/actualite\/national\/bouasker-les-prochaines-elections-couteront-40-md\/207875\/"},"author":{"name":"Webdo","@id":"https:\/\/www.webdo.tn\/fr\/#\/schema\/person\/1f4e491e0907b413d61089e8eb573acc"},"headline":"Bouasker : Les prochaines \u00e9lections co\u00fbteront 40 MD","datePublished":"2023-08-11T18:27:00+00:00","mainEntityOfPage":{"@id":"https:\/\/www.webdo.tn\/fr\/actualite\/national\/bouasker-les-prochaines-elections-couteront-40-md\/207875\/"},"wordCount":143,"commentCount":0,"publisher":{"@id":"https:\/\/www.webdo.tn\/fr\/#organization"},"image":{"@id":"https:\/\/www.webdo.tn\/fr\/actualite\/national\/bouasker-les-prochaines-elections-couteront-40-md\/207875\/#primaryimage"},"thumbnailUrl":"https:\/\/www.webdo.tn\/fr\/wp-content\/uploads\/2023\/08\/43e215e61042eed4fa391a3f8682d5b8.jpeg","keywords":["\u00e9lections","Farouk Bouasker","ISIE","Tunisie"],"articleSection":["National"],"inLanguage":"fr-FR"},{"@type":"WebPage","@id":"https:\/\/www.webdo.tn\/fr\/actualite\/national\/bouasker-les-prochaines-elections-couteront-40-md\/207875\/","url":"https:\/\/www.webdo.tn\/fr\/actualite\/national\/bouasker-les-prochaines-elections-couteront-40-md\/207875\/","name":"Bouasker : Les prochaines \u00e9lections co\u00fbteront 40 MD","isPartOf":{"@id":"https:\/\/www.webdo.tn\/fr\/#website"},"primaryImageOfPage":{"@id":"https:\/\/www.webdo.tn\/fr\/actualite\/national\/bouasker-les-prochaines-elections-couteront-40-md\/207875\/#primaryimage"},"image":{"@id":"https:\/\/www.webdo.tn\/fr\/actualite\/national\/bouasker-les-prochaines-elections-couteront-40-md\/207875\/#primaryimage"},"thumbnailUrl":"https:\/\/www.webdo.tn\/fr\/wp-content\/uploads\/2023\/08\/43e215e61042eed4fa391a3f8682d5b8.jpeg","datePublished":"2023-08-11T18:27:00+00:00","description":"Le pr\u00e9sident de l'instance sup\u00e9rieure ind\u00e9pendante pour les \u00e9lections (ISIE), Farouk Bouasker, a expliqu\u00e9, que le co\u00fbt financier de la prochaine \u00e9ch\u00e9ance \u00e9lecto...","breadcrumb":{"@id":"https:\/\/www.webdo.tn\/fr\/actualite\/national\/bouasker-les-prochaines-elections-couteront-40-md\/207875\/#breadcrumb"},"inLanguage":"fr-FR","potentialAction":[{"@type":"ReadAction","target":["https:\/\/www.webdo.tn\/fr\/actualite\/national\/bouasker-les-prochaines-elections-couteront-40-md\/207875\/"]}]},{"@type":"ImageObject","inLanguage":"fr-FR","@id":"https:\/\/www.webdo.tn\/fr\/actualite\/national\/bouasker-les-prochaines-elections-couteront-40-md\/207875\/#primaryimage","url":"https:\/\/www.webdo.tn\/fr\/wp-content\/uploads\/2023\/08\/43e215e61042eed4fa391a3f8682d5b8.jpeg","contentUrl":"https:\/\/www.webdo.tn\/fr\/wp-content\/uploads\/2023\/08\/43e215e61042eed4fa391a3f8682d5b8.jpeg","width":563,"height":300,"caption":"Bouasker : Les prochaines \u00e9lections co\u00fbteront 40 MD"},{"@type":"BreadcrumbList","@id":"https:\/\/www.webdo.tn\/fr\/actualite\/national\/bouasker-les-prochaines-elections-couteront-40-md\/207875\/#breadcrumb","itemListElement":[{"@type":"ListItem","position":1,"name":"Accueil","item":"https:\/\/www.webdo.tn\/fr\/"},{"@type":"ListItem","position":2,"name":"Bouasker : Les prochaines \u00e9lections co\u00fbteront 40 MD"}]},{"@type":"WebSite","@id":"https:\/\/www.webdo.tn\/fr\/#website","url":"https:\/\/www.webdo.tn\/fr\/","name":"webdo","description":"Tunisie - News en Tunisie et \u00e0 l&#039;international sur Webdo.tn","publisher":{"@id":"https:\/\/www.webdo.tn\/fr\/#organization"},"potentialAction":[{"@type":"SearchAction","target":{"@type":"EntryPoint","urlTemplate":"https:\/\/www.webdo.tn\/fr\/?s={search_term_string}"},"query-input":{"@type":"PropertyValueSpecification","valueRequired":true,"valueName":"search_term_string"}}],"inLanguage":"fr-FR"},{"@type":"Organization","@id":"https:\/\/www.webdo.tn\/fr\/#organization","name":"Webdo","alternateName":"Webdo.tn","url":"https:\/\/www.webdo.tn\/fr\/","logo":{"@type":"ImageObject","inLanguage":"fr-FR","@id":"https:\/\/www.webdo.tn\/fr\/#\/schema\/logo\/image\/","url":"https:\/\/www.webdo.tn\/fr\/wp-content\/uploads\/2025\/06\/Webdo-Tunisie_168377.jpg","contentUrl":"https:\/\/www.webdo.tn\/fr\/wp-content\/uploads\/2025\/06\/Webdo-Tunisie_168377.jpg","width":301,"height":301,"caption":"Webdo"},"image":{"@id":"https:\/\/www.webdo.tn\/fr\/#\/schema\/logo\/image\/"},"sameAs":["https:\/\/www.facebook.com\/webdotn","https:\/\/x.com\/webdo_tn"],"description":"Webdo est un m\u00e9dia num\u00e9rique tunisien fond\u00e9 en 2010, sp\u00e9cialis\u00e9 dans l\u2019actualit\u00e9 nationale et internationale, l\u2019\u00e9conomie, la soci\u00e9t\u00e9 et les analyses politiques. Le site s\u2019adresse \u00e0 un large public francophone et couvre l\u2019information tunisienne en temps r\u00e9el.","email":"redac@webdo.tn","legalName":"YNJ SARL","foundingDate":"2010-09-06","numberOfEmployees":{"@type":"QuantitativeValue","minValue":"11","maxValue":"50"}},{"@type":"Person","@id":"https:\/\/www.webdo.tn\/fr\/#\/schema\/person\/1f4e491e0907b413d61089e8eb573acc","name":"Webdo","image":{"@type":"ImageObject","inLanguage":"fr-FR","@id":"https:\/\/secure.gravatar.com\/avatar\/de97aeec1bb80978a9dbb127e47dfc88aaacb2f3c29aac907d8d3222e3495d49?s=96&d=mm&r=g","url":"https:\/\/secure.gravatar.com\/avatar\/de97aeec1bb80978a9dbb127e47dfc88aaacb2f3c29aac907d8d3222e3495d49?s=96&d=mm&r=g","contentUrl":"https:\/\/secure.gravatar.com\/avatar\/de97aeec1bb80978a9dbb127e47dfc88aaacb2f3c29aac907d8d3222e3495d49?s=96&d=mm&r=g","caption":"Webdo"},"url":"https:\/\/www.webdo.tn\/fr\/actualite\/author\/webdo\/"}]}},"_links":{"self":[{"href":"https:\/\/www.webdo.tn\/fr\/wp-json\/wp\/v2\/posts\/207875","targetHints":{"allow":["GET"]}}],"collection":[{"href":"https:\/\/www.webdo.tn\/fr\/wp-json\/wp\/v2\/posts"}],"about":[{"href":"https:\/\/www.webdo.tn\/fr\/wp-json\/wp\/v2\/types\/post"}],"author":[{"embeddable":true,"href":"https:\/\/www.webdo.tn\/fr\/wp-json\/wp\/v2\/users\/3169"}],"replies":[{"embeddable":true,"href":"https:\/\/www.webdo.tn\/fr\/wp-json\/wp\/v2\/comments?post=207875"}],"version-history":[{"count":0,"href":"https:\/\/www.webdo.tn\/fr\/wp-json\/wp\/v2\/posts\/207875\/revisions"}],"wp:featuredmedia":[{"embeddable":true,"href":"https:\/\/www.webdo.tn\/fr\/wp-json\/wp\/v2\/media\/249569"}],"wp:attachment":[{"href":"https:\/\/www.webdo.tn\/fr\/wp-json\/wp\/v2\/media?parent=207875"}],"wp:term":[{"taxonomy":"category","embeddable":true,"href":"https:\/\/www.webdo.tn\/fr\/wp-json\/wp\/v2\/categories?post=207875"},{"taxonomy":"post_tag","embeddable":true,"href":"https:\/\/www.webdo.tn\/fr\/wp-json\/wp\/v2\/tags?post=207875"}],"curies":[{"name":"wp","href":"https:\/\/api.w.org\/{rel}","templated":true}]}}