{"id":207873,"date":"2023-08-11T14:25:00","date_gmt":"2023-08-11T14:25:00","guid":{"rendered":"https:\/\/www.webdo.tn\/fr\/blog\/tunisie-la-reorientation-universitaire-a-distance-et-du-14-au-17-aout\/207873\/"},"modified":"2025-05-20T22:57:02","modified_gmt":"2025-05-20T22:57:02","slug":"tunisie-la-reorientation-universitaire-a-distance-et-du-14-au-17-aout","status":"publish","type":"post","link":"https:\/\/www.webdo.tn\/fr\/actualite\/national\/tunisie-la-reorientation-universitaire-a-distance-et-du-14-au-17-aout\/207873\/","title":{"rendered":"Tunisie : la r\u00e9orientation universitaire \u00e0 distance et du 14 au 17 ao\u00fbt"},"content":{"rendered":"<p>Le minist\u00e8re de l&rsquo;Enseignement sup\u00e9rieur et de la Recherche scientifique a annonc\u00e9, aujourd&rsquo;hui vendredi 11 ao\u00fbt 2023, que l\u2019op\u00e9ration de r\u00e9orientation universitaire pour ceux qui ont r\u00e9ussi l&rsquo;examen du baccalaur\u00e9at 2023, s&rsquo;effectuera exclusivement \u00e0 distance, via le site d&rsquo;orientation universitaire, et ce, du 14 au 17 ao\u00fbt en cours.<\/p>\n<p>\t\t\t\t\t\t\t\t\tLe minist\u00e8re de l&rsquo;Enseignement sup\u00e9rieur ajoute, dans le communiqu\u00e9 publi\u00e9 aujourd\u2019hui, que les dossiers de r\u00e9orientation universitaire pour raison de sant\u00e9 ou sociale, ou pour les bacheliers brillants, doivent \u00eatre envoy\u00e9s exclusivement par lettre recommand\u00e9e, du 14 ao\u00fbt au 18 ao\u00fbt, pr\u00e9cisant que le cachet de la poste faisant foi quant \u00e0 la confirmation de la date d&rsquo;envoi.<\/p>\n<p>Les \u00e9l\u00e8ves brillants et de talents dans un domaine cr\u00e9atif donn\u00e9 sont dispens\u00e9s de la r\u00e9orientation \u00e0 distance et peuvent se contenter d&rsquo;envoyer leurs dossiers exclusivement par courrier recommand\u00e9.<\/p>\n<p>Le minist\u00e8re a d\u2019autre part appel\u00e9 les candidats et leurs parents \u00e0 respecter les d\u00e9lais et proc\u00e9dures tels que stipul\u00e9s dans le Guide d&rsquo;Orientation Universitaire 2023, sans qu&rsquo;il ne soit n\u00e9cessaire de se d\u00e9placer pour les diff\u00e9rents services minist\u00e9riels.<\/p>\n","protected":false},"excerpt":{"rendered":"<p>Le minist\u00e8re de l&rsquo;Enseignement sup\u00e9rieur et de la Recherche scientifique a annonc\u00e9, aujourd&rsquo;hui vendredi 11 ao\u00fbt 2023, que l\u2019op\u00e9ration de r\u00e9orientation universi&#8230;<\/p>\n","protected":false},"author":3185,"featured_media":249568,"comment_status":"open","ping_status":"closed","sticky":false,"template":"","format":"standard","meta":{"footnotes":""},"categories":[44],"tags":[4476,2940,8113],"class_list":["post-207873","post","type-post","status-publish","format-standard","has-post-thumbnail","hentry","category-national","tag-delais","tag-enseignement-superieur","tag-reorientation"],"yoast_head":"<!-- This site is optimized with the Yoast SEO Premium plugin v27.5 (Yoast SEO v27.5) - https:\/\/yoast.com\/product\/yoast-seo-premium-wordpress\/ -->\n<title>Tunisie : la r\u00e9orientation universitaire \u00e0 distance et du 14 au 17 ao\u00fbt<\/title>\n<meta name=\"description\" content=\"Le minist\u00e8re de l&#039;Enseignement sup\u00e9rieur et de la Recherche scientifique a annonc\u00e9, aujourd&#039;hui vendredi 11 ao\u00fbt 2023, que l\u2019op\u00e9ration de r\u00e9orientation universi...\" \/>\n<link rel=\"canonical\" href=\"https:\/\/www.webdo.tn\/fr\/actualite\/national\/tunisie-la-reorientation-universitaire-a-distance-et-du-14-au-17-aout\/207873\/\" \/>\n<meta property=\"og:locale\" content=\"fr_FR\" \/>\n<meta property=\"og:type\" content=\"article\" \/>\n<meta property=\"og:title\" content=\"Tunisie : la r\u00e9orientation universitaire \u00e0 distance et du 14 au 17 ao\u00fbt\" \/>\n<meta property=\"og:description\" content=\"Le minist\u00e8re de l&#039;Enseignement sup\u00e9rieur et de la Recherche scientifique a annonc\u00e9, aujourd&#039;hui vendredi 11 ao\u00fbt 2023, que l\u2019op\u00e9ration de r\u00e9orientation universi...\" \/>\n<meta property=\"og:url\" content=\"https:\/\/www.webdo.tn\/fr\/actualite\/national\/tunisie-la-reorientation-universitaire-a-distance-et-du-14-au-17-aout\/207873\/\" \/>\n<meta property=\"og:site_name\" content=\"webdo\" \/>\n<meta property=\"article:publisher\" content=\"https:\/\/www.facebook.com\/webdotn\" \/>\n<meta property=\"article:published_time\" content=\"2023-08-11T14:25:00+00:00\" \/>\n<meta property=\"article:modified_time\" content=\"2025-05-20T22:57:02+00:00\" \/>\n<meta property=\"og:image\" content=\"https:\/\/www.webdo.tn\/fr\/wp-content\/uploads\/2023\/08\/b66076d1ec08a67642688c09fcd68037.jpg\" \/>\n\t<meta property=\"og:image:width\" content=\"675\" \/>\n\t<meta property=\"og:image:height\" content=\"360\" \/>\n\t<meta property=\"og:image:type\" content=\"image\/jpeg\" \/>\n<meta name=\"author\" content=\"WDA\" \/>\n<meta name=\"twitter:card\" content=\"summary_large_image\" \/>\n<meta name=\"twitter:creator\" content=\"@webdo_tn\" \/>\n<meta name=\"twitter:site\" content=\"@webdo_tn\" \/>\n<meta name=\"twitter:label1\" content=\"\u00c9crit par\" \/>\n\t<meta name=\"twitter:data1\" content=\"WDA\" \/>\n\t<meta name=\"twitter:label2\" content=\"Dur\u00e9e de lecture estim\u00e9e\" \/>\n\t<meta name=\"twitter:data2\" content=\"1 minute\" \/>\n<script type=\"application\/ld+json\" class=\"yoast-schema-graph\">{\"@context\":\"https:\\\/\\\/schema.org\",\"@graph\":[{\"@type\":\"NewsArticle\",\"@id\":\"https:\\\/\\\/www.webdo.tn\\\/fr\\\/actualite\\\/national\\\/tunisie-la-reorientation-universitaire-a-distance-et-du-14-au-17-aout\\\/207873\\\/#article\",\"isPartOf\":{\"@id\":\"https:\\\/\\\/www.webdo.tn\\\/fr\\\/actualite\\\/national\\\/tunisie-la-reorientation-universitaire-a-distance-et-du-14-au-17-aout\\\/207873\\\/\"},\"author\":{\"name\":\"WDA\",\"@id\":\"https:\\\/\\\/www.webdo.tn\\\/fr\\\/#\\\/schema\\\/person\\\/ae999f6cc68c323955dd7bb23b41f2dd\"},\"headline\":\"Tunisie : la r\u00e9orientation universitaire \u00e0 distance et du 14 au 17 ao\u00fbt\",\"datePublished\":\"2023-08-11T14:25:00+00:00\",\"dateModified\":\"2025-05-20T22:57:02+00:00\",\"mainEntityOfPage\":{\"@id\":\"https:\\\/\\\/www.webdo.tn\\\/fr\\\/actualite\\\/national\\\/tunisie-la-reorientation-universitaire-a-distance-et-du-14-au-17-aout\\\/207873\\\/\"},\"wordCount\":215,\"commentCount\":0,\"publisher\":{\"@id\":\"https:\\\/\\\/www.webdo.tn\\\/fr\\\/#organization\"},\"image\":{\"@id\":\"https:\\\/\\\/www.webdo.tn\\\/fr\\\/actualite\\\/national\\\/tunisie-la-reorientation-universitaire-a-distance-et-du-14-au-17-aout\\\/207873\\\/#primaryimage\"},\"thumbnailUrl\":\"https:\\\/\\\/www.webdo.tn\\\/fr\\\/wp-content\\\/uploads\\\/2023\\\/08\\\/b66076d1ec08a67642688c09fcd68037.jpg\",\"keywords\":[\"d\u00e9lais\",\"enseignement sup\u00e9rieur\",\"R\u00e9orientation\"],\"articleSection\":[\"National\"],\"inLanguage\":\"fr-FR\"},{\"@type\":\"WebPage\",\"@id\":\"https:\\\/\\\/www.webdo.tn\\\/fr\\\/actualite\\\/national\\\/tunisie-la-reorientation-universitaire-a-distance-et-du-14-au-17-aout\\\/207873\\\/\",\"url\":\"https:\\\/\\\/www.webdo.tn\\\/fr\\\/actualite\\\/national\\\/tunisie-la-reorientation-universitaire-a-distance-et-du-14-au-17-aout\\\/207873\\\/\",\"name\":\"Tunisie : la r\u00e9orientation universitaire \u00e0 distance et du 14 au 17 ao\u00fbt\",\"isPartOf\":{\"@id\":\"https:\\\/\\\/www.webdo.tn\\\/fr\\\/#website\"},\"primaryImageOfPage\":{\"@id\":\"https:\\\/\\\/www.webdo.tn\\\/fr\\\/actualite\\\/national\\\/tunisie-la-reorientation-universitaire-a-distance-et-du-14-au-17-aout\\\/207873\\\/#primaryimage\"},\"image\":{\"@id\":\"https:\\\/\\\/www.webdo.tn\\\/fr\\\/actualite\\\/national\\\/tunisie-la-reorientation-universitaire-a-distance-et-du-14-au-17-aout\\\/207873\\\/#primaryimage\"},\"thumbnailUrl\":\"https:\\\/\\\/www.webdo.tn\\\/fr\\\/wp-content\\\/uploads\\\/2023\\\/08\\\/b66076d1ec08a67642688c09fcd68037.jpg\",\"datePublished\":\"2023-08-11T14:25:00+00:00\",\"dateModified\":\"2025-05-20T22:57:02+00:00\",\"description\":\"Le minist\u00e8re de l'Enseignement sup\u00e9rieur et de la Recherche scientifique a annonc\u00e9, aujourd'hui vendredi 11 ao\u00fbt 2023, que l\u2019op\u00e9ration de r\u00e9orientation universi...\",\"breadcrumb\":{\"@id\":\"https:\\\/\\\/www.webdo.tn\\\/fr\\\/actualite\\\/national\\\/tunisie-la-reorientation-universitaire-a-distance-et-du-14-au-17-aout\\\/207873\\\/#breadcrumb\"},\"inLanguage\":\"fr-FR\",\"potentialAction\":[{\"@type\":\"ReadAction\",\"target\":[\"https:\\\/\\\/www.webdo.tn\\\/fr\\\/actualite\\\/national\\\/tunisie-la-reorientation-universitaire-a-distance-et-du-14-au-17-aout\\\/207873\\\/\"]}]},{\"@type\":\"ImageObject\",\"inLanguage\":\"fr-FR\",\"@id\":\"https:\\\/\\\/www.webdo.tn\\\/fr\\\/actualite\\\/national\\\/tunisie-la-reorientation-universitaire-a-distance-et-du-14-au-17-aout\\\/207873\\\/#primaryimage\",\"url\":\"https:\\\/\\\/www.webdo.tn\\\/fr\\\/wp-content\\\/uploads\\\/2023\\\/08\\\/b66076d1ec08a67642688c09fcd68037.jpg\",\"contentUrl\":\"https:\\\/\\\/www.webdo.tn\\\/fr\\\/wp-content\\\/uploads\\\/2023\\\/08\\\/b66076d1ec08a67642688c09fcd68037.jpg\",\"width\":675,\"height\":360,\"caption\":\"Tunisie : la r\u00e9orientation universitaire \u00e0 distance et du 14 au 17 ao\u00fbt\"},{\"@type\":\"BreadcrumbList\",\"@id\":\"https:\\\/\\\/www.webdo.tn\\\/fr\\\/actualite\\\/national\\\/tunisie-la-reorientation-universitaire-a-distance-et-du-14-au-17-aout\\\/207873\\\/#breadcrumb\",\"itemListElement\":[{\"@type\":\"ListItem\",\"position\":1,\"name\":\"Accueil\",\"item\":\"https:\\\/\\\/www.webdo.tn\\\/fr\\\/\"},{\"@type\":\"ListItem\",\"position\":2,\"name\":\"Tunisie : la r\u00e9orientation universitaire \u00e0 distance et du 14 au 17 ao\u00fbt\"}]},{\"@type\":\"WebSite\",\"@id\":\"https:\\\/\\\/www.webdo.tn\\\/fr\\\/#website\",\"url\":\"https:\\\/\\\/www.webdo.tn\\\/fr\\\/\",\"name\":\"webdo\",\"description\":\"Tunisie - News en Tunisie et \u00e0 l&#039;international sur Webdo.tn\",\"publisher\":{\"@id\":\"https:\\\/\\\/www.webdo.tn\\\/fr\\\/#organization\"},\"potentialAction\":[{\"@type\":\"SearchAction\",\"target\":{\"@type\":\"EntryPoint\",\"urlTemplate\":\"https:\\\/\\\/www.webdo.tn\\\/fr\\\/?s={search_term_string}\"},\"query-input\":{\"@type\":\"PropertyValueSpecification\",\"valueRequired\":true,\"valueName\":\"search_term_string\"}}],\"inLanguage\":\"fr-FR\"},{\"@type\":\"Organization\",\"@id\":\"https:\\\/\\\/www.webdo.tn\\\/fr\\\/#organization\",\"name\":\"Webdo\",\"alternateName\":\"Webdo.tn\",\"url\":\"https:\\\/\\\/www.webdo.tn\\\/fr\\\/\",\"logo\":{\"@type\":\"ImageObject\",\"inLanguage\":\"fr-FR\",\"@id\":\"https:\\\/\\\/www.webdo.tn\\\/fr\\\/#\\\/schema\\\/logo\\\/image\\\/\",\"url\":\"https:\\\/\\\/www.webdo.tn\\\/fr\\\/wp-content\\\/uploads\\\/2025\\\/06\\\/Webdo-Tunisie_168377.jpg\",\"contentUrl\":\"https:\\\/\\\/www.webdo.tn\\\/fr\\\/wp-content\\\/uploads\\\/2025\\\/06\\\/Webdo-Tunisie_168377.jpg\",\"width\":301,\"height\":301,\"caption\":\"Webdo\"},\"image\":{\"@id\":\"https:\\\/\\\/www.webdo.tn\\\/fr\\\/#\\\/schema\\\/logo\\\/image\\\/\"},\"sameAs\":[\"https:\\\/\\\/www.facebook.com\\\/webdotn\",\"https:\\\/\\\/x.com\\\/webdo_tn\"],\"description\":\"Webdo est un m\u00e9dia num\u00e9rique tunisien fond\u00e9 en 2010, sp\u00e9cialis\u00e9 dans l\u2019actualit\u00e9 nationale et internationale, l\u2019\u00e9conomie, la soci\u00e9t\u00e9 et les analyses politiques. Le site s\u2019adresse \u00e0 un large public francophone et couvre l\u2019information tunisienne en temps r\u00e9el.\",\"email\":\"redac@webdo.tn\",\"legalName\":\"YNJ SARL\",\"foundingDate\":\"2010-09-06\",\"numberOfEmployees\":{\"@type\":\"QuantitativeValue\",\"minValue\":\"11\",\"maxValue\":\"50\"}},{\"@type\":\"Person\",\"@id\":\"https:\\\/\\\/www.webdo.tn\\\/fr\\\/#\\\/schema\\\/person\\\/ae999f6cc68c323955dd7bb23b41f2dd\",\"name\":\"WDA\",\"image\":{\"@type\":\"ImageObject\",\"inLanguage\":\"fr-FR\",\"@id\":\"https:\\\/\\\/secure.gravatar.com\\\/avatar\\\/008e9c4da3bbf467e76fbd05ea8a140d6f047be3ff32b495e3a42ecd99d95622?s=96&d=mm&r=g\",\"url\":\"https:\\\/\\\/secure.gravatar.com\\\/avatar\\\/008e9c4da3bbf467e76fbd05ea8a140d6f047be3ff32b495e3a42ecd99d95622?s=96&d=mm&r=g\",\"contentUrl\":\"https:\\\/\\\/secure.gravatar.com\\\/avatar\\\/008e9c4da3bbf467e76fbd05ea8a140d6f047be3ff32b495e3a42ecd99d95622?s=96&d=mm&r=g\",\"caption\":\"WDA\"},\"url\":\"https:\\\/\\\/www.webdo.tn\\\/fr\\\/actualite\\\/author\\\/wda\\\/\"}]}<\/script>\n<!-- \/ Yoast SEO Premium plugin. -->","yoast_head_json":{"title":"Tunisie : la r\u00e9orientation universitaire \u00e0 distance et du 14 au 17 ao\u00fbt","description":"Le minist\u00e8re de l'Enseignement sup\u00e9rieur et de la Recherche scientifique a annonc\u00e9, aujourd'hui vendredi 11 ao\u00fbt 2023, que l\u2019op\u00e9ration de r\u00e9orientation universi...","canonical":"https:\/\/www.webdo.tn\/fr\/actualite\/national\/tunisie-la-reorientation-universitaire-a-distance-et-du-14-au-17-aout\/207873\/","og_locale":"fr_FR","og_type":"article","og_title":"Tunisie : la r\u00e9orientation universitaire \u00e0 distance et du 14 au 17 ao\u00fbt","og_description":"Le minist\u00e8re de l'Enseignement sup\u00e9rieur et de la Recherche scientifique a annonc\u00e9, aujourd'hui vendredi 11 ao\u00fbt 2023, que l\u2019op\u00e9ration de r\u00e9orientation universi...","og_url":"https:\/\/www.webdo.tn\/fr\/actualite\/national\/tunisie-la-reorientation-universitaire-a-distance-et-du-14-au-17-aout\/207873\/","og_site_name":"webdo","article_publisher":"https:\/\/www.facebook.com\/webdotn","article_published_time":"2023-08-11T14:25:00+00:00","article_modified_time":"2025-05-20T22:57:02+00:00","og_image":[{"width":675,"height":360,"url":"https:\/\/www.webdo.tn\/fr\/wp-content\/uploads\/2023\/08\/b66076d1ec08a67642688c09fcd68037.jpg","type":"image\/jpeg"}],"author":"WDA","twitter_card":"summary_large_image","twitter_creator":"@webdo_tn","twitter_site":"@webdo_tn","twitter_misc":{"\u00c9crit par":"WDA","Dur\u00e9e de lecture estim\u00e9e":"1 minute"},"schema":{"@context":"https:\/\/schema.org","@graph":[{"@type":"NewsArticle","@id":"https:\/\/www.webdo.tn\/fr\/actualite\/national\/tunisie-la-reorientation-universitaire-a-distance-et-du-14-au-17-aout\/207873\/#article","isPartOf":{"@id":"https:\/\/www.webdo.tn\/fr\/actualite\/national\/tunisie-la-reorientation-universitaire-a-distance-et-du-14-au-17-aout\/207873\/"},"author":{"name":"WDA","@id":"https:\/\/www.webdo.tn\/fr\/#\/schema\/person\/ae999f6cc68c323955dd7bb23b41f2dd"},"headline":"Tunisie : la r\u00e9orientation universitaire \u00e0 distance et du 14 au 17 ao\u00fbt","datePublished":"2023-08-11T14:25:00+00:00","dateModified":"2025-05-20T22:57:02+00:00","mainEntityOfPage":{"@id":"https:\/\/www.webdo.tn\/fr\/actualite\/national\/tunisie-la-reorientation-universitaire-a-distance-et-du-14-au-17-aout\/207873\/"},"wordCount":215,"commentCount":0,"publisher":{"@id":"https:\/\/www.webdo.tn\/fr\/#organization"},"image":{"@id":"https:\/\/www.webdo.tn\/fr\/actualite\/national\/tunisie-la-reorientation-universitaire-a-distance-et-du-14-au-17-aout\/207873\/#primaryimage"},"thumbnailUrl":"https:\/\/www.webdo.tn\/fr\/wp-content\/uploads\/2023\/08\/b66076d1ec08a67642688c09fcd68037.jpg","keywords":["d\u00e9lais","enseignement sup\u00e9rieur","R\u00e9orientation"],"articleSection":["National"],"inLanguage":"fr-FR"},{"@type":"WebPage","@id":"https:\/\/www.webdo.tn\/fr\/actualite\/national\/tunisie-la-reorientation-universitaire-a-distance-et-du-14-au-17-aout\/207873\/","url":"https:\/\/www.webdo.tn\/fr\/actualite\/national\/tunisie-la-reorientation-universitaire-a-distance-et-du-14-au-17-aout\/207873\/","name":"Tunisie : la r\u00e9orientation universitaire \u00e0 distance et du 14 au 17 ao\u00fbt","isPartOf":{"@id":"https:\/\/www.webdo.tn\/fr\/#website"},"primaryImageOfPage":{"@id":"https:\/\/www.webdo.tn\/fr\/actualite\/national\/tunisie-la-reorientation-universitaire-a-distance-et-du-14-au-17-aout\/207873\/#primaryimage"},"image":{"@id":"https:\/\/www.webdo.tn\/fr\/actualite\/national\/tunisie-la-reorientation-universitaire-a-distance-et-du-14-au-17-aout\/207873\/#primaryimage"},"thumbnailUrl":"https:\/\/www.webdo.tn\/fr\/wp-content\/uploads\/2023\/08\/b66076d1ec08a67642688c09fcd68037.jpg","datePublished":"2023-08-11T14:25:00+00:00","dateModified":"2025-05-20T22:57:02+00:00","description":"Le minist\u00e8re de l'Enseignement sup\u00e9rieur et de la Recherche scientifique a annonc\u00e9, aujourd'hui vendredi 11 ao\u00fbt 2023, que l\u2019op\u00e9ration de r\u00e9orientation universi...","breadcrumb":{"@id":"https:\/\/www.webdo.tn\/fr\/actualite\/national\/tunisie-la-reorientation-universitaire-a-distance-et-du-14-au-17-aout\/207873\/#breadcrumb"},"inLanguage":"fr-FR","potentialAction":[{"@type":"ReadAction","target":["https:\/\/www.webdo.tn\/fr\/actualite\/national\/tunisie-la-reorientation-universitaire-a-distance-et-du-14-au-17-aout\/207873\/"]}]},{"@type":"ImageObject","inLanguage":"fr-FR","@id":"https:\/\/www.webdo.tn\/fr\/actualite\/national\/tunisie-la-reorientation-universitaire-a-distance-et-du-14-au-17-aout\/207873\/#primaryimage","url":"https:\/\/www.webdo.tn\/fr\/wp-content\/uploads\/2023\/08\/b66076d1ec08a67642688c09fcd68037.jpg","contentUrl":"https:\/\/www.webdo.tn\/fr\/wp-content\/uploads\/2023\/08\/b66076d1ec08a67642688c09fcd68037.jpg","width":675,"height":360,"caption":"Tunisie : la r\u00e9orientation universitaire \u00e0 distance et du 14 au 17 ao\u00fbt"},{"@type":"BreadcrumbList","@id":"https:\/\/www.webdo.tn\/fr\/actualite\/national\/tunisie-la-reorientation-universitaire-a-distance-et-du-14-au-17-aout\/207873\/#breadcrumb","itemListElement":[{"@type":"ListItem","position":1,"name":"Accueil","item":"https:\/\/www.webdo.tn\/fr\/"},{"@type":"ListItem","position":2,"name":"Tunisie : la r\u00e9orientation universitaire \u00e0 distance et du 14 au 17 ao\u00fbt"}]},{"@type":"WebSite","@id":"https:\/\/www.webdo.tn\/fr\/#website","url":"https:\/\/www.webdo.tn\/fr\/","name":"webdo","description":"Tunisie - News en Tunisie et \u00e0 l&#039;international sur Webdo.tn","publisher":{"@id":"https:\/\/www.webdo.tn\/fr\/#organization"},"potentialAction":[{"@type":"SearchAction","target":{"@type":"EntryPoint","urlTemplate":"https:\/\/www.webdo.tn\/fr\/?s={search_term_string}"},"query-input":{"@type":"PropertyValueSpecification","valueRequired":true,"valueName":"search_term_string"}}],"inLanguage":"fr-FR"},{"@type":"Organization","@id":"https:\/\/www.webdo.tn\/fr\/#organization","name":"Webdo","alternateName":"Webdo.tn","url":"https:\/\/www.webdo.tn\/fr\/","logo":{"@type":"ImageObject","inLanguage":"fr-FR","@id":"https:\/\/www.webdo.tn\/fr\/#\/schema\/logo\/image\/","url":"https:\/\/www.webdo.tn\/fr\/wp-content\/uploads\/2025\/06\/Webdo-Tunisie_168377.jpg","contentUrl":"https:\/\/www.webdo.tn\/fr\/wp-content\/uploads\/2025\/06\/Webdo-Tunisie_168377.jpg","width":301,"height":301,"caption":"Webdo"},"image":{"@id":"https:\/\/www.webdo.tn\/fr\/#\/schema\/logo\/image\/"},"sameAs":["https:\/\/www.facebook.com\/webdotn","https:\/\/x.com\/webdo_tn"],"description":"Webdo est un m\u00e9dia num\u00e9rique tunisien fond\u00e9 en 2010, sp\u00e9cialis\u00e9 dans l\u2019actualit\u00e9 nationale et internationale, l\u2019\u00e9conomie, la soci\u00e9t\u00e9 et les analyses politiques. Le site s\u2019adresse \u00e0 un large public francophone et couvre l\u2019information tunisienne en temps r\u00e9el.","email":"redac@webdo.tn","legalName":"YNJ SARL","foundingDate":"2010-09-06","numberOfEmployees":{"@type":"QuantitativeValue","minValue":"11","maxValue":"50"}},{"@type":"Person","@id":"https:\/\/www.webdo.tn\/fr\/#\/schema\/person\/ae999f6cc68c323955dd7bb23b41f2dd","name":"WDA","image":{"@type":"ImageObject","inLanguage":"fr-FR","@id":"https:\/\/secure.gravatar.com\/avatar\/008e9c4da3bbf467e76fbd05ea8a140d6f047be3ff32b495e3a42ecd99d95622?s=96&d=mm&r=g","url":"https:\/\/secure.gravatar.com\/avatar\/008e9c4da3bbf467e76fbd05ea8a140d6f047be3ff32b495e3a42ecd99d95622?s=96&d=mm&r=g","contentUrl":"https:\/\/secure.gravatar.com\/avatar\/008e9c4da3bbf467e76fbd05ea8a140d6f047be3ff32b495e3a42ecd99d95622?s=96&d=mm&r=g","caption":"WDA"},"url":"https:\/\/www.webdo.tn\/fr\/actualite\/author\/wda\/"}]}},"_links":{"self":[{"href":"https:\/\/www.webdo.tn\/fr\/wp-json\/wp\/v2\/posts\/207873","targetHints":{"allow":["GET"]}}],"collection":[{"href":"https:\/\/www.webdo.tn\/fr\/wp-json\/wp\/v2\/posts"}],"about":[{"href":"https:\/\/www.webdo.tn\/fr\/wp-json\/wp\/v2\/types\/post"}],"author":[{"embeddable":true,"href":"https:\/\/www.webdo.tn\/fr\/wp-json\/wp\/v2\/users\/3185"}],"replies":[{"embeddable":true,"href":"https:\/\/www.webdo.tn\/fr\/wp-json\/wp\/v2\/comments?post=207873"}],"version-history":[{"count":0,"href":"https:\/\/www.webdo.tn\/fr\/wp-json\/wp\/v2\/posts\/207873\/revisions"}],"wp:featuredmedia":[{"embeddable":true,"href":"https:\/\/www.webdo.tn\/fr\/wp-json\/wp\/v2\/media\/249568"}],"wp:attachment":[{"href":"https:\/\/www.webdo.tn\/fr\/wp-json\/wp\/v2\/media?parent=207873"}],"wp:term":[{"taxonomy":"category","embeddable":true,"href":"https:\/\/www.webdo.tn\/fr\/wp-json\/wp\/v2\/categories?post=207873"},{"taxonomy":"post_tag","embeddable":true,"href":"https:\/\/www.webdo.tn\/fr\/wp-json\/wp\/v2\/tags?post=207873"}],"curies":[{"name":"wp","href":"https:\/\/api.w.org\/{rel}","templated":true}]}}