{"id":207872,"date":"2023-08-11T13:13:00","date_gmt":"2023-08-11T13:13:00","guid":{"rendered":"https:\/\/www.webdo.tn\/fr\/blog\/kais-saied-s-oppose-a-l-intelligence-artificielle\/207872\/"},"modified":"2025-05-20T22:41:46","modified_gmt":"2025-05-20T22:41:46","slug":"kais-saied-s-oppose-a-l-intelligence-artificielle","status":"publish","type":"post","link":"https:\/\/www.webdo.tn\/fr\/actualite\/national\/kais-saied-s-oppose-a-l-intelligence-artificielle\/207872\/","title":{"rendered":"Kais Saied s\u2019oppose \u00e0 l\u2019intelligence artificielle !"},"content":{"rendered":"<p>Le pr\u00e9sident de la R\u00e9publique, Ka\u00efs Sa\u00efed a fait savoir, lors d&rsquo;une c\u00e9r\u00e9monie organis\u00e9e, jeudi au palais de Carthage \u00e0 l&rsquo;occasion de la c\u00e9l\u00e9bration de la journ\u00e9e du savoir, que la consultation nationale relative au conseil sup\u00e9rieur de l&rsquo;\u00e9ducation, pr\u00e9vu par la constitution de juillet 2022, sera lanc\u00e9e le 15 septembre 2023.<\/p>\n<p>\t\t\t\t\t\t\t\t\tDans une allocution diffus\u00e9e en direct sur Wataniya 1, le chef de l&rsquo;Etat a ajout\u00e9 que l&rsquo;\u00e9ducation est un droit humain fondamental tout comme l&rsquo;eau et l&rsquo;air, mais il ne suffit pas, a-t-il dit, de garantir ce droit dans les textes juridiques et les d\u00e9clarations, mais il faut r\u00e9unir les conditions mat\u00e9rielles qui pr\u00e9servent ce droit pour tous dans la r\u00e9alit\u00e9, d&rsquo;o\u00f9 la cr\u00e9ation a-t-il dit, du conseil sup\u00e9rieur de l&rsquo;\u00e9ducation.<\/p>\n<p>\u00ab\u00a0Nous menons, actuellement, une guerre de lib\u00e9ration nationale et je suppose que l&rsquo;ensemble du corps enseignant est engag\u00e9 dans cette lutte que nous conduirons sans rel\u00e2che\u00a0\u00bb, a-t-il soutenu.<\/p>\n<p>Le pr\u00e9sident de la R\u00e9publique a affirm\u00e9 que les \u00e9l\u00e8ves et les \u00e9tudiants sont confi\u00e9s aux enseignants et professeurs, et il n&rsquo;est pas question \u00e0 l&rsquo;avenir d&rsquo;accepter ce qui s&rsquo;est pass\u00e9 ces derni\u00e8res ann\u00e9es en mati\u00e8re de r\u00e9tention des notes, pr\u00e9cisant que la copie d&rsquo;examen appartient l\u00e9galement \u00e0 l&rsquo;\u00e9tablissement d&rsquo;enseignement.<\/p>\n<p>Par ailleurs, le chef de l&rsquo;Etat a \u00e9voqu\u00e9 les inconv\u00e9nients de l&rsquo;intelligence artificielle (IA), soulignant qu&rsquo;il n&rsquo;est pas surprenant que le secr\u00e9taire g\u00e9n\u00e9ral de l&rsquo;ONU, Antonio Guterres ait mis en garde, r\u00e9cemment, contre les risques de l&rsquo;intelligence artificielle pour la paix et la s\u00e9curit\u00e9 mondiale, affirmant que \u00ab\u00a0l&rsquo;utilisation malveillante des syst\u00e8mes d&rsquo;IA \u00e0 des fins terroristes ou criminelles pourrait provoquer des niveaux terribles de morts et de destruction, un traumatisme g\u00e9n\u00e9ralis\u00e9 et des dommages psychologiques d&rsquo;une ampleur inimaginable\u00a0\u00bb.<\/p>\n","protected":false},"excerpt":{"rendered":"<p>Le pr\u00e9sident de la R\u00e9publique, Ka\u00efs Sa\u00efed a fait savoir, lors d&rsquo;une c\u00e9r\u00e9monie organis\u00e9e, jeudi au palais de Carthage \u00e0 l&rsquo;occasion de la c\u00e9l\u00e9bration de la journ\u00e9&#8230;<\/p>\n","protected":false},"author":3175,"featured_media":249567,"comment_status":"open","ping_status":"closed","sticky":false,"template":"","format":"standard","meta":{"footnotes":""},"categories":[44],"tags":[2957,2614,2608],"class_list":["post-207872","post","type-post","status-publish","format-standard","has-post-thumbnail","hentry","category-national","tag-intelligence-artificielle","tag-kais-saied","tag-tunisie"],"yoast_head":"<!-- This site is optimized with the Yoast SEO Premium plugin v27.4 (Yoast SEO v27.5) - https:\/\/yoast.com\/product\/yoast-seo-premium-wordpress\/ -->\n<title>Kais Saied s\u2019oppose \u00e0 l\u2019intelligence artificielle !<\/title>\n<meta name=\"description\" content=\"Le pr\u00e9sident de la R\u00e9publique, Ka\u00efs Sa\u00efed a fait savoir, lors d&#039;une c\u00e9r\u00e9monie organis\u00e9e, jeudi au palais de Carthage \u00e0 l&#039;occasion de la c\u00e9l\u00e9bration de la journ\u00e9...\" \/>\n<link rel=\"canonical\" href=\"https:\/\/www.webdo.tn\/fr\/actualite\/national\/kais-saied-s-oppose-a-l-intelligence-artificielle\/207872\/\" \/>\n<meta property=\"og:locale\" content=\"fr_FR\" \/>\n<meta property=\"og:type\" content=\"article\" \/>\n<meta property=\"og:title\" content=\"Kais Saied s\u2019oppose \u00e0 l\u2019intelligence artificielle !\" \/>\n<meta property=\"og:description\" content=\"Le pr\u00e9sident de la R\u00e9publique, Ka\u00efs Sa\u00efed a fait savoir, lors d&#039;une c\u00e9r\u00e9monie organis\u00e9e, jeudi au palais de Carthage \u00e0 l&#039;occasion de la c\u00e9l\u00e9bration de la journ\u00e9...\" \/>\n<meta property=\"og:url\" content=\"https:\/\/www.webdo.tn\/fr\/actualite\/national\/kais-saied-s-oppose-a-l-intelligence-artificielle\/207872\/\" \/>\n<meta property=\"og:site_name\" content=\"webdo\" \/>\n<meta property=\"article:publisher\" content=\"https:\/\/www.facebook.com\/webdotn\" \/>\n<meta property=\"article:published_time\" content=\"2023-08-11T13:13:00+00:00\" \/>\n<meta property=\"article:modified_time\" content=\"2025-05-20T22:41:46+00:00\" \/>\n<meta property=\"og:image\" content=\"https:\/\/www.webdo.tn\/fr\/wp-content\/uploads\/2023\/08\/52b513cc6fdaf267cac38a73bc9f749d.jpg\" \/>\n\t<meta property=\"og:image:width\" content=\"750\" \/>\n\t<meta property=\"og:image:height\" content=\"400\" \/>\n\t<meta property=\"og:image:type\" content=\"image\/jpeg\" \/>\n<meta name=\"author\" content=\"CL\" \/>\n<meta name=\"twitter:card\" content=\"summary_large_image\" \/>\n<meta name=\"twitter:creator\" content=\"@webdo_tn\" \/>\n<meta name=\"twitter:site\" content=\"@webdo_tn\" \/>\n<meta name=\"twitter:label1\" content=\"\u00c9crit par\" \/>\n\t<meta name=\"twitter:data1\" content=\"CL\" \/>\n\t<meta name=\"twitter:label2\" content=\"Dur\u00e9e de lecture estim\u00e9e\" \/>\n\t<meta name=\"twitter:data2\" content=\"2 minutes\" \/>\n<script type=\"application\/ld+json\" class=\"yoast-schema-graph\">{\"@context\":\"https:\\\/\\\/schema.org\",\"@graph\":[{\"@type\":\"NewsArticle\",\"@id\":\"https:\\\/\\\/www.webdo.tn\\\/fr\\\/actualite\\\/national\\\/kais-saied-s-oppose-a-l-intelligence-artificielle\\\/207872\\\/#article\",\"isPartOf\":{\"@id\":\"https:\\\/\\\/www.webdo.tn\\\/fr\\\/actualite\\\/national\\\/kais-saied-s-oppose-a-l-intelligence-artificielle\\\/207872\\\/\"},\"author\":{\"name\":\"CL\",\"@id\":\"https:\\\/\\\/www.webdo.tn\\\/fr\\\/#\\\/schema\\\/person\\\/f35b42a42c5e2511bbd282959d6385cc\"},\"headline\":\"Kais Saied s\u2019oppose \u00e0 l\u2019intelligence artificielle !\",\"datePublished\":\"2023-08-11T13:13:00+00:00\",\"dateModified\":\"2025-05-20T22:41:46+00:00\",\"mainEntityOfPage\":{\"@id\":\"https:\\\/\\\/www.webdo.tn\\\/fr\\\/actualite\\\/national\\\/kais-saied-s-oppose-a-l-intelligence-artificielle\\\/207872\\\/\"},\"wordCount\":346,\"commentCount\":0,\"publisher\":{\"@id\":\"https:\\\/\\\/www.webdo.tn\\\/fr\\\/#organization\"},\"image\":{\"@id\":\"https:\\\/\\\/www.webdo.tn\\\/fr\\\/actualite\\\/national\\\/kais-saied-s-oppose-a-l-intelligence-artificielle\\\/207872\\\/#primaryimage\"},\"thumbnailUrl\":\"https:\\\/\\\/www.webdo.tn\\\/fr\\\/wp-content\\\/uploads\\\/2023\\\/08\\\/52b513cc6fdaf267cac38a73bc9f749d.jpg\",\"keywords\":[\"Intelligence artificielle\",\"Kais Saied\",\"Tunisie\"],\"articleSection\":[\"National\"],\"inLanguage\":\"fr-FR\"},{\"@type\":\"WebPage\",\"@id\":\"https:\\\/\\\/www.webdo.tn\\\/fr\\\/actualite\\\/national\\\/kais-saied-s-oppose-a-l-intelligence-artificielle\\\/207872\\\/\",\"url\":\"https:\\\/\\\/www.webdo.tn\\\/fr\\\/actualite\\\/national\\\/kais-saied-s-oppose-a-l-intelligence-artificielle\\\/207872\\\/\",\"name\":\"Kais Saied s\u2019oppose \u00e0 l\u2019intelligence artificielle !\",\"isPartOf\":{\"@id\":\"https:\\\/\\\/www.webdo.tn\\\/fr\\\/#website\"},\"primaryImageOfPage\":{\"@id\":\"https:\\\/\\\/www.webdo.tn\\\/fr\\\/actualite\\\/national\\\/kais-saied-s-oppose-a-l-intelligence-artificielle\\\/207872\\\/#primaryimage\"},\"image\":{\"@id\":\"https:\\\/\\\/www.webdo.tn\\\/fr\\\/actualite\\\/national\\\/kais-saied-s-oppose-a-l-intelligence-artificielle\\\/207872\\\/#primaryimage\"},\"thumbnailUrl\":\"https:\\\/\\\/www.webdo.tn\\\/fr\\\/wp-content\\\/uploads\\\/2023\\\/08\\\/52b513cc6fdaf267cac38a73bc9f749d.jpg\",\"datePublished\":\"2023-08-11T13:13:00+00:00\",\"dateModified\":\"2025-05-20T22:41:46+00:00\",\"description\":\"Le pr\u00e9sident de la R\u00e9publique, Ka\u00efs Sa\u00efed a fait savoir, lors d'une c\u00e9r\u00e9monie organis\u00e9e, jeudi au palais de Carthage \u00e0 l'occasion de la c\u00e9l\u00e9bration de la journ\u00e9...\",\"breadcrumb\":{\"@id\":\"https:\\\/\\\/www.webdo.tn\\\/fr\\\/actualite\\\/national\\\/kais-saied-s-oppose-a-l-intelligence-artificielle\\\/207872\\\/#breadcrumb\"},\"inLanguage\":\"fr-FR\",\"potentialAction\":[{\"@type\":\"ReadAction\",\"target\":[\"https:\\\/\\\/www.webdo.tn\\\/fr\\\/actualite\\\/national\\\/kais-saied-s-oppose-a-l-intelligence-artificielle\\\/207872\\\/\"]}]},{\"@type\":\"ImageObject\",\"inLanguage\":\"fr-FR\",\"@id\":\"https:\\\/\\\/www.webdo.tn\\\/fr\\\/actualite\\\/national\\\/kais-saied-s-oppose-a-l-intelligence-artificielle\\\/207872\\\/#primaryimage\",\"url\":\"https:\\\/\\\/www.webdo.tn\\\/fr\\\/wp-content\\\/uploads\\\/2023\\\/08\\\/52b513cc6fdaf267cac38a73bc9f749d.jpg\",\"contentUrl\":\"https:\\\/\\\/www.webdo.tn\\\/fr\\\/wp-content\\\/uploads\\\/2023\\\/08\\\/52b513cc6fdaf267cac38a73bc9f749d.jpg\",\"width\":750,\"height\":400,\"caption\":\"Kais Saied s\u2019oppose \u00e0 l\u2019intelligence artificielle !\"},{\"@type\":\"BreadcrumbList\",\"@id\":\"https:\\\/\\\/www.webdo.tn\\\/fr\\\/actualite\\\/national\\\/kais-saied-s-oppose-a-l-intelligence-artificielle\\\/207872\\\/#breadcrumb\",\"itemListElement\":[{\"@type\":\"ListItem\",\"position\":1,\"name\":\"Accueil\",\"item\":\"https:\\\/\\\/www.webdo.tn\\\/fr\\\/\"},{\"@type\":\"ListItem\",\"position\":2,\"name\":\"Kais Saied s\u2019oppose \u00e0 l\u2019intelligence artificielle !\"}]},{\"@type\":\"WebSite\",\"@id\":\"https:\\\/\\\/www.webdo.tn\\\/fr\\\/#website\",\"url\":\"https:\\\/\\\/www.webdo.tn\\\/fr\\\/\",\"name\":\"webdo\",\"description\":\"Tunisie - News en Tunisie et \u00e0 l&#039;international sur Webdo.tn\",\"publisher\":{\"@id\":\"https:\\\/\\\/www.webdo.tn\\\/fr\\\/#organization\"},\"potentialAction\":[{\"@type\":\"SearchAction\",\"target\":{\"@type\":\"EntryPoint\",\"urlTemplate\":\"https:\\\/\\\/www.webdo.tn\\\/fr\\\/?s={search_term_string}\"},\"query-input\":{\"@type\":\"PropertyValueSpecification\",\"valueRequired\":true,\"valueName\":\"search_term_string\"}}],\"inLanguage\":\"fr-FR\"},{\"@type\":\"Organization\",\"@id\":\"https:\\\/\\\/www.webdo.tn\\\/fr\\\/#organization\",\"name\":\"Webdo\",\"alternateName\":\"Webdo.tn\",\"url\":\"https:\\\/\\\/www.webdo.tn\\\/fr\\\/\",\"logo\":{\"@type\":\"ImageObject\",\"inLanguage\":\"fr-FR\",\"@id\":\"https:\\\/\\\/www.webdo.tn\\\/fr\\\/#\\\/schema\\\/logo\\\/image\\\/\",\"url\":\"https:\\\/\\\/www.webdo.tn\\\/fr\\\/wp-content\\\/uploads\\\/2025\\\/06\\\/Webdo-Tunisie_168377.jpg\",\"contentUrl\":\"https:\\\/\\\/www.webdo.tn\\\/fr\\\/wp-content\\\/uploads\\\/2025\\\/06\\\/Webdo-Tunisie_168377.jpg\",\"width\":301,\"height\":301,\"caption\":\"Webdo\"},\"image\":{\"@id\":\"https:\\\/\\\/www.webdo.tn\\\/fr\\\/#\\\/schema\\\/logo\\\/image\\\/\"},\"sameAs\":[\"https:\\\/\\\/www.facebook.com\\\/webdotn\",\"https:\\\/\\\/x.com\\\/webdo_tn\"],\"description\":\"Webdo est un m\u00e9dia num\u00e9rique tunisien fond\u00e9 en 2010, sp\u00e9cialis\u00e9 dans l\u2019actualit\u00e9 nationale et internationale, l\u2019\u00e9conomie, la soci\u00e9t\u00e9 et les analyses politiques. Le site s\u2019adresse \u00e0 un large public francophone et couvre l\u2019information tunisienne en temps r\u00e9el.\",\"email\":\"redac@webdo.tn\",\"legalName\":\"YNJ SARL\",\"foundingDate\":\"2010-09-06\",\"numberOfEmployees\":{\"@type\":\"QuantitativeValue\",\"minValue\":\"11\",\"maxValue\":\"50\"}},{\"@type\":\"Person\",\"@id\":\"https:\\\/\\\/www.webdo.tn\\\/fr\\\/#\\\/schema\\\/person\\\/f35b42a42c5e2511bbd282959d6385cc\",\"name\":\"CL\",\"image\":{\"@type\":\"ImageObject\",\"inLanguage\":\"fr-FR\",\"@id\":\"https:\\\/\\\/secure.gravatar.com\\\/avatar\\\/1447a49909b67aa657c488aec6512e1dd6143a480c1ecfee9b5b5cd74eb3b59e?s=96&d=mm&r=g\",\"url\":\"https:\\\/\\\/secure.gravatar.com\\\/avatar\\\/1447a49909b67aa657c488aec6512e1dd6143a480c1ecfee9b5b5cd74eb3b59e?s=96&d=mm&r=g\",\"contentUrl\":\"https:\\\/\\\/secure.gravatar.com\\\/avatar\\\/1447a49909b67aa657c488aec6512e1dd6143a480c1ecfee9b5b5cd74eb3b59e?s=96&d=mm&r=g\",\"caption\":\"CL\"},\"url\":\"https:\\\/\\\/www.webdo.tn\\\/fr\\\/actualite\\\/author\\\/cl\\\/\"}]}<\/script>\n<!-- \/ Yoast SEO Premium plugin. -->","yoast_head_json":{"title":"Kais Saied s\u2019oppose \u00e0 l\u2019intelligence artificielle !","description":"Le pr\u00e9sident de la R\u00e9publique, Ka\u00efs Sa\u00efed a fait savoir, lors d'une c\u00e9r\u00e9monie organis\u00e9e, jeudi au palais de Carthage \u00e0 l'occasion de la c\u00e9l\u00e9bration de la journ\u00e9...","canonical":"https:\/\/www.webdo.tn\/fr\/actualite\/national\/kais-saied-s-oppose-a-l-intelligence-artificielle\/207872\/","og_locale":"fr_FR","og_type":"article","og_title":"Kais Saied s\u2019oppose \u00e0 l\u2019intelligence artificielle !","og_description":"Le pr\u00e9sident de la R\u00e9publique, Ka\u00efs Sa\u00efed a fait savoir, lors d'une c\u00e9r\u00e9monie organis\u00e9e, jeudi au palais de Carthage \u00e0 l'occasion de la c\u00e9l\u00e9bration de la journ\u00e9...","og_url":"https:\/\/www.webdo.tn\/fr\/actualite\/national\/kais-saied-s-oppose-a-l-intelligence-artificielle\/207872\/","og_site_name":"webdo","article_publisher":"https:\/\/www.facebook.com\/webdotn","article_published_time":"2023-08-11T13:13:00+00:00","article_modified_time":"2025-05-20T22:41:46+00:00","og_image":[{"width":750,"height":400,"url":"https:\/\/www.webdo.tn\/fr\/wp-content\/uploads\/2023\/08\/52b513cc6fdaf267cac38a73bc9f749d.jpg","type":"image\/jpeg"}],"author":"CL","twitter_card":"summary_large_image","twitter_creator":"@webdo_tn","twitter_site":"@webdo_tn","twitter_misc":{"\u00c9crit par":"CL","Dur\u00e9e de lecture estim\u00e9e":"2 minutes"},"schema":{"@context":"https:\/\/schema.org","@graph":[{"@type":"NewsArticle","@id":"https:\/\/www.webdo.tn\/fr\/actualite\/national\/kais-saied-s-oppose-a-l-intelligence-artificielle\/207872\/#article","isPartOf":{"@id":"https:\/\/www.webdo.tn\/fr\/actualite\/national\/kais-saied-s-oppose-a-l-intelligence-artificielle\/207872\/"},"author":{"name":"CL","@id":"https:\/\/www.webdo.tn\/fr\/#\/schema\/person\/f35b42a42c5e2511bbd282959d6385cc"},"headline":"Kais Saied s\u2019oppose \u00e0 l\u2019intelligence artificielle !","datePublished":"2023-08-11T13:13:00+00:00","dateModified":"2025-05-20T22:41:46+00:00","mainEntityOfPage":{"@id":"https:\/\/www.webdo.tn\/fr\/actualite\/national\/kais-saied-s-oppose-a-l-intelligence-artificielle\/207872\/"},"wordCount":346,"commentCount":0,"publisher":{"@id":"https:\/\/www.webdo.tn\/fr\/#organization"},"image":{"@id":"https:\/\/www.webdo.tn\/fr\/actualite\/national\/kais-saied-s-oppose-a-l-intelligence-artificielle\/207872\/#primaryimage"},"thumbnailUrl":"https:\/\/www.webdo.tn\/fr\/wp-content\/uploads\/2023\/08\/52b513cc6fdaf267cac38a73bc9f749d.jpg","keywords":["Intelligence artificielle","Kais Saied","Tunisie"],"articleSection":["National"],"inLanguage":"fr-FR"},{"@type":"WebPage","@id":"https:\/\/www.webdo.tn\/fr\/actualite\/national\/kais-saied-s-oppose-a-l-intelligence-artificielle\/207872\/","url":"https:\/\/www.webdo.tn\/fr\/actualite\/national\/kais-saied-s-oppose-a-l-intelligence-artificielle\/207872\/","name":"Kais Saied s\u2019oppose \u00e0 l\u2019intelligence artificielle !","isPartOf":{"@id":"https:\/\/www.webdo.tn\/fr\/#website"},"primaryImageOfPage":{"@id":"https:\/\/www.webdo.tn\/fr\/actualite\/national\/kais-saied-s-oppose-a-l-intelligence-artificielle\/207872\/#primaryimage"},"image":{"@id":"https:\/\/www.webdo.tn\/fr\/actualite\/national\/kais-saied-s-oppose-a-l-intelligence-artificielle\/207872\/#primaryimage"},"thumbnailUrl":"https:\/\/www.webdo.tn\/fr\/wp-content\/uploads\/2023\/08\/52b513cc6fdaf267cac38a73bc9f749d.jpg","datePublished":"2023-08-11T13:13:00+00:00","dateModified":"2025-05-20T22:41:46+00:00","description":"Le pr\u00e9sident de la R\u00e9publique, Ka\u00efs Sa\u00efed a fait savoir, lors d'une c\u00e9r\u00e9monie organis\u00e9e, jeudi au palais de Carthage \u00e0 l'occasion de la c\u00e9l\u00e9bration de la journ\u00e9...","breadcrumb":{"@id":"https:\/\/www.webdo.tn\/fr\/actualite\/national\/kais-saied-s-oppose-a-l-intelligence-artificielle\/207872\/#breadcrumb"},"inLanguage":"fr-FR","potentialAction":[{"@type":"ReadAction","target":["https:\/\/www.webdo.tn\/fr\/actualite\/national\/kais-saied-s-oppose-a-l-intelligence-artificielle\/207872\/"]}]},{"@type":"ImageObject","inLanguage":"fr-FR","@id":"https:\/\/www.webdo.tn\/fr\/actualite\/national\/kais-saied-s-oppose-a-l-intelligence-artificielle\/207872\/#primaryimage","url":"https:\/\/www.webdo.tn\/fr\/wp-content\/uploads\/2023\/08\/52b513cc6fdaf267cac38a73bc9f749d.jpg","contentUrl":"https:\/\/www.webdo.tn\/fr\/wp-content\/uploads\/2023\/08\/52b513cc6fdaf267cac38a73bc9f749d.jpg","width":750,"height":400,"caption":"Kais Saied s\u2019oppose \u00e0 l\u2019intelligence artificielle !"},{"@type":"BreadcrumbList","@id":"https:\/\/www.webdo.tn\/fr\/actualite\/national\/kais-saied-s-oppose-a-l-intelligence-artificielle\/207872\/#breadcrumb","itemListElement":[{"@type":"ListItem","position":1,"name":"Accueil","item":"https:\/\/www.webdo.tn\/fr\/"},{"@type":"ListItem","position":2,"name":"Kais Saied s\u2019oppose \u00e0 l\u2019intelligence artificielle !"}]},{"@type":"WebSite","@id":"https:\/\/www.webdo.tn\/fr\/#website","url":"https:\/\/www.webdo.tn\/fr\/","name":"webdo","description":"Tunisie - News en Tunisie et \u00e0 l&#039;international sur Webdo.tn","publisher":{"@id":"https:\/\/www.webdo.tn\/fr\/#organization"},"potentialAction":[{"@type":"SearchAction","target":{"@type":"EntryPoint","urlTemplate":"https:\/\/www.webdo.tn\/fr\/?s={search_term_string}"},"query-input":{"@type":"PropertyValueSpecification","valueRequired":true,"valueName":"search_term_string"}}],"inLanguage":"fr-FR"},{"@type":"Organization","@id":"https:\/\/www.webdo.tn\/fr\/#organization","name":"Webdo","alternateName":"Webdo.tn","url":"https:\/\/www.webdo.tn\/fr\/","logo":{"@type":"ImageObject","inLanguage":"fr-FR","@id":"https:\/\/www.webdo.tn\/fr\/#\/schema\/logo\/image\/","url":"https:\/\/www.webdo.tn\/fr\/wp-content\/uploads\/2025\/06\/Webdo-Tunisie_168377.jpg","contentUrl":"https:\/\/www.webdo.tn\/fr\/wp-content\/uploads\/2025\/06\/Webdo-Tunisie_168377.jpg","width":301,"height":301,"caption":"Webdo"},"image":{"@id":"https:\/\/www.webdo.tn\/fr\/#\/schema\/logo\/image\/"},"sameAs":["https:\/\/www.facebook.com\/webdotn","https:\/\/x.com\/webdo_tn"],"description":"Webdo est un m\u00e9dia num\u00e9rique tunisien fond\u00e9 en 2010, sp\u00e9cialis\u00e9 dans l\u2019actualit\u00e9 nationale et internationale, l\u2019\u00e9conomie, la soci\u00e9t\u00e9 et les analyses politiques. Le site s\u2019adresse \u00e0 un large public francophone et couvre l\u2019information tunisienne en temps r\u00e9el.","email":"redac@webdo.tn","legalName":"YNJ SARL","foundingDate":"2010-09-06","numberOfEmployees":{"@type":"QuantitativeValue","minValue":"11","maxValue":"50"}},{"@type":"Person","@id":"https:\/\/www.webdo.tn\/fr\/#\/schema\/person\/f35b42a42c5e2511bbd282959d6385cc","name":"CL","image":{"@type":"ImageObject","inLanguage":"fr-FR","@id":"https:\/\/secure.gravatar.com\/avatar\/1447a49909b67aa657c488aec6512e1dd6143a480c1ecfee9b5b5cd74eb3b59e?s=96&d=mm&r=g","url":"https:\/\/secure.gravatar.com\/avatar\/1447a49909b67aa657c488aec6512e1dd6143a480c1ecfee9b5b5cd74eb3b59e?s=96&d=mm&r=g","contentUrl":"https:\/\/secure.gravatar.com\/avatar\/1447a49909b67aa657c488aec6512e1dd6143a480c1ecfee9b5b5cd74eb3b59e?s=96&d=mm&r=g","caption":"CL"},"url":"https:\/\/www.webdo.tn\/fr\/actualite\/author\/cl\/"}]}},"_links":{"self":[{"href":"https:\/\/www.webdo.tn\/fr\/wp-json\/wp\/v2\/posts\/207872","targetHints":{"allow":["GET"]}}],"collection":[{"href":"https:\/\/www.webdo.tn\/fr\/wp-json\/wp\/v2\/posts"}],"about":[{"href":"https:\/\/www.webdo.tn\/fr\/wp-json\/wp\/v2\/types\/post"}],"author":[{"embeddable":true,"href":"https:\/\/www.webdo.tn\/fr\/wp-json\/wp\/v2\/users\/3175"}],"replies":[{"embeddable":true,"href":"https:\/\/www.webdo.tn\/fr\/wp-json\/wp\/v2\/comments?post=207872"}],"version-history":[{"count":0,"href":"https:\/\/www.webdo.tn\/fr\/wp-json\/wp\/v2\/posts\/207872\/revisions"}],"wp:featuredmedia":[{"embeddable":true,"href":"https:\/\/www.webdo.tn\/fr\/wp-json\/wp\/v2\/media\/249567"}],"wp:attachment":[{"href":"https:\/\/www.webdo.tn\/fr\/wp-json\/wp\/v2\/media?parent=207872"}],"wp:term":[{"taxonomy":"category","embeddable":true,"href":"https:\/\/www.webdo.tn\/fr\/wp-json\/wp\/v2\/categories?post=207872"},{"taxonomy":"post_tag","embeddable":true,"href":"https:\/\/www.webdo.tn\/fr\/wp-json\/wp\/v2\/tags?post=207872"}],"curies":[{"name":"wp","href":"https:\/\/api.w.org\/{rel}","templated":true}]}}