{"id":207871,"date":"2023-08-11T12:41:00","date_gmt":"2023-08-11T12:41:00","guid":{"rendered":"https:\/\/www.webdo.tn\/fr\/blog\/bizerte-tous-les-bateaux-a-quai-ont-leve-l-ancre\/207871\/"},"modified":"2025-05-20T22:57:01","modified_gmt":"2025-05-20T22:57:01","slug":"bizerte-tous-les-bateaux-a-quai-ont-leve-l-ancre","status":"publish","type":"post","link":"https:\/\/www.webdo.tn\/fr\/actualite\/national\/bizerte-tous-les-bateaux-a-quai-ont-leve-l-ancre\/207871\/","title":{"rendered":"Bizerte : tous les bateaux \u00e0 quai ont lev\u00e9 l\u2019ancre"},"content":{"rendered":"<p>C\u2019est hier jeudi 10 ao\u00fbt 2023, \u00e0 minuit, qu\u2019une ouverture temporaire exceptionnelle a \u00e9t\u00e9 r\u00e9alis\u00e9e avec succ\u00e8s pour le pont-levis de Bizerte, qui a permis \u00e0 tous les navires amarr\u00e9s dans le port de commerce de Bizerte de quitter le quai.<\/p>\n<p>\t\t\t\t\t\t\t\t\tUn premier pas qui permettra \u00e0 cette installation strat\u00e9gique de reprendre son cours ant\u00e9rieur et la reprise du mouvement habituelle apr\u00e8s l&rsquo;arr\u00eat des travaux de levage du pont depuis le 26 juillet dernier suite \u00e0 l\u2019incendie qui s&rsquo;est d\u00e9clar\u00e9 dans les locaux techniques situ\u00e9s en contrebas de la tour qui commandent et contr\u00f4lent le pont levis.<\/p>\n<p>Les op\u00e9rations des premiers essais \u00a0de l&rsquo;ouverture exceptionnelle du pont se sont poursuivies pendant pr\u00e8s de deux heures et demie sans encombre, \u00e0 la suite de quoi la circulation des pi\u00e9tons et des v\u00e9hicules de toutes sortes a repris son activit\u00e9 normale ant\u00e9rieure.\u00a0<\/p>\n<p>Pendant ce temps, les services de s\u00e9curit\u00e9 comp\u00e9tents ont assur\u00e9 la fluidit\u00e9 de la circulation et du trafic sur et dans tout le voisinage du pont, des deux c\u00f4t\u00e9s, entre Jarzouna et Bizerte.<\/p>\n","protected":false},"excerpt":{"rendered":"<p>C\u2019est hier jeudi 10 ao\u00fbt 2023, \u00e0 minuit, qu\u2019une ouverture temporaire exceptionnelle a \u00e9t\u00e9 r\u00e9alis\u00e9e avec succ\u00e8s pour le pont-levis de Bizerte, qui a permis \u00e0 tou&#8230;<\/p>\n","protected":false},"author":3185,"featured_media":249566,"comment_status":"open","ping_status":"closed","sticky":false,"template":"","format":"standard","meta":{"footnotes":""},"categories":[44],"tags":[7252,7412,3688],"class_list":["post-207871","post","type-post","status-publish","format-standard","has-post-thumbnail","hentry","category-national","tag-pont-de-bizerte","tag-reprise","tag-trafic"],"yoast_head":"<!-- This site is optimized with the Yoast SEO Premium plugin v27.5 (Yoast SEO v27.5) - https:\/\/yoast.com\/product\/yoast-seo-premium-wordpress\/ -->\n<title>Bizerte : tous les bateaux \u00e0 quai ont lev\u00e9 l\u2019ancre<\/title>\n<meta name=\"description\" content=\"C\u2019est hier jeudi 10 ao\u00fbt 2023, \u00e0 minuit, qu\u2019une ouverture temporaire exceptionnelle a \u00e9t\u00e9 r\u00e9alis\u00e9e avec succ\u00e8s pour le pont-levis de Bizerte, qui a permis \u00e0 tou...\" \/>\n<link rel=\"canonical\" href=\"https:\/\/www.webdo.tn\/fr\/actualite\/national\/bizerte-tous-les-bateaux-a-quai-ont-leve-l-ancre\/207871\/\" \/>\n<meta property=\"og:locale\" content=\"fr_FR\" \/>\n<meta property=\"og:type\" content=\"article\" \/>\n<meta property=\"og:title\" content=\"Bizerte : tous les bateaux \u00e0 quai ont lev\u00e9 l\u2019ancre\" \/>\n<meta property=\"og:description\" content=\"C\u2019est hier jeudi 10 ao\u00fbt 2023, \u00e0 minuit, qu\u2019une ouverture temporaire exceptionnelle a \u00e9t\u00e9 r\u00e9alis\u00e9e avec succ\u00e8s pour le pont-levis de Bizerte, qui a permis \u00e0 tou...\" \/>\n<meta property=\"og:url\" content=\"https:\/\/www.webdo.tn\/fr\/actualite\/national\/bizerte-tous-les-bateaux-a-quai-ont-leve-l-ancre\/207871\/\" \/>\n<meta property=\"og:site_name\" content=\"webdo\" \/>\n<meta property=\"article:publisher\" content=\"https:\/\/www.facebook.com\/webdotn\" \/>\n<meta property=\"article:published_time\" content=\"2023-08-11T12:41:00+00:00\" \/>\n<meta property=\"article:modified_time\" content=\"2025-05-20T22:57:01+00:00\" \/>\n<meta property=\"og:image\" content=\"https:\/\/www.webdo.tn\/fr\/wp-content\/uploads\/2023\/08\/342f1614d2574c86a28c5321556364ef.jpg\" \/>\n\t<meta property=\"og:image:width\" content=\"650\" \/>\n\t<meta property=\"og:image:height\" content=\"347\" \/>\n\t<meta property=\"og:image:type\" content=\"image\/jpeg\" \/>\n<meta name=\"author\" content=\"WDA\" \/>\n<meta name=\"twitter:card\" content=\"summary_large_image\" \/>\n<meta name=\"twitter:creator\" content=\"@webdo_tn\" \/>\n<meta name=\"twitter:site\" content=\"@webdo_tn\" \/>\n<meta name=\"twitter:label1\" content=\"\u00c9crit par\" \/>\n\t<meta name=\"twitter:data1\" content=\"WDA\" \/>\n\t<meta name=\"twitter:label2\" content=\"Dur\u00e9e de lecture estim\u00e9e\" \/>\n\t<meta name=\"twitter:data2\" content=\"1 minute\" \/>\n<script type=\"application\/ld+json\" class=\"yoast-schema-graph\">{\"@context\":\"https:\\\/\\\/schema.org\",\"@graph\":[{\"@type\":\"NewsArticle\",\"@id\":\"https:\\\/\\\/www.webdo.tn\\\/fr\\\/actualite\\\/national\\\/bizerte-tous-les-bateaux-a-quai-ont-leve-l-ancre\\\/207871\\\/#article\",\"isPartOf\":{\"@id\":\"https:\\\/\\\/www.webdo.tn\\\/fr\\\/actualite\\\/national\\\/bizerte-tous-les-bateaux-a-quai-ont-leve-l-ancre\\\/207871\\\/\"},\"author\":{\"name\":\"WDA\",\"@id\":\"https:\\\/\\\/www.webdo.tn\\\/fr\\\/#\\\/schema\\\/person\\\/ae999f6cc68c323955dd7bb23b41f2dd\"},\"headline\":\"Bizerte : tous les bateaux \u00e0 quai ont lev\u00e9 l\u2019ancre\",\"datePublished\":\"2023-08-11T12:41:00+00:00\",\"dateModified\":\"2025-05-20T22:57:01+00:00\",\"mainEntityOfPage\":{\"@id\":\"https:\\\/\\\/www.webdo.tn\\\/fr\\\/actualite\\\/national\\\/bizerte-tous-les-bateaux-a-quai-ont-leve-l-ancre\\\/207871\\\/\"},\"wordCount\":201,\"commentCount\":0,\"publisher\":{\"@id\":\"https:\\\/\\\/www.webdo.tn\\\/fr\\\/#organization\"},\"image\":{\"@id\":\"https:\\\/\\\/www.webdo.tn\\\/fr\\\/actualite\\\/national\\\/bizerte-tous-les-bateaux-a-quai-ont-leve-l-ancre\\\/207871\\\/#primaryimage\"},\"thumbnailUrl\":\"https:\\\/\\\/www.webdo.tn\\\/fr\\\/wp-content\\\/uploads\\\/2023\\\/08\\\/342f1614d2574c86a28c5321556364ef.jpg\",\"keywords\":[\"pont de bizerte\",\"reprise\",\"trafic\"],\"articleSection\":[\"National\"],\"inLanguage\":\"fr-FR\"},{\"@type\":\"WebPage\",\"@id\":\"https:\\\/\\\/www.webdo.tn\\\/fr\\\/actualite\\\/national\\\/bizerte-tous-les-bateaux-a-quai-ont-leve-l-ancre\\\/207871\\\/\",\"url\":\"https:\\\/\\\/www.webdo.tn\\\/fr\\\/actualite\\\/national\\\/bizerte-tous-les-bateaux-a-quai-ont-leve-l-ancre\\\/207871\\\/\",\"name\":\"Bizerte : tous les bateaux \u00e0 quai ont lev\u00e9 l\u2019ancre\",\"isPartOf\":{\"@id\":\"https:\\\/\\\/www.webdo.tn\\\/fr\\\/#website\"},\"primaryImageOfPage\":{\"@id\":\"https:\\\/\\\/www.webdo.tn\\\/fr\\\/actualite\\\/national\\\/bizerte-tous-les-bateaux-a-quai-ont-leve-l-ancre\\\/207871\\\/#primaryimage\"},\"image\":{\"@id\":\"https:\\\/\\\/www.webdo.tn\\\/fr\\\/actualite\\\/national\\\/bizerte-tous-les-bateaux-a-quai-ont-leve-l-ancre\\\/207871\\\/#primaryimage\"},\"thumbnailUrl\":\"https:\\\/\\\/www.webdo.tn\\\/fr\\\/wp-content\\\/uploads\\\/2023\\\/08\\\/342f1614d2574c86a28c5321556364ef.jpg\",\"datePublished\":\"2023-08-11T12:41:00+00:00\",\"dateModified\":\"2025-05-20T22:57:01+00:00\",\"description\":\"C\u2019est hier jeudi 10 ao\u00fbt 2023, \u00e0 minuit, qu\u2019une ouverture temporaire exceptionnelle a \u00e9t\u00e9 r\u00e9alis\u00e9e avec succ\u00e8s pour le pont-levis de Bizerte, qui a permis \u00e0 tou...\",\"breadcrumb\":{\"@id\":\"https:\\\/\\\/www.webdo.tn\\\/fr\\\/actualite\\\/national\\\/bizerte-tous-les-bateaux-a-quai-ont-leve-l-ancre\\\/207871\\\/#breadcrumb\"},\"inLanguage\":\"fr-FR\",\"potentialAction\":[{\"@type\":\"ReadAction\",\"target\":[\"https:\\\/\\\/www.webdo.tn\\\/fr\\\/actualite\\\/national\\\/bizerte-tous-les-bateaux-a-quai-ont-leve-l-ancre\\\/207871\\\/\"]}]},{\"@type\":\"ImageObject\",\"inLanguage\":\"fr-FR\",\"@id\":\"https:\\\/\\\/www.webdo.tn\\\/fr\\\/actualite\\\/national\\\/bizerte-tous-les-bateaux-a-quai-ont-leve-l-ancre\\\/207871\\\/#primaryimage\",\"url\":\"https:\\\/\\\/www.webdo.tn\\\/fr\\\/wp-content\\\/uploads\\\/2023\\\/08\\\/342f1614d2574c86a28c5321556364ef.jpg\",\"contentUrl\":\"https:\\\/\\\/www.webdo.tn\\\/fr\\\/wp-content\\\/uploads\\\/2023\\\/08\\\/342f1614d2574c86a28c5321556364ef.jpg\",\"width\":650,\"height\":347,\"caption\":\"Bizerte : tous les bateaux \u00e0 quai ont lev\u00e9 l\u2019ancre\"},{\"@type\":\"BreadcrumbList\",\"@id\":\"https:\\\/\\\/www.webdo.tn\\\/fr\\\/actualite\\\/national\\\/bizerte-tous-les-bateaux-a-quai-ont-leve-l-ancre\\\/207871\\\/#breadcrumb\",\"itemListElement\":[{\"@type\":\"ListItem\",\"position\":1,\"name\":\"Accueil\",\"item\":\"https:\\\/\\\/www.webdo.tn\\\/fr\\\/\"},{\"@type\":\"ListItem\",\"position\":2,\"name\":\"Bizerte : tous les bateaux \u00e0 quai ont lev\u00e9 l\u2019ancre\"}]},{\"@type\":\"WebSite\",\"@id\":\"https:\\\/\\\/www.webdo.tn\\\/fr\\\/#website\",\"url\":\"https:\\\/\\\/www.webdo.tn\\\/fr\\\/\",\"name\":\"webdo\",\"description\":\"Tunisie - News en Tunisie et \u00e0 l&#039;international sur Webdo.tn\",\"publisher\":{\"@id\":\"https:\\\/\\\/www.webdo.tn\\\/fr\\\/#organization\"},\"potentialAction\":[{\"@type\":\"SearchAction\",\"target\":{\"@type\":\"EntryPoint\",\"urlTemplate\":\"https:\\\/\\\/www.webdo.tn\\\/fr\\\/?s={search_term_string}\"},\"query-input\":{\"@type\":\"PropertyValueSpecification\",\"valueRequired\":true,\"valueName\":\"search_term_string\"}}],\"inLanguage\":\"fr-FR\"},{\"@type\":\"Organization\",\"@id\":\"https:\\\/\\\/www.webdo.tn\\\/fr\\\/#organization\",\"name\":\"Webdo\",\"alternateName\":\"Webdo.tn\",\"url\":\"https:\\\/\\\/www.webdo.tn\\\/fr\\\/\",\"logo\":{\"@type\":\"ImageObject\",\"inLanguage\":\"fr-FR\",\"@id\":\"https:\\\/\\\/www.webdo.tn\\\/fr\\\/#\\\/schema\\\/logo\\\/image\\\/\",\"url\":\"https:\\\/\\\/www.webdo.tn\\\/fr\\\/wp-content\\\/uploads\\\/2025\\\/06\\\/Webdo-Tunisie_168377.jpg\",\"contentUrl\":\"https:\\\/\\\/www.webdo.tn\\\/fr\\\/wp-content\\\/uploads\\\/2025\\\/06\\\/Webdo-Tunisie_168377.jpg\",\"width\":301,\"height\":301,\"caption\":\"Webdo\"},\"image\":{\"@id\":\"https:\\\/\\\/www.webdo.tn\\\/fr\\\/#\\\/schema\\\/logo\\\/image\\\/\"},\"sameAs\":[\"https:\\\/\\\/www.facebook.com\\\/webdotn\",\"https:\\\/\\\/x.com\\\/webdo_tn\"],\"description\":\"Webdo est un m\u00e9dia num\u00e9rique tunisien fond\u00e9 en 2010, sp\u00e9cialis\u00e9 dans l\u2019actualit\u00e9 nationale et internationale, l\u2019\u00e9conomie, la soci\u00e9t\u00e9 et les analyses politiques. Le site s\u2019adresse \u00e0 un large public francophone et couvre l\u2019information tunisienne en temps r\u00e9el.\",\"email\":\"redac@webdo.tn\",\"legalName\":\"YNJ SARL\",\"foundingDate\":\"2010-09-06\",\"numberOfEmployees\":{\"@type\":\"QuantitativeValue\",\"minValue\":\"11\",\"maxValue\":\"50\"}},{\"@type\":\"Person\",\"@id\":\"https:\\\/\\\/www.webdo.tn\\\/fr\\\/#\\\/schema\\\/person\\\/ae999f6cc68c323955dd7bb23b41f2dd\",\"name\":\"WDA\",\"image\":{\"@type\":\"ImageObject\",\"inLanguage\":\"fr-FR\",\"@id\":\"https:\\\/\\\/secure.gravatar.com\\\/avatar\\\/008e9c4da3bbf467e76fbd05ea8a140d6f047be3ff32b495e3a42ecd99d95622?s=96&d=mm&r=g\",\"url\":\"https:\\\/\\\/secure.gravatar.com\\\/avatar\\\/008e9c4da3bbf467e76fbd05ea8a140d6f047be3ff32b495e3a42ecd99d95622?s=96&d=mm&r=g\",\"contentUrl\":\"https:\\\/\\\/secure.gravatar.com\\\/avatar\\\/008e9c4da3bbf467e76fbd05ea8a140d6f047be3ff32b495e3a42ecd99d95622?s=96&d=mm&r=g\",\"caption\":\"WDA\"},\"url\":\"https:\\\/\\\/www.webdo.tn\\\/fr\\\/actualite\\\/author\\\/wda\\\/\"}]}<\/script>\n<!-- \/ Yoast SEO Premium plugin. -->","yoast_head_json":{"title":"Bizerte : tous les bateaux \u00e0 quai ont lev\u00e9 l\u2019ancre","description":"C\u2019est hier jeudi 10 ao\u00fbt 2023, \u00e0 minuit, qu\u2019une ouverture temporaire exceptionnelle a \u00e9t\u00e9 r\u00e9alis\u00e9e avec succ\u00e8s pour le pont-levis de Bizerte, qui a permis \u00e0 tou...","canonical":"https:\/\/www.webdo.tn\/fr\/actualite\/national\/bizerte-tous-les-bateaux-a-quai-ont-leve-l-ancre\/207871\/","og_locale":"fr_FR","og_type":"article","og_title":"Bizerte : tous les bateaux \u00e0 quai ont lev\u00e9 l\u2019ancre","og_description":"C\u2019est hier jeudi 10 ao\u00fbt 2023, \u00e0 minuit, qu\u2019une ouverture temporaire exceptionnelle a \u00e9t\u00e9 r\u00e9alis\u00e9e avec succ\u00e8s pour le pont-levis de Bizerte, qui a permis \u00e0 tou...","og_url":"https:\/\/www.webdo.tn\/fr\/actualite\/national\/bizerte-tous-les-bateaux-a-quai-ont-leve-l-ancre\/207871\/","og_site_name":"webdo","article_publisher":"https:\/\/www.facebook.com\/webdotn","article_published_time":"2023-08-11T12:41:00+00:00","article_modified_time":"2025-05-20T22:57:01+00:00","og_image":[{"width":650,"height":347,"url":"https:\/\/www.webdo.tn\/fr\/wp-content\/uploads\/2023\/08\/342f1614d2574c86a28c5321556364ef.jpg","type":"image\/jpeg"}],"author":"WDA","twitter_card":"summary_large_image","twitter_creator":"@webdo_tn","twitter_site":"@webdo_tn","twitter_misc":{"\u00c9crit par":"WDA","Dur\u00e9e de lecture estim\u00e9e":"1 minute"},"schema":{"@context":"https:\/\/schema.org","@graph":[{"@type":"NewsArticle","@id":"https:\/\/www.webdo.tn\/fr\/actualite\/national\/bizerte-tous-les-bateaux-a-quai-ont-leve-l-ancre\/207871\/#article","isPartOf":{"@id":"https:\/\/www.webdo.tn\/fr\/actualite\/national\/bizerte-tous-les-bateaux-a-quai-ont-leve-l-ancre\/207871\/"},"author":{"name":"WDA","@id":"https:\/\/www.webdo.tn\/fr\/#\/schema\/person\/ae999f6cc68c323955dd7bb23b41f2dd"},"headline":"Bizerte : tous les bateaux \u00e0 quai ont lev\u00e9 l\u2019ancre","datePublished":"2023-08-11T12:41:00+00:00","dateModified":"2025-05-20T22:57:01+00:00","mainEntityOfPage":{"@id":"https:\/\/www.webdo.tn\/fr\/actualite\/national\/bizerte-tous-les-bateaux-a-quai-ont-leve-l-ancre\/207871\/"},"wordCount":201,"commentCount":0,"publisher":{"@id":"https:\/\/www.webdo.tn\/fr\/#organization"},"image":{"@id":"https:\/\/www.webdo.tn\/fr\/actualite\/national\/bizerte-tous-les-bateaux-a-quai-ont-leve-l-ancre\/207871\/#primaryimage"},"thumbnailUrl":"https:\/\/www.webdo.tn\/fr\/wp-content\/uploads\/2023\/08\/342f1614d2574c86a28c5321556364ef.jpg","keywords":["pont de bizerte","reprise","trafic"],"articleSection":["National"],"inLanguage":"fr-FR"},{"@type":"WebPage","@id":"https:\/\/www.webdo.tn\/fr\/actualite\/national\/bizerte-tous-les-bateaux-a-quai-ont-leve-l-ancre\/207871\/","url":"https:\/\/www.webdo.tn\/fr\/actualite\/national\/bizerte-tous-les-bateaux-a-quai-ont-leve-l-ancre\/207871\/","name":"Bizerte : tous les bateaux \u00e0 quai ont lev\u00e9 l\u2019ancre","isPartOf":{"@id":"https:\/\/www.webdo.tn\/fr\/#website"},"primaryImageOfPage":{"@id":"https:\/\/www.webdo.tn\/fr\/actualite\/national\/bizerte-tous-les-bateaux-a-quai-ont-leve-l-ancre\/207871\/#primaryimage"},"image":{"@id":"https:\/\/www.webdo.tn\/fr\/actualite\/national\/bizerte-tous-les-bateaux-a-quai-ont-leve-l-ancre\/207871\/#primaryimage"},"thumbnailUrl":"https:\/\/www.webdo.tn\/fr\/wp-content\/uploads\/2023\/08\/342f1614d2574c86a28c5321556364ef.jpg","datePublished":"2023-08-11T12:41:00+00:00","dateModified":"2025-05-20T22:57:01+00:00","description":"C\u2019est hier jeudi 10 ao\u00fbt 2023, \u00e0 minuit, qu\u2019une ouverture temporaire exceptionnelle a \u00e9t\u00e9 r\u00e9alis\u00e9e avec succ\u00e8s pour le pont-levis de Bizerte, qui a permis \u00e0 tou...","breadcrumb":{"@id":"https:\/\/www.webdo.tn\/fr\/actualite\/national\/bizerte-tous-les-bateaux-a-quai-ont-leve-l-ancre\/207871\/#breadcrumb"},"inLanguage":"fr-FR","potentialAction":[{"@type":"ReadAction","target":["https:\/\/www.webdo.tn\/fr\/actualite\/national\/bizerte-tous-les-bateaux-a-quai-ont-leve-l-ancre\/207871\/"]}]},{"@type":"ImageObject","inLanguage":"fr-FR","@id":"https:\/\/www.webdo.tn\/fr\/actualite\/national\/bizerte-tous-les-bateaux-a-quai-ont-leve-l-ancre\/207871\/#primaryimage","url":"https:\/\/www.webdo.tn\/fr\/wp-content\/uploads\/2023\/08\/342f1614d2574c86a28c5321556364ef.jpg","contentUrl":"https:\/\/www.webdo.tn\/fr\/wp-content\/uploads\/2023\/08\/342f1614d2574c86a28c5321556364ef.jpg","width":650,"height":347,"caption":"Bizerte : tous les bateaux \u00e0 quai ont lev\u00e9 l\u2019ancre"},{"@type":"BreadcrumbList","@id":"https:\/\/www.webdo.tn\/fr\/actualite\/national\/bizerte-tous-les-bateaux-a-quai-ont-leve-l-ancre\/207871\/#breadcrumb","itemListElement":[{"@type":"ListItem","position":1,"name":"Accueil","item":"https:\/\/www.webdo.tn\/fr\/"},{"@type":"ListItem","position":2,"name":"Bizerte : tous les bateaux \u00e0 quai ont lev\u00e9 l\u2019ancre"}]},{"@type":"WebSite","@id":"https:\/\/www.webdo.tn\/fr\/#website","url":"https:\/\/www.webdo.tn\/fr\/","name":"webdo","description":"Tunisie - News en Tunisie et \u00e0 l&#039;international sur Webdo.tn","publisher":{"@id":"https:\/\/www.webdo.tn\/fr\/#organization"},"potentialAction":[{"@type":"SearchAction","target":{"@type":"EntryPoint","urlTemplate":"https:\/\/www.webdo.tn\/fr\/?s={search_term_string}"},"query-input":{"@type":"PropertyValueSpecification","valueRequired":true,"valueName":"search_term_string"}}],"inLanguage":"fr-FR"},{"@type":"Organization","@id":"https:\/\/www.webdo.tn\/fr\/#organization","name":"Webdo","alternateName":"Webdo.tn","url":"https:\/\/www.webdo.tn\/fr\/","logo":{"@type":"ImageObject","inLanguage":"fr-FR","@id":"https:\/\/www.webdo.tn\/fr\/#\/schema\/logo\/image\/","url":"https:\/\/www.webdo.tn\/fr\/wp-content\/uploads\/2025\/06\/Webdo-Tunisie_168377.jpg","contentUrl":"https:\/\/www.webdo.tn\/fr\/wp-content\/uploads\/2025\/06\/Webdo-Tunisie_168377.jpg","width":301,"height":301,"caption":"Webdo"},"image":{"@id":"https:\/\/www.webdo.tn\/fr\/#\/schema\/logo\/image\/"},"sameAs":["https:\/\/www.facebook.com\/webdotn","https:\/\/x.com\/webdo_tn"],"description":"Webdo est un m\u00e9dia num\u00e9rique tunisien fond\u00e9 en 2010, sp\u00e9cialis\u00e9 dans l\u2019actualit\u00e9 nationale et internationale, l\u2019\u00e9conomie, la soci\u00e9t\u00e9 et les analyses politiques. Le site s\u2019adresse \u00e0 un large public francophone et couvre l\u2019information tunisienne en temps r\u00e9el.","email":"redac@webdo.tn","legalName":"YNJ SARL","foundingDate":"2010-09-06","numberOfEmployees":{"@type":"QuantitativeValue","minValue":"11","maxValue":"50"}},{"@type":"Person","@id":"https:\/\/www.webdo.tn\/fr\/#\/schema\/person\/ae999f6cc68c323955dd7bb23b41f2dd","name":"WDA","image":{"@type":"ImageObject","inLanguage":"fr-FR","@id":"https:\/\/secure.gravatar.com\/avatar\/008e9c4da3bbf467e76fbd05ea8a140d6f047be3ff32b495e3a42ecd99d95622?s=96&d=mm&r=g","url":"https:\/\/secure.gravatar.com\/avatar\/008e9c4da3bbf467e76fbd05ea8a140d6f047be3ff32b495e3a42ecd99d95622?s=96&d=mm&r=g","contentUrl":"https:\/\/secure.gravatar.com\/avatar\/008e9c4da3bbf467e76fbd05ea8a140d6f047be3ff32b495e3a42ecd99d95622?s=96&d=mm&r=g","caption":"WDA"},"url":"https:\/\/www.webdo.tn\/fr\/actualite\/author\/wda\/"}]}},"_links":{"self":[{"href":"https:\/\/www.webdo.tn\/fr\/wp-json\/wp\/v2\/posts\/207871","targetHints":{"allow":["GET"]}}],"collection":[{"href":"https:\/\/www.webdo.tn\/fr\/wp-json\/wp\/v2\/posts"}],"about":[{"href":"https:\/\/www.webdo.tn\/fr\/wp-json\/wp\/v2\/types\/post"}],"author":[{"embeddable":true,"href":"https:\/\/www.webdo.tn\/fr\/wp-json\/wp\/v2\/users\/3185"}],"replies":[{"embeddable":true,"href":"https:\/\/www.webdo.tn\/fr\/wp-json\/wp\/v2\/comments?post=207871"}],"version-history":[{"count":0,"href":"https:\/\/www.webdo.tn\/fr\/wp-json\/wp\/v2\/posts\/207871\/revisions"}],"wp:featuredmedia":[{"embeddable":true,"href":"https:\/\/www.webdo.tn\/fr\/wp-json\/wp\/v2\/media\/249566"}],"wp:attachment":[{"href":"https:\/\/www.webdo.tn\/fr\/wp-json\/wp\/v2\/media?parent=207871"}],"wp:term":[{"taxonomy":"category","embeddable":true,"href":"https:\/\/www.webdo.tn\/fr\/wp-json\/wp\/v2\/categories?post=207871"},{"taxonomy":"post_tag","embeddable":true,"href":"https:\/\/www.webdo.tn\/fr\/wp-json\/wp\/v2\/tags?post=207871"}],"curies":[{"name":"wp","href":"https:\/\/api.w.org\/{rel}","templated":true}]}}