{"id":207868,"date":"2023-08-11T11:21:00","date_gmt":"2023-08-11T11:21:00","guid":{"rendered":"https:\/\/www.webdo.tn\/fr\/blog\/coupure-de-courant-qui-indemnisera-les-abonnes\/207868\/"},"modified":"2025-05-20T22:57:53","modified_gmt":"2025-05-20T22:57:53","slug":"coupure-de-courant-qui-indemnisera-les-abonnes","status":"publish","type":"post","link":"https:\/\/www.webdo.tn\/fr\/actualite\/national\/coupure-de-courant-qui-indemnisera-les-abonnes\/207868\/","title":{"rendered":"Coupure de courant : qui indemnisera les abonn\u00e9s ?"},"content":{"rendered":"<p>Des coupures instantan\u00e9es et prolong\u00e9es de l\u2019\u00e9lectricit\u00e9, qui s\u2019\u00e9taient produites \u00e0 Tunis et dans d\u2019autres villes du pays, a endommag\u00e9 des milliers d\u2019appareils \u00e9lectriques. Des abonn\u00e9s, victimes de ces coupures, demandent r\u00e9paration aupr\u00e8s de la STEG.<\/p>\n<p>\t\t\t\t\t\t\t\t\tCe ne sont pas des cas isol\u00e9s. Plusieurs citoyens se sont plaints qu\u2019apr\u00e8s des coupures instantan\u00e9es de courant, des appareils \u00e9lectriques, essentiellement des r\u00e9frig\u00e9rateurs et des t\u00e9l\u00e9viseurs, ont cess\u00e9 de fonctionner.<\/p>\n<p>Malgr\u00e9 des r\u00e9parations qui s\u2019\u00e9taient r\u00e9v\u00e9l\u00e9es infructueuses, ils se sont rendus \u00e0 l\u2019\u00e9vidence qu\u2019ils devaient faire une croix sur leurs biens, acquis au prix fort.<br \/>\nPlusieurs d\u2019entre eux ont contact\u00e9 la STEG pour indemnisation, mais la r\u00e9ponse, s\u2019il y en a, est souvent \u00e9vasive.<\/p>\n<p>Dans d\u2019autres contr\u00e9es, si vos appareils domestiques ont subi des dommages directement imputables aux perturbations du r\u00e9seau, vous pouvez faire une demande d\u2019indemnisation aupr\u00e8s de votre fournisseur en communiquant la date et l\u2019heure de l\u2019incident, la nature et le montant estim\u00e9 des dommages et la liste des appareils endommag\u00e9s.<\/p>\n<p>Il faut, par ailleurs, conserver les appareils jusqu\u2019\u00e0 la fin de la proc\u00e9dure, afin qu\u2019ils puissent faire l\u2019objet d\u2019une expertise. Si la demande entre dans les crit\u00e8res d&rsquo;indemnisation, vous devez transmettre les factures d\u2019achat, les certificats d\u2019entretien, les devis de r\u00e9paration et l\u2019\u00e9valuation du pr\u00e9judice.<\/p>\n<p>En cas d\u2019accord, la somme vous est vers\u00e9e dans un d\u00e9lai d\u2019un mois \u00e0 compter de la date de compl\u00e9tude du dossier.<br \/>\nEvidemment, \u00e7a c\u2019est ailleurs.<\/p>\n<p>Avec la STEG, vous ne verrez que des mirages.<\/p>\n<p>\u00a0<\/p>\n<p>\u00a0<\/p>\n<p>Ramzi<\/p>\n","protected":false},"excerpt":{"rendered":"<p>Des coupures instantan\u00e9es et prolong\u00e9es de l\u2019\u00e9lectricit\u00e9, qui s\u2019\u00e9taient produites \u00e0 Tunis et dans d\u2019autres villes du pays, a endommag\u00e9 des milliers d\u2019appareils&#8230;<\/p>\n","protected":false},"author":3188,"featured_media":249565,"comment_status":"open","ping_status":"closed","sticky":false,"template":"","format":"standard","meta":{"footnotes":""},"categories":[44],"tags":[3765,2608],"class_list":["post-207868","post","type-post","status-publish","format-standard","has-post-thumbnail","hentry","category-national","tag-electricite","tag-tunisie"],"yoast_head":"<!-- This site is optimized with the Yoast SEO Premium plugin v27.4 (Yoast SEO v27.5) - https:\/\/yoast.com\/product\/yoast-seo-premium-wordpress\/ -->\n<title>Coupure de courant : qui indemnisera les abonn\u00e9s ?<\/title>\n<meta name=\"description\" content=\"Des coupures instantan\u00e9es et prolong\u00e9es de l\u2019\u00e9lectricit\u00e9, qui s\u2019\u00e9taient produites \u00e0 Tunis et dans d\u2019autres villes du pays, a endommag\u00e9 des milliers d\u2019appareils...\" \/>\n<link rel=\"canonical\" href=\"https:\/\/www.webdo.tn\/fr\/actualite\/national\/coupure-de-courant-qui-indemnisera-les-abonnes\/207868\/\" \/>\n<meta property=\"og:locale\" content=\"fr_FR\" \/>\n<meta property=\"og:type\" content=\"article\" \/>\n<meta property=\"og:title\" content=\"Coupure de courant : qui indemnisera les abonn\u00e9s ?\" \/>\n<meta property=\"og:description\" content=\"Des coupures instantan\u00e9es et prolong\u00e9es de l\u2019\u00e9lectricit\u00e9, qui s\u2019\u00e9taient produites \u00e0 Tunis et dans d\u2019autres villes du pays, a endommag\u00e9 des milliers d\u2019appareils...\" \/>\n<meta property=\"og:url\" content=\"https:\/\/www.webdo.tn\/fr\/actualite\/national\/coupure-de-courant-qui-indemnisera-les-abonnes\/207868\/\" \/>\n<meta property=\"og:site_name\" content=\"webdo\" \/>\n<meta property=\"article:publisher\" content=\"https:\/\/www.facebook.com\/webdotn\" \/>\n<meta property=\"article:published_time\" content=\"2023-08-11T11:21:00+00:00\" \/>\n<meta property=\"article:modified_time\" content=\"2025-05-20T22:57:53+00:00\" \/>\n<meta property=\"og:image\" content=\"https:\/\/www.webdo.tn\/fr\/wp-content\/uploads\/2023\/08\/8e6c20057bcb3eb77ace330e63377fc7.jpg\" \/>\n\t<meta property=\"og:image:width\" content=\"750\" \/>\n\t<meta property=\"og:image:height\" content=\"400\" \/>\n\t<meta property=\"og:image:type\" content=\"image\/jpeg\" \/>\n<meta name=\"author\" content=\"Ramzi\" \/>\n<meta name=\"twitter:card\" content=\"summary_large_image\" \/>\n<meta name=\"twitter:creator\" content=\"@webdo_tn\" \/>\n<meta name=\"twitter:site\" content=\"@webdo_tn\" \/>\n<meta name=\"twitter:label1\" content=\"\u00c9crit par\" \/>\n\t<meta name=\"twitter:data1\" content=\"Ramzi\" \/>\n\t<meta name=\"twitter:label2\" content=\"Dur\u00e9e de lecture estim\u00e9e\" \/>\n\t<meta name=\"twitter:data2\" content=\"1 minute\" \/>\n<script type=\"application\/ld+json\" class=\"yoast-schema-graph\">{\"@context\":\"https:\\\/\\\/schema.org\",\"@graph\":[{\"@type\":\"NewsArticle\",\"@id\":\"https:\\\/\\\/www.webdo.tn\\\/fr\\\/actualite\\\/national\\\/coupure-de-courant-qui-indemnisera-les-abonnes\\\/207868\\\/#article\",\"isPartOf\":{\"@id\":\"https:\\\/\\\/www.webdo.tn\\\/fr\\\/actualite\\\/national\\\/coupure-de-courant-qui-indemnisera-les-abonnes\\\/207868\\\/\"},\"author\":{\"name\":\"Ramzi\",\"@id\":\"https:\\\/\\\/www.webdo.tn\\\/fr\\\/#\\\/schema\\\/person\\\/590cb5f81adcfde6385530fdbdf468e2\"},\"headline\":\"Coupure de courant : qui indemnisera les abonn\u00e9s ?\",\"datePublished\":\"2023-08-11T11:21:00+00:00\",\"dateModified\":\"2025-05-20T22:57:53+00:00\",\"mainEntityOfPage\":{\"@id\":\"https:\\\/\\\/www.webdo.tn\\\/fr\\\/actualite\\\/national\\\/coupure-de-courant-qui-indemnisera-les-abonnes\\\/207868\\\/\"},\"wordCount\":298,\"commentCount\":0,\"publisher\":{\"@id\":\"https:\\\/\\\/www.webdo.tn\\\/fr\\\/#organization\"},\"image\":{\"@id\":\"https:\\\/\\\/www.webdo.tn\\\/fr\\\/actualite\\\/national\\\/coupure-de-courant-qui-indemnisera-les-abonnes\\\/207868\\\/#primaryimage\"},\"thumbnailUrl\":\"https:\\\/\\\/www.webdo.tn\\\/fr\\\/wp-content\\\/uploads\\\/2023\\\/08\\\/8e6c20057bcb3eb77ace330e63377fc7.jpg\",\"keywords\":[\"\u00e9lectricit\u00e9\",\"Tunisie\"],\"articleSection\":[\"National\"],\"inLanguage\":\"fr-FR\"},{\"@type\":\"WebPage\",\"@id\":\"https:\\\/\\\/www.webdo.tn\\\/fr\\\/actualite\\\/national\\\/coupure-de-courant-qui-indemnisera-les-abonnes\\\/207868\\\/\",\"url\":\"https:\\\/\\\/www.webdo.tn\\\/fr\\\/actualite\\\/national\\\/coupure-de-courant-qui-indemnisera-les-abonnes\\\/207868\\\/\",\"name\":\"Coupure de courant : qui indemnisera les abonn\u00e9s ?\",\"isPartOf\":{\"@id\":\"https:\\\/\\\/www.webdo.tn\\\/fr\\\/#website\"},\"primaryImageOfPage\":{\"@id\":\"https:\\\/\\\/www.webdo.tn\\\/fr\\\/actualite\\\/national\\\/coupure-de-courant-qui-indemnisera-les-abonnes\\\/207868\\\/#primaryimage\"},\"image\":{\"@id\":\"https:\\\/\\\/www.webdo.tn\\\/fr\\\/actualite\\\/national\\\/coupure-de-courant-qui-indemnisera-les-abonnes\\\/207868\\\/#primaryimage\"},\"thumbnailUrl\":\"https:\\\/\\\/www.webdo.tn\\\/fr\\\/wp-content\\\/uploads\\\/2023\\\/08\\\/8e6c20057bcb3eb77ace330e63377fc7.jpg\",\"datePublished\":\"2023-08-11T11:21:00+00:00\",\"dateModified\":\"2025-05-20T22:57:53+00:00\",\"description\":\"Des coupures instantan\u00e9es et prolong\u00e9es de l\u2019\u00e9lectricit\u00e9, qui s\u2019\u00e9taient produites \u00e0 Tunis et dans d\u2019autres villes du pays, a endommag\u00e9 des milliers d\u2019appareils...\",\"breadcrumb\":{\"@id\":\"https:\\\/\\\/www.webdo.tn\\\/fr\\\/actualite\\\/national\\\/coupure-de-courant-qui-indemnisera-les-abonnes\\\/207868\\\/#breadcrumb\"},\"inLanguage\":\"fr-FR\",\"potentialAction\":[{\"@type\":\"ReadAction\",\"target\":[\"https:\\\/\\\/www.webdo.tn\\\/fr\\\/actualite\\\/national\\\/coupure-de-courant-qui-indemnisera-les-abonnes\\\/207868\\\/\"]}]},{\"@type\":\"ImageObject\",\"inLanguage\":\"fr-FR\",\"@id\":\"https:\\\/\\\/www.webdo.tn\\\/fr\\\/actualite\\\/national\\\/coupure-de-courant-qui-indemnisera-les-abonnes\\\/207868\\\/#primaryimage\",\"url\":\"https:\\\/\\\/www.webdo.tn\\\/fr\\\/wp-content\\\/uploads\\\/2023\\\/08\\\/8e6c20057bcb3eb77ace330e63377fc7.jpg\",\"contentUrl\":\"https:\\\/\\\/www.webdo.tn\\\/fr\\\/wp-content\\\/uploads\\\/2023\\\/08\\\/8e6c20057bcb3eb77ace330e63377fc7.jpg\",\"width\":750,\"height\":400,\"caption\":\"Coupure de courant : qui indemnisera les abonn\u00e9s ?\"},{\"@type\":\"BreadcrumbList\",\"@id\":\"https:\\\/\\\/www.webdo.tn\\\/fr\\\/actualite\\\/national\\\/coupure-de-courant-qui-indemnisera-les-abonnes\\\/207868\\\/#breadcrumb\",\"itemListElement\":[{\"@type\":\"ListItem\",\"position\":1,\"name\":\"Accueil\",\"item\":\"https:\\\/\\\/www.webdo.tn\\\/fr\\\/\"},{\"@type\":\"ListItem\",\"position\":2,\"name\":\"Coupure de courant : qui indemnisera les abonn\u00e9s ?\"}]},{\"@type\":\"WebSite\",\"@id\":\"https:\\\/\\\/www.webdo.tn\\\/fr\\\/#website\",\"url\":\"https:\\\/\\\/www.webdo.tn\\\/fr\\\/\",\"name\":\"webdo\",\"description\":\"Tunisie - News en Tunisie et \u00e0 l&#039;international sur Webdo.tn\",\"publisher\":{\"@id\":\"https:\\\/\\\/www.webdo.tn\\\/fr\\\/#organization\"},\"potentialAction\":[{\"@type\":\"SearchAction\",\"target\":{\"@type\":\"EntryPoint\",\"urlTemplate\":\"https:\\\/\\\/www.webdo.tn\\\/fr\\\/?s={search_term_string}\"},\"query-input\":{\"@type\":\"PropertyValueSpecification\",\"valueRequired\":true,\"valueName\":\"search_term_string\"}}],\"inLanguage\":\"fr-FR\"},{\"@type\":\"Organization\",\"@id\":\"https:\\\/\\\/www.webdo.tn\\\/fr\\\/#organization\",\"name\":\"Webdo\",\"alternateName\":\"Webdo.tn\",\"url\":\"https:\\\/\\\/www.webdo.tn\\\/fr\\\/\",\"logo\":{\"@type\":\"ImageObject\",\"inLanguage\":\"fr-FR\",\"@id\":\"https:\\\/\\\/www.webdo.tn\\\/fr\\\/#\\\/schema\\\/logo\\\/image\\\/\",\"url\":\"https:\\\/\\\/www.webdo.tn\\\/fr\\\/wp-content\\\/uploads\\\/2025\\\/06\\\/Webdo-Tunisie_168377.jpg\",\"contentUrl\":\"https:\\\/\\\/www.webdo.tn\\\/fr\\\/wp-content\\\/uploads\\\/2025\\\/06\\\/Webdo-Tunisie_168377.jpg\",\"width\":301,\"height\":301,\"caption\":\"Webdo\"},\"image\":{\"@id\":\"https:\\\/\\\/www.webdo.tn\\\/fr\\\/#\\\/schema\\\/logo\\\/image\\\/\"},\"sameAs\":[\"https:\\\/\\\/www.facebook.com\\\/webdotn\",\"https:\\\/\\\/x.com\\\/webdo_tn\"],\"description\":\"Webdo est un m\u00e9dia num\u00e9rique tunisien fond\u00e9 en 2010, sp\u00e9cialis\u00e9 dans l\u2019actualit\u00e9 nationale et internationale, l\u2019\u00e9conomie, la soci\u00e9t\u00e9 et les analyses politiques. Le site s\u2019adresse \u00e0 un large public francophone et couvre l\u2019information tunisienne en temps r\u00e9el.\",\"email\":\"redac@webdo.tn\",\"legalName\":\"YNJ SARL\",\"foundingDate\":\"2010-09-06\",\"numberOfEmployees\":{\"@type\":\"QuantitativeValue\",\"minValue\":\"11\",\"maxValue\":\"50\"}},{\"@type\":\"Person\",\"@id\":\"https:\\\/\\\/www.webdo.tn\\\/fr\\\/#\\\/schema\\\/person\\\/590cb5f81adcfde6385530fdbdf468e2\",\"name\":\"Ramzi\",\"image\":{\"@type\":\"ImageObject\",\"inLanguage\":\"fr-FR\",\"@id\":\"https:\\\/\\\/secure.gravatar.com\\\/avatar\\\/48df7d18915e10cf866ba8e27604c81ff9243fd52704a1d210c3e387e1cb8d87?s=96&d=mm&r=g\",\"url\":\"https:\\\/\\\/secure.gravatar.com\\\/avatar\\\/48df7d18915e10cf866ba8e27604c81ff9243fd52704a1d210c3e387e1cb8d87?s=96&d=mm&r=g\",\"contentUrl\":\"https:\\\/\\\/secure.gravatar.com\\\/avatar\\\/48df7d18915e10cf866ba8e27604c81ff9243fd52704a1d210c3e387e1cb8d87?s=96&d=mm&r=g\",\"caption\":\"Ramzi\"},\"url\":\"https:\\\/\\\/www.webdo.tn\\\/fr\\\/actualite\\\/author\\\/ramzi\\\/\"}]}<\/script>\n<!-- \/ Yoast SEO Premium plugin. -->","yoast_head_json":{"title":"Coupure de courant : qui indemnisera les abonn\u00e9s ?","description":"Des coupures instantan\u00e9es et prolong\u00e9es de l\u2019\u00e9lectricit\u00e9, qui s\u2019\u00e9taient produites \u00e0 Tunis et dans d\u2019autres villes du pays, a endommag\u00e9 des milliers d\u2019appareils...","canonical":"https:\/\/www.webdo.tn\/fr\/actualite\/national\/coupure-de-courant-qui-indemnisera-les-abonnes\/207868\/","og_locale":"fr_FR","og_type":"article","og_title":"Coupure de courant : qui indemnisera les abonn\u00e9s ?","og_description":"Des coupures instantan\u00e9es et prolong\u00e9es de l\u2019\u00e9lectricit\u00e9, qui s\u2019\u00e9taient produites \u00e0 Tunis et dans d\u2019autres villes du pays, a endommag\u00e9 des milliers d\u2019appareils...","og_url":"https:\/\/www.webdo.tn\/fr\/actualite\/national\/coupure-de-courant-qui-indemnisera-les-abonnes\/207868\/","og_site_name":"webdo","article_publisher":"https:\/\/www.facebook.com\/webdotn","article_published_time":"2023-08-11T11:21:00+00:00","article_modified_time":"2025-05-20T22:57:53+00:00","og_image":[{"width":750,"height":400,"url":"https:\/\/www.webdo.tn\/fr\/wp-content\/uploads\/2023\/08\/8e6c20057bcb3eb77ace330e63377fc7.jpg","type":"image\/jpeg"}],"author":"Ramzi","twitter_card":"summary_large_image","twitter_creator":"@webdo_tn","twitter_site":"@webdo_tn","twitter_misc":{"\u00c9crit par":"Ramzi","Dur\u00e9e de lecture estim\u00e9e":"1 minute"},"schema":{"@context":"https:\/\/schema.org","@graph":[{"@type":"NewsArticle","@id":"https:\/\/www.webdo.tn\/fr\/actualite\/national\/coupure-de-courant-qui-indemnisera-les-abonnes\/207868\/#article","isPartOf":{"@id":"https:\/\/www.webdo.tn\/fr\/actualite\/national\/coupure-de-courant-qui-indemnisera-les-abonnes\/207868\/"},"author":{"name":"Ramzi","@id":"https:\/\/www.webdo.tn\/fr\/#\/schema\/person\/590cb5f81adcfde6385530fdbdf468e2"},"headline":"Coupure de courant : qui indemnisera les abonn\u00e9s ?","datePublished":"2023-08-11T11:21:00+00:00","dateModified":"2025-05-20T22:57:53+00:00","mainEntityOfPage":{"@id":"https:\/\/www.webdo.tn\/fr\/actualite\/national\/coupure-de-courant-qui-indemnisera-les-abonnes\/207868\/"},"wordCount":298,"commentCount":0,"publisher":{"@id":"https:\/\/www.webdo.tn\/fr\/#organization"},"image":{"@id":"https:\/\/www.webdo.tn\/fr\/actualite\/national\/coupure-de-courant-qui-indemnisera-les-abonnes\/207868\/#primaryimage"},"thumbnailUrl":"https:\/\/www.webdo.tn\/fr\/wp-content\/uploads\/2023\/08\/8e6c20057bcb3eb77ace330e63377fc7.jpg","keywords":["\u00e9lectricit\u00e9","Tunisie"],"articleSection":["National"],"inLanguage":"fr-FR"},{"@type":"WebPage","@id":"https:\/\/www.webdo.tn\/fr\/actualite\/national\/coupure-de-courant-qui-indemnisera-les-abonnes\/207868\/","url":"https:\/\/www.webdo.tn\/fr\/actualite\/national\/coupure-de-courant-qui-indemnisera-les-abonnes\/207868\/","name":"Coupure de courant : qui indemnisera les abonn\u00e9s ?","isPartOf":{"@id":"https:\/\/www.webdo.tn\/fr\/#website"},"primaryImageOfPage":{"@id":"https:\/\/www.webdo.tn\/fr\/actualite\/national\/coupure-de-courant-qui-indemnisera-les-abonnes\/207868\/#primaryimage"},"image":{"@id":"https:\/\/www.webdo.tn\/fr\/actualite\/national\/coupure-de-courant-qui-indemnisera-les-abonnes\/207868\/#primaryimage"},"thumbnailUrl":"https:\/\/www.webdo.tn\/fr\/wp-content\/uploads\/2023\/08\/8e6c20057bcb3eb77ace330e63377fc7.jpg","datePublished":"2023-08-11T11:21:00+00:00","dateModified":"2025-05-20T22:57:53+00:00","description":"Des coupures instantan\u00e9es et prolong\u00e9es de l\u2019\u00e9lectricit\u00e9, qui s\u2019\u00e9taient produites \u00e0 Tunis et dans d\u2019autres villes du pays, a endommag\u00e9 des milliers d\u2019appareils...","breadcrumb":{"@id":"https:\/\/www.webdo.tn\/fr\/actualite\/national\/coupure-de-courant-qui-indemnisera-les-abonnes\/207868\/#breadcrumb"},"inLanguage":"fr-FR","potentialAction":[{"@type":"ReadAction","target":["https:\/\/www.webdo.tn\/fr\/actualite\/national\/coupure-de-courant-qui-indemnisera-les-abonnes\/207868\/"]}]},{"@type":"ImageObject","inLanguage":"fr-FR","@id":"https:\/\/www.webdo.tn\/fr\/actualite\/national\/coupure-de-courant-qui-indemnisera-les-abonnes\/207868\/#primaryimage","url":"https:\/\/www.webdo.tn\/fr\/wp-content\/uploads\/2023\/08\/8e6c20057bcb3eb77ace330e63377fc7.jpg","contentUrl":"https:\/\/www.webdo.tn\/fr\/wp-content\/uploads\/2023\/08\/8e6c20057bcb3eb77ace330e63377fc7.jpg","width":750,"height":400,"caption":"Coupure de courant : qui indemnisera les abonn\u00e9s ?"},{"@type":"BreadcrumbList","@id":"https:\/\/www.webdo.tn\/fr\/actualite\/national\/coupure-de-courant-qui-indemnisera-les-abonnes\/207868\/#breadcrumb","itemListElement":[{"@type":"ListItem","position":1,"name":"Accueil","item":"https:\/\/www.webdo.tn\/fr\/"},{"@type":"ListItem","position":2,"name":"Coupure de courant : qui indemnisera les abonn\u00e9s ?"}]},{"@type":"WebSite","@id":"https:\/\/www.webdo.tn\/fr\/#website","url":"https:\/\/www.webdo.tn\/fr\/","name":"webdo","description":"Tunisie - News en Tunisie et \u00e0 l&#039;international sur Webdo.tn","publisher":{"@id":"https:\/\/www.webdo.tn\/fr\/#organization"},"potentialAction":[{"@type":"SearchAction","target":{"@type":"EntryPoint","urlTemplate":"https:\/\/www.webdo.tn\/fr\/?s={search_term_string}"},"query-input":{"@type":"PropertyValueSpecification","valueRequired":true,"valueName":"search_term_string"}}],"inLanguage":"fr-FR"},{"@type":"Organization","@id":"https:\/\/www.webdo.tn\/fr\/#organization","name":"Webdo","alternateName":"Webdo.tn","url":"https:\/\/www.webdo.tn\/fr\/","logo":{"@type":"ImageObject","inLanguage":"fr-FR","@id":"https:\/\/www.webdo.tn\/fr\/#\/schema\/logo\/image\/","url":"https:\/\/www.webdo.tn\/fr\/wp-content\/uploads\/2025\/06\/Webdo-Tunisie_168377.jpg","contentUrl":"https:\/\/www.webdo.tn\/fr\/wp-content\/uploads\/2025\/06\/Webdo-Tunisie_168377.jpg","width":301,"height":301,"caption":"Webdo"},"image":{"@id":"https:\/\/www.webdo.tn\/fr\/#\/schema\/logo\/image\/"},"sameAs":["https:\/\/www.facebook.com\/webdotn","https:\/\/x.com\/webdo_tn"],"description":"Webdo est un m\u00e9dia num\u00e9rique tunisien fond\u00e9 en 2010, sp\u00e9cialis\u00e9 dans l\u2019actualit\u00e9 nationale et internationale, l\u2019\u00e9conomie, la soci\u00e9t\u00e9 et les analyses politiques. Le site s\u2019adresse \u00e0 un large public francophone et couvre l\u2019information tunisienne en temps r\u00e9el.","email":"redac@webdo.tn","legalName":"YNJ SARL","foundingDate":"2010-09-06","numberOfEmployees":{"@type":"QuantitativeValue","minValue":"11","maxValue":"50"}},{"@type":"Person","@id":"https:\/\/www.webdo.tn\/fr\/#\/schema\/person\/590cb5f81adcfde6385530fdbdf468e2","name":"Ramzi","image":{"@type":"ImageObject","inLanguage":"fr-FR","@id":"https:\/\/secure.gravatar.com\/avatar\/48df7d18915e10cf866ba8e27604c81ff9243fd52704a1d210c3e387e1cb8d87?s=96&d=mm&r=g","url":"https:\/\/secure.gravatar.com\/avatar\/48df7d18915e10cf866ba8e27604c81ff9243fd52704a1d210c3e387e1cb8d87?s=96&d=mm&r=g","contentUrl":"https:\/\/secure.gravatar.com\/avatar\/48df7d18915e10cf866ba8e27604c81ff9243fd52704a1d210c3e387e1cb8d87?s=96&d=mm&r=g","caption":"Ramzi"},"url":"https:\/\/www.webdo.tn\/fr\/actualite\/author\/ramzi\/"}]}},"_links":{"self":[{"href":"https:\/\/www.webdo.tn\/fr\/wp-json\/wp\/v2\/posts\/207868","targetHints":{"allow":["GET"]}}],"collection":[{"href":"https:\/\/www.webdo.tn\/fr\/wp-json\/wp\/v2\/posts"}],"about":[{"href":"https:\/\/www.webdo.tn\/fr\/wp-json\/wp\/v2\/types\/post"}],"author":[{"embeddable":true,"href":"https:\/\/www.webdo.tn\/fr\/wp-json\/wp\/v2\/users\/3188"}],"replies":[{"embeddable":true,"href":"https:\/\/www.webdo.tn\/fr\/wp-json\/wp\/v2\/comments?post=207868"}],"version-history":[{"count":0,"href":"https:\/\/www.webdo.tn\/fr\/wp-json\/wp\/v2\/posts\/207868\/revisions"}],"wp:featuredmedia":[{"embeddable":true,"href":"https:\/\/www.webdo.tn\/fr\/wp-json\/wp\/v2\/media\/249565"}],"wp:attachment":[{"href":"https:\/\/www.webdo.tn\/fr\/wp-json\/wp\/v2\/media?parent=207868"}],"wp:term":[{"taxonomy":"category","embeddable":true,"href":"https:\/\/www.webdo.tn\/fr\/wp-json\/wp\/v2\/categories?post=207868"},{"taxonomy":"post_tag","embeddable":true,"href":"https:\/\/www.webdo.tn\/fr\/wp-json\/wp\/v2\/tags?post=207868"}],"curies":[{"name":"wp","href":"https:\/\/api.w.org\/{rel}","templated":true}]}}