{"id":207853,"date":"2023-08-10T20:51:00","date_gmt":"2023-08-10T20:51:00","guid":{"rendered":"https:\/\/www.webdo.tn\/fr\/blog\/rejet-des-demandes-de-liberation-de-bechir-akremi-et-habib-ellouze\/207853\/"},"modified":"2025-05-17T21:11:36","modified_gmt":"2025-05-17T21:11:36","slug":"rejet-des-demandes-de-liberation-de-bechir-akremi-et-habib-ellouze","status":"publish","type":"post","link":"https:\/\/www.webdo.tn\/fr\/actualite\/national\/rejet-des-demandes-de-liberation-de-bechir-akremi-et-habib-ellouze\/207853\/","title":{"rendered":"Rejet des demandes de lib\u00e9ration de Bechir Akremi et Habib Ellouze"},"content":{"rendered":"<p>La Chambre d&rsquo;accusations sp\u00e9cialis\u00e9e dans les affaires terroristes aupr\u00e8s de la Cour d&rsquo;Appel de Tunis a rejet\u00e9 les demandes de lib\u00e9ration de l\u2019ancien procureur de la R\u00e9publique pr\u00e8s le Tribunal de premi\u00e8re instance de Tunis, Bechir Akremi et du dirigeant d&rsquo;Ennahdha Habib Ellouze.<\/p>\n<p>\t\t\t\t\t\t\t\t\tBechir Akremi et\u00a0Habib Ellouze avaient \u00e9t\u00e9\u00a0arr\u00eat\u00e9s dans le cadre d&rsquo;une affaire de suspicion d&rsquo;appartenance \u00e0 une organisation terroriste.<\/p>\n<p>De plus, l&rsquo;ancien\u00a0procureur de la R\u00e9publique de Tunis\u00a0est, \u00e9galement, poursuivi pour suspicion de d\u00e9passements dans le traitement des dossiers judiciaires de l&rsquo;assassinat des martyrs Chokri Bela\u00efd et Mohamed Brahmi.<\/p>\n","protected":false},"excerpt":{"rendered":"<p>La Chambre d&rsquo;accusations sp\u00e9cialis\u00e9e dans les affaires terroristes aupr\u00e8s de la Cour d&rsquo;Appel de Tunis a rejet\u00e9 les demandes de lib\u00e9ration de l\u2019ancien procureur&#8230;<\/p>\n","protected":false},"author":3169,"featured_media":278626,"comment_status":"open","ping_status":"closed","sticky":false,"template":"","format":"standard","meta":{"footnotes":""},"categories":[44],"tags":[5457,7972,2619,3938,2608],"class_list":["post-207853","post","type-post","status-publish","format-standard","has-post-thumbnail","hentry","category-national","tag-bechir-akremi","tag-habib-ellouze","tag-justice","tag-liberation","tag-tunisie"],"yoast_head":"<!-- This site is optimized with the Yoast SEO Premium plugin v27.4 (Yoast SEO v27.5) - https:\/\/yoast.com\/product\/yoast-seo-premium-wordpress\/ -->\n<title>Rejet des demandes de lib\u00e9ration de Bechir Akremi et Habib Ellouze<\/title>\n<meta name=\"description\" content=\"La Chambre d&#039;accusations sp\u00e9cialis\u00e9e dans les affaires terroristes aupr\u00e8s de la Cour d&#039;Appel de Tunis a rejet\u00e9 les demandes de lib\u00e9ration de l\u2019ancien procureur...\" \/>\n<link rel=\"canonical\" href=\"https:\/\/www.webdo.tn\/fr\/actualite\/national\/rejet-des-demandes-de-liberation-de-bechir-akremi-et-habib-ellouze\/207853\/\" \/>\n<meta property=\"og:locale\" content=\"fr_FR\" \/>\n<meta property=\"og:type\" content=\"article\" \/>\n<meta property=\"og:title\" content=\"Rejet des demandes de lib\u00e9ration de Bechir Akremi et Habib Ellouze\" \/>\n<meta property=\"og:description\" content=\"La Chambre d&#039;accusations sp\u00e9cialis\u00e9e dans les affaires terroristes aupr\u00e8s de la Cour d&#039;Appel de Tunis a rejet\u00e9 les demandes de lib\u00e9ration de l\u2019ancien procureur...\" \/>\n<meta property=\"og:url\" content=\"https:\/\/www.webdo.tn\/fr\/actualite\/national\/rejet-des-demandes-de-liberation-de-bechir-akremi-et-habib-ellouze\/207853\/\" \/>\n<meta property=\"og:site_name\" content=\"webdo\" \/>\n<meta property=\"article:publisher\" content=\"https:\/\/www.facebook.com\/webdotn\" \/>\n<meta property=\"article:published_time\" content=\"2023-08-10T20:51:00+00:00\" \/>\n<meta property=\"article:modified_time\" content=\"2025-05-17T21:11:36+00:00\" \/>\n<meta property=\"og:image\" content=\"https:\/\/www.webdo.tn\/fr\/wp-content\/uploads\/2023\/08\/73794b9d48d5c9cf10e3f55ce989776e.jpg\" \/>\n\t<meta property=\"og:image:width\" content=\"750\" \/>\n\t<meta property=\"og:image:height\" content=\"400\" \/>\n\t<meta property=\"og:image:type\" content=\"image\/jpeg\" \/>\n<meta name=\"author\" content=\"Webdo\" \/>\n<meta name=\"twitter:card\" content=\"summary_large_image\" \/>\n<meta name=\"twitter:creator\" content=\"@webdo_tn\" \/>\n<meta name=\"twitter:site\" content=\"@webdo_tn\" \/>\n<meta name=\"twitter:label1\" content=\"\u00c9crit par\" \/>\n\t<meta name=\"twitter:data1\" content=\"Webdo\" \/>\n\t<meta name=\"twitter:label2\" content=\"Dur\u00e9e de lecture estim\u00e9e\" \/>\n\t<meta name=\"twitter:data2\" content=\"1 minute\" \/>\n<script type=\"application\/ld+json\" class=\"yoast-schema-graph\">{\"@context\":\"https:\\\/\\\/schema.org\",\"@graph\":[{\"@type\":\"NewsArticle\",\"@id\":\"https:\\\/\\\/www.webdo.tn\\\/fr\\\/actualite\\\/national\\\/rejet-des-demandes-de-liberation-de-bechir-akremi-et-habib-ellouze\\\/207853\\\/#article\",\"isPartOf\":{\"@id\":\"https:\\\/\\\/www.webdo.tn\\\/fr\\\/actualite\\\/national\\\/rejet-des-demandes-de-liberation-de-bechir-akremi-et-habib-ellouze\\\/207853\\\/\"},\"author\":{\"name\":\"Webdo\",\"@id\":\"https:\\\/\\\/www.webdo.tn\\\/fr\\\/#\\\/schema\\\/person\\\/1f4e491e0907b413d61089e8eb573acc\"},\"headline\":\"Rejet des demandes de lib\u00e9ration de Bechir Akremi et Habib Ellouze\",\"datePublished\":\"2023-08-10T20:51:00+00:00\",\"dateModified\":\"2025-05-17T21:11:36+00:00\",\"mainEntityOfPage\":{\"@id\":\"https:\\\/\\\/www.webdo.tn\\\/fr\\\/actualite\\\/national\\\/rejet-des-demandes-de-liberation-de-bechir-akremi-et-habib-ellouze\\\/207853\\\/\"},\"wordCount\":125,\"commentCount\":0,\"publisher\":{\"@id\":\"https:\\\/\\\/www.webdo.tn\\\/fr\\\/#organization\"},\"image\":{\"@id\":\"https:\\\/\\\/www.webdo.tn\\\/fr\\\/actualite\\\/national\\\/rejet-des-demandes-de-liberation-de-bechir-akremi-et-habib-ellouze\\\/207853\\\/#primaryimage\"},\"thumbnailUrl\":\"https:\\\/\\\/www.webdo.tn\\\/fr\\\/wp-content\\\/uploads\\\/2023\\\/08\\\/73794b9d48d5c9cf10e3f55ce989776e.jpg\",\"keywords\":[\"bechir akremi\",\"Habib Ellouze\",\"justice\",\"lib\u00e9ration\",\"Tunisie\"],\"articleSection\":[\"National\"],\"inLanguage\":\"fr-FR\"},{\"@type\":\"WebPage\",\"@id\":\"https:\\\/\\\/www.webdo.tn\\\/fr\\\/actualite\\\/national\\\/rejet-des-demandes-de-liberation-de-bechir-akremi-et-habib-ellouze\\\/207853\\\/\",\"url\":\"https:\\\/\\\/www.webdo.tn\\\/fr\\\/actualite\\\/national\\\/rejet-des-demandes-de-liberation-de-bechir-akremi-et-habib-ellouze\\\/207853\\\/\",\"name\":\"Rejet des demandes de lib\u00e9ration de Bechir Akremi et Habib Ellouze\",\"isPartOf\":{\"@id\":\"https:\\\/\\\/www.webdo.tn\\\/fr\\\/#website\"},\"primaryImageOfPage\":{\"@id\":\"https:\\\/\\\/www.webdo.tn\\\/fr\\\/actualite\\\/national\\\/rejet-des-demandes-de-liberation-de-bechir-akremi-et-habib-ellouze\\\/207853\\\/#primaryimage\"},\"image\":{\"@id\":\"https:\\\/\\\/www.webdo.tn\\\/fr\\\/actualite\\\/national\\\/rejet-des-demandes-de-liberation-de-bechir-akremi-et-habib-ellouze\\\/207853\\\/#primaryimage\"},\"thumbnailUrl\":\"https:\\\/\\\/www.webdo.tn\\\/fr\\\/wp-content\\\/uploads\\\/2023\\\/08\\\/73794b9d48d5c9cf10e3f55ce989776e.jpg\",\"datePublished\":\"2023-08-10T20:51:00+00:00\",\"dateModified\":\"2025-05-17T21:11:36+00:00\",\"description\":\"La Chambre d'accusations sp\u00e9cialis\u00e9e dans les affaires terroristes aupr\u00e8s de la Cour d'Appel de Tunis a rejet\u00e9 les demandes de lib\u00e9ration de l\u2019ancien procureur...\",\"breadcrumb\":{\"@id\":\"https:\\\/\\\/www.webdo.tn\\\/fr\\\/actualite\\\/national\\\/rejet-des-demandes-de-liberation-de-bechir-akremi-et-habib-ellouze\\\/207853\\\/#breadcrumb\"},\"inLanguage\":\"fr-FR\",\"potentialAction\":[{\"@type\":\"ReadAction\",\"target\":[\"https:\\\/\\\/www.webdo.tn\\\/fr\\\/actualite\\\/national\\\/rejet-des-demandes-de-liberation-de-bechir-akremi-et-habib-ellouze\\\/207853\\\/\"]}]},{\"@type\":\"ImageObject\",\"inLanguage\":\"fr-FR\",\"@id\":\"https:\\\/\\\/www.webdo.tn\\\/fr\\\/actualite\\\/national\\\/rejet-des-demandes-de-liberation-de-bechir-akremi-et-habib-ellouze\\\/207853\\\/#primaryimage\",\"url\":\"https:\\\/\\\/www.webdo.tn\\\/fr\\\/wp-content\\\/uploads\\\/2023\\\/08\\\/73794b9d48d5c9cf10e3f55ce989776e.jpg\",\"contentUrl\":\"https:\\\/\\\/www.webdo.tn\\\/fr\\\/wp-content\\\/uploads\\\/2023\\\/08\\\/73794b9d48d5c9cf10e3f55ce989776e.jpg\",\"width\":750,\"height\":400,\"caption\":\"Rejet des demandes de lib\u00e9ration de Bechir Akremi et Habib Ellouze\"},{\"@type\":\"BreadcrumbList\",\"@id\":\"https:\\\/\\\/www.webdo.tn\\\/fr\\\/actualite\\\/national\\\/rejet-des-demandes-de-liberation-de-bechir-akremi-et-habib-ellouze\\\/207853\\\/#breadcrumb\",\"itemListElement\":[{\"@type\":\"ListItem\",\"position\":1,\"name\":\"Accueil\",\"item\":\"https:\\\/\\\/www.webdo.tn\\\/fr\\\/\"},{\"@type\":\"ListItem\",\"position\":2,\"name\":\"Rejet des demandes de lib\u00e9ration de Bechir Akremi et Habib Ellouze\"}]},{\"@type\":\"WebSite\",\"@id\":\"https:\\\/\\\/www.webdo.tn\\\/fr\\\/#website\",\"url\":\"https:\\\/\\\/www.webdo.tn\\\/fr\\\/\",\"name\":\"webdo\",\"description\":\"Tunisie - News en Tunisie et \u00e0 l&#039;international sur Webdo.tn\",\"publisher\":{\"@id\":\"https:\\\/\\\/www.webdo.tn\\\/fr\\\/#organization\"},\"potentialAction\":[{\"@type\":\"SearchAction\",\"target\":{\"@type\":\"EntryPoint\",\"urlTemplate\":\"https:\\\/\\\/www.webdo.tn\\\/fr\\\/?s={search_term_string}\"},\"query-input\":{\"@type\":\"PropertyValueSpecification\",\"valueRequired\":true,\"valueName\":\"search_term_string\"}}],\"inLanguage\":\"fr-FR\"},{\"@type\":\"Organization\",\"@id\":\"https:\\\/\\\/www.webdo.tn\\\/fr\\\/#organization\",\"name\":\"Webdo\",\"alternateName\":\"Webdo.tn\",\"url\":\"https:\\\/\\\/www.webdo.tn\\\/fr\\\/\",\"logo\":{\"@type\":\"ImageObject\",\"inLanguage\":\"fr-FR\",\"@id\":\"https:\\\/\\\/www.webdo.tn\\\/fr\\\/#\\\/schema\\\/logo\\\/image\\\/\",\"url\":\"https:\\\/\\\/www.webdo.tn\\\/fr\\\/wp-content\\\/uploads\\\/2025\\\/06\\\/Webdo-Tunisie_168377.jpg\",\"contentUrl\":\"https:\\\/\\\/www.webdo.tn\\\/fr\\\/wp-content\\\/uploads\\\/2025\\\/06\\\/Webdo-Tunisie_168377.jpg\",\"width\":301,\"height\":301,\"caption\":\"Webdo\"},\"image\":{\"@id\":\"https:\\\/\\\/www.webdo.tn\\\/fr\\\/#\\\/schema\\\/logo\\\/image\\\/\"},\"sameAs\":[\"https:\\\/\\\/www.facebook.com\\\/webdotn\",\"https:\\\/\\\/x.com\\\/webdo_tn\"],\"description\":\"Webdo est un m\u00e9dia num\u00e9rique tunisien fond\u00e9 en 2010, sp\u00e9cialis\u00e9 dans l\u2019actualit\u00e9 nationale et internationale, l\u2019\u00e9conomie, la soci\u00e9t\u00e9 et les analyses politiques. Le site s\u2019adresse \u00e0 un large public francophone et couvre l\u2019information tunisienne en temps r\u00e9el.\",\"email\":\"redac@webdo.tn\",\"legalName\":\"YNJ SARL\",\"foundingDate\":\"2010-09-06\",\"numberOfEmployees\":{\"@type\":\"QuantitativeValue\",\"minValue\":\"11\",\"maxValue\":\"50\"}},{\"@type\":\"Person\",\"@id\":\"https:\\\/\\\/www.webdo.tn\\\/fr\\\/#\\\/schema\\\/person\\\/1f4e491e0907b413d61089e8eb573acc\",\"name\":\"Webdo\",\"image\":{\"@type\":\"ImageObject\",\"inLanguage\":\"fr-FR\",\"@id\":\"https:\\\/\\\/secure.gravatar.com\\\/avatar\\\/de97aeec1bb80978a9dbb127e47dfc88aaacb2f3c29aac907d8d3222e3495d49?s=96&d=mm&r=g\",\"url\":\"https:\\\/\\\/secure.gravatar.com\\\/avatar\\\/de97aeec1bb80978a9dbb127e47dfc88aaacb2f3c29aac907d8d3222e3495d49?s=96&d=mm&r=g\",\"contentUrl\":\"https:\\\/\\\/secure.gravatar.com\\\/avatar\\\/de97aeec1bb80978a9dbb127e47dfc88aaacb2f3c29aac907d8d3222e3495d49?s=96&d=mm&r=g\",\"caption\":\"Webdo\"},\"url\":\"https:\\\/\\\/www.webdo.tn\\\/fr\\\/actualite\\\/author\\\/webdo\\\/\"}]}<\/script>\n<!-- \/ Yoast SEO Premium plugin. -->","yoast_head_json":{"title":"Rejet des demandes de lib\u00e9ration de Bechir Akremi et Habib Ellouze","description":"La Chambre d'accusations sp\u00e9cialis\u00e9e dans les affaires terroristes aupr\u00e8s de la Cour d'Appel de Tunis a rejet\u00e9 les demandes de lib\u00e9ration de l\u2019ancien procureur...","canonical":"https:\/\/www.webdo.tn\/fr\/actualite\/national\/rejet-des-demandes-de-liberation-de-bechir-akremi-et-habib-ellouze\/207853\/","og_locale":"fr_FR","og_type":"article","og_title":"Rejet des demandes de lib\u00e9ration de Bechir Akremi et Habib Ellouze","og_description":"La Chambre d'accusations sp\u00e9cialis\u00e9e dans les affaires terroristes aupr\u00e8s de la Cour d'Appel de Tunis a rejet\u00e9 les demandes de lib\u00e9ration de l\u2019ancien procureur...","og_url":"https:\/\/www.webdo.tn\/fr\/actualite\/national\/rejet-des-demandes-de-liberation-de-bechir-akremi-et-habib-ellouze\/207853\/","og_site_name":"webdo","article_publisher":"https:\/\/www.facebook.com\/webdotn","article_published_time":"2023-08-10T20:51:00+00:00","article_modified_time":"2025-05-17T21:11:36+00:00","og_image":[{"width":750,"height":400,"url":"https:\/\/www.webdo.tn\/fr\/wp-content\/uploads\/2023\/08\/73794b9d48d5c9cf10e3f55ce989776e.jpg","type":"image\/jpeg"}],"author":"Webdo","twitter_card":"summary_large_image","twitter_creator":"@webdo_tn","twitter_site":"@webdo_tn","twitter_misc":{"\u00c9crit par":"Webdo","Dur\u00e9e de lecture estim\u00e9e":"1 minute"},"schema":{"@context":"https:\/\/schema.org","@graph":[{"@type":"NewsArticle","@id":"https:\/\/www.webdo.tn\/fr\/actualite\/national\/rejet-des-demandes-de-liberation-de-bechir-akremi-et-habib-ellouze\/207853\/#article","isPartOf":{"@id":"https:\/\/www.webdo.tn\/fr\/actualite\/national\/rejet-des-demandes-de-liberation-de-bechir-akremi-et-habib-ellouze\/207853\/"},"author":{"name":"Webdo","@id":"https:\/\/www.webdo.tn\/fr\/#\/schema\/person\/1f4e491e0907b413d61089e8eb573acc"},"headline":"Rejet des demandes de lib\u00e9ration de Bechir Akremi et Habib Ellouze","datePublished":"2023-08-10T20:51:00+00:00","dateModified":"2025-05-17T21:11:36+00:00","mainEntityOfPage":{"@id":"https:\/\/www.webdo.tn\/fr\/actualite\/national\/rejet-des-demandes-de-liberation-de-bechir-akremi-et-habib-ellouze\/207853\/"},"wordCount":125,"commentCount":0,"publisher":{"@id":"https:\/\/www.webdo.tn\/fr\/#organization"},"image":{"@id":"https:\/\/www.webdo.tn\/fr\/actualite\/national\/rejet-des-demandes-de-liberation-de-bechir-akremi-et-habib-ellouze\/207853\/#primaryimage"},"thumbnailUrl":"https:\/\/www.webdo.tn\/fr\/wp-content\/uploads\/2023\/08\/73794b9d48d5c9cf10e3f55ce989776e.jpg","keywords":["bechir akremi","Habib Ellouze","justice","lib\u00e9ration","Tunisie"],"articleSection":["National"],"inLanguage":"fr-FR"},{"@type":"WebPage","@id":"https:\/\/www.webdo.tn\/fr\/actualite\/national\/rejet-des-demandes-de-liberation-de-bechir-akremi-et-habib-ellouze\/207853\/","url":"https:\/\/www.webdo.tn\/fr\/actualite\/national\/rejet-des-demandes-de-liberation-de-bechir-akremi-et-habib-ellouze\/207853\/","name":"Rejet des demandes de lib\u00e9ration de Bechir Akremi et Habib Ellouze","isPartOf":{"@id":"https:\/\/www.webdo.tn\/fr\/#website"},"primaryImageOfPage":{"@id":"https:\/\/www.webdo.tn\/fr\/actualite\/national\/rejet-des-demandes-de-liberation-de-bechir-akremi-et-habib-ellouze\/207853\/#primaryimage"},"image":{"@id":"https:\/\/www.webdo.tn\/fr\/actualite\/national\/rejet-des-demandes-de-liberation-de-bechir-akremi-et-habib-ellouze\/207853\/#primaryimage"},"thumbnailUrl":"https:\/\/www.webdo.tn\/fr\/wp-content\/uploads\/2023\/08\/73794b9d48d5c9cf10e3f55ce989776e.jpg","datePublished":"2023-08-10T20:51:00+00:00","dateModified":"2025-05-17T21:11:36+00:00","description":"La Chambre d'accusations sp\u00e9cialis\u00e9e dans les affaires terroristes aupr\u00e8s de la Cour d'Appel de Tunis a rejet\u00e9 les demandes de lib\u00e9ration de l\u2019ancien procureur...","breadcrumb":{"@id":"https:\/\/www.webdo.tn\/fr\/actualite\/national\/rejet-des-demandes-de-liberation-de-bechir-akremi-et-habib-ellouze\/207853\/#breadcrumb"},"inLanguage":"fr-FR","potentialAction":[{"@type":"ReadAction","target":["https:\/\/www.webdo.tn\/fr\/actualite\/national\/rejet-des-demandes-de-liberation-de-bechir-akremi-et-habib-ellouze\/207853\/"]}]},{"@type":"ImageObject","inLanguage":"fr-FR","@id":"https:\/\/www.webdo.tn\/fr\/actualite\/national\/rejet-des-demandes-de-liberation-de-bechir-akremi-et-habib-ellouze\/207853\/#primaryimage","url":"https:\/\/www.webdo.tn\/fr\/wp-content\/uploads\/2023\/08\/73794b9d48d5c9cf10e3f55ce989776e.jpg","contentUrl":"https:\/\/www.webdo.tn\/fr\/wp-content\/uploads\/2023\/08\/73794b9d48d5c9cf10e3f55ce989776e.jpg","width":750,"height":400,"caption":"Rejet des demandes de lib\u00e9ration de Bechir Akremi et Habib Ellouze"},{"@type":"BreadcrumbList","@id":"https:\/\/www.webdo.tn\/fr\/actualite\/national\/rejet-des-demandes-de-liberation-de-bechir-akremi-et-habib-ellouze\/207853\/#breadcrumb","itemListElement":[{"@type":"ListItem","position":1,"name":"Accueil","item":"https:\/\/www.webdo.tn\/fr\/"},{"@type":"ListItem","position":2,"name":"Rejet des demandes de lib\u00e9ration de Bechir Akremi et Habib Ellouze"}]},{"@type":"WebSite","@id":"https:\/\/www.webdo.tn\/fr\/#website","url":"https:\/\/www.webdo.tn\/fr\/","name":"webdo","description":"Tunisie - News en Tunisie et \u00e0 l&#039;international sur Webdo.tn","publisher":{"@id":"https:\/\/www.webdo.tn\/fr\/#organization"},"potentialAction":[{"@type":"SearchAction","target":{"@type":"EntryPoint","urlTemplate":"https:\/\/www.webdo.tn\/fr\/?s={search_term_string}"},"query-input":{"@type":"PropertyValueSpecification","valueRequired":true,"valueName":"search_term_string"}}],"inLanguage":"fr-FR"},{"@type":"Organization","@id":"https:\/\/www.webdo.tn\/fr\/#organization","name":"Webdo","alternateName":"Webdo.tn","url":"https:\/\/www.webdo.tn\/fr\/","logo":{"@type":"ImageObject","inLanguage":"fr-FR","@id":"https:\/\/www.webdo.tn\/fr\/#\/schema\/logo\/image\/","url":"https:\/\/www.webdo.tn\/fr\/wp-content\/uploads\/2025\/06\/Webdo-Tunisie_168377.jpg","contentUrl":"https:\/\/www.webdo.tn\/fr\/wp-content\/uploads\/2025\/06\/Webdo-Tunisie_168377.jpg","width":301,"height":301,"caption":"Webdo"},"image":{"@id":"https:\/\/www.webdo.tn\/fr\/#\/schema\/logo\/image\/"},"sameAs":["https:\/\/www.facebook.com\/webdotn","https:\/\/x.com\/webdo_tn"],"description":"Webdo est un m\u00e9dia num\u00e9rique tunisien fond\u00e9 en 2010, sp\u00e9cialis\u00e9 dans l\u2019actualit\u00e9 nationale et internationale, l\u2019\u00e9conomie, la soci\u00e9t\u00e9 et les analyses politiques. Le site s\u2019adresse \u00e0 un large public francophone et couvre l\u2019information tunisienne en temps r\u00e9el.","email":"redac@webdo.tn","legalName":"YNJ SARL","foundingDate":"2010-09-06","numberOfEmployees":{"@type":"QuantitativeValue","minValue":"11","maxValue":"50"}},{"@type":"Person","@id":"https:\/\/www.webdo.tn\/fr\/#\/schema\/person\/1f4e491e0907b413d61089e8eb573acc","name":"Webdo","image":{"@type":"ImageObject","inLanguage":"fr-FR","@id":"https:\/\/secure.gravatar.com\/avatar\/de97aeec1bb80978a9dbb127e47dfc88aaacb2f3c29aac907d8d3222e3495d49?s=96&d=mm&r=g","url":"https:\/\/secure.gravatar.com\/avatar\/de97aeec1bb80978a9dbb127e47dfc88aaacb2f3c29aac907d8d3222e3495d49?s=96&d=mm&r=g","contentUrl":"https:\/\/secure.gravatar.com\/avatar\/de97aeec1bb80978a9dbb127e47dfc88aaacb2f3c29aac907d8d3222e3495d49?s=96&d=mm&r=g","caption":"Webdo"},"url":"https:\/\/www.webdo.tn\/fr\/actualite\/author\/webdo\/"}]}},"_links":{"self":[{"href":"https:\/\/www.webdo.tn\/fr\/wp-json\/wp\/v2\/posts\/207853","targetHints":{"allow":["GET"]}}],"collection":[{"href":"https:\/\/www.webdo.tn\/fr\/wp-json\/wp\/v2\/posts"}],"about":[{"href":"https:\/\/www.webdo.tn\/fr\/wp-json\/wp\/v2\/types\/post"}],"author":[{"embeddable":true,"href":"https:\/\/www.webdo.tn\/fr\/wp-json\/wp\/v2\/users\/3169"}],"replies":[{"embeddable":true,"href":"https:\/\/www.webdo.tn\/fr\/wp-json\/wp\/v2\/comments?post=207853"}],"version-history":[{"count":0,"href":"https:\/\/www.webdo.tn\/fr\/wp-json\/wp\/v2\/posts\/207853\/revisions"}],"wp:featuredmedia":[{"embeddable":true,"href":"https:\/\/www.webdo.tn\/fr\/wp-json\/wp\/v2\/media\/278626"}],"wp:attachment":[{"href":"https:\/\/www.webdo.tn\/fr\/wp-json\/wp\/v2\/media?parent=207853"}],"wp:term":[{"taxonomy":"category","embeddable":true,"href":"https:\/\/www.webdo.tn\/fr\/wp-json\/wp\/v2\/categories?post=207853"},{"taxonomy":"post_tag","embeddable":true,"href":"https:\/\/www.webdo.tn\/fr\/wp-json\/wp\/v2\/tags?post=207853"}],"curies":[{"name":"wp","href":"https:\/\/api.w.org\/{rel}","templated":true}]}}