{"id":207842,"date":"2023-08-10T15:12:00","date_gmt":"2023-08-10T15:12:00","guid":{"rendered":"https:\/\/www.webdo.tn\/fr\/blog\/deces-d-une-jeune-ouvriere-agricole-dans-un-accident-mandat-de-depot-contre-le-chauffeur\/207842\/"},"modified":"2025-05-20T22:51:17","modified_gmt":"2025-05-20T22:51:17","slug":"deces-d-une-jeune-ouvriere-agricole-dans-un-accident-mandat-de-depot-contre-le-chauffeur","status":"publish","type":"post","link":"https:\/\/www.webdo.tn\/fr\/actualite\/national\/deces-d-une-jeune-ouvriere-agricole-dans-un-accident-mandat-de-depot-contre-le-chauffeur\/207842\/","title":{"rendered":"D\u00e9c\u00e8s d&rsquo;une jeune ouvri\u00e8re agricole dans un accident : Mandat de d\u00e9p\u00f4t contre le chauffeur"},"content":{"rendered":"<p>Un mandat de d\u00e9p\u00f4t contre le chauffeur d&rsquo;un camion et ce, suite au d\u00e9c\u00e8s d&rsquo;une ouvri\u00e8re agricole apr\u00e8s sa chute du camion.<\/p>\n<p>Une jeune ouvri\u00e8re agricole originaire de Sidi Bouzid, est d\u00e9c\u00e9d\u00e9e suite \u00e0 une chute du d\u2019un camion sur la route entre Sidi Ali Ben Aoun et \u00ab\u00a0Sidi A\u00efch\u00a0\u00bb, alors qu&rsquo;elle rentrait de son travail.<\/p>\n<p>La jeune fille, \u00e2g\u00e9e de moins de 18 ans, a perdu la vie des suites de ses blessures graves lors de son transport \u00e0 l&rsquo;h\u00f4pital malgr\u00e9 les tentatives de secours.\u00a0<\/p>\n<p>En Tunisie, les femmes sont l\u2019\u00e9pine dorsale de l\u2019\u00e9conomie rurale, pourtant elles connaissent des conditions extr\u00eamement difficiles.<br \/>\njusqu\u2019\u00e0 500 mille femmes agricoles exercent dans des conditions extr\u00eamement difficiles dans les diff\u00e9rents gouvernorats.<\/p>\n","protected":false},"excerpt":{"rendered":"<p>Un mandat de d\u00e9p\u00f4t contre le chauffeur d&rsquo;un camion et ce, suite au d\u00e9c\u00e8s d&rsquo;une ouvri\u00e8re agricole apr\u00e8s sa chute du camion.<\/p>\n","protected":false},"author":3175,"featured_media":278617,"comment_status":"open","ping_status":"closed","sticky":false,"template":"","format":"standard","meta":{"footnotes":""},"categories":[44],"tags":[3915,9663,2608],"class_list":["post-207842","post","type-post","status-publish","format-standard","has-post-thumbnail","hentry","category-national","tag-accident","tag-ouvriere","tag-tunisie"],"yoast_head":"<!-- This site is optimized with the Yoast SEO Premium plugin v27.5 (Yoast SEO v27.5) - https:\/\/yoast.com\/product\/yoast-seo-premium-wordpress\/ -->\n<title>D\u00e9c\u00e8s d&#039;une jeune ouvri\u00e8re agricole dans un accident : Mandat de d\u00e9p\u00f4t contre le chauffeur<\/title>\n<meta name=\"description\" content=\"Un mandat de d\u00e9p\u00f4t contre le chauffeur d&#039;un camion et ce, suite au d\u00e9c\u00e8s d&#039;une ouvri\u00e8re agricole apr\u00e8s sa chute du camion.\" \/>\n<link rel=\"canonical\" href=\"https:\/\/www.webdo.tn\/fr\/actualite\/national\/deces-d-une-jeune-ouvriere-agricole-dans-un-accident-mandat-de-depot-contre-le-chauffeur\/207842\/\" \/>\n<meta property=\"og:locale\" content=\"fr_FR\" \/>\n<meta property=\"og:type\" content=\"article\" \/>\n<meta property=\"og:title\" content=\"D\u00e9c\u00e8s d&#039;une jeune ouvri\u00e8re agricole dans un accident : Mandat de d\u00e9p\u00f4t contre le chauffeur\" \/>\n<meta property=\"og:description\" content=\"Un mandat de d\u00e9p\u00f4t contre le chauffeur d&#039;un camion et ce, suite au d\u00e9c\u00e8s d&#039;une ouvri\u00e8re agricole apr\u00e8s sa chute du camion.\" \/>\n<meta property=\"og:url\" content=\"https:\/\/www.webdo.tn\/fr\/actualite\/national\/deces-d-une-jeune-ouvriere-agricole-dans-un-accident-mandat-de-depot-contre-le-chauffeur\/207842\/\" \/>\n<meta property=\"og:site_name\" content=\"webdo\" \/>\n<meta property=\"article:publisher\" content=\"https:\/\/www.facebook.com\/webdotn\" \/>\n<meta property=\"article:published_time\" content=\"2023-08-10T15:12:00+00:00\" \/>\n<meta property=\"article:modified_time\" content=\"2025-05-20T22:51:17+00:00\" \/>\n<meta property=\"og:image\" content=\"https:\/\/www.webdo.tn\/fr\/wp-content\/uploads\/2023\/08\/11316569c86e032e7ade5707327a945f.jpg\" \/>\n\t<meta property=\"og:image:width\" content=\"750\" \/>\n\t<meta property=\"og:image:height\" content=\"400\" \/>\n\t<meta property=\"og:image:type\" content=\"image\/jpeg\" \/>\n<meta name=\"author\" content=\"CL\" \/>\n<meta name=\"twitter:card\" content=\"summary_large_image\" \/>\n<meta name=\"twitter:creator\" content=\"@webdo_tn\" \/>\n<meta name=\"twitter:site\" content=\"@webdo_tn\" \/>\n<meta name=\"twitter:label1\" content=\"\u00c9crit par\" \/>\n\t<meta name=\"twitter:data1\" content=\"CL\" \/>\n\t<meta name=\"twitter:label2\" content=\"Dur\u00e9e de lecture estim\u00e9e\" \/>\n\t<meta name=\"twitter:data2\" content=\"1 minute\" \/>\n<script type=\"application\/ld+json\" class=\"yoast-schema-graph\">{\"@context\":\"https:\\\/\\\/schema.org\",\"@graph\":[{\"@type\":\"NewsArticle\",\"@id\":\"https:\\\/\\\/www.webdo.tn\\\/fr\\\/actualite\\\/national\\\/deces-d-une-jeune-ouvriere-agricole-dans-un-accident-mandat-de-depot-contre-le-chauffeur\\\/207842\\\/#article\",\"isPartOf\":{\"@id\":\"https:\\\/\\\/www.webdo.tn\\\/fr\\\/actualite\\\/national\\\/deces-d-une-jeune-ouvriere-agricole-dans-un-accident-mandat-de-depot-contre-le-chauffeur\\\/207842\\\/\"},\"author\":{\"name\":\"CL\",\"@id\":\"https:\\\/\\\/www.webdo.tn\\\/fr\\\/#\\\/schema\\\/person\\\/f35b42a42c5e2511bbd282959d6385cc\"},\"headline\":\"D\u00e9c\u00e8s d&rsquo;une jeune ouvri\u00e8re agricole dans un accident : Mandat de d\u00e9p\u00f4t contre le chauffeur\",\"datePublished\":\"2023-08-10T15:12:00+00:00\",\"dateModified\":\"2025-05-20T22:51:17+00:00\",\"mainEntityOfPage\":{\"@id\":\"https:\\\/\\\/www.webdo.tn\\\/fr\\\/actualite\\\/national\\\/deces-d-une-jeune-ouvriere-agricole-dans-un-accident-mandat-de-depot-contre-le-chauffeur\\\/207842\\\/\"},\"wordCount\":157,\"commentCount\":0,\"publisher\":{\"@id\":\"https:\\\/\\\/www.webdo.tn\\\/fr\\\/#organization\"},\"image\":{\"@id\":\"https:\\\/\\\/www.webdo.tn\\\/fr\\\/actualite\\\/national\\\/deces-d-une-jeune-ouvriere-agricole-dans-un-accident-mandat-de-depot-contre-le-chauffeur\\\/207842\\\/#primaryimage\"},\"thumbnailUrl\":\"https:\\\/\\\/www.webdo.tn\\\/fr\\\/wp-content\\\/uploads\\\/2023\\\/08\\\/11316569c86e032e7ade5707327a945f.jpg\",\"keywords\":[\"accident\",\"ouvri\u00e8re\",\"Tunisie\"],\"articleSection\":[\"National\"],\"inLanguage\":\"fr-FR\"},{\"@type\":\"WebPage\",\"@id\":\"https:\\\/\\\/www.webdo.tn\\\/fr\\\/actualite\\\/national\\\/deces-d-une-jeune-ouvriere-agricole-dans-un-accident-mandat-de-depot-contre-le-chauffeur\\\/207842\\\/\",\"url\":\"https:\\\/\\\/www.webdo.tn\\\/fr\\\/actualite\\\/national\\\/deces-d-une-jeune-ouvriere-agricole-dans-un-accident-mandat-de-depot-contre-le-chauffeur\\\/207842\\\/\",\"name\":\"D\u00e9c\u00e8s d'une jeune ouvri\u00e8re agricole dans un accident : Mandat de d\u00e9p\u00f4t contre le chauffeur\",\"isPartOf\":{\"@id\":\"https:\\\/\\\/www.webdo.tn\\\/fr\\\/#website\"},\"primaryImageOfPage\":{\"@id\":\"https:\\\/\\\/www.webdo.tn\\\/fr\\\/actualite\\\/national\\\/deces-d-une-jeune-ouvriere-agricole-dans-un-accident-mandat-de-depot-contre-le-chauffeur\\\/207842\\\/#primaryimage\"},\"image\":{\"@id\":\"https:\\\/\\\/www.webdo.tn\\\/fr\\\/actualite\\\/national\\\/deces-d-une-jeune-ouvriere-agricole-dans-un-accident-mandat-de-depot-contre-le-chauffeur\\\/207842\\\/#primaryimage\"},\"thumbnailUrl\":\"https:\\\/\\\/www.webdo.tn\\\/fr\\\/wp-content\\\/uploads\\\/2023\\\/08\\\/11316569c86e032e7ade5707327a945f.jpg\",\"datePublished\":\"2023-08-10T15:12:00+00:00\",\"dateModified\":\"2025-05-20T22:51:17+00:00\",\"description\":\"Un mandat de d\u00e9p\u00f4t contre le chauffeur d'un camion et ce, suite au d\u00e9c\u00e8s d'une ouvri\u00e8re agricole apr\u00e8s sa chute du camion.\",\"breadcrumb\":{\"@id\":\"https:\\\/\\\/www.webdo.tn\\\/fr\\\/actualite\\\/national\\\/deces-d-une-jeune-ouvriere-agricole-dans-un-accident-mandat-de-depot-contre-le-chauffeur\\\/207842\\\/#breadcrumb\"},\"inLanguage\":\"fr-FR\",\"potentialAction\":[{\"@type\":\"ReadAction\",\"target\":[\"https:\\\/\\\/www.webdo.tn\\\/fr\\\/actualite\\\/national\\\/deces-d-une-jeune-ouvriere-agricole-dans-un-accident-mandat-de-depot-contre-le-chauffeur\\\/207842\\\/\"]}]},{\"@type\":\"ImageObject\",\"inLanguage\":\"fr-FR\",\"@id\":\"https:\\\/\\\/www.webdo.tn\\\/fr\\\/actualite\\\/national\\\/deces-d-une-jeune-ouvriere-agricole-dans-un-accident-mandat-de-depot-contre-le-chauffeur\\\/207842\\\/#primaryimage\",\"url\":\"https:\\\/\\\/www.webdo.tn\\\/fr\\\/wp-content\\\/uploads\\\/2023\\\/08\\\/11316569c86e032e7ade5707327a945f.jpg\",\"contentUrl\":\"https:\\\/\\\/www.webdo.tn\\\/fr\\\/wp-content\\\/uploads\\\/2023\\\/08\\\/11316569c86e032e7ade5707327a945f.jpg\",\"width\":750,\"height\":400,\"caption\":\"D\u00e9c\u00e8s d'une jeune ouvri\u00e8re agricole dans un accident : Mandat de d\u00e9p\u00f4t contre le chauffeur\"},{\"@type\":\"BreadcrumbList\",\"@id\":\"https:\\\/\\\/www.webdo.tn\\\/fr\\\/actualite\\\/national\\\/deces-d-une-jeune-ouvriere-agricole-dans-un-accident-mandat-de-depot-contre-le-chauffeur\\\/207842\\\/#breadcrumb\",\"itemListElement\":[{\"@type\":\"ListItem\",\"position\":1,\"name\":\"Accueil\",\"item\":\"https:\\\/\\\/www.webdo.tn\\\/fr\\\/\"},{\"@type\":\"ListItem\",\"position\":2,\"name\":\"D\u00e9c\u00e8s d&rsquo;une jeune ouvri\u00e8re agricole dans un accident : Mandat de d\u00e9p\u00f4t contre le chauffeur\"}]},{\"@type\":\"WebSite\",\"@id\":\"https:\\\/\\\/www.webdo.tn\\\/fr\\\/#website\",\"url\":\"https:\\\/\\\/www.webdo.tn\\\/fr\\\/\",\"name\":\"webdo\",\"description\":\"Tunisie - News en Tunisie et \u00e0 l&#039;international sur Webdo.tn\",\"publisher\":{\"@id\":\"https:\\\/\\\/www.webdo.tn\\\/fr\\\/#organization\"},\"potentialAction\":[{\"@type\":\"SearchAction\",\"target\":{\"@type\":\"EntryPoint\",\"urlTemplate\":\"https:\\\/\\\/www.webdo.tn\\\/fr\\\/?s={search_term_string}\"},\"query-input\":{\"@type\":\"PropertyValueSpecification\",\"valueRequired\":true,\"valueName\":\"search_term_string\"}}],\"inLanguage\":\"fr-FR\"},{\"@type\":\"Organization\",\"@id\":\"https:\\\/\\\/www.webdo.tn\\\/fr\\\/#organization\",\"name\":\"Webdo\",\"alternateName\":\"Webdo.tn\",\"url\":\"https:\\\/\\\/www.webdo.tn\\\/fr\\\/\",\"logo\":{\"@type\":\"ImageObject\",\"inLanguage\":\"fr-FR\",\"@id\":\"https:\\\/\\\/www.webdo.tn\\\/fr\\\/#\\\/schema\\\/logo\\\/image\\\/\",\"url\":\"https:\\\/\\\/www.webdo.tn\\\/fr\\\/wp-content\\\/uploads\\\/2025\\\/06\\\/Webdo-Tunisie_168377.jpg\",\"contentUrl\":\"https:\\\/\\\/www.webdo.tn\\\/fr\\\/wp-content\\\/uploads\\\/2025\\\/06\\\/Webdo-Tunisie_168377.jpg\",\"width\":301,\"height\":301,\"caption\":\"Webdo\"},\"image\":{\"@id\":\"https:\\\/\\\/www.webdo.tn\\\/fr\\\/#\\\/schema\\\/logo\\\/image\\\/\"},\"sameAs\":[\"https:\\\/\\\/www.facebook.com\\\/webdotn\",\"https:\\\/\\\/x.com\\\/webdo_tn\"],\"description\":\"Webdo est un m\u00e9dia num\u00e9rique tunisien fond\u00e9 en 2010, sp\u00e9cialis\u00e9 dans l\u2019actualit\u00e9 nationale et internationale, l\u2019\u00e9conomie, la soci\u00e9t\u00e9 et les analyses politiques. Le site s\u2019adresse \u00e0 un large public francophone et couvre l\u2019information tunisienne en temps r\u00e9el.\",\"email\":\"redac@webdo.tn\",\"legalName\":\"YNJ SARL\",\"foundingDate\":\"2010-09-06\",\"numberOfEmployees\":{\"@type\":\"QuantitativeValue\",\"minValue\":\"11\",\"maxValue\":\"50\"}},{\"@type\":\"Person\",\"@id\":\"https:\\\/\\\/www.webdo.tn\\\/fr\\\/#\\\/schema\\\/person\\\/f35b42a42c5e2511bbd282959d6385cc\",\"name\":\"CL\",\"image\":{\"@type\":\"ImageObject\",\"inLanguage\":\"fr-FR\",\"@id\":\"https:\\\/\\\/secure.gravatar.com\\\/avatar\\\/1447a49909b67aa657c488aec6512e1dd6143a480c1ecfee9b5b5cd74eb3b59e?s=96&d=mm&r=g\",\"url\":\"https:\\\/\\\/secure.gravatar.com\\\/avatar\\\/1447a49909b67aa657c488aec6512e1dd6143a480c1ecfee9b5b5cd74eb3b59e?s=96&d=mm&r=g\",\"contentUrl\":\"https:\\\/\\\/secure.gravatar.com\\\/avatar\\\/1447a49909b67aa657c488aec6512e1dd6143a480c1ecfee9b5b5cd74eb3b59e?s=96&d=mm&r=g\",\"caption\":\"CL\"},\"url\":\"https:\\\/\\\/www.webdo.tn\\\/fr\\\/actualite\\\/author\\\/cl\\\/\"}]}<\/script>\n<!-- \/ Yoast SEO Premium plugin. -->","yoast_head_json":{"title":"D\u00e9c\u00e8s d'une jeune ouvri\u00e8re agricole dans un accident : Mandat de d\u00e9p\u00f4t contre le chauffeur","description":"Un mandat de d\u00e9p\u00f4t contre le chauffeur d'un camion et ce, suite au d\u00e9c\u00e8s d'une ouvri\u00e8re agricole apr\u00e8s sa chute du camion.","canonical":"https:\/\/www.webdo.tn\/fr\/actualite\/national\/deces-d-une-jeune-ouvriere-agricole-dans-un-accident-mandat-de-depot-contre-le-chauffeur\/207842\/","og_locale":"fr_FR","og_type":"article","og_title":"D\u00e9c\u00e8s d'une jeune ouvri\u00e8re agricole dans un accident : Mandat de d\u00e9p\u00f4t contre le chauffeur","og_description":"Un mandat de d\u00e9p\u00f4t contre le chauffeur d'un camion et ce, suite au d\u00e9c\u00e8s d'une ouvri\u00e8re agricole apr\u00e8s sa chute du camion.","og_url":"https:\/\/www.webdo.tn\/fr\/actualite\/national\/deces-d-une-jeune-ouvriere-agricole-dans-un-accident-mandat-de-depot-contre-le-chauffeur\/207842\/","og_site_name":"webdo","article_publisher":"https:\/\/www.facebook.com\/webdotn","article_published_time":"2023-08-10T15:12:00+00:00","article_modified_time":"2025-05-20T22:51:17+00:00","og_image":[{"width":750,"height":400,"url":"https:\/\/www.webdo.tn\/fr\/wp-content\/uploads\/2023\/08\/11316569c86e032e7ade5707327a945f.jpg","type":"image\/jpeg"}],"author":"CL","twitter_card":"summary_large_image","twitter_creator":"@webdo_tn","twitter_site":"@webdo_tn","twitter_misc":{"\u00c9crit par":"CL","Dur\u00e9e de lecture estim\u00e9e":"1 minute"},"schema":{"@context":"https:\/\/schema.org","@graph":[{"@type":"NewsArticle","@id":"https:\/\/www.webdo.tn\/fr\/actualite\/national\/deces-d-une-jeune-ouvriere-agricole-dans-un-accident-mandat-de-depot-contre-le-chauffeur\/207842\/#article","isPartOf":{"@id":"https:\/\/www.webdo.tn\/fr\/actualite\/national\/deces-d-une-jeune-ouvriere-agricole-dans-un-accident-mandat-de-depot-contre-le-chauffeur\/207842\/"},"author":{"name":"CL","@id":"https:\/\/www.webdo.tn\/fr\/#\/schema\/person\/f35b42a42c5e2511bbd282959d6385cc"},"headline":"D\u00e9c\u00e8s d&rsquo;une jeune ouvri\u00e8re agricole dans un accident : Mandat de d\u00e9p\u00f4t contre le chauffeur","datePublished":"2023-08-10T15:12:00+00:00","dateModified":"2025-05-20T22:51:17+00:00","mainEntityOfPage":{"@id":"https:\/\/www.webdo.tn\/fr\/actualite\/national\/deces-d-une-jeune-ouvriere-agricole-dans-un-accident-mandat-de-depot-contre-le-chauffeur\/207842\/"},"wordCount":157,"commentCount":0,"publisher":{"@id":"https:\/\/www.webdo.tn\/fr\/#organization"},"image":{"@id":"https:\/\/www.webdo.tn\/fr\/actualite\/national\/deces-d-une-jeune-ouvriere-agricole-dans-un-accident-mandat-de-depot-contre-le-chauffeur\/207842\/#primaryimage"},"thumbnailUrl":"https:\/\/www.webdo.tn\/fr\/wp-content\/uploads\/2023\/08\/11316569c86e032e7ade5707327a945f.jpg","keywords":["accident","ouvri\u00e8re","Tunisie"],"articleSection":["National"],"inLanguage":"fr-FR"},{"@type":"WebPage","@id":"https:\/\/www.webdo.tn\/fr\/actualite\/national\/deces-d-une-jeune-ouvriere-agricole-dans-un-accident-mandat-de-depot-contre-le-chauffeur\/207842\/","url":"https:\/\/www.webdo.tn\/fr\/actualite\/national\/deces-d-une-jeune-ouvriere-agricole-dans-un-accident-mandat-de-depot-contre-le-chauffeur\/207842\/","name":"D\u00e9c\u00e8s d'une jeune ouvri\u00e8re agricole dans un accident : Mandat de d\u00e9p\u00f4t contre le chauffeur","isPartOf":{"@id":"https:\/\/www.webdo.tn\/fr\/#website"},"primaryImageOfPage":{"@id":"https:\/\/www.webdo.tn\/fr\/actualite\/national\/deces-d-une-jeune-ouvriere-agricole-dans-un-accident-mandat-de-depot-contre-le-chauffeur\/207842\/#primaryimage"},"image":{"@id":"https:\/\/www.webdo.tn\/fr\/actualite\/national\/deces-d-une-jeune-ouvriere-agricole-dans-un-accident-mandat-de-depot-contre-le-chauffeur\/207842\/#primaryimage"},"thumbnailUrl":"https:\/\/www.webdo.tn\/fr\/wp-content\/uploads\/2023\/08\/11316569c86e032e7ade5707327a945f.jpg","datePublished":"2023-08-10T15:12:00+00:00","dateModified":"2025-05-20T22:51:17+00:00","description":"Un mandat de d\u00e9p\u00f4t contre le chauffeur d'un camion et ce, suite au d\u00e9c\u00e8s d'une ouvri\u00e8re agricole apr\u00e8s sa chute du camion.","breadcrumb":{"@id":"https:\/\/www.webdo.tn\/fr\/actualite\/national\/deces-d-une-jeune-ouvriere-agricole-dans-un-accident-mandat-de-depot-contre-le-chauffeur\/207842\/#breadcrumb"},"inLanguage":"fr-FR","potentialAction":[{"@type":"ReadAction","target":["https:\/\/www.webdo.tn\/fr\/actualite\/national\/deces-d-une-jeune-ouvriere-agricole-dans-un-accident-mandat-de-depot-contre-le-chauffeur\/207842\/"]}]},{"@type":"ImageObject","inLanguage":"fr-FR","@id":"https:\/\/www.webdo.tn\/fr\/actualite\/national\/deces-d-une-jeune-ouvriere-agricole-dans-un-accident-mandat-de-depot-contre-le-chauffeur\/207842\/#primaryimage","url":"https:\/\/www.webdo.tn\/fr\/wp-content\/uploads\/2023\/08\/11316569c86e032e7ade5707327a945f.jpg","contentUrl":"https:\/\/www.webdo.tn\/fr\/wp-content\/uploads\/2023\/08\/11316569c86e032e7ade5707327a945f.jpg","width":750,"height":400,"caption":"D\u00e9c\u00e8s d'une jeune ouvri\u00e8re agricole dans un accident : Mandat de d\u00e9p\u00f4t contre le chauffeur"},{"@type":"BreadcrumbList","@id":"https:\/\/www.webdo.tn\/fr\/actualite\/national\/deces-d-une-jeune-ouvriere-agricole-dans-un-accident-mandat-de-depot-contre-le-chauffeur\/207842\/#breadcrumb","itemListElement":[{"@type":"ListItem","position":1,"name":"Accueil","item":"https:\/\/www.webdo.tn\/fr\/"},{"@type":"ListItem","position":2,"name":"D\u00e9c\u00e8s d&rsquo;une jeune ouvri\u00e8re agricole dans un accident : Mandat de d\u00e9p\u00f4t contre le chauffeur"}]},{"@type":"WebSite","@id":"https:\/\/www.webdo.tn\/fr\/#website","url":"https:\/\/www.webdo.tn\/fr\/","name":"webdo","description":"Tunisie - News en Tunisie et \u00e0 l&#039;international sur Webdo.tn","publisher":{"@id":"https:\/\/www.webdo.tn\/fr\/#organization"},"potentialAction":[{"@type":"SearchAction","target":{"@type":"EntryPoint","urlTemplate":"https:\/\/www.webdo.tn\/fr\/?s={search_term_string}"},"query-input":{"@type":"PropertyValueSpecification","valueRequired":true,"valueName":"search_term_string"}}],"inLanguage":"fr-FR"},{"@type":"Organization","@id":"https:\/\/www.webdo.tn\/fr\/#organization","name":"Webdo","alternateName":"Webdo.tn","url":"https:\/\/www.webdo.tn\/fr\/","logo":{"@type":"ImageObject","inLanguage":"fr-FR","@id":"https:\/\/www.webdo.tn\/fr\/#\/schema\/logo\/image\/","url":"https:\/\/www.webdo.tn\/fr\/wp-content\/uploads\/2025\/06\/Webdo-Tunisie_168377.jpg","contentUrl":"https:\/\/www.webdo.tn\/fr\/wp-content\/uploads\/2025\/06\/Webdo-Tunisie_168377.jpg","width":301,"height":301,"caption":"Webdo"},"image":{"@id":"https:\/\/www.webdo.tn\/fr\/#\/schema\/logo\/image\/"},"sameAs":["https:\/\/www.facebook.com\/webdotn","https:\/\/x.com\/webdo_tn"],"description":"Webdo est un m\u00e9dia num\u00e9rique tunisien fond\u00e9 en 2010, sp\u00e9cialis\u00e9 dans l\u2019actualit\u00e9 nationale et internationale, l\u2019\u00e9conomie, la soci\u00e9t\u00e9 et les analyses politiques. Le site s\u2019adresse \u00e0 un large public francophone et couvre l\u2019information tunisienne en temps r\u00e9el.","email":"redac@webdo.tn","legalName":"YNJ SARL","foundingDate":"2010-09-06","numberOfEmployees":{"@type":"QuantitativeValue","minValue":"11","maxValue":"50"}},{"@type":"Person","@id":"https:\/\/www.webdo.tn\/fr\/#\/schema\/person\/f35b42a42c5e2511bbd282959d6385cc","name":"CL","image":{"@type":"ImageObject","inLanguage":"fr-FR","@id":"https:\/\/secure.gravatar.com\/avatar\/1447a49909b67aa657c488aec6512e1dd6143a480c1ecfee9b5b5cd74eb3b59e?s=96&d=mm&r=g","url":"https:\/\/secure.gravatar.com\/avatar\/1447a49909b67aa657c488aec6512e1dd6143a480c1ecfee9b5b5cd74eb3b59e?s=96&d=mm&r=g","contentUrl":"https:\/\/secure.gravatar.com\/avatar\/1447a49909b67aa657c488aec6512e1dd6143a480c1ecfee9b5b5cd74eb3b59e?s=96&d=mm&r=g","caption":"CL"},"url":"https:\/\/www.webdo.tn\/fr\/actualite\/author\/cl\/"}]}},"_links":{"self":[{"href":"https:\/\/www.webdo.tn\/fr\/wp-json\/wp\/v2\/posts\/207842","targetHints":{"allow":["GET"]}}],"collection":[{"href":"https:\/\/www.webdo.tn\/fr\/wp-json\/wp\/v2\/posts"}],"about":[{"href":"https:\/\/www.webdo.tn\/fr\/wp-json\/wp\/v2\/types\/post"}],"author":[{"embeddable":true,"href":"https:\/\/www.webdo.tn\/fr\/wp-json\/wp\/v2\/users\/3175"}],"replies":[{"embeddable":true,"href":"https:\/\/www.webdo.tn\/fr\/wp-json\/wp\/v2\/comments?post=207842"}],"version-history":[{"count":0,"href":"https:\/\/www.webdo.tn\/fr\/wp-json\/wp\/v2\/posts\/207842\/revisions"}],"wp:featuredmedia":[{"embeddable":true,"href":"https:\/\/www.webdo.tn\/fr\/wp-json\/wp\/v2\/media\/278617"}],"wp:attachment":[{"href":"https:\/\/www.webdo.tn\/fr\/wp-json\/wp\/v2\/media?parent=207842"}],"wp:term":[{"taxonomy":"category","embeddable":true,"href":"https:\/\/www.webdo.tn\/fr\/wp-json\/wp\/v2\/categories?post=207842"},{"taxonomy":"post_tag","embeddable":true,"href":"https:\/\/www.webdo.tn\/fr\/wp-json\/wp\/v2\/tags?post=207842"}],"curies":[{"name":"wp","href":"https:\/\/api.w.org\/{rel}","templated":true}]}}