{"id":207840,"date":"2023-08-10T12:06:00","date_gmt":"2023-08-10T12:06:00","guid":{"rendered":"https:\/\/www.webdo.tn\/fr\/blog\/qui-saura-reconstituer-le-puzzle-du-palmarium\/207840\/"},"modified":"2025-05-17T21:11:32","modified_gmt":"2025-05-17T21:11:32","slug":"qui-saura-reconstituer-le-puzzle-du-palmarium","status":"publish","type":"post","link":"https:\/\/www.webdo.tn\/fr\/actualite\/chroniques\/qui-saura-reconstituer-le-puzzle-du-palmarium\/207840\/","title":{"rendered":"Qui saura reconstituer le puzzle du Palmarium ?"},"content":{"rendered":"<p>Le Palmarium n&rsquo;\u00e9tait pas qu&rsquo;une salle de cin\u00e9ma mais abritait aussi une galerie marchande dont la m\u00e9moire s&rsquo;est effrit\u00e9e.<\/p>\n<p>\t\t\t\t\t\t\t\t\tQui saura retrouver les dizaines d&rsquo;enseignes du Palmarium ? Dans la galerie qui menait de l&rsquo;avenue de Carthage \u00e0 la rue de Gr\u00e8ce, il existait des dizaines de boutiques et d&rsquo;ateliers dont la m\u00e9moire populaire a gard\u00e9 la trace.\u00a0<\/p>\n<p>Certains \u00e9voqueront les fr\u00e8res Boulakia, Eden Rock, les chaussures Genova, le tailleur Mami, le photographe Polyphoto ou encore le petit magasin de disques, les salons de coiffure ou les boutiques de pr\u00eat-\u00e0-porter.\u00a0<\/p>\n<p>D&rsquo;autres se souviendront de la salle de r\u00e9p\u00e9titions de la Troupe th\u00e9\u00e2trale de la ville de Tunis, du Caf\u00e9 Brasilia et du restaurant universitaire qui se trouvait au sous-sol.\u00a0<br \/>\nD&rsquo;autres encore n&rsquo;ont gard\u00e9 que la m\u00e9moire du cin\u00e9ma, avec ses guichets entour\u00e9s d&rsquo;affiches et de photos de plateau accroch\u00e9s avec des punaises, dans des vitrines.\u00a0<\/p>\n<p>\u00a0<\/p>\n<p>Nos m\u00e9moires du Palmarium sont nombreuses mais d&rsquo;autant plus volatiles que la configuration des lieux a souvent chang\u00e9 tout comme les propri\u00e9taires des espaces commerciaux.\u00a0<\/p>\n<p>Qui se souvient par exemple de Hassen le bijoutier ou du magasin de jouets tenu par Moncef Ch\u00e9rif ? Qui se souvient du cabinet d&rsquo;avocat qui se trouvait au seuil du Palmarium ?<\/p>\n<p>Ceci sans parler du jardin d&rsquo;hiver des origines ou du music-hall qui lui a succ\u00e9d\u00e9 au d\u00e9but du vingti\u00e8me si\u00e8cle. Car le Palmarium aura longtemps v\u00e9cu, de 1902 jusqu&rsquo;\u00e0 1976, date de la fermeture du cin\u00e9ma. Les ann\u00e9es suivantes, l&rsquo;ensemble de l&rsquo;\u00e9difice incluant le Tunisia Palace et l&rsquo;ancien Casino de Tunis devenu pour un temps la Maison de l&rsquo;artisanat, v\u00e9g\u00e9tera avant d&rsquo;\u00eatre livr\u00e9 au pic des d\u00e9molisseurs.\u00a0<\/p>\n<p>Exit alors le Palmarium mais reste une m\u00e9moire en miettes d&rsquo;un lieu cardinal, une m\u00e9moire que je vous invite \u00e0 reconstituer pour recomposer un fragment apr\u00e8s l&rsquo;autre, le souvenir d&rsquo;un lieu d\u00e9sormais mythique.\u00a0<\/p>\n<p>\u00a0<\/p>\n<p>\u00a0<\/p>\n<p>H.B<\/p>\n","protected":false},"excerpt":{"rendered":"<p>Le Palmarium n&rsquo;\u00e9tait pas qu&rsquo;une salle de cin\u00e9ma mais abritait aussi une galerie marchande dont la m\u00e9moire s&rsquo;est effrit\u00e9e.<\/p>\n","protected":false},"author":3229,"featured_media":278607,"comment_status":"open","ping_status":"closed","sticky":false,"template":"","format":"standard","meta":{"footnotes":""},"categories":[2596],"tags":[3364,7499,2640],"class_list":["post-207840","post","type-post","status-publish","format-standard","has-post-thumbnail","hentry","category-chroniques","tag-histoire","tag-palmarium","tag-tunis"],"yoast_head":"<!-- This site is optimized with the Yoast SEO Premium plugin v27.4 (Yoast SEO v27.5) - https:\/\/yoast.com\/product\/yoast-seo-premium-wordpress\/ -->\n<title>Qui saura reconstituer le puzzle du Palmarium ?<\/title>\n<meta name=\"description\" content=\"Le Palmarium n&#039;\u00e9tait pas qu&#039;une salle de cin\u00e9ma mais abritait aussi une galerie marchande dont la m\u00e9moire s&#039;est effrit\u00e9e.\" \/>\n<link rel=\"canonical\" href=\"https:\/\/www.webdo.tn\/fr\/actualite\/chroniques\/qui-saura-reconstituer-le-puzzle-du-palmarium\/207840\/\" \/>\n<meta property=\"og:locale\" content=\"fr_FR\" \/>\n<meta property=\"og:type\" content=\"article\" \/>\n<meta property=\"og:title\" content=\"Qui saura reconstituer le puzzle du Palmarium ?\" \/>\n<meta property=\"og:description\" content=\"Le Palmarium n&#039;\u00e9tait pas qu&#039;une salle de cin\u00e9ma mais abritait aussi une galerie marchande dont la m\u00e9moire s&#039;est effrit\u00e9e.\" \/>\n<meta property=\"og:url\" content=\"https:\/\/www.webdo.tn\/fr\/actualite\/chroniques\/qui-saura-reconstituer-le-puzzle-du-palmarium\/207840\/\" \/>\n<meta property=\"og:site_name\" content=\"webdo\" \/>\n<meta property=\"article:publisher\" content=\"https:\/\/www.facebook.com\/webdotn\" \/>\n<meta property=\"article:author\" content=\"https:\/\/www.facebook.com\/hatem.bourial.2025\" \/>\n<meta property=\"article:published_time\" content=\"2023-08-10T12:06:00+00:00\" \/>\n<meta property=\"article:modified_time\" content=\"2025-05-17T21:11:32+00:00\" \/>\n<meta property=\"og:image\" content=\"https:\/\/www.webdo.tn\/fr\/wp-content\/uploads\/2023\/08\/fa8472dfdd257ac4fba792b8cd0a46f2.jpg\" \/>\n\t<meta property=\"og:image:width\" content=\"720\" \/>\n\t<meta property=\"og:image:height\" content=\"384\" \/>\n\t<meta property=\"og:image:type\" content=\"image\/jpeg\" \/>\n<meta name=\"author\" content=\"Hatem Bourial\" \/>\n<meta name=\"twitter:card\" content=\"summary_large_image\" \/>\n<meta name=\"twitter:creator\" content=\"@webdo_tn\" \/>\n<meta name=\"twitter:site\" content=\"@webdo_tn\" \/>\n<meta name=\"twitter:label1\" content=\"\u00c9crit par\" \/>\n\t<meta name=\"twitter:data1\" content=\"Hatem Bourial\" \/>\n\t<meta name=\"twitter:label2\" content=\"Dur\u00e9e de lecture estim\u00e9e\" \/>\n\t<meta name=\"twitter:data2\" content=\"2 minutes\" \/>\n<script type=\"application\/ld+json\" class=\"yoast-schema-graph\">{\"@context\":\"https:\\\/\\\/schema.org\",\"@graph\":[{\"@type\":\"NewsArticle\",\"@id\":\"https:\\\/\\\/www.webdo.tn\\\/fr\\\/actualite\\\/chroniques\\\/qui-saura-reconstituer-le-puzzle-du-palmarium\\\/207840\\\/#article\",\"isPartOf\":{\"@id\":\"https:\\\/\\\/www.webdo.tn\\\/fr\\\/actualite\\\/chroniques\\\/qui-saura-reconstituer-le-puzzle-du-palmarium\\\/207840\\\/\"},\"author\":{\"name\":\"Hatem Bourial\",\"@id\":\"https:\\\/\\\/www.webdo.tn\\\/fr\\\/#\\\/schema\\\/person\\\/6bc0beba2cd23aec27cb5df85ca2554f\"},\"headline\":\"Qui saura reconstituer le puzzle du Palmarium ?\",\"datePublished\":\"2023-08-10T12:06:00+00:00\",\"dateModified\":\"2025-05-17T21:11:32+00:00\",\"mainEntityOfPage\":{\"@id\":\"https:\\\/\\\/www.webdo.tn\\\/fr\\\/actualite\\\/chroniques\\\/qui-saura-reconstituer-le-puzzle-du-palmarium\\\/207840\\\/\"},\"wordCount\":358,\"commentCount\":0,\"publisher\":{\"@id\":\"https:\\\/\\\/www.webdo.tn\\\/fr\\\/#organization\"},\"image\":{\"@id\":\"https:\\\/\\\/www.webdo.tn\\\/fr\\\/actualite\\\/chroniques\\\/qui-saura-reconstituer-le-puzzle-du-palmarium\\\/207840\\\/#primaryimage\"},\"thumbnailUrl\":\"https:\\\/\\\/www.webdo.tn\\\/fr\\\/wp-content\\\/uploads\\\/2023\\\/08\\\/fa8472dfdd257ac4fba792b8cd0a46f2.jpg\",\"keywords\":[\"histoire\",\"Palmarium\",\"Tunis\"],\"articleSection\":[\"Chroniques\"],\"inLanguage\":\"fr-FR\"},{\"@type\":\"WebPage\",\"@id\":\"https:\\\/\\\/www.webdo.tn\\\/fr\\\/actualite\\\/chroniques\\\/qui-saura-reconstituer-le-puzzle-du-palmarium\\\/207840\\\/\",\"url\":\"https:\\\/\\\/www.webdo.tn\\\/fr\\\/actualite\\\/chroniques\\\/qui-saura-reconstituer-le-puzzle-du-palmarium\\\/207840\\\/\",\"name\":\"Qui saura reconstituer le puzzle du Palmarium ?\",\"isPartOf\":{\"@id\":\"https:\\\/\\\/www.webdo.tn\\\/fr\\\/#website\"},\"primaryImageOfPage\":{\"@id\":\"https:\\\/\\\/www.webdo.tn\\\/fr\\\/actualite\\\/chroniques\\\/qui-saura-reconstituer-le-puzzle-du-palmarium\\\/207840\\\/#primaryimage\"},\"image\":{\"@id\":\"https:\\\/\\\/www.webdo.tn\\\/fr\\\/actualite\\\/chroniques\\\/qui-saura-reconstituer-le-puzzle-du-palmarium\\\/207840\\\/#primaryimage\"},\"thumbnailUrl\":\"https:\\\/\\\/www.webdo.tn\\\/fr\\\/wp-content\\\/uploads\\\/2023\\\/08\\\/fa8472dfdd257ac4fba792b8cd0a46f2.jpg\",\"datePublished\":\"2023-08-10T12:06:00+00:00\",\"dateModified\":\"2025-05-17T21:11:32+00:00\",\"description\":\"Le Palmarium n'\u00e9tait pas qu'une salle de cin\u00e9ma mais abritait aussi une galerie marchande dont la m\u00e9moire s'est effrit\u00e9e.\",\"breadcrumb\":{\"@id\":\"https:\\\/\\\/www.webdo.tn\\\/fr\\\/actualite\\\/chroniques\\\/qui-saura-reconstituer-le-puzzle-du-palmarium\\\/207840\\\/#breadcrumb\"},\"inLanguage\":\"fr-FR\",\"potentialAction\":[{\"@type\":\"ReadAction\",\"target\":[\"https:\\\/\\\/www.webdo.tn\\\/fr\\\/actualite\\\/chroniques\\\/qui-saura-reconstituer-le-puzzle-du-palmarium\\\/207840\\\/\"]}]},{\"@type\":\"ImageObject\",\"inLanguage\":\"fr-FR\",\"@id\":\"https:\\\/\\\/www.webdo.tn\\\/fr\\\/actualite\\\/chroniques\\\/qui-saura-reconstituer-le-puzzle-du-palmarium\\\/207840\\\/#primaryimage\",\"url\":\"https:\\\/\\\/www.webdo.tn\\\/fr\\\/wp-content\\\/uploads\\\/2023\\\/08\\\/fa8472dfdd257ac4fba792b8cd0a46f2.jpg\",\"contentUrl\":\"https:\\\/\\\/www.webdo.tn\\\/fr\\\/wp-content\\\/uploads\\\/2023\\\/08\\\/fa8472dfdd257ac4fba792b8cd0a46f2.jpg\",\"width\":720,\"height\":384,\"caption\":\"Qui saura reconstituer le puzzle du Palmarium ?\"},{\"@type\":\"BreadcrumbList\",\"@id\":\"https:\\\/\\\/www.webdo.tn\\\/fr\\\/actualite\\\/chroniques\\\/qui-saura-reconstituer-le-puzzle-du-palmarium\\\/207840\\\/#breadcrumb\",\"itemListElement\":[{\"@type\":\"ListItem\",\"position\":1,\"name\":\"Accueil\",\"item\":\"https:\\\/\\\/www.webdo.tn\\\/fr\\\/\"},{\"@type\":\"ListItem\",\"position\":2,\"name\":\"Qui saura reconstituer le puzzle du Palmarium ?\"}]},{\"@type\":\"WebSite\",\"@id\":\"https:\\\/\\\/www.webdo.tn\\\/fr\\\/#website\",\"url\":\"https:\\\/\\\/www.webdo.tn\\\/fr\\\/\",\"name\":\"webdo\",\"description\":\"Tunisie - News en Tunisie et \u00e0 l&#039;international sur Webdo.tn\",\"publisher\":{\"@id\":\"https:\\\/\\\/www.webdo.tn\\\/fr\\\/#organization\"},\"potentialAction\":[{\"@type\":\"SearchAction\",\"target\":{\"@type\":\"EntryPoint\",\"urlTemplate\":\"https:\\\/\\\/www.webdo.tn\\\/fr\\\/?s={search_term_string}\"},\"query-input\":{\"@type\":\"PropertyValueSpecification\",\"valueRequired\":true,\"valueName\":\"search_term_string\"}}],\"inLanguage\":\"fr-FR\"},{\"@type\":\"Organization\",\"@id\":\"https:\\\/\\\/www.webdo.tn\\\/fr\\\/#organization\",\"name\":\"Webdo\",\"alternateName\":\"Webdo.tn\",\"url\":\"https:\\\/\\\/www.webdo.tn\\\/fr\\\/\",\"logo\":{\"@type\":\"ImageObject\",\"inLanguage\":\"fr-FR\",\"@id\":\"https:\\\/\\\/www.webdo.tn\\\/fr\\\/#\\\/schema\\\/logo\\\/image\\\/\",\"url\":\"https:\\\/\\\/www.webdo.tn\\\/fr\\\/wp-content\\\/uploads\\\/2025\\\/06\\\/Webdo-Tunisie_168377.jpg\",\"contentUrl\":\"https:\\\/\\\/www.webdo.tn\\\/fr\\\/wp-content\\\/uploads\\\/2025\\\/06\\\/Webdo-Tunisie_168377.jpg\",\"width\":301,\"height\":301,\"caption\":\"Webdo\"},\"image\":{\"@id\":\"https:\\\/\\\/www.webdo.tn\\\/fr\\\/#\\\/schema\\\/logo\\\/image\\\/\"},\"sameAs\":[\"https:\\\/\\\/www.facebook.com\\\/webdotn\",\"https:\\\/\\\/x.com\\\/webdo_tn\"],\"description\":\"Webdo est un m\u00e9dia num\u00e9rique tunisien fond\u00e9 en 2010, sp\u00e9cialis\u00e9 dans l\u2019actualit\u00e9 nationale et internationale, l\u2019\u00e9conomie, la soci\u00e9t\u00e9 et les analyses politiques. Le site s\u2019adresse \u00e0 un large public francophone et couvre l\u2019information tunisienne en temps r\u00e9el.\",\"email\":\"redac@webdo.tn\",\"legalName\":\"YNJ SARL\",\"foundingDate\":\"2010-09-06\",\"numberOfEmployees\":{\"@type\":\"QuantitativeValue\",\"minValue\":\"11\",\"maxValue\":\"50\"}},{\"@type\":\"Person\",\"@id\":\"https:\\\/\\\/www.webdo.tn\\\/fr\\\/#\\\/schema\\\/person\\\/6bc0beba2cd23aec27cb5df85ca2554f\",\"name\":\"Hatem Bourial\",\"image\":{\"@type\":\"ImageObject\",\"inLanguage\":\"fr-FR\",\"@id\":\"https:\\\/\\\/www.webdo.tn\\\/fr\\\/wp-content\\\/uploads\\\/2026\\\/04\\\/hatem-bourial_avatar-96x96.jpg\",\"url\":\"https:\\\/\\\/www.webdo.tn\\\/fr\\\/wp-content\\\/uploads\\\/2026\\\/04\\\/hatem-bourial_avatar-96x96.jpg\",\"contentUrl\":\"https:\\\/\\\/www.webdo.tn\\\/fr\\\/wp-content\\\/uploads\\\/2026\\\/04\\\/hatem-bourial_avatar-96x96.jpg\",\"caption\":\"Hatem Bourial\"},\"description\":\"Hatem Bourial est journaliste, \u00e9crivain et chroniqueur tunisien. Actif depuis plusieurs d\u00e9cennies, il s\u2019est impos\u00e9 comme un observateur attentif de la soci\u00e9t\u00e9 tunisienne, m\u00ealant dans ses \u00e9crits m\u00e9moire, culture et analyse du quotidien. Auteur de nombreux ouvrages, il d\u00e9veloppe une \u0153uvre \u00e0 la crois\u00e9e du r\u00e9cit, de la po\u00e9sie et de l\u2019observation sociologique. Parall\u00e8lement \u00e0 ses contributions dans la presse, il intervient r\u00e9guli\u00e8rement \u00e0 la radio et dans des espaces culturels, o\u00f9 il explore les enjeux li\u00e9s au patrimoine, \u00e0 l\u2019identit\u00e9 et aux transformations du monde contemporain. \u00c0 travers ses chroniques, Hatem Bourial propose une lecture sensible et approfondie de l\u2019actualit\u00e9, nourrie par une exp\u00e9rience journalistique et litt\u00e9raire reconnue. \ud83d\udd17 Facebook : https:\\\/\\\/www.facebook.com\\\/hatem.bourial.2025\",\"sameAs\":[\"https:\\\/\\\/www.facebook.com\\\/hatem.bourial.2025\",\"https:\\\/\\\/fr.wikipedia.org\\\/wiki\\\/Fichier:Hatem_Bourial.jpg\"],\"knowsAbout\":[\"Culture & patrimoine tunisien\",\"Chronique soci\u00e9tale\",\"Litt\u00e9rature & m\u00e9moire\",\"Cin\u00e9ma & critique culturelle\",\"Identit\u00e9 & mutations sociales\"],\"knowsLanguage\":[\"Arabe\",\"Fran\u00e7ais\",\"Anglais\",\"Italien\",\"Polonais\"],\"jobTitle\":\"Journaliste, \u00e9crivain et chroniqueur culturel\",\"worksFor\":\"Webdo\",\"url\":\"https:\\\/\\\/www.webdo.tn\\\/fr\\\/actualite\\\/author\\\/hatem-bourial-2\\\/\"}]}<\/script>\n<!-- \/ Yoast SEO Premium plugin. -->","yoast_head_json":{"title":"Qui saura reconstituer le puzzle du Palmarium ?","description":"Le Palmarium n'\u00e9tait pas qu'une salle de cin\u00e9ma mais abritait aussi une galerie marchande dont la m\u00e9moire s'est effrit\u00e9e.","canonical":"https:\/\/www.webdo.tn\/fr\/actualite\/chroniques\/qui-saura-reconstituer-le-puzzle-du-palmarium\/207840\/","og_locale":"fr_FR","og_type":"article","og_title":"Qui saura reconstituer le puzzle du Palmarium ?","og_description":"Le Palmarium n'\u00e9tait pas qu'une salle de cin\u00e9ma mais abritait aussi une galerie marchande dont la m\u00e9moire s'est effrit\u00e9e.","og_url":"https:\/\/www.webdo.tn\/fr\/actualite\/chroniques\/qui-saura-reconstituer-le-puzzle-du-palmarium\/207840\/","og_site_name":"webdo","article_publisher":"https:\/\/www.facebook.com\/webdotn","article_author":"https:\/\/www.facebook.com\/hatem.bourial.2025","article_published_time":"2023-08-10T12:06:00+00:00","article_modified_time":"2025-05-17T21:11:32+00:00","og_image":[{"width":720,"height":384,"url":"https:\/\/www.webdo.tn\/fr\/wp-content\/uploads\/2023\/08\/fa8472dfdd257ac4fba792b8cd0a46f2.jpg","type":"image\/jpeg"}],"author":"Hatem Bourial","twitter_card":"summary_large_image","twitter_creator":"@webdo_tn","twitter_site":"@webdo_tn","twitter_misc":{"\u00c9crit par":"Hatem Bourial","Dur\u00e9e de lecture estim\u00e9e":"2 minutes"},"schema":{"@context":"https:\/\/schema.org","@graph":[{"@type":"NewsArticle","@id":"https:\/\/www.webdo.tn\/fr\/actualite\/chroniques\/qui-saura-reconstituer-le-puzzle-du-palmarium\/207840\/#article","isPartOf":{"@id":"https:\/\/www.webdo.tn\/fr\/actualite\/chroniques\/qui-saura-reconstituer-le-puzzle-du-palmarium\/207840\/"},"author":{"name":"Hatem Bourial","@id":"https:\/\/www.webdo.tn\/fr\/#\/schema\/person\/6bc0beba2cd23aec27cb5df85ca2554f"},"headline":"Qui saura reconstituer le puzzle du Palmarium ?","datePublished":"2023-08-10T12:06:00+00:00","dateModified":"2025-05-17T21:11:32+00:00","mainEntityOfPage":{"@id":"https:\/\/www.webdo.tn\/fr\/actualite\/chroniques\/qui-saura-reconstituer-le-puzzle-du-palmarium\/207840\/"},"wordCount":358,"commentCount":0,"publisher":{"@id":"https:\/\/www.webdo.tn\/fr\/#organization"},"image":{"@id":"https:\/\/www.webdo.tn\/fr\/actualite\/chroniques\/qui-saura-reconstituer-le-puzzle-du-palmarium\/207840\/#primaryimage"},"thumbnailUrl":"https:\/\/www.webdo.tn\/fr\/wp-content\/uploads\/2023\/08\/fa8472dfdd257ac4fba792b8cd0a46f2.jpg","keywords":["histoire","Palmarium","Tunis"],"articleSection":["Chroniques"],"inLanguage":"fr-FR"},{"@type":"WebPage","@id":"https:\/\/www.webdo.tn\/fr\/actualite\/chroniques\/qui-saura-reconstituer-le-puzzle-du-palmarium\/207840\/","url":"https:\/\/www.webdo.tn\/fr\/actualite\/chroniques\/qui-saura-reconstituer-le-puzzle-du-palmarium\/207840\/","name":"Qui saura reconstituer le puzzle du Palmarium ?","isPartOf":{"@id":"https:\/\/www.webdo.tn\/fr\/#website"},"primaryImageOfPage":{"@id":"https:\/\/www.webdo.tn\/fr\/actualite\/chroniques\/qui-saura-reconstituer-le-puzzle-du-palmarium\/207840\/#primaryimage"},"image":{"@id":"https:\/\/www.webdo.tn\/fr\/actualite\/chroniques\/qui-saura-reconstituer-le-puzzle-du-palmarium\/207840\/#primaryimage"},"thumbnailUrl":"https:\/\/www.webdo.tn\/fr\/wp-content\/uploads\/2023\/08\/fa8472dfdd257ac4fba792b8cd0a46f2.jpg","datePublished":"2023-08-10T12:06:00+00:00","dateModified":"2025-05-17T21:11:32+00:00","description":"Le Palmarium n'\u00e9tait pas qu'une salle de cin\u00e9ma mais abritait aussi une galerie marchande dont la m\u00e9moire s'est effrit\u00e9e.","breadcrumb":{"@id":"https:\/\/www.webdo.tn\/fr\/actualite\/chroniques\/qui-saura-reconstituer-le-puzzle-du-palmarium\/207840\/#breadcrumb"},"inLanguage":"fr-FR","potentialAction":[{"@type":"ReadAction","target":["https:\/\/www.webdo.tn\/fr\/actualite\/chroniques\/qui-saura-reconstituer-le-puzzle-du-palmarium\/207840\/"]}]},{"@type":"ImageObject","inLanguage":"fr-FR","@id":"https:\/\/www.webdo.tn\/fr\/actualite\/chroniques\/qui-saura-reconstituer-le-puzzle-du-palmarium\/207840\/#primaryimage","url":"https:\/\/www.webdo.tn\/fr\/wp-content\/uploads\/2023\/08\/fa8472dfdd257ac4fba792b8cd0a46f2.jpg","contentUrl":"https:\/\/www.webdo.tn\/fr\/wp-content\/uploads\/2023\/08\/fa8472dfdd257ac4fba792b8cd0a46f2.jpg","width":720,"height":384,"caption":"Qui saura reconstituer le puzzle du Palmarium ?"},{"@type":"BreadcrumbList","@id":"https:\/\/www.webdo.tn\/fr\/actualite\/chroniques\/qui-saura-reconstituer-le-puzzle-du-palmarium\/207840\/#breadcrumb","itemListElement":[{"@type":"ListItem","position":1,"name":"Accueil","item":"https:\/\/www.webdo.tn\/fr\/"},{"@type":"ListItem","position":2,"name":"Qui saura reconstituer le puzzle du Palmarium ?"}]},{"@type":"WebSite","@id":"https:\/\/www.webdo.tn\/fr\/#website","url":"https:\/\/www.webdo.tn\/fr\/","name":"webdo","description":"Tunisie - News en Tunisie et \u00e0 l&#039;international sur Webdo.tn","publisher":{"@id":"https:\/\/www.webdo.tn\/fr\/#organization"},"potentialAction":[{"@type":"SearchAction","target":{"@type":"EntryPoint","urlTemplate":"https:\/\/www.webdo.tn\/fr\/?s={search_term_string}"},"query-input":{"@type":"PropertyValueSpecification","valueRequired":true,"valueName":"search_term_string"}}],"inLanguage":"fr-FR"},{"@type":"Organization","@id":"https:\/\/www.webdo.tn\/fr\/#organization","name":"Webdo","alternateName":"Webdo.tn","url":"https:\/\/www.webdo.tn\/fr\/","logo":{"@type":"ImageObject","inLanguage":"fr-FR","@id":"https:\/\/www.webdo.tn\/fr\/#\/schema\/logo\/image\/","url":"https:\/\/www.webdo.tn\/fr\/wp-content\/uploads\/2025\/06\/Webdo-Tunisie_168377.jpg","contentUrl":"https:\/\/www.webdo.tn\/fr\/wp-content\/uploads\/2025\/06\/Webdo-Tunisie_168377.jpg","width":301,"height":301,"caption":"Webdo"},"image":{"@id":"https:\/\/www.webdo.tn\/fr\/#\/schema\/logo\/image\/"},"sameAs":["https:\/\/www.facebook.com\/webdotn","https:\/\/x.com\/webdo_tn"],"description":"Webdo est un m\u00e9dia num\u00e9rique tunisien fond\u00e9 en 2010, sp\u00e9cialis\u00e9 dans l\u2019actualit\u00e9 nationale et internationale, l\u2019\u00e9conomie, la soci\u00e9t\u00e9 et les analyses politiques. Le site s\u2019adresse \u00e0 un large public francophone et couvre l\u2019information tunisienne en temps r\u00e9el.","email":"redac@webdo.tn","legalName":"YNJ SARL","foundingDate":"2010-09-06","numberOfEmployees":{"@type":"QuantitativeValue","minValue":"11","maxValue":"50"}},{"@type":"Person","@id":"https:\/\/www.webdo.tn\/fr\/#\/schema\/person\/6bc0beba2cd23aec27cb5df85ca2554f","name":"Hatem Bourial","image":{"@type":"ImageObject","inLanguage":"fr-FR","@id":"https:\/\/www.webdo.tn\/fr\/wp-content\/uploads\/2026\/04\/hatem-bourial_avatar-96x96.jpg","url":"https:\/\/www.webdo.tn\/fr\/wp-content\/uploads\/2026\/04\/hatem-bourial_avatar-96x96.jpg","contentUrl":"https:\/\/www.webdo.tn\/fr\/wp-content\/uploads\/2026\/04\/hatem-bourial_avatar-96x96.jpg","caption":"Hatem Bourial"},"description":"Hatem Bourial est journaliste, \u00e9crivain et chroniqueur tunisien. Actif depuis plusieurs d\u00e9cennies, il s\u2019est impos\u00e9 comme un observateur attentif de la soci\u00e9t\u00e9 tunisienne, m\u00ealant dans ses \u00e9crits m\u00e9moire, culture et analyse du quotidien. Auteur de nombreux ouvrages, il d\u00e9veloppe une \u0153uvre \u00e0 la crois\u00e9e du r\u00e9cit, de la po\u00e9sie et de l\u2019observation sociologique. Parall\u00e8lement \u00e0 ses contributions dans la presse, il intervient r\u00e9guli\u00e8rement \u00e0 la radio et dans des espaces culturels, o\u00f9 il explore les enjeux li\u00e9s au patrimoine, \u00e0 l\u2019identit\u00e9 et aux transformations du monde contemporain. \u00c0 travers ses chroniques, Hatem Bourial propose une lecture sensible et approfondie de l\u2019actualit\u00e9, nourrie par une exp\u00e9rience journalistique et litt\u00e9raire reconnue. \ud83d\udd17 Facebook : https:\/\/www.facebook.com\/hatem.bourial.2025","sameAs":["https:\/\/www.facebook.com\/hatem.bourial.2025","https:\/\/fr.wikipedia.org\/wiki\/Fichier:Hatem_Bourial.jpg"],"knowsAbout":["Culture & patrimoine tunisien","Chronique soci\u00e9tale","Litt\u00e9rature & m\u00e9moire","Cin\u00e9ma & critique culturelle","Identit\u00e9 & mutations sociales"],"knowsLanguage":["Arabe","Fran\u00e7ais","Anglais","Italien","Polonais"],"jobTitle":"Journaliste, \u00e9crivain et chroniqueur culturel","worksFor":"Webdo","url":"https:\/\/www.webdo.tn\/fr\/actualite\/author\/hatem-bourial-2\/"}]}},"_links":{"self":[{"href":"https:\/\/www.webdo.tn\/fr\/wp-json\/wp\/v2\/posts\/207840","targetHints":{"allow":["GET"]}}],"collection":[{"href":"https:\/\/www.webdo.tn\/fr\/wp-json\/wp\/v2\/posts"}],"about":[{"href":"https:\/\/www.webdo.tn\/fr\/wp-json\/wp\/v2\/types\/post"}],"author":[{"embeddable":true,"href":"https:\/\/www.webdo.tn\/fr\/wp-json\/wp\/v2\/users\/3229"}],"replies":[{"embeddable":true,"href":"https:\/\/www.webdo.tn\/fr\/wp-json\/wp\/v2\/comments?post=207840"}],"version-history":[{"count":0,"href":"https:\/\/www.webdo.tn\/fr\/wp-json\/wp\/v2\/posts\/207840\/revisions"}],"wp:featuredmedia":[{"embeddable":true,"href":"https:\/\/www.webdo.tn\/fr\/wp-json\/wp\/v2\/media\/278607"}],"wp:attachment":[{"href":"https:\/\/www.webdo.tn\/fr\/wp-json\/wp\/v2\/media?parent=207840"}],"wp:term":[{"taxonomy":"category","embeddable":true,"href":"https:\/\/www.webdo.tn\/fr\/wp-json\/wp\/v2\/categories?post=207840"},{"taxonomy":"post_tag","embeddable":true,"href":"https:\/\/www.webdo.tn\/fr\/wp-json\/wp\/v2\/tags?post=207840"}],"curies":[{"name":"wp","href":"https:\/\/api.w.org\/{rel}","templated":true}]}}