{"id":207834,"date":"2023-08-10T08:31:00","date_gmt":"2023-08-10T08:31:00","guid":{"rendered":"https:\/\/www.webdo.tn\/fr\/blog\/les-flux-migratoires-au-coeur-d-un-entretien-entre-feki-et-son-homologue-libyen\/207834\/"},"modified":"2025-05-20T22:41:51","modified_gmt":"2025-05-20T22:41:51","slug":"les-flux-migratoires-au-coeur-d-un-entretien-entre-feki-et-son-homologue-libyen","status":"publish","type":"post","link":"https:\/\/www.webdo.tn\/fr\/actualite\/national\/les-flux-migratoires-au-coeur-d-un-entretien-entre-feki-et-son-homologue-libyen\/207834\/","title":{"rendered":"Les flux migratoires au c\u0153ur d\u2019un entretien entre Feki et son homologue libyen"},"content":{"rendered":"<p>Le ministre de l&rsquo;Int\u00e9rieur, Kamal Feki a re\u00e7u hier mercredi 9 ao\u00fbt 2023, son homologue libyen Imad Trabelsi, en pr\u00e9sence d&rsquo;un groupe de hauts responsables des deux parties.<\/p>\n<p>\u00c0 cette occasion, une s\u00e9ance de travail a \u00e9t\u00e9 tenue pour examiner plusieurs dossiers de s\u00e9curit\u00e9 communs, notamment le dossier de lutte contre l&rsquo;immigration ill\u00e9gale et les moyens de surmonter les difficult\u00e9s afin de faciliter les services fournis au poste frontalier de Ras Jedir.\u00a0<\/p>\n<p>Les deux parties ont convenu de la n\u00e9cessit\u00e9 de renforcer la coordination et la coop\u00e9ration bilat\u00e9rales dans le domaine de la s\u00e9curit\u00e9, refl\u00e9tant ainsi la v\u00e9ritable fraternit\u00e9 entre les deux peuples et l&rsquo;anciennet\u00e9 du partenariat entre les deux pays fr\u00e8res, en particulier dans le domaine de l&rsquo;\u00e9change d&rsquo;informations, de la formation et de la lutte contre la criminalit\u00e9 organis\u00e9e.<\/p>\n<p>Au cours de la s\u00e9ance, l&rsquo;importance du dossier des migrants subsahariens a \u00e9t\u00e9 soulign\u00e9e, ainsi que ses r\u00e9percussions sur les deux pays et la n\u00e9cessit\u00e9 de limiter leur afflux aux fronti\u00e8res.\u00a0<\/p>\n<p>Cela exige la convergence des efforts et la coordination conjointe pour trouver des solutions appropri\u00e9es qui pr\u00e9servent l&rsquo;int\u00e9r\u00eat sup\u00e9rieur des deux pays, tout en appelant les organisations internationales \u00e0 soutenir les efforts de l&rsquo;\u00c9tat et du Croissant-Rouge tunisien pour fournir une assistance humanitaire et \u00e0 ne pas h\u00e9siter \u00e0 remplir leur devoir envers les migrants et \u00e0 les prendre en charge.<\/p>\n","protected":false},"excerpt":{"rendered":"<p>Le ministre de l&rsquo;Int\u00e9rieur, Kamal Feki a re\u00e7u hier mercredi 9 ao\u00fbt 2023, son homologue libyen Imad Trabelsi, en pr\u00e9sence d&rsquo;un groupe de hauts responsables des d&#8230;<\/p>\n","protected":false},"author":3175,"featured_media":249582,"comment_status":"open","ping_status":"closed","sticky":false,"template":"","format":"standard","meta":{"footnotes":""},"categories":[44],"tags":[3279,2615,2608],"class_list":["post-207834","post","type-post","status-publish","format-standard","has-post-thumbnail","hentry","category-national","tag-libye","tag-migration","tag-tunisie"],"yoast_head":"<!-- This site is optimized with the Yoast SEO Premium plugin v27.4 (Yoast SEO v27.4) - https:\/\/yoast.com\/product\/yoast-seo-premium-wordpress\/ -->\n<title>Les flux migratoires au c\u0153ur d\u2019un entretien entre Feki et son homologue libyen<\/title>\n<meta name=\"description\" content=\"Le ministre de l&#039;Int\u00e9rieur, Kamal Feki a re\u00e7u hier mercredi 9 ao\u00fbt 2023, son homologue libyen Imad Trabelsi, en pr\u00e9sence d&#039;un groupe de hauts responsables des d...\" \/>\n<link rel=\"canonical\" href=\"https:\/\/www.webdo.tn\/fr\/actualite\/national\/les-flux-migratoires-au-coeur-d-un-entretien-entre-feki-et-son-homologue-libyen\/207834\/\" \/>\n<meta property=\"og:locale\" content=\"fr_FR\" \/>\n<meta property=\"og:type\" content=\"article\" \/>\n<meta property=\"og:title\" content=\"Les flux migratoires au c\u0153ur d\u2019un entretien entre Feki et son homologue libyen\" \/>\n<meta property=\"og:description\" content=\"Le ministre de l&#039;Int\u00e9rieur, Kamal Feki a re\u00e7u hier mercredi 9 ao\u00fbt 2023, son homologue libyen Imad Trabelsi, en pr\u00e9sence d&#039;un groupe de hauts responsables des d...\" \/>\n<meta property=\"og:url\" content=\"https:\/\/www.webdo.tn\/fr\/actualite\/national\/les-flux-migratoires-au-coeur-d-un-entretien-entre-feki-et-son-homologue-libyen\/207834\/\" \/>\n<meta property=\"og:site_name\" content=\"webdo\" \/>\n<meta property=\"article:publisher\" content=\"https:\/\/www.facebook.com\/webdotn\" \/>\n<meta property=\"article:published_time\" content=\"2023-08-10T08:31:00+00:00\" \/>\n<meta property=\"article:modified_time\" content=\"2025-05-20T22:41:51+00:00\" \/>\n<meta property=\"og:image\" content=\"https:\/\/www.webdo.tn\/fr\/wp-content\/uploads\/2023\/08\/8347519ce369c6305ca9ea0f1f26fa49.jpg\" \/>\n\t<meta property=\"og:image:width\" content=\"750\" \/>\n\t<meta property=\"og:image:height\" content=\"400\" \/>\n\t<meta property=\"og:image:type\" content=\"image\/jpeg\" \/>\n<meta name=\"author\" content=\"CL\" \/>\n<meta name=\"twitter:card\" content=\"summary_large_image\" \/>\n<meta name=\"twitter:creator\" content=\"@webdo_tn\" \/>\n<meta name=\"twitter:site\" content=\"@webdo_tn\" \/>\n<meta name=\"twitter:label1\" content=\"\u00c9crit par\" \/>\n\t<meta name=\"twitter:data1\" content=\"CL\" \/>\n\t<meta name=\"twitter:label2\" content=\"Dur\u00e9e de lecture estim\u00e9e\" \/>\n\t<meta name=\"twitter:data2\" content=\"1 minute\" \/>\n<script type=\"application\/ld+json\" class=\"yoast-schema-graph\">{\"@context\":\"https:\\\/\\\/schema.org\",\"@graph\":[{\"@type\":\"NewsArticle\",\"@id\":\"https:\\\/\\\/www.webdo.tn\\\/fr\\\/actualite\\\/national\\\/les-flux-migratoires-au-coeur-d-un-entretien-entre-feki-et-son-homologue-libyen\\\/207834\\\/#article\",\"isPartOf\":{\"@id\":\"https:\\\/\\\/www.webdo.tn\\\/fr\\\/actualite\\\/national\\\/les-flux-migratoires-au-coeur-d-un-entretien-entre-feki-et-son-homologue-libyen\\\/207834\\\/\"},\"author\":{\"name\":\"CL\",\"@id\":\"https:\\\/\\\/www.webdo.tn\\\/fr\\\/#\\\/schema\\\/person\\\/f35b42a42c5e2511bbd282959d6385cc\"},\"headline\":\"Les flux migratoires au c\u0153ur d\u2019un entretien entre Feki et son homologue libyen\",\"datePublished\":\"2023-08-10T08:31:00+00:00\",\"dateModified\":\"2025-05-20T22:41:51+00:00\",\"mainEntityOfPage\":{\"@id\":\"https:\\\/\\\/www.webdo.tn\\\/fr\\\/actualite\\\/national\\\/les-flux-migratoires-au-coeur-d-un-entretien-entre-feki-et-son-homologue-libyen\\\/207834\\\/\"},\"wordCount\":267,\"commentCount\":0,\"publisher\":{\"@id\":\"https:\\\/\\\/www.webdo.tn\\\/fr\\\/#organization\"},\"image\":{\"@id\":\"https:\\\/\\\/www.webdo.tn\\\/fr\\\/actualite\\\/national\\\/les-flux-migratoires-au-coeur-d-un-entretien-entre-feki-et-son-homologue-libyen\\\/207834\\\/#primaryimage\"},\"thumbnailUrl\":\"https:\\\/\\\/www.webdo.tn\\\/fr\\\/wp-content\\\/uploads\\\/2023\\\/08\\\/8347519ce369c6305ca9ea0f1f26fa49.jpg\",\"keywords\":[\"Libye\",\"Migration\",\"Tunisie\"],\"articleSection\":[\"National\"],\"inLanguage\":\"fr-FR\"},{\"@type\":\"WebPage\",\"@id\":\"https:\\\/\\\/www.webdo.tn\\\/fr\\\/actualite\\\/national\\\/les-flux-migratoires-au-coeur-d-un-entretien-entre-feki-et-son-homologue-libyen\\\/207834\\\/\",\"url\":\"https:\\\/\\\/www.webdo.tn\\\/fr\\\/actualite\\\/national\\\/les-flux-migratoires-au-coeur-d-un-entretien-entre-feki-et-son-homologue-libyen\\\/207834\\\/\",\"name\":\"Les flux migratoires au c\u0153ur d\u2019un entretien entre Feki et son homologue libyen\",\"isPartOf\":{\"@id\":\"https:\\\/\\\/www.webdo.tn\\\/fr\\\/#website\"},\"primaryImageOfPage\":{\"@id\":\"https:\\\/\\\/www.webdo.tn\\\/fr\\\/actualite\\\/national\\\/les-flux-migratoires-au-coeur-d-un-entretien-entre-feki-et-son-homologue-libyen\\\/207834\\\/#primaryimage\"},\"image\":{\"@id\":\"https:\\\/\\\/www.webdo.tn\\\/fr\\\/actualite\\\/national\\\/les-flux-migratoires-au-coeur-d-un-entretien-entre-feki-et-son-homologue-libyen\\\/207834\\\/#primaryimage\"},\"thumbnailUrl\":\"https:\\\/\\\/www.webdo.tn\\\/fr\\\/wp-content\\\/uploads\\\/2023\\\/08\\\/8347519ce369c6305ca9ea0f1f26fa49.jpg\",\"datePublished\":\"2023-08-10T08:31:00+00:00\",\"dateModified\":\"2025-05-20T22:41:51+00:00\",\"description\":\"Le ministre de l'Int\u00e9rieur, Kamal Feki a re\u00e7u hier mercredi 9 ao\u00fbt 2023, son homologue libyen Imad Trabelsi, en pr\u00e9sence d'un groupe de hauts responsables des d...\",\"breadcrumb\":{\"@id\":\"https:\\\/\\\/www.webdo.tn\\\/fr\\\/actualite\\\/national\\\/les-flux-migratoires-au-coeur-d-un-entretien-entre-feki-et-son-homologue-libyen\\\/207834\\\/#breadcrumb\"},\"inLanguage\":\"fr-FR\",\"potentialAction\":[{\"@type\":\"ReadAction\",\"target\":[\"https:\\\/\\\/www.webdo.tn\\\/fr\\\/actualite\\\/national\\\/les-flux-migratoires-au-coeur-d-un-entretien-entre-feki-et-son-homologue-libyen\\\/207834\\\/\"]}]},{\"@type\":\"ImageObject\",\"inLanguage\":\"fr-FR\",\"@id\":\"https:\\\/\\\/www.webdo.tn\\\/fr\\\/actualite\\\/national\\\/les-flux-migratoires-au-coeur-d-un-entretien-entre-feki-et-son-homologue-libyen\\\/207834\\\/#primaryimage\",\"url\":\"https:\\\/\\\/www.webdo.tn\\\/fr\\\/wp-content\\\/uploads\\\/2023\\\/08\\\/8347519ce369c6305ca9ea0f1f26fa49.jpg\",\"contentUrl\":\"https:\\\/\\\/www.webdo.tn\\\/fr\\\/wp-content\\\/uploads\\\/2023\\\/08\\\/8347519ce369c6305ca9ea0f1f26fa49.jpg\",\"width\":750,\"height\":400,\"caption\":\"Les flux migratoires au c\u0153ur d\u2019un entretien entre Feki et son homologue libyen\"},{\"@type\":\"BreadcrumbList\",\"@id\":\"https:\\\/\\\/www.webdo.tn\\\/fr\\\/actualite\\\/national\\\/les-flux-migratoires-au-coeur-d-un-entretien-entre-feki-et-son-homologue-libyen\\\/207834\\\/#breadcrumb\",\"itemListElement\":[{\"@type\":\"ListItem\",\"position\":1,\"name\":\"Accueil\",\"item\":\"https:\\\/\\\/www.webdo.tn\\\/fr\\\/\"},{\"@type\":\"ListItem\",\"position\":2,\"name\":\"Les flux migratoires au c\u0153ur d\u2019un entretien entre Feki et son homologue libyen\"}]},{\"@type\":\"WebSite\",\"@id\":\"https:\\\/\\\/www.webdo.tn\\\/fr\\\/#website\",\"url\":\"https:\\\/\\\/www.webdo.tn\\\/fr\\\/\",\"name\":\"webdo\",\"description\":\"Tunisie - News en Tunisie et \u00e0 l&#039;international sur Webdo.tn\",\"publisher\":{\"@id\":\"https:\\\/\\\/www.webdo.tn\\\/fr\\\/#organization\"},\"potentialAction\":[{\"@type\":\"SearchAction\",\"target\":{\"@type\":\"EntryPoint\",\"urlTemplate\":\"https:\\\/\\\/www.webdo.tn\\\/fr\\\/?s={search_term_string}\"},\"query-input\":{\"@type\":\"PropertyValueSpecification\",\"valueRequired\":true,\"valueName\":\"search_term_string\"}}],\"inLanguage\":\"fr-FR\"},{\"@type\":\"Organization\",\"@id\":\"https:\\\/\\\/www.webdo.tn\\\/fr\\\/#organization\",\"name\":\"Webdo\",\"alternateName\":\"Webdo.tn\",\"url\":\"https:\\\/\\\/www.webdo.tn\\\/fr\\\/\",\"logo\":{\"@type\":\"ImageObject\",\"inLanguage\":\"fr-FR\",\"@id\":\"https:\\\/\\\/www.webdo.tn\\\/fr\\\/#\\\/schema\\\/logo\\\/image\\\/\",\"url\":\"https:\\\/\\\/www.webdo.tn\\\/fr\\\/wp-content\\\/uploads\\\/2025\\\/06\\\/Webdo-Tunisie_168377.jpg\",\"contentUrl\":\"https:\\\/\\\/www.webdo.tn\\\/fr\\\/wp-content\\\/uploads\\\/2025\\\/06\\\/Webdo-Tunisie_168377.jpg\",\"width\":301,\"height\":301,\"caption\":\"Webdo\"},\"image\":{\"@id\":\"https:\\\/\\\/www.webdo.tn\\\/fr\\\/#\\\/schema\\\/logo\\\/image\\\/\"},\"sameAs\":[\"https:\\\/\\\/www.facebook.com\\\/webdotn\",\"https:\\\/\\\/x.com\\\/webdo_tn\"],\"description\":\"Webdo est un m\u00e9dia num\u00e9rique tunisien fond\u00e9 en 2010, sp\u00e9cialis\u00e9 dans l\u2019actualit\u00e9 nationale et internationale, l\u2019\u00e9conomie, la soci\u00e9t\u00e9 et les analyses politiques. Le site s\u2019adresse \u00e0 un large public francophone et couvre l\u2019information tunisienne en temps r\u00e9el.\",\"email\":\"redac@webdo.tn\",\"legalName\":\"YNJ SARL\",\"foundingDate\":\"2010-09-06\",\"numberOfEmployees\":{\"@type\":\"QuantitativeValue\",\"minValue\":\"11\",\"maxValue\":\"50\"}},{\"@type\":\"Person\",\"@id\":\"https:\\\/\\\/www.webdo.tn\\\/fr\\\/#\\\/schema\\\/person\\\/f35b42a42c5e2511bbd282959d6385cc\",\"name\":\"CL\",\"image\":{\"@type\":\"ImageObject\",\"inLanguage\":\"fr-FR\",\"@id\":\"https:\\\/\\\/secure.gravatar.com\\\/avatar\\\/1447a49909b67aa657c488aec6512e1dd6143a480c1ecfee9b5b5cd74eb3b59e?s=96&d=mm&r=g\",\"url\":\"https:\\\/\\\/secure.gravatar.com\\\/avatar\\\/1447a49909b67aa657c488aec6512e1dd6143a480c1ecfee9b5b5cd74eb3b59e?s=96&d=mm&r=g\",\"contentUrl\":\"https:\\\/\\\/secure.gravatar.com\\\/avatar\\\/1447a49909b67aa657c488aec6512e1dd6143a480c1ecfee9b5b5cd74eb3b59e?s=96&d=mm&r=g\",\"caption\":\"CL\"},\"url\":\"https:\\\/\\\/www.webdo.tn\\\/fr\\\/actualite\\\/author\\\/cl\\\/\"}]}<\/script>\n<!-- \/ Yoast SEO Premium plugin. -->","yoast_head_json":{"title":"Les flux migratoires au c\u0153ur d\u2019un entretien entre Feki et son homologue libyen","description":"Le ministre de l'Int\u00e9rieur, Kamal Feki a re\u00e7u hier mercredi 9 ao\u00fbt 2023, son homologue libyen Imad Trabelsi, en pr\u00e9sence d'un groupe de hauts responsables des d...","canonical":"https:\/\/www.webdo.tn\/fr\/actualite\/national\/les-flux-migratoires-au-coeur-d-un-entretien-entre-feki-et-son-homologue-libyen\/207834\/","og_locale":"fr_FR","og_type":"article","og_title":"Les flux migratoires au c\u0153ur d\u2019un entretien entre Feki et son homologue libyen","og_description":"Le ministre de l'Int\u00e9rieur, Kamal Feki a re\u00e7u hier mercredi 9 ao\u00fbt 2023, son homologue libyen Imad Trabelsi, en pr\u00e9sence d'un groupe de hauts responsables des d...","og_url":"https:\/\/www.webdo.tn\/fr\/actualite\/national\/les-flux-migratoires-au-coeur-d-un-entretien-entre-feki-et-son-homologue-libyen\/207834\/","og_site_name":"webdo","article_publisher":"https:\/\/www.facebook.com\/webdotn","article_published_time":"2023-08-10T08:31:00+00:00","article_modified_time":"2025-05-20T22:41:51+00:00","og_image":[{"width":750,"height":400,"url":"https:\/\/www.webdo.tn\/fr\/wp-content\/uploads\/2023\/08\/8347519ce369c6305ca9ea0f1f26fa49.jpg","type":"image\/jpeg"}],"author":"CL","twitter_card":"summary_large_image","twitter_creator":"@webdo_tn","twitter_site":"@webdo_tn","twitter_misc":{"\u00c9crit par":"CL","Dur\u00e9e de lecture estim\u00e9e":"1 minute"},"schema":{"@context":"https:\/\/schema.org","@graph":[{"@type":"NewsArticle","@id":"https:\/\/www.webdo.tn\/fr\/actualite\/national\/les-flux-migratoires-au-coeur-d-un-entretien-entre-feki-et-son-homologue-libyen\/207834\/#article","isPartOf":{"@id":"https:\/\/www.webdo.tn\/fr\/actualite\/national\/les-flux-migratoires-au-coeur-d-un-entretien-entre-feki-et-son-homologue-libyen\/207834\/"},"author":{"name":"CL","@id":"https:\/\/www.webdo.tn\/fr\/#\/schema\/person\/f35b42a42c5e2511bbd282959d6385cc"},"headline":"Les flux migratoires au c\u0153ur d\u2019un entretien entre Feki et son homologue libyen","datePublished":"2023-08-10T08:31:00+00:00","dateModified":"2025-05-20T22:41:51+00:00","mainEntityOfPage":{"@id":"https:\/\/www.webdo.tn\/fr\/actualite\/national\/les-flux-migratoires-au-coeur-d-un-entretien-entre-feki-et-son-homologue-libyen\/207834\/"},"wordCount":267,"commentCount":0,"publisher":{"@id":"https:\/\/www.webdo.tn\/fr\/#organization"},"image":{"@id":"https:\/\/www.webdo.tn\/fr\/actualite\/national\/les-flux-migratoires-au-coeur-d-un-entretien-entre-feki-et-son-homologue-libyen\/207834\/#primaryimage"},"thumbnailUrl":"https:\/\/www.webdo.tn\/fr\/wp-content\/uploads\/2023\/08\/8347519ce369c6305ca9ea0f1f26fa49.jpg","keywords":["Libye","Migration","Tunisie"],"articleSection":["National"],"inLanguage":"fr-FR"},{"@type":"WebPage","@id":"https:\/\/www.webdo.tn\/fr\/actualite\/national\/les-flux-migratoires-au-coeur-d-un-entretien-entre-feki-et-son-homologue-libyen\/207834\/","url":"https:\/\/www.webdo.tn\/fr\/actualite\/national\/les-flux-migratoires-au-coeur-d-un-entretien-entre-feki-et-son-homologue-libyen\/207834\/","name":"Les flux migratoires au c\u0153ur d\u2019un entretien entre Feki et son homologue libyen","isPartOf":{"@id":"https:\/\/www.webdo.tn\/fr\/#website"},"primaryImageOfPage":{"@id":"https:\/\/www.webdo.tn\/fr\/actualite\/national\/les-flux-migratoires-au-coeur-d-un-entretien-entre-feki-et-son-homologue-libyen\/207834\/#primaryimage"},"image":{"@id":"https:\/\/www.webdo.tn\/fr\/actualite\/national\/les-flux-migratoires-au-coeur-d-un-entretien-entre-feki-et-son-homologue-libyen\/207834\/#primaryimage"},"thumbnailUrl":"https:\/\/www.webdo.tn\/fr\/wp-content\/uploads\/2023\/08\/8347519ce369c6305ca9ea0f1f26fa49.jpg","datePublished":"2023-08-10T08:31:00+00:00","dateModified":"2025-05-20T22:41:51+00:00","description":"Le ministre de l'Int\u00e9rieur, Kamal Feki a re\u00e7u hier mercredi 9 ao\u00fbt 2023, son homologue libyen Imad Trabelsi, en pr\u00e9sence d'un groupe de hauts responsables des d...","breadcrumb":{"@id":"https:\/\/www.webdo.tn\/fr\/actualite\/national\/les-flux-migratoires-au-coeur-d-un-entretien-entre-feki-et-son-homologue-libyen\/207834\/#breadcrumb"},"inLanguage":"fr-FR","potentialAction":[{"@type":"ReadAction","target":["https:\/\/www.webdo.tn\/fr\/actualite\/national\/les-flux-migratoires-au-coeur-d-un-entretien-entre-feki-et-son-homologue-libyen\/207834\/"]}]},{"@type":"ImageObject","inLanguage":"fr-FR","@id":"https:\/\/www.webdo.tn\/fr\/actualite\/national\/les-flux-migratoires-au-coeur-d-un-entretien-entre-feki-et-son-homologue-libyen\/207834\/#primaryimage","url":"https:\/\/www.webdo.tn\/fr\/wp-content\/uploads\/2023\/08\/8347519ce369c6305ca9ea0f1f26fa49.jpg","contentUrl":"https:\/\/www.webdo.tn\/fr\/wp-content\/uploads\/2023\/08\/8347519ce369c6305ca9ea0f1f26fa49.jpg","width":750,"height":400,"caption":"Les flux migratoires au c\u0153ur d\u2019un entretien entre Feki et son homologue libyen"},{"@type":"BreadcrumbList","@id":"https:\/\/www.webdo.tn\/fr\/actualite\/national\/les-flux-migratoires-au-coeur-d-un-entretien-entre-feki-et-son-homologue-libyen\/207834\/#breadcrumb","itemListElement":[{"@type":"ListItem","position":1,"name":"Accueil","item":"https:\/\/www.webdo.tn\/fr\/"},{"@type":"ListItem","position":2,"name":"Les flux migratoires au c\u0153ur d\u2019un entretien entre Feki et son homologue libyen"}]},{"@type":"WebSite","@id":"https:\/\/www.webdo.tn\/fr\/#website","url":"https:\/\/www.webdo.tn\/fr\/","name":"webdo","description":"Tunisie - News en Tunisie et \u00e0 l&#039;international sur Webdo.tn","publisher":{"@id":"https:\/\/www.webdo.tn\/fr\/#organization"},"potentialAction":[{"@type":"SearchAction","target":{"@type":"EntryPoint","urlTemplate":"https:\/\/www.webdo.tn\/fr\/?s={search_term_string}"},"query-input":{"@type":"PropertyValueSpecification","valueRequired":true,"valueName":"search_term_string"}}],"inLanguage":"fr-FR"},{"@type":"Organization","@id":"https:\/\/www.webdo.tn\/fr\/#organization","name":"Webdo","alternateName":"Webdo.tn","url":"https:\/\/www.webdo.tn\/fr\/","logo":{"@type":"ImageObject","inLanguage":"fr-FR","@id":"https:\/\/www.webdo.tn\/fr\/#\/schema\/logo\/image\/","url":"https:\/\/www.webdo.tn\/fr\/wp-content\/uploads\/2025\/06\/Webdo-Tunisie_168377.jpg","contentUrl":"https:\/\/www.webdo.tn\/fr\/wp-content\/uploads\/2025\/06\/Webdo-Tunisie_168377.jpg","width":301,"height":301,"caption":"Webdo"},"image":{"@id":"https:\/\/www.webdo.tn\/fr\/#\/schema\/logo\/image\/"},"sameAs":["https:\/\/www.facebook.com\/webdotn","https:\/\/x.com\/webdo_tn"],"description":"Webdo est un m\u00e9dia num\u00e9rique tunisien fond\u00e9 en 2010, sp\u00e9cialis\u00e9 dans l\u2019actualit\u00e9 nationale et internationale, l\u2019\u00e9conomie, la soci\u00e9t\u00e9 et les analyses politiques. Le site s\u2019adresse \u00e0 un large public francophone et couvre l\u2019information tunisienne en temps r\u00e9el.","email":"redac@webdo.tn","legalName":"YNJ SARL","foundingDate":"2010-09-06","numberOfEmployees":{"@type":"QuantitativeValue","minValue":"11","maxValue":"50"}},{"@type":"Person","@id":"https:\/\/www.webdo.tn\/fr\/#\/schema\/person\/f35b42a42c5e2511bbd282959d6385cc","name":"CL","image":{"@type":"ImageObject","inLanguage":"fr-FR","@id":"https:\/\/secure.gravatar.com\/avatar\/1447a49909b67aa657c488aec6512e1dd6143a480c1ecfee9b5b5cd74eb3b59e?s=96&d=mm&r=g","url":"https:\/\/secure.gravatar.com\/avatar\/1447a49909b67aa657c488aec6512e1dd6143a480c1ecfee9b5b5cd74eb3b59e?s=96&d=mm&r=g","contentUrl":"https:\/\/secure.gravatar.com\/avatar\/1447a49909b67aa657c488aec6512e1dd6143a480c1ecfee9b5b5cd74eb3b59e?s=96&d=mm&r=g","caption":"CL"},"url":"https:\/\/www.webdo.tn\/fr\/actualite\/author\/cl\/"}]}},"_links":{"self":[{"href":"https:\/\/www.webdo.tn\/fr\/wp-json\/wp\/v2\/posts\/207834","targetHints":{"allow":["GET"]}}],"collection":[{"href":"https:\/\/www.webdo.tn\/fr\/wp-json\/wp\/v2\/posts"}],"about":[{"href":"https:\/\/www.webdo.tn\/fr\/wp-json\/wp\/v2\/types\/post"}],"author":[{"embeddable":true,"href":"https:\/\/www.webdo.tn\/fr\/wp-json\/wp\/v2\/users\/3175"}],"replies":[{"embeddable":true,"href":"https:\/\/www.webdo.tn\/fr\/wp-json\/wp\/v2\/comments?post=207834"}],"version-history":[{"count":0,"href":"https:\/\/www.webdo.tn\/fr\/wp-json\/wp\/v2\/posts\/207834\/revisions"}],"wp:featuredmedia":[{"embeddable":true,"href":"https:\/\/www.webdo.tn\/fr\/wp-json\/wp\/v2\/media\/249582"}],"wp:attachment":[{"href":"https:\/\/www.webdo.tn\/fr\/wp-json\/wp\/v2\/media?parent=207834"}],"wp:term":[{"taxonomy":"category","embeddable":true,"href":"https:\/\/www.webdo.tn\/fr\/wp-json\/wp\/v2\/categories?post=207834"},{"taxonomy":"post_tag","embeddable":true,"href":"https:\/\/www.webdo.tn\/fr\/wp-json\/wp\/v2\/tags?post=207834"}],"curies":[{"name":"wp","href":"https:\/\/api.w.org\/{rel}","templated":true}]}}