{"id":207827,"date":"2023-08-09T18:58:00","date_gmt":"2023-08-09T18:58:00","guid":{"rendered":"https:\/\/www.webdo.tn\/fr\/blog\/sidi-bouzid-deces-d-une-jeune-ouvriere-agricole-dans-un-accident\/207827\/"},"modified":"2025-05-20T22:41:50","modified_gmt":"2025-05-20T22:41:50","slug":"sidi-bouzid-deces-d-une-jeune-ouvriere-agricole-dans-un-accident","status":"publish","type":"post","link":"https:\/\/www.webdo.tn\/fr\/actualite\/regions\/sidi-bouzid-deces-d-une-jeune-ouvriere-agricole-dans-un-accident\/207827\/","title":{"rendered":"Sidi Bouzid : D\u00e9c\u00e8s d&rsquo;une jeune ouvri\u00e8re agricole dans un accident"},"content":{"rendered":"<p>Une jeune ouvri\u00e8re agricole originaire de Sidi Bouzid, est d\u00e9c\u00e9d\u00e9e suite \u00e0 une chute du d\u2019un camion sur la route entre Sidi Ali Ben Aoun et \u00ab\u00a0Sidi A\u00efch\u00a0\u00bb, alors qu&rsquo;elle rentrait de son travail.\u00a0<\/p>\n<p>\t\t\t\t\t\t\t\t\t\u00a0<\/p>\n<p>La jeune fille, \u00e2g\u00e9e de moins de 18 ans, a perdu la vie des suites de ses blessures graves lors de son transport \u00e0 l&rsquo;h\u00f4pital malgr\u00e9 les tentatives de secours.\u00a0<\/p>\n<p>En Tunisie, les femmes sont l\u2019\u00e9pine dorsale de l\u2019\u00e9conomie rurale, pourtant elles connaissent des conditions extr\u00eamement difficiles.<br \/>\njusqu\u2019\u00e0 500 mille femmes agricoles exercent dans des conditions extr\u00eamement difficiles dans les diff\u00e9rents gouvernorats.<\/p>\n","protected":false},"excerpt":{"rendered":"<p>Une jeune ouvri\u00e8re agricole originaire de Sidi Bouzid, est d\u00e9c\u00e9d\u00e9e suite \u00e0 une chute du d\u2019un camion sur la route entre Sidi Ali Ben Aoun et  Sidi A\u00efch , alors q&#8230;<\/p>\n","protected":false},"author":3175,"featured_media":249579,"comment_status":"open","ping_status":"closed","sticky":false,"template":"","format":"standard","meta":{"footnotes":""},"categories":[2595],"tags":[2830,8118,2608],"class_list":["post-207827","post","type-post","status-publish","format-standard","has-post-thumbnail","hentry","category-regions","tag-deces","tag-ouvriere-agricole","tag-tunisie"],"yoast_head":"<!-- This site is optimized with the Yoast SEO Premium plugin v27.5 (Yoast SEO v27.5) - https:\/\/yoast.com\/product\/yoast-seo-premium-wordpress\/ -->\n<title>Sidi Bouzid : D\u00e9c\u00e8s d&#039;une jeune ouvri\u00e8re agricole dans un accident<\/title>\n<meta name=\"description\" content=\"Une jeune ouvri\u00e8re agricole originaire de Sidi Bouzid, est d\u00e9c\u00e9d\u00e9e suite \u00e0 une chute du d\u2019un camion sur la route entre Sidi Ali Ben Aoun et Sidi A\u00efch , alors q...\" \/>\n<link rel=\"canonical\" href=\"https:\/\/www.webdo.tn\/fr\/actualite\/regions\/sidi-bouzid-deces-d-une-jeune-ouvriere-agricole-dans-un-accident\/207827\/\" \/>\n<meta property=\"og:locale\" content=\"fr_FR\" \/>\n<meta property=\"og:type\" content=\"article\" \/>\n<meta property=\"og:title\" content=\"Sidi Bouzid : D\u00e9c\u00e8s d&#039;une jeune ouvri\u00e8re agricole dans un accident\" \/>\n<meta property=\"og:description\" content=\"Une jeune ouvri\u00e8re agricole originaire de Sidi Bouzid, est d\u00e9c\u00e9d\u00e9e suite \u00e0 une chute du d\u2019un camion sur la route entre Sidi Ali Ben Aoun et Sidi A\u00efch , alors q...\" \/>\n<meta property=\"og:url\" content=\"https:\/\/www.webdo.tn\/fr\/actualite\/regions\/sidi-bouzid-deces-d-une-jeune-ouvriere-agricole-dans-un-accident\/207827\/\" \/>\n<meta property=\"og:site_name\" content=\"webdo\" \/>\n<meta property=\"article:publisher\" content=\"https:\/\/www.facebook.com\/webdotn\" \/>\n<meta property=\"article:published_time\" content=\"2023-08-09T18:58:00+00:00\" \/>\n<meta property=\"article:modified_time\" content=\"2025-05-20T22:41:50+00:00\" \/>\n<meta property=\"og:image\" content=\"https:\/\/www.webdo.tn\/fr\/wp-content\/uploads\/2023\/08\/d290fdd985515632779964af189b827f.jpg\" \/>\n\t<meta property=\"og:image:width\" content=\"750\" \/>\n\t<meta property=\"og:image:height\" content=\"400\" \/>\n\t<meta property=\"og:image:type\" content=\"image\/jpeg\" \/>\n<meta name=\"author\" content=\"CL\" \/>\n<meta name=\"twitter:card\" content=\"summary_large_image\" \/>\n<meta name=\"twitter:creator\" content=\"@webdo_tn\" \/>\n<meta name=\"twitter:site\" content=\"@webdo_tn\" \/>\n<meta name=\"twitter:label1\" content=\"\u00c9crit par\" \/>\n\t<meta name=\"twitter:data1\" content=\"CL\" \/>\n\t<meta name=\"twitter:label2\" content=\"Dur\u00e9e de lecture estim\u00e9e\" \/>\n\t<meta name=\"twitter:data2\" content=\"1 minute\" \/>\n<script type=\"application\/ld+json\" class=\"yoast-schema-graph\">{\"@context\":\"https:\\\/\\\/schema.org\",\"@graph\":[{\"@type\":\"NewsArticle\",\"@id\":\"https:\\\/\\\/www.webdo.tn\\\/fr\\\/actualite\\\/regions\\\/sidi-bouzid-deces-d-une-jeune-ouvriere-agricole-dans-un-accident\\\/207827\\\/#article\",\"isPartOf\":{\"@id\":\"https:\\\/\\\/www.webdo.tn\\\/fr\\\/actualite\\\/regions\\\/sidi-bouzid-deces-d-une-jeune-ouvriere-agricole-dans-un-accident\\\/207827\\\/\"},\"author\":{\"name\":\"CL\",\"@id\":\"https:\\\/\\\/www.webdo.tn\\\/fr\\\/#\\\/schema\\\/person\\\/f35b42a42c5e2511bbd282959d6385cc\"},\"headline\":\"Sidi Bouzid : D\u00e9c\u00e8s d&rsquo;une jeune ouvri\u00e8re agricole dans un accident\",\"datePublished\":\"2023-08-09T18:58:00+00:00\",\"dateModified\":\"2025-05-20T22:41:50+00:00\",\"mainEntityOfPage\":{\"@id\":\"https:\\\/\\\/www.webdo.tn\\\/fr\\\/actualite\\\/regions\\\/sidi-bouzid-deces-d-une-jeune-ouvriere-agricole-dans-un-accident\\\/207827\\\/\"},\"wordCount\":121,\"commentCount\":0,\"publisher\":{\"@id\":\"https:\\\/\\\/www.webdo.tn\\\/fr\\\/#organization\"},\"image\":{\"@id\":\"https:\\\/\\\/www.webdo.tn\\\/fr\\\/actualite\\\/regions\\\/sidi-bouzid-deces-d-une-jeune-ouvriere-agricole-dans-un-accident\\\/207827\\\/#primaryimage\"},\"thumbnailUrl\":\"https:\\\/\\\/www.webdo.tn\\\/fr\\\/wp-content\\\/uploads\\\/2023\\\/08\\\/d290fdd985515632779964af189b827f.jpg\",\"keywords\":[\"D\u00e9c\u00e8s\",\"Ouvri\u00e8re agricole\",\"Tunisie\"],\"articleSection\":[\"regions\"],\"inLanguage\":\"fr-FR\"},{\"@type\":\"WebPage\",\"@id\":\"https:\\\/\\\/www.webdo.tn\\\/fr\\\/actualite\\\/regions\\\/sidi-bouzid-deces-d-une-jeune-ouvriere-agricole-dans-un-accident\\\/207827\\\/\",\"url\":\"https:\\\/\\\/www.webdo.tn\\\/fr\\\/actualite\\\/regions\\\/sidi-bouzid-deces-d-une-jeune-ouvriere-agricole-dans-un-accident\\\/207827\\\/\",\"name\":\"Sidi Bouzid : D\u00e9c\u00e8s d'une jeune ouvri\u00e8re agricole dans un accident\",\"isPartOf\":{\"@id\":\"https:\\\/\\\/www.webdo.tn\\\/fr\\\/#website\"},\"primaryImageOfPage\":{\"@id\":\"https:\\\/\\\/www.webdo.tn\\\/fr\\\/actualite\\\/regions\\\/sidi-bouzid-deces-d-une-jeune-ouvriere-agricole-dans-un-accident\\\/207827\\\/#primaryimage\"},\"image\":{\"@id\":\"https:\\\/\\\/www.webdo.tn\\\/fr\\\/actualite\\\/regions\\\/sidi-bouzid-deces-d-une-jeune-ouvriere-agricole-dans-un-accident\\\/207827\\\/#primaryimage\"},\"thumbnailUrl\":\"https:\\\/\\\/www.webdo.tn\\\/fr\\\/wp-content\\\/uploads\\\/2023\\\/08\\\/d290fdd985515632779964af189b827f.jpg\",\"datePublished\":\"2023-08-09T18:58:00+00:00\",\"dateModified\":\"2025-05-20T22:41:50+00:00\",\"description\":\"Une jeune ouvri\u00e8re agricole originaire de Sidi Bouzid, est d\u00e9c\u00e9d\u00e9e suite \u00e0 une chute du d\u2019un camion sur la route entre Sidi Ali Ben Aoun et Sidi A\u00efch , alors q...\",\"breadcrumb\":{\"@id\":\"https:\\\/\\\/www.webdo.tn\\\/fr\\\/actualite\\\/regions\\\/sidi-bouzid-deces-d-une-jeune-ouvriere-agricole-dans-un-accident\\\/207827\\\/#breadcrumb\"},\"inLanguage\":\"fr-FR\",\"potentialAction\":[{\"@type\":\"ReadAction\",\"target\":[\"https:\\\/\\\/www.webdo.tn\\\/fr\\\/actualite\\\/regions\\\/sidi-bouzid-deces-d-une-jeune-ouvriere-agricole-dans-un-accident\\\/207827\\\/\"]}]},{\"@type\":\"ImageObject\",\"inLanguage\":\"fr-FR\",\"@id\":\"https:\\\/\\\/www.webdo.tn\\\/fr\\\/actualite\\\/regions\\\/sidi-bouzid-deces-d-une-jeune-ouvriere-agricole-dans-un-accident\\\/207827\\\/#primaryimage\",\"url\":\"https:\\\/\\\/www.webdo.tn\\\/fr\\\/wp-content\\\/uploads\\\/2023\\\/08\\\/d290fdd985515632779964af189b827f.jpg\",\"contentUrl\":\"https:\\\/\\\/www.webdo.tn\\\/fr\\\/wp-content\\\/uploads\\\/2023\\\/08\\\/d290fdd985515632779964af189b827f.jpg\",\"width\":750,\"height\":400,\"caption\":\"Sidi Bouzid : D\u00e9c\u00e8s d'une jeune ouvri\u00e8re agricole dans un accident\"},{\"@type\":\"BreadcrumbList\",\"@id\":\"https:\\\/\\\/www.webdo.tn\\\/fr\\\/actualite\\\/regions\\\/sidi-bouzid-deces-d-une-jeune-ouvriere-agricole-dans-un-accident\\\/207827\\\/#breadcrumb\",\"itemListElement\":[{\"@type\":\"ListItem\",\"position\":1,\"name\":\"Accueil\",\"item\":\"https:\\\/\\\/www.webdo.tn\\\/fr\\\/\"},{\"@type\":\"ListItem\",\"position\":2,\"name\":\"Sidi Bouzid : D\u00e9c\u00e8s d&rsquo;une jeune ouvri\u00e8re agricole dans un accident\"}]},{\"@type\":\"WebSite\",\"@id\":\"https:\\\/\\\/www.webdo.tn\\\/fr\\\/#website\",\"url\":\"https:\\\/\\\/www.webdo.tn\\\/fr\\\/\",\"name\":\"webdo\",\"description\":\"Tunisie - News en Tunisie et \u00e0 l&#039;international sur Webdo.tn\",\"publisher\":{\"@id\":\"https:\\\/\\\/www.webdo.tn\\\/fr\\\/#organization\"},\"potentialAction\":[{\"@type\":\"SearchAction\",\"target\":{\"@type\":\"EntryPoint\",\"urlTemplate\":\"https:\\\/\\\/www.webdo.tn\\\/fr\\\/?s={search_term_string}\"},\"query-input\":{\"@type\":\"PropertyValueSpecification\",\"valueRequired\":true,\"valueName\":\"search_term_string\"}}],\"inLanguage\":\"fr-FR\"},{\"@type\":\"Organization\",\"@id\":\"https:\\\/\\\/www.webdo.tn\\\/fr\\\/#organization\",\"name\":\"Webdo\",\"alternateName\":\"Webdo.tn\",\"url\":\"https:\\\/\\\/www.webdo.tn\\\/fr\\\/\",\"logo\":{\"@type\":\"ImageObject\",\"inLanguage\":\"fr-FR\",\"@id\":\"https:\\\/\\\/www.webdo.tn\\\/fr\\\/#\\\/schema\\\/logo\\\/image\\\/\",\"url\":\"https:\\\/\\\/www.webdo.tn\\\/fr\\\/wp-content\\\/uploads\\\/2025\\\/06\\\/Webdo-Tunisie_168377.jpg\",\"contentUrl\":\"https:\\\/\\\/www.webdo.tn\\\/fr\\\/wp-content\\\/uploads\\\/2025\\\/06\\\/Webdo-Tunisie_168377.jpg\",\"width\":301,\"height\":301,\"caption\":\"Webdo\"},\"image\":{\"@id\":\"https:\\\/\\\/www.webdo.tn\\\/fr\\\/#\\\/schema\\\/logo\\\/image\\\/\"},\"sameAs\":[\"https:\\\/\\\/www.facebook.com\\\/webdotn\",\"https:\\\/\\\/x.com\\\/webdo_tn\"],\"description\":\"Webdo est un m\u00e9dia num\u00e9rique tunisien fond\u00e9 en 2010, sp\u00e9cialis\u00e9 dans l\u2019actualit\u00e9 nationale et internationale, l\u2019\u00e9conomie, la soci\u00e9t\u00e9 et les analyses politiques. Le site s\u2019adresse \u00e0 un large public francophone et couvre l\u2019information tunisienne en temps r\u00e9el.\",\"email\":\"redac@webdo.tn\",\"legalName\":\"YNJ SARL\",\"foundingDate\":\"2010-09-06\",\"numberOfEmployees\":{\"@type\":\"QuantitativeValue\",\"minValue\":\"11\",\"maxValue\":\"50\"}},{\"@type\":\"Person\",\"@id\":\"https:\\\/\\\/www.webdo.tn\\\/fr\\\/#\\\/schema\\\/person\\\/f35b42a42c5e2511bbd282959d6385cc\",\"name\":\"CL\",\"image\":{\"@type\":\"ImageObject\",\"inLanguage\":\"fr-FR\",\"@id\":\"https:\\\/\\\/secure.gravatar.com\\\/avatar\\\/1447a49909b67aa657c488aec6512e1dd6143a480c1ecfee9b5b5cd74eb3b59e?s=96&d=mm&r=g\",\"url\":\"https:\\\/\\\/secure.gravatar.com\\\/avatar\\\/1447a49909b67aa657c488aec6512e1dd6143a480c1ecfee9b5b5cd74eb3b59e?s=96&d=mm&r=g\",\"contentUrl\":\"https:\\\/\\\/secure.gravatar.com\\\/avatar\\\/1447a49909b67aa657c488aec6512e1dd6143a480c1ecfee9b5b5cd74eb3b59e?s=96&d=mm&r=g\",\"caption\":\"CL\"},\"url\":\"https:\\\/\\\/www.webdo.tn\\\/fr\\\/actualite\\\/author\\\/cl\\\/\"}]}<\/script>\n<!-- \/ Yoast SEO Premium plugin. -->","yoast_head_json":{"title":"Sidi Bouzid : D\u00e9c\u00e8s d'une jeune ouvri\u00e8re agricole dans un accident","description":"Une jeune ouvri\u00e8re agricole originaire de Sidi Bouzid, est d\u00e9c\u00e9d\u00e9e suite \u00e0 une chute du d\u2019un camion sur la route entre Sidi Ali Ben Aoun et Sidi A\u00efch , alors q...","canonical":"https:\/\/www.webdo.tn\/fr\/actualite\/regions\/sidi-bouzid-deces-d-une-jeune-ouvriere-agricole-dans-un-accident\/207827\/","og_locale":"fr_FR","og_type":"article","og_title":"Sidi Bouzid : D\u00e9c\u00e8s d'une jeune ouvri\u00e8re agricole dans un accident","og_description":"Une jeune ouvri\u00e8re agricole originaire de Sidi Bouzid, est d\u00e9c\u00e9d\u00e9e suite \u00e0 une chute du d\u2019un camion sur la route entre Sidi Ali Ben Aoun et Sidi A\u00efch , alors q...","og_url":"https:\/\/www.webdo.tn\/fr\/actualite\/regions\/sidi-bouzid-deces-d-une-jeune-ouvriere-agricole-dans-un-accident\/207827\/","og_site_name":"webdo","article_publisher":"https:\/\/www.facebook.com\/webdotn","article_published_time":"2023-08-09T18:58:00+00:00","article_modified_time":"2025-05-20T22:41:50+00:00","og_image":[{"width":750,"height":400,"url":"https:\/\/www.webdo.tn\/fr\/wp-content\/uploads\/2023\/08\/d290fdd985515632779964af189b827f.jpg","type":"image\/jpeg"}],"author":"CL","twitter_card":"summary_large_image","twitter_creator":"@webdo_tn","twitter_site":"@webdo_tn","twitter_misc":{"\u00c9crit par":"CL","Dur\u00e9e de lecture estim\u00e9e":"1 minute"},"schema":{"@context":"https:\/\/schema.org","@graph":[{"@type":"NewsArticle","@id":"https:\/\/www.webdo.tn\/fr\/actualite\/regions\/sidi-bouzid-deces-d-une-jeune-ouvriere-agricole-dans-un-accident\/207827\/#article","isPartOf":{"@id":"https:\/\/www.webdo.tn\/fr\/actualite\/regions\/sidi-bouzid-deces-d-une-jeune-ouvriere-agricole-dans-un-accident\/207827\/"},"author":{"name":"CL","@id":"https:\/\/www.webdo.tn\/fr\/#\/schema\/person\/f35b42a42c5e2511bbd282959d6385cc"},"headline":"Sidi Bouzid : D\u00e9c\u00e8s d&rsquo;une jeune ouvri\u00e8re agricole dans un accident","datePublished":"2023-08-09T18:58:00+00:00","dateModified":"2025-05-20T22:41:50+00:00","mainEntityOfPage":{"@id":"https:\/\/www.webdo.tn\/fr\/actualite\/regions\/sidi-bouzid-deces-d-une-jeune-ouvriere-agricole-dans-un-accident\/207827\/"},"wordCount":121,"commentCount":0,"publisher":{"@id":"https:\/\/www.webdo.tn\/fr\/#organization"},"image":{"@id":"https:\/\/www.webdo.tn\/fr\/actualite\/regions\/sidi-bouzid-deces-d-une-jeune-ouvriere-agricole-dans-un-accident\/207827\/#primaryimage"},"thumbnailUrl":"https:\/\/www.webdo.tn\/fr\/wp-content\/uploads\/2023\/08\/d290fdd985515632779964af189b827f.jpg","keywords":["D\u00e9c\u00e8s","Ouvri\u00e8re agricole","Tunisie"],"articleSection":["regions"],"inLanguage":"fr-FR"},{"@type":"WebPage","@id":"https:\/\/www.webdo.tn\/fr\/actualite\/regions\/sidi-bouzid-deces-d-une-jeune-ouvriere-agricole-dans-un-accident\/207827\/","url":"https:\/\/www.webdo.tn\/fr\/actualite\/regions\/sidi-bouzid-deces-d-une-jeune-ouvriere-agricole-dans-un-accident\/207827\/","name":"Sidi Bouzid : D\u00e9c\u00e8s d'une jeune ouvri\u00e8re agricole dans un accident","isPartOf":{"@id":"https:\/\/www.webdo.tn\/fr\/#website"},"primaryImageOfPage":{"@id":"https:\/\/www.webdo.tn\/fr\/actualite\/regions\/sidi-bouzid-deces-d-une-jeune-ouvriere-agricole-dans-un-accident\/207827\/#primaryimage"},"image":{"@id":"https:\/\/www.webdo.tn\/fr\/actualite\/regions\/sidi-bouzid-deces-d-une-jeune-ouvriere-agricole-dans-un-accident\/207827\/#primaryimage"},"thumbnailUrl":"https:\/\/www.webdo.tn\/fr\/wp-content\/uploads\/2023\/08\/d290fdd985515632779964af189b827f.jpg","datePublished":"2023-08-09T18:58:00+00:00","dateModified":"2025-05-20T22:41:50+00:00","description":"Une jeune ouvri\u00e8re agricole originaire de Sidi Bouzid, est d\u00e9c\u00e9d\u00e9e suite \u00e0 une chute du d\u2019un camion sur la route entre Sidi Ali Ben Aoun et Sidi A\u00efch , alors q...","breadcrumb":{"@id":"https:\/\/www.webdo.tn\/fr\/actualite\/regions\/sidi-bouzid-deces-d-une-jeune-ouvriere-agricole-dans-un-accident\/207827\/#breadcrumb"},"inLanguage":"fr-FR","potentialAction":[{"@type":"ReadAction","target":["https:\/\/www.webdo.tn\/fr\/actualite\/regions\/sidi-bouzid-deces-d-une-jeune-ouvriere-agricole-dans-un-accident\/207827\/"]}]},{"@type":"ImageObject","inLanguage":"fr-FR","@id":"https:\/\/www.webdo.tn\/fr\/actualite\/regions\/sidi-bouzid-deces-d-une-jeune-ouvriere-agricole-dans-un-accident\/207827\/#primaryimage","url":"https:\/\/www.webdo.tn\/fr\/wp-content\/uploads\/2023\/08\/d290fdd985515632779964af189b827f.jpg","contentUrl":"https:\/\/www.webdo.tn\/fr\/wp-content\/uploads\/2023\/08\/d290fdd985515632779964af189b827f.jpg","width":750,"height":400,"caption":"Sidi Bouzid : D\u00e9c\u00e8s d'une jeune ouvri\u00e8re agricole dans un accident"},{"@type":"BreadcrumbList","@id":"https:\/\/www.webdo.tn\/fr\/actualite\/regions\/sidi-bouzid-deces-d-une-jeune-ouvriere-agricole-dans-un-accident\/207827\/#breadcrumb","itemListElement":[{"@type":"ListItem","position":1,"name":"Accueil","item":"https:\/\/www.webdo.tn\/fr\/"},{"@type":"ListItem","position":2,"name":"Sidi Bouzid : D\u00e9c\u00e8s d&rsquo;une jeune ouvri\u00e8re agricole dans un accident"}]},{"@type":"WebSite","@id":"https:\/\/www.webdo.tn\/fr\/#website","url":"https:\/\/www.webdo.tn\/fr\/","name":"webdo","description":"Tunisie - News en Tunisie et \u00e0 l&#039;international sur Webdo.tn","publisher":{"@id":"https:\/\/www.webdo.tn\/fr\/#organization"},"potentialAction":[{"@type":"SearchAction","target":{"@type":"EntryPoint","urlTemplate":"https:\/\/www.webdo.tn\/fr\/?s={search_term_string}"},"query-input":{"@type":"PropertyValueSpecification","valueRequired":true,"valueName":"search_term_string"}}],"inLanguage":"fr-FR"},{"@type":"Organization","@id":"https:\/\/www.webdo.tn\/fr\/#organization","name":"Webdo","alternateName":"Webdo.tn","url":"https:\/\/www.webdo.tn\/fr\/","logo":{"@type":"ImageObject","inLanguage":"fr-FR","@id":"https:\/\/www.webdo.tn\/fr\/#\/schema\/logo\/image\/","url":"https:\/\/www.webdo.tn\/fr\/wp-content\/uploads\/2025\/06\/Webdo-Tunisie_168377.jpg","contentUrl":"https:\/\/www.webdo.tn\/fr\/wp-content\/uploads\/2025\/06\/Webdo-Tunisie_168377.jpg","width":301,"height":301,"caption":"Webdo"},"image":{"@id":"https:\/\/www.webdo.tn\/fr\/#\/schema\/logo\/image\/"},"sameAs":["https:\/\/www.facebook.com\/webdotn","https:\/\/x.com\/webdo_tn"],"description":"Webdo est un m\u00e9dia num\u00e9rique tunisien fond\u00e9 en 2010, sp\u00e9cialis\u00e9 dans l\u2019actualit\u00e9 nationale et internationale, l\u2019\u00e9conomie, la soci\u00e9t\u00e9 et les analyses politiques. Le site s\u2019adresse \u00e0 un large public francophone et couvre l\u2019information tunisienne en temps r\u00e9el.","email":"redac@webdo.tn","legalName":"YNJ SARL","foundingDate":"2010-09-06","numberOfEmployees":{"@type":"QuantitativeValue","minValue":"11","maxValue":"50"}},{"@type":"Person","@id":"https:\/\/www.webdo.tn\/fr\/#\/schema\/person\/f35b42a42c5e2511bbd282959d6385cc","name":"CL","image":{"@type":"ImageObject","inLanguage":"fr-FR","@id":"https:\/\/secure.gravatar.com\/avatar\/1447a49909b67aa657c488aec6512e1dd6143a480c1ecfee9b5b5cd74eb3b59e?s=96&d=mm&r=g","url":"https:\/\/secure.gravatar.com\/avatar\/1447a49909b67aa657c488aec6512e1dd6143a480c1ecfee9b5b5cd74eb3b59e?s=96&d=mm&r=g","contentUrl":"https:\/\/secure.gravatar.com\/avatar\/1447a49909b67aa657c488aec6512e1dd6143a480c1ecfee9b5b5cd74eb3b59e?s=96&d=mm&r=g","caption":"CL"},"url":"https:\/\/www.webdo.tn\/fr\/actualite\/author\/cl\/"}]}},"_links":{"self":[{"href":"https:\/\/www.webdo.tn\/fr\/wp-json\/wp\/v2\/posts\/207827","targetHints":{"allow":["GET"]}}],"collection":[{"href":"https:\/\/www.webdo.tn\/fr\/wp-json\/wp\/v2\/posts"}],"about":[{"href":"https:\/\/www.webdo.tn\/fr\/wp-json\/wp\/v2\/types\/post"}],"author":[{"embeddable":true,"href":"https:\/\/www.webdo.tn\/fr\/wp-json\/wp\/v2\/users\/3175"}],"replies":[{"embeddable":true,"href":"https:\/\/www.webdo.tn\/fr\/wp-json\/wp\/v2\/comments?post=207827"}],"version-history":[{"count":0,"href":"https:\/\/www.webdo.tn\/fr\/wp-json\/wp\/v2\/posts\/207827\/revisions"}],"wp:featuredmedia":[{"embeddable":true,"href":"https:\/\/www.webdo.tn\/fr\/wp-json\/wp\/v2\/media\/249579"}],"wp:attachment":[{"href":"https:\/\/www.webdo.tn\/fr\/wp-json\/wp\/v2\/media?parent=207827"}],"wp:term":[{"taxonomy":"category","embeddable":true,"href":"https:\/\/www.webdo.tn\/fr\/wp-json\/wp\/v2\/categories?post=207827"},{"taxonomy":"post_tag","embeddable":true,"href":"https:\/\/www.webdo.tn\/fr\/wp-json\/wp\/v2\/tags?post=207827"}],"curies":[{"name":"wp","href":"https:\/\/api.w.org\/{rel}","templated":true}]}}