{"id":207826,"date":"2023-08-09T17:55:00","date_gmt":"2023-08-09T17:55:00","guid":{"rendered":"https:\/\/www.webdo.tn\/fr\/blog\/sfax-enquete-sur-le-naufrage-de-41-migrants-au-large-de-lampedusa\/207826\/"},"modified":"2025-05-20T22:41:48","modified_gmt":"2025-05-20T22:41:48","slug":"sfax-enquete-sur-le-naufrage-de-41-migrants-au-large-de-lampedusa","status":"publish","type":"post","link":"https:\/\/www.webdo.tn\/fr\/actualite\/national\/sfax-enquete-sur-le-naufrage-de-41-migrants-au-large-de-lampedusa\/207826\/","title":{"rendered":"Sfax : Enqu\u00eate sur le naufrage de 41 migrants au large de Lampedusa"},"content":{"rendered":"<p>Le Parquet pr\u00e8s le tribunal de premi\u00e8re instance \u00e0 Sfax 1, a autoris\u00e9, mercredi 9 ao\u00fbt 2023, l&rsquo;ouverture d&rsquo;une enqu\u00eate contre toute personne dont les investigations r\u00e9v\u00e8lent l&rsquo;implication dans l&rsquo;organisation de la travers\u00e9e clandestine ayant provoqu\u00e9 la noyade de 41 immigr\u00e9s au large de l&rsquo;\u00eele italienne Lampedusa, \u00e0 bord d&rsquo;un bateau parti des c\u00f4tes de Sfax.<\/p>\n<p>\t\t\t\t\t\t\t\t\tLe porte-parole officiel du m\u00eame tribunal, Faouzi Masmoudi, a indiqu\u00e9 \u00e0 la TAP, que le juge d&rsquo;instruction a autoris\u00e9 la d\u00e9livrance d&rsquo;une commission rogatoire internationale \u00e0 cet effet.<\/p>\n<p>Il a signal\u00e9 que l&rsquo;article 305 du Code p\u00e9nale tunisien, autorise la justice tunisienne \u00e0 l&rsquo;ouverture d&rsquo;une enqu\u00eate contre tout citoyen tunisien s&rsquo;\u00e9tant rendu coupable d&rsquo;un crime ou d&rsquo;un d\u00e9lit puni par la loi tunisienne.<\/p>\n<p>Les chefs d&rsquo;accusations retenus contre les personnes impliqu\u00e9es dans ce sinistre, concernent, la participation \u00e0 une entente visant \u00e0 faciliter le franchissement ill\u00e9gale des fronti\u00e8res, ainsi que la traite d&rsquo;\u00eatres humains ayant occasionn\u00e9 la mort, selon la m\u00eame source.<\/p>\n","protected":false},"excerpt":{"rendered":"<p>Le Parquet pr\u00e8s le tribunal de premi\u00e8re instance \u00e0 Sfax 1, a autoris\u00e9, mercredi 9 ao\u00fbt 2023, l&rsquo;ouverture d&rsquo;une enqu\u00eate contre toute personne dont les investigat&#8230;<\/p>\n","protected":false},"author":3175,"featured_media":249576,"comment_status":"open","ping_status":"closed","sticky":false,"template":"","format":"standard","meta":{"footnotes":""},"categories":[44],"tags":[3202,2660,2675,2608],"class_list":["post-207826","post","type-post","status-publish","format-standard","has-post-thumbnail","hentry","category-national","tag-enquete","tag-italie","tag-sfax","tag-tunisie"],"yoast_head":"<!-- This site is optimized with the Yoast SEO Premium plugin v27.4 (Yoast SEO v27.4) - https:\/\/yoast.com\/product\/yoast-seo-premium-wordpress\/ -->\n<title>Sfax : Enqu\u00eate sur le naufrage de 41 migrants au large de Lampedusa<\/title>\n<meta name=\"description\" content=\"Le Parquet pr\u00e8s le tribunal de premi\u00e8re instance \u00e0 Sfax 1, a autoris\u00e9, mercredi 9 ao\u00fbt 2023, l&#039;ouverture d&#039;une enqu\u00eate contre toute personne dont les investigat...\" \/>\n<link rel=\"canonical\" href=\"https:\/\/www.webdo.tn\/fr\/actualite\/national\/sfax-enquete-sur-le-naufrage-de-41-migrants-au-large-de-lampedusa\/207826\/\" \/>\n<meta property=\"og:locale\" content=\"fr_FR\" \/>\n<meta property=\"og:type\" content=\"article\" \/>\n<meta property=\"og:title\" content=\"Sfax : Enqu\u00eate sur le naufrage de 41 migrants au large de Lampedusa\" \/>\n<meta property=\"og:description\" content=\"Le Parquet pr\u00e8s le tribunal de premi\u00e8re instance \u00e0 Sfax 1, a autoris\u00e9, mercredi 9 ao\u00fbt 2023, l&#039;ouverture d&#039;une enqu\u00eate contre toute personne dont les investigat...\" \/>\n<meta property=\"og:url\" content=\"https:\/\/www.webdo.tn\/fr\/actualite\/national\/sfax-enquete-sur-le-naufrage-de-41-migrants-au-large-de-lampedusa\/207826\/\" \/>\n<meta property=\"og:site_name\" content=\"webdo\" \/>\n<meta property=\"article:publisher\" content=\"https:\/\/www.facebook.com\/webdotn\" \/>\n<meta property=\"article:published_time\" content=\"2023-08-09T17:55:00+00:00\" \/>\n<meta property=\"article:modified_time\" content=\"2025-05-20T22:41:48+00:00\" \/>\n<meta property=\"og:image\" content=\"https:\/\/www.webdo.tn\/fr\/wp-content\/uploads\/2023\/08\/31ed7e26582eb78e48e7be207dbfa518.jpg\" \/>\n\t<meta property=\"og:image:width\" content=\"680\" \/>\n\t<meta property=\"og:image:height\" content=\"363\" \/>\n\t<meta property=\"og:image:type\" content=\"image\/jpeg\" \/>\n<meta name=\"author\" content=\"CL\" \/>\n<meta name=\"twitter:card\" content=\"summary_large_image\" \/>\n<meta name=\"twitter:creator\" content=\"@webdo_tn\" \/>\n<meta name=\"twitter:site\" content=\"@webdo_tn\" \/>\n<meta name=\"twitter:label1\" content=\"\u00c9crit par\" \/>\n\t<meta name=\"twitter:data1\" content=\"CL\" \/>\n\t<meta name=\"twitter:label2\" content=\"Dur\u00e9e de lecture estim\u00e9e\" \/>\n\t<meta name=\"twitter:data2\" content=\"1 minute\" \/>\n<script type=\"application\/ld+json\" class=\"yoast-schema-graph\">{\"@context\":\"https:\\\/\\\/schema.org\",\"@graph\":[{\"@type\":\"NewsArticle\",\"@id\":\"https:\\\/\\\/www.webdo.tn\\\/fr\\\/actualite\\\/national\\\/sfax-enquete-sur-le-naufrage-de-41-migrants-au-large-de-lampedusa\\\/207826\\\/#article\",\"isPartOf\":{\"@id\":\"https:\\\/\\\/www.webdo.tn\\\/fr\\\/actualite\\\/national\\\/sfax-enquete-sur-le-naufrage-de-41-migrants-au-large-de-lampedusa\\\/207826\\\/\"},\"author\":{\"name\":\"CL\",\"@id\":\"https:\\\/\\\/www.webdo.tn\\\/fr\\\/#\\\/schema\\\/person\\\/f35b42a42c5e2511bbd282959d6385cc\"},\"headline\":\"Sfax : Enqu\u00eate sur le naufrage de 41 migrants au large de Lampedusa\",\"datePublished\":\"2023-08-09T17:55:00+00:00\",\"dateModified\":\"2025-05-20T22:41:48+00:00\",\"mainEntityOfPage\":{\"@id\":\"https:\\\/\\\/www.webdo.tn\\\/fr\\\/actualite\\\/national\\\/sfax-enquete-sur-le-naufrage-de-41-migrants-au-large-de-lampedusa\\\/207826\\\/\"},\"wordCount\":192,\"commentCount\":0,\"publisher\":{\"@id\":\"https:\\\/\\\/www.webdo.tn\\\/fr\\\/#organization\"},\"image\":{\"@id\":\"https:\\\/\\\/www.webdo.tn\\\/fr\\\/actualite\\\/national\\\/sfax-enquete-sur-le-naufrage-de-41-migrants-au-large-de-lampedusa\\\/207826\\\/#primaryimage\"},\"thumbnailUrl\":\"https:\\\/\\\/www.webdo.tn\\\/fr\\\/wp-content\\\/uploads\\\/2023\\\/08\\\/31ed7e26582eb78e48e7be207dbfa518.jpg\",\"keywords\":[\"Enqu\u00eate\",\"Italie\",\"Sfax\",\"Tunisie\"],\"articleSection\":[\"National\"],\"inLanguage\":\"fr-FR\"},{\"@type\":\"WebPage\",\"@id\":\"https:\\\/\\\/www.webdo.tn\\\/fr\\\/actualite\\\/national\\\/sfax-enquete-sur-le-naufrage-de-41-migrants-au-large-de-lampedusa\\\/207826\\\/\",\"url\":\"https:\\\/\\\/www.webdo.tn\\\/fr\\\/actualite\\\/national\\\/sfax-enquete-sur-le-naufrage-de-41-migrants-au-large-de-lampedusa\\\/207826\\\/\",\"name\":\"Sfax : Enqu\u00eate sur le naufrage de 41 migrants au large de Lampedusa\",\"isPartOf\":{\"@id\":\"https:\\\/\\\/www.webdo.tn\\\/fr\\\/#website\"},\"primaryImageOfPage\":{\"@id\":\"https:\\\/\\\/www.webdo.tn\\\/fr\\\/actualite\\\/national\\\/sfax-enquete-sur-le-naufrage-de-41-migrants-au-large-de-lampedusa\\\/207826\\\/#primaryimage\"},\"image\":{\"@id\":\"https:\\\/\\\/www.webdo.tn\\\/fr\\\/actualite\\\/national\\\/sfax-enquete-sur-le-naufrage-de-41-migrants-au-large-de-lampedusa\\\/207826\\\/#primaryimage\"},\"thumbnailUrl\":\"https:\\\/\\\/www.webdo.tn\\\/fr\\\/wp-content\\\/uploads\\\/2023\\\/08\\\/31ed7e26582eb78e48e7be207dbfa518.jpg\",\"datePublished\":\"2023-08-09T17:55:00+00:00\",\"dateModified\":\"2025-05-20T22:41:48+00:00\",\"description\":\"Le Parquet pr\u00e8s le tribunal de premi\u00e8re instance \u00e0 Sfax 1, a autoris\u00e9, mercredi 9 ao\u00fbt 2023, l'ouverture d'une enqu\u00eate contre toute personne dont les investigat...\",\"breadcrumb\":{\"@id\":\"https:\\\/\\\/www.webdo.tn\\\/fr\\\/actualite\\\/national\\\/sfax-enquete-sur-le-naufrage-de-41-migrants-au-large-de-lampedusa\\\/207826\\\/#breadcrumb\"},\"inLanguage\":\"fr-FR\",\"potentialAction\":[{\"@type\":\"ReadAction\",\"target\":[\"https:\\\/\\\/www.webdo.tn\\\/fr\\\/actualite\\\/national\\\/sfax-enquete-sur-le-naufrage-de-41-migrants-au-large-de-lampedusa\\\/207826\\\/\"]}]},{\"@type\":\"ImageObject\",\"inLanguage\":\"fr-FR\",\"@id\":\"https:\\\/\\\/www.webdo.tn\\\/fr\\\/actualite\\\/national\\\/sfax-enquete-sur-le-naufrage-de-41-migrants-au-large-de-lampedusa\\\/207826\\\/#primaryimage\",\"url\":\"https:\\\/\\\/www.webdo.tn\\\/fr\\\/wp-content\\\/uploads\\\/2023\\\/08\\\/31ed7e26582eb78e48e7be207dbfa518.jpg\",\"contentUrl\":\"https:\\\/\\\/www.webdo.tn\\\/fr\\\/wp-content\\\/uploads\\\/2023\\\/08\\\/31ed7e26582eb78e48e7be207dbfa518.jpg\",\"width\":680,\"height\":363,\"caption\":\"Sfax : Enqu\u00eate sur le naufrage de 41 migrants au large de Lampedusa\"},{\"@type\":\"BreadcrumbList\",\"@id\":\"https:\\\/\\\/www.webdo.tn\\\/fr\\\/actualite\\\/national\\\/sfax-enquete-sur-le-naufrage-de-41-migrants-au-large-de-lampedusa\\\/207826\\\/#breadcrumb\",\"itemListElement\":[{\"@type\":\"ListItem\",\"position\":1,\"name\":\"Accueil\",\"item\":\"https:\\\/\\\/www.webdo.tn\\\/fr\\\/\"},{\"@type\":\"ListItem\",\"position\":2,\"name\":\"Sfax : Enqu\u00eate sur le naufrage de 41 migrants au large de Lampedusa\"}]},{\"@type\":\"WebSite\",\"@id\":\"https:\\\/\\\/www.webdo.tn\\\/fr\\\/#website\",\"url\":\"https:\\\/\\\/www.webdo.tn\\\/fr\\\/\",\"name\":\"webdo\",\"description\":\"Tunisie - News en Tunisie et \u00e0 l&#039;international sur Webdo.tn\",\"publisher\":{\"@id\":\"https:\\\/\\\/www.webdo.tn\\\/fr\\\/#organization\"},\"potentialAction\":[{\"@type\":\"SearchAction\",\"target\":{\"@type\":\"EntryPoint\",\"urlTemplate\":\"https:\\\/\\\/www.webdo.tn\\\/fr\\\/?s={search_term_string}\"},\"query-input\":{\"@type\":\"PropertyValueSpecification\",\"valueRequired\":true,\"valueName\":\"search_term_string\"}}],\"inLanguage\":\"fr-FR\"},{\"@type\":\"Organization\",\"@id\":\"https:\\\/\\\/www.webdo.tn\\\/fr\\\/#organization\",\"name\":\"Webdo\",\"alternateName\":\"Webdo.tn\",\"url\":\"https:\\\/\\\/www.webdo.tn\\\/fr\\\/\",\"logo\":{\"@type\":\"ImageObject\",\"inLanguage\":\"fr-FR\",\"@id\":\"https:\\\/\\\/www.webdo.tn\\\/fr\\\/#\\\/schema\\\/logo\\\/image\\\/\",\"url\":\"https:\\\/\\\/www.webdo.tn\\\/fr\\\/wp-content\\\/uploads\\\/2025\\\/06\\\/Webdo-Tunisie_168377.jpg\",\"contentUrl\":\"https:\\\/\\\/www.webdo.tn\\\/fr\\\/wp-content\\\/uploads\\\/2025\\\/06\\\/Webdo-Tunisie_168377.jpg\",\"width\":301,\"height\":301,\"caption\":\"Webdo\"},\"image\":{\"@id\":\"https:\\\/\\\/www.webdo.tn\\\/fr\\\/#\\\/schema\\\/logo\\\/image\\\/\"},\"sameAs\":[\"https:\\\/\\\/www.facebook.com\\\/webdotn\",\"https:\\\/\\\/x.com\\\/webdo_tn\"],\"description\":\"Webdo est un m\u00e9dia num\u00e9rique tunisien fond\u00e9 en 2010, sp\u00e9cialis\u00e9 dans l\u2019actualit\u00e9 nationale et internationale, l\u2019\u00e9conomie, la soci\u00e9t\u00e9 et les analyses politiques. Le site s\u2019adresse \u00e0 un large public francophone et couvre l\u2019information tunisienne en temps r\u00e9el.\",\"email\":\"redac@webdo.tn\",\"legalName\":\"YNJ SARL\",\"foundingDate\":\"2010-09-06\",\"numberOfEmployees\":{\"@type\":\"QuantitativeValue\",\"minValue\":\"11\",\"maxValue\":\"50\"}},{\"@type\":\"Person\",\"@id\":\"https:\\\/\\\/www.webdo.tn\\\/fr\\\/#\\\/schema\\\/person\\\/f35b42a42c5e2511bbd282959d6385cc\",\"name\":\"CL\",\"image\":{\"@type\":\"ImageObject\",\"inLanguage\":\"fr-FR\",\"@id\":\"https:\\\/\\\/secure.gravatar.com\\\/avatar\\\/1447a49909b67aa657c488aec6512e1dd6143a480c1ecfee9b5b5cd74eb3b59e?s=96&d=mm&r=g\",\"url\":\"https:\\\/\\\/secure.gravatar.com\\\/avatar\\\/1447a49909b67aa657c488aec6512e1dd6143a480c1ecfee9b5b5cd74eb3b59e?s=96&d=mm&r=g\",\"contentUrl\":\"https:\\\/\\\/secure.gravatar.com\\\/avatar\\\/1447a49909b67aa657c488aec6512e1dd6143a480c1ecfee9b5b5cd74eb3b59e?s=96&d=mm&r=g\",\"caption\":\"CL\"},\"url\":\"https:\\\/\\\/www.webdo.tn\\\/fr\\\/actualite\\\/author\\\/cl\\\/\"}]}<\/script>\n<!-- \/ Yoast SEO Premium plugin. -->","yoast_head_json":{"title":"Sfax : Enqu\u00eate sur le naufrage de 41 migrants au large de Lampedusa","description":"Le Parquet pr\u00e8s le tribunal de premi\u00e8re instance \u00e0 Sfax 1, a autoris\u00e9, mercredi 9 ao\u00fbt 2023, l'ouverture d'une enqu\u00eate contre toute personne dont les investigat...","canonical":"https:\/\/www.webdo.tn\/fr\/actualite\/national\/sfax-enquete-sur-le-naufrage-de-41-migrants-au-large-de-lampedusa\/207826\/","og_locale":"fr_FR","og_type":"article","og_title":"Sfax : Enqu\u00eate sur le naufrage de 41 migrants au large de Lampedusa","og_description":"Le Parquet pr\u00e8s le tribunal de premi\u00e8re instance \u00e0 Sfax 1, a autoris\u00e9, mercredi 9 ao\u00fbt 2023, l'ouverture d'une enqu\u00eate contre toute personne dont les investigat...","og_url":"https:\/\/www.webdo.tn\/fr\/actualite\/national\/sfax-enquete-sur-le-naufrage-de-41-migrants-au-large-de-lampedusa\/207826\/","og_site_name":"webdo","article_publisher":"https:\/\/www.facebook.com\/webdotn","article_published_time":"2023-08-09T17:55:00+00:00","article_modified_time":"2025-05-20T22:41:48+00:00","og_image":[{"width":680,"height":363,"url":"https:\/\/www.webdo.tn\/fr\/wp-content\/uploads\/2023\/08\/31ed7e26582eb78e48e7be207dbfa518.jpg","type":"image\/jpeg"}],"author":"CL","twitter_card":"summary_large_image","twitter_creator":"@webdo_tn","twitter_site":"@webdo_tn","twitter_misc":{"\u00c9crit par":"CL","Dur\u00e9e de lecture estim\u00e9e":"1 minute"},"schema":{"@context":"https:\/\/schema.org","@graph":[{"@type":"NewsArticle","@id":"https:\/\/www.webdo.tn\/fr\/actualite\/national\/sfax-enquete-sur-le-naufrage-de-41-migrants-au-large-de-lampedusa\/207826\/#article","isPartOf":{"@id":"https:\/\/www.webdo.tn\/fr\/actualite\/national\/sfax-enquete-sur-le-naufrage-de-41-migrants-au-large-de-lampedusa\/207826\/"},"author":{"name":"CL","@id":"https:\/\/www.webdo.tn\/fr\/#\/schema\/person\/f35b42a42c5e2511bbd282959d6385cc"},"headline":"Sfax : Enqu\u00eate sur le naufrage de 41 migrants au large de Lampedusa","datePublished":"2023-08-09T17:55:00+00:00","dateModified":"2025-05-20T22:41:48+00:00","mainEntityOfPage":{"@id":"https:\/\/www.webdo.tn\/fr\/actualite\/national\/sfax-enquete-sur-le-naufrage-de-41-migrants-au-large-de-lampedusa\/207826\/"},"wordCount":192,"commentCount":0,"publisher":{"@id":"https:\/\/www.webdo.tn\/fr\/#organization"},"image":{"@id":"https:\/\/www.webdo.tn\/fr\/actualite\/national\/sfax-enquete-sur-le-naufrage-de-41-migrants-au-large-de-lampedusa\/207826\/#primaryimage"},"thumbnailUrl":"https:\/\/www.webdo.tn\/fr\/wp-content\/uploads\/2023\/08\/31ed7e26582eb78e48e7be207dbfa518.jpg","keywords":["Enqu\u00eate","Italie","Sfax","Tunisie"],"articleSection":["National"],"inLanguage":"fr-FR"},{"@type":"WebPage","@id":"https:\/\/www.webdo.tn\/fr\/actualite\/national\/sfax-enquete-sur-le-naufrage-de-41-migrants-au-large-de-lampedusa\/207826\/","url":"https:\/\/www.webdo.tn\/fr\/actualite\/national\/sfax-enquete-sur-le-naufrage-de-41-migrants-au-large-de-lampedusa\/207826\/","name":"Sfax : Enqu\u00eate sur le naufrage de 41 migrants au large de Lampedusa","isPartOf":{"@id":"https:\/\/www.webdo.tn\/fr\/#website"},"primaryImageOfPage":{"@id":"https:\/\/www.webdo.tn\/fr\/actualite\/national\/sfax-enquete-sur-le-naufrage-de-41-migrants-au-large-de-lampedusa\/207826\/#primaryimage"},"image":{"@id":"https:\/\/www.webdo.tn\/fr\/actualite\/national\/sfax-enquete-sur-le-naufrage-de-41-migrants-au-large-de-lampedusa\/207826\/#primaryimage"},"thumbnailUrl":"https:\/\/www.webdo.tn\/fr\/wp-content\/uploads\/2023\/08\/31ed7e26582eb78e48e7be207dbfa518.jpg","datePublished":"2023-08-09T17:55:00+00:00","dateModified":"2025-05-20T22:41:48+00:00","description":"Le Parquet pr\u00e8s le tribunal de premi\u00e8re instance \u00e0 Sfax 1, a autoris\u00e9, mercredi 9 ao\u00fbt 2023, l'ouverture d'une enqu\u00eate contre toute personne dont les investigat...","breadcrumb":{"@id":"https:\/\/www.webdo.tn\/fr\/actualite\/national\/sfax-enquete-sur-le-naufrage-de-41-migrants-au-large-de-lampedusa\/207826\/#breadcrumb"},"inLanguage":"fr-FR","potentialAction":[{"@type":"ReadAction","target":["https:\/\/www.webdo.tn\/fr\/actualite\/national\/sfax-enquete-sur-le-naufrage-de-41-migrants-au-large-de-lampedusa\/207826\/"]}]},{"@type":"ImageObject","inLanguage":"fr-FR","@id":"https:\/\/www.webdo.tn\/fr\/actualite\/national\/sfax-enquete-sur-le-naufrage-de-41-migrants-au-large-de-lampedusa\/207826\/#primaryimage","url":"https:\/\/www.webdo.tn\/fr\/wp-content\/uploads\/2023\/08\/31ed7e26582eb78e48e7be207dbfa518.jpg","contentUrl":"https:\/\/www.webdo.tn\/fr\/wp-content\/uploads\/2023\/08\/31ed7e26582eb78e48e7be207dbfa518.jpg","width":680,"height":363,"caption":"Sfax : Enqu\u00eate sur le naufrage de 41 migrants au large de Lampedusa"},{"@type":"BreadcrumbList","@id":"https:\/\/www.webdo.tn\/fr\/actualite\/national\/sfax-enquete-sur-le-naufrage-de-41-migrants-au-large-de-lampedusa\/207826\/#breadcrumb","itemListElement":[{"@type":"ListItem","position":1,"name":"Accueil","item":"https:\/\/www.webdo.tn\/fr\/"},{"@type":"ListItem","position":2,"name":"Sfax : Enqu\u00eate sur le naufrage de 41 migrants au large de Lampedusa"}]},{"@type":"WebSite","@id":"https:\/\/www.webdo.tn\/fr\/#website","url":"https:\/\/www.webdo.tn\/fr\/","name":"webdo","description":"Tunisie - News en Tunisie et \u00e0 l&#039;international sur Webdo.tn","publisher":{"@id":"https:\/\/www.webdo.tn\/fr\/#organization"},"potentialAction":[{"@type":"SearchAction","target":{"@type":"EntryPoint","urlTemplate":"https:\/\/www.webdo.tn\/fr\/?s={search_term_string}"},"query-input":{"@type":"PropertyValueSpecification","valueRequired":true,"valueName":"search_term_string"}}],"inLanguage":"fr-FR"},{"@type":"Organization","@id":"https:\/\/www.webdo.tn\/fr\/#organization","name":"Webdo","alternateName":"Webdo.tn","url":"https:\/\/www.webdo.tn\/fr\/","logo":{"@type":"ImageObject","inLanguage":"fr-FR","@id":"https:\/\/www.webdo.tn\/fr\/#\/schema\/logo\/image\/","url":"https:\/\/www.webdo.tn\/fr\/wp-content\/uploads\/2025\/06\/Webdo-Tunisie_168377.jpg","contentUrl":"https:\/\/www.webdo.tn\/fr\/wp-content\/uploads\/2025\/06\/Webdo-Tunisie_168377.jpg","width":301,"height":301,"caption":"Webdo"},"image":{"@id":"https:\/\/www.webdo.tn\/fr\/#\/schema\/logo\/image\/"},"sameAs":["https:\/\/www.facebook.com\/webdotn","https:\/\/x.com\/webdo_tn"],"description":"Webdo est un m\u00e9dia num\u00e9rique tunisien fond\u00e9 en 2010, sp\u00e9cialis\u00e9 dans l\u2019actualit\u00e9 nationale et internationale, l\u2019\u00e9conomie, la soci\u00e9t\u00e9 et les analyses politiques. Le site s\u2019adresse \u00e0 un large public francophone et couvre l\u2019information tunisienne en temps r\u00e9el.","email":"redac@webdo.tn","legalName":"YNJ SARL","foundingDate":"2010-09-06","numberOfEmployees":{"@type":"QuantitativeValue","minValue":"11","maxValue":"50"}},{"@type":"Person","@id":"https:\/\/www.webdo.tn\/fr\/#\/schema\/person\/f35b42a42c5e2511bbd282959d6385cc","name":"CL","image":{"@type":"ImageObject","inLanguage":"fr-FR","@id":"https:\/\/secure.gravatar.com\/avatar\/1447a49909b67aa657c488aec6512e1dd6143a480c1ecfee9b5b5cd74eb3b59e?s=96&d=mm&r=g","url":"https:\/\/secure.gravatar.com\/avatar\/1447a49909b67aa657c488aec6512e1dd6143a480c1ecfee9b5b5cd74eb3b59e?s=96&d=mm&r=g","contentUrl":"https:\/\/secure.gravatar.com\/avatar\/1447a49909b67aa657c488aec6512e1dd6143a480c1ecfee9b5b5cd74eb3b59e?s=96&d=mm&r=g","caption":"CL"},"url":"https:\/\/www.webdo.tn\/fr\/actualite\/author\/cl\/"}]}},"_links":{"self":[{"href":"https:\/\/www.webdo.tn\/fr\/wp-json\/wp\/v2\/posts\/207826","targetHints":{"allow":["GET"]}}],"collection":[{"href":"https:\/\/www.webdo.tn\/fr\/wp-json\/wp\/v2\/posts"}],"about":[{"href":"https:\/\/www.webdo.tn\/fr\/wp-json\/wp\/v2\/types\/post"}],"author":[{"embeddable":true,"href":"https:\/\/www.webdo.tn\/fr\/wp-json\/wp\/v2\/users\/3175"}],"replies":[{"embeddable":true,"href":"https:\/\/www.webdo.tn\/fr\/wp-json\/wp\/v2\/comments?post=207826"}],"version-history":[{"count":0,"href":"https:\/\/www.webdo.tn\/fr\/wp-json\/wp\/v2\/posts\/207826\/revisions"}],"wp:featuredmedia":[{"embeddable":true,"href":"https:\/\/www.webdo.tn\/fr\/wp-json\/wp\/v2\/media\/249576"}],"wp:attachment":[{"href":"https:\/\/www.webdo.tn\/fr\/wp-json\/wp\/v2\/media?parent=207826"}],"wp:term":[{"taxonomy":"category","embeddable":true,"href":"https:\/\/www.webdo.tn\/fr\/wp-json\/wp\/v2\/categories?post=207826"},{"taxonomy":"post_tag","embeddable":true,"href":"https:\/\/www.webdo.tn\/fr\/wp-json\/wp\/v2\/tags?post=207826"}],"curies":[{"name":"wp","href":"https:\/\/api.w.org\/{rel}","templated":true}]}}