{"id":207824,"date":"2023-08-09T15:19:00","date_gmt":"2023-08-09T15:19:00","guid":{"rendered":"https:\/\/www.webdo.tn\/fr\/blog\/le-printemps-2023-parmi-les-plus-chauds\/207824\/"},"modified":"2025-05-20T22:57:19","modified_gmt":"2025-05-20T22:57:19","slug":"le-printemps-2023-parmi-les-plus-chauds","status":"publish","type":"post","link":"https:\/\/www.webdo.tn\/fr\/actualite\/national\/le-printemps-2023-parmi-les-plus-chauds\/207824\/","title":{"rendered":"Le printemps 2023, parmi les plus chauds"},"content":{"rendered":"<p>Dans un bulletin climatologique relatif au Printemps 2023 (sur la p\u00e9riode Mars \u2013 Avril &#8211; Mai) et publi\u00e9 hier, mardi 8 ao\u00fbt 2023, par l\u2019Institut national de la m\u00e9t\u00e9orologie (INM), le printemps 2023 a \u00e9t\u00e9 class\u00e9 dixi\u00e8me parmi les printemps les plus chauds, et ce, en raison de la chaleur excessive enregistr\u00e9e lors du mois de mars.<\/p>\n<p>\t\t\t\t\t\t\t\t\tLa moyenne globale saisonni\u00e8re de la temp\u00e9rature du printemps \u00e9tant relativement proche de la normale saisonni\u00e8re, au niveau mensuel, les \u00e9carts des moyennes par rapport aux normales \u00e9taient tr\u00e8s diff\u00e9rents sur les trois mois de la saison.<\/p>\n<p>En effet, le mois de mars a \u00e9t\u00e9 tr\u00e8s chaud et class\u00e9 deuxi\u00e8me mois de mars le plus chaud depuis 1950, avec une anomalie de +1.7\u00b0C, alors que la moyenne du mois de mai a \u00e9t\u00e9 inf\u00e9rieure \u00e0 la normale de 0.8\u00b0C.<\/p>\n<p>Pour ce qui est du mois d\u2019avril, il a \u00e9t\u00e9 marqu\u00e9 par un d\u00e9but de mois froid et une fin de mois tr\u00e8s chaude, au cours de laquelle des records de temp\u00e9rature ont \u00e9t\u00e9 par ailleurs enregistr\u00e9s.<\/p>\n<p>Pour la moyenne g\u00e9n\u00e9rale saisonni\u00e8re des 27 stations de r\u00e9f\u00e9rence, qui est de 18.5\u00b0C, elle \u00e9tait sup\u00e9rieure \u00e0 la normale de 0.6\u00b0C.<\/p>\n<p>Concernant la pluviom\u00e9trie, cette saison printani\u00e8re \u00e9tait caract\u00e9ris\u00e9e par un mois de mars tr\u00e8s sec et un mois de mai tr\u00e8s humide au cours duquel plusieurs records de cumul quotidien et mensuel de pluviom\u00e9trie ont \u00e9t\u00e9 enregistr\u00e9s.<\/p>\n<p>Ce qui a fait que le bilan g\u00e9n\u00e9ral de la saison a \u00e9t\u00e9 tr\u00e8s proche de la normale, alors que le bilan total des 27 stations principales de r\u00e9f\u00e9rence a \u00e9t\u00e9 de 2385 mm de pr\u00e9cipitations, soit un exc\u00e9dent de 10% par rapport \u00e0 la normale.<\/p>\n","protected":false},"excerpt":{"rendered":"<p>Le printemps 2023 a \u00e9t\u00e9 class\u00e9 dixi\u00e8me parmi les printemps les plus chauds, et ce, en raison de la chaleur excessive enregistr\u00e9e lors du mois de mars.<\/p>\n","protected":false},"author":3185,"featured_media":278611,"comment_status":"open","ping_status":"closed","sticky":false,"template":"","format":"standard","meta":{"footnotes":""},"categories":[44],"tags":[3319,9662,6388],"class_list":["post-207824","post","type-post","status-publish","format-standard","has-post-thumbnail","hentry","category-national","tag-chaleur","tag-printemps-2023","tag-record"],"yoast_head":"<!-- This site is optimized with the Yoast SEO Premium plugin v27.4 (Yoast SEO v27.5) - https:\/\/yoast.com\/product\/yoast-seo-premium-wordpress\/ -->\n<title>Le printemps 2023, parmi les plus chauds<\/title>\n<meta name=\"description\" content=\"Le printemps 2023 a \u00e9t\u00e9 class\u00e9 dixi\u00e8me parmi les printemps les plus chauds, et ce, en raison de la chaleur excessive enregistr\u00e9e lors du mois de mars.\" \/>\n<link rel=\"canonical\" href=\"https:\/\/www.webdo.tn\/fr\/actualite\/national\/le-printemps-2023-parmi-les-plus-chauds\/207824\/\" \/>\n<meta property=\"og:locale\" content=\"fr_FR\" \/>\n<meta property=\"og:type\" content=\"article\" \/>\n<meta property=\"og:title\" content=\"Le printemps 2023, parmi les plus chauds\" \/>\n<meta property=\"og:description\" content=\"Le printemps 2023 a \u00e9t\u00e9 class\u00e9 dixi\u00e8me parmi les printemps les plus chauds, et ce, en raison de la chaleur excessive enregistr\u00e9e lors du mois de mars.\" \/>\n<meta property=\"og:url\" content=\"https:\/\/www.webdo.tn\/fr\/actualite\/national\/le-printemps-2023-parmi-les-plus-chauds\/207824\/\" \/>\n<meta property=\"og:site_name\" content=\"webdo\" \/>\n<meta property=\"article:publisher\" content=\"https:\/\/www.facebook.com\/webdotn\" \/>\n<meta property=\"article:published_time\" content=\"2023-08-09T15:19:00+00:00\" \/>\n<meta property=\"article:modified_time\" content=\"2025-05-20T22:57:19+00:00\" \/>\n<meta property=\"og:image\" content=\"https:\/\/www.webdo.tn\/fr\/wp-content\/uploads\/2023\/08\/1056428a51698b918e25e94ab10feba7.jpg\" \/>\n\t<meta property=\"og:image:width\" content=\"750\" \/>\n\t<meta property=\"og:image:height\" content=\"400\" \/>\n\t<meta property=\"og:image:type\" content=\"image\/jpeg\" \/>\n<meta name=\"author\" content=\"WDA\" \/>\n<meta name=\"twitter:card\" content=\"summary_large_image\" \/>\n<meta name=\"twitter:creator\" content=\"@webdo_tn\" \/>\n<meta name=\"twitter:site\" content=\"@webdo_tn\" \/>\n<meta name=\"twitter:label1\" content=\"\u00c9crit par\" \/>\n\t<meta name=\"twitter:data1\" content=\"WDA\" \/>\n\t<meta name=\"twitter:label2\" content=\"Dur\u00e9e de lecture estim\u00e9e\" \/>\n\t<meta name=\"twitter:data2\" content=\"2 minutes\" \/>\n<script type=\"application\/ld+json\" class=\"yoast-schema-graph\">{\"@context\":\"https:\\\/\\\/schema.org\",\"@graph\":[{\"@type\":\"NewsArticle\",\"@id\":\"https:\\\/\\\/www.webdo.tn\\\/fr\\\/actualite\\\/national\\\/le-printemps-2023-parmi-les-plus-chauds\\\/207824\\\/#article\",\"isPartOf\":{\"@id\":\"https:\\\/\\\/www.webdo.tn\\\/fr\\\/actualite\\\/national\\\/le-printemps-2023-parmi-les-plus-chauds\\\/207824\\\/\"},\"author\":{\"name\":\"WDA\",\"@id\":\"https:\\\/\\\/www.webdo.tn\\\/fr\\\/#\\\/schema\\\/person\\\/ae999f6cc68c323955dd7bb23b41f2dd\"},\"headline\":\"Le printemps 2023, parmi les plus chauds\",\"datePublished\":\"2023-08-09T15:19:00+00:00\",\"dateModified\":\"2025-05-20T22:57:19+00:00\",\"mainEntityOfPage\":{\"@id\":\"https:\\\/\\\/www.webdo.tn\\\/fr\\\/actualite\\\/national\\\/le-printemps-2023-parmi-les-plus-chauds\\\/207824\\\/\"},\"wordCount\":312,\"commentCount\":0,\"publisher\":{\"@id\":\"https:\\\/\\\/www.webdo.tn\\\/fr\\\/#organization\"},\"image\":{\"@id\":\"https:\\\/\\\/www.webdo.tn\\\/fr\\\/actualite\\\/national\\\/le-printemps-2023-parmi-les-plus-chauds\\\/207824\\\/#primaryimage\"},\"thumbnailUrl\":\"https:\\\/\\\/www.webdo.tn\\\/fr\\\/wp-content\\\/uploads\\\/2023\\\/08\\\/1056428a51698b918e25e94ab10feba7.jpg\",\"keywords\":[\"chaleur\",\"Printemps 2023\",\"record\"],\"articleSection\":[\"National\"],\"inLanguage\":\"fr-FR\"},{\"@type\":\"WebPage\",\"@id\":\"https:\\\/\\\/www.webdo.tn\\\/fr\\\/actualite\\\/national\\\/le-printemps-2023-parmi-les-plus-chauds\\\/207824\\\/\",\"url\":\"https:\\\/\\\/www.webdo.tn\\\/fr\\\/actualite\\\/national\\\/le-printemps-2023-parmi-les-plus-chauds\\\/207824\\\/\",\"name\":\"Le printemps 2023, parmi les plus chauds\",\"isPartOf\":{\"@id\":\"https:\\\/\\\/www.webdo.tn\\\/fr\\\/#website\"},\"primaryImageOfPage\":{\"@id\":\"https:\\\/\\\/www.webdo.tn\\\/fr\\\/actualite\\\/national\\\/le-printemps-2023-parmi-les-plus-chauds\\\/207824\\\/#primaryimage\"},\"image\":{\"@id\":\"https:\\\/\\\/www.webdo.tn\\\/fr\\\/actualite\\\/national\\\/le-printemps-2023-parmi-les-plus-chauds\\\/207824\\\/#primaryimage\"},\"thumbnailUrl\":\"https:\\\/\\\/www.webdo.tn\\\/fr\\\/wp-content\\\/uploads\\\/2023\\\/08\\\/1056428a51698b918e25e94ab10feba7.jpg\",\"datePublished\":\"2023-08-09T15:19:00+00:00\",\"dateModified\":\"2025-05-20T22:57:19+00:00\",\"description\":\"Le printemps 2023 a \u00e9t\u00e9 class\u00e9 dixi\u00e8me parmi les printemps les plus chauds, et ce, en raison de la chaleur excessive enregistr\u00e9e lors du mois de mars.\",\"breadcrumb\":{\"@id\":\"https:\\\/\\\/www.webdo.tn\\\/fr\\\/actualite\\\/national\\\/le-printemps-2023-parmi-les-plus-chauds\\\/207824\\\/#breadcrumb\"},\"inLanguage\":\"fr-FR\",\"potentialAction\":[{\"@type\":\"ReadAction\",\"target\":[\"https:\\\/\\\/www.webdo.tn\\\/fr\\\/actualite\\\/national\\\/le-printemps-2023-parmi-les-plus-chauds\\\/207824\\\/\"]}]},{\"@type\":\"ImageObject\",\"inLanguage\":\"fr-FR\",\"@id\":\"https:\\\/\\\/www.webdo.tn\\\/fr\\\/actualite\\\/national\\\/le-printemps-2023-parmi-les-plus-chauds\\\/207824\\\/#primaryimage\",\"url\":\"https:\\\/\\\/www.webdo.tn\\\/fr\\\/wp-content\\\/uploads\\\/2023\\\/08\\\/1056428a51698b918e25e94ab10feba7.jpg\",\"contentUrl\":\"https:\\\/\\\/www.webdo.tn\\\/fr\\\/wp-content\\\/uploads\\\/2023\\\/08\\\/1056428a51698b918e25e94ab10feba7.jpg\",\"width\":750,\"height\":400,\"caption\":\"Le printemps 2023, parmi les plus chauds\"},{\"@type\":\"BreadcrumbList\",\"@id\":\"https:\\\/\\\/www.webdo.tn\\\/fr\\\/actualite\\\/national\\\/le-printemps-2023-parmi-les-plus-chauds\\\/207824\\\/#breadcrumb\",\"itemListElement\":[{\"@type\":\"ListItem\",\"position\":1,\"name\":\"Accueil\",\"item\":\"https:\\\/\\\/www.webdo.tn\\\/fr\\\/\"},{\"@type\":\"ListItem\",\"position\":2,\"name\":\"Le printemps 2023, parmi les plus chauds\"}]},{\"@type\":\"WebSite\",\"@id\":\"https:\\\/\\\/www.webdo.tn\\\/fr\\\/#website\",\"url\":\"https:\\\/\\\/www.webdo.tn\\\/fr\\\/\",\"name\":\"webdo\",\"description\":\"Tunisie - News en Tunisie et \u00e0 l&#039;international sur Webdo.tn\",\"publisher\":{\"@id\":\"https:\\\/\\\/www.webdo.tn\\\/fr\\\/#organization\"},\"potentialAction\":[{\"@type\":\"SearchAction\",\"target\":{\"@type\":\"EntryPoint\",\"urlTemplate\":\"https:\\\/\\\/www.webdo.tn\\\/fr\\\/?s={search_term_string}\"},\"query-input\":{\"@type\":\"PropertyValueSpecification\",\"valueRequired\":true,\"valueName\":\"search_term_string\"}}],\"inLanguage\":\"fr-FR\"},{\"@type\":\"Organization\",\"@id\":\"https:\\\/\\\/www.webdo.tn\\\/fr\\\/#organization\",\"name\":\"Webdo\",\"alternateName\":\"Webdo.tn\",\"url\":\"https:\\\/\\\/www.webdo.tn\\\/fr\\\/\",\"logo\":{\"@type\":\"ImageObject\",\"inLanguage\":\"fr-FR\",\"@id\":\"https:\\\/\\\/www.webdo.tn\\\/fr\\\/#\\\/schema\\\/logo\\\/image\\\/\",\"url\":\"https:\\\/\\\/www.webdo.tn\\\/fr\\\/wp-content\\\/uploads\\\/2025\\\/06\\\/Webdo-Tunisie_168377.jpg\",\"contentUrl\":\"https:\\\/\\\/www.webdo.tn\\\/fr\\\/wp-content\\\/uploads\\\/2025\\\/06\\\/Webdo-Tunisie_168377.jpg\",\"width\":301,\"height\":301,\"caption\":\"Webdo\"},\"image\":{\"@id\":\"https:\\\/\\\/www.webdo.tn\\\/fr\\\/#\\\/schema\\\/logo\\\/image\\\/\"},\"sameAs\":[\"https:\\\/\\\/www.facebook.com\\\/webdotn\",\"https:\\\/\\\/x.com\\\/webdo_tn\"],\"description\":\"Webdo est un m\u00e9dia num\u00e9rique tunisien fond\u00e9 en 2010, sp\u00e9cialis\u00e9 dans l\u2019actualit\u00e9 nationale et internationale, l\u2019\u00e9conomie, la soci\u00e9t\u00e9 et les analyses politiques. Le site s\u2019adresse \u00e0 un large public francophone et couvre l\u2019information tunisienne en temps r\u00e9el.\",\"email\":\"redac@webdo.tn\",\"legalName\":\"YNJ SARL\",\"foundingDate\":\"2010-09-06\",\"numberOfEmployees\":{\"@type\":\"QuantitativeValue\",\"minValue\":\"11\",\"maxValue\":\"50\"}},{\"@type\":\"Person\",\"@id\":\"https:\\\/\\\/www.webdo.tn\\\/fr\\\/#\\\/schema\\\/person\\\/ae999f6cc68c323955dd7bb23b41f2dd\",\"name\":\"WDA\",\"image\":{\"@type\":\"ImageObject\",\"inLanguage\":\"fr-FR\",\"@id\":\"https:\\\/\\\/secure.gravatar.com\\\/avatar\\\/008e9c4da3bbf467e76fbd05ea8a140d6f047be3ff32b495e3a42ecd99d95622?s=96&d=mm&r=g\",\"url\":\"https:\\\/\\\/secure.gravatar.com\\\/avatar\\\/008e9c4da3bbf467e76fbd05ea8a140d6f047be3ff32b495e3a42ecd99d95622?s=96&d=mm&r=g\",\"contentUrl\":\"https:\\\/\\\/secure.gravatar.com\\\/avatar\\\/008e9c4da3bbf467e76fbd05ea8a140d6f047be3ff32b495e3a42ecd99d95622?s=96&d=mm&r=g\",\"caption\":\"WDA\"},\"url\":\"https:\\\/\\\/www.webdo.tn\\\/fr\\\/actualite\\\/author\\\/wda\\\/\"}]}<\/script>\n<!-- \/ Yoast SEO Premium plugin. -->","yoast_head_json":{"title":"Le printemps 2023, parmi les plus chauds","description":"Le printemps 2023 a \u00e9t\u00e9 class\u00e9 dixi\u00e8me parmi les printemps les plus chauds, et ce, en raison de la chaleur excessive enregistr\u00e9e lors du mois de mars.","canonical":"https:\/\/www.webdo.tn\/fr\/actualite\/national\/le-printemps-2023-parmi-les-plus-chauds\/207824\/","og_locale":"fr_FR","og_type":"article","og_title":"Le printemps 2023, parmi les plus chauds","og_description":"Le printemps 2023 a \u00e9t\u00e9 class\u00e9 dixi\u00e8me parmi les printemps les plus chauds, et ce, en raison de la chaleur excessive enregistr\u00e9e lors du mois de mars.","og_url":"https:\/\/www.webdo.tn\/fr\/actualite\/national\/le-printemps-2023-parmi-les-plus-chauds\/207824\/","og_site_name":"webdo","article_publisher":"https:\/\/www.facebook.com\/webdotn","article_published_time":"2023-08-09T15:19:00+00:00","article_modified_time":"2025-05-20T22:57:19+00:00","og_image":[{"width":750,"height":400,"url":"https:\/\/www.webdo.tn\/fr\/wp-content\/uploads\/2023\/08\/1056428a51698b918e25e94ab10feba7.jpg","type":"image\/jpeg"}],"author":"WDA","twitter_card":"summary_large_image","twitter_creator":"@webdo_tn","twitter_site":"@webdo_tn","twitter_misc":{"\u00c9crit par":"WDA","Dur\u00e9e de lecture estim\u00e9e":"2 minutes"},"schema":{"@context":"https:\/\/schema.org","@graph":[{"@type":"NewsArticle","@id":"https:\/\/www.webdo.tn\/fr\/actualite\/national\/le-printemps-2023-parmi-les-plus-chauds\/207824\/#article","isPartOf":{"@id":"https:\/\/www.webdo.tn\/fr\/actualite\/national\/le-printemps-2023-parmi-les-plus-chauds\/207824\/"},"author":{"name":"WDA","@id":"https:\/\/www.webdo.tn\/fr\/#\/schema\/person\/ae999f6cc68c323955dd7bb23b41f2dd"},"headline":"Le printemps 2023, parmi les plus chauds","datePublished":"2023-08-09T15:19:00+00:00","dateModified":"2025-05-20T22:57:19+00:00","mainEntityOfPage":{"@id":"https:\/\/www.webdo.tn\/fr\/actualite\/national\/le-printemps-2023-parmi-les-plus-chauds\/207824\/"},"wordCount":312,"commentCount":0,"publisher":{"@id":"https:\/\/www.webdo.tn\/fr\/#organization"},"image":{"@id":"https:\/\/www.webdo.tn\/fr\/actualite\/national\/le-printemps-2023-parmi-les-plus-chauds\/207824\/#primaryimage"},"thumbnailUrl":"https:\/\/www.webdo.tn\/fr\/wp-content\/uploads\/2023\/08\/1056428a51698b918e25e94ab10feba7.jpg","keywords":["chaleur","Printemps 2023","record"],"articleSection":["National"],"inLanguage":"fr-FR"},{"@type":"WebPage","@id":"https:\/\/www.webdo.tn\/fr\/actualite\/national\/le-printemps-2023-parmi-les-plus-chauds\/207824\/","url":"https:\/\/www.webdo.tn\/fr\/actualite\/national\/le-printemps-2023-parmi-les-plus-chauds\/207824\/","name":"Le printemps 2023, parmi les plus chauds","isPartOf":{"@id":"https:\/\/www.webdo.tn\/fr\/#website"},"primaryImageOfPage":{"@id":"https:\/\/www.webdo.tn\/fr\/actualite\/national\/le-printemps-2023-parmi-les-plus-chauds\/207824\/#primaryimage"},"image":{"@id":"https:\/\/www.webdo.tn\/fr\/actualite\/national\/le-printemps-2023-parmi-les-plus-chauds\/207824\/#primaryimage"},"thumbnailUrl":"https:\/\/www.webdo.tn\/fr\/wp-content\/uploads\/2023\/08\/1056428a51698b918e25e94ab10feba7.jpg","datePublished":"2023-08-09T15:19:00+00:00","dateModified":"2025-05-20T22:57:19+00:00","description":"Le printemps 2023 a \u00e9t\u00e9 class\u00e9 dixi\u00e8me parmi les printemps les plus chauds, et ce, en raison de la chaleur excessive enregistr\u00e9e lors du mois de mars.","breadcrumb":{"@id":"https:\/\/www.webdo.tn\/fr\/actualite\/national\/le-printemps-2023-parmi-les-plus-chauds\/207824\/#breadcrumb"},"inLanguage":"fr-FR","potentialAction":[{"@type":"ReadAction","target":["https:\/\/www.webdo.tn\/fr\/actualite\/national\/le-printemps-2023-parmi-les-plus-chauds\/207824\/"]}]},{"@type":"ImageObject","inLanguage":"fr-FR","@id":"https:\/\/www.webdo.tn\/fr\/actualite\/national\/le-printemps-2023-parmi-les-plus-chauds\/207824\/#primaryimage","url":"https:\/\/www.webdo.tn\/fr\/wp-content\/uploads\/2023\/08\/1056428a51698b918e25e94ab10feba7.jpg","contentUrl":"https:\/\/www.webdo.tn\/fr\/wp-content\/uploads\/2023\/08\/1056428a51698b918e25e94ab10feba7.jpg","width":750,"height":400,"caption":"Le printemps 2023, parmi les plus chauds"},{"@type":"BreadcrumbList","@id":"https:\/\/www.webdo.tn\/fr\/actualite\/national\/le-printemps-2023-parmi-les-plus-chauds\/207824\/#breadcrumb","itemListElement":[{"@type":"ListItem","position":1,"name":"Accueil","item":"https:\/\/www.webdo.tn\/fr\/"},{"@type":"ListItem","position":2,"name":"Le printemps 2023, parmi les plus chauds"}]},{"@type":"WebSite","@id":"https:\/\/www.webdo.tn\/fr\/#website","url":"https:\/\/www.webdo.tn\/fr\/","name":"webdo","description":"Tunisie - News en Tunisie et \u00e0 l&#039;international sur Webdo.tn","publisher":{"@id":"https:\/\/www.webdo.tn\/fr\/#organization"},"potentialAction":[{"@type":"SearchAction","target":{"@type":"EntryPoint","urlTemplate":"https:\/\/www.webdo.tn\/fr\/?s={search_term_string}"},"query-input":{"@type":"PropertyValueSpecification","valueRequired":true,"valueName":"search_term_string"}}],"inLanguage":"fr-FR"},{"@type":"Organization","@id":"https:\/\/www.webdo.tn\/fr\/#organization","name":"Webdo","alternateName":"Webdo.tn","url":"https:\/\/www.webdo.tn\/fr\/","logo":{"@type":"ImageObject","inLanguage":"fr-FR","@id":"https:\/\/www.webdo.tn\/fr\/#\/schema\/logo\/image\/","url":"https:\/\/www.webdo.tn\/fr\/wp-content\/uploads\/2025\/06\/Webdo-Tunisie_168377.jpg","contentUrl":"https:\/\/www.webdo.tn\/fr\/wp-content\/uploads\/2025\/06\/Webdo-Tunisie_168377.jpg","width":301,"height":301,"caption":"Webdo"},"image":{"@id":"https:\/\/www.webdo.tn\/fr\/#\/schema\/logo\/image\/"},"sameAs":["https:\/\/www.facebook.com\/webdotn","https:\/\/x.com\/webdo_tn"],"description":"Webdo est un m\u00e9dia num\u00e9rique tunisien fond\u00e9 en 2010, sp\u00e9cialis\u00e9 dans l\u2019actualit\u00e9 nationale et internationale, l\u2019\u00e9conomie, la soci\u00e9t\u00e9 et les analyses politiques. Le site s\u2019adresse \u00e0 un large public francophone et couvre l\u2019information tunisienne en temps r\u00e9el.","email":"redac@webdo.tn","legalName":"YNJ SARL","foundingDate":"2010-09-06","numberOfEmployees":{"@type":"QuantitativeValue","minValue":"11","maxValue":"50"}},{"@type":"Person","@id":"https:\/\/www.webdo.tn\/fr\/#\/schema\/person\/ae999f6cc68c323955dd7bb23b41f2dd","name":"WDA","image":{"@type":"ImageObject","inLanguage":"fr-FR","@id":"https:\/\/secure.gravatar.com\/avatar\/008e9c4da3bbf467e76fbd05ea8a140d6f047be3ff32b495e3a42ecd99d95622?s=96&d=mm&r=g","url":"https:\/\/secure.gravatar.com\/avatar\/008e9c4da3bbf467e76fbd05ea8a140d6f047be3ff32b495e3a42ecd99d95622?s=96&d=mm&r=g","contentUrl":"https:\/\/secure.gravatar.com\/avatar\/008e9c4da3bbf467e76fbd05ea8a140d6f047be3ff32b495e3a42ecd99d95622?s=96&d=mm&r=g","caption":"WDA"},"url":"https:\/\/www.webdo.tn\/fr\/actualite\/author\/wda\/"}]}},"_links":{"self":[{"href":"https:\/\/www.webdo.tn\/fr\/wp-json\/wp\/v2\/posts\/207824","targetHints":{"allow":["GET"]}}],"collection":[{"href":"https:\/\/www.webdo.tn\/fr\/wp-json\/wp\/v2\/posts"}],"about":[{"href":"https:\/\/www.webdo.tn\/fr\/wp-json\/wp\/v2\/types\/post"}],"author":[{"embeddable":true,"href":"https:\/\/www.webdo.tn\/fr\/wp-json\/wp\/v2\/users\/3185"}],"replies":[{"embeddable":true,"href":"https:\/\/www.webdo.tn\/fr\/wp-json\/wp\/v2\/comments?post=207824"}],"version-history":[{"count":0,"href":"https:\/\/www.webdo.tn\/fr\/wp-json\/wp\/v2\/posts\/207824\/revisions"}],"wp:featuredmedia":[{"embeddable":true,"href":"https:\/\/www.webdo.tn\/fr\/wp-json\/wp\/v2\/media\/278611"}],"wp:attachment":[{"href":"https:\/\/www.webdo.tn\/fr\/wp-json\/wp\/v2\/media?parent=207824"}],"wp:term":[{"taxonomy":"category","embeddable":true,"href":"https:\/\/www.webdo.tn\/fr\/wp-json\/wp\/v2\/categories?post=207824"},{"taxonomy":"post_tag","embeddable":true,"href":"https:\/\/www.webdo.tn\/fr\/wp-json\/wp\/v2\/tags?post=207824"}],"curies":[{"name":"wp","href":"https:\/\/api.w.org\/{rel}","templated":true}]}}