{"id":207813,"date":"2023-08-09T11:39:00","date_gmt":"2023-08-09T11:39:00","guid":{"rendered":"https:\/\/www.webdo.tn\/fr\/blog\/a-saint-joseph-paroisse-catholique-de-la-petite-sicile\/207813\/"},"modified":"2023-08-09T11:39:00","modified_gmt":"2023-08-09T11:39:00","slug":"a-saint-joseph-paroisse-catholique-de-la-petite-sicile","status":"publish","type":"post","link":"https:\/\/www.webdo.tn\/fr\/actualite\/chroniques\/a-saint-joseph-paroisse-catholique-de-la-petite-sicile\/207813\/","title":{"rendered":"\u00c0 Saint-Joseph, paroisse catholique de la Petite Sicile"},"content":{"rendered":"<p>Traverser l&rsquo;avenue Bourguiba et, \u00e0 l&rsquo;ombre de la silhouette bleue de l&rsquo;Africa, faire quelques pas dans le quartier de la Petite Sicile.<\/p>\n<p>\t\t\t\t\t\t\t\t\t\u00c0 l&rsquo;origine, ce lotissement gagn\u00e9 sur le lac et les mar\u00e9cages, par la mythique signora Fasciotti, \u00e9tait occup\u00e9 par des baraques en bois et des abris de fortune. De nombreux Siciliens s&rsquo;\u00e9taient install\u00e9s dans ces lieux encore inhospitaliers, avec la b\u00e9n\u00e9diction de celle que tous nommaient la Signora et qui n&rsquo;avait cess\u00e9 de combler la lagune avec les remblais qu&rsquo;elle r\u00e9cup\u00e9ra \u00e0 travers les chantiers de la m\u00e9dina.\u00a0<\/p>\n<p>En quelques ann\u00e9es, un quartier neuf allait surgir entre le port, le quartier des entrep\u00f4ts et le c\u0153ur du centre-ville. Articul\u00e9e sur la longue rue du Portugal, l&rsquo;avenue de Carthage et un r\u00e9seau d&rsquo;art\u00e8res en damier, la Petite Sicile de Tunis \u00e9tait n\u00e9e.\u00a0<\/p>\n<p>Les immeubles de rapport allaient pousser nombreux, avec un chapelet de guinguettes, quelques \u00ab\u00a0putie\u00a0\u00bb, ces \u00e9piceries de proximit\u00e9 et d&rsquo;autres commerces qui allaient constituer la trame de ce nouveau quartier b\u00e2ti par les mains rugueuses des ma\u00e7ons de Trapani ou Palerme.\u00a0<\/p>\n<p>Une \u00e9glise n&rsquo;allait pas tarder \u00e0 voir le jour sur un terrain c\u00e9d\u00e9 par la Signora. Confi\u00e9 \u00e0 l&rsquo;entrepreneur Isidorio D\u00e9siato, le chantier allait n\u00e9cessiter deux ann\u00e9es de travaux. Le 13 avril 1913, en p\u00e9riode pascale, la nouvelle \u00e9glise verra le jour et restera une annexe de la cath\u00e9drale jusqu&rsquo;\u00e0 l&rsquo;ann\u00e9e 1930 lorsqu&rsquo;elle deviendra une paroisse \u00e0 part enti\u00e8re.\u00a0<\/p>\n<p>\u00ab\u00a0Putia\u00a0\u00bb, \u00e9picerie sicilienne<\/p>\n<p>\u00a0<\/p>\n<p>D\u00e9di\u00e9e \u00e0 Saint Joseph, la nouvelle paroisse sera dirig\u00e9e par les p\u00e8res de Notre-Dame de Sion et agrandie par leurs soins. C&rsquo;est depuis cette \u00e9poque que le modeste \u00e9difice initial a pris ses proportions actuelles. Men\u00e9s par l&rsquo;architecte Radicioni, les travaux allaient aboutir en 1941 \u00e0 l&rsquo;\u00e9glise telle que nous la connaissons.\u00a0<br \/>\nEn 1950, deux cloches et un orgue allaient rejoindre au sein de cette \u00e9glise la statue de Saint-Joseph qui s&rsquo;y trouvait depuis 1913. Les anciens de la Petite Sicile se souviennent certainement de la procession organis\u00e9e chaque ann\u00e9e dans le quartier pour c\u00e9l\u00e9brer Saint- Joseph ou encore de la kermesse annuelle qui mobilisait tout le quartier.\u00a0<\/p>\n<p>La m\u00e9moire de cette paroisse qui s&rsquo;est \u00e9teinte en 1964 comme nombre d&rsquo;\u00e9glises de Tunisie, se souvient aussi du p\u00e8re Leroux et du p\u00e8re Roug\u00e9, premiers cur\u00e9s de l&rsquo;\u00e9glise en 1930, du p\u00e8re Garifo et du p\u00e8re Hingra qui offici\u00e8rent au d\u00e9but des ann\u00e9es 1940, du p\u00e8re Louis Mangani qui a marqu\u00e9 de son empreinte ce lieu de culte pour des d\u00e9cennies et aussi de l&rsquo;abb\u00e9 Gaston Aquilina qui fut le b\u00e2tisseur de l&rsquo;\u00e9cole Nazareth qui jouxte l&rsquo;\u00e9glise et continue \u00e0 exister de nos jours.\u00a0<\/p>\n<p>Communion \u00e0 Saint-Joseph, famille Maggio<\/p>\n<p>\u00a0<\/p>\n<p>Aujourd&rsquo;hui, un m\u00e9daillon repr\u00e9sentant Saint-Joseph et la silhouette de l&rsquo;ancien clocher t\u00e9moignent du pass\u00e9 eccl\u00e9siastique de ce qui est aujourd&rsquo;hui le si\u00e8ge du Centre culturel universitaire apr\u00e8s avoir \u00e9t\u00e9 le restaurant universitaire Houssine Bouzaiane.\u00a0<\/p>\n<p>Le quartier de la Petite Sicile a pour sa part chang\u00e9 d&rsquo;identit\u00e9. Exit les Dainotto, Mineo, Santonocitto et Di Trapani. Exit les garages o\u00f9 l&rsquo;on venait r\u00e9parer les automobiles et les troquets o\u00f9 l&rsquo;on prenait un verre au comptoir. Exit la vie sicilienne et demeure l&rsquo;ombre d&rsquo;une \u00e9glise qui aura v\u00e9cu un demi-si\u00e8cle et brass\u00e9 joie et ferveur.<br \/>\n\u00a0<\/p>\n<p>\u00a0<\/p>\n<p>H.B.<\/p>\n","protected":false},"excerpt":{"rendered":"<p>Traverser l&rsquo;avenue Bourguiba et, \u00e0 l&rsquo;ombre de la silhouette bleue de l&rsquo;Africa, faire quelques pas dans le quartier de la Petite Sicile.<\/p>\n","protected":false},"author":3229,"featured_media":249598,"comment_status":"open","ping_status":"closed","sticky":false,"template":"","format":"standard","meta":{"footnotes":""},"categories":[2596],"tags":[6002,3364,5983,2608],"class_list":["post-207813","post","type-post","status-publish","format-standard","has-post-thumbnail","hentry","category-chroniques","tag-hatem-bourial","tag-histoire","tag-petite-sicile","tag-tunisie"],"yoast_head":"<!-- This site is optimized with the Yoast SEO Premium plugin v27.5 (Yoast SEO v27.5) - https:\/\/yoast.com\/product\/yoast-seo-premium-wordpress\/ -->\n<title>\u00c0 Saint-Joseph, paroisse catholique de la Petite Sicile<\/title>\n<meta name=\"description\" content=\"Traverser l&#039;avenue Bourguiba et, \u00e0 l&#039;ombre de la silhouette bleue de l&#039;Africa, faire quelques pas dans le quartier de la Petite Sicile.\" \/>\n<link rel=\"canonical\" href=\"https:\/\/www.webdo.tn\/fr\/actualite\/chroniques\/a-saint-joseph-paroisse-catholique-de-la-petite-sicile\/207813\/\" \/>\n<meta property=\"og:locale\" content=\"fr_FR\" \/>\n<meta property=\"og:type\" content=\"article\" \/>\n<meta property=\"og:title\" content=\"\u00c0 Saint-Joseph, paroisse catholique de la Petite Sicile\" \/>\n<meta property=\"og:description\" content=\"Traverser l&#039;avenue Bourguiba et, \u00e0 l&#039;ombre de la silhouette bleue de l&#039;Africa, faire quelques pas dans le quartier de la Petite Sicile.\" \/>\n<meta property=\"og:url\" content=\"https:\/\/www.webdo.tn\/fr\/actualite\/chroniques\/a-saint-joseph-paroisse-catholique-de-la-petite-sicile\/207813\/\" \/>\n<meta property=\"og:site_name\" content=\"webdo\" \/>\n<meta property=\"article:publisher\" content=\"https:\/\/www.facebook.com\/webdotn\" \/>\n<meta property=\"article:author\" content=\"https:\/\/www.facebook.com\/hatem.bourial.2025\" \/>\n<meta property=\"article:published_time\" content=\"2023-08-09T11:39:00+00:00\" \/>\n<meta property=\"og:image\" content=\"https:\/\/www.webdo.tn\/fr\/wp-content\/uploads\/2023\/08\/04dfd25f2efd406959482152388fb9cf.jpg\" \/>\n\t<meta property=\"og:image:width\" content=\"750\" \/>\n\t<meta property=\"og:image:height\" content=\"400\" \/>\n\t<meta property=\"og:image:type\" content=\"image\/jpeg\" \/>\n<meta name=\"author\" content=\"Hatem Bourial\" \/>\n<meta name=\"twitter:card\" content=\"summary_large_image\" \/>\n<meta name=\"twitter:creator\" content=\"@webdo_tn\" \/>\n<meta name=\"twitter:site\" content=\"@webdo_tn\" \/>\n<meta name=\"twitter:label1\" content=\"\u00c9crit par\" \/>\n\t<meta name=\"twitter:data1\" content=\"Hatem Bourial\" \/>\n\t<meta name=\"twitter:label2\" content=\"Dur\u00e9e de lecture estim\u00e9e\" \/>\n\t<meta name=\"twitter:data2\" content=\"3 minutes\" \/>\n<script type=\"application\/ld+json\" class=\"yoast-schema-graph\">{\"@context\":\"https:\\\/\\\/schema.org\",\"@graph\":[{\"@type\":\"NewsArticle\",\"@id\":\"https:\\\/\\\/www.webdo.tn\\\/fr\\\/actualite\\\/chroniques\\\/a-saint-joseph-paroisse-catholique-de-la-petite-sicile\\\/207813\\\/#article\",\"isPartOf\":{\"@id\":\"https:\\\/\\\/www.webdo.tn\\\/fr\\\/actualite\\\/chroniques\\\/a-saint-joseph-paroisse-catholique-de-la-petite-sicile\\\/207813\\\/\"},\"author\":{\"name\":\"Hatem Bourial\",\"@id\":\"https:\\\/\\\/www.webdo.tn\\\/fr\\\/#\\\/schema\\\/person\\\/6bc0beba2cd23aec27cb5df85ca2554f\"},\"headline\":\"\u00c0 Saint-Joseph, paroisse catholique de la Petite Sicile\",\"datePublished\":\"2023-08-09T11:39:00+00:00\",\"mainEntityOfPage\":{\"@id\":\"https:\\\/\\\/www.webdo.tn\\\/fr\\\/actualite\\\/chroniques\\\/a-saint-joseph-paroisse-catholique-de-la-petite-sicile\\\/207813\\\/\"},\"wordCount\":602,\"commentCount\":0,\"publisher\":{\"@id\":\"https:\\\/\\\/www.webdo.tn\\\/fr\\\/#organization\"},\"image\":{\"@id\":\"https:\\\/\\\/www.webdo.tn\\\/fr\\\/actualite\\\/chroniques\\\/a-saint-joseph-paroisse-catholique-de-la-petite-sicile\\\/207813\\\/#primaryimage\"},\"thumbnailUrl\":\"https:\\\/\\\/www.webdo.tn\\\/fr\\\/wp-content\\\/uploads\\\/2023\\\/08\\\/04dfd25f2efd406959482152388fb9cf.jpg\",\"keywords\":[\"hatem bourial\",\"histoire\",\"Petite Sicile\",\"Tunisie\"],\"articleSection\":[\"Chroniques\"],\"inLanguage\":\"fr-FR\"},{\"@type\":\"WebPage\",\"@id\":\"https:\\\/\\\/www.webdo.tn\\\/fr\\\/actualite\\\/chroniques\\\/a-saint-joseph-paroisse-catholique-de-la-petite-sicile\\\/207813\\\/\",\"url\":\"https:\\\/\\\/www.webdo.tn\\\/fr\\\/actualite\\\/chroniques\\\/a-saint-joseph-paroisse-catholique-de-la-petite-sicile\\\/207813\\\/\",\"name\":\"\u00c0 Saint-Joseph, paroisse catholique de la Petite Sicile\",\"isPartOf\":{\"@id\":\"https:\\\/\\\/www.webdo.tn\\\/fr\\\/#website\"},\"primaryImageOfPage\":{\"@id\":\"https:\\\/\\\/www.webdo.tn\\\/fr\\\/actualite\\\/chroniques\\\/a-saint-joseph-paroisse-catholique-de-la-petite-sicile\\\/207813\\\/#primaryimage\"},\"image\":{\"@id\":\"https:\\\/\\\/www.webdo.tn\\\/fr\\\/actualite\\\/chroniques\\\/a-saint-joseph-paroisse-catholique-de-la-petite-sicile\\\/207813\\\/#primaryimage\"},\"thumbnailUrl\":\"https:\\\/\\\/www.webdo.tn\\\/fr\\\/wp-content\\\/uploads\\\/2023\\\/08\\\/04dfd25f2efd406959482152388fb9cf.jpg\",\"datePublished\":\"2023-08-09T11:39:00+00:00\",\"description\":\"Traverser l'avenue Bourguiba et, \u00e0 l'ombre de la silhouette bleue de l'Africa, faire quelques pas dans le quartier de la Petite Sicile.\",\"breadcrumb\":{\"@id\":\"https:\\\/\\\/www.webdo.tn\\\/fr\\\/actualite\\\/chroniques\\\/a-saint-joseph-paroisse-catholique-de-la-petite-sicile\\\/207813\\\/#breadcrumb\"},\"inLanguage\":\"fr-FR\",\"potentialAction\":[{\"@type\":\"ReadAction\",\"target\":[\"https:\\\/\\\/www.webdo.tn\\\/fr\\\/actualite\\\/chroniques\\\/a-saint-joseph-paroisse-catholique-de-la-petite-sicile\\\/207813\\\/\"]}]},{\"@type\":\"ImageObject\",\"inLanguage\":\"fr-FR\",\"@id\":\"https:\\\/\\\/www.webdo.tn\\\/fr\\\/actualite\\\/chroniques\\\/a-saint-joseph-paroisse-catholique-de-la-petite-sicile\\\/207813\\\/#primaryimage\",\"url\":\"https:\\\/\\\/www.webdo.tn\\\/fr\\\/wp-content\\\/uploads\\\/2023\\\/08\\\/04dfd25f2efd406959482152388fb9cf.jpg\",\"contentUrl\":\"https:\\\/\\\/www.webdo.tn\\\/fr\\\/wp-content\\\/uploads\\\/2023\\\/08\\\/04dfd25f2efd406959482152388fb9cf.jpg\",\"width\":750,\"height\":400,\"caption\":\"\u00c0 Saint-Joseph, paroisse catholique de la Petite Sicile\"},{\"@type\":\"BreadcrumbList\",\"@id\":\"https:\\\/\\\/www.webdo.tn\\\/fr\\\/actualite\\\/chroniques\\\/a-saint-joseph-paroisse-catholique-de-la-petite-sicile\\\/207813\\\/#breadcrumb\",\"itemListElement\":[{\"@type\":\"ListItem\",\"position\":1,\"name\":\"Accueil\",\"item\":\"https:\\\/\\\/www.webdo.tn\\\/fr\\\/\"},{\"@type\":\"ListItem\",\"position\":2,\"name\":\"\u00c0 Saint-Joseph, paroisse catholique de la Petite Sicile\"}]},{\"@type\":\"WebSite\",\"@id\":\"https:\\\/\\\/www.webdo.tn\\\/fr\\\/#website\",\"url\":\"https:\\\/\\\/www.webdo.tn\\\/fr\\\/\",\"name\":\"webdo\",\"description\":\"Tunisie - News en Tunisie et \u00e0 l&#039;international sur Webdo.tn\",\"publisher\":{\"@id\":\"https:\\\/\\\/www.webdo.tn\\\/fr\\\/#organization\"},\"potentialAction\":[{\"@type\":\"SearchAction\",\"target\":{\"@type\":\"EntryPoint\",\"urlTemplate\":\"https:\\\/\\\/www.webdo.tn\\\/fr\\\/?s={search_term_string}\"},\"query-input\":{\"@type\":\"PropertyValueSpecification\",\"valueRequired\":true,\"valueName\":\"search_term_string\"}}],\"inLanguage\":\"fr-FR\"},{\"@type\":\"Organization\",\"@id\":\"https:\\\/\\\/www.webdo.tn\\\/fr\\\/#organization\",\"name\":\"Webdo\",\"alternateName\":\"Webdo.tn\",\"url\":\"https:\\\/\\\/www.webdo.tn\\\/fr\\\/\",\"logo\":{\"@type\":\"ImageObject\",\"inLanguage\":\"fr-FR\",\"@id\":\"https:\\\/\\\/www.webdo.tn\\\/fr\\\/#\\\/schema\\\/logo\\\/image\\\/\",\"url\":\"https:\\\/\\\/www.webdo.tn\\\/fr\\\/wp-content\\\/uploads\\\/2025\\\/06\\\/Webdo-Tunisie_168377.jpg\",\"contentUrl\":\"https:\\\/\\\/www.webdo.tn\\\/fr\\\/wp-content\\\/uploads\\\/2025\\\/06\\\/Webdo-Tunisie_168377.jpg\",\"width\":301,\"height\":301,\"caption\":\"Webdo\"},\"image\":{\"@id\":\"https:\\\/\\\/www.webdo.tn\\\/fr\\\/#\\\/schema\\\/logo\\\/image\\\/\"},\"sameAs\":[\"https:\\\/\\\/www.facebook.com\\\/webdotn\",\"https:\\\/\\\/x.com\\\/webdo_tn\"],\"description\":\"Webdo est un m\u00e9dia num\u00e9rique tunisien fond\u00e9 en 2010, sp\u00e9cialis\u00e9 dans l\u2019actualit\u00e9 nationale et internationale, l\u2019\u00e9conomie, la soci\u00e9t\u00e9 et les analyses politiques. Le site s\u2019adresse \u00e0 un large public francophone et couvre l\u2019information tunisienne en temps r\u00e9el.\",\"email\":\"redac@webdo.tn\",\"legalName\":\"YNJ SARL\",\"foundingDate\":\"2010-09-06\",\"numberOfEmployees\":{\"@type\":\"QuantitativeValue\",\"minValue\":\"11\",\"maxValue\":\"50\"}},{\"@type\":\"Person\",\"@id\":\"https:\\\/\\\/www.webdo.tn\\\/fr\\\/#\\\/schema\\\/person\\\/6bc0beba2cd23aec27cb5df85ca2554f\",\"name\":\"Hatem Bourial\",\"image\":{\"@type\":\"ImageObject\",\"inLanguage\":\"fr-FR\",\"@id\":\"https:\\\/\\\/www.webdo.tn\\\/fr\\\/wp-content\\\/uploads\\\/2026\\\/04\\\/hatem-bourial_avatar-96x96.jpg\",\"url\":\"https:\\\/\\\/www.webdo.tn\\\/fr\\\/wp-content\\\/uploads\\\/2026\\\/04\\\/hatem-bourial_avatar-96x96.jpg\",\"contentUrl\":\"https:\\\/\\\/www.webdo.tn\\\/fr\\\/wp-content\\\/uploads\\\/2026\\\/04\\\/hatem-bourial_avatar-96x96.jpg\",\"caption\":\"Hatem Bourial\"},\"description\":\"Hatem Bourial est journaliste, \u00e9crivain et chroniqueur tunisien. Actif depuis plusieurs d\u00e9cennies, il s\u2019est impos\u00e9 comme un observateur attentif de la soci\u00e9t\u00e9 tunisienne, m\u00ealant dans ses \u00e9crits m\u00e9moire, culture et analyse du quotidien. Auteur de nombreux ouvrages, il d\u00e9veloppe une \u0153uvre \u00e0 la crois\u00e9e du r\u00e9cit, de la po\u00e9sie et de l\u2019observation sociologique. Parall\u00e8lement \u00e0 ses contributions dans la presse, il intervient r\u00e9guli\u00e8rement \u00e0 la radio et dans des espaces culturels, o\u00f9 il explore les enjeux li\u00e9s au patrimoine, \u00e0 l\u2019identit\u00e9 et aux transformations du monde contemporain. \u00c0 travers ses chroniques, Hatem Bourial propose une lecture sensible et approfondie de l\u2019actualit\u00e9, nourrie par une exp\u00e9rience journalistique et litt\u00e9raire reconnue. \ud83d\udd17 Facebook : https:\\\/\\\/www.facebook.com\\\/hatem.bourial.2025\",\"sameAs\":[\"https:\\\/\\\/www.facebook.com\\\/hatem.bourial.2025\",\"https:\\\/\\\/fr.wikipedia.org\\\/wiki\\\/Fichier:Hatem_Bourial.jpg\"],\"knowsAbout\":[\"Culture & patrimoine tunisien\",\"Chronique soci\u00e9tale\",\"Litt\u00e9rature & m\u00e9moire\",\"Cin\u00e9ma & critique culturelle\",\"Identit\u00e9 & mutations sociales\"],\"knowsLanguage\":[\"Arabe\",\"Fran\u00e7ais\",\"Anglais\",\"Italien\",\"Polonais\"],\"jobTitle\":\"Journaliste, \u00e9crivain et chroniqueur culturel\",\"worksFor\":\"Webdo\",\"url\":\"https:\\\/\\\/www.webdo.tn\\\/fr\\\/actualite\\\/author\\\/hatem-bourial-2\\\/\"}]}<\/script>\n<!-- \/ Yoast SEO Premium plugin. -->","yoast_head_json":{"title":"\u00c0 Saint-Joseph, paroisse catholique de la Petite Sicile","description":"Traverser l'avenue Bourguiba et, \u00e0 l'ombre de la silhouette bleue de l'Africa, faire quelques pas dans le quartier de la Petite Sicile.","canonical":"https:\/\/www.webdo.tn\/fr\/actualite\/chroniques\/a-saint-joseph-paroisse-catholique-de-la-petite-sicile\/207813\/","og_locale":"fr_FR","og_type":"article","og_title":"\u00c0 Saint-Joseph, paroisse catholique de la Petite Sicile","og_description":"Traverser l'avenue Bourguiba et, \u00e0 l'ombre de la silhouette bleue de l'Africa, faire quelques pas dans le quartier de la Petite Sicile.","og_url":"https:\/\/www.webdo.tn\/fr\/actualite\/chroniques\/a-saint-joseph-paroisse-catholique-de-la-petite-sicile\/207813\/","og_site_name":"webdo","article_publisher":"https:\/\/www.facebook.com\/webdotn","article_author":"https:\/\/www.facebook.com\/hatem.bourial.2025","article_published_time":"2023-08-09T11:39:00+00:00","og_image":[{"width":750,"height":400,"url":"https:\/\/www.webdo.tn\/fr\/wp-content\/uploads\/2023\/08\/04dfd25f2efd406959482152388fb9cf.jpg","type":"image\/jpeg"}],"author":"Hatem Bourial","twitter_card":"summary_large_image","twitter_creator":"@webdo_tn","twitter_site":"@webdo_tn","twitter_misc":{"\u00c9crit par":"Hatem Bourial","Dur\u00e9e de lecture estim\u00e9e":"3 minutes"},"schema":{"@context":"https:\/\/schema.org","@graph":[{"@type":"NewsArticle","@id":"https:\/\/www.webdo.tn\/fr\/actualite\/chroniques\/a-saint-joseph-paroisse-catholique-de-la-petite-sicile\/207813\/#article","isPartOf":{"@id":"https:\/\/www.webdo.tn\/fr\/actualite\/chroniques\/a-saint-joseph-paroisse-catholique-de-la-petite-sicile\/207813\/"},"author":{"name":"Hatem Bourial","@id":"https:\/\/www.webdo.tn\/fr\/#\/schema\/person\/6bc0beba2cd23aec27cb5df85ca2554f"},"headline":"\u00c0 Saint-Joseph, paroisse catholique de la Petite Sicile","datePublished":"2023-08-09T11:39:00+00:00","mainEntityOfPage":{"@id":"https:\/\/www.webdo.tn\/fr\/actualite\/chroniques\/a-saint-joseph-paroisse-catholique-de-la-petite-sicile\/207813\/"},"wordCount":602,"commentCount":0,"publisher":{"@id":"https:\/\/www.webdo.tn\/fr\/#organization"},"image":{"@id":"https:\/\/www.webdo.tn\/fr\/actualite\/chroniques\/a-saint-joseph-paroisse-catholique-de-la-petite-sicile\/207813\/#primaryimage"},"thumbnailUrl":"https:\/\/www.webdo.tn\/fr\/wp-content\/uploads\/2023\/08\/04dfd25f2efd406959482152388fb9cf.jpg","keywords":["hatem bourial","histoire","Petite Sicile","Tunisie"],"articleSection":["Chroniques"],"inLanguage":"fr-FR"},{"@type":"WebPage","@id":"https:\/\/www.webdo.tn\/fr\/actualite\/chroniques\/a-saint-joseph-paroisse-catholique-de-la-petite-sicile\/207813\/","url":"https:\/\/www.webdo.tn\/fr\/actualite\/chroniques\/a-saint-joseph-paroisse-catholique-de-la-petite-sicile\/207813\/","name":"\u00c0 Saint-Joseph, paroisse catholique de la Petite Sicile","isPartOf":{"@id":"https:\/\/www.webdo.tn\/fr\/#website"},"primaryImageOfPage":{"@id":"https:\/\/www.webdo.tn\/fr\/actualite\/chroniques\/a-saint-joseph-paroisse-catholique-de-la-petite-sicile\/207813\/#primaryimage"},"image":{"@id":"https:\/\/www.webdo.tn\/fr\/actualite\/chroniques\/a-saint-joseph-paroisse-catholique-de-la-petite-sicile\/207813\/#primaryimage"},"thumbnailUrl":"https:\/\/www.webdo.tn\/fr\/wp-content\/uploads\/2023\/08\/04dfd25f2efd406959482152388fb9cf.jpg","datePublished":"2023-08-09T11:39:00+00:00","description":"Traverser l'avenue Bourguiba et, \u00e0 l'ombre de la silhouette bleue de l'Africa, faire quelques pas dans le quartier de la Petite Sicile.","breadcrumb":{"@id":"https:\/\/www.webdo.tn\/fr\/actualite\/chroniques\/a-saint-joseph-paroisse-catholique-de-la-petite-sicile\/207813\/#breadcrumb"},"inLanguage":"fr-FR","potentialAction":[{"@type":"ReadAction","target":["https:\/\/www.webdo.tn\/fr\/actualite\/chroniques\/a-saint-joseph-paroisse-catholique-de-la-petite-sicile\/207813\/"]}]},{"@type":"ImageObject","inLanguage":"fr-FR","@id":"https:\/\/www.webdo.tn\/fr\/actualite\/chroniques\/a-saint-joseph-paroisse-catholique-de-la-petite-sicile\/207813\/#primaryimage","url":"https:\/\/www.webdo.tn\/fr\/wp-content\/uploads\/2023\/08\/04dfd25f2efd406959482152388fb9cf.jpg","contentUrl":"https:\/\/www.webdo.tn\/fr\/wp-content\/uploads\/2023\/08\/04dfd25f2efd406959482152388fb9cf.jpg","width":750,"height":400,"caption":"\u00c0 Saint-Joseph, paroisse catholique de la Petite Sicile"},{"@type":"BreadcrumbList","@id":"https:\/\/www.webdo.tn\/fr\/actualite\/chroniques\/a-saint-joseph-paroisse-catholique-de-la-petite-sicile\/207813\/#breadcrumb","itemListElement":[{"@type":"ListItem","position":1,"name":"Accueil","item":"https:\/\/www.webdo.tn\/fr\/"},{"@type":"ListItem","position":2,"name":"\u00c0 Saint-Joseph, paroisse catholique de la Petite Sicile"}]},{"@type":"WebSite","@id":"https:\/\/www.webdo.tn\/fr\/#website","url":"https:\/\/www.webdo.tn\/fr\/","name":"webdo","description":"Tunisie - News en Tunisie et \u00e0 l&#039;international sur Webdo.tn","publisher":{"@id":"https:\/\/www.webdo.tn\/fr\/#organization"},"potentialAction":[{"@type":"SearchAction","target":{"@type":"EntryPoint","urlTemplate":"https:\/\/www.webdo.tn\/fr\/?s={search_term_string}"},"query-input":{"@type":"PropertyValueSpecification","valueRequired":true,"valueName":"search_term_string"}}],"inLanguage":"fr-FR"},{"@type":"Organization","@id":"https:\/\/www.webdo.tn\/fr\/#organization","name":"Webdo","alternateName":"Webdo.tn","url":"https:\/\/www.webdo.tn\/fr\/","logo":{"@type":"ImageObject","inLanguage":"fr-FR","@id":"https:\/\/www.webdo.tn\/fr\/#\/schema\/logo\/image\/","url":"https:\/\/www.webdo.tn\/fr\/wp-content\/uploads\/2025\/06\/Webdo-Tunisie_168377.jpg","contentUrl":"https:\/\/www.webdo.tn\/fr\/wp-content\/uploads\/2025\/06\/Webdo-Tunisie_168377.jpg","width":301,"height":301,"caption":"Webdo"},"image":{"@id":"https:\/\/www.webdo.tn\/fr\/#\/schema\/logo\/image\/"},"sameAs":["https:\/\/www.facebook.com\/webdotn","https:\/\/x.com\/webdo_tn"],"description":"Webdo est un m\u00e9dia num\u00e9rique tunisien fond\u00e9 en 2010, sp\u00e9cialis\u00e9 dans l\u2019actualit\u00e9 nationale et internationale, l\u2019\u00e9conomie, la soci\u00e9t\u00e9 et les analyses politiques. Le site s\u2019adresse \u00e0 un large public francophone et couvre l\u2019information tunisienne en temps r\u00e9el.","email":"redac@webdo.tn","legalName":"YNJ SARL","foundingDate":"2010-09-06","numberOfEmployees":{"@type":"QuantitativeValue","minValue":"11","maxValue":"50"}},{"@type":"Person","@id":"https:\/\/www.webdo.tn\/fr\/#\/schema\/person\/6bc0beba2cd23aec27cb5df85ca2554f","name":"Hatem Bourial","image":{"@type":"ImageObject","inLanguage":"fr-FR","@id":"https:\/\/www.webdo.tn\/fr\/wp-content\/uploads\/2026\/04\/hatem-bourial_avatar-96x96.jpg","url":"https:\/\/www.webdo.tn\/fr\/wp-content\/uploads\/2026\/04\/hatem-bourial_avatar-96x96.jpg","contentUrl":"https:\/\/www.webdo.tn\/fr\/wp-content\/uploads\/2026\/04\/hatem-bourial_avatar-96x96.jpg","caption":"Hatem Bourial"},"description":"Hatem Bourial est journaliste, \u00e9crivain et chroniqueur tunisien. Actif depuis plusieurs d\u00e9cennies, il s\u2019est impos\u00e9 comme un observateur attentif de la soci\u00e9t\u00e9 tunisienne, m\u00ealant dans ses \u00e9crits m\u00e9moire, culture et analyse du quotidien. Auteur de nombreux ouvrages, il d\u00e9veloppe une \u0153uvre \u00e0 la crois\u00e9e du r\u00e9cit, de la po\u00e9sie et de l\u2019observation sociologique. Parall\u00e8lement \u00e0 ses contributions dans la presse, il intervient r\u00e9guli\u00e8rement \u00e0 la radio et dans des espaces culturels, o\u00f9 il explore les enjeux li\u00e9s au patrimoine, \u00e0 l\u2019identit\u00e9 et aux transformations du monde contemporain. \u00c0 travers ses chroniques, Hatem Bourial propose une lecture sensible et approfondie de l\u2019actualit\u00e9, nourrie par une exp\u00e9rience journalistique et litt\u00e9raire reconnue. \ud83d\udd17 Facebook : https:\/\/www.facebook.com\/hatem.bourial.2025","sameAs":["https:\/\/www.facebook.com\/hatem.bourial.2025","https:\/\/fr.wikipedia.org\/wiki\/Fichier:Hatem_Bourial.jpg"],"knowsAbout":["Culture & patrimoine tunisien","Chronique soci\u00e9tale","Litt\u00e9rature & m\u00e9moire","Cin\u00e9ma & critique culturelle","Identit\u00e9 & mutations sociales"],"knowsLanguage":["Arabe","Fran\u00e7ais","Anglais","Italien","Polonais"],"jobTitle":"Journaliste, \u00e9crivain et chroniqueur culturel","worksFor":"Webdo","url":"https:\/\/www.webdo.tn\/fr\/actualite\/author\/hatem-bourial-2\/"}]}},"_links":{"self":[{"href":"https:\/\/www.webdo.tn\/fr\/wp-json\/wp\/v2\/posts\/207813","targetHints":{"allow":["GET"]}}],"collection":[{"href":"https:\/\/www.webdo.tn\/fr\/wp-json\/wp\/v2\/posts"}],"about":[{"href":"https:\/\/www.webdo.tn\/fr\/wp-json\/wp\/v2\/types\/post"}],"author":[{"embeddable":true,"href":"https:\/\/www.webdo.tn\/fr\/wp-json\/wp\/v2\/users\/3229"}],"replies":[{"embeddable":true,"href":"https:\/\/www.webdo.tn\/fr\/wp-json\/wp\/v2\/comments?post=207813"}],"version-history":[{"count":0,"href":"https:\/\/www.webdo.tn\/fr\/wp-json\/wp\/v2\/posts\/207813\/revisions"}],"wp:featuredmedia":[{"embeddable":true,"href":"https:\/\/www.webdo.tn\/fr\/wp-json\/wp\/v2\/media\/249598"}],"wp:attachment":[{"href":"https:\/\/www.webdo.tn\/fr\/wp-json\/wp\/v2\/media?parent=207813"}],"wp:term":[{"taxonomy":"category","embeddable":true,"href":"https:\/\/www.webdo.tn\/fr\/wp-json\/wp\/v2\/categories?post=207813"},{"taxonomy":"post_tag","embeddable":true,"href":"https:\/\/www.webdo.tn\/fr\/wp-json\/wp\/v2\/tags?post=207813"}],"curies":[{"name":"wp","href":"https:\/\/api.w.org\/{rel}","templated":true}]}}