{"id":207811,"date":"2023-08-09T11:07:00","date_gmt":"2023-08-09T11:07:00","guid":{"rendered":"https:\/\/www.webdo.tn\/fr\/blog\/l-institut-pasteur-dement-l-exploitation-d-enfants-pour-attraper-des-scorpions\/207811\/"},"modified":"2025-05-20T22:41:56","modified_gmt":"2025-05-20T22:41:56","slug":"l-institut-pasteur-dement-l-exploitation-d-enfants-pour-attraper-des-scorpions","status":"publish","type":"post","link":"https:\/\/www.webdo.tn\/fr\/actualite\/national\/l-institut-pasteur-dement-l-exploitation-d-enfants-pour-attraper-des-scorpions\/207811\/","title":{"rendered":"L&rsquo;Institut Pasteur d\u00e9ment l\u2019exploitation d\u2019enfants pour attraper des scorpions"},"content":{"rendered":"<p>Le directeur de l&rsquo;Institut Pasteur, Hechmi Louzir, a d\u00e9menti ce mercredi 9 ao\u00fbt 2023 ce qu\u2019il a appel\u00e9 les accusations de l&rsquo;Organisation internationale pour la protection des enfants en M\u00e9diterran\u00e9e concernant l\u2019implication de l\u2019Institut dans une affaire de collecte de scorpions par des enfants.<\/p>\n<p>Le responsable qui s\u2019exprimait sur les ondes de Shems FM, a expliqu\u00e9 que l&rsquo;institut n&rsquo;a pas achet\u00e9 de scorpions ou de serpents depuis un an, et la m\u00eame chose s&rsquo;applique \u00e0 l&rsquo;ann\u00e9e en cours, car son stock est suffisant pour la fabrication de s\u00e9rums antivenimeux pour prot\u00e9ger les patients des piq\u00fbres et morsures de reptiles.\u00a0<br \/>\nL&rsquo;institut acquiert des scorpions et des serpents par le biais d&rsquo;appels d&rsquo;offres \u00e0 travers lesquels un contrat est conclu avec une entreprise pour la collecte de ces scorpions et serpents, en soulignant que le processus est organis\u00e9 par un cahier des charges.<\/p>\n<p>Il a \u00e9galement soulign\u00e9 que l&rsquo;institut n&rsquo;a aucun lien avec l&#8217;emploi d&rsquo;enfants, en d\u00e9clarant : \u00ab\u00a0Nous n&rsquo;avons jamais employ\u00e9 d&rsquo;enfants pour collecter des scorpions\u00a0\u00bb. Il s&rsquo;est \u00e9tonn\u00e9 du fait que cette association n&rsquo;ait pas contact\u00e9 l&rsquo;institut pour obtenir des clarifications avant de diffuser cette information.<\/p>\n<p>Louzir\u00a0a \u00e9galement insist\u00e9 sur le fait que les accusations de l&rsquo;association sont infond\u00e9es et que si des intentions malveillantes \u00e9taient prouv\u00e9es derri\u00e8re ces rumeurs dans le but de diffamer l&rsquo;institut, des poursuites judiciaires seront engag\u00e9es, selon ses dires.<\/p>\n","protected":false},"excerpt":{"rendered":"<p>Le directeur de l&rsquo;Institut Pasteur, Hechmi Louzir, a d\u00e9menti ce mercredi 9 ao\u00fbt 2023 ce qu\u2019il a appel\u00e9 les accusations de l&rsquo;Organisation internationale pour la&#8230;<\/p>\n","protected":false},"author":3175,"featured_media":249597,"comment_status":"open","ping_status":"closed","sticky":false,"template":"","format":"standard","meta":{"footnotes":""},"categories":[44],"tags":[8126,2608],"class_list":["post-207811","post","type-post","status-publish","format-standard","has-post-thumbnail","hentry","category-national","tag-scorpions","tag-tunisie"],"yoast_head":"<!-- This site is optimized with the Yoast SEO Premium plugin v27.5 (Yoast SEO v27.5) - https:\/\/yoast.com\/product\/yoast-seo-premium-wordpress\/ -->\n<title>L&#039;Institut Pasteur d\u00e9ment l\u2019exploitation d\u2019enfants pour attraper des scorpions<\/title>\n<meta name=\"description\" content=\"Le directeur de l&#039;Institut Pasteur, Hechmi Louzir, a d\u00e9menti ce mercredi 9 ao\u00fbt 2023 ce qu\u2019il a appel\u00e9 les accusations de l&#039;Organisation internationale pour la...\" \/>\n<link rel=\"canonical\" href=\"https:\/\/www.webdo.tn\/fr\/actualite\/national\/l-institut-pasteur-dement-l-exploitation-d-enfants-pour-attraper-des-scorpions\/207811\/\" \/>\n<meta property=\"og:locale\" content=\"fr_FR\" \/>\n<meta property=\"og:type\" content=\"article\" \/>\n<meta property=\"og:title\" content=\"L&#039;Institut Pasteur d\u00e9ment l\u2019exploitation d\u2019enfants pour attraper des scorpions\" \/>\n<meta property=\"og:description\" content=\"Le directeur de l&#039;Institut Pasteur, Hechmi Louzir, a d\u00e9menti ce mercredi 9 ao\u00fbt 2023 ce qu\u2019il a appel\u00e9 les accusations de l&#039;Organisation internationale pour la...\" \/>\n<meta property=\"og:url\" content=\"https:\/\/www.webdo.tn\/fr\/actualite\/national\/l-institut-pasteur-dement-l-exploitation-d-enfants-pour-attraper-des-scorpions\/207811\/\" \/>\n<meta property=\"og:site_name\" content=\"webdo\" \/>\n<meta property=\"article:publisher\" content=\"https:\/\/www.facebook.com\/webdotn\" \/>\n<meta property=\"article:published_time\" content=\"2023-08-09T11:07:00+00:00\" \/>\n<meta property=\"article:modified_time\" content=\"2025-05-20T22:41:56+00:00\" \/>\n<meta property=\"og:image\" content=\"https:\/\/www.webdo.tn\/fr\/wp-content\/uploads\/2023\/08\/2ec2a40eac9215f6999c47a9dcb6b054.jpg\" \/>\n\t<meta property=\"og:image:width\" content=\"750\" \/>\n\t<meta property=\"og:image:height\" content=\"400\" \/>\n\t<meta property=\"og:image:type\" content=\"image\/jpeg\" \/>\n<meta name=\"author\" content=\"CL\" \/>\n<meta name=\"twitter:card\" content=\"summary_large_image\" \/>\n<meta name=\"twitter:creator\" content=\"@webdo_tn\" \/>\n<meta name=\"twitter:site\" content=\"@webdo_tn\" \/>\n<meta name=\"twitter:label1\" content=\"\u00c9crit par\" \/>\n\t<meta name=\"twitter:data1\" content=\"CL\" \/>\n\t<meta name=\"twitter:label2\" content=\"Dur\u00e9e de lecture estim\u00e9e\" \/>\n\t<meta name=\"twitter:data2\" content=\"1 minute\" \/>\n<script type=\"application\/ld+json\" class=\"yoast-schema-graph\">{\"@context\":\"https:\\\/\\\/schema.org\",\"@graph\":[{\"@type\":\"NewsArticle\",\"@id\":\"https:\\\/\\\/www.webdo.tn\\\/fr\\\/actualite\\\/national\\\/l-institut-pasteur-dement-l-exploitation-d-enfants-pour-attraper-des-scorpions\\\/207811\\\/#article\",\"isPartOf\":{\"@id\":\"https:\\\/\\\/www.webdo.tn\\\/fr\\\/actualite\\\/national\\\/l-institut-pasteur-dement-l-exploitation-d-enfants-pour-attraper-des-scorpions\\\/207811\\\/\"},\"author\":{\"name\":\"CL\",\"@id\":\"https:\\\/\\\/www.webdo.tn\\\/fr\\\/#\\\/schema\\\/person\\\/f35b42a42c5e2511bbd282959d6385cc\"},\"headline\":\"L&rsquo;Institut Pasteur d\u00e9ment l\u2019exploitation d\u2019enfants pour attraper des scorpions\",\"datePublished\":\"2023-08-09T11:07:00+00:00\",\"dateModified\":\"2025-05-20T22:41:56+00:00\",\"mainEntityOfPage\":{\"@id\":\"https:\\\/\\\/www.webdo.tn\\\/fr\\\/actualite\\\/national\\\/l-institut-pasteur-dement-l-exploitation-d-enfants-pour-attraper-des-scorpions\\\/207811\\\/\"},\"wordCount\":271,\"commentCount\":0,\"publisher\":{\"@id\":\"https:\\\/\\\/www.webdo.tn\\\/fr\\\/#organization\"},\"image\":{\"@id\":\"https:\\\/\\\/www.webdo.tn\\\/fr\\\/actualite\\\/national\\\/l-institut-pasteur-dement-l-exploitation-d-enfants-pour-attraper-des-scorpions\\\/207811\\\/#primaryimage\"},\"thumbnailUrl\":\"https:\\\/\\\/www.webdo.tn\\\/fr\\\/wp-content\\\/uploads\\\/2023\\\/08\\\/2ec2a40eac9215f6999c47a9dcb6b054.jpg\",\"keywords\":[\"Scorpions\",\"Tunisie\"],\"articleSection\":[\"National\"],\"inLanguage\":\"fr-FR\"},{\"@type\":\"WebPage\",\"@id\":\"https:\\\/\\\/www.webdo.tn\\\/fr\\\/actualite\\\/national\\\/l-institut-pasteur-dement-l-exploitation-d-enfants-pour-attraper-des-scorpions\\\/207811\\\/\",\"url\":\"https:\\\/\\\/www.webdo.tn\\\/fr\\\/actualite\\\/national\\\/l-institut-pasteur-dement-l-exploitation-d-enfants-pour-attraper-des-scorpions\\\/207811\\\/\",\"name\":\"L'Institut Pasteur d\u00e9ment l\u2019exploitation d\u2019enfants pour attraper des scorpions\",\"isPartOf\":{\"@id\":\"https:\\\/\\\/www.webdo.tn\\\/fr\\\/#website\"},\"primaryImageOfPage\":{\"@id\":\"https:\\\/\\\/www.webdo.tn\\\/fr\\\/actualite\\\/national\\\/l-institut-pasteur-dement-l-exploitation-d-enfants-pour-attraper-des-scorpions\\\/207811\\\/#primaryimage\"},\"image\":{\"@id\":\"https:\\\/\\\/www.webdo.tn\\\/fr\\\/actualite\\\/national\\\/l-institut-pasteur-dement-l-exploitation-d-enfants-pour-attraper-des-scorpions\\\/207811\\\/#primaryimage\"},\"thumbnailUrl\":\"https:\\\/\\\/www.webdo.tn\\\/fr\\\/wp-content\\\/uploads\\\/2023\\\/08\\\/2ec2a40eac9215f6999c47a9dcb6b054.jpg\",\"datePublished\":\"2023-08-09T11:07:00+00:00\",\"dateModified\":\"2025-05-20T22:41:56+00:00\",\"description\":\"Le directeur de l'Institut Pasteur, Hechmi Louzir, a d\u00e9menti ce mercredi 9 ao\u00fbt 2023 ce qu\u2019il a appel\u00e9 les accusations de l'Organisation internationale pour la...\",\"breadcrumb\":{\"@id\":\"https:\\\/\\\/www.webdo.tn\\\/fr\\\/actualite\\\/national\\\/l-institut-pasteur-dement-l-exploitation-d-enfants-pour-attraper-des-scorpions\\\/207811\\\/#breadcrumb\"},\"inLanguage\":\"fr-FR\",\"potentialAction\":[{\"@type\":\"ReadAction\",\"target\":[\"https:\\\/\\\/www.webdo.tn\\\/fr\\\/actualite\\\/national\\\/l-institut-pasteur-dement-l-exploitation-d-enfants-pour-attraper-des-scorpions\\\/207811\\\/\"]}]},{\"@type\":\"ImageObject\",\"inLanguage\":\"fr-FR\",\"@id\":\"https:\\\/\\\/www.webdo.tn\\\/fr\\\/actualite\\\/national\\\/l-institut-pasteur-dement-l-exploitation-d-enfants-pour-attraper-des-scorpions\\\/207811\\\/#primaryimage\",\"url\":\"https:\\\/\\\/www.webdo.tn\\\/fr\\\/wp-content\\\/uploads\\\/2023\\\/08\\\/2ec2a40eac9215f6999c47a9dcb6b054.jpg\",\"contentUrl\":\"https:\\\/\\\/www.webdo.tn\\\/fr\\\/wp-content\\\/uploads\\\/2023\\\/08\\\/2ec2a40eac9215f6999c47a9dcb6b054.jpg\",\"width\":750,\"height\":400,\"caption\":\"L'Institut Pasteur d\u00e9ment l\u2019exploitation d\u2019enfants pour attraper des scorpions\"},{\"@type\":\"BreadcrumbList\",\"@id\":\"https:\\\/\\\/www.webdo.tn\\\/fr\\\/actualite\\\/national\\\/l-institut-pasteur-dement-l-exploitation-d-enfants-pour-attraper-des-scorpions\\\/207811\\\/#breadcrumb\",\"itemListElement\":[{\"@type\":\"ListItem\",\"position\":1,\"name\":\"Accueil\",\"item\":\"https:\\\/\\\/www.webdo.tn\\\/fr\\\/\"},{\"@type\":\"ListItem\",\"position\":2,\"name\":\"L&#8217;Institut Pasteur d\u00e9ment l\u2019exploitation d\u2019enfants pour attraper des scorpions\"}]},{\"@type\":\"WebSite\",\"@id\":\"https:\\\/\\\/www.webdo.tn\\\/fr\\\/#website\",\"url\":\"https:\\\/\\\/www.webdo.tn\\\/fr\\\/\",\"name\":\"webdo\",\"description\":\"Tunisie - News en Tunisie et \u00e0 l&#039;international sur Webdo.tn\",\"publisher\":{\"@id\":\"https:\\\/\\\/www.webdo.tn\\\/fr\\\/#organization\"},\"potentialAction\":[{\"@type\":\"SearchAction\",\"target\":{\"@type\":\"EntryPoint\",\"urlTemplate\":\"https:\\\/\\\/www.webdo.tn\\\/fr\\\/?s={search_term_string}\"},\"query-input\":{\"@type\":\"PropertyValueSpecification\",\"valueRequired\":true,\"valueName\":\"search_term_string\"}}],\"inLanguage\":\"fr-FR\"},{\"@type\":\"Organization\",\"@id\":\"https:\\\/\\\/www.webdo.tn\\\/fr\\\/#organization\",\"name\":\"Webdo\",\"alternateName\":\"Webdo.tn\",\"url\":\"https:\\\/\\\/www.webdo.tn\\\/fr\\\/\",\"logo\":{\"@type\":\"ImageObject\",\"inLanguage\":\"fr-FR\",\"@id\":\"https:\\\/\\\/www.webdo.tn\\\/fr\\\/#\\\/schema\\\/logo\\\/image\\\/\",\"url\":\"https:\\\/\\\/www.webdo.tn\\\/fr\\\/wp-content\\\/uploads\\\/2025\\\/06\\\/Webdo-Tunisie_168377.jpg\",\"contentUrl\":\"https:\\\/\\\/www.webdo.tn\\\/fr\\\/wp-content\\\/uploads\\\/2025\\\/06\\\/Webdo-Tunisie_168377.jpg\",\"width\":301,\"height\":301,\"caption\":\"Webdo\"},\"image\":{\"@id\":\"https:\\\/\\\/www.webdo.tn\\\/fr\\\/#\\\/schema\\\/logo\\\/image\\\/\"},\"sameAs\":[\"https:\\\/\\\/www.facebook.com\\\/webdotn\",\"https:\\\/\\\/x.com\\\/webdo_tn\"],\"description\":\"Webdo est un m\u00e9dia num\u00e9rique tunisien fond\u00e9 en 2010, sp\u00e9cialis\u00e9 dans l\u2019actualit\u00e9 nationale et internationale, l\u2019\u00e9conomie, la soci\u00e9t\u00e9 et les analyses politiques. Le site s\u2019adresse \u00e0 un large public francophone et couvre l\u2019information tunisienne en temps r\u00e9el.\",\"email\":\"redac@webdo.tn\",\"legalName\":\"YNJ SARL\",\"foundingDate\":\"2010-09-06\",\"numberOfEmployees\":{\"@type\":\"QuantitativeValue\",\"minValue\":\"11\",\"maxValue\":\"50\"}},{\"@type\":\"Person\",\"@id\":\"https:\\\/\\\/www.webdo.tn\\\/fr\\\/#\\\/schema\\\/person\\\/f35b42a42c5e2511bbd282959d6385cc\",\"name\":\"CL\",\"image\":{\"@type\":\"ImageObject\",\"inLanguage\":\"fr-FR\",\"@id\":\"https:\\\/\\\/secure.gravatar.com\\\/avatar\\\/1447a49909b67aa657c488aec6512e1dd6143a480c1ecfee9b5b5cd74eb3b59e?s=96&d=mm&r=g\",\"url\":\"https:\\\/\\\/secure.gravatar.com\\\/avatar\\\/1447a49909b67aa657c488aec6512e1dd6143a480c1ecfee9b5b5cd74eb3b59e?s=96&d=mm&r=g\",\"contentUrl\":\"https:\\\/\\\/secure.gravatar.com\\\/avatar\\\/1447a49909b67aa657c488aec6512e1dd6143a480c1ecfee9b5b5cd74eb3b59e?s=96&d=mm&r=g\",\"caption\":\"CL\"},\"url\":\"https:\\\/\\\/www.webdo.tn\\\/fr\\\/actualite\\\/author\\\/cl\\\/\"}]}<\/script>\n<!-- \/ Yoast SEO Premium plugin. -->","yoast_head_json":{"title":"L'Institut Pasteur d\u00e9ment l\u2019exploitation d\u2019enfants pour attraper des scorpions","description":"Le directeur de l'Institut Pasteur, Hechmi Louzir, a d\u00e9menti ce mercredi 9 ao\u00fbt 2023 ce qu\u2019il a appel\u00e9 les accusations de l'Organisation internationale pour la...","canonical":"https:\/\/www.webdo.tn\/fr\/actualite\/national\/l-institut-pasteur-dement-l-exploitation-d-enfants-pour-attraper-des-scorpions\/207811\/","og_locale":"fr_FR","og_type":"article","og_title":"L'Institut Pasteur d\u00e9ment l\u2019exploitation d\u2019enfants pour attraper des scorpions","og_description":"Le directeur de l'Institut Pasteur, Hechmi Louzir, a d\u00e9menti ce mercredi 9 ao\u00fbt 2023 ce qu\u2019il a appel\u00e9 les accusations de l'Organisation internationale pour la...","og_url":"https:\/\/www.webdo.tn\/fr\/actualite\/national\/l-institut-pasteur-dement-l-exploitation-d-enfants-pour-attraper-des-scorpions\/207811\/","og_site_name":"webdo","article_publisher":"https:\/\/www.facebook.com\/webdotn","article_published_time":"2023-08-09T11:07:00+00:00","article_modified_time":"2025-05-20T22:41:56+00:00","og_image":[{"width":750,"height":400,"url":"https:\/\/www.webdo.tn\/fr\/wp-content\/uploads\/2023\/08\/2ec2a40eac9215f6999c47a9dcb6b054.jpg","type":"image\/jpeg"}],"author":"CL","twitter_card":"summary_large_image","twitter_creator":"@webdo_tn","twitter_site":"@webdo_tn","twitter_misc":{"\u00c9crit par":"CL","Dur\u00e9e de lecture estim\u00e9e":"1 minute"},"schema":{"@context":"https:\/\/schema.org","@graph":[{"@type":"NewsArticle","@id":"https:\/\/www.webdo.tn\/fr\/actualite\/national\/l-institut-pasteur-dement-l-exploitation-d-enfants-pour-attraper-des-scorpions\/207811\/#article","isPartOf":{"@id":"https:\/\/www.webdo.tn\/fr\/actualite\/national\/l-institut-pasteur-dement-l-exploitation-d-enfants-pour-attraper-des-scorpions\/207811\/"},"author":{"name":"CL","@id":"https:\/\/www.webdo.tn\/fr\/#\/schema\/person\/f35b42a42c5e2511bbd282959d6385cc"},"headline":"L&rsquo;Institut Pasteur d\u00e9ment l\u2019exploitation d\u2019enfants pour attraper des scorpions","datePublished":"2023-08-09T11:07:00+00:00","dateModified":"2025-05-20T22:41:56+00:00","mainEntityOfPage":{"@id":"https:\/\/www.webdo.tn\/fr\/actualite\/national\/l-institut-pasteur-dement-l-exploitation-d-enfants-pour-attraper-des-scorpions\/207811\/"},"wordCount":271,"commentCount":0,"publisher":{"@id":"https:\/\/www.webdo.tn\/fr\/#organization"},"image":{"@id":"https:\/\/www.webdo.tn\/fr\/actualite\/national\/l-institut-pasteur-dement-l-exploitation-d-enfants-pour-attraper-des-scorpions\/207811\/#primaryimage"},"thumbnailUrl":"https:\/\/www.webdo.tn\/fr\/wp-content\/uploads\/2023\/08\/2ec2a40eac9215f6999c47a9dcb6b054.jpg","keywords":["Scorpions","Tunisie"],"articleSection":["National"],"inLanguage":"fr-FR"},{"@type":"WebPage","@id":"https:\/\/www.webdo.tn\/fr\/actualite\/national\/l-institut-pasteur-dement-l-exploitation-d-enfants-pour-attraper-des-scorpions\/207811\/","url":"https:\/\/www.webdo.tn\/fr\/actualite\/national\/l-institut-pasteur-dement-l-exploitation-d-enfants-pour-attraper-des-scorpions\/207811\/","name":"L'Institut Pasteur d\u00e9ment l\u2019exploitation d\u2019enfants pour attraper des scorpions","isPartOf":{"@id":"https:\/\/www.webdo.tn\/fr\/#website"},"primaryImageOfPage":{"@id":"https:\/\/www.webdo.tn\/fr\/actualite\/national\/l-institut-pasteur-dement-l-exploitation-d-enfants-pour-attraper-des-scorpions\/207811\/#primaryimage"},"image":{"@id":"https:\/\/www.webdo.tn\/fr\/actualite\/national\/l-institut-pasteur-dement-l-exploitation-d-enfants-pour-attraper-des-scorpions\/207811\/#primaryimage"},"thumbnailUrl":"https:\/\/www.webdo.tn\/fr\/wp-content\/uploads\/2023\/08\/2ec2a40eac9215f6999c47a9dcb6b054.jpg","datePublished":"2023-08-09T11:07:00+00:00","dateModified":"2025-05-20T22:41:56+00:00","description":"Le directeur de l'Institut Pasteur, Hechmi Louzir, a d\u00e9menti ce mercredi 9 ao\u00fbt 2023 ce qu\u2019il a appel\u00e9 les accusations de l'Organisation internationale pour la...","breadcrumb":{"@id":"https:\/\/www.webdo.tn\/fr\/actualite\/national\/l-institut-pasteur-dement-l-exploitation-d-enfants-pour-attraper-des-scorpions\/207811\/#breadcrumb"},"inLanguage":"fr-FR","potentialAction":[{"@type":"ReadAction","target":["https:\/\/www.webdo.tn\/fr\/actualite\/national\/l-institut-pasteur-dement-l-exploitation-d-enfants-pour-attraper-des-scorpions\/207811\/"]}]},{"@type":"ImageObject","inLanguage":"fr-FR","@id":"https:\/\/www.webdo.tn\/fr\/actualite\/national\/l-institut-pasteur-dement-l-exploitation-d-enfants-pour-attraper-des-scorpions\/207811\/#primaryimage","url":"https:\/\/www.webdo.tn\/fr\/wp-content\/uploads\/2023\/08\/2ec2a40eac9215f6999c47a9dcb6b054.jpg","contentUrl":"https:\/\/www.webdo.tn\/fr\/wp-content\/uploads\/2023\/08\/2ec2a40eac9215f6999c47a9dcb6b054.jpg","width":750,"height":400,"caption":"L'Institut Pasteur d\u00e9ment l\u2019exploitation d\u2019enfants pour attraper des scorpions"},{"@type":"BreadcrumbList","@id":"https:\/\/www.webdo.tn\/fr\/actualite\/national\/l-institut-pasteur-dement-l-exploitation-d-enfants-pour-attraper-des-scorpions\/207811\/#breadcrumb","itemListElement":[{"@type":"ListItem","position":1,"name":"Accueil","item":"https:\/\/www.webdo.tn\/fr\/"},{"@type":"ListItem","position":2,"name":"L&#8217;Institut Pasteur d\u00e9ment l\u2019exploitation d\u2019enfants pour attraper des scorpions"}]},{"@type":"WebSite","@id":"https:\/\/www.webdo.tn\/fr\/#website","url":"https:\/\/www.webdo.tn\/fr\/","name":"webdo","description":"Tunisie - News en Tunisie et \u00e0 l&#039;international sur Webdo.tn","publisher":{"@id":"https:\/\/www.webdo.tn\/fr\/#organization"},"potentialAction":[{"@type":"SearchAction","target":{"@type":"EntryPoint","urlTemplate":"https:\/\/www.webdo.tn\/fr\/?s={search_term_string}"},"query-input":{"@type":"PropertyValueSpecification","valueRequired":true,"valueName":"search_term_string"}}],"inLanguage":"fr-FR"},{"@type":"Organization","@id":"https:\/\/www.webdo.tn\/fr\/#organization","name":"Webdo","alternateName":"Webdo.tn","url":"https:\/\/www.webdo.tn\/fr\/","logo":{"@type":"ImageObject","inLanguage":"fr-FR","@id":"https:\/\/www.webdo.tn\/fr\/#\/schema\/logo\/image\/","url":"https:\/\/www.webdo.tn\/fr\/wp-content\/uploads\/2025\/06\/Webdo-Tunisie_168377.jpg","contentUrl":"https:\/\/www.webdo.tn\/fr\/wp-content\/uploads\/2025\/06\/Webdo-Tunisie_168377.jpg","width":301,"height":301,"caption":"Webdo"},"image":{"@id":"https:\/\/www.webdo.tn\/fr\/#\/schema\/logo\/image\/"},"sameAs":["https:\/\/www.facebook.com\/webdotn","https:\/\/x.com\/webdo_tn"],"description":"Webdo est un m\u00e9dia num\u00e9rique tunisien fond\u00e9 en 2010, sp\u00e9cialis\u00e9 dans l\u2019actualit\u00e9 nationale et internationale, l\u2019\u00e9conomie, la soci\u00e9t\u00e9 et les analyses politiques. Le site s\u2019adresse \u00e0 un large public francophone et couvre l\u2019information tunisienne en temps r\u00e9el.","email":"redac@webdo.tn","legalName":"YNJ SARL","foundingDate":"2010-09-06","numberOfEmployees":{"@type":"QuantitativeValue","minValue":"11","maxValue":"50"}},{"@type":"Person","@id":"https:\/\/www.webdo.tn\/fr\/#\/schema\/person\/f35b42a42c5e2511bbd282959d6385cc","name":"CL","image":{"@type":"ImageObject","inLanguage":"fr-FR","@id":"https:\/\/secure.gravatar.com\/avatar\/1447a49909b67aa657c488aec6512e1dd6143a480c1ecfee9b5b5cd74eb3b59e?s=96&d=mm&r=g","url":"https:\/\/secure.gravatar.com\/avatar\/1447a49909b67aa657c488aec6512e1dd6143a480c1ecfee9b5b5cd74eb3b59e?s=96&d=mm&r=g","contentUrl":"https:\/\/secure.gravatar.com\/avatar\/1447a49909b67aa657c488aec6512e1dd6143a480c1ecfee9b5b5cd74eb3b59e?s=96&d=mm&r=g","caption":"CL"},"url":"https:\/\/www.webdo.tn\/fr\/actualite\/author\/cl\/"}]}},"_links":{"self":[{"href":"https:\/\/www.webdo.tn\/fr\/wp-json\/wp\/v2\/posts\/207811","targetHints":{"allow":["GET"]}}],"collection":[{"href":"https:\/\/www.webdo.tn\/fr\/wp-json\/wp\/v2\/posts"}],"about":[{"href":"https:\/\/www.webdo.tn\/fr\/wp-json\/wp\/v2\/types\/post"}],"author":[{"embeddable":true,"href":"https:\/\/www.webdo.tn\/fr\/wp-json\/wp\/v2\/users\/3175"}],"replies":[{"embeddable":true,"href":"https:\/\/www.webdo.tn\/fr\/wp-json\/wp\/v2\/comments?post=207811"}],"version-history":[{"count":0,"href":"https:\/\/www.webdo.tn\/fr\/wp-json\/wp\/v2\/posts\/207811\/revisions"}],"wp:featuredmedia":[{"embeddable":true,"href":"https:\/\/www.webdo.tn\/fr\/wp-json\/wp\/v2\/media\/249597"}],"wp:attachment":[{"href":"https:\/\/www.webdo.tn\/fr\/wp-json\/wp\/v2\/media?parent=207811"}],"wp:term":[{"taxonomy":"category","embeddable":true,"href":"https:\/\/www.webdo.tn\/fr\/wp-json\/wp\/v2\/categories?post=207811"},{"taxonomy":"post_tag","embeddable":true,"href":"https:\/\/www.webdo.tn\/fr\/wp-json\/wp\/v2\/tags?post=207811"}],"curies":[{"name":"wp","href":"https:\/\/api.w.org\/{rel}","templated":true}]}}