{"id":207806,"date":"2023-08-09T08:33:00","date_gmt":"2023-08-09T08:33:00","guid":{"rendered":"https:\/\/www.webdo.tn\/fr\/blog\/kais-saied-un-jour-sans-journaux-est-un-jour-triste\/207806\/"},"modified":"2025-05-20T22:41:55","modified_gmt":"2025-05-20T22:41:55","slug":"kais-saied-un-jour-sans-journaux-est-un-jour-triste","status":"publish","type":"post","link":"https:\/\/www.webdo.tn\/fr\/actualite\/national\/kais-saied-un-jour-sans-journaux-est-un-jour-triste\/207806\/","title":{"rendered":"Kais Saied : \u00ab Un jour sans journaux est un jour triste \u00bb"},"content":{"rendered":"<p>Le pr\u00e9sident de la R\u00e9publique, Kais Sa\u00efed, a re\u00e7u, aujourd&rsquo;hui, mardi, au palais de Carthage, le Pdg de la Soci\u00e9t\u00e9 nouvelle d&rsquo;imprimerie, de presse et d&rsquo;\u00e9dition (SNIPE La Presse), Chokri Ben Nessir et l&rsquo;administrateur d\u00e9l\u00e9gu\u00e9 de Dar Essabah, Mohamed Hechmi Blouza.<\/p>\n<p>\t\t\t\t\t\t\t\t\tEn toile de fond, la situation actuelle des deux entreprises de presse, et bien plus, leurs perspectives d&rsquo;avenir.<br \/>\nCit\u00e9 dans un communiqu\u00e9 de la pr\u00e9sidence de la R\u00e9publique, le chef de l&rsquo;Etat a saisi l&rsquo;occasion pour souligner qu&rsquo;il se tient aux c\u00f4t\u00e9s de ces deux entreprises de presse, notamment suite \u00e0 la non-parution de leurs derniers num\u00e9ros d&rsquo;aujourd&rsquo;hui en raison de deux pannes techniques successives survenues lors de l&rsquo;\u00e9dition.<br \/>\nLa premi\u00e8re panne \u00e9tant r\u00e9par\u00e9e \u00e0 3 heures du matin alors que la deuxi\u00e8me s&rsquo;est produite dans la m\u00eame nuit, provoquant ainsi des troubles au niveau de l&rsquo;\u00e9dition des deux quotidiens, relate le communiqu\u00e9 de la pr\u00e9sidence.<\/p>\n<p>Simple concours de circonstances ou acte d\u00e9lib\u00e9r\u00e9? s&rsquo;interroge le chef de l&rsquo;Etat, rapporte la m\u00eame source.<\/p>\n<p>Face \u00e0 la situation lamentable des deux m\u00e9dias \u00e9crits, le pr\u00e9sident Sa\u00efed a r\u00e9affirm\u00e9 son attachement \u00e0 la \u00a0\u00bb fusion \u00a0\u00bb de ces deux institutions dans une seule et unique entreprise qui aura pour mission de veiller \u00e0 l&rsquo;\u00e9dition et \u00e0 la parution des num\u00e9ros de ces deux quotidiens ainsi que des autres publications \u00e9dit\u00e9es par les deux \u00e9tablissements.<\/p>\n<p>Toujours selon la m\u00eame source, le pr\u00e9sident Sa\u00efed a saisi l&rsquo;entretien pour r\u00e9affirmer que la Tunisie n&rsquo;est pas pr\u00eate \u00e0 renoncer \u00e0 son histoire, dont les quotidiens la Presse et Essabah, deux de ses signes lumineux.<\/p>\n<p>\u00ab Un jour sans journaux, est un jour triste \u00bb, s\u2019est d\u00e9sol\u00e9 Kais Saied dans des d\u00e9clarations rapport\u00e9es par La Presse.<\/p>\n","protected":false},"excerpt":{"rendered":"<p>Le pr\u00e9sident de la R\u00e9publique, Kais Sa\u00efed, a re\u00e7u, aujourd&rsquo;hui, mardi, au palais de Carthage, le Pdg de la Soci\u00e9t\u00e9 nouvelle d&rsquo;imprimerie, de presse et d&rsquo;\u00e9dition&#8230;<\/p>\n","protected":false},"author":3175,"featured_media":249593,"comment_status":"open","ping_status":"closed","sticky":false,"template":"","format":"standard","meta":{"footnotes":""},"categories":[44],"tags":[8119,2614,6777,2608],"class_list":["post-207806","post","type-post","status-publish","format-standard","has-post-thumbnail","hentry","category-national","tag-journaux","tag-kais-saied","tag-la-presse","tag-tunisie"],"yoast_head":"<!-- This site is optimized with the Yoast SEO Premium plugin v27.4 (Yoast SEO v27.5) - https:\/\/yoast.com\/product\/yoast-seo-premium-wordpress\/ -->\n<title>Kais Saied : \u00ab Un jour sans journaux est un jour triste \u00bb<\/title>\n<meta name=\"description\" content=\"Le pr\u00e9sident de la R\u00e9publique, Kais Sa\u00efed, a re\u00e7u, aujourd&#039;hui, mardi, au palais de Carthage, le Pdg de la Soci\u00e9t\u00e9 nouvelle d&#039;imprimerie, de presse et d&#039;\u00e9dition...\" \/>\n<link rel=\"canonical\" href=\"https:\/\/www.webdo.tn\/fr\/actualite\/national\/kais-saied-un-jour-sans-journaux-est-un-jour-triste\/207806\/\" \/>\n<meta property=\"og:locale\" content=\"fr_FR\" \/>\n<meta property=\"og:type\" content=\"article\" \/>\n<meta property=\"og:title\" content=\"Kais Saied : \u00ab Un jour sans journaux est un jour triste \u00bb\" \/>\n<meta property=\"og:description\" content=\"Le pr\u00e9sident de la R\u00e9publique, Kais Sa\u00efed, a re\u00e7u, aujourd&#039;hui, mardi, au palais de Carthage, le Pdg de la Soci\u00e9t\u00e9 nouvelle d&#039;imprimerie, de presse et d&#039;\u00e9dition...\" \/>\n<meta property=\"og:url\" content=\"https:\/\/www.webdo.tn\/fr\/actualite\/national\/kais-saied-un-jour-sans-journaux-est-un-jour-triste\/207806\/\" \/>\n<meta property=\"og:site_name\" content=\"webdo\" \/>\n<meta property=\"article:publisher\" content=\"https:\/\/www.facebook.com\/webdotn\" \/>\n<meta property=\"article:published_time\" content=\"2023-08-09T08:33:00+00:00\" \/>\n<meta property=\"article:modified_time\" content=\"2025-05-20T22:41:55+00:00\" \/>\n<meta property=\"og:image\" content=\"https:\/\/www.webdo.tn\/fr\/wp-content\/uploads\/2023\/08\/fc8052617c53876229c65d8ba195a7cc.jpg\" \/>\n\t<meta property=\"og:image:width\" content=\"750\" \/>\n\t<meta property=\"og:image:height\" content=\"400\" \/>\n\t<meta property=\"og:image:type\" content=\"image\/jpeg\" \/>\n<meta name=\"author\" content=\"CL\" \/>\n<meta name=\"twitter:card\" content=\"summary_large_image\" \/>\n<meta name=\"twitter:creator\" content=\"@webdo_tn\" \/>\n<meta name=\"twitter:site\" content=\"@webdo_tn\" \/>\n<meta name=\"twitter:label1\" content=\"\u00c9crit par\" \/>\n\t<meta name=\"twitter:data1\" content=\"CL\" \/>\n\t<meta name=\"twitter:label2\" content=\"Dur\u00e9e de lecture estim\u00e9e\" \/>\n\t<meta name=\"twitter:data2\" content=\"2 minutes\" \/>\n<script type=\"application\/ld+json\" class=\"yoast-schema-graph\">{\"@context\":\"https:\\\/\\\/schema.org\",\"@graph\":[{\"@type\":\"NewsArticle\",\"@id\":\"https:\\\/\\\/www.webdo.tn\\\/fr\\\/actualite\\\/national\\\/kais-saied-un-jour-sans-journaux-est-un-jour-triste\\\/207806\\\/#article\",\"isPartOf\":{\"@id\":\"https:\\\/\\\/www.webdo.tn\\\/fr\\\/actualite\\\/national\\\/kais-saied-un-jour-sans-journaux-est-un-jour-triste\\\/207806\\\/\"},\"author\":{\"name\":\"CL\",\"@id\":\"https:\\\/\\\/www.webdo.tn\\\/fr\\\/#\\\/schema\\\/person\\\/f35b42a42c5e2511bbd282959d6385cc\"},\"headline\":\"Kais Saied : \u00ab Un jour sans journaux est un jour triste \u00bb\",\"datePublished\":\"2023-08-09T08:33:00+00:00\",\"dateModified\":\"2025-05-20T22:41:55+00:00\",\"mainEntityOfPage\":{\"@id\":\"https:\\\/\\\/www.webdo.tn\\\/fr\\\/actualite\\\/national\\\/kais-saied-un-jour-sans-journaux-est-un-jour-triste\\\/207806\\\/\"},\"wordCount\":330,\"commentCount\":0,\"publisher\":{\"@id\":\"https:\\\/\\\/www.webdo.tn\\\/fr\\\/#organization\"},\"image\":{\"@id\":\"https:\\\/\\\/www.webdo.tn\\\/fr\\\/actualite\\\/national\\\/kais-saied-un-jour-sans-journaux-est-un-jour-triste\\\/207806\\\/#primaryimage\"},\"thumbnailUrl\":\"https:\\\/\\\/www.webdo.tn\\\/fr\\\/wp-content\\\/uploads\\\/2023\\\/08\\\/fc8052617c53876229c65d8ba195a7cc.jpg\",\"keywords\":[\"journaux\",\"Kais Saied\",\"la presse\",\"Tunisie\"],\"articleSection\":[\"National\"],\"inLanguage\":\"fr-FR\"},{\"@type\":\"WebPage\",\"@id\":\"https:\\\/\\\/www.webdo.tn\\\/fr\\\/actualite\\\/national\\\/kais-saied-un-jour-sans-journaux-est-un-jour-triste\\\/207806\\\/\",\"url\":\"https:\\\/\\\/www.webdo.tn\\\/fr\\\/actualite\\\/national\\\/kais-saied-un-jour-sans-journaux-est-un-jour-triste\\\/207806\\\/\",\"name\":\"Kais Saied : \u00ab Un jour sans journaux est un jour triste \u00bb\",\"isPartOf\":{\"@id\":\"https:\\\/\\\/www.webdo.tn\\\/fr\\\/#website\"},\"primaryImageOfPage\":{\"@id\":\"https:\\\/\\\/www.webdo.tn\\\/fr\\\/actualite\\\/national\\\/kais-saied-un-jour-sans-journaux-est-un-jour-triste\\\/207806\\\/#primaryimage\"},\"image\":{\"@id\":\"https:\\\/\\\/www.webdo.tn\\\/fr\\\/actualite\\\/national\\\/kais-saied-un-jour-sans-journaux-est-un-jour-triste\\\/207806\\\/#primaryimage\"},\"thumbnailUrl\":\"https:\\\/\\\/www.webdo.tn\\\/fr\\\/wp-content\\\/uploads\\\/2023\\\/08\\\/fc8052617c53876229c65d8ba195a7cc.jpg\",\"datePublished\":\"2023-08-09T08:33:00+00:00\",\"dateModified\":\"2025-05-20T22:41:55+00:00\",\"description\":\"Le pr\u00e9sident de la R\u00e9publique, Kais Sa\u00efed, a re\u00e7u, aujourd'hui, mardi, au palais de Carthage, le Pdg de la Soci\u00e9t\u00e9 nouvelle d'imprimerie, de presse et d'\u00e9dition...\",\"breadcrumb\":{\"@id\":\"https:\\\/\\\/www.webdo.tn\\\/fr\\\/actualite\\\/national\\\/kais-saied-un-jour-sans-journaux-est-un-jour-triste\\\/207806\\\/#breadcrumb\"},\"inLanguage\":\"fr-FR\",\"potentialAction\":[{\"@type\":\"ReadAction\",\"target\":[\"https:\\\/\\\/www.webdo.tn\\\/fr\\\/actualite\\\/national\\\/kais-saied-un-jour-sans-journaux-est-un-jour-triste\\\/207806\\\/\"]}]},{\"@type\":\"ImageObject\",\"inLanguage\":\"fr-FR\",\"@id\":\"https:\\\/\\\/www.webdo.tn\\\/fr\\\/actualite\\\/national\\\/kais-saied-un-jour-sans-journaux-est-un-jour-triste\\\/207806\\\/#primaryimage\",\"url\":\"https:\\\/\\\/www.webdo.tn\\\/fr\\\/wp-content\\\/uploads\\\/2023\\\/08\\\/fc8052617c53876229c65d8ba195a7cc.jpg\",\"contentUrl\":\"https:\\\/\\\/www.webdo.tn\\\/fr\\\/wp-content\\\/uploads\\\/2023\\\/08\\\/fc8052617c53876229c65d8ba195a7cc.jpg\",\"width\":750,\"height\":400,\"caption\":\"Kais Saied : \u00ab Un jour sans journaux est un jour triste \u00bb\"},{\"@type\":\"BreadcrumbList\",\"@id\":\"https:\\\/\\\/www.webdo.tn\\\/fr\\\/actualite\\\/national\\\/kais-saied-un-jour-sans-journaux-est-un-jour-triste\\\/207806\\\/#breadcrumb\",\"itemListElement\":[{\"@type\":\"ListItem\",\"position\":1,\"name\":\"Accueil\",\"item\":\"https:\\\/\\\/www.webdo.tn\\\/fr\\\/\"},{\"@type\":\"ListItem\",\"position\":2,\"name\":\"Kais Saied : \u00ab Un jour sans journaux est un jour triste \u00bb\"}]},{\"@type\":\"WebSite\",\"@id\":\"https:\\\/\\\/www.webdo.tn\\\/fr\\\/#website\",\"url\":\"https:\\\/\\\/www.webdo.tn\\\/fr\\\/\",\"name\":\"webdo\",\"description\":\"Tunisie - News en Tunisie et \u00e0 l&#039;international sur Webdo.tn\",\"publisher\":{\"@id\":\"https:\\\/\\\/www.webdo.tn\\\/fr\\\/#organization\"},\"potentialAction\":[{\"@type\":\"SearchAction\",\"target\":{\"@type\":\"EntryPoint\",\"urlTemplate\":\"https:\\\/\\\/www.webdo.tn\\\/fr\\\/?s={search_term_string}\"},\"query-input\":{\"@type\":\"PropertyValueSpecification\",\"valueRequired\":true,\"valueName\":\"search_term_string\"}}],\"inLanguage\":\"fr-FR\"},{\"@type\":\"Organization\",\"@id\":\"https:\\\/\\\/www.webdo.tn\\\/fr\\\/#organization\",\"name\":\"Webdo\",\"alternateName\":\"Webdo.tn\",\"url\":\"https:\\\/\\\/www.webdo.tn\\\/fr\\\/\",\"logo\":{\"@type\":\"ImageObject\",\"inLanguage\":\"fr-FR\",\"@id\":\"https:\\\/\\\/www.webdo.tn\\\/fr\\\/#\\\/schema\\\/logo\\\/image\\\/\",\"url\":\"https:\\\/\\\/www.webdo.tn\\\/fr\\\/wp-content\\\/uploads\\\/2025\\\/06\\\/Webdo-Tunisie_168377.jpg\",\"contentUrl\":\"https:\\\/\\\/www.webdo.tn\\\/fr\\\/wp-content\\\/uploads\\\/2025\\\/06\\\/Webdo-Tunisie_168377.jpg\",\"width\":301,\"height\":301,\"caption\":\"Webdo\"},\"image\":{\"@id\":\"https:\\\/\\\/www.webdo.tn\\\/fr\\\/#\\\/schema\\\/logo\\\/image\\\/\"},\"sameAs\":[\"https:\\\/\\\/www.facebook.com\\\/webdotn\",\"https:\\\/\\\/x.com\\\/webdo_tn\"],\"description\":\"Webdo est un m\u00e9dia num\u00e9rique tunisien fond\u00e9 en 2010, sp\u00e9cialis\u00e9 dans l\u2019actualit\u00e9 nationale et internationale, l\u2019\u00e9conomie, la soci\u00e9t\u00e9 et les analyses politiques. Le site s\u2019adresse \u00e0 un large public francophone et couvre l\u2019information tunisienne en temps r\u00e9el.\",\"email\":\"redac@webdo.tn\",\"legalName\":\"YNJ SARL\",\"foundingDate\":\"2010-09-06\",\"numberOfEmployees\":{\"@type\":\"QuantitativeValue\",\"minValue\":\"11\",\"maxValue\":\"50\"}},{\"@type\":\"Person\",\"@id\":\"https:\\\/\\\/www.webdo.tn\\\/fr\\\/#\\\/schema\\\/person\\\/f35b42a42c5e2511bbd282959d6385cc\",\"name\":\"CL\",\"image\":{\"@type\":\"ImageObject\",\"inLanguage\":\"fr-FR\",\"@id\":\"https:\\\/\\\/secure.gravatar.com\\\/avatar\\\/1447a49909b67aa657c488aec6512e1dd6143a480c1ecfee9b5b5cd74eb3b59e?s=96&d=mm&r=g\",\"url\":\"https:\\\/\\\/secure.gravatar.com\\\/avatar\\\/1447a49909b67aa657c488aec6512e1dd6143a480c1ecfee9b5b5cd74eb3b59e?s=96&d=mm&r=g\",\"contentUrl\":\"https:\\\/\\\/secure.gravatar.com\\\/avatar\\\/1447a49909b67aa657c488aec6512e1dd6143a480c1ecfee9b5b5cd74eb3b59e?s=96&d=mm&r=g\",\"caption\":\"CL\"},\"url\":\"https:\\\/\\\/www.webdo.tn\\\/fr\\\/actualite\\\/author\\\/cl\\\/\"}]}<\/script>\n<!-- \/ Yoast SEO Premium plugin. -->","yoast_head_json":{"title":"Kais Saied : \u00ab Un jour sans journaux est un jour triste \u00bb","description":"Le pr\u00e9sident de la R\u00e9publique, Kais Sa\u00efed, a re\u00e7u, aujourd'hui, mardi, au palais de Carthage, le Pdg de la Soci\u00e9t\u00e9 nouvelle d'imprimerie, de presse et d'\u00e9dition...","canonical":"https:\/\/www.webdo.tn\/fr\/actualite\/national\/kais-saied-un-jour-sans-journaux-est-un-jour-triste\/207806\/","og_locale":"fr_FR","og_type":"article","og_title":"Kais Saied : \u00ab Un jour sans journaux est un jour triste \u00bb","og_description":"Le pr\u00e9sident de la R\u00e9publique, Kais Sa\u00efed, a re\u00e7u, aujourd'hui, mardi, au palais de Carthage, le Pdg de la Soci\u00e9t\u00e9 nouvelle d'imprimerie, de presse et d'\u00e9dition...","og_url":"https:\/\/www.webdo.tn\/fr\/actualite\/national\/kais-saied-un-jour-sans-journaux-est-un-jour-triste\/207806\/","og_site_name":"webdo","article_publisher":"https:\/\/www.facebook.com\/webdotn","article_published_time":"2023-08-09T08:33:00+00:00","article_modified_time":"2025-05-20T22:41:55+00:00","og_image":[{"width":750,"height":400,"url":"https:\/\/www.webdo.tn\/fr\/wp-content\/uploads\/2023\/08\/fc8052617c53876229c65d8ba195a7cc.jpg","type":"image\/jpeg"}],"author":"CL","twitter_card":"summary_large_image","twitter_creator":"@webdo_tn","twitter_site":"@webdo_tn","twitter_misc":{"\u00c9crit par":"CL","Dur\u00e9e de lecture estim\u00e9e":"2 minutes"},"schema":{"@context":"https:\/\/schema.org","@graph":[{"@type":"NewsArticle","@id":"https:\/\/www.webdo.tn\/fr\/actualite\/national\/kais-saied-un-jour-sans-journaux-est-un-jour-triste\/207806\/#article","isPartOf":{"@id":"https:\/\/www.webdo.tn\/fr\/actualite\/national\/kais-saied-un-jour-sans-journaux-est-un-jour-triste\/207806\/"},"author":{"name":"CL","@id":"https:\/\/www.webdo.tn\/fr\/#\/schema\/person\/f35b42a42c5e2511bbd282959d6385cc"},"headline":"Kais Saied : \u00ab Un jour sans journaux est un jour triste \u00bb","datePublished":"2023-08-09T08:33:00+00:00","dateModified":"2025-05-20T22:41:55+00:00","mainEntityOfPage":{"@id":"https:\/\/www.webdo.tn\/fr\/actualite\/national\/kais-saied-un-jour-sans-journaux-est-un-jour-triste\/207806\/"},"wordCount":330,"commentCount":0,"publisher":{"@id":"https:\/\/www.webdo.tn\/fr\/#organization"},"image":{"@id":"https:\/\/www.webdo.tn\/fr\/actualite\/national\/kais-saied-un-jour-sans-journaux-est-un-jour-triste\/207806\/#primaryimage"},"thumbnailUrl":"https:\/\/www.webdo.tn\/fr\/wp-content\/uploads\/2023\/08\/fc8052617c53876229c65d8ba195a7cc.jpg","keywords":["journaux","Kais Saied","la presse","Tunisie"],"articleSection":["National"],"inLanguage":"fr-FR"},{"@type":"WebPage","@id":"https:\/\/www.webdo.tn\/fr\/actualite\/national\/kais-saied-un-jour-sans-journaux-est-un-jour-triste\/207806\/","url":"https:\/\/www.webdo.tn\/fr\/actualite\/national\/kais-saied-un-jour-sans-journaux-est-un-jour-triste\/207806\/","name":"Kais Saied : \u00ab Un jour sans journaux est un jour triste \u00bb","isPartOf":{"@id":"https:\/\/www.webdo.tn\/fr\/#website"},"primaryImageOfPage":{"@id":"https:\/\/www.webdo.tn\/fr\/actualite\/national\/kais-saied-un-jour-sans-journaux-est-un-jour-triste\/207806\/#primaryimage"},"image":{"@id":"https:\/\/www.webdo.tn\/fr\/actualite\/national\/kais-saied-un-jour-sans-journaux-est-un-jour-triste\/207806\/#primaryimage"},"thumbnailUrl":"https:\/\/www.webdo.tn\/fr\/wp-content\/uploads\/2023\/08\/fc8052617c53876229c65d8ba195a7cc.jpg","datePublished":"2023-08-09T08:33:00+00:00","dateModified":"2025-05-20T22:41:55+00:00","description":"Le pr\u00e9sident de la R\u00e9publique, Kais Sa\u00efed, a re\u00e7u, aujourd'hui, mardi, au palais de Carthage, le Pdg de la Soci\u00e9t\u00e9 nouvelle d'imprimerie, de presse et d'\u00e9dition...","breadcrumb":{"@id":"https:\/\/www.webdo.tn\/fr\/actualite\/national\/kais-saied-un-jour-sans-journaux-est-un-jour-triste\/207806\/#breadcrumb"},"inLanguage":"fr-FR","potentialAction":[{"@type":"ReadAction","target":["https:\/\/www.webdo.tn\/fr\/actualite\/national\/kais-saied-un-jour-sans-journaux-est-un-jour-triste\/207806\/"]}]},{"@type":"ImageObject","inLanguage":"fr-FR","@id":"https:\/\/www.webdo.tn\/fr\/actualite\/national\/kais-saied-un-jour-sans-journaux-est-un-jour-triste\/207806\/#primaryimage","url":"https:\/\/www.webdo.tn\/fr\/wp-content\/uploads\/2023\/08\/fc8052617c53876229c65d8ba195a7cc.jpg","contentUrl":"https:\/\/www.webdo.tn\/fr\/wp-content\/uploads\/2023\/08\/fc8052617c53876229c65d8ba195a7cc.jpg","width":750,"height":400,"caption":"Kais Saied : \u00ab Un jour sans journaux est un jour triste \u00bb"},{"@type":"BreadcrumbList","@id":"https:\/\/www.webdo.tn\/fr\/actualite\/national\/kais-saied-un-jour-sans-journaux-est-un-jour-triste\/207806\/#breadcrumb","itemListElement":[{"@type":"ListItem","position":1,"name":"Accueil","item":"https:\/\/www.webdo.tn\/fr\/"},{"@type":"ListItem","position":2,"name":"Kais Saied : \u00ab Un jour sans journaux est un jour triste \u00bb"}]},{"@type":"WebSite","@id":"https:\/\/www.webdo.tn\/fr\/#website","url":"https:\/\/www.webdo.tn\/fr\/","name":"webdo","description":"Tunisie - News en Tunisie et \u00e0 l&#039;international sur Webdo.tn","publisher":{"@id":"https:\/\/www.webdo.tn\/fr\/#organization"},"potentialAction":[{"@type":"SearchAction","target":{"@type":"EntryPoint","urlTemplate":"https:\/\/www.webdo.tn\/fr\/?s={search_term_string}"},"query-input":{"@type":"PropertyValueSpecification","valueRequired":true,"valueName":"search_term_string"}}],"inLanguage":"fr-FR"},{"@type":"Organization","@id":"https:\/\/www.webdo.tn\/fr\/#organization","name":"Webdo","alternateName":"Webdo.tn","url":"https:\/\/www.webdo.tn\/fr\/","logo":{"@type":"ImageObject","inLanguage":"fr-FR","@id":"https:\/\/www.webdo.tn\/fr\/#\/schema\/logo\/image\/","url":"https:\/\/www.webdo.tn\/fr\/wp-content\/uploads\/2025\/06\/Webdo-Tunisie_168377.jpg","contentUrl":"https:\/\/www.webdo.tn\/fr\/wp-content\/uploads\/2025\/06\/Webdo-Tunisie_168377.jpg","width":301,"height":301,"caption":"Webdo"},"image":{"@id":"https:\/\/www.webdo.tn\/fr\/#\/schema\/logo\/image\/"},"sameAs":["https:\/\/www.facebook.com\/webdotn","https:\/\/x.com\/webdo_tn"],"description":"Webdo est un m\u00e9dia num\u00e9rique tunisien fond\u00e9 en 2010, sp\u00e9cialis\u00e9 dans l\u2019actualit\u00e9 nationale et internationale, l\u2019\u00e9conomie, la soci\u00e9t\u00e9 et les analyses politiques. Le site s\u2019adresse \u00e0 un large public francophone et couvre l\u2019information tunisienne en temps r\u00e9el.","email":"redac@webdo.tn","legalName":"YNJ SARL","foundingDate":"2010-09-06","numberOfEmployees":{"@type":"QuantitativeValue","minValue":"11","maxValue":"50"}},{"@type":"Person","@id":"https:\/\/www.webdo.tn\/fr\/#\/schema\/person\/f35b42a42c5e2511bbd282959d6385cc","name":"CL","image":{"@type":"ImageObject","inLanguage":"fr-FR","@id":"https:\/\/secure.gravatar.com\/avatar\/1447a49909b67aa657c488aec6512e1dd6143a480c1ecfee9b5b5cd74eb3b59e?s=96&d=mm&r=g","url":"https:\/\/secure.gravatar.com\/avatar\/1447a49909b67aa657c488aec6512e1dd6143a480c1ecfee9b5b5cd74eb3b59e?s=96&d=mm&r=g","contentUrl":"https:\/\/secure.gravatar.com\/avatar\/1447a49909b67aa657c488aec6512e1dd6143a480c1ecfee9b5b5cd74eb3b59e?s=96&d=mm&r=g","caption":"CL"},"url":"https:\/\/www.webdo.tn\/fr\/actualite\/author\/cl\/"}]}},"_links":{"self":[{"href":"https:\/\/www.webdo.tn\/fr\/wp-json\/wp\/v2\/posts\/207806","targetHints":{"allow":["GET"]}}],"collection":[{"href":"https:\/\/www.webdo.tn\/fr\/wp-json\/wp\/v2\/posts"}],"about":[{"href":"https:\/\/www.webdo.tn\/fr\/wp-json\/wp\/v2\/types\/post"}],"author":[{"embeddable":true,"href":"https:\/\/www.webdo.tn\/fr\/wp-json\/wp\/v2\/users\/3175"}],"replies":[{"embeddable":true,"href":"https:\/\/www.webdo.tn\/fr\/wp-json\/wp\/v2\/comments?post=207806"}],"version-history":[{"count":0,"href":"https:\/\/www.webdo.tn\/fr\/wp-json\/wp\/v2\/posts\/207806\/revisions"}],"wp:featuredmedia":[{"embeddable":true,"href":"https:\/\/www.webdo.tn\/fr\/wp-json\/wp\/v2\/media\/249593"}],"wp:attachment":[{"href":"https:\/\/www.webdo.tn\/fr\/wp-json\/wp\/v2\/media?parent=207806"}],"wp:term":[{"taxonomy":"category","embeddable":true,"href":"https:\/\/www.webdo.tn\/fr\/wp-json\/wp\/v2\/categories?post=207806"},{"taxonomy":"post_tag","embeddable":true,"href":"https:\/\/www.webdo.tn\/fr\/wp-json\/wp\/v2\/tags?post=207806"}],"curies":[{"name":"wp","href":"https:\/\/api.w.org\/{rel}","templated":true}]}}