{"id":207799,"date":"2023-08-08T19:25:00","date_gmt":"2023-08-08T19:25:00","guid":{"rendered":"https:\/\/www.webdo.tn\/fr\/blog\/ahmed-hachani-appelle-a-des-mesures-pour-garantir-un-approvisionnement-regulier-en-pain\/207799\/"},"modified":"2023-08-08T19:25:00","modified_gmt":"2023-08-08T19:25:00","slug":"ahmed-hachani-appelle-a-des-mesures-pour-garantir-un-approvisionnement-regulier-en-pain","status":"publish","type":"post","link":"https:\/\/www.webdo.tn\/fr\/actualite\/national\/ahmed-hachani-appelle-a-des-mesures-pour-garantir-un-approvisionnement-regulier-en-pain\/207799\/","title":{"rendered":"Ahmed Hachani appelle \u00e0 des mesures pour garantir un approvisionnement r\u00e9gulier en pain"},"content":{"rendered":"<p>Le chef du gouvernement Ahmed Hachani a appel\u00e9, ce mardi 8 ao\u00fbt 2023, \u00e0 acc\u00e9l\u00e9rer la mise en place de mesures pour garantir un approvisionnement normal et r\u00e9gulier en pain et \u00e0 surmonter les difficult\u00e9s enregistr\u00e9es, ces derni\u00e8res semaines, selon un communiqu\u00e9 publi\u00e9 par la pr\u00e9sidence du gouvernement.<\/p>\n<p>\t\t\t\t\t\t\t\t\tC&rsquo;est en marge d&rsquo;une rencontre, au Palais du gouvernement \u00e0 la Kasbah, avec la ministre du Commerce et du d\u00e9veloppement des exportations, Kalthoum Ben Rejeb Guezzah, que le chef du gouvernement a insist\u00e9 sur la n\u00e9cessit\u00e9 d&rsquo;accorder \u00e0 cette probl\u00e9matique l&rsquo;importance qu&rsquo;elle m\u00e9rite au niveau du d\u00e9partement du Commerce.<\/p>\n<p>Ahmed Hachani a \u00e9galement appel\u00e9 \u00e0 intensifier la coordination entre les diff\u00e9rents acteurs dans ce domaine afin d&rsquo;examiner les propositions et les sc\u00e9narios possibles pour le d\u00e9veloppement du secteur.<\/p>\n","protected":false},"excerpt":{"rendered":"<p>Le chef du gouvernement Ahmed Hachani a appel\u00e9, ce mardi 8 ao\u00fbt 2023, \u00e0 acc\u00e9l\u00e9rer la mise en place de mesures pour garantir un approvisionnement normal et r\u00e9gul&#8230;<\/p>\n","protected":false},"author":3169,"featured_media":249592,"comment_status":"open","ping_status":"closed","sticky":false,"template":"","format":"standard","meta":{"footnotes":""},"categories":[44],"tags":[5951,3482,3767,2608],"class_list":["post-207799","post","type-post","status-publish","format-standard","has-post-thumbnail","hentry","category-national","tag-ahmed-hachani","tag-commerce","tag-pain","tag-tunisie"],"yoast_head":"<!-- This site is optimized with the Yoast SEO Premium plugin v27.5 (Yoast SEO v27.5) - https:\/\/yoast.com\/product\/yoast-seo-premium-wordpress\/ -->\n<title>Ahmed Hachani appelle \u00e0 des mesures pour garantir un approvisionnement r\u00e9gulier en pain<\/title>\n<meta name=\"description\" content=\"Le chef du gouvernement Ahmed Hachani a appel\u00e9, ce mardi 8 ao\u00fbt 2023, \u00e0 acc\u00e9l\u00e9rer la mise en place de mesures pour garantir un approvisionnement normal et r\u00e9gul...\" \/>\n<link rel=\"canonical\" href=\"https:\/\/www.webdo.tn\/fr\/actualite\/national\/ahmed-hachani-appelle-a-des-mesures-pour-garantir-un-approvisionnement-regulier-en-pain\/207799\/\" \/>\n<meta property=\"og:locale\" content=\"fr_FR\" \/>\n<meta property=\"og:type\" content=\"article\" \/>\n<meta property=\"og:title\" content=\"Ahmed Hachani appelle \u00e0 des mesures pour garantir un approvisionnement r\u00e9gulier en pain\" \/>\n<meta property=\"og:description\" content=\"Le chef du gouvernement Ahmed Hachani a appel\u00e9, ce mardi 8 ao\u00fbt 2023, \u00e0 acc\u00e9l\u00e9rer la mise en place de mesures pour garantir un approvisionnement normal et r\u00e9gul...\" \/>\n<meta property=\"og:url\" content=\"https:\/\/www.webdo.tn\/fr\/actualite\/national\/ahmed-hachani-appelle-a-des-mesures-pour-garantir-un-approvisionnement-regulier-en-pain\/207799\/\" \/>\n<meta property=\"og:site_name\" content=\"webdo\" \/>\n<meta property=\"article:publisher\" content=\"https:\/\/www.facebook.com\/webdotn\" \/>\n<meta property=\"article:published_time\" content=\"2023-08-08T19:25:00+00:00\" \/>\n<meta property=\"og:image\" content=\"https:\/\/www.webdo.tn\/fr\/wp-content\/uploads\/2023\/08\/8d85224c105b42ca883aebabf8969a65.png\" \/>\n\t<meta property=\"og:image:width\" content=\"750\" \/>\n\t<meta property=\"og:image:height\" content=\"400\" \/>\n\t<meta property=\"og:image:type\" content=\"image\/png\" \/>\n<meta name=\"author\" content=\"Webdo\" \/>\n<meta name=\"twitter:card\" content=\"summary_large_image\" \/>\n<meta name=\"twitter:creator\" content=\"@webdo_tn\" \/>\n<meta name=\"twitter:site\" content=\"@webdo_tn\" \/>\n<meta name=\"twitter:label1\" content=\"\u00c9crit par\" \/>\n\t<meta name=\"twitter:data1\" content=\"Webdo\" \/>\n\t<meta name=\"twitter:label2\" content=\"Dur\u00e9e de lecture estim\u00e9e\" \/>\n\t<meta name=\"twitter:data2\" content=\"1 minute\" \/>\n<script type=\"application\/ld+json\" class=\"yoast-schema-graph\">{\"@context\":\"https:\\\/\\\/schema.org\",\"@graph\":[{\"@type\":\"NewsArticle\",\"@id\":\"https:\\\/\\\/www.webdo.tn\\\/fr\\\/actualite\\\/national\\\/ahmed-hachani-appelle-a-des-mesures-pour-garantir-un-approvisionnement-regulier-en-pain\\\/207799\\\/#article\",\"isPartOf\":{\"@id\":\"https:\\\/\\\/www.webdo.tn\\\/fr\\\/actualite\\\/national\\\/ahmed-hachani-appelle-a-des-mesures-pour-garantir-un-approvisionnement-regulier-en-pain\\\/207799\\\/\"},\"author\":{\"name\":\"Webdo\",\"@id\":\"https:\\\/\\\/www.webdo.tn\\\/fr\\\/#\\\/schema\\\/person\\\/1f4e491e0907b413d61089e8eb573acc\"},\"headline\":\"Ahmed Hachani appelle \u00e0 des mesures pour garantir un approvisionnement r\u00e9gulier en pain\",\"datePublished\":\"2023-08-08T19:25:00+00:00\",\"mainEntityOfPage\":{\"@id\":\"https:\\\/\\\/www.webdo.tn\\\/fr\\\/actualite\\\/national\\\/ahmed-hachani-appelle-a-des-mesures-pour-garantir-un-approvisionnement-regulier-en-pain\\\/207799\\\/\"},\"wordCount\":154,\"commentCount\":0,\"publisher\":{\"@id\":\"https:\\\/\\\/www.webdo.tn\\\/fr\\\/#organization\"},\"image\":{\"@id\":\"https:\\\/\\\/www.webdo.tn\\\/fr\\\/actualite\\\/national\\\/ahmed-hachani-appelle-a-des-mesures-pour-garantir-un-approvisionnement-regulier-en-pain\\\/207799\\\/#primaryimage\"},\"thumbnailUrl\":\"https:\\\/\\\/www.webdo.tn\\\/fr\\\/wp-content\\\/uploads\\\/2023\\\/08\\\/8d85224c105b42ca883aebabf8969a65.png\",\"keywords\":[\"ahmed hachani\",\"commerce\",\"pain\",\"Tunisie\"],\"articleSection\":[\"National\"],\"inLanguage\":\"fr-FR\"},{\"@type\":\"WebPage\",\"@id\":\"https:\\\/\\\/www.webdo.tn\\\/fr\\\/actualite\\\/national\\\/ahmed-hachani-appelle-a-des-mesures-pour-garantir-un-approvisionnement-regulier-en-pain\\\/207799\\\/\",\"url\":\"https:\\\/\\\/www.webdo.tn\\\/fr\\\/actualite\\\/national\\\/ahmed-hachani-appelle-a-des-mesures-pour-garantir-un-approvisionnement-regulier-en-pain\\\/207799\\\/\",\"name\":\"Ahmed Hachani appelle \u00e0 des mesures pour garantir un approvisionnement r\u00e9gulier en pain\",\"isPartOf\":{\"@id\":\"https:\\\/\\\/www.webdo.tn\\\/fr\\\/#website\"},\"primaryImageOfPage\":{\"@id\":\"https:\\\/\\\/www.webdo.tn\\\/fr\\\/actualite\\\/national\\\/ahmed-hachani-appelle-a-des-mesures-pour-garantir-un-approvisionnement-regulier-en-pain\\\/207799\\\/#primaryimage\"},\"image\":{\"@id\":\"https:\\\/\\\/www.webdo.tn\\\/fr\\\/actualite\\\/national\\\/ahmed-hachani-appelle-a-des-mesures-pour-garantir-un-approvisionnement-regulier-en-pain\\\/207799\\\/#primaryimage\"},\"thumbnailUrl\":\"https:\\\/\\\/www.webdo.tn\\\/fr\\\/wp-content\\\/uploads\\\/2023\\\/08\\\/8d85224c105b42ca883aebabf8969a65.png\",\"datePublished\":\"2023-08-08T19:25:00+00:00\",\"description\":\"Le chef du gouvernement Ahmed Hachani a appel\u00e9, ce mardi 8 ao\u00fbt 2023, \u00e0 acc\u00e9l\u00e9rer la mise en place de mesures pour garantir un approvisionnement normal et r\u00e9gul...\",\"breadcrumb\":{\"@id\":\"https:\\\/\\\/www.webdo.tn\\\/fr\\\/actualite\\\/national\\\/ahmed-hachani-appelle-a-des-mesures-pour-garantir-un-approvisionnement-regulier-en-pain\\\/207799\\\/#breadcrumb\"},\"inLanguage\":\"fr-FR\",\"potentialAction\":[{\"@type\":\"ReadAction\",\"target\":[\"https:\\\/\\\/www.webdo.tn\\\/fr\\\/actualite\\\/national\\\/ahmed-hachani-appelle-a-des-mesures-pour-garantir-un-approvisionnement-regulier-en-pain\\\/207799\\\/\"]}]},{\"@type\":\"ImageObject\",\"inLanguage\":\"fr-FR\",\"@id\":\"https:\\\/\\\/www.webdo.tn\\\/fr\\\/actualite\\\/national\\\/ahmed-hachani-appelle-a-des-mesures-pour-garantir-un-approvisionnement-regulier-en-pain\\\/207799\\\/#primaryimage\",\"url\":\"https:\\\/\\\/www.webdo.tn\\\/fr\\\/wp-content\\\/uploads\\\/2023\\\/08\\\/8d85224c105b42ca883aebabf8969a65.png\",\"contentUrl\":\"https:\\\/\\\/www.webdo.tn\\\/fr\\\/wp-content\\\/uploads\\\/2023\\\/08\\\/8d85224c105b42ca883aebabf8969a65.png\",\"width\":750,\"height\":400,\"caption\":\"Ahmed Hachani appelle \u00e0 des mesures pour garantir un approvisionnement r\u00e9gulier en pain\"},{\"@type\":\"BreadcrumbList\",\"@id\":\"https:\\\/\\\/www.webdo.tn\\\/fr\\\/actualite\\\/national\\\/ahmed-hachani-appelle-a-des-mesures-pour-garantir-un-approvisionnement-regulier-en-pain\\\/207799\\\/#breadcrumb\",\"itemListElement\":[{\"@type\":\"ListItem\",\"position\":1,\"name\":\"Accueil\",\"item\":\"https:\\\/\\\/www.webdo.tn\\\/fr\\\/\"},{\"@type\":\"ListItem\",\"position\":2,\"name\":\"Ahmed Hachani appelle \u00e0 des mesures pour garantir un approvisionnement r\u00e9gulier en pain\"}]},{\"@type\":\"WebSite\",\"@id\":\"https:\\\/\\\/www.webdo.tn\\\/fr\\\/#website\",\"url\":\"https:\\\/\\\/www.webdo.tn\\\/fr\\\/\",\"name\":\"webdo\",\"description\":\"Tunisie - News en Tunisie et \u00e0 l&#039;international sur Webdo.tn\",\"publisher\":{\"@id\":\"https:\\\/\\\/www.webdo.tn\\\/fr\\\/#organization\"},\"potentialAction\":[{\"@type\":\"SearchAction\",\"target\":{\"@type\":\"EntryPoint\",\"urlTemplate\":\"https:\\\/\\\/www.webdo.tn\\\/fr\\\/?s={search_term_string}\"},\"query-input\":{\"@type\":\"PropertyValueSpecification\",\"valueRequired\":true,\"valueName\":\"search_term_string\"}}],\"inLanguage\":\"fr-FR\"},{\"@type\":\"Organization\",\"@id\":\"https:\\\/\\\/www.webdo.tn\\\/fr\\\/#organization\",\"name\":\"Webdo\",\"alternateName\":\"Webdo.tn\",\"url\":\"https:\\\/\\\/www.webdo.tn\\\/fr\\\/\",\"logo\":{\"@type\":\"ImageObject\",\"inLanguage\":\"fr-FR\",\"@id\":\"https:\\\/\\\/www.webdo.tn\\\/fr\\\/#\\\/schema\\\/logo\\\/image\\\/\",\"url\":\"https:\\\/\\\/www.webdo.tn\\\/fr\\\/wp-content\\\/uploads\\\/2025\\\/06\\\/Webdo-Tunisie_168377.jpg\",\"contentUrl\":\"https:\\\/\\\/www.webdo.tn\\\/fr\\\/wp-content\\\/uploads\\\/2025\\\/06\\\/Webdo-Tunisie_168377.jpg\",\"width\":301,\"height\":301,\"caption\":\"Webdo\"},\"image\":{\"@id\":\"https:\\\/\\\/www.webdo.tn\\\/fr\\\/#\\\/schema\\\/logo\\\/image\\\/\"},\"sameAs\":[\"https:\\\/\\\/www.facebook.com\\\/webdotn\",\"https:\\\/\\\/x.com\\\/webdo_tn\"],\"description\":\"Webdo est un m\u00e9dia num\u00e9rique tunisien fond\u00e9 en 2010, sp\u00e9cialis\u00e9 dans l\u2019actualit\u00e9 nationale et internationale, l\u2019\u00e9conomie, la soci\u00e9t\u00e9 et les analyses politiques. Le site s\u2019adresse \u00e0 un large public francophone et couvre l\u2019information tunisienne en temps r\u00e9el.\",\"email\":\"redac@webdo.tn\",\"legalName\":\"YNJ SARL\",\"foundingDate\":\"2010-09-06\",\"numberOfEmployees\":{\"@type\":\"QuantitativeValue\",\"minValue\":\"11\",\"maxValue\":\"50\"}},{\"@type\":\"Person\",\"@id\":\"https:\\\/\\\/www.webdo.tn\\\/fr\\\/#\\\/schema\\\/person\\\/1f4e491e0907b413d61089e8eb573acc\",\"name\":\"Webdo\",\"image\":{\"@type\":\"ImageObject\",\"inLanguage\":\"fr-FR\",\"@id\":\"https:\\\/\\\/secure.gravatar.com\\\/avatar\\\/de97aeec1bb80978a9dbb127e47dfc88aaacb2f3c29aac907d8d3222e3495d49?s=96&d=mm&r=g\",\"url\":\"https:\\\/\\\/secure.gravatar.com\\\/avatar\\\/de97aeec1bb80978a9dbb127e47dfc88aaacb2f3c29aac907d8d3222e3495d49?s=96&d=mm&r=g\",\"contentUrl\":\"https:\\\/\\\/secure.gravatar.com\\\/avatar\\\/de97aeec1bb80978a9dbb127e47dfc88aaacb2f3c29aac907d8d3222e3495d49?s=96&d=mm&r=g\",\"caption\":\"Webdo\"},\"url\":\"https:\\\/\\\/www.webdo.tn\\\/fr\\\/actualite\\\/author\\\/webdo\\\/\"}]}<\/script>\n<!-- \/ Yoast SEO Premium plugin. -->","yoast_head_json":{"title":"Ahmed Hachani appelle \u00e0 des mesures pour garantir un approvisionnement r\u00e9gulier en pain","description":"Le chef du gouvernement Ahmed Hachani a appel\u00e9, ce mardi 8 ao\u00fbt 2023, \u00e0 acc\u00e9l\u00e9rer la mise en place de mesures pour garantir un approvisionnement normal et r\u00e9gul...","canonical":"https:\/\/www.webdo.tn\/fr\/actualite\/national\/ahmed-hachani-appelle-a-des-mesures-pour-garantir-un-approvisionnement-regulier-en-pain\/207799\/","og_locale":"fr_FR","og_type":"article","og_title":"Ahmed Hachani appelle \u00e0 des mesures pour garantir un approvisionnement r\u00e9gulier en pain","og_description":"Le chef du gouvernement Ahmed Hachani a appel\u00e9, ce mardi 8 ao\u00fbt 2023, \u00e0 acc\u00e9l\u00e9rer la mise en place de mesures pour garantir un approvisionnement normal et r\u00e9gul...","og_url":"https:\/\/www.webdo.tn\/fr\/actualite\/national\/ahmed-hachani-appelle-a-des-mesures-pour-garantir-un-approvisionnement-regulier-en-pain\/207799\/","og_site_name":"webdo","article_publisher":"https:\/\/www.facebook.com\/webdotn","article_published_time":"2023-08-08T19:25:00+00:00","og_image":[{"width":750,"height":400,"url":"https:\/\/www.webdo.tn\/fr\/wp-content\/uploads\/2023\/08\/8d85224c105b42ca883aebabf8969a65.png","type":"image\/png"}],"author":"Webdo","twitter_card":"summary_large_image","twitter_creator":"@webdo_tn","twitter_site":"@webdo_tn","twitter_misc":{"\u00c9crit par":"Webdo","Dur\u00e9e de lecture estim\u00e9e":"1 minute"},"schema":{"@context":"https:\/\/schema.org","@graph":[{"@type":"NewsArticle","@id":"https:\/\/www.webdo.tn\/fr\/actualite\/national\/ahmed-hachani-appelle-a-des-mesures-pour-garantir-un-approvisionnement-regulier-en-pain\/207799\/#article","isPartOf":{"@id":"https:\/\/www.webdo.tn\/fr\/actualite\/national\/ahmed-hachani-appelle-a-des-mesures-pour-garantir-un-approvisionnement-regulier-en-pain\/207799\/"},"author":{"name":"Webdo","@id":"https:\/\/www.webdo.tn\/fr\/#\/schema\/person\/1f4e491e0907b413d61089e8eb573acc"},"headline":"Ahmed Hachani appelle \u00e0 des mesures pour garantir un approvisionnement r\u00e9gulier en pain","datePublished":"2023-08-08T19:25:00+00:00","mainEntityOfPage":{"@id":"https:\/\/www.webdo.tn\/fr\/actualite\/national\/ahmed-hachani-appelle-a-des-mesures-pour-garantir-un-approvisionnement-regulier-en-pain\/207799\/"},"wordCount":154,"commentCount":0,"publisher":{"@id":"https:\/\/www.webdo.tn\/fr\/#organization"},"image":{"@id":"https:\/\/www.webdo.tn\/fr\/actualite\/national\/ahmed-hachani-appelle-a-des-mesures-pour-garantir-un-approvisionnement-regulier-en-pain\/207799\/#primaryimage"},"thumbnailUrl":"https:\/\/www.webdo.tn\/fr\/wp-content\/uploads\/2023\/08\/8d85224c105b42ca883aebabf8969a65.png","keywords":["ahmed hachani","commerce","pain","Tunisie"],"articleSection":["National"],"inLanguage":"fr-FR"},{"@type":"WebPage","@id":"https:\/\/www.webdo.tn\/fr\/actualite\/national\/ahmed-hachani-appelle-a-des-mesures-pour-garantir-un-approvisionnement-regulier-en-pain\/207799\/","url":"https:\/\/www.webdo.tn\/fr\/actualite\/national\/ahmed-hachani-appelle-a-des-mesures-pour-garantir-un-approvisionnement-regulier-en-pain\/207799\/","name":"Ahmed Hachani appelle \u00e0 des mesures pour garantir un approvisionnement r\u00e9gulier en pain","isPartOf":{"@id":"https:\/\/www.webdo.tn\/fr\/#website"},"primaryImageOfPage":{"@id":"https:\/\/www.webdo.tn\/fr\/actualite\/national\/ahmed-hachani-appelle-a-des-mesures-pour-garantir-un-approvisionnement-regulier-en-pain\/207799\/#primaryimage"},"image":{"@id":"https:\/\/www.webdo.tn\/fr\/actualite\/national\/ahmed-hachani-appelle-a-des-mesures-pour-garantir-un-approvisionnement-regulier-en-pain\/207799\/#primaryimage"},"thumbnailUrl":"https:\/\/www.webdo.tn\/fr\/wp-content\/uploads\/2023\/08\/8d85224c105b42ca883aebabf8969a65.png","datePublished":"2023-08-08T19:25:00+00:00","description":"Le chef du gouvernement Ahmed Hachani a appel\u00e9, ce mardi 8 ao\u00fbt 2023, \u00e0 acc\u00e9l\u00e9rer la mise en place de mesures pour garantir un approvisionnement normal et r\u00e9gul...","breadcrumb":{"@id":"https:\/\/www.webdo.tn\/fr\/actualite\/national\/ahmed-hachani-appelle-a-des-mesures-pour-garantir-un-approvisionnement-regulier-en-pain\/207799\/#breadcrumb"},"inLanguage":"fr-FR","potentialAction":[{"@type":"ReadAction","target":["https:\/\/www.webdo.tn\/fr\/actualite\/national\/ahmed-hachani-appelle-a-des-mesures-pour-garantir-un-approvisionnement-regulier-en-pain\/207799\/"]}]},{"@type":"ImageObject","inLanguage":"fr-FR","@id":"https:\/\/www.webdo.tn\/fr\/actualite\/national\/ahmed-hachani-appelle-a-des-mesures-pour-garantir-un-approvisionnement-regulier-en-pain\/207799\/#primaryimage","url":"https:\/\/www.webdo.tn\/fr\/wp-content\/uploads\/2023\/08\/8d85224c105b42ca883aebabf8969a65.png","contentUrl":"https:\/\/www.webdo.tn\/fr\/wp-content\/uploads\/2023\/08\/8d85224c105b42ca883aebabf8969a65.png","width":750,"height":400,"caption":"Ahmed Hachani appelle \u00e0 des mesures pour garantir un approvisionnement r\u00e9gulier en pain"},{"@type":"BreadcrumbList","@id":"https:\/\/www.webdo.tn\/fr\/actualite\/national\/ahmed-hachani-appelle-a-des-mesures-pour-garantir-un-approvisionnement-regulier-en-pain\/207799\/#breadcrumb","itemListElement":[{"@type":"ListItem","position":1,"name":"Accueil","item":"https:\/\/www.webdo.tn\/fr\/"},{"@type":"ListItem","position":2,"name":"Ahmed Hachani appelle \u00e0 des mesures pour garantir un approvisionnement r\u00e9gulier en pain"}]},{"@type":"WebSite","@id":"https:\/\/www.webdo.tn\/fr\/#website","url":"https:\/\/www.webdo.tn\/fr\/","name":"webdo","description":"Tunisie - News en Tunisie et \u00e0 l&#039;international sur Webdo.tn","publisher":{"@id":"https:\/\/www.webdo.tn\/fr\/#organization"},"potentialAction":[{"@type":"SearchAction","target":{"@type":"EntryPoint","urlTemplate":"https:\/\/www.webdo.tn\/fr\/?s={search_term_string}"},"query-input":{"@type":"PropertyValueSpecification","valueRequired":true,"valueName":"search_term_string"}}],"inLanguage":"fr-FR"},{"@type":"Organization","@id":"https:\/\/www.webdo.tn\/fr\/#organization","name":"Webdo","alternateName":"Webdo.tn","url":"https:\/\/www.webdo.tn\/fr\/","logo":{"@type":"ImageObject","inLanguage":"fr-FR","@id":"https:\/\/www.webdo.tn\/fr\/#\/schema\/logo\/image\/","url":"https:\/\/www.webdo.tn\/fr\/wp-content\/uploads\/2025\/06\/Webdo-Tunisie_168377.jpg","contentUrl":"https:\/\/www.webdo.tn\/fr\/wp-content\/uploads\/2025\/06\/Webdo-Tunisie_168377.jpg","width":301,"height":301,"caption":"Webdo"},"image":{"@id":"https:\/\/www.webdo.tn\/fr\/#\/schema\/logo\/image\/"},"sameAs":["https:\/\/www.facebook.com\/webdotn","https:\/\/x.com\/webdo_tn"],"description":"Webdo est un m\u00e9dia num\u00e9rique tunisien fond\u00e9 en 2010, sp\u00e9cialis\u00e9 dans l\u2019actualit\u00e9 nationale et internationale, l\u2019\u00e9conomie, la soci\u00e9t\u00e9 et les analyses politiques. Le site s\u2019adresse \u00e0 un large public francophone et couvre l\u2019information tunisienne en temps r\u00e9el.","email":"redac@webdo.tn","legalName":"YNJ SARL","foundingDate":"2010-09-06","numberOfEmployees":{"@type":"QuantitativeValue","minValue":"11","maxValue":"50"}},{"@type":"Person","@id":"https:\/\/www.webdo.tn\/fr\/#\/schema\/person\/1f4e491e0907b413d61089e8eb573acc","name":"Webdo","image":{"@type":"ImageObject","inLanguage":"fr-FR","@id":"https:\/\/secure.gravatar.com\/avatar\/de97aeec1bb80978a9dbb127e47dfc88aaacb2f3c29aac907d8d3222e3495d49?s=96&d=mm&r=g","url":"https:\/\/secure.gravatar.com\/avatar\/de97aeec1bb80978a9dbb127e47dfc88aaacb2f3c29aac907d8d3222e3495d49?s=96&d=mm&r=g","contentUrl":"https:\/\/secure.gravatar.com\/avatar\/de97aeec1bb80978a9dbb127e47dfc88aaacb2f3c29aac907d8d3222e3495d49?s=96&d=mm&r=g","caption":"Webdo"},"url":"https:\/\/www.webdo.tn\/fr\/actualite\/author\/webdo\/"}]}},"_links":{"self":[{"href":"https:\/\/www.webdo.tn\/fr\/wp-json\/wp\/v2\/posts\/207799","targetHints":{"allow":["GET"]}}],"collection":[{"href":"https:\/\/www.webdo.tn\/fr\/wp-json\/wp\/v2\/posts"}],"about":[{"href":"https:\/\/www.webdo.tn\/fr\/wp-json\/wp\/v2\/types\/post"}],"author":[{"embeddable":true,"href":"https:\/\/www.webdo.tn\/fr\/wp-json\/wp\/v2\/users\/3169"}],"replies":[{"embeddable":true,"href":"https:\/\/www.webdo.tn\/fr\/wp-json\/wp\/v2\/comments?post=207799"}],"version-history":[{"count":0,"href":"https:\/\/www.webdo.tn\/fr\/wp-json\/wp\/v2\/posts\/207799\/revisions"}],"wp:featuredmedia":[{"embeddable":true,"href":"https:\/\/www.webdo.tn\/fr\/wp-json\/wp\/v2\/media\/249592"}],"wp:attachment":[{"href":"https:\/\/www.webdo.tn\/fr\/wp-json\/wp\/v2\/media?parent=207799"}],"wp:term":[{"taxonomy":"category","embeddable":true,"href":"https:\/\/www.webdo.tn\/fr\/wp-json\/wp\/v2\/categories?post=207799"},{"taxonomy":"post_tag","embeddable":true,"href":"https:\/\/www.webdo.tn\/fr\/wp-json\/wp\/v2\/tags?post=207799"}],"curies":[{"name":"wp","href":"https:\/\/api.w.org\/{rel}","templated":true}]}}