{"id":207787,"date":"2023-08-08T11:42:00","date_gmt":"2023-08-08T11:42:00","guid":{"rendered":"https:\/\/www.webdo.tn\/fr\/blog\/le-rosaire-une-eglise-sicilienne-au-coeur-de-bab-djedid\/207787\/"},"modified":"2023-08-08T11:42:00","modified_gmt":"2023-08-08T11:42:00","slug":"le-rosaire-une-eglise-sicilienne-au-coeur-de-bab-djedid","status":"publish","type":"post","link":"https:\/\/www.webdo.tn\/fr\/actualite\/chroniques\/le-rosaire-une-eglise-sicilienne-au-coeur-de-bab-djedid\/207787\/","title":{"rendered":"Le Rosaire : Une \u00e9glise sicilienne au c\u0153ur de Bab Djedid"},"content":{"rendered":"<p>Fond\u00e9e en 1896 et dirig\u00e9e par les Sal\u00e9siens de Don Bosco, l&rsquo;\u00e9glise du Rosaire, d\u00e9saffect\u00e9e depuis les ann\u00e9es soixante, est aujourd&rsquo;hui en ruines.<\/p>\n<p>\t\t\t\t\t\t\t\t\tComment \u00e9voquer l&rsquo;\u00e9glise du Rosaire, si ch\u00e8re \u00e0 mon c\u0153ur, ne serait-ce que par le souvenir des cloches dont les sonorit\u00e9s parvenaient jusqu&rsquo;\u00e0 ma chambre d&rsquo;enfant ?\u00a0<\/p>\n<p>Je pourrais le faire s\u00e8chement en alignant les dates et les noms, en remontant la g\u00e9n\u00e9alogie des pr\u00eatres sal\u00e9siens jusqu&rsquo;\u00e0 Don Jos\u00e9phidis, en rapportant les travaux et les jours de la communaut\u00e9 et des paroissiens.\u00a0<\/p>\n<p>Je pourrais aussi le faire en me rem\u00e9morant l&rsquo;\u00e9trange b\u00e2timent qui dominait une rue \u00e9triqu\u00e9e et commandait un quartier populaire, habit\u00e9 par des familles d&rsquo;origine sicilienne.\u00a0<\/p>\n<p>Que de fois n&rsquo;ai-je travers\u00e9 cette rue de l&rsquo;\u00c9cole o\u00f9 se trouvait le magasin Spoutnik Alaoui et qui menait \u00e0 l&rsquo;un des cin\u00e9mas de mon quartier : celui de la rue Sidi El Benna ! C&rsquo;est dans ce cin\u00e9ma qui servait aussi de salle des f\u00eates que mes parents se sont mari\u00e9s et c&rsquo;est l\u00e0 que, certains samedis, je venais fi\u00e9vreusement regarder des films d&rsquo;aventure, assis sur des banquettes en bois, dans une salle rudimentaire dont les murs \u00e9taient recouverts d&rsquo;affiches de films.\u00a0<\/p>\n<p>Nagu\u00e8re, la rue Essabaghine, le souk des Teinturiers, \u00e9tait majoritairement peupl\u00e9e de familles siciliennes dont les enfants allaient \u00e0 l&rsquo;\u00e9cole des Maristes \u00e0 la rue d&rsquo;Alg\u00e9rie. Je me souviens des Bertolino, Carollo, Bonfiglio, D&rsquo;Aleo ou Agricola qui furent dans mes classes. Je me souviens aussi des bouchers, tailleurs, boulangers, coiffeurs et p\u00e2tissiers, tous Siciliens enracin\u00e9s en Tunisie.\u00a0<\/p>\n<p>Par un clin d&rsquo;\u0153il dont seule l&rsquo;histoire a le secret, les Sal\u00e9siens de Don Bosco sont d\u00e9sormais les successeurs des Marianistes, \u00e0 l&rsquo;\u00e9cole de la rue d&rsquo;Alg\u00e9rie. C&rsquo;est l\u00e0 un v\u00e9ritable retour du pendule car ils \u00e9taient pr\u00e9sents dans ce quartier depuis 1882. En cette \u00e9poque lointaine, ils \u00e9taient d\u00e9j\u00e0 pr\u00e9sents \u00e0 la chapelle de Santa Lucia dei Siciliani, qui d\u00e9pendait de l&rsquo;\u00e9glise Sainte Croix, la paroisse historique de la m\u00e9dina de Tunis. La chapelle \u00e9tait install\u00e9e dans un modeste magasin \u00e0 la rue de la Sebkha.\u00a0<\/p>\n<p>Cette rue et ses alentours regorgaient \u00e9galement de familles siciliennes car s&rsquo;il a exist\u00e9 une Petite Sicile \u00e0 Tunis et une autre \u00e0 la Goulette, l&rsquo;histoire devrait aussi retenir cette Grande Sicile qui se trouvait au mitan de Bab Bhar, Bab Djedid et Bab Al Jazira.\u00a0<\/p>\n<p>J&rsquo;y reviendrai un jour prochain afin d&rsquo;\u00e9voquer un quartier \u00e0 nul autre pareil, ses m\u00e9andres siciliens et ses rituels catholiques port\u00e9s par les nombreuses congr\u00e9gations qui \u0153uvraient dans ces parages.\u00a0<\/p>\n<p>Mariage en l&rsquo;\u00e9glise du Rosaire<\/p>\n<p>\u00a0<\/p>\n<p>Je n&rsquo;ai franchi le seuil de l&rsquo;\u00e9glise du Rosaire qu&rsquo;en 1977. D\u00e9saffect\u00e9 depuis le Modus Vivendi de 1964, l&rsquo;ancien lieu de culte abritait alors un centre culturel. Avec quelques amis, nous y avions mont\u00e9 le \u00ab\u00a0Montserrat\u00a0\u00bb de Robl\u00e8s et v\u00e9cu une saison dans ces lieux o\u00f9 l&rsquo;aust\u00e8re le disputait \u00e0 l&rsquo;absence.\u00a0<\/p>\n<p>Je me souviens avoir pass\u00e9 des heures, assis pr\u00e8s de la restitution de la grotte de Lourdes, \u00e0 d\u00e9chiffrer les reconnaissances placard\u00e9es sur les murs tout en admirant les volumes de l&rsquo;\u00e9difice.\u00a0<\/p>\n<p>Le petit th\u00e9\u00e2tre du Rosaire<\/p>\n<p>\u00a0<\/p>\n<p>Je garde encore la nostalgie de ces moments de contemplation de ce qui fut le palais Rachid avant d&rsquo;abriter le palais de Justice puis d&rsquo;\u00eatre acquis par les Sal\u00e9siens.\u00a0<\/p>\n<p>L&rsquo;\u00e9glise du Rosaire a \u00e9t\u00e9 inaugur\u00e9e le 6 octobre 1896 et aura donc v\u00e9cu soixante-huit ans dont t\u00e9moignent encore des photographies de mariages ou de communions. Parfois, j&rsquo;observe ces images fan\u00e9es avec beaucoup de tendresse : elles me permettent de conjurer les ruines actuelles et l&rsquo;effondrement progressif d&rsquo;une \u00e9glise que domine encore son clocher.<br \/>\n\u00a0<\/p>\n<p>H.B.<\/p>\n","protected":false},"excerpt":{"rendered":"<p>Fond\u00e9e en 1896 et dirig\u00e9e par les Sal\u00e9siens de Don Bosco, l&rsquo;\u00e9glise du Rosaire, d\u00e9saffect\u00e9e depuis les ann\u00e9es soixante, est aujourd&rsquo;hui en ruines.<\/p>\n","protected":false},"author":3229,"featured_media":249586,"comment_status":"open","ping_status":"closed","sticky":false,"template":"","format":"standard","meta":{"footnotes":""},"categories":[2596],"tags":[4759,3392,2640,2608],"class_list":["post-207787","post","type-post","status-publish","format-standard","has-post-thumbnail","hentry","category-chroniques","tag-eglise","tag-patrimoine","tag-tunis","tag-tunisie"],"yoast_head":"<!-- This site is optimized with the Yoast SEO Premium plugin v27.5 (Yoast SEO v27.5) - https:\/\/yoast.com\/product\/yoast-seo-premium-wordpress\/ -->\n<title>Le Rosaire : Une \u00e9glise sicilienne au c\u0153ur de Bab Djedid<\/title>\n<meta name=\"description\" content=\"Fond\u00e9e en 1896 et dirig\u00e9e par les Sal\u00e9siens de Don Bosco, l&#039;\u00e9glise du Rosaire, d\u00e9saffect\u00e9e depuis les ann\u00e9es soixante, est aujourd&#039;hui en ruines.\" \/>\n<link rel=\"canonical\" href=\"https:\/\/www.webdo.tn\/fr\/actualite\/chroniques\/le-rosaire-une-eglise-sicilienne-au-coeur-de-bab-djedid\/207787\/\" \/>\n<meta property=\"og:locale\" content=\"fr_FR\" \/>\n<meta property=\"og:type\" content=\"article\" \/>\n<meta property=\"og:title\" content=\"Le Rosaire : Une \u00e9glise sicilienne au c\u0153ur de Bab Djedid\" \/>\n<meta property=\"og:description\" content=\"Fond\u00e9e en 1896 et dirig\u00e9e par les Sal\u00e9siens de Don Bosco, l&#039;\u00e9glise du Rosaire, d\u00e9saffect\u00e9e depuis les ann\u00e9es soixante, est aujourd&#039;hui en ruines.\" \/>\n<meta property=\"og:url\" content=\"https:\/\/www.webdo.tn\/fr\/actualite\/chroniques\/le-rosaire-une-eglise-sicilienne-au-coeur-de-bab-djedid\/207787\/\" \/>\n<meta property=\"og:site_name\" content=\"webdo\" \/>\n<meta property=\"article:publisher\" content=\"https:\/\/www.facebook.com\/webdotn\" \/>\n<meta property=\"article:author\" content=\"https:\/\/www.facebook.com\/hatem.bourial.2025\" \/>\n<meta property=\"article:published_time\" content=\"2023-08-08T11:42:00+00:00\" \/>\n<meta property=\"og:image\" content=\"https:\/\/www.webdo.tn\/fr\/wp-content\/uploads\/2023\/08\/c88c5ea416848a7b6ed9ccf4bde14a90.jpg\" \/>\n\t<meta property=\"og:image:width\" content=\"475\" \/>\n\t<meta property=\"og:image:height\" content=\"253\" \/>\n\t<meta property=\"og:image:type\" content=\"image\/jpeg\" \/>\n<meta name=\"author\" content=\"Hatem Bourial\" \/>\n<meta name=\"twitter:card\" content=\"summary_large_image\" \/>\n<meta name=\"twitter:creator\" content=\"@webdo_tn\" \/>\n<meta name=\"twitter:site\" content=\"@webdo_tn\" \/>\n<meta name=\"twitter:label1\" content=\"\u00c9crit par\" \/>\n\t<meta name=\"twitter:data1\" content=\"Hatem Bourial\" \/>\n\t<meta name=\"twitter:label2\" content=\"Dur\u00e9e de lecture estim\u00e9e\" \/>\n\t<meta name=\"twitter:data2\" content=\"3 minutes\" \/>\n<script type=\"application\/ld+json\" class=\"yoast-schema-graph\">{\"@context\":\"https:\\\/\\\/schema.org\",\"@graph\":[{\"@type\":\"NewsArticle\",\"@id\":\"https:\\\/\\\/www.webdo.tn\\\/fr\\\/actualite\\\/chroniques\\\/le-rosaire-une-eglise-sicilienne-au-coeur-de-bab-djedid\\\/207787\\\/#article\",\"isPartOf\":{\"@id\":\"https:\\\/\\\/www.webdo.tn\\\/fr\\\/actualite\\\/chroniques\\\/le-rosaire-une-eglise-sicilienne-au-coeur-de-bab-djedid\\\/207787\\\/\"},\"author\":{\"name\":\"Hatem Bourial\",\"@id\":\"https:\\\/\\\/www.webdo.tn\\\/fr\\\/#\\\/schema\\\/person\\\/6bc0beba2cd23aec27cb5df85ca2554f\"},\"headline\":\"Le Rosaire : Une \u00e9glise sicilienne au c\u0153ur de Bab Djedid\",\"datePublished\":\"2023-08-08T11:42:00+00:00\",\"mainEntityOfPage\":{\"@id\":\"https:\\\/\\\/www.webdo.tn\\\/fr\\\/actualite\\\/chroniques\\\/le-rosaire-une-eglise-sicilienne-au-coeur-de-bab-djedid\\\/207787\\\/\"},\"wordCount\":675,\"commentCount\":0,\"publisher\":{\"@id\":\"https:\\\/\\\/www.webdo.tn\\\/fr\\\/#organization\"},\"image\":{\"@id\":\"https:\\\/\\\/www.webdo.tn\\\/fr\\\/actualite\\\/chroniques\\\/le-rosaire-une-eglise-sicilienne-au-coeur-de-bab-djedid\\\/207787\\\/#primaryimage\"},\"thumbnailUrl\":\"https:\\\/\\\/www.webdo.tn\\\/fr\\\/wp-content\\\/uploads\\\/2023\\\/08\\\/c88c5ea416848a7b6ed9ccf4bde14a90.jpg\",\"keywords\":[\"\u00e9glise\",\"patrimoine\",\"Tunis\",\"Tunisie\"],\"articleSection\":[\"Chroniques\"],\"inLanguage\":\"fr-FR\"},{\"@type\":\"WebPage\",\"@id\":\"https:\\\/\\\/www.webdo.tn\\\/fr\\\/actualite\\\/chroniques\\\/le-rosaire-une-eglise-sicilienne-au-coeur-de-bab-djedid\\\/207787\\\/\",\"url\":\"https:\\\/\\\/www.webdo.tn\\\/fr\\\/actualite\\\/chroniques\\\/le-rosaire-une-eglise-sicilienne-au-coeur-de-bab-djedid\\\/207787\\\/\",\"name\":\"Le Rosaire : Une \u00e9glise sicilienne au c\u0153ur de Bab Djedid\",\"isPartOf\":{\"@id\":\"https:\\\/\\\/www.webdo.tn\\\/fr\\\/#website\"},\"primaryImageOfPage\":{\"@id\":\"https:\\\/\\\/www.webdo.tn\\\/fr\\\/actualite\\\/chroniques\\\/le-rosaire-une-eglise-sicilienne-au-coeur-de-bab-djedid\\\/207787\\\/#primaryimage\"},\"image\":{\"@id\":\"https:\\\/\\\/www.webdo.tn\\\/fr\\\/actualite\\\/chroniques\\\/le-rosaire-une-eglise-sicilienne-au-coeur-de-bab-djedid\\\/207787\\\/#primaryimage\"},\"thumbnailUrl\":\"https:\\\/\\\/www.webdo.tn\\\/fr\\\/wp-content\\\/uploads\\\/2023\\\/08\\\/c88c5ea416848a7b6ed9ccf4bde14a90.jpg\",\"datePublished\":\"2023-08-08T11:42:00+00:00\",\"description\":\"Fond\u00e9e en 1896 et dirig\u00e9e par les Sal\u00e9siens de Don Bosco, l'\u00e9glise du Rosaire, d\u00e9saffect\u00e9e depuis les ann\u00e9es soixante, est aujourd'hui en ruines.\",\"breadcrumb\":{\"@id\":\"https:\\\/\\\/www.webdo.tn\\\/fr\\\/actualite\\\/chroniques\\\/le-rosaire-une-eglise-sicilienne-au-coeur-de-bab-djedid\\\/207787\\\/#breadcrumb\"},\"inLanguage\":\"fr-FR\",\"potentialAction\":[{\"@type\":\"ReadAction\",\"target\":[\"https:\\\/\\\/www.webdo.tn\\\/fr\\\/actualite\\\/chroniques\\\/le-rosaire-une-eglise-sicilienne-au-coeur-de-bab-djedid\\\/207787\\\/\"]}]},{\"@type\":\"ImageObject\",\"inLanguage\":\"fr-FR\",\"@id\":\"https:\\\/\\\/www.webdo.tn\\\/fr\\\/actualite\\\/chroniques\\\/le-rosaire-une-eglise-sicilienne-au-coeur-de-bab-djedid\\\/207787\\\/#primaryimage\",\"url\":\"https:\\\/\\\/www.webdo.tn\\\/fr\\\/wp-content\\\/uploads\\\/2023\\\/08\\\/c88c5ea416848a7b6ed9ccf4bde14a90.jpg\",\"contentUrl\":\"https:\\\/\\\/www.webdo.tn\\\/fr\\\/wp-content\\\/uploads\\\/2023\\\/08\\\/c88c5ea416848a7b6ed9ccf4bde14a90.jpg\",\"width\":475,\"height\":253,\"caption\":\"Le Rosaire : Une \u00e9glise sicilienne au c\u0153ur de Bab Djedid\"},{\"@type\":\"BreadcrumbList\",\"@id\":\"https:\\\/\\\/www.webdo.tn\\\/fr\\\/actualite\\\/chroniques\\\/le-rosaire-une-eglise-sicilienne-au-coeur-de-bab-djedid\\\/207787\\\/#breadcrumb\",\"itemListElement\":[{\"@type\":\"ListItem\",\"position\":1,\"name\":\"Accueil\",\"item\":\"https:\\\/\\\/www.webdo.tn\\\/fr\\\/\"},{\"@type\":\"ListItem\",\"position\":2,\"name\":\"Le Rosaire : Une \u00e9glise sicilienne au c\u0153ur de Bab Djedid\"}]},{\"@type\":\"WebSite\",\"@id\":\"https:\\\/\\\/www.webdo.tn\\\/fr\\\/#website\",\"url\":\"https:\\\/\\\/www.webdo.tn\\\/fr\\\/\",\"name\":\"webdo\",\"description\":\"Tunisie - News en Tunisie et \u00e0 l&#039;international sur Webdo.tn\",\"publisher\":{\"@id\":\"https:\\\/\\\/www.webdo.tn\\\/fr\\\/#organization\"},\"potentialAction\":[{\"@type\":\"SearchAction\",\"target\":{\"@type\":\"EntryPoint\",\"urlTemplate\":\"https:\\\/\\\/www.webdo.tn\\\/fr\\\/?s={search_term_string}\"},\"query-input\":{\"@type\":\"PropertyValueSpecification\",\"valueRequired\":true,\"valueName\":\"search_term_string\"}}],\"inLanguage\":\"fr-FR\"},{\"@type\":\"Organization\",\"@id\":\"https:\\\/\\\/www.webdo.tn\\\/fr\\\/#organization\",\"name\":\"Webdo\",\"alternateName\":\"Webdo.tn\",\"url\":\"https:\\\/\\\/www.webdo.tn\\\/fr\\\/\",\"logo\":{\"@type\":\"ImageObject\",\"inLanguage\":\"fr-FR\",\"@id\":\"https:\\\/\\\/www.webdo.tn\\\/fr\\\/#\\\/schema\\\/logo\\\/image\\\/\",\"url\":\"https:\\\/\\\/www.webdo.tn\\\/fr\\\/wp-content\\\/uploads\\\/2025\\\/06\\\/Webdo-Tunisie_168377.jpg\",\"contentUrl\":\"https:\\\/\\\/www.webdo.tn\\\/fr\\\/wp-content\\\/uploads\\\/2025\\\/06\\\/Webdo-Tunisie_168377.jpg\",\"width\":301,\"height\":301,\"caption\":\"Webdo\"},\"image\":{\"@id\":\"https:\\\/\\\/www.webdo.tn\\\/fr\\\/#\\\/schema\\\/logo\\\/image\\\/\"},\"sameAs\":[\"https:\\\/\\\/www.facebook.com\\\/webdotn\",\"https:\\\/\\\/x.com\\\/webdo_tn\"],\"description\":\"Webdo est un m\u00e9dia num\u00e9rique tunisien fond\u00e9 en 2010, sp\u00e9cialis\u00e9 dans l\u2019actualit\u00e9 nationale et internationale, l\u2019\u00e9conomie, la soci\u00e9t\u00e9 et les analyses politiques. Le site s\u2019adresse \u00e0 un large public francophone et couvre l\u2019information tunisienne en temps r\u00e9el.\",\"email\":\"redac@webdo.tn\",\"legalName\":\"YNJ SARL\",\"foundingDate\":\"2010-09-06\",\"numberOfEmployees\":{\"@type\":\"QuantitativeValue\",\"minValue\":\"11\",\"maxValue\":\"50\"}},{\"@type\":\"Person\",\"@id\":\"https:\\\/\\\/www.webdo.tn\\\/fr\\\/#\\\/schema\\\/person\\\/6bc0beba2cd23aec27cb5df85ca2554f\",\"name\":\"Hatem Bourial\",\"image\":{\"@type\":\"ImageObject\",\"inLanguage\":\"fr-FR\",\"@id\":\"https:\\\/\\\/www.webdo.tn\\\/fr\\\/wp-content\\\/uploads\\\/2026\\\/04\\\/hatem-bourial_avatar-96x96.jpg\",\"url\":\"https:\\\/\\\/www.webdo.tn\\\/fr\\\/wp-content\\\/uploads\\\/2026\\\/04\\\/hatem-bourial_avatar-96x96.jpg\",\"contentUrl\":\"https:\\\/\\\/www.webdo.tn\\\/fr\\\/wp-content\\\/uploads\\\/2026\\\/04\\\/hatem-bourial_avatar-96x96.jpg\",\"caption\":\"Hatem Bourial\"},\"description\":\"Hatem Bourial est journaliste, \u00e9crivain et chroniqueur tunisien. Actif depuis plusieurs d\u00e9cennies, il s\u2019est impos\u00e9 comme un observateur attentif de la soci\u00e9t\u00e9 tunisienne, m\u00ealant dans ses \u00e9crits m\u00e9moire, culture et analyse du quotidien. Auteur de nombreux ouvrages, il d\u00e9veloppe une \u0153uvre \u00e0 la crois\u00e9e du r\u00e9cit, de la po\u00e9sie et de l\u2019observation sociologique. Parall\u00e8lement \u00e0 ses contributions dans la presse, il intervient r\u00e9guli\u00e8rement \u00e0 la radio et dans des espaces culturels, o\u00f9 il explore les enjeux li\u00e9s au patrimoine, \u00e0 l\u2019identit\u00e9 et aux transformations du monde contemporain. \u00c0 travers ses chroniques, Hatem Bourial propose une lecture sensible et approfondie de l\u2019actualit\u00e9, nourrie par une exp\u00e9rience journalistique et litt\u00e9raire reconnue. \ud83d\udd17 Facebook : https:\\\/\\\/www.facebook.com\\\/hatem.bourial.2025\",\"sameAs\":[\"https:\\\/\\\/www.facebook.com\\\/hatem.bourial.2025\",\"https:\\\/\\\/fr.wikipedia.org\\\/wiki\\\/Fichier:Hatem_Bourial.jpg\"],\"knowsAbout\":[\"Culture & patrimoine tunisien\",\"Chronique soci\u00e9tale\",\"Litt\u00e9rature & m\u00e9moire\",\"Cin\u00e9ma & critique culturelle\",\"Identit\u00e9 & mutations sociales\"],\"knowsLanguage\":[\"Arabe\",\"Fran\u00e7ais\",\"Anglais\",\"Italien\",\"Polonais\"],\"jobTitle\":\"Journaliste, \u00e9crivain et chroniqueur culturel\",\"worksFor\":\"Webdo\",\"url\":\"https:\\\/\\\/www.webdo.tn\\\/fr\\\/actualite\\\/author\\\/hatem-bourial-2\\\/\"}]}<\/script>\n<!-- \/ Yoast SEO Premium plugin. -->","yoast_head_json":{"title":"Le Rosaire : Une \u00e9glise sicilienne au c\u0153ur de Bab Djedid","description":"Fond\u00e9e en 1896 et dirig\u00e9e par les Sal\u00e9siens de Don Bosco, l'\u00e9glise du Rosaire, d\u00e9saffect\u00e9e depuis les ann\u00e9es soixante, est aujourd'hui en ruines.","canonical":"https:\/\/www.webdo.tn\/fr\/actualite\/chroniques\/le-rosaire-une-eglise-sicilienne-au-coeur-de-bab-djedid\/207787\/","og_locale":"fr_FR","og_type":"article","og_title":"Le Rosaire : Une \u00e9glise sicilienne au c\u0153ur de Bab Djedid","og_description":"Fond\u00e9e en 1896 et dirig\u00e9e par les Sal\u00e9siens de Don Bosco, l'\u00e9glise du Rosaire, d\u00e9saffect\u00e9e depuis les ann\u00e9es soixante, est aujourd'hui en ruines.","og_url":"https:\/\/www.webdo.tn\/fr\/actualite\/chroniques\/le-rosaire-une-eglise-sicilienne-au-coeur-de-bab-djedid\/207787\/","og_site_name":"webdo","article_publisher":"https:\/\/www.facebook.com\/webdotn","article_author":"https:\/\/www.facebook.com\/hatem.bourial.2025","article_published_time":"2023-08-08T11:42:00+00:00","og_image":[{"width":475,"height":253,"url":"https:\/\/www.webdo.tn\/fr\/wp-content\/uploads\/2023\/08\/c88c5ea416848a7b6ed9ccf4bde14a90.jpg","type":"image\/jpeg"}],"author":"Hatem Bourial","twitter_card":"summary_large_image","twitter_creator":"@webdo_tn","twitter_site":"@webdo_tn","twitter_misc":{"\u00c9crit par":"Hatem Bourial","Dur\u00e9e de lecture estim\u00e9e":"3 minutes"},"schema":{"@context":"https:\/\/schema.org","@graph":[{"@type":"NewsArticle","@id":"https:\/\/www.webdo.tn\/fr\/actualite\/chroniques\/le-rosaire-une-eglise-sicilienne-au-coeur-de-bab-djedid\/207787\/#article","isPartOf":{"@id":"https:\/\/www.webdo.tn\/fr\/actualite\/chroniques\/le-rosaire-une-eglise-sicilienne-au-coeur-de-bab-djedid\/207787\/"},"author":{"name":"Hatem Bourial","@id":"https:\/\/www.webdo.tn\/fr\/#\/schema\/person\/6bc0beba2cd23aec27cb5df85ca2554f"},"headline":"Le Rosaire : Une \u00e9glise sicilienne au c\u0153ur de Bab Djedid","datePublished":"2023-08-08T11:42:00+00:00","mainEntityOfPage":{"@id":"https:\/\/www.webdo.tn\/fr\/actualite\/chroniques\/le-rosaire-une-eglise-sicilienne-au-coeur-de-bab-djedid\/207787\/"},"wordCount":675,"commentCount":0,"publisher":{"@id":"https:\/\/www.webdo.tn\/fr\/#organization"},"image":{"@id":"https:\/\/www.webdo.tn\/fr\/actualite\/chroniques\/le-rosaire-une-eglise-sicilienne-au-coeur-de-bab-djedid\/207787\/#primaryimage"},"thumbnailUrl":"https:\/\/www.webdo.tn\/fr\/wp-content\/uploads\/2023\/08\/c88c5ea416848a7b6ed9ccf4bde14a90.jpg","keywords":["\u00e9glise","patrimoine","Tunis","Tunisie"],"articleSection":["Chroniques"],"inLanguage":"fr-FR"},{"@type":"WebPage","@id":"https:\/\/www.webdo.tn\/fr\/actualite\/chroniques\/le-rosaire-une-eglise-sicilienne-au-coeur-de-bab-djedid\/207787\/","url":"https:\/\/www.webdo.tn\/fr\/actualite\/chroniques\/le-rosaire-une-eglise-sicilienne-au-coeur-de-bab-djedid\/207787\/","name":"Le Rosaire : Une \u00e9glise sicilienne au c\u0153ur de Bab Djedid","isPartOf":{"@id":"https:\/\/www.webdo.tn\/fr\/#website"},"primaryImageOfPage":{"@id":"https:\/\/www.webdo.tn\/fr\/actualite\/chroniques\/le-rosaire-une-eglise-sicilienne-au-coeur-de-bab-djedid\/207787\/#primaryimage"},"image":{"@id":"https:\/\/www.webdo.tn\/fr\/actualite\/chroniques\/le-rosaire-une-eglise-sicilienne-au-coeur-de-bab-djedid\/207787\/#primaryimage"},"thumbnailUrl":"https:\/\/www.webdo.tn\/fr\/wp-content\/uploads\/2023\/08\/c88c5ea416848a7b6ed9ccf4bde14a90.jpg","datePublished":"2023-08-08T11:42:00+00:00","description":"Fond\u00e9e en 1896 et dirig\u00e9e par les Sal\u00e9siens de Don Bosco, l'\u00e9glise du Rosaire, d\u00e9saffect\u00e9e depuis les ann\u00e9es soixante, est aujourd'hui en ruines.","breadcrumb":{"@id":"https:\/\/www.webdo.tn\/fr\/actualite\/chroniques\/le-rosaire-une-eglise-sicilienne-au-coeur-de-bab-djedid\/207787\/#breadcrumb"},"inLanguage":"fr-FR","potentialAction":[{"@type":"ReadAction","target":["https:\/\/www.webdo.tn\/fr\/actualite\/chroniques\/le-rosaire-une-eglise-sicilienne-au-coeur-de-bab-djedid\/207787\/"]}]},{"@type":"ImageObject","inLanguage":"fr-FR","@id":"https:\/\/www.webdo.tn\/fr\/actualite\/chroniques\/le-rosaire-une-eglise-sicilienne-au-coeur-de-bab-djedid\/207787\/#primaryimage","url":"https:\/\/www.webdo.tn\/fr\/wp-content\/uploads\/2023\/08\/c88c5ea416848a7b6ed9ccf4bde14a90.jpg","contentUrl":"https:\/\/www.webdo.tn\/fr\/wp-content\/uploads\/2023\/08\/c88c5ea416848a7b6ed9ccf4bde14a90.jpg","width":475,"height":253,"caption":"Le Rosaire : Une \u00e9glise sicilienne au c\u0153ur de Bab Djedid"},{"@type":"BreadcrumbList","@id":"https:\/\/www.webdo.tn\/fr\/actualite\/chroniques\/le-rosaire-une-eglise-sicilienne-au-coeur-de-bab-djedid\/207787\/#breadcrumb","itemListElement":[{"@type":"ListItem","position":1,"name":"Accueil","item":"https:\/\/www.webdo.tn\/fr\/"},{"@type":"ListItem","position":2,"name":"Le Rosaire : Une \u00e9glise sicilienne au c\u0153ur de Bab Djedid"}]},{"@type":"WebSite","@id":"https:\/\/www.webdo.tn\/fr\/#website","url":"https:\/\/www.webdo.tn\/fr\/","name":"webdo","description":"Tunisie - News en Tunisie et \u00e0 l&#039;international sur Webdo.tn","publisher":{"@id":"https:\/\/www.webdo.tn\/fr\/#organization"},"potentialAction":[{"@type":"SearchAction","target":{"@type":"EntryPoint","urlTemplate":"https:\/\/www.webdo.tn\/fr\/?s={search_term_string}"},"query-input":{"@type":"PropertyValueSpecification","valueRequired":true,"valueName":"search_term_string"}}],"inLanguage":"fr-FR"},{"@type":"Organization","@id":"https:\/\/www.webdo.tn\/fr\/#organization","name":"Webdo","alternateName":"Webdo.tn","url":"https:\/\/www.webdo.tn\/fr\/","logo":{"@type":"ImageObject","inLanguage":"fr-FR","@id":"https:\/\/www.webdo.tn\/fr\/#\/schema\/logo\/image\/","url":"https:\/\/www.webdo.tn\/fr\/wp-content\/uploads\/2025\/06\/Webdo-Tunisie_168377.jpg","contentUrl":"https:\/\/www.webdo.tn\/fr\/wp-content\/uploads\/2025\/06\/Webdo-Tunisie_168377.jpg","width":301,"height":301,"caption":"Webdo"},"image":{"@id":"https:\/\/www.webdo.tn\/fr\/#\/schema\/logo\/image\/"},"sameAs":["https:\/\/www.facebook.com\/webdotn","https:\/\/x.com\/webdo_tn"],"description":"Webdo est un m\u00e9dia num\u00e9rique tunisien fond\u00e9 en 2010, sp\u00e9cialis\u00e9 dans l\u2019actualit\u00e9 nationale et internationale, l\u2019\u00e9conomie, la soci\u00e9t\u00e9 et les analyses politiques. Le site s\u2019adresse \u00e0 un large public francophone et couvre l\u2019information tunisienne en temps r\u00e9el.","email":"redac@webdo.tn","legalName":"YNJ SARL","foundingDate":"2010-09-06","numberOfEmployees":{"@type":"QuantitativeValue","minValue":"11","maxValue":"50"}},{"@type":"Person","@id":"https:\/\/www.webdo.tn\/fr\/#\/schema\/person\/6bc0beba2cd23aec27cb5df85ca2554f","name":"Hatem Bourial","image":{"@type":"ImageObject","inLanguage":"fr-FR","@id":"https:\/\/www.webdo.tn\/fr\/wp-content\/uploads\/2026\/04\/hatem-bourial_avatar-96x96.jpg","url":"https:\/\/www.webdo.tn\/fr\/wp-content\/uploads\/2026\/04\/hatem-bourial_avatar-96x96.jpg","contentUrl":"https:\/\/www.webdo.tn\/fr\/wp-content\/uploads\/2026\/04\/hatem-bourial_avatar-96x96.jpg","caption":"Hatem Bourial"},"description":"Hatem Bourial est journaliste, \u00e9crivain et chroniqueur tunisien. Actif depuis plusieurs d\u00e9cennies, il s\u2019est impos\u00e9 comme un observateur attentif de la soci\u00e9t\u00e9 tunisienne, m\u00ealant dans ses \u00e9crits m\u00e9moire, culture et analyse du quotidien. Auteur de nombreux ouvrages, il d\u00e9veloppe une \u0153uvre \u00e0 la crois\u00e9e du r\u00e9cit, de la po\u00e9sie et de l\u2019observation sociologique. Parall\u00e8lement \u00e0 ses contributions dans la presse, il intervient r\u00e9guli\u00e8rement \u00e0 la radio et dans des espaces culturels, o\u00f9 il explore les enjeux li\u00e9s au patrimoine, \u00e0 l\u2019identit\u00e9 et aux transformations du monde contemporain. \u00c0 travers ses chroniques, Hatem Bourial propose une lecture sensible et approfondie de l\u2019actualit\u00e9, nourrie par une exp\u00e9rience journalistique et litt\u00e9raire reconnue. \ud83d\udd17 Facebook : https:\/\/www.facebook.com\/hatem.bourial.2025","sameAs":["https:\/\/www.facebook.com\/hatem.bourial.2025","https:\/\/fr.wikipedia.org\/wiki\/Fichier:Hatem_Bourial.jpg"],"knowsAbout":["Culture & patrimoine tunisien","Chronique soci\u00e9tale","Litt\u00e9rature & m\u00e9moire","Cin\u00e9ma & critique culturelle","Identit\u00e9 & mutations sociales"],"knowsLanguage":["Arabe","Fran\u00e7ais","Anglais","Italien","Polonais"],"jobTitle":"Journaliste, \u00e9crivain et chroniqueur culturel","worksFor":"Webdo","url":"https:\/\/www.webdo.tn\/fr\/actualite\/author\/hatem-bourial-2\/"}]}},"_links":{"self":[{"href":"https:\/\/www.webdo.tn\/fr\/wp-json\/wp\/v2\/posts\/207787","targetHints":{"allow":["GET"]}}],"collection":[{"href":"https:\/\/www.webdo.tn\/fr\/wp-json\/wp\/v2\/posts"}],"about":[{"href":"https:\/\/www.webdo.tn\/fr\/wp-json\/wp\/v2\/types\/post"}],"author":[{"embeddable":true,"href":"https:\/\/www.webdo.tn\/fr\/wp-json\/wp\/v2\/users\/3229"}],"replies":[{"embeddable":true,"href":"https:\/\/www.webdo.tn\/fr\/wp-json\/wp\/v2\/comments?post=207787"}],"version-history":[{"count":0,"href":"https:\/\/www.webdo.tn\/fr\/wp-json\/wp\/v2\/posts\/207787\/revisions"}],"wp:featuredmedia":[{"embeddable":true,"href":"https:\/\/www.webdo.tn\/fr\/wp-json\/wp\/v2\/media\/249586"}],"wp:attachment":[{"href":"https:\/\/www.webdo.tn\/fr\/wp-json\/wp\/v2\/media?parent=207787"}],"wp:term":[{"taxonomy":"category","embeddable":true,"href":"https:\/\/www.webdo.tn\/fr\/wp-json\/wp\/v2\/categories?post=207787"},{"taxonomy":"post_tag","embeddable":true,"href":"https:\/\/www.webdo.tn\/fr\/wp-json\/wp\/v2\/tags?post=207787"}],"curies":[{"name":"wp","href":"https:\/\/api.w.org\/{rel}","templated":true}]}}