{"id":207785,"date":"2023-08-08T09:59:00","date_gmt":"2023-08-08T09:59:00","guid":{"rendered":"https:\/\/www.webdo.tn\/fr\/blog\/l-impression-de-la-presse-assahafa-assabah-et-le-temps-en-panne\/207785\/"},"modified":"2025-05-20T22:41:52","modified_gmt":"2025-05-20T22:41:52","slug":"l-impression-de-la-presse-assahafa-assabah-et-le-temps-en-panne","status":"publish","type":"post","link":"https:\/\/www.webdo.tn\/fr\/actualite\/national\/l-impression-de-la-presse-assahafa-assabah-et-le-temps-en-panne\/207785\/","title":{"rendered":"L\u2019impression de La Presse, Assahafa, Assabah et Le Temps en panne !"},"content":{"rendered":"<p>Une panne technique a priv\u00e9 les lecteurs de La Presse, Assahafa, Assabah et Le Temps de consulter, ce mardi 8 ao\u00fbt 2023, la version papiers de leurs journaux.<\/p>\n<p>\t\t\t\t\t\t\t\t\tEn effet, hier, \u00e0 une heure tardive, les machines d\u2019impression ont l\u00e2ch\u00e9 au mauvais moment et les quatre journaux n\u2019ont pas paru aujourd\u2019hui.\u00a0<\/p>\n<p>\u00ab \u00c0 cause de la v\u00e9tust\u00e9 des machines, le manque d\u2019entretien et de r\u00e9paration faute de pi\u00e8ces de rechanges, les deux CTP (computer to plate ou ordinateur vers plaque) qui assure le flashage de plaque, proc\u00e9d\u00e9 d\u2019impression indispensable pour les rotatives, ont l\u00e2ch\u00e9. Tous les efforts pour d\u00e9panner les machines ou pour sous-traiter cette phase sont demeur\u00e9s infructueux \u00e9tant donn\u00e9 l\u2019heure tardive de la panne \u00bb, a communiqu\u00e9 La Presse.\u00a0<\/p>\n<p>Notons que les deux institutions qui \u00e9ditent ces quatre\u00a0journaux, en phase de fusion, ont propos\u00e9 un format PDF aux lecteurs.<\/p>\n","protected":false},"excerpt":{"rendered":"<p>Une panne technique a priv\u00e9 les lecteurs de La Presse, Assahafa, Assabah et Le Temps de consulter, ce mardi 8 ao\u00fbt 2023, la version papiers de leurs journaux.<\/p>\n","protected":false},"author":3175,"featured_media":249584,"comment_status":"open","ping_status":"closed","sticky":false,"template":"","format":"standard","meta":{"footnotes":""},"categories":[44],"tags":[8120,8119,2762,2608],"class_list":["post-207785","post","type-post","status-publish","format-standard","has-post-thumbnail","hentry","category-national","tag-impression","tag-journaux","tag-presse","tag-tunisie"],"yoast_head":"<!-- This site is optimized with the Yoast SEO Premium plugin v27.4 (Yoast SEO v27.5) - https:\/\/yoast.com\/product\/yoast-seo-premium-wordpress\/ -->\n<title>L\u2019impression de La Presse, Assahafa, Assabah et Le Temps en panne !<\/title>\n<meta name=\"description\" content=\"Une panne technique a priv\u00e9 les lecteurs de La Presse, Assahafa, Assabah et Le Temps de consulter, ce mardi 8 ao\u00fbt 2023, la version papiers de leurs journaux.\" \/>\n<link rel=\"canonical\" href=\"https:\/\/www.webdo.tn\/fr\/actualite\/national\/l-impression-de-la-presse-assahafa-assabah-et-le-temps-en-panne\/207785\/\" \/>\n<meta property=\"og:locale\" content=\"fr_FR\" \/>\n<meta property=\"og:type\" content=\"article\" \/>\n<meta property=\"og:title\" content=\"L\u2019impression de La Presse, Assahafa, Assabah et Le Temps en panne !\" \/>\n<meta property=\"og:description\" content=\"Une panne technique a priv\u00e9 les lecteurs de La Presse, Assahafa, Assabah et Le Temps de consulter, ce mardi 8 ao\u00fbt 2023, la version papiers de leurs journaux.\" \/>\n<meta property=\"og:url\" content=\"https:\/\/www.webdo.tn\/fr\/actualite\/national\/l-impression-de-la-presse-assahafa-assabah-et-le-temps-en-panne\/207785\/\" \/>\n<meta property=\"og:site_name\" content=\"webdo\" \/>\n<meta property=\"article:publisher\" content=\"https:\/\/www.facebook.com\/webdotn\" \/>\n<meta property=\"article:published_time\" content=\"2023-08-08T09:59:00+00:00\" \/>\n<meta property=\"article:modified_time\" content=\"2025-05-20T22:41:52+00:00\" \/>\n<meta property=\"og:image\" content=\"https:\/\/www.webdo.tn\/fr\/wp-content\/uploads\/2023\/08\/75d12da4ccfa41c58f568f52cfbb47ee.jpg\" \/>\n\t<meta property=\"og:image:width\" content=\"750\" \/>\n\t<meta property=\"og:image:height\" content=\"400\" \/>\n\t<meta property=\"og:image:type\" content=\"image\/jpeg\" \/>\n<meta name=\"author\" content=\"CL\" \/>\n<meta name=\"twitter:card\" content=\"summary_large_image\" \/>\n<meta name=\"twitter:creator\" content=\"@webdo_tn\" \/>\n<meta name=\"twitter:site\" content=\"@webdo_tn\" \/>\n<meta name=\"twitter:label1\" content=\"\u00c9crit par\" \/>\n\t<meta name=\"twitter:data1\" content=\"CL\" \/>\n\t<meta name=\"twitter:label2\" content=\"Dur\u00e9e de lecture estim\u00e9e\" \/>\n\t<meta name=\"twitter:data2\" content=\"1 minute\" \/>\n<script type=\"application\/ld+json\" class=\"yoast-schema-graph\">{\"@context\":\"https:\\\/\\\/schema.org\",\"@graph\":[{\"@type\":\"NewsArticle\",\"@id\":\"https:\\\/\\\/www.webdo.tn\\\/fr\\\/actualite\\\/national\\\/l-impression-de-la-presse-assahafa-assabah-et-le-temps-en-panne\\\/207785\\\/#article\",\"isPartOf\":{\"@id\":\"https:\\\/\\\/www.webdo.tn\\\/fr\\\/actualite\\\/national\\\/l-impression-de-la-presse-assahafa-assabah-et-le-temps-en-panne\\\/207785\\\/\"},\"author\":{\"name\":\"CL\",\"@id\":\"https:\\\/\\\/www.webdo.tn\\\/fr\\\/#\\\/schema\\\/person\\\/f35b42a42c5e2511bbd282959d6385cc\"},\"headline\":\"L\u2019impression de La Presse, Assahafa, Assabah et Le Temps en panne !\",\"datePublished\":\"2023-08-08T09:59:00+00:00\",\"dateModified\":\"2025-05-20T22:41:52+00:00\",\"mainEntityOfPage\":{\"@id\":\"https:\\\/\\\/www.webdo.tn\\\/fr\\\/actualite\\\/national\\\/l-impression-de-la-presse-assahafa-assabah-et-le-temps-en-panne\\\/207785\\\/\"},\"wordCount\":163,\"commentCount\":0,\"publisher\":{\"@id\":\"https:\\\/\\\/www.webdo.tn\\\/fr\\\/#organization\"},\"image\":{\"@id\":\"https:\\\/\\\/www.webdo.tn\\\/fr\\\/actualite\\\/national\\\/l-impression-de-la-presse-assahafa-assabah-et-le-temps-en-panne\\\/207785\\\/#primaryimage\"},\"thumbnailUrl\":\"https:\\\/\\\/www.webdo.tn\\\/fr\\\/wp-content\\\/uploads\\\/2023\\\/08\\\/75d12da4ccfa41c58f568f52cfbb47ee.jpg\",\"keywords\":[\"impression\",\"journaux\",\"presse\",\"Tunisie\"],\"articleSection\":[\"National\"],\"inLanguage\":\"fr-FR\"},{\"@type\":\"WebPage\",\"@id\":\"https:\\\/\\\/www.webdo.tn\\\/fr\\\/actualite\\\/national\\\/l-impression-de-la-presse-assahafa-assabah-et-le-temps-en-panne\\\/207785\\\/\",\"url\":\"https:\\\/\\\/www.webdo.tn\\\/fr\\\/actualite\\\/national\\\/l-impression-de-la-presse-assahafa-assabah-et-le-temps-en-panne\\\/207785\\\/\",\"name\":\"L\u2019impression de La Presse, Assahafa, Assabah et Le Temps en panne !\",\"isPartOf\":{\"@id\":\"https:\\\/\\\/www.webdo.tn\\\/fr\\\/#website\"},\"primaryImageOfPage\":{\"@id\":\"https:\\\/\\\/www.webdo.tn\\\/fr\\\/actualite\\\/national\\\/l-impression-de-la-presse-assahafa-assabah-et-le-temps-en-panne\\\/207785\\\/#primaryimage\"},\"image\":{\"@id\":\"https:\\\/\\\/www.webdo.tn\\\/fr\\\/actualite\\\/national\\\/l-impression-de-la-presse-assahafa-assabah-et-le-temps-en-panne\\\/207785\\\/#primaryimage\"},\"thumbnailUrl\":\"https:\\\/\\\/www.webdo.tn\\\/fr\\\/wp-content\\\/uploads\\\/2023\\\/08\\\/75d12da4ccfa41c58f568f52cfbb47ee.jpg\",\"datePublished\":\"2023-08-08T09:59:00+00:00\",\"dateModified\":\"2025-05-20T22:41:52+00:00\",\"description\":\"Une panne technique a priv\u00e9 les lecteurs de La Presse, Assahafa, Assabah et Le Temps de consulter, ce mardi 8 ao\u00fbt 2023, la version papiers de leurs journaux.\",\"breadcrumb\":{\"@id\":\"https:\\\/\\\/www.webdo.tn\\\/fr\\\/actualite\\\/national\\\/l-impression-de-la-presse-assahafa-assabah-et-le-temps-en-panne\\\/207785\\\/#breadcrumb\"},\"inLanguage\":\"fr-FR\",\"potentialAction\":[{\"@type\":\"ReadAction\",\"target\":[\"https:\\\/\\\/www.webdo.tn\\\/fr\\\/actualite\\\/national\\\/l-impression-de-la-presse-assahafa-assabah-et-le-temps-en-panne\\\/207785\\\/\"]}]},{\"@type\":\"ImageObject\",\"inLanguage\":\"fr-FR\",\"@id\":\"https:\\\/\\\/www.webdo.tn\\\/fr\\\/actualite\\\/national\\\/l-impression-de-la-presse-assahafa-assabah-et-le-temps-en-panne\\\/207785\\\/#primaryimage\",\"url\":\"https:\\\/\\\/www.webdo.tn\\\/fr\\\/wp-content\\\/uploads\\\/2023\\\/08\\\/75d12da4ccfa41c58f568f52cfbb47ee.jpg\",\"contentUrl\":\"https:\\\/\\\/www.webdo.tn\\\/fr\\\/wp-content\\\/uploads\\\/2023\\\/08\\\/75d12da4ccfa41c58f568f52cfbb47ee.jpg\",\"width\":750,\"height\":400,\"caption\":\"L\u2019impression de La Presse, Assahafa, Assabah et Le Temps en panne !\"},{\"@type\":\"BreadcrumbList\",\"@id\":\"https:\\\/\\\/www.webdo.tn\\\/fr\\\/actualite\\\/national\\\/l-impression-de-la-presse-assahafa-assabah-et-le-temps-en-panne\\\/207785\\\/#breadcrumb\",\"itemListElement\":[{\"@type\":\"ListItem\",\"position\":1,\"name\":\"Accueil\",\"item\":\"https:\\\/\\\/www.webdo.tn\\\/fr\\\/\"},{\"@type\":\"ListItem\",\"position\":2,\"name\":\"L\u2019impression de La Presse, Assahafa, Assabah et Le Temps en panne !\"}]},{\"@type\":\"WebSite\",\"@id\":\"https:\\\/\\\/www.webdo.tn\\\/fr\\\/#website\",\"url\":\"https:\\\/\\\/www.webdo.tn\\\/fr\\\/\",\"name\":\"webdo\",\"description\":\"Tunisie - News en Tunisie et \u00e0 l&#039;international sur Webdo.tn\",\"publisher\":{\"@id\":\"https:\\\/\\\/www.webdo.tn\\\/fr\\\/#organization\"},\"potentialAction\":[{\"@type\":\"SearchAction\",\"target\":{\"@type\":\"EntryPoint\",\"urlTemplate\":\"https:\\\/\\\/www.webdo.tn\\\/fr\\\/?s={search_term_string}\"},\"query-input\":{\"@type\":\"PropertyValueSpecification\",\"valueRequired\":true,\"valueName\":\"search_term_string\"}}],\"inLanguage\":\"fr-FR\"},{\"@type\":\"Organization\",\"@id\":\"https:\\\/\\\/www.webdo.tn\\\/fr\\\/#organization\",\"name\":\"Webdo\",\"alternateName\":\"Webdo.tn\",\"url\":\"https:\\\/\\\/www.webdo.tn\\\/fr\\\/\",\"logo\":{\"@type\":\"ImageObject\",\"inLanguage\":\"fr-FR\",\"@id\":\"https:\\\/\\\/www.webdo.tn\\\/fr\\\/#\\\/schema\\\/logo\\\/image\\\/\",\"url\":\"https:\\\/\\\/www.webdo.tn\\\/fr\\\/wp-content\\\/uploads\\\/2025\\\/06\\\/Webdo-Tunisie_168377.jpg\",\"contentUrl\":\"https:\\\/\\\/www.webdo.tn\\\/fr\\\/wp-content\\\/uploads\\\/2025\\\/06\\\/Webdo-Tunisie_168377.jpg\",\"width\":301,\"height\":301,\"caption\":\"Webdo\"},\"image\":{\"@id\":\"https:\\\/\\\/www.webdo.tn\\\/fr\\\/#\\\/schema\\\/logo\\\/image\\\/\"},\"sameAs\":[\"https:\\\/\\\/www.facebook.com\\\/webdotn\",\"https:\\\/\\\/x.com\\\/webdo_tn\"],\"description\":\"Webdo est un m\u00e9dia num\u00e9rique tunisien fond\u00e9 en 2010, sp\u00e9cialis\u00e9 dans l\u2019actualit\u00e9 nationale et internationale, l\u2019\u00e9conomie, la soci\u00e9t\u00e9 et les analyses politiques. Le site s\u2019adresse \u00e0 un large public francophone et couvre l\u2019information tunisienne en temps r\u00e9el.\",\"email\":\"redac@webdo.tn\",\"legalName\":\"YNJ SARL\",\"foundingDate\":\"2010-09-06\",\"numberOfEmployees\":{\"@type\":\"QuantitativeValue\",\"minValue\":\"11\",\"maxValue\":\"50\"}},{\"@type\":\"Person\",\"@id\":\"https:\\\/\\\/www.webdo.tn\\\/fr\\\/#\\\/schema\\\/person\\\/f35b42a42c5e2511bbd282959d6385cc\",\"name\":\"CL\",\"image\":{\"@type\":\"ImageObject\",\"inLanguage\":\"fr-FR\",\"@id\":\"https:\\\/\\\/secure.gravatar.com\\\/avatar\\\/1447a49909b67aa657c488aec6512e1dd6143a480c1ecfee9b5b5cd74eb3b59e?s=96&d=mm&r=g\",\"url\":\"https:\\\/\\\/secure.gravatar.com\\\/avatar\\\/1447a49909b67aa657c488aec6512e1dd6143a480c1ecfee9b5b5cd74eb3b59e?s=96&d=mm&r=g\",\"contentUrl\":\"https:\\\/\\\/secure.gravatar.com\\\/avatar\\\/1447a49909b67aa657c488aec6512e1dd6143a480c1ecfee9b5b5cd74eb3b59e?s=96&d=mm&r=g\",\"caption\":\"CL\"},\"url\":\"https:\\\/\\\/www.webdo.tn\\\/fr\\\/actualite\\\/author\\\/cl\\\/\"}]}<\/script>\n<!-- \/ Yoast SEO Premium plugin. -->","yoast_head_json":{"title":"L\u2019impression de La Presse, Assahafa, Assabah et Le Temps en panne !","description":"Une panne technique a priv\u00e9 les lecteurs de La Presse, Assahafa, Assabah et Le Temps de consulter, ce mardi 8 ao\u00fbt 2023, la version papiers de leurs journaux.","canonical":"https:\/\/www.webdo.tn\/fr\/actualite\/national\/l-impression-de-la-presse-assahafa-assabah-et-le-temps-en-panne\/207785\/","og_locale":"fr_FR","og_type":"article","og_title":"L\u2019impression de La Presse, Assahafa, Assabah et Le Temps en panne !","og_description":"Une panne technique a priv\u00e9 les lecteurs de La Presse, Assahafa, Assabah et Le Temps de consulter, ce mardi 8 ao\u00fbt 2023, la version papiers de leurs journaux.","og_url":"https:\/\/www.webdo.tn\/fr\/actualite\/national\/l-impression-de-la-presse-assahafa-assabah-et-le-temps-en-panne\/207785\/","og_site_name":"webdo","article_publisher":"https:\/\/www.facebook.com\/webdotn","article_published_time":"2023-08-08T09:59:00+00:00","article_modified_time":"2025-05-20T22:41:52+00:00","og_image":[{"width":750,"height":400,"url":"https:\/\/www.webdo.tn\/fr\/wp-content\/uploads\/2023\/08\/75d12da4ccfa41c58f568f52cfbb47ee.jpg","type":"image\/jpeg"}],"author":"CL","twitter_card":"summary_large_image","twitter_creator":"@webdo_tn","twitter_site":"@webdo_tn","twitter_misc":{"\u00c9crit par":"CL","Dur\u00e9e de lecture estim\u00e9e":"1 minute"},"schema":{"@context":"https:\/\/schema.org","@graph":[{"@type":"NewsArticle","@id":"https:\/\/www.webdo.tn\/fr\/actualite\/national\/l-impression-de-la-presse-assahafa-assabah-et-le-temps-en-panne\/207785\/#article","isPartOf":{"@id":"https:\/\/www.webdo.tn\/fr\/actualite\/national\/l-impression-de-la-presse-assahafa-assabah-et-le-temps-en-panne\/207785\/"},"author":{"name":"CL","@id":"https:\/\/www.webdo.tn\/fr\/#\/schema\/person\/f35b42a42c5e2511bbd282959d6385cc"},"headline":"L\u2019impression de La Presse, Assahafa, Assabah et Le Temps en panne !","datePublished":"2023-08-08T09:59:00+00:00","dateModified":"2025-05-20T22:41:52+00:00","mainEntityOfPage":{"@id":"https:\/\/www.webdo.tn\/fr\/actualite\/national\/l-impression-de-la-presse-assahafa-assabah-et-le-temps-en-panne\/207785\/"},"wordCount":163,"commentCount":0,"publisher":{"@id":"https:\/\/www.webdo.tn\/fr\/#organization"},"image":{"@id":"https:\/\/www.webdo.tn\/fr\/actualite\/national\/l-impression-de-la-presse-assahafa-assabah-et-le-temps-en-panne\/207785\/#primaryimage"},"thumbnailUrl":"https:\/\/www.webdo.tn\/fr\/wp-content\/uploads\/2023\/08\/75d12da4ccfa41c58f568f52cfbb47ee.jpg","keywords":["impression","journaux","presse","Tunisie"],"articleSection":["National"],"inLanguage":"fr-FR"},{"@type":"WebPage","@id":"https:\/\/www.webdo.tn\/fr\/actualite\/national\/l-impression-de-la-presse-assahafa-assabah-et-le-temps-en-panne\/207785\/","url":"https:\/\/www.webdo.tn\/fr\/actualite\/national\/l-impression-de-la-presse-assahafa-assabah-et-le-temps-en-panne\/207785\/","name":"L\u2019impression de La Presse, Assahafa, Assabah et Le Temps en panne !","isPartOf":{"@id":"https:\/\/www.webdo.tn\/fr\/#website"},"primaryImageOfPage":{"@id":"https:\/\/www.webdo.tn\/fr\/actualite\/national\/l-impression-de-la-presse-assahafa-assabah-et-le-temps-en-panne\/207785\/#primaryimage"},"image":{"@id":"https:\/\/www.webdo.tn\/fr\/actualite\/national\/l-impression-de-la-presse-assahafa-assabah-et-le-temps-en-panne\/207785\/#primaryimage"},"thumbnailUrl":"https:\/\/www.webdo.tn\/fr\/wp-content\/uploads\/2023\/08\/75d12da4ccfa41c58f568f52cfbb47ee.jpg","datePublished":"2023-08-08T09:59:00+00:00","dateModified":"2025-05-20T22:41:52+00:00","description":"Une panne technique a priv\u00e9 les lecteurs de La Presse, Assahafa, Assabah et Le Temps de consulter, ce mardi 8 ao\u00fbt 2023, la version papiers de leurs journaux.","breadcrumb":{"@id":"https:\/\/www.webdo.tn\/fr\/actualite\/national\/l-impression-de-la-presse-assahafa-assabah-et-le-temps-en-panne\/207785\/#breadcrumb"},"inLanguage":"fr-FR","potentialAction":[{"@type":"ReadAction","target":["https:\/\/www.webdo.tn\/fr\/actualite\/national\/l-impression-de-la-presse-assahafa-assabah-et-le-temps-en-panne\/207785\/"]}]},{"@type":"ImageObject","inLanguage":"fr-FR","@id":"https:\/\/www.webdo.tn\/fr\/actualite\/national\/l-impression-de-la-presse-assahafa-assabah-et-le-temps-en-panne\/207785\/#primaryimage","url":"https:\/\/www.webdo.tn\/fr\/wp-content\/uploads\/2023\/08\/75d12da4ccfa41c58f568f52cfbb47ee.jpg","contentUrl":"https:\/\/www.webdo.tn\/fr\/wp-content\/uploads\/2023\/08\/75d12da4ccfa41c58f568f52cfbb47ee.jpg","width":750,"height":400,"caption":"L\u2019impression de La Presse, Assahafa, Assabah et Le Temps en panne !"},{"@type":"BreadcrumbList","@id":"https:\/\/www.webdo.tn\/fr\/actualite\/national\/l-impression-de-la-presse-assahafa-assabah-et-le-temps-en-panne\/207785\/#breadcrumb","itemListElement":[{"@type":"ListItem","position":1,"name":"Accueil","item":"https:\/\/www.webdo.tn\/fr\/"},{"@type":"ListItem","position":2,"name":"L\u2019impression de La Presse, Assahafa, Assabah et Le Temps en panne !"}]},{"@type":"WebSite","@id":"https:\/\/www.webdo.tn\/fr\/#website","url":"https:\/\/www.webdo.tn\/fr\/","name":"webdo","description":"Tunisie - News en Tunisie et \u00e0 l&#039;international sur Webdo.tn","publisher":{"@id":"https:\/\/www.webdo.tn\/fr\/#organization"},"potentialAction":[{"@type":"SearchAction","target":{"@type":"EntryPoint","urlTemplate":"https:\/\/www.webdo.tn\/fr\/?s={search_term_string}"},"query-input":{"@type":"PropertyValueSpecification","valueRequired":true,"valueName":"search_term_string"}}],"inLanguage":"fr-FR"},{"@type":"Organization","@id":"https:\/\/www.webdo.tn\/fr\/#organization","name":"Webdo","alternateName":"Webdo.tn","url":"https:\/\/www.webdo.tn\/fr\/","logo":{"@type":"ImageObject","inLanguage":"fr-FR","@id":"https:\/\/www.webdo.tn\/fr\/#\/schema\/logo\/image\/","url":"https:\/\/www.webdo.tn\/fr\/wp-content\/uploads\/2025\/06\/Webdo-Tunisie_168377.jpg","contentUrl":"https:\/\/www.webdo.tn\/fr\/wp-content\/uploads\/2025\/06\/Webdo-Tunisie_168377.jpg","width":301,"height":301,"caption":"Webdo"},"image":{"@id":"https:\/\/www.webdo.tn\/fr\/#\/schema\/logo\/image\/"},"sameAs":["https:\/\/www.facebook.com\/webdotn","https:\/\/x.com\/webdo_tn"],"description":"Webdo est un m\u00e9dia num\u00e9rique tunisien fond\u00e9 en 2010, sp\u00e9cialis\u00e9 dans l\u2019actualit\u00e9 nationale et internationale, l\u2019\u00e9conomie, la soci\u00e9t\u00e9 et les analyses politiques. Le site s\u2019adresse \u00e0 un large public francophone et couvre l\u2019information tunisienne en temps r\u00e9el.","email":"redac@webdo.tn","legalName":"YNJ SARL","foundingDate":"2010-09-06","numberOfEmployees":{"@type":"QuantitativeValue","minValue":"11","maxValue":"50"}},{"@type":"Person","@id":"https:\/\/www.webdo.tn\/fr\/#\/schema\/person\/f35b42a42c5e2511bbd282959d6385cc","name":"CL","image":{"@type":"ImageObject","inLanguage":"fr-FR","@id":"https:\/\/secure.gravatar.com\/avatar\/1447a49909b67aa657c488aec6512e1dd6143a480c1ecfee9b5b5cd74eb3b59e?s=96&d=mm&r=g","url":"https:\/\/secure.gravatar.com\/avatar\/1447a49909b67aa657c488aec6512e1dd6143a480c1ecfee9b5b5cd74eb3b59e?s=96&d=mm&r=g","contentUrl":"https:\/\/secure.gravatar.com\/avatar\/1447a49909b67aa657c488aec6512e1dd6143a480c1ecfee9b5b5cd74eb3b59e?s=96&d=mm&r=g","caption":"CL"},"url":"https:\/\/www.webdo.tn\/fr\/actualite\/author\/cl\/"}]}},"_links":{"self":[{"href":"https:\/\/www.webdo.tn\/fr\/wp-json\/wp\/v2\/posts\/207785","targetHints":{"allow":["GET"]}}],"collection":[{"href":"https:\/\/www.webdo.tn\/fr\/wp-json\/wp\/v2\/posts"}],"about":[{"href":"https:\/\/www.webdo.tn\/fr\/wp-json\/wp\/v2\/types\/post"}],"author":[{"embeddable":true,"href":"https:\/\/www.webdo.tn\/fr\/wp-json\/wp\/v2\/users\/3175"}],"replies":[{"embeddable":true,"href":"https:\/\/www.webdo.tn\/fr\/wp-json\/wp\/v2\/comments?post=207785"}],"version-history":[{"count":0,"href":"https:\/\/www.webdo.tn\/fr\/wp-json\/wp\/v2\/posts\/207785\/revisions"}],"wp:featuredmedia":[{"embeddable":true,"href":"https:\/\/www.webdo.tn\/fr\/wp-json\/wp\/v2\/media\/249584"}],"wp:attachment":[{"href":"https:\/\/www.webdo.tn\/fr\/wp-json\/wp\/v2\/media?parent=207785"}],"wp:term":[{"taxonomy":"category","embeddable":true,"href":"https:\/\/www.webdo.tn\/fr\/wp-json\/wp\/v2\/categories?post=207785"},{"taxonomy":"post_tag","embeddable":true,"href":"https:\/\/www.webdo.tn\/fr\/wp-json\/wp\/v2\/tags?post=207785"}],"curies":[{"name":"wp","href":"https:\/\/api.w.org\/{rel}","templated":true}]}}