{"id":207780,"date":"2023-08-08T08:17:00","date_gmt":"2023-08-08T08:17:00","guid":{"rendered":"https:\/\/www.webdo.tn\/fr\/blog\/les-boulangeries-modernes-suspendent-leur-sit-in\/207780\/"},"modified":"2025-05-20T22:51:15","modified_gmt":"2025-05-20T22:51:15","slug":"les-boulangeries-modernes-suspendent-leur-sit-in","status":"publish","type":"post","link":"https:\/\/www.webdo.tn\/fr\/actualite\/national\/les-boulangeries-modernes-suspendent-leur-sit-in\/207780\/","title":{"rendered":"Les boulangeries modernes suspendent leur sit-in"},"content":{"rendered":"<p>Le groupement professionnel des boulangeries modernes relevant de la Conf\u00e9d\u00e9ration Nationale des entreprises de Tunisie (CONECT) a d\u00e9cid\u00e9, lundi apr\u00e8s-midi, de suspendre des sit-in entam\u00e9s depuis lundi matin, et ce, apr\u00e8s la tenue d&rsquo;une s\u00e9ance de travail avec la ministre du Commerce et du d\u00e9veloppement des exportations, Kalthoum Ben Rejeb et des professionnels du secteur.<\/p>\n<p>\t\t\t\t\t\t\t\t\tContact\u00e9 par TAP, le pr\u00e9sident du groupement des boulangeries modernes relevant de la CONECT, Mohamed Jamali a pr\u00e9cis\u00e9 dans une d\u00e9claration, que la d\u00e9cision de reprendre l&rsquo;activit\u00e9 de fabrication de pain, except\u00e9es les baguettes, dans toutes les boulangeries modernes, intervient apr\u00e8s une r\u00e9union avec l&rsquo;autorit\u00e9 de tutelle.<\/p>\n<p>Il a expliqu\u00e9 que les autorit\u00e9s devraient trouver un m\u00e9canisme pour int\u00e9grer les boulangeries modernes au syst\u00e8me de production d&rsquo;un seul type de pain, celui de la baguette. Pour m\u00e9moire, le pr\u00e9sident de la R\u00e9publique Kais Saied avait soulign\u00e9 l&rsquo;imp\u00e9ratif de prendre des mesures urgentes pour mettre fin \u00e0 la classification des boulangeries (class\u00e9es et non class\u00e9es), adopt\u00e9e depuis 2021.<\/p>\n<p>Lors d&rsquo;une s\u00e9ance de travail avec l&rsquo;ancienne cheffe du gouvernement, Najla Bouden et la ministre des Finances, Sihem Boughdiri Nemsia, il a indiqu\u00e9 que \u00ab\u00a0le pain est une ligne rouge pour les Tunisiens\u00a0\u00bb, estimant que la vente du pain \u00e0 des prix diff\u00e9rents aux riches et aux pauvres constitue \u00ab\u00a0un moyen d\u00e9tourn\u00e9 pour lever la subvention\u00a0\u00bb.<\/p>\n","protected":false},"excerpt":{"rendered":"<p>Le groupement professionnel des boulangeries modernes relevant de la Conf\u00e9d\u00e9ration Nationale des entreprises de Tunisie (CONECT) a d\u00e9cid\u00e9, lundi apr\u00e8s-midi, de&#8230;<\/p>\n","protected":false},"author":3175,"featured_media":278595,"comment_status":"open","ping_status":"closed","sticky":false,"template":"","format":"standard","meta":{"footnotes":""},"categories":[44],"tags":[7909,3190,2608],"class_list":["post-207780","post","type-post","status-publish","format-standard","has-post-thumbnail","hentry","category-national","tag-boulangeries","tag-sit-in","tag-tunisie"],"yoast_head":"<!-- This site is optimized with the Yoast SEO Premium plugin v27.5 (Yoast SEO v27.5) - https:\/\/yoast.com\/product\/yoast-seo-premium-wordpress\/ -->\n<title>Les boulangeries modernes suspendent leur sit-in<\/title>\n<meta name=\"description\" content=\"Le groupement professionnel des boulangeries modernes relevant de la Conf\u00e9d\u00e9ration Nationale des entreprises de Tunisie (CONECT) a d\u00e9cid\u00e9, lundi apr\u00e8s-midi, de...\" \/>\n<link rel=\"canonical\" href=\"https:\/\/www.webdo.tn\/fr\/actualite\/national\/les-boulangeries-modernes-suspendent-leur-sit-in\/207780\/\" \/>\n<meta property=\"og:locale\" content=\"fr_FR\" \/>\n<meta property=\"og:type\" content=\"article\" \/>\n<meta property=\"og:title\" content=\"Les boulangeries modernes suspendent leur sit-in\" \/>\n<meta property=\"og:description\" content=\"Le groupement professionnel des boulangeries modernes relevant de la Conf\u00e9d\u00e9ration Nationale des entreprises de Tunisie (CONECT) a d\u00e9cid\u00e9, lundi apr\u00e8s-midi, de...\" \/>\n<meta property=\"og:url\" content=\"https:\/\/www.webdo.tn\/fr\/actualite\/national\/les-boulangeries-modernes-suspendent-leur-sit-in\/207780\/\" \/>\n<meta property=\"og:site_name\" content=\"webdo\" \/>\n<meta property=\"article:publisher\" content=\"https:\/\/www.facebook.com\/webdotn\" \/>\n<meta property=\"article:published_time\" content=\"2023-08-08T08:17:00+00:00\" \/>\n<meta property=\"article:modified_time\" content=\"2025-05-20T22:51:15+00:00\" \/>\n<meta property=\"og:image\" content=\"https:\/\/www.webdo.tn\/fr\/wp-content\/uploads\/2023\/08\/6ba31c97044d1bb4dd313f03bb77908c.jpg\" \/>\n\t<meta property=\"og:image:width\" content=\"600\" \/>\n\t<meta property=\"og:image:height\" content=\"320\" \/>\n\t<meta property=\"og:image:type\" content=\"image\/jpeg\" \/>\n<meta name=\"author\" content=\"CL\" \/>\n<meta name=\"twitter:card\" content=\"summary_large_image\" \/>\n<meta name=\"twitter:creator\" content=\"@webdo_tn\" \/>\n<meta name=\"twitter:site\" content=\"@webdo_tn\" \/>\n<meta name=\"twitter:label1\" content=\"\u00c9crit par\" \/>\n\t<meta name=\"twitter:data1\" content=\"CL\" \/>\n\t<meta name=\"twitter:label2\" content=\"Dur\u00e9e de lecture estim\u00e9e\" \/>\n\t<meta name=\"twitter:data2\" content=\"1 minute\" \/>\n<script type=\"application\/ld+json\" class=\"yoast-schema-graph\">{\"@context\":\"https:\\\/\\\/schema.org\",\"@graph\":[{\"@type\":\"NewsArticle\",\"@id\":\"https:\\\/\\\/www.webdo.tn\\\/fr\\\/actualite\\\/national\\\/les-boulangeries-modernes-suspendent-leur-sit-in\\\/207780\\\/#article\",\"isPartOf\":{\"@id\":\"https:\\\/\\\/www.webdo.tn\\\/fr\\\/actualite\\\/national\\\/les-boulangeries-modernes-suspendent-leur-sit-in\\\/207780\\\/\"},\"author\":{\"name\":\"CL\",\"@id\":\"https:\\\/\\\/www.webdo.tn\\\/fr\\\/#\\\/schema\\\/person\\\/f35b42a42c5e2511bbd282959d6385cc\"},\"headline\":\"Les boulangeries modernes suspendent leur sit-in\",\"datePublished\":\"2023-08-08T08:17:00+00:00\",\"dateModified\":\"2025-05-20T22:51:15+00:00\",\"mainEntityOfPage\":{\"@id\":\"https:\\\/\\\/www.webdo.tn\\\/fr\\\/actualite\\\/national\\\/les-boulangeries-modernes-suspendent-leur-sit-in\\\/207780\\\/\"},\"wordCount\":257,\"commentCount\":0,\"publisher\":{\"@id\":\"https:\\\/\\\/www.webdo.tn\\\/fr\\\/#organization\"},\"image\":{\"@id\":\"https:\\\/\\\/www.webdo.tn\\\/fr\\\/actualite\\\/national\\\/les-boulangeries-modernes-suspendent-leur-sit-in\\\/207780\\\/#primaryimage\"},\"thumbnailUrl\":\"https:\\\/\\\/www.webdo.tn\\\/fr\\\/wp-content\\\/uploads\\\/2023\\\/08\\\/6ba31c97044d1bb4dd313f03bb77908c.jpg\",\"keywords\":[\"boulangeries\",\"sit-in\",\"Tunisie\"],\"articleSection\":[\"National\"],\"inLanguage\":\"fr-FR\"},{\"@type\":\"WebPage\",\"@id\":\"https:\\\/\\\/www.webdo.tn\\\/fr\\\/actualite\\\/national\\\/les-boulangeries-modernes-suspendent-leur-sit-in\\\/207780\\\/\",\"url\":\"https:\\\/\\\/www.webdo.tn\\\/fr\\\/actualite\\\/national\\\/les-boulangeries-modernes-suspendent-leur-sit-in\\\/207780\\\/\",\"name\":\"Les boulangeries modernes suspendent leur sit-in\",\"isPartOf\":{\"@id\":\"https:\\\/\\\/www.webdo.tn\\\/fr\\\/#website\"},\"primaryImageOfPage\":{\"@id\":\"https:\\\/\\\/www.webdo.tn\\\/fr\\\/actualite\\\/national\\\/les-boulangeries-modernes-suspendent-leur-sit-in\\\/207780\\\/#primaryimage\"},\"image\":{\"@id\":\"https:\\\/\\\/www.webdo.tn\\\/fr\\\/actualite\\\/national\\\/les-boulangeries-modernes-suspendent-leur-sit-in\\\/207780\\\/#primaryimage\"},\"thumbnailUrl\":\"https:\\\/\\\/www.webdo.tn\\\/fr\\\/wp-content\\\/uploads\\\/2023\\\/08\\\/6ba31c97044d1bb4dd313f03bb77908c.jpg\",\"datePublished\":\"2023-08-08T08:17:00+00:00\",\"dateModified\":\"2025-05-20T22:51:15+00:00\",\"description\":\"Le groupement professionnel des boulangeries modernes relevant de la Conf\u00e9d\u00e9ration Nationale des entreprises de Tunisie (CONECT) a d\u00e9cid\u00e9, lundi apr\u00e8s-midi, de...\",\"breadcrumb\":{\"@id\":\"https:\\\/\\\/www.webdo.tn\\\/fr\\\/actualite\\\/national\\\/les-boulangeries-modernes-suspendent-leur-sit-in\\\/207780\\\/#breadcrumb\"},\"inLanguage\":\"fr-FR\",\"potentialAction\":[{\"@type\":\"ReadAction\",\"target\":[\"https:\\\/\\\/www.webdo.tn\\\/fr\\\/actualite\\\/national\\\/les-boulangeries-modernes-suspendent-leur-sit-in\\\/207780\\\/\"]}]},{\"@type\":\"ImageObject\",\"inLanguage\":\"fr-FR\",\"@id\":\"https:\\\/\\\/www.webdo.tn\\\/fr\\\/actualite\\\/national\\\/les-boulangeries-modernes-suspendent-leur-sit-in\\\/207780\\\/#primaryimage\",\"url\":\"https:\\\/\\\/www.webdo.tn\\\/fr\\\/wp-content\\\/uploads\\\/2023\\\/08\\\/6ba31c97044d1bb4dd313f03bb77908c.jpg\",\"contentUrl\":\"https:\\\/\\\/www.webdo.tn\\\/fr\\\/wp-content\\\/uploads\\\/2023\\\/08\\\/6ba31c97044d1bb4dd313f03bb77908c.jpg\",\"width\":600,\"height\":320,\"caption\":\"Les boulangeries modernes suspendent leur sit-in\"},{\"@type\":\"BreadcrumbList\",\"@id\":\"https:\\\/\\\/www.webdo.tn\\\/fr\\\/actualite\\\/national\\\/les-boulangeries-modernes-suspendent-leur-sit-in\\\/207780\\\/#breadcrumb\",\"itemListElement\":[{\"@type\":\"ListItem\",\"position\":1,\"name\":\"Accueil\",\"item\":\"https:\\\/\\\/www.webdo.tn\\\/fr\\\/\"},{\"@type\":\"ListItem\",\"position\":2,\"name\":\"Les boulangeries modernes suspendent leur sit-in\"}]},{\"@type\":\"WebSite\",\"@id\":\"https:\\\/\\\/www.webdo.tn\\\/fr\\\/#website\",\"url\":\"https:\\\/\\\/www.webdo.tn\\\/fr\\\/\",\"name\":\"webdo\",\"description\":\"Tunisie - News en Tunisie et \u00e0 l&#039;international sur Webdo.tn\",\"publisher\":{\"@id\":\"https:\\\/\\\/www.webdo.tn\\\/fr\\\/#organization\"},\"potentialAction\":[{\"@type\":\"SearchAction\",\"target\":{\"@type\":\"EntryPoint\",\"urlTemplate\":\"https:\\\/\\\/www.webdo.tn\\\/fr\\\/?s={search_term_string}\"},\"query-input\":{\"@type\":\"PropertyValueSpecification\",\"valueRequired\":true,\"valueName\":\"search_term_string\"}}],\"inLanguage\":\"fr-FR\"},{\"@type\":\"Organization\",\"@id\":\"https:\\\/\\\/www.webdo.tn\\\/fr\\\/#organization\",\"name\":\"Webdo\",\"alternateName\":\"Webdo.tn\",\"url\":\"https:\\\/\\\/www.webdo.tn\\\/fr\\\/\",\"logo\":{\"@type\":\"ImageObject\",\"inLanguage\":\"fr-FR\",\"@id\":\"https:\\\/\\\/www.webdo.tn\\\/fr\\\/#\\\/schema\\\/logo\\\/image\\\/\",\"url\":\"https:\\\/\\\/www.webdo.tn\\\/fr\\\/wp-content\\\/uploads\\\/2025\\\/06\\\/Webdo-Tunisie_168377.jpg\",\"contentUrl\":\"https:\\\/\\\/www.webdo.tn\\\/fr\\\/wp-content\\\/uploads\\\/2025\\\/06\\\/Webdo-Tunisie_168377.jpg\",\"width\":301,\"height\":301,\"caption\":\"Webdo\"},\"image\":{\"@id\":\"https:\\\/\\\/www.webdo.tn\\\/fr\\\/#\\\/schema\\\/logo\\\/image\\\/\"},\"sameAs\":[\"https:\\\/\\\/www.facebook.com\\\/webdotn\",\"https:\\\/\\\/x.com\\\/webdo_tn\"],\"description\":\"Webdo est un m\u00e9dia num\u00e9rique tunisien fond\u00e9 en 2010, sp\u00e9cialis\u00e9 dans l\u2019actualit\u00e9 nationale et internationale, l\u2019\u00e9conomie, la soci\u00e9t\u00e9 et les analyses politiques. Le site s\u2019adresse \u00e0 un large public francophone et couvre l\u2019information tunisienne en temps r\u00e9el.\",\"email\":\"redac@webdo.tn\",\"legalName\":\"YNJ SARL\",\"foundingDate\":\"2010-09-06\",\"numberOfEmployees\":{\"@type\":\"QuantitativeValue\",\"minValue\":\"11\",\"maxValue\":\"50\"}},{\"@type\":\"Person\",\"@id\":\"https:\\\/\\\/www.webdo.tn\\\/fr\\\/#\\\/schema\\\/person\\\/f35b42a42c5e2511bbd282959d6385cc\",\"name\":\"CL\",\"image\":{\"@type\":\"ImageObject\",\"inLanguage\":\"fr-FR\",\"@id\":\"https:\\\/\\\/secure.gravatar.com\\\/avatar\\\/1447a49909b67aa657c488aec6512e1dd6143a480c1ecfee9b5b5cd74eb3b59e?s=96&d=mm&r=g\",\"url\":\"https:\\\/\\\/secure.gravatar.com\\\/avatar\\\/1447a49909b67aa657c488aec6512e1dd6143a480c1ecfee9b5b5cd74eb3b59e?s=96&d=mm&r=g\",\"contentUrl\":\"https:\\\/\\\/secure.gravatar.com\\\/avatar\\\/1447a49909b67aa657c488aec6512e1dd6143a480c1ecfee9b5b5cd74eb3b59e?s=96&d=mm&r=g\",\"caption\":\"CL\"},\"url\":\"https:\\\/\\\/www.webdo.tn\\\/fr\\\/actualite\\\/author\\\/cl\\\/\"}]}<\/script>\n<!-- \/ Yoast SEO Premium plugin. -->","yoast_head_json":{"title":"Les boulangeries modernes suspendent leur sit-in","description":"Le groupement professionnel des boulangeries modernes relevant de la Conf\u00e9d\u00e9ration Nationale des entreprises de Tunisie (CONECT) a d\u00e9cid\u00e9, lundi apr\u00e8s-midi, de...","canonical":"https:\/\/www.webdo.tn\/fr\/actualite\/national\/les-boulangeries-modernes-suspendent-leur-sit-in\/207780\/","og_locale":"fr_FR","og_type":"article","og_title":"Les boulangeries modernes suspendent leur sit-in","og_description":"Le groupement professionnel des boulangeries modernes relevant de la Conf\u00e9d\u00e9ration Nationale des entreprises de Tunisie (CONECT) a d\u00e9cid\u00e9, lundi apr\u00e8s-midi, de...","og_url":"https:\/\/www.webdo.tn\/fr\/actualite\/national\/les-boulangeries-modernes-suspendent-leur-sit-in\/207780\/","og_site_name":"webdo","article_publisher":"https:\/\/www.facebook.com\/webdotn","article_published_time":"2023-08-08T08:17:00+00:00","article_modified_time":"2025-05-20T22:51:15+00:00","og_image":[{"width":600,"height":320,"url":"https:\/\/www.webdo.tn\/fr\/wp-content\/uploads\/2023\/08\/6ba31c97044d1bb4dd313f03bb77908c.jpg","type":"image\/jpeg"}],"author":"CL","twitter_card":"summary_large_image","twitter_creator":"@webdo_tn","twitter_site":"@webdo_tn","twitter_misc":{"\u00c9crit par":"CL","Dur\u00e9e de lecture estim\u00e9e":"1 minute"},"schema":{"@context":"https:\/\/schema.org","@graph":[{"@type":"NewsArticle","@id":"https:\/\/www.webdo.tn\/fr\/actualite\/national\/les-boulangeries-modernes-suspendent-leur-sit-in\/207780\/#article","isPartOf":{"@id":"https:\/\/www.webdo.tn\/fr\/actualite\/national\/les-boulangeries-modernes-suspendent-leur-sit-in\/207780\/"},"author":{"name":"CL","@id":"https:\/\/www.webdo.tn\/fr\/#\/schema\/person\/f35b42a42c5e2511bbd282959d6385cc"},"headline":"Les boulangeries modernes suspendent leur sit-in","datePublished":"2023-08-08T08:17:00+00:00","dateModified":"2025-05-20T22:51:15+00:00","mainEntityOfPage":{"@id":"https:\/\/www.webdo.tn\/fr\/actualite\/national\/les-boulangeries-modernes-suspendent-leur-sit-in\/207780\/"},"wordCount":257,"commentCount":0,"publisher":{"@id":"https:\/\/www.webdo.tn\/fr\/#organization"},"image":{"@id":"https:\/\/www.webdo.tn\/fr\/actualite\/national\/les-boulangeries-modernes-suspendent-leur-sit-in\/207780\/#primaryimage"},"thumbnailUrl":"https:\/\/www.webdo.tn\/fr\/wp-content\/uploads\/2023\/08\/6ba31c97044d1bb4dd313f03bb77908c.jpg","keywords":["boulangeries","sit-in","Tunisie"],"articleSection":["National"],"inLanguage":"fr-FR"},{"@type":"WebPage","@id":"https:\/\/www.webdo.tn\/fr\/actualite\/national\/les-boulangeries-modernes-suspendent-leur-sit-in\/207780\/","url":"https:\/\/www.webdo.tn\/fr\/actualite\/national\/les-boulangeries-modernes-suspendent-leur-sit-in\/207780\/","name":"Les boulangeries modernes suspendent leur sit-in","isPartOf":{"@id":"https:\/\/www.webdo.tn\/fr\/#website"},"primaryImageOfPage":{"@id":"https:\/\/www.webdo.tn\/fr\/actualite\/national\/les-boulangeries-modernes-suspendent-leur-sit-in\/207780\/#primaryimage"},"image":{"@id":"https:\/\/www.webdo.tn\/fr\/actualite\/national\/les-boulangeries-modernes-suspendent-leur-sit-in\/207780\/#primaryimage"},"thumbnailUrl":"https:\/\/www.webdo.tn\/fr\/wp-content\/uploads\/2023\/08\/6ba31c97044d1bb4dd313f03bb77908c.jpg","datePublished":"2023-08-08T08:17:00+00:00","dateModified":"2025-05-20T22:51:15+00:00","description":"Le groupement professionnel des boulangeries modernes relevant de la Conf\u00e9d\u00e9ration Nationale des entreprises de Tunisie (CONECT) a d\u00e9cid\u00e9, lundi apr\u00e8s-midi, de...","breadcrumb":{"@id":"https:\/\/www.webdo.tn\/fr\/actualite\/national\/les-boulangeries-modernes-suspendent-leur-sit-in\/207780\/#breadcrumb"},"inLanguage":"fr-FR","potentialAction":[{"@type":"ReadAction","target":["https:\/\/www.webdo.tn\/fr\/actualite\/national\/les-boulangeries-modernes-suspendent-leur-sit-in\/207780\/"]}]},{"@type":"ImageObject","inLanguage":"fr-FR","@id":"https:\/\/www.webdo.tn\/fr\/actualite\/national\/les-boulangeries-modernes-suspendent-leur-sit-in\/207780\/#primaryimage","url":"https:\/\/www.webdo.tn\/fr\/wp-content\/uploads\/2023\/08\/6ba31c97044d1bb4dd313f03bb77908c.jpg","contentUrl":"https:\/\/www.webdo.tn\/fr\/wp-content\/uploads\/2023\/08\/6ba31c97044d1bb4dd313f03bb77908c.jpg","width":600,"height":320,"caption":"Les boulangeries modernes suspendent leur sit-in"},{"@type":"BreadcrumbList","@id":"https:\/\/www.webdo.tn\/fr\/actualite\/national\/les-boulangeries-modernes-suspendent-leur-sit-in\/207780\/#breadcrumb","itemListElement":[{"@type":"ListItem","position":1,"name":"Accueil","item":"https:\/\/www.webdo.tn\/fr\/"},{"@type":"ListItem","position":2,"name":"Les boulangeries modernes suspendent leur sit-in"}]},{"@type":"WebSite","@id":"https:\/\/www.webdo.tn\/fr\/#website","url":"https:\/\/www.webdo.tn\/fr\/","name":"webdo","description":"Tunisie - News en Tunisie et \u00e0 l&#039;international sur Webdo.tn","publisher":{"@id":"https:\/\/www.webdo.tn\/fr\/#organization"},"potentialAction":[{"@type":"SearchAction","target":{"@type":"EntryPoint","urlTemplate":"https:\/\/www.webdo.tn\/fr\/?s={search_term_string}"},"query-input":{"@type":"PropertyValueSpecification","valueRequired":true,"valueName":"search_term_string"}}],"inLanguage":"fr-FR"},{"@type":"Organization","@id":"https:\/\/www.webdo.tn\/fr\/#organization","name":"Webdo","alternateName":"Webdo.tn","url":"https:\/\/www.webdo.tn\/fr\/","logo":{"@type":"ImageObject","inLanguage":"fr-FR","@id":"https:\/\/www.webdo.tn\/fr\/#\/schema\/logo\/image\/","url":"https:\/\/www.webdo.tn\/fr\/wp-content\/uploads\/2025\/06\/Webdo-Tunisie_168377.jpg","contentUrl":"https:\/\/www.webdo.tn\/fr\/wp-content\/uploads\/2025\/06\/Webdo-Tunisie_168377.jpg","width":301,"height":301,"caption":"Webdo"},"image":{"@id":"https:\/\/www.webdo.tn\/fr\/#\/schema\/logo\/image\/"},"sameAs":["https:\/\/www.facebook.com\/webdotn","https:\/\/x.com\/webdo_tn"],"description":"Webdo est un m\u00e9dia num\u00e9rique tunisien fond\u00e9 en 2010, sp\u00e9cialis\u00e9 dans l\u2019actualit\u00e9 nationale et internationale, l\u2019\u00e9conomie, la soci\u00e9t\u00e9 et les analyses politiques. Le site s\u2019adresse \u00e0 un large public francophone et couvre l\u2019information tunisienne en temps r\u00e9el.","email":"redac@webdo.tn","legalName":"YNJ SARL","foundingDate":"2010-09-06","numberOfEmployees":{"@type":"QuantitativeValue","minValue":"11","maxValue":"50"}},{"@type":"Person","@id":"https:\/\/www.webdo.tn\/fr\/#\/schema\/person\/f35b42a42c5e2511bbd282959d6385cc","name":"CL","image":{"@type":"ImageObject","inLanguage":"fr-FR","@id":"https:\/\/secure.gravatar.com\/avatar\/1447a49909b67aa657c488aec6512e1dd6143a480c1ecfee9b5b5cd74eb3b59e?s=96&d=mm&r=g","url":"https:\/\/secure.gravatar.com\/avatar\/1447a49909b67aa657c488aec6512e1dd6143a480c1ecfee9b5b5cd74eb3b59e?s=96&d=mm&r=g","contentUrl":"https:\/\/secure.gravatar.com\/avatar\/1447a49909b67aa657c488aec6512e1dd6143a480c1ecfee9b5b5cd74eb3b59e?s=96&d=mm&r=g","caption":"CL"},"url":"https:\/\/www.webdo.tn\/fr\/actualite\/author\/cl\/"}]}},"_links":{"self":[{"href":"https:\/\/www.webdo.tn\/fr\/wp-json\/wp\/v2\/posts\/207780","targetHints":{"allow":["GET"]}}],"collection":[{"href":"https:\/\/www.webdo.tn\/fr\/wp-json\/wp\/v2\/posts"}],"about":[{"href":"https:\/\/www.webdo.tn\/fr\/wp-json\/wp\/v2\/types\/post"}],"author":[{"embeddable":true,"href":"https:\/\/www.webdo.tn\/fr\/wp-json\/wp\/v2\/users\/3175"}],"replies":[{"embeddable":true,"href":"https:\/\/www.webdo.tn\/fr\/wp-json\/wp\/v2\/comments?post=207780"}],"version-history":[{"count":0,"href":"https:\/\/www.webdo.tn\/fr\/wp-json\/wp\/v2\/posts\/207780\/revisions"}],"wp:featuredmedia":[{"embeddable":true,"href":"https:\/\/www.webdo.tn\/fr\/wp-json\/wp\/v2\/media\/278595"}],"wp:attachment":[{"href":"https:\/\/www.webdo.tn\/fr\/wp-json\/wp\/v2\/media?parent=207780"}],"wp:term":[{"taxonomy":"category","embeddable":true,"href":"https:\/\/www.webdo.tn\/fr\/wp-json\/wp\/v2\/categories?post=207780"},{"taxonomy":"post_tag","embeddable":true,"href":"https:\/\/www.webdo.tn\/fr\/wp-json\/wp\/v2\/tags?post=207780"}],"curies":[{"name":"wp","href":"https:\/\/api.w.org\/{rel}","templated":true}]}}