{"id":207774,"date":"2023-08-07T19:01:00","date_gmt":"2023-08-07T19:01:00","guid":{"rendered":"https:\/\/www.webdo.tn\/fr\/blog\/entretien-entre-kais-saied-et-awatef-dali-la-haica-brise-le-silence\/207774\/"},"modified":"2025-05-20T22:51:16","modified_gmt":"2025-05-20T22:51:16","slug":"entretien-entre-kais-saied-et-awatef-dali-la-haica-brise-le-silence","status":"publish","type":"post","link":"https:\/\/www.webdo.tn\/fr\/actualite\/national\/entretien-entre-kais-saied-et-awatef-dali-la-haica-brise-le-silence\/207774\/","title":{"rendered":"Entretien entre Kais Saied et Awatef Dali : La HAICA brise le silence"},"content":{"rendered":"<p>Cette vid\u00e9o diffus\u00e9e par la pr\u00e9sidence de la R\u00e9publique a provoqu\u00e9 la col\u00e8re des professionnels des m\u00e9dias.<\/p>\n<p>Le membre de la HAICA, Hichem Snoussi est revenu sur l\u2019entrevue entre le pr\u00e9sident de la R\u00e9publique et la PDG de la t\u00e9l\u00e9vision nationale, durant laquelle Kais Saied a fustig\u00e9 le rendement de cet \u00e9tablissement public.\u00a0<\/p>\n<p>Pour Hichem Snoussi, cette affaire constitue une humiliation contre tous les journalistes, estimant qu\u2019il est inacceptable que le pr\u00e9sident de la R\u00e9publique utilise ce discours pour s\u2019adresser \u00e0 la premi\u00e8re responsable de la t\u00e9l\u00e9vision nationale.\u00a0<\/p>\n<p>Hichem Snoussi, qui s\u2019exprimait sur les ondes de Mosa\u00efque FM, estime que le r\u00e9gime est en train de pr\u00e9parer un mod\u00e8le de m\u00e9dias qui sont au service du pouvoir.\u00a0<\/p>\n<p>Le Chef de l\u2019Etat a re\u00e7u au Palais de Carthage Aouatef Daly, la pr\u00e9sidente directrice g\u00e9n\u00e9rale de la T\u00e9l\u00e9vision tunisienne. Lors de cet entretien, il a fustig\u00e9 la programmation de la t\u00e9l\u00e9vision nationale, critiquant plusieurs programmes, les bulletins d\u2019informations et l\u2019ordre donn\u00e9 \u00e0 la priorit\u00e9 des actualit\u00e9s, qui, selon lui, ne sont pas innocents.<\/p>\n<p>Kais Saied estime que la T\u00e9l\u00e9vision nationale sert du \u00ab\u00a0r\u00e9chauff\u00e9\u00a0\u00bb et donne pour exemple une \u00e9mission, qu&rsquo;il a regard\u00e9 par hasard la veille, intitul\u00e9 \u00ab\u00a0le bon vieux temps\u00a0\u00bb, o\u00f9 on y trouve des personnes, responsables de ce qu\u2019est devenue la situation du pays, des gens poursuivis par la justice. Des escrocs qui se sont transform\u00e9s en h\u00e9ros.<\/p>\n","protected":false},"excerpt":{"rendered":"<p>Cette vid\u00e9o diffus\u00e9e par la pr\u00e9sidence de la R\u00e9publique a provoqu\u00e9 la col\u00e8re des professionnels des m\u00e9dias.<\/p>\n","protected":false},"author":3175,"featured_media":278599,"comment_status":"open","ping_status":"closed","sticky":false,"template":"","format":"standard","meta":{"footnotes":""},"categories":[44],"tags":[3775,2614,2944,2608],"class_list":["post-207774","post","type-post","status-publish","format-standard","has-post-thumbnail","hentry","category-national","tag-haica","tag-kais-saied","tag-television","tag-tunisie"],"yoast_head":"<!-- This site is optimized with the Yoast SEO Premium plugin v27.4 (Yoast SEO v27.4) - https:\/\/yoast.com\/product\/yoast-seo-premium-wordpress\/ -->\n<title>Entretien entre Kais Saied et Awatef Dali : La HAICA brise le silence<\/title>\n<meta name=\"description\" content=\"Cette vid\u00e9o diffus\u00e9e par la pr\u00e9sidence de la R\u00e9publique a provoqu\u00e9 la col\u00e8re des professionnels des m\u00e9dias.\" \/>\n<link rel=\"canonical\" href=\"https:\/\/www.webdo.tn\/fr\/actualite\/national\/entretien-entre-kais-saied-et-awatef-dali-la-haica-brise-le-silence\/207774\/\" \/>\n<meta property=\"og:locale\" content=\"fr_FR\" \/>\n<meta property=\"og:type\" content=\"article\" \/>\n<meta property=\"og:title\" content=\"Entretien entre Kais Saied et Awatef Dali : La HAICA brise le silence\" \/>\n<meta property=\"og:description\" content=\"Cette vid\u00e9o diffus\u00e9e par la pr\u00e9sidence de la R\u00e9publique a provoqu\u00e9 la col\u00e8re des professionnels des m\u00e9dias.\" \/>\n<meta property=\"og:url\" content=\"https:\/\/www.webdo.tn\/fr\/actualite\/national\/entretien-entre-kais-saied-et-awatef-dali-la-haica-brise-le-silence\/207774\/\" \/>\n<meta property=\"og:site_name\" content=\"webdo\" \/>\n<meta property=\"article:publisher\" content=\"https:\/\/www.facebook.com\/webdotn\" \/>\n<meta property=\"article:published_time\" content=\"2023-08-07T19:01:00+00:00\" \/>\n<meta property=\"article:modified_time\" content=\"2025-05-20T22:51:16+00:00\" \/>\n<meta property=\"og:image\" content=\"https:\/\/www.webdo.tn\/fr\/wp-content\/uploads\/2023\/08\/d618a202d736ddd0067e95c975a45d23.jpg\" \/>\n\t<meta property=\"og:image:width\" content=\"750\" \/>\n\t<meta property=\"og:image:height\" content=\"400\" \/>\n\t<meta property=\"og:image:type\" content=\"image\/jpeg\" \/>\n<meta name=\"author\" content=\"CL\" \/>\n<meta name=\"twitter:card\" content=\"summary_large_image\" \/>\n<meta name=\"twitter:creator\" content=\"@webdo_tn\" \/>\n<meta name=\"twitter:site\" content=\"@webdo_tn\" \/>\n<meta name=\"twitter:label1\" content=\"\u00c9crit par\" \/>\n\t<meta name=\"twitter:data1\" content=\"CL\" \/>\n\t<meta name=\"twitter:label2\" content=\"Dur\u00e9e de lecture estim\u00e9e\" \/>\n\t<meta name=\"twitter:data2\" content=\"1 minute\" \/>\n<script type=\"application\/ld+json\" class=\"yoast-schema-graph\">{\"@context\":\"https:\\\/\\\/schema.org\",\"@graph\":[{\"@type\":\"NewsArticle\",\"@id\":\"https:\\\/\\\/www.webdo.tn\\\/fr\\\/actualite\\\/national\\\/entretien-entre-kais-saied-et-awatef-dali-la-haica-brise-le-silence\\\/207774\\\/#article\",\"isPartOf\":{\"@id\":\"https:\\\/\\\/www.webdo.tn\\\/fr\\\/actualite\\\/national\\\/entretien-entre-kais-saied-et-awatef-dali-la-haica-brise-le-silence\\\/207774\\\/\"},\"author\":{\"name\":\"CL\",\"@id\":\"https:\\\/\\\/www.webdo.tn\\\/fr\\\/#\\\/schema\\\/person\\\/f35b42a42c5e2511bbd282959d6385cc\"},\"headline\":\"Entretien entre Kais Saied et Awatef Dali : La HAICA brise le silence\",\"datePublished\":\"2023-08-07T19:01:00+00:00\",\"dateModified\":\"2025-05-20T22:51:16+00:00\",\"mainEntityOfPage\":{\"@id\":\"https:\\\/\\\/www.webdo.tn\\\/fr\\\/actualite\\\/national\\\/entretien-entre-kais-saied-et-awatef-dali-la-haica-brise-le-silence\\\/207774\\\/\"},\"wordCount\":281,\"commentCount\":0,\"publisher\":{\"@id\":\"https:\\\/\\\/www.webdo.tn\\\/fr\\\/#organization\"},\"image\":{\"@id\":\"https:\\\/\\\/www.webdo.tn\\\/fr\\\/actualite\\\/national\\\/entretien-entre-kais-saied-et-awatef-dali-la-haica-brise-le-silence\\\/207774\\\/#primaryimage\"},\"thumbnailUrl\":\"https:\\\/\\\/www.webdo.tn\\\/fr\\\/wp-content\\\/uploads\\\/2023\\\/08\\\/d618a202d736ddd0067e95c975a45d23.jpg\",\"keywords\":[\"HAICA\",\"Kais Saied\",\"T\u00e9l\u00e9vision\",\"Tunisie\"],\"articleSection\":[\"National\"],\"inLanguage\":\"fr-FR\"},{\"@type\":\"WebPage\",\"@id\":\"https:\\\/\\\/www.webdo.tn\\\/fr\\\/actualite\\\/national\\\/entretien-entre-kais-saied-et-awatef-dali-la-haica-brise-le-silence\\\/207774\\\/\",\"url\":\"https:\\\/\\\/www.webdo.tn\\\/fr\\\/actualite\\\/national\\\/entretien-entre-kais-saied-et-awatef-dali-la-haica-brise-le-silence\\\/207774\\\/\",\"name\":\"Entretien entre Kais Saied et Awatef Dali : La HAICA brise le silence\",\"isPartOf\":{\"@id\":\"https:\\\/\\\/www.webdo.tn\\\/fr\\\/#website\"},\"primaryImageOfPage\":{\"@id\":\"https:\\\/\\\/www.webdo.tn\\\/fr\\\/actualite\\\/national\\\/entretien-entre-kais-saied-et-awatef-dali-la-haica-brise-le-silence\\\/207774\\\/#primaryimage\"},\"image\":{\"@id\":\"https:\\\/\\\/www.webdo.tn\\\/fr\\\/actualite\\\/national\\\/entretien-entre-kais-saied-et-awatef-dali-la-haica-brise-le-silence\\\/207774\\\/#primaryimage\"},\"thumbnailUrl\":\"https:\\\/\\\/www.webdo.tn\\\/fr\\\/wp-content\\\/uploads\\\/2023\\\/08\\\/d618a202d736ddd0067e95c975a45d23.jpg\",\"datePublished\":\"2023-08-07T19:01:00+00:00\",\"dateModified\":\"2025-05-20T22:51:16+00:00\",\"description\":\"Cette vid\u00e9o diffus\u00e9e par la pr\u00e9sidence de la R\u00e9publique a provoqu\u00e9 la col\u00e8re des professionnels des m\u00e9dias.\",\"breadcrumb\":{\"@id\":\"https:\\\/\\\/www.webdo.tn\\\/fr\\\/actualite\\\/national\\\/entretien-entre-kais-saied-et-awatef-dali-la-haica-brise-le-silence\\\/207774\\\/#breadcrumb\"},\"inLanguage\":\"fr-FR\",\"potentialAction\":[{\"@type\":\"ReadAction\",\"target\":[\"https:\\\/\\\/www.webdo.tn\\\/fr\\\/actualite\\\/national\\\/entretien-entre-kais-saied-et-awatef-dali-la-haica-brise-le-silence\\\/207774\\\/\"]}]},{\"@type\":\"ImageObject\",\"inLanguage\":\"fr-FR\",\"@id\":\"https:\\\/\\\/www.webdo.tn\\\/fr\\\/actualite\\\/national\\\/entretien-entre-kais-saied-et-awatef-dali-la-haica-brise-le-silence\\\/207774\\\/#primaryimage\",\"url\":\"https:\\\/\\\/www.webdo.tn\\\/fr\\\/wp-content\\\/uploads\\\/2023\\\/08\\\/d618a202d736ddd0067e95c975a45d23.jpg\",\"contentUrl\":\"https:\\\/\\\/www.webdo.tn\\\/fr\\\/wp-content\\\/uploads\\\/2023\\\/08\\\/d618a202d736ddd0067e95c975a45d23.jpg\",\"width\":750,\"height\":400,\"caption\":\"Entretien entre Kais Saied et Awatef Dali : La HAICA brise le silence\"},{\"@type\":\"BreadcrumbList\",\"@id\":\"https:\\\/\\\/www.webdo.tn\\\/fr\\\/actualite\\\/national\\\/entretien-entre-kais-saied-et-awatef-dali-la-haica-brise-le-silence\\\/207774\\\/#breadcrumb\",\"itemListElement\":[{\"@type\":\"ListItem\",\"position\":1,\"name\":\"Accueil\",\"item\":\"https:\\\/\\\/www.webdo.tn\\\/fr\\\/\"},{\"@type\":\"ListItem\",\"position\":2,\"name\":\"Entretien entre Kais Saied et Awatef Dali : La HAICA brise le silence\"}]},{\"@type\":\"WebSite\",\"@id\":\"https:\\\/\\\/www.webdo.tn\\\/fr\\\/#website\",\"url\":\"https:\\\/\\\/www.webdo.tn\\\/fr\\\/\",\"name\":\"webdo\",\"description\":\"Tunisie - News en Tunisie et \u00e0 l&#039;international sur Webdo.tn\",\"publisher\":{\"@id\":\"https:\\\/\\\/www.webdo.tn\\\/fr\\\/#organization\"},\"potentialAction\":[{\"@type\":\"SearchAction\",\"target\":{\"@type\":\"EntryPoint\",\"urlTemplate\":\"https:\\\/\\\/www.webdo.tn\\\/fr\\\/?s={search_term_string}\"},\"query-input\":{\"@type\":\"PropertyValueSpecification\",\"valueRequired\":true,\"valueName\":\"search_term_string\"}}],\"inLanguage\":\"fr-FR\"},{\"@type\":\"Organization\",\"@id\":\"https:\\\/\\\/www.webdo.tn\\\/fr\\\/#organization\",\"name\":\"Webdo\",\"alternateName\":\"Webdo.tn\",\"url\":\"https:\\\/\\\/www.webdo.tn\\\/fr\\\/\",\"logo\":{\"@type\":\"ImageObject\",\"inLanguage\":\"fr-FR\",\"@id\":\"https:\\\/\\\/www.webdo.tn\\\/fr\\\/#\\\/schema\\\/logo\\\/image\\\/\",\"url\":\"https:\\\/\\\/www.webdo.tn\\\/fr\\\/wp-content\\\/uploads\\\/2025\\\/06\\\/Webdo-Tunisie_168377.jpg\",\"contentUrl\":\"https:\\\/\\\/www.webdo.tn\\\/fr\\\/wp-content\\\/uploads\\\/2025\\\/06\\\/Webdo-Tunisie_168377.jpg\",\"width\":301,\"height\":301,\"caption\":\"Webdo\"},\"image\":{\"@id\":\"https:\\\/\\\/www.webdo.tn\\\/fr\\\/#\\\/schema\\\/logo\\\/image\\\/\"},\"sameAs\":[\"https:\\\/\\\/www.facebook.com\\\/webdotn\",\"https:\\\/\\\/x.com\\\/webdo_tn\"],\"description\":\"Webdo est un m\u00e9dia num\u00e9rique tunisien fond\u00e9 en 2010, sp\u00e9cialis\u00e9 dans l\u2019actualit\u00e9 nationale et internationale, l\u2019\u00e9conomie, la soci\u00e9t\u00e9 et les analyses politiques. Le site s\u2019adresse \u00e0 un large public francophone et couvre l\u2019information tunisienne en temps r\u00e9el.\",\"email\":\"redac@webdo.tn\",\"legalName\":\"YNJ SARL\",\"foundingDate\":\"2010-09-06\",\"numberOfEmployees\":{\"@type\":\"QuantitativeValue\",\"minValue\":\"11\",\"maxValue\":\"50\"}},{\"@type\":\"Person\",\"@id\":\"https:\\\/\\\/www.webdo.tn\\\/fr\\\/#\\\/schema\\\/person\\\/f35b42a42c5e2511bbd282959d6385cc\",\"name\":\"CL\",\"image\":{\"@type\":\"ImageObject\",\"inLanguage\":\"fr-FR\",\"@id\":\"https:\\\/\\\/secure.gravatar.com\\\/avatar\\\/1447a49909b67aa657c488aec6512e1dd6143a480c1ecfee9b5b5cd74eb3b59e?s=96&d=mm&r=g\",\"url\":\"https:\\\/\\\/secure.gravatar.com\\\/avatar\\\/1447a49909b67aa657c488aec6512e1dd6143a480c1ecfee9b5b5cd74eb3b59e?s=96&d=mm&r=g\",\"contentUrl\":\"https:\\\/\\\/secure.gravatar.com\\\/avatar\\\/1447a49909b67aa657c488aec6512e1dd6143a480c1ecfee9b5b5cd74eb3b59e?s=96&d=mm&r=g\",\"caption\":\"CL\"},\"url\":\"https:\\\/\\\/www.webdo.tn\\\/fr\\\/actualite\\\/author\\\/cl\\\/\"}]}<\/script>\n<!-- \/ Yoast SEO Premium plugin. -->","yoast_head_json":{"title":"Entretien entre Kais Saied et Awatef Dali : La HAICA brise le silence","description":"Cette vid\u00e9o diffus\u00e9e par la pr\u00e9sidence de la R\u00e9publique a provoqu\u00e9 la col\u00e8re des professionnels des m\u00e9dias.","canonical":"https:\/\/www.webdo.tn\/fr\/actualite\/national\/entretien-entre-kais-saied-et-awatef-dali-la-haica-brise-le-silence\/207774\/","og_locale":"fr_FR","og_type":"article","og_title":"Entretien entre Kais Saied et Awatef Dali : La HAICA brise le silence","og_description":"Cette vid\u00e9o diffus\u00e9e par la pr\u00e9sidence de la R\u00e9publique a provoqu\u00e9 la col\u00e8re des professionnels des m\u00e9dias.","og_url":"https:\/\/www.webdo.tn\/fr\/actualite\/national\/entretien-entre-kais-saied-et-awatef-dali-la-haica-brise-le-silence\/207774\/","og_site_name":"webdo","article_publisher":"https:\/\/www.facebook.com\/webdotn","article_published_time":"2023-08-07T19:01:00+00:00","article_modified_time":"2025-05-20T22:51:16+00:00","og_image":[{"width":750,"height":400,"url":"https:\/\/www.webdo.tn\/fr\/wp-content\/uploads\/2023\/08\/d618a202d736ddd0067e95c975a45d23.jpg","type":"image\/jpeg"}],"author":"CL","twitter_card":"summary_large_image","twitter_creator":"@webdo_tn","twitter_site":"@webdo_tn","twitter_misc":{"\u00c9crit par":"CL","Dur\u00e9e de lecture estim\u00e9e":"1 minute"},"schema":{"@context":"https:\/\/schema.org","@graph":[{"@type":"NewsArticle","@id":"https:\/\/www.webdo.tn\/fr\/actualite\/national\/entretien-entre-kais-saied-et-awatef-dali-la-haica-brise-le-silence\/207774\/#article","isPartOf":{"@id":"https:\/\/www.webdo.tn\/fr\/actualite\/national\/entretien-entre-kais-saied-et-awatef-dali-la-haica-brise-le-silence\/207774\/"},"author":{"name":"CL","@id":"https:\/\/www.webdo.tn\/fr\/#\/schema\/person\/f35b42a42c5e2511bbd282959d6385cc"},"headline":"Entretien entre Kais Saied et Awatef Dali : La HAICA brise le silence","datePublished":"2023-08-07T19:01:00+00:00","dateModified":"2025-05-20T22:51:16+00:00","mainEntityOfPage":{"@id":"https:\/\/www.webdo.tn\/fr\/actualite\/national\/entretien-entre-kais-saied-et-awatef-dali-la-haica-brise-le-silence\/207774\/"},"wordCount":281,"commentCount":0,"publisher":{"@id":"https:\/\/www.webdo.tn\/fr\/#organization"},"image":{"@id":"https:\/\/www.webdo.tn\/fr\/actualite\/national\/entretien-entre-kais-saied-et-awatef-dali-la-haica-brise-le-silence\/207774\/#primaryimage"},"thumbnailUrl":"https:\/\/www.webdo.tn\/fr\/wp-content\/uploads\/2023\/08\/d618a202d736ddd0067e95c975a45d23.jpg","keywords":["HAICA","Kais Saied","T\u00e9l\u00e9vision","Tunisie"],"articleSection":["National"],"inLanguage":"fr-FR"},{"@type":"WebPage","@id":"https:\/\/www.webdo.tn\/fr\/actualite\/national\/entretien-entre-kais-saied-et-awatef-dali-la-haica-brise-le-silence\/207774\/","url":"https:\/\/www.webdo.tn\/fr\/actualite\/national\/entretien-entre-kais-saied-et-awatef-dali-la-haica-brise-le-silence\/207774\/","name":"Entretien entre Kais Saied et Awatef Dali : La HAICA brise le silence","isPartOf":{"@id":"https:\/\/www.webdo.tn\/fr\/#website"},"primaryImageOfPage":{"@id":"https:\/\/www.webdo.tn\/fr\/actualite\/national\/entretien-entre-kais-saied-et-awatef-dali-la-haica-brise-le-silence\/207774\/#primaryimage"},"image":{"@id":"https:\/\/www.webdo.tn\/fr\/actualite\/national\/entretien-entre-kais-saied-et-awatef-dali-la-haica-brise-le-silence\/207774\/#primaryimage"},"thumbnailUrl":"https:\/\/www.webdo.tn\/fr\/wp-content\/uploads\/2023\/08\/d618a202d736ddd0067e95c975a45d23.jpg","datePublished":"2023-08-07T19:01:00+00:00","dateModified":"2025-05-20T22:51:16+00:00","description":"Cette vid\u00e9o diffus\u00e9e par la pr\u00e9sidence de la R\u00e9publique a provoqu\u00e9 la col\u00e8re des professionnels des m\u00e9dias.","breadcrumb":{"@id":"https:\/\/www.webdo.tn\/fr\/actualite\/national\/entretien-entre-kais-saied-et-awatef-dali-la-haica-brise-le-silence\/207774\/#breadcrumb"},"inLanguage":"fr-FR","potentialAction":[{"@type":"ReadAction","target":["https:\/\/www.webdo.tn\/fr\/actualite\/national\/entretien-entre-kais-saied-et-awatef-dali-la-haica-brise-le-silence\/207774\/"]}]},{"@type":"ImageObject","inLanguage":"fr-FR","@id":"https:\/\/www.webdo.tn\/fr\/actualite\/national\/entretien-entre-kais-saied-et-awatef-dali-la-haica-brise-le-silence\/207774\/#primaryimage","url":"https:\/\/www.webdo.tn\/fr\/wp-content\/uploads\/2023\/08\/d618a202d736ddd0067e95c975a45d23.jpg","contentUrl":"https:\/\/www.webdo.tn\/fr\/wp-content\/uploads\/2023\/08\/d618a202d736ddd0067e95c975a45d23.jpg","width":750,"height":400,"caption":"Entretien entre Kais Saied et Awatef Dali : La HAICA brise le silence"},{"@type":"BreadcrumbList","@id":"https:\/\/www.webdo.tn\/fr\/actualite\/national\/entretien-entre-kais-saied-et-awatef-dali-la-haica-brise-le-silence\/207774\/#breadcrumb","itemListElement":[{"@type":"ListItem","position":1,"name":"Accueil","item":"https:\/\/www.webdo.tn\/fr\/"},{"@type":"ListItem","position":2,"name":"Entretien entre Kais Saied et Awatef Dali : La HAICA brise le silence"}]},{"@type":"WebSite","@id":"https:\/\/www.webdo.tn\/fr\/#website","url":"https:\/\/www.webdo.tn\/fr\/","name":"webdo","description":"Tunisie - News en Tunisie et \u00e0 l&#039;international sur Webdo.tn","publisher":{"@id":"https:\/\/www.webdo.tn\/fr\/#organization"},"potentialAction":[{"@type":"SearchAction","target":{"@type":"EntryPoint","urlTemplate":"https:\/\/www.webdo.tn\/fr\/?s={search_term_string}"},"query-input":{"@type":"PropertyValueSpecification","valueRequired":true,"valueName":"search_term_string"}}],"inLanguage":"fr-FR"},{"@type":"Organization","@id":"https:\/\/www.webdo.tn\/fr\/#organization","name":"Webdo","alternateName":"Webdo.tn","url":"https:\/\/www.webdo.tn\/fr\/","logo":{"@type":"ImageObject","inLanguage":"fr-FR","@id":"https:\/\/www.webdo.tn\/fr\/#\/schema\/logo\/image\/","url":"https:\/\/www.webdo.tn\/fr\/wp-content\/uploads\/2025\/06\/Webdo-Tunisie_168377.jpg","contentUrl":"https:\/\/www.webdo.tn\/fr\/wp-content\/uploads\/2025\/06\/Webdo-Tunisie_168377.jpg","width":301,"height":301,"caption":"Webdo"},"image":{"@id":"https:\/\/www.webdo.tn\/fr\/#\/schema\/logo\/image\/"},"sameAs":["https:\/\/www.facebook.com\/webdotn","https:\/\/x.com\/webdo_tn"],"description":"Webdo est un m\u00e9dia num\u00e9rique tunisien fond\u00e9 en 2010, sp\u00e9cialis\u00e9 dans l\u2019actualit\u00e9 nationale et internationale, l\u2019\u00e9conomie, la soci\u00e9t\u00e9 et les analyses politiques. Le site s\u2019adresse \u00e0 un large public francophone et couvre l\u2019information tunisienne en temps r\u00e9el.","email":"redac@webdo.tn","legalName":"YNJ SARL","foundingDate":"2010-09-06","numberOfEmployees":{"@type":"QuantitativeValue","minValue":"11","maxValue":"50"}},{"@type":"Person","@id":"https:\/\/www.webdo.tn\/fr\/#\/schema\/person\/f35b42a42c5e2511bbd282959d6385cc","name":"CL","image":{"@type":"ImageObject","inLanguage":"fr-FR","@id":"https:\/\/secure.gravatar.com\/avatar\/1447a49909b67aa657c488aec6512e1dd6143a480c1ecfee9b5b5cd74eb3b59e?s=96&d=mm&r=g","url":"https:\/\/secure.gravatar.com\/avatar\/1447a49909b67aa657c488aec6512e1dd6143a480c1ecfee9b5b5cd74eb3b59e?s=96&d=mm&r=g","contentUrl":"https:\/\/secure.gravatar.com\/avatar\/1447a49909b67aa657c488aec6512e1dd6143a480c1ecfee9b5b5cd74eb3b59e?s=96&d=mm&r=g","caption":"CL"},"url":"https:\/\/www.webdo.tn\/fr\/actualite\/author\/cl\/"}]}},"_links":{"self":[{"href":"https:\/\/www.webdo.tn\/fr\/wp-json\/wp\/v2\/posts\/207774","targetHints":{"allow":["GET"]}}],"collection":[{"href":"https:\/\/www.webdo.tn\/fr\/wp-json\/wp\/v2\/posts"}],"about":[{"href":"https:\/\/www.webdo.tn\/fr\/wp-json\/wp\/v2\/types\/post"}],"author":[{"embeddable":true,"href":"https:\/\/www.webdo.tn\/fr\/wp-json\/wp\/v2\/users\/3175"}],"replies":[{"embeddable":true,"href":"https:\/\/www.webdo.tn\/fr\/wp-json\/wp\/v2\/comments?post=207774"}],"version-history":[{"count":0,"href":"https:\/\/www.webdo.tn\/fr\/wp-json\/wp\/v2\/posts\/207774\/revisions"}],"wp:featuredmedia":[{"embeddable":true,"href":"https:\/\/www.webdo.tn\/fr\/wp-json\/wp\/v2\/media\/278599"}],"wp:attachment":[{"href":"https:\/\/www.webdo.tn\/fr\/wp-json\/wp\/v2\/media?parent=207774"}],"wp:term":[{"taxonomy":"category","embeddable":true,"href":"https:\/\/www.webdo.tn\/fr\/wp-json\/wp\/v2\/categories?post=207774"},{"taxonomy":"post_tag","embeddable":true,"href":"https:\/\/www.webdo.tn\/fr\/wp-json\/wp\/v2\/tags?post=207774"}],"curies":[{"name":"wp","href":"https:\/\/api.w.org\/{rel}","templated":true}]}}