{"id":207764,"date":"2023-08-07T11:33:00","date_gmt":"2023-08-07T11:33:00","guid":{"rendered":"https:\/\/www.webdo.tn\/fr\/blog\/hafnaoui-le-nageur-a-battre-aux-jo-de-paris\/207764\/"},"modified":"2025-05-17T21:11:27","modified_gmt":"2025-05-17T21:11:27","slug":"hafnaoui-le-nageur-a-battre-aux-jo-de-paris","status":"publish","type":"post","link":"https:\/\/www.webdo.tn\/fr\/actualite\/sport\/hafnaoui-le-nageur-a-battre-aux-jo-de-paris\/207764\/","title":{"rendered":"Hafnaoui, le nageur \u00e0 battre aux JO de Paris ?"},"content":{"rendered":"<p>Champion du monde du 800 m nage libre et m\u00e9daill\u00e9 d&rsquo;argent en 400 m nage libre, Ayoub Hafnaoui a d\u00e9croch\u00e9 sa troisi\u00e8me m\u00e9daille des Championnats du monde de natation 2023. Il s&rsquo;est m\u00eame empar\u00e9 du record de la comp\u00e9tition sur 1500 m nage libre. \u00c0 un an des JO de Paris 2024, notre champion, qui s&rsquo;entra\u00eene d\u00e9sormais avec l&rsquo;Universit\u00e9 d&rsquo;Indiana aux \u00c9tats-Unis, sera incontestablement le nageur \u00e0 battre.<\/p>\n<p>\t\t\t\t\t\t\t\t\t\u00a0<\/p>\n<p>\u00a0<\/p>\n<p>FATEN GHATTAS : \u00ab Une excellente marge de progression \u00bb<\/p>\n<p>\u00ab La performance r\u00e9alis\u00e9e par Ahmed Ayoub Hafnaoui lors des Mondiaux du Japon est un exploit historique. Personnellement, je ne m\u2019y attendais pas du tout, bien qu\u2019il soit un champion mondial, car il a pass\u00e9 une ann\u00e9e un peu dure, occup\u00e9 \u00e0 pr\u00e9parer son bac et son entr\u00e9e \u00e0 l\u2019universit\u00e9 am\u00e9ricaine.<\/p>\n<p>En outre, la prestation lors des comp\u00e9titions varie et la r\u00e9ussite d\u00e9pend de secondes et de fractions de secondes. Dieu merci, notre champion a excell\u00e9 en remportant deux m\u00e9dailles d\u2019or et une m\u00e9daille d\u2019argent devant des adversaires de taille tels que le double champion olympique Robert Finke et l\u2019Australien Samuel Short et, SVP, cerise sur le g\u00e2teau, il a battu le record de la comp\u00e9tition des 1500 m nage libre. On ne peut donc qu\u2019exprimer un grand respect \u00e0 ce jeune nageur de 20 ans qui a honor\u00e9 tous les Tunisiens, car il a permis \u00e0 la Tunisie de se classer 7\u00e8me \u00a0dans cette joute internationale quand on sait que les autres pays participent avec une dizaine de nageurs.<\/p>\n<p>La marge de progression de Hafnaoui est excellente, c\u2019est un sportif s\u00e9rieux, tr\u00e8s disciplin\u00e9, bosseur et courageux ce qui fait que l\u2019on peut compter sur lui aux prochains Jeux olympiques de Paris 2024, en tous cas moi personnellement j\u2019ai confiance en ce jeune champion. \u00bb<\/p>\n<p>\u00a0<\/p>\n<p>MAHER MRAYEH (Directeur g\u00e9n\u00e9ral du sport) : \u00ab Ce contrat \u00e0 objectifs va dans le bon sens \u00bb<\/p>\n<p>\u00ab Les r\u00e9sultats obtenus par Ayoub Hafnaoui, lors du championnat du monde du Japon, sont excellents vu son \u00e2ge. Cette r\u00e9ussite est une continuation de la m\u00e9daille d\u2019or des Jeux olympiques de Tokyo (il \u00e9tait le plus jeune sportif arabe \u00e0 avoir gagn\u00e9 une m\u00e9daille d\u2019or). Pour nous, cette cons\u00e9cration est le fruit d\u2019une collaboration entre le minist\u00e8re des Sports et le sportif, en un premier temps, et d\u2019autres parties telles que le CNOT et la F\u00e9d\u00e9ration de natation.<br \/>\nJe tiens \u00e0 signaler que le passage de Hafnaoui \u00e0 l\u2019universit\u00e9 am\u00e9ricaine est b\u00e9n\u00e9fique dans la mesure o\u00f9 il est devenu plus concentr\u00e9 sur son travail avec son coach. En ce qui concerne le minist\u00e8re, ce qui nous lie au sportif, c\u2019est un contrat \u00e0 objectifs destin\u00e9s \u00e0 l\u2019\u00e9lite sportive avec un c\u00f4t\u00e9 logistique concernant sa pr\u00e9paration. Ce contrat \u00e0 objectif va dans le bon sens. Et nous sommes en train de revoir ce contrat pour permettre \u00e0 notre champion d\u2019aller de l\u2019avant pour rester au top et remporter d\u2019autres m\u00e9dailles aux prochaines \u00e9ch\u00e9ances surtout lors des JO de Paris 2024.<\/p>\n<p>Il est \u00e0 pr\u00e9ciser que le dossier sponsoring va lui permettre de participer \u00e0 plusieurs stages et meetings et de travailler dans de tr\u00e8s bonnes conditions. Nous comptons surtout lors des prochaines \u00ab\u00e9ch\u00e9ances de pr\u00e9parer notre champion sur le plan mental, surtout que la concurrence sera rude, c\u2019est pourquoi nous avons jug\u00e9 de le faire accompagner d\u2019un pr\u00e9parateur mental pour qu\u2019il puisse garder un \u00e9quilibre psychologique qui lui permettra de rester au sommet. \u00bb<br \/>\n\u00a0 \u00a0 \u00a0 \u00a0 \u00a0 \u00a0 \u00a0 \u00a0 \u00a0 \u00a0 \u00a0 \u00a0 \u00a0<br \/>\nHOUDA JRAD (Membre f\u00e9d\u00e9ral et tr\u00e9sori\u00e8re de la FTN)\u00a0 : \u00ab Fiers de notre champion \u00bb<\/p>\n<p>\u00ab Je suis tr\u00e8s heureuse et honor\u00e9e par notre champion olympique et mondial qui a prouv\u00e9 que malgr\u00e9 les moyens limit\u00e9s et les conditions d\u00e9risoires de notre pays, on peut r\u00e9ussir. Il a permis \u00e0 tout le monde de r\u00eaver. Ayoub Hafnaoui a travaill\u00e9 tr\u00e8s dur, a sacrifi\u00e9 pour un moment ses \u00e9tudes pour remporter \u00e0 18 ans la m\u00e9daille d\u2019or aux Jeux olympiques de Tokyo. En s\u2019installant aux USA, il a perfectionn\u00e9 son travail, a progress\u00e9 et les 2 m\u00e9dailles d\u2019or et une d\u2019argent gagn\u00e9es en sont la preuve.<br \/>\nOn peut dire qu\u2019il est sur la bonne voie et que la FTN est toujours \u00e0 ses c\u00f4t\u00e9s pour le soutenir \u00e0 atteindre ses objectifs surtout aux JO de Paris 2024. Quand on voit le drapeau tunisien se hisser plus haut que les drapeaux am\u00e9ricain et australien, on ne peut qu\u2019\u00eatre fier de notre champion. \u00bb<\/p>\n<p>MEHDI \u00a0AGILI (Ancien champion d\u2019Afrique) : \u00ab Il part favori pour Paris 2024 \u00bb<\/p>\n<p>\u00ab En tant que nageur, et Tunisien, je voudrais dire que je suis fier de l\u2019exploit r\u00e9alis\u00e9 par mon petit fr\u00e8re Ayoub Hafnaoui, et que je le f\u00e9licite du fond du c\u0153ur. Concernant la course, notre champion a rat\u00e9 de peu l\u2019or au 400m, mais s\u2019est repris en s\u2019appliquant parfaitement au 800m et au 1500m. C\u2019est une tr\u00e8s belle performance d\u2019\u00eatre double champion du monde et vice-champion du monde avec un chrono extraordinaire que peu de nageurs pourraient r\u00e9aliser. Ce qui est s\u00fbr, c\u2019est que la marge de progression d\u2019Ayoub est excellente et qu\u2019il part favori pour les JO de Paris 2024 pour devenir, je l\u2019esp\u00e8re triple champion du monde. \u00bb<\/p>\n<p>\u00a0<\/p>\n<p>\u00a0<\/p>\n<p>Fay\u00e7al SMATI<\/p>\n","protected":false},"excerpt":{"rendered":"<p>Champion du monde du 800 m nage libre et m\u00e9daill\u00e9 d&rsquo;argent en 400 m nage libre, Ayoub Hafnaoui a d\u00e9croch\u00e9 sa troisi\u00e8me m\u00e9daille des Championnats du monde de nat&#8230;<\/p>\n","protected":false},"author":3190,"featured_media":278586,"comment_status":"open","ping_status":"closed","sticky":false,"template":"","format":"standard","meta":{"footnotes":""},"categories":[2593],"tags":[3122,3252,2608],"class_list":["post-207764","post","type-post","status-publish","format-standard","has-post-thumbnail","hentry","category-sport","tag-hafnaoui","tag-natation","tag-tunisie"],"yoast_head":"<!-- This site is optimized with the Yoast SEO Premium plugin v27.5 (Yoast SEO v27.5) - https:\/\/yoast.com\/product\/yoast-seo-premium-wordpress\/ -->\n<title>Hafnaoui, le nageur \u00e0 battre aux JO de Paris ?<\/title>\n<meta name=\"description\" content=\"Champion du monde du 800 m nage libre et m\u00e9daill\u00e9 d&#039;argent en 400 m nage libre, Ayoub Hafnaoui a d\u00e9croch\u00e9 sa troisi\u00e8me m\u00e9daille des Championnats du monde de nat...\" \/>\n<link rel=\"canonical\" href=\"https:\/\/www.webdo.tn\/fr\/actualite\/sport\/hafnaoui-le-nageur-a-battre-aux-jo-de-paris\/207764\/\" \/>\n<meta property=\"og:locale\" content=\"fr_FR\" \/>\n<meta property=\"og:type\" content=\"article\" \/>\n<meta property=\"og:title\" content=\"Hafnaoui, le nageur \u00e0 battre aux JO de Paris ?\" \/>\n<meta property=\"og:description\" content=\"Champion du monde du 800 m nage libre et m\u00e9daill\u00e9 d&#039;argent en 400 m nage libre, Ayoub Hafnaoui a d\u00e9croch\u00e9 sa troisi\u00e8me m\u00e9daille des Championnats du monde de nat...\" \/>\n<meta property=\"og:url\" content=\"https:\/\/www.webdo.tn\/fr\/actualite\/sport\/hafnaoui-le-nageur-a-battre-aux-jo-de-paris\/207764\/\" \/>\n<meta property=\"og:site_name\" content=\"webdo\" \/>\n<meta property=\"article:publisher\" content=\"https:\/\/www.facebook.com\/webdotn\" \/>\n<meta property=\"article:published_time\" content=\"2023-08-07T11:33:00+00:00\" \/>\n<meta property=\"article:modified_time\" content=\"2025-05-17T21:11:27+00:00\" \/>\n<meta property=\"og:image\" content=\"https:\/\/www.webdo.tn\/fr\/wp-content\/uploads\/2023\/08\/c1f7f90f6b3ba613edd67cdb2466ec44.jpg\" \/>\n\t<meta property=\"og:image:width\" content=\"750\" \/>\n\t<meta property=\"og:image:height\" content=\"400\" \/>\n\t<meta property=\"og:image:type\" content=\"image\/jpeg\" \/>\n<meta name=\"author\" content=\"Faycal Smati\" \/>\n<meta name=\"twitter:card\" content=\"summary_large_image\" \/>\n<meta name=\"twitter:creator\" content=\"@webdo_tn\" \/>\n<meta name=\"twitter:site\" content=\"@webdo_tn\" \/>\n<meta name=\"twitter:label1\" content=\"\u00c9crit par\" \/>\n\t<meta name=\"twitter:data1\" content=\"Faycal Smati\" \/>\n\t<meta name=\"twitter:label2\" content=\"Dur\u00e9e de lecture estim\u00e9e\" \/>\n\t<meta name=\"twitter:data2\" content=\"5 minutes\" \/>\n<script type=\"application\/ld+json\" class=\"yoast-schema-graph\">{\"@context\":\"https:\\\/\\\/schema.org\",\"@graph\":[{\"@type\":\"NewsArticle\",\"@id\":\"https:\\\/\\\/www.webdo.tn\\\/fr\\\/actualite\\\/sport\\\/hafnaoui-le-nageur-a-battre-aux-jo-de-paris\\\/207764\\\/#article\",\"isPartOf\":{\"@id\":\"https:\\\/\\\/www.webdo.tn\\\/fr\\\/actualite\\\/sport\\\/hafnaoui-le-nageur-a-battre-aux-jo-de-paris\\\/207764\\\/\"},\"author\":{\"name\":\"Faycal Smati\",\"@id\":\"https:\\\/\\\/www.webdo.tn\\\/fr\\\/#\\\/schema\\\/person\\\/968900079fa3e8d2faf05b2ef763b77c\"},\"headline\":\"Hafnaoui, le nageur \u00e0 battre aux JO de Paris ?\",\"datePublished\":\"2023-08-07T11:33:00+00:00\",\"dateModified\":\"2025-05-17T21:11:27+00:00\",\"mainEntityOfPage\":{\"@id\":\"https:\\\/\\\/www.webdo.tn\\\/fr\\\/actualite\\\/sport\\\/hafnaoui-le-nageur-a-battre-aux-jo-de-paris\\\/207764\\\/\"},\"wordCount\":926,\"commentCount\":0,\"publisher\":{\"@id\":\"https:\\\/\\\/www.webdo.tn\\\/fr\\\/#organization\"},\"image\":{\"@id\":\"https:\\\/\\\/www.webdo.tn\\\/fr\\\/actualite\\\/sport\\\/hafnaoui-le-nageur-a-battre-aux-jo-de-paris\\\/207764\\\/#primaryimage\"},\"thumbnailUrl\":\"https:\\\/\\\/www.webdo.tn\\\/fr\\\/wp-content\\\/uploads\\\/2023\\\/08\\\/c1f7f90f6b3ba613edd67cdb2466ec44.jpg\",\"keywords\":[\"Hafnaoui\",\"natation\",\"Tunisie\"],\"articleSection\":[\"Sport\"],\"inLanguage\":\"fr-FR\"},{\"@type\":\"WebPage\",\"@id\":\"https:\\\/\\\/www.webdo.tn\\\/fr\\\/actualite\\\/sport\\\/hafnaoui-le-nageur-a-battre-aux-jo-de-paris\\\/207764\\\/\",\"url\":\"https:\\\/\\\/www.webdo.tn\\\/fr\\\/actualite\\\/sport\\\/hafnaoui-le-nageur-a-battre-aux-jo-de-paris\\\/207764\\\/\",\"name\":\"Hafnaoui, le nageur \u00e0 battre aux JO de Paris ?\",\"isPartOf\":{\"@id\":\"https:\\\/\\\/www.webdo.tn\\\/fr\\\/#website\"},\"primaryImageOfPage\":{\"@id\":\"https:\\\/\\\/www.webdo.tn\\\/fr\\\/actualite\\\/sport\\\/hafnaoui-le-nageur-a-battre-aux-jo-de-paris\\\/207764\\\/#primaryimage\"},\"image\":{\"@id\":\"https:\\\/\\\/www.webdo.tn\\\/fr\\\/actualite\\\/sport\\\/hafnaoui-le-nageur-a-battre-aux-jo-de-paris\\\/207764\\\/#primaryimage\"},\"thumbnailUrl\":\"https:\\\/\\\/www.webdo.tn\\\/fr\\\/wp-content\\\/uploads\\\/2023\\\/08\\\/c1f7f90f6b3ba613edd67cdb2466ec44.jpg\",\"datePublished\":\"2023-08-07T11:33:00+00:00\",\"dateModified\":\"2025-05-17T21:11:27+00:00\",\"description\":\"Champion du monde du 800 m nage libre et m\u00e9daill\u00e9 d'argent en 400 m nage libre, Ayoub Hafnaoui a d\u00e9croch\u00e9 sa troisi\u00e8me m\u00e9daille des Championnats du monde de nat...\",\"breadcrumb\":{\"@id\":\"https:\\\/\\\/www.webdo.tn\\\/fr\\\/actualite\\\/sport\\\/hafnaoui-le-nageur-a-battre-aux-jo-de-paris\\\/207764\\\/#breadcrumb\"},\"inLanguage\":\"fr-FR\",\"potentialAction\":[{\"@type\":\"ReadAction\",\"target\":[\"https:\\\/\\\/www.webdo.tn\\\/fr\\\/actualite\\\/sport\\\/hafnaoui-le-nageur-a-battre-aux-jo-de-paris\\\/207764\\\/\"]}]},{\"@type\":\"ImageObject\",\"inLanguage\":\"fr-FR\",\"@id\":\"https:\\\/\\\/www.webdo.tn\\\/fr\\\/actualite\\\/sport\\\/hafnaoui-le-nageur-a-battre-aux-jo-de-paris\\\/207764\\\/#primaryimage\",\"url\":\"https:\\\/\\\/www.webdo.tn\\\/fr\\\/wp-content\\\/uploads\\\/2023\\\/08\\\/c1f7f90f6b3ba613edd67cdb2466ec44.jpg\",\"contentUrl\":\"https:\\\/\\\/www.webdo.tn\\\/fr\\\/wp-content\\\/uploads\\\/2023\\\/08\\\/c1f7f90f6b3ba613edd67cdb2466ec44.jpg\",\"width\":750,\"height\":400,\"caption\":\"Hafnaoui, le nageur \u00e0 battre aux JO de Paris ?\"},{\"@type\":\"BreadcrumbList\",\"@id\":\"https:\\\/\\\/www.webdo.tn\\\/fr\\\/actualite\\\/sport\\\/hafnaoui-le-nageur-a-battre-aux-jo-de-paris\\\/207764\\\/#breadcrumb\",\"itemListElement\":[{\"@type\":\"ListItem\",\"position\":1,\"name\":\"Accueil\",\"item\":\"https:\\\/\\\/www.webdo.tn\\\/fr\\\/\"},{\"@type\":\"ListItem\",\"position\":2,\"name\":\"Hafnaoui, le nageur \u00e0 battre aux JO de Paris ?\"}]},{\"@type\":\"WebSite\",\"@id\":\"https:\\\/\\\/www.webdo.tn\\\/fr\\\/#website\",\"url\":\"https:\\\/\\\/www.webdo.tn\\\/fr\\\/\",\"name\":\"webdo\",\"description\":\"Tunisie - News en Tunisie et \u00e0 l&#039;international sur Webdo.tn\",\"publisher\":{\"@id\":\"https:\\\/\\\/www.webdo.tn\\\/fr\\\/#organization\"},\"potentialAction\":[{\"@type\":\"SearchAction\",\"target\":{\"@type\":\"EntryPoint\",\"urlTemplate\":\"https:\\\/\\\/www.webdo.tn\\\/fr\\\/?s={search_term_string}\"},\"query-input\":{\"@type\":\"PropertyValueSpecification\",\"valueRequired\":true,\"valueName\":\"search_term_string\"}}],\"inLanguage\":\"fr-FR\"},{\"@type\":\"Organization\",\"@id\":\"https:\\\/\\\/www.webdo.tn\\\/fr\\\/#organization\",\"name\":\"Webdo\",\"alternateName\":\"Webdo.tn\",\"url\":\"https:\\\/\\\/www.webdo.tn\\\/fr\\\/\",\"logo\":{\"@type\":\"ImageObject\",\"inLanguage\":\"fr-FR\",\"@id\":\"https:\\\/\\\/www.webdo.tn\\\/fr\\\/#\\\/schema\\\/logo\\\/image\\\/\",\"url\":\"https:\\\/\\\/www.webdo.tn\\\/fr\\\/wp-content\\\/uploads\\\/2025\\\/06\\\/Webdo-Tunisie_168377.jpg\",\"contentUrl\":\"https:\\\/\\\/www.webdo.tn\\\/fr\\\/wp-content\\\/uploads\\\/2025\\\/06\\\/Webdo-Tunisie_168377.jpg\",\"width\":301,\"height\":301,\"caption\":\"Webdo\"},\"image\":{\"@id\":\"https:\\\/\\\/www.webdo.tn\\\/fr\\\/#\\\/schema\\\/logo\\\/image\\\/\"},\"sameAs\":[\"https:\\\/\\\/www.facebook.com\\\/webdotn\",\"https:\\\/\\\/x.com\\\/webdo_tn\"],\"description\":\"Webdo est un m\u00e9dia num\u00e9rique tunisien fond\u00e9 en 2010, sp\u00e9cialis\u00e9 dans l\u2019actualit\u00e9 nationale et internationale, l\u2019\u00e9conomie, la soci\u00e9t\u00e9 et les analyses politiques. Le site s\u2019adresse \u00e0 un large public francophone et couvre l\u2019information tunisienne en temps r\u00e9el.\",\"email\":\"redac@webdo.tn\",\"legalName\":\"YNJ SARL\",\"foundingDate\":\"2010-09-06\",\"numberOfEmployees\":{\"@type\":\"QuantitativeValue\",\"minValue\":\"11\",\"maxValue\":\"50\"}},{\"@type\":\"Person\",\"@id\":\"https:\\\/\\\/www.webdo.tn\\\/fr\\\/#\\\/schema\\\/person\\\/968900079fa3e8d2faf05b2ef763b77c\",\"name\":\"Faycal Smati\",\"image\":{\"@type\":\"ImageObject\",\"inLanguage\":\"fr-FR\",\"@id\":\"https:\\\/\\\/secure.gravatar.com\\\/avatar\\\/f337661f14ad20c5a6c469f3525b6a38c99ea14064ab28499076345c2bcce228?s=96&d=mm&r=g\",\"url\":\"https:\\\/\\\/secure.gravatar.com\\\/avatar\\\/f337661f14ad20c5a6c469f3525b6a38c99ea14064ab28499076345c2bcce228?s=96&d=mm&r=g\",\"contentUrl\":\"https:\\\/\\\/secure.gravatar.com\\\/avatar\\\/f337661f14ad20c5a6c469f3525b6a38c99ea14064ab28499076345c2bcce228?s=96&d=mm&r=g\",\"caption\":\"Faycal Smati\"},\"url\":\"https:\\\/\\\/www.webdo.tn\\\/fr\\\/actualite\\\/author\\\/faycal-smati\\\/\"}]}<\/script>\n<!-- \/ Yoast SEO Premium plugin. -->","yoast_head_json":{"title":"Hafnaoui, le nageur \u00e0 battre aux JO de Paris ?","description":"Champion du monde du 800 m nage libre et m\u00e9daill\u00e9 d'argent en 400 m nage libre, Ayoub Hafnaoui a d\u00e9croch\u00e9 sa troisi\u00e8me m\u00e9daille des Championnats du monde de nat...","canonical":"https:\/\/www.webdo.tn\/fr\/actualite\/sport\/hafnaoui-le-nageur-a-battre-aux-jo-de-paris\/207764\/","og_locale":"fr_FR","og_type":"article","og_title":"Hafnaoui, le nageur \u00e0 battre aux JO de Paris ?","og_description":"Champion du monde du 800 m nage libre et m\u00e9daill\u00e9 d'argent en 400 m nage libre, Ayoub Hafnaoui a d\u00e9croch\u00e9 sa troisi\u00e8me m\u00e9daille des Championnats du monde de nat...","og_url":"https:\/\/www.webdo.tn\/fr\/actualite\/sport\/hafnaoui-le-nageur-a-battre-aux-jo-de-paris\/207764\/","og_site_name":"webdo","article_publisher":"https:\/\/www.facebook.com\/webdotn","article_published_time":"2023-08-07T11:33:00+00:00","article_modified_time":"2025-05-17T21:11:27+00:00","og_image":[{"width":750,"height":400,"url":"https:\/\/www.webdo.tn\/fr\/wp-content\/uploads\/2023\/08\/c1f7f90f6b3ba613edd67cdb2466ec44.jpg","type":"image\/jpeg"}],"author":"Faycal Smati","twitter_card":"summary_large_image","twitter_creator":"@webdo_tn","twitter_site":"@webdo_tn","twitter_misc":{"\u00c9crit par":"Faycal Smati","Dur\u00e9e de lecture estim\u00e9e":"5 minutes"},"schema":{"@context":"https:\/\/schema.org","@graph":[{"@type":"NewsArticle","@id":"https:\/\/www.webdo.tn\/fr\/actualite\/sport\/hafnaoui-le-nageur-a-battre-aux-jo-de-paris\/207764\/#article","isPartOf":{"@id":"https:\/\/www.webdo.tn\/fr\/actualite\/sport\/hafnaoui-le-nageur-a-battre-aux-jo-de-paris\/207764\/"},"author":{"name":"Faycal Smati","@id":"https:\/\/www.webdo.tn\/fr\/#\/schema\/person\/968900079fa3e8d2faf05b2ef763b77c"},"headline":"Hafnaoui, le nageur \u00e0 battre aux JO de Paris ?","datePublished":"2023-08-07T11:33:00+00:00","dateModified":"2025-05-17T21:11:27+00:00","mainEntityOfPage":{"@id":"https:\/\/www.webdo.tn\/fr\/actualite\/sport\/hafnaoui-le-nageur-a-battre-aux-jo-de-paris\/207764\/"},"wordCount":926,"commentCount":0,"publisher":{"@id":"https:\/\/www.webdo.tn\/fr\/#organization"},"image":{"@id":"https:\/\/www.webdo.tn\/fr\/actualite\/sport\/hafnaoui-le-nageur-a-battre-aux-jo-de-paris\/207764\/#primaryimage"},"thumbnailUrl":"https:\/\/www.webdo.tn\/fr\/wp-content\/uploads\/2023\/08\/c1f7f90f6b3ba613edd67cdb2466ec44.jpg","keywords":["Hafnaoui","natation","Tunisie"],"articleSection":["Sport"],"inLanguage":"fr-FR"},{"@type":"WebPage","@id":"https:\/\/www.webdo.tn\/fr\/actualite\/sport\/hafnaoui-le-nageur-a-battre-aux-jo-de-paris\/207764\/","url":"https:\/\/www.webdo.tn\/fr\/actualite\/sport\/hafnaoui-le-nageur-a-battre-aux-jo-de-paris\/207764\/","name":"Hafnaoui, le nageur \u00e0 battre aux JO de Paris ?","isPartOf":{"@id":"https:\/\/www.webdo.tn\/fr\/#website"},"primaryImageOfPage":{"@id":"https:\/\/www.webdo.tn\/fr\/actualite\/sport\/hafnaoui-le-nageur-a-battre-aux-jo-de-paris\/207764\/#primaryimage"},"image":{"@id":"https:\/\/www.webdo.tn\/fr\/actualite\/sport\/hafnaoui-le-nageur-a-battre-aux-jo-de-paris\/207764\/#primaryimage"},"thumbnailUrl":"https:\/\/www.webdo.tn\/fr\/wp-content\/uploads\/2023\/08\/c1f7f90f6b3ba613edd67cdb2466ec44.jpg","datePublished":"2023-08-07T11:33:00+00:00","dateModified":"2025-05-17T21:11:27+00:00","description":"Champion du monde du 800 m nage libre et m\u00e9daill\u00e9 d'argent en 400 m nage libre, Ayoub Hafnaoui a d\u00e9croch\u00e9 sa troisi\u00e8me m\u00e9daille des Championnats du monde de nat...","breadcrumb":{"@id":"https:\/\/www.webdo.tn\/fr\/actualite\/sport\/hafnaoui-le-nageur-a-battre-aux-jo-de-paris\/207764\/#breadcrumb"},"inLanguage":"fr-FR","potentialAction":[{"@type":"ReadAction","target":["https:\/\/www.webdo.tn\/fr\/actualite\/sport\/hafnaoui-le-nageur-a-battre-aux-jo-de-paris\/207764\/"]}]},{"@type":"ImageObject","inLanguage":"fr-FR","@id":"https:\/\/www.webdo.tn\/fr\/actualite\/sport\/hafnaoui-le-nageur-a-battre-aux-jo-de-paris\/207764\/#primaryimage","url":"https:\/\/www.webdo.tn\/fr\/wp-content\/uploads\/2023\/08\/c1f7f90f6b3ba613edd67cdb2466ec44.jpg","contentUrl":"https:\/\/www.webdo.tn\/fr\/wp-content\/uploads\/2023\/08\/c1f7f90f6b3ba613edd67cdb2466ec44.jpg","width":750,"height":400,"caption":"Hafnaoui, le nageur \u00e0 battre aux JO de Paris ?"},{"@type":"BreadcrumbList","@id":"https:\/\/www.webdo.tn\/fr\/actualite\/sport\/hafnaoui-le-nageur-a-battre-aux-jo-de-paris\/207764\/#breadcrumb","itemListElement":[{"@type":"ListItem","position":1,"name":"Accueil","item":"https:\/\/www.webdo.tn\/fr\/"},{"@type":"ListItem","position":2,"name":"Hafnaoui, le nageur \u00e0 battre aux JO de Paris ?"}]},{"@type":"WebSite","@id":"https:\/\/www.webdo.tn\/fr\/#website","url":"https:\/\/www.webdo.tn\/fr\/","name":"webdo","description":"Tunisie - News en Tunisie et \u00e0 l&#039;international sur Webdo.tn","publisher":{"@id":"https:\/\/www.webdo.tn\/fr\/#organization"},"potentialAction":[{"@type":"SearchAction","target":{"@type":"EntryPoint","urlTemplate":"https:\/\/www.webdo.tn\/fr\/?s={search_term_string}"},"query-input":{"@type":"PropertyValueSpecification","valueRequired":true,"valueName":"search_term_string"}}],"inLanguage":"fr-FR"},{"@type":"Organization","@id":"https:\/\/www.webdo.tn\/fr\/#organization","name":"Webdo","alternateName":"Webdo.tn","url":"https:\/\/www.webdo.tn\/fr\/","logo":{"@type":"ImageObject","inLanguage":"fr-FR","@id":"https:\/\/www.webdo.tn\/fr\/#\/schema\/logo\/image\/","url":"https:\/\/www.webdo.tn\/fr\/wp-content\/uploads\/2025\/06\/Webdo-Tunisie_168377.jpg","contentUrl":"https:\/\/www.webdo.tn\/fr\/wp-content\/uploads\/2025\/06\/Webdo-Tunisie_168377.jpg","width":301,"height":301,"caption":"Webdo"},"image":{"@id":"https:\/\/www.webdo.tn\/fr\/#\/schema\/logo\/image\/"},"sameAs":["https:\/\/www.facebook.com\/webdotn","https:\/\/x.com\/webdo_tn"],"description":"Webdo est un m\u00e9dia num\u00e9rique tunisien fond\u00e9 en 2010, sp\u00e9cialis\u00e9 dans l\u2019actualit\u00e9 nationale et internationale, l\u2019\u00e9conomie, la soci\u00e9t\u00e9 et les analyses politiques. Le site s\u2019adresse \u00e0 un large public francophone et couvre l\u2019information tunisienne en temps r\u00e9el.","email":"redac@webdo.tn","legalName":"YNJ SARL","foundingDate":"2010-09-06","numberOfEmployees":{"@type":"QuantitativeValue","minValue":"11","maxValue":"50"}},{"@type":"Person","@id":"https:\/\/www.webdo.tn\/fr\/#\/schema\/person\/968900079fa3e8d2faf05b2ef763b77c","name":"Faycal Smati","image":{"@type":"ImageObject","inLanguage":"fr-FR","@id":"https:\/\/secure.gravatar.com\/avatar\/f337661f14ad20c5a6c469f3525b6a38c99ea14064ab28499076345c2bcce228?s=96&d=mm&r=g","url":"https:\/\/secure.gravatar.com\/avatar\/f337661f14ad20c5a6c469f3525b6a38c99ea14064ab28499076345c2bcce228?s=96&d=mm&r=g","contentUrl":"https:\/\/secure.gravatar.com\/avatar\/f337661f14ad20c5a6c469f3525b6a38c99ea14064ab28499076345c2bcce228?s=96&d=mm&r=g","caption":"Faycal Smati"},"url":"https:\/\/www.webdo.tn\/fr\/actualite\/author\/faycal-smati\/"}]}},"_links":{"self":[{"href":"https:\/\/www.webdo.tn\/fr\/wp-json\/wp\/v2\/posts\/207764","targetHints":{"allow":["GET"]}}],"collection":[{"href":"https:\/\/www.webdo.tn\/fr\/wp-json\/wp\/v2\/posts"}],"about":[{"href":"https:\/\/www.webdo.tn\/fr\/wp-json\/wp\/v2\/types\/post"}],"author":[{"embeddable":true,"href":"https:\/\/www.webdo.tn\/fr\/wp-json\/wp\/v2\/users\/3190"}],"replies":[{"embeddable":true,"href":"https:\/\/www.webdo.tn\/fr\/wp-json\/wp\/v2\/comments?post=207764"}],"version-history":[{"count":0,"href":"https:\/\/www.webdo.tn\/fr\/wp-json\/wp\/v2\/posts\/207764\/revisions"}],"wp:featuredmedia":[{"embeddable":true,"href":"https:\/\/www.webdo.tn\/fr\/wp-json\/wp\/v2\/media\/278586"}],"wp:attachment":[{"href":"https:\/\/www.webdo.tn\/fr\/wp-json\/wp\/v2\/media?parent=207764"}],"wp:term":[{"taxonomy":"category","embeddable":true,"href":"https:\/\/www.webdo.tn\/fr\/wp-json\/wp\/v2\/categories?post=207764"},{"taxonomy":"post_tag","embeddable":true,"href":"https:\/\/www.webdo.tn\/fr\/wp-json\/wp\/v2\/tags?post=207764"}],"curies":[{"name":"wp","href":"https:\/\/api.w.org\/{rel}","templated":true}]}}