{"id":207762,"date":"2023-08-07T10:35:00","date_gmt":"2023-08-07T10:35:00","guid":{"rendered":"https:\/\/www.webdo.tn\/fr\/blog\/fin-de-soiree-sabotee-au-festival-de-carthage\/207762\/"},"modified":"2025-05-20T22:59:42","modified_gmt":"2025-05-20T22:59:42","slug":"fin-de-soiree-sabotee-au-festival-de-carthage","status":"publish","type":"post","link":"https:\/\/www.webdo.tn\/fr\/actualite\/national\/fin-de-soiree-sabotee-au-festival-de-carthage\/207762\/","title":{"rendered":"Fin de soir\u00e9e sabot\u00e9e au Festival de Carthage !"},"content":{"rendered":"<p>Le sabot de Denver est devenu l\u2019ennemi jur\u00e9 des festivaliers.<br \/>\nLa vid\u00e9o est devenue virale et la col\u00e8re de ceux et celles qui se sont confront\u00e9s \u00e0 cette situation est indescriptible. Et on peut comprendre pourquoi.<\/p>\n<p>\t\t\t\t\t\t\t\t\tSamedi 5 ao\u00fbt, \u00e0 leur sortie du gala anim\u00e9 par Ragheb Alama, \u00e0 l\u2019amphith\u00e9\u00e2tre de Carthage, des dizaines de citoyens ont eu la d\u00e9sagr\u00e9able surprise de trouver le sabot de Denver accroch\u00e9 \u00e0 leurs voitures.<\/p>\n<p>Ce qui devait \u00eatre une soir\u00e9e de gala s\u2019est transform\u00e9e soudain en cauchemar. Des familles enti\u00e8res, pour la plupart de la gent f\u00e9minine, se sont trouv\u00e9es, au milieu de la nuit, dans l\u2019impossibilit\u00e9 d\u2019utiliser leurs voitures.<\/p>\n<p>De plus, elles n\u2019ont aucune id\u00e9e de la proc\u00e9dure \u00e0 suivre pour se \u00ab d\u00e9barrasser \u00bb de cet objet abject.<\/p>\n<p>Quand les agents, charg\u00e9s de cette mission, daignent enfin \u00e0 se manifester elles \u00e9taient d\u00e9j\u00e0 pass\u00e9es par toutes les sensations : col\u00e8re, indignation, frustration, d\u00e9go\u00fbt. Aux antipodes de ce que devait susciter en eux un gala de Ragheb Aalama.<\/p>\n<p>Ces agents, qui roulent pour des soci\u00e9t\u00e9s priv\u00e9es, vous expliquent qu\u2019ils ont mis le sabot parce que les voitures \u00e9taient stationn\u00e9es sur les trottoirs !<\/p>\n<p>Quand il n\u2019y a pas des parkings am\u00e9nag\u00e9s pour la circonstance (ou pas assez de places), o\u00f9 est-ce que les festivaliers gareront leurs voitures.<br \/>\nAu 7\u00e8me ciel ?<\/p>\n<p>Ramzi<\/p>\n","protected":false},"excerpt":{"rendered":"<p>Le sabot de Denver est devenu l\u2019ennemi jur\u00e9 des festivaliers. La vid\u00e9o est devenue virale et la col\u00e8re de ceux et celles qui se sont confront\u00e9s \u00e0 cette situati&#8230;<\/p>\n","protected":false},"author":3188,"featured_media":278582,"comment_status":"open","ping_status":"closed","sticky":false,"template":"","format":"standard","meta":{"footnotes":""},"categories":[44],"tags":[3223,2628,3751,2608],"class_list":["post-207762","post","type-post","status-publish","format-standard","has-post-thumbnail","hentry","category-national","tag-carthage","tag-festival","tag-sabot","tag-tunisie"],"yoast_head":"<!-- This site is optimized with the Yoast SEO Premium plugin v27.4 (Yoast SEO v27.5) - https:\/\/yoast.com\/product\/yoast-seo-premium-wordpress\/ -->\n<title>Fin de soir\u00e9e sabot\u00e9e au Festival de Carthage !<\/title>\n<meta name=\"description\" content=\"Le sabot de Denver est devenu l\u2019ennemi jur\u00e9 des festivaliers. La vid\u00e9o est devenue virale et la col\u00e8re de ceux et celles qui se sont confront\u00e9s \u00e0 cette situati...\" \/>\n<link rel=\"canonical\" href=\"https:\/\/www.webdo.tn\/fr\/actualite\/national\/fin-de-soiree-sabotee-au-festival-de-carthage\/207762\/\" \/>\n<meta property=\"og:locale\" content=\"fr_FR\" \/>\n<meta property=\"og:type\" content=\"article\" \/>\n<meta property=\"og:title\" content=\"Fin de soir\u00e9e sabot\u00e9e au Festival de Carthage !\" \/>\n<meta property=\"og:description\" content=\"Le sabot de Denver est devenu l\u2019ennemi jur\u00e9 des festivaliers. La vid\u00e9o est devenue virale et la col\u00e8re de ceux et celles qui se sont confront\u00e9s \u00e0 cette situati...\" \/>\n<meta property=\"og:url\" content=\"https:\/\/www.webdo.tn\/fr\/actualite\/national\/fin-de-soiree-sabotee-au-festival-de-carthage\/207762\/\" \/>\n<meta property=\"og:site_name\" content=\"webdo\" \/>\n<meta property=\"article:publisher\" content=\"https:\/\/www.facebook.com\/webdotn\" \/>\n<meta property=\"article:published_time\" content=\"2023-08-07T10:35:00+00:00\" \/>\n<meta property=\"article:modified_time\" content=\"2025-05-20T22:59:42+00:00\" \/>\n<meta property=\"og:image\" content=\"https:\/\/www.webdo.tn\/fr\/wp-content\/uploads\/2023\/08\/7b3138b93822d6eb37a37446ee7d7d79.jpg\" \/>\n\t<meta property=\"og:image:width\" content=\"750\" \/>\n\t<meta property=\"og:image:height\" content=\"400\" \/>\n\t<meta property=\"og:image:type\" content=\"image\/jpeg\" \/>\n<meta name=\"author\" content=\"Ramzi\" \/>\n<meta name=\"twitter:card\" content=\"summary_large_image\" \/>\n<meta name=\"twitter:creator\" content=\"@webdo_tn\" \/>\n<meta name=\"twitter:site\" content=\"@webdo_tn\" \/>\n<meta name=\"twitter:label1\" content=\"\u00c9crit par\" \/>\n\t<meta name=\"twitter:data1\" content=\"Ramzi\" \/>\n\t<meta name=\"twitter:label2\" content=\"Dur\u00e9e de lecture estim\u00e9e\" \/>\n\t<meta name=\"twitter:data2\" content=\"1 minute\" \/>\n<script type=\"application\/ld+json\" class=\"yoast-schema-graph\">{\"@context\":\"https:\\\/\\\/schema.org\",\"@graph\":[{\"@type\":\"NewsArticle\",\"@id\":\"https:\\\/\\\/www.webdo.tn\\\/fr\\\/actualite\\\/national\\\/fin-de-soiree-sabotee-au-festival-de-carthage\\\/207762\\\/#article\",\"isPartOf\":{\"@id\":\"https:\\\/\\\/www.webdo.tn\\\/fr\\\/actualite\\\/national\\\/fin-de-soiree-sabotee-au-festival-de-carthage\\\/207762\\\/\"},\"author\":{\"name\":\"Ramzi\",\"@id\":\"https:\\\/\\\/www.webdo.tn\\\/fr\\\/#\\\/schema\\\/person\\\/590cb5f81adcfde6385530fdbdf468e2\"},\"headline\":\"Fin de soir\u00e9e sabot\u00e9e au Festival de Carthage !\",\"datePublished\":\"2023-08-07T10:35:00+00:00\",\"dateModified\":\"2025-05-20T22:59:42+00:00\",\"mainEntityOfPage\":{\"@id\":\"https:\\\/\\\/www.webdo.tn\\\/fr\\\/actualite\\\/national\\\/fin-de-soiree-sabotee-au-festival-de-carthage\\\/207762\\\/\"},\"wordCount\":253,\"commentCount\":0,\"publisher\":{\"@id\":\"https:\\\/\\\/www.webdo.tn\\\/fr\\\/#organization\"},\"image\":{\"@id\":\"https:\\\/\\\/www.webdo.tn\\\/fr\\\/actualite\\\/national\\\/fin-de-soiree-sabotee-au-festival-de-carthage\\\/207762\\\/#primaryimage\"},\"thumbnailUrl\":\"https:\\\/\\\/www.webdo.tn\\\/fr\\\/wp-content\\\/uploads\\\/2023\\\/08\\\/7b3138b93822d6eb37a37446ee7d7d79.jpg\",\"keywords\":[\"Carthage\",\"Festival\",\"sabot\",\"Tunisie\"],\"articleSection\":[\"National\"],\"inLanguage\":\"fr-FR\"},{\"@type\":\"WebPage\",\"@id\":\"https:\\\/\\\/www.webdo.tn\\\/fr\\\/actualite\\\/national\\\/fin-de-soiree-sabotee-au-festival-de-carthage\\\/207762\\\/\",\"url\":\"https:\\\/\\\/www.webdo.tn\\\/fr\\\/actualite\\\/national\\\/fin-de-soiree-sabotee-au-festival-de-carthage\\\/207762\\\/\",\"name\":\"Fin de soir\u00e9e sabot\u00e9e au Festival de Carthage !\",\"isPartOf\":{\"@id\":\"https:\\\/\\\/www.webdo.tn\\\/fr\\\/#website\"},\"primaryImageOfPage\":{\"@id\":\"https:\\\/\\\/www.webdo.tn\\\/fr\\\/actualite\\\/national\\\/fin-de-soiree-sabotee-au-festival-de-carthage\\\/207762\\\/#primaryimage\"},\"image\":{\"@id\":\"https:\\\/\\\/www.webdo.tn\\\/fr\\\/actualite\\\/national\\\/fin-de-soiree-sabotee-au-festival-de-carthage\\\/207762\\\/#primaryimage\"},\"thumbnailUrl\":\"https:\\\/\\\/www.webdo.tn\\\/fr\\\/wp-content\\\/uploads\\\/2023\\\/08\\\/7b3138b93822d6eb37a37446ee7d7d79.jpg\",\"datePublished\":\"2023-08-07T10:35:00+00:00\",\"dateModified\":\"2025-05-20T22:59:42+00:00\",\"description\":\"Le sabot de Denver est devenu l\u2019ennemi jur\u00e9 des festivaliers. La vid\u00e9o est devenue virale et la col\u00e8re de ceux et celles qui se sont confront\u00e9s \u00e0 cette situati...\",\"breadcrumb\":{\"@id\":\"https:\\\/\\\/www.webdo.tn\\\/fr\\\/actualite\\\/national\\\/fin-de-soiree-sabotee-au-festival-de-carthage\\\/207762\\\/#breadcrumb\"},\"inLanguage\":\"fr-FR\",\"potentialAction\":[{\"@type\":\"ReadAction\",\"target\":[\"https:\\\/\\\/www.webdo.tn\\\/fr\\\/actualite\\\/national\\\/fin-de-soiree-sabotee-au-festival-de-carthage\\\/207762\\\/\"]}]},{\"@type\":\"ImageObject\",\"inLanguage\":\"fr-FR\",\"@id\":\"https:\\\/\\\/www.webdo.tn\\\/fr\\\/actualite\\\/national\\\/fin-de-soiree-sabotee-au-festival-de-carthage\\\/207762\\\/#primaryimage\",\"url\":\"https:\\\/\\\/www.webdo.tn\\\/fr\\\/wp-content\\\/uploads\\\/2023\\\/08\\\/7b3138b93822d6eb37a37446ee7d7d79.jpg\",\"contentUrl\":\"https:\\\/\\\/www.webdo.tn\\\/fr\\\/wp-content\\\/uploads\\\/2023\\\/08\\\/7b3138b93822d6eb37a37446ee7d7d79.jpg\",\"width\":750,\"height\":400,\"caption\":\"Fin de soir\u00e9e sabot\u00e9e au Festival de Carthage !\"},{\"@type\":\"BreadcrumbList\",\"@id\":\"https:\\\/\\\/www.webdo.tn\\\/fr\\\/actualite\\\/national\\\/fin-de-soiree-sabotee-au-festival-de-carthage\\\/207762\\\/#breadcrumb\",\"itemListElement\":[{\"@type\":\"ListItem\",\"position\":1,\"name\":\"Accueil\",\"item\":\"https:\\\/\\\/www.webdo.tn\\\/fr\\\/\"},{\"@type\":\"ListItem\",\"position\":2,\"name\":\"Fin de soir\u00e9e sabot\u00e9e au Festival de Carthage !\"}]},{\"@type\":\"WebSite\",\"@id\":\"https:\\\/\\\/www.webdo.tn\\\/fr\\\/#website\",\"url\":\"https:\\\/\\\/www.webdo.tn\\\/fr\\\/\",\"name\":\"webdo\",\"description\":\"Tunisie - News en Tunisie et \u00e0 l&#039;international sur Webdo.tn\",\"publisher\":{\"@id\":\"https:\\\/\\\/www.webdo.tn\\\/fr\\\/#organization\"},\"potentialAction\":[{\"@type\":\"SearchAction\",\"target\":{\"@type\":\"EntryPoint\",\"urlTemplate\":\"https:\\\/\\\/www.webdo.tn\\\/fr\\\/?s={search_term_string}\"},\"query-input\":{\"@type\":\"PropertyValueSpecification\",\"valueRequired\":true,\"valueName\":\"search_term_string\"}}],\"inLanguage\":\"fr-FR\"},{\"@type\":\"Organization\",\"@id\":\"https:\\\/\\\/www.webdo.tn\\\/fr\\\/#organization\",\"name\":\"Webdo\",\"alternateName\":\"Webdo.tn\",\"url\":\"https:\\\/\\\/www.webdo.tn\\\/fr\\\/\",\"logo\":{\"@type\":\"ImageObject\",\"inLanguage\":\"fr-FR\",\"@id\":\"https:\\\/\\\/www.webdo.tn\\\/fr\\\/#\\\/schema\\\/logo\\\/image\\\/\",\"url\":\"https:\\\/\\\/www.webdo.tn\\\/fr\\\/wp-content\\\/uploads\\\/2025\\\/06\\\/Webdo-Tunisie_168377.jpg\",\"contentUrl\":\"https:\\\/\\\/www.webdo.tn\\\/fr\\\/wp-content\\\/uploads\\\/2025\\\/06\\\/Webdo-Tunisie_168377.jpg\",\"width\":301,\"height\":301,\"caption\":\"Webdo\"},\"image\":{\"@id\":\"https:\\\/\\\/www.webdo.tn\\\/fr\\\/#\\\/schema\\\/logo\\\/image\\\/\"},\"sameAs\":[\"https:\\\/\\\/www.facebook.com\\\/webdotn\",\"https:\\\/\\\/x.com\\\/webdo_tn\"],\"description\":\"Webdo est un m\u00e9dia num\u00e9rique tunisien fond\u00e9 en 2010, sp\u00e9cialis\u00e9 dans l\u2019actualit\u00e9 nationale et internationale, l\u2019\u00e9conomie, la soci\u00e9t\u00e9 et les analyses politiques. Le site s\u2019adresse \u00e0 un large public francophone et couvre l\u2019information tunisienne en temps r\u00e9el.\",\"email\":\"redac@webdo.tn\",\"legalName\":\"YNJ SARL\",\"foundingDate\":\"2010-09-06\",\"numberOfEmployees\":{\"@type\":\"QuantitativeValue\",\"minValue\":\"11\",\"maxValue\":\"50\"}},{\"@type\":\"Person\",\"@id\":\"https:\\\/\\\/www.webdo.tn\\\/fr\\\/#\\\/schema\\\/person\\\/590cb5f81adcfde6385530fdbdf468e2\",\"name\":\"Ramzi\",\"image\":{\"@type\":\"ImageObject\",\"inLanguage\":\"fr-FR\",\"@id\":\"https:\\\/\\\/secure.gravatar.com\\\/avatar\\\/48df7d18915e10cf866ba8e27604c81ff9243fd52704a1d210c3e387e1cb8d87?s=96&d=mm&r=g\",\"url\":\"https:\\\/\\\/secure.gravatar.com\\\/avatar\\\/48df7d18915e10cf866ba8e27604c81ff9243fd52704a1d210c3e387e1cb8d87?s=96&d=mm&r=g\",\"contentUrl\":\"https:\\\/\\\/secure.gravatar.com\\\/avatar\\\/48df7d18915e10cf866ba8e27604c81ff9243fd52704a1d210c3e387e1cb8d87?s=96&d=mm&r=g\",\"caption\":\"Ramzi\"},\"url\":\"https:\\\/\\\/www.webdo.tn\\\/fr\\\/actualite\\\/author\\\/ramzi\\\/\"}]}<\/script>\n<!-- \/ Yoast SEO Premium plugin. -->","yoast_head_json":{"title":"Fin de soir\u00e9e sabot\u00e9e au Festival de Carthage !","description":"Le sabot de Denver est devenu l\u2019ennemi jur\u00e9 des festivaliers. La vid\u00e9o est devenue virale et la col\u00e8re de ceux et celles qui se sont confront\u00e9s \u00e0 cette situati...","canonical":"https:\/\/www.webdo.tn\/fr\/actualite\/national\/fin-de-soiree-sabotee-au-festival-de-carthage\/207762\/","og_locale":"fr_FR","og_type":"article","og_title":"Fin de soir\u00e9e sabot\u00e9e au Festival de Carthage !","og_description":"Le sabot de Denver est devenu l\u2019ennemi jur\u00e9 des festivaliers. La vid\u00e9o est devenue virale et la col\u00e8re de ceux et celles qui se sont confront\u00e9s \u00e0 cette situati...","og_url":"https:\/\/www.webdo.tn\/fr\/actualite\/national\/fin-de-soiree-sabotee-au-festival-de-carthage\/207762\/","og_site_name":"webdo","article_publisher":"https:\/\/www.facebook.com\/webdotn","article_published_time":"2023-08-07T10:35:00+00:00","article_modified_time":"2025-05-20T22:59:42+00:00","og_image":[{"width":750,"height":400,"url":"https:\/\/www.webdo.tn\/fr\/wp-content\/uploads\/2023\/08\/7b3138b93822d6eb37a37446ee7d7d79.jpg","type":"image\/jpeg"}],"author":"Ramzi","twitter_card":"summary_large_image","twitter_creator":"@webdo_tn","twitter_site":"@webdo_tn","twitter_misc":{"\u00c9crit par":"Ramzi","Dur\u00e9e de lecture estim\u00e9e":"1 minute"},"schema":{"@context":"https:\/\/schema.org","@graph":[{"@type":"NewsArticle","@id":"https:\/\/www.webdo.tn\/fr\/actualite\/national\/fin-de-soiree-sabotee-au-festival-de-carthage\/207762\/#article","isPartOf":{"@id":"https:\/\/www.webdo.tn\/fr\/actualite\/national\/fin-de-soiree-sabotee-au-festival-de-carthage\/207762\/"},"author":{"name":"Ramzi","@id":"https:\/\/www.webdo.tn\/fr\/#\/schema\/person\/590cb5f81adcfde6385530fdbdf468e2"},"headline":"Fin de soir\u00e9e sabot\u00e9e au Festival de Carthage !","datePublished":"2023-08-07T10:35:00+00:00","dateModified":"2025-05-20T22:59:42+00:00","mainEntityOfPage":{"@id":"https:\/\/www.webdo.tn\/fr\/actualite\/national\/fin-de-soiree-sabotee-au-festival-de-carthage\/207762\/"},"wordCount":253,"commentCount":0,"publisher":{"@id":"https:\/\/www.webdo.tn\/fr\/#organization"},"image":{"@id":"https:\/\/www.webdo.tn\/fr\/actualite\/national\/fin-de-soiree-sabotee-au-festival-de-carthage\/207762\/#primaryimage"},"thumbnailUrl":"https:\/\/www.webdo.tn\/fr\/wp-content\/uploads\/2023\/08\/7b3138b93822d6eb37a37446ee7d7d79.jpg","keywords":["Carthage","Festival","sabot","Tunisie"],"articleSection":["National"],"inLanguage":"fr-FR"},{"@type":"WebPage","@id":"https:\/\/www.webdo.tn\/fr\/actualite\/national\/fin-de-soiree-sabotee-au-festival-de-carthage\/207762\/","url":"https:\/\/www.webdo.tn\/fr\/actualite\/national\/fin-de-soiree-sabotee-au-festival-de-carthage\/207762\/","name":"Fin de soir\u00e9e sabot\u00e9e au Festival de Carthage !","isPartOf":{"@id":"https:\/\/www.webdo.tn\/fr\/#website"},"primaryImageOfPage":{"@id":"https:\/\/www.webdo.tn\/fr\/actualite\/national\/fin-de-soiree-sabotee-au-festival-de-carthage\/207762\/#primaryimage"},"image":{"@id":"https:\/\/www.webdo.tn\/fr\/actualite\/national\/fin-de-soiree-sabotee-au-festival-de-carthage\/207762\/#primaryimage"},"thumbnailUrl":"https:\/\/www.webdo.tn\/fr\/wp-content\/uploads\/2023\/08\/7b3138b93822d6eb37a37446ee7d7d79.jpg","datePublished":"2023-08-07T10:35:00+00:00","dateModified":"2025-05-20T22:59:42+00:00","description":"Le sabot de Denver est devenu l\u2019ennemi jur\u00e9 des festivaliers. La vid\u00e9o est devenue virale et la col\u00e8re de ceux et celles qui se sont confront\u00e9s \u00e0 cette situati...","breadcrumb":{"@id":"https:\/\/www.webdo.tn\/fr\/actualite\/national\/fin-de-soiree-sabotee-au-festival-de-carthage\/207762\/#breadcrumb"},"inLanguage":"fr-FR","potentialAction":[{"@type":"ReadAction","target":["https:\/\/www.webdo.tn\/fr\/actualite\/national\/fin-de-soiree-sabotee-au-festival-de-carthage\/207762\/"]}]},{"@type":"ImageObject","inLanguage":"fr-FR","@id":"https:\/\/www.webdo.tn\/fr\/actualite\/national\/fin-de-soiree-sabotee-au-festival-de-carthage\/207762\/#primaryimage","url":"https:\/\/www.webdo.tn\/fr\/wp-content\/uploads\/2023\/08\/7b3138b93822d6eb37a37446ee7d7d79.jpg","contentUrl":"https:\/\/www.webdo.tn\/fr\/wp-content\/uploads\/2023\/08\/7b3138b93822d6eb37a37446ee7d7d79.jpg","width":750,"height":400,"caption":"Fin de soir\u00e9e sabot\u00e9e au Festival de Carthage !"},{"@type":"BreadcrumbList","@id":"https:\/\/www.webdo.tn\/fr\/actualite\/national\/fin-de-soiree-sabotee-au-festival-de-carthage\/207762\/#breadcrumb","itemListElement":[{"@type":"ListItem","position":1,"name":"Accueil","item":"https:\/\/www.webdo.tn\/fr\/"},{"@type":"ListItem","position":2,"name":"Fin de soir\u00e9e sabot\u00e9e au Festival de Carthage !"}]},{"@type":"WebSite","@id":"https:\/\/www.webdo.tn\/fr\/#website","url":"https:\/\/www.webdo.tn\/fr\/","name":"webdo","description":"Tunisie - News en Tunisie et \u00e0 l&#039;international sur Webdo.tn","publisher":{"@id":"https:\/\/www.webdo.tn\/fr\/#organization"},"potentialAction":[{"@type":"SearchAction","target":{"@type":"EntryPoint","urlTemplate":"https:\/\/www.webdo.tn\/fr\/?s={search_term_string}"},"query-input":{"@type":"PropertyValueSpecification","valueRequired":true,"valueName":"search_term_string"}}],"inLanguage":"fr-FR"},{"@type":"Organization","@id":"https:\/\/www.webdo.tn\/fr\/#organization","name":"Webdo","alternateName":"Webdo.tn","url":"https:\/\/www.webdo.tn\/fr\/","logo":{"@type":"ImageObject","inLanguage":"fr-FR","@id":"https:\/\/www.webdo.tn\/fr\/#\/schema\/logo\/image\/","url":"https:\/\/www.webdo.tn\/fr\/wp-content\/uploads\/2025\/06\/Webdo-Tunisie_168377.jpg","contentUrl":"https:\/\/www.webdo.tn\/fr\/wp-content\/uploads\/2025\/06\/Webdo-Tunisie_168377.jpg","width":301,"height":301,"caption":"Webdo"},"image":{"@id":"https:\/\/www.webdo.tn\/fr\/#\/schema\/logo\/image\/"},"sameAs":["https:\/\/www.facebook.com\/webdotn","https:\/\/x.com\/webdo_tn"],"description":"Webdo est un m\u00e9dia num\u00e9rique tunisien fond\u00e9 en 2010, sp\u00e9cialis\u00e9 dans l\u2019actualit\u00e9 nationale et internationale, l\u2019\u00e9conomie, la soci\u00e9t\u00e9 et les analyses politiques. Le site s\u2019adresse \u00e0 un large public francophone et couvre l\u2019information tunisienne en temps r\u00e9el.","email":"redac@webdo.tn","legalName":"YNJ SARL","foundingDate":"2010-09-06","numberOfEmployees":{"@type":"QuantitativeValue","minValue":"11","maxValue":"50"}},{"@type":"Person","@id":"https:\/\/www.webdo.tn\/fr\/#\/schema\/person\/590cb5f81adcfde6385530fdbdf468e2","name":"Ramzi","image":{"@type":"ImageObject","inLanguage":"fr-FR","@id":"https:\/\/secure.gravatar.com\/avatar\/48df7d18915e10cf866ba8e27604c81ff9243fd52704a1d210c3e387e1cb8d87?s=96&d=mm&r=g","url":"https:\/\/secure.gravatar.com\/avatar\/48df7d18915e10cf866ba8e27604c81ff9243fd52704a1d210c3e387e1cb8d87?s=96&d=mm&r=g","contentUrl":"https:\/\/secure.gravatar.com\/avatar\/48df7d18915e10cf866ba8e27604c81ff9243fd52704a1d210c3e387e1cb8d87?s=96&d=mm&r=g","caption":"Ramzi"},"url":"https:\/\/www.webdo.tn\/fr\/actualite\/author\/ramzi\/"}]}},"_links":{"self":[{"href":"https:\/\/www.webdo.tn\/fr\/wp-json\/wp\/v2\/posts\/207762","targetHints":{"allow":["GET"]}}],"collection":[{"href":"https:\/\/www.webdo.tn\/fr\/wp-json\/wp\/v2\/posts"}],"about":[{"href":"https:\/\/www.webdo.tn\/fr\/wp-json\/wp\/v2\/types\/post"}],"author":[{"embeddable":true,"href":"https:\/\/www.webdo.tn\/fr\/wp-json\/wp\/v2\/users\/3188"}],"replies":[{"embeddable":true,"href":"https:\/\/www.webdo.tn\/fr\/wp-json\/wp\/v2\/comments?post=207762"}],"version-history":[{"count":0,"href":"https:\/\/www.webdo.tn\/fr\/wp-json\/wp\/v2\/posts\/207762\/revisions"}],"wp:featuredmedia":[{"embeddable":true,"href":"https:\/\/www.webdo.tn\/fr\/wp-json\/wp\/v2\/media\/278582"}],"wp:attachment":[{"href":"https:\/\/www.webdo.tn\/fr\/wp-json\/wp\/v2\/media?parent=207762"}],"wp:term":[{"taxonomy":"category","embeddable":true,"href":"https:\/\/www.webdo.tn\/fr\/wp-json\/wp\/v2\/categories?post=207762"},{"taxonomy":"post_tag","embeddable":true,"href":"https:\/\/www.webdo.tn\/fr\/wp-json\/wp\/v2\/tags?post=207762"}],"curies":[{"name":"wp","href":"https:\/\/api.w.org\/{rel}","templated":true}]}}