{"id":207757,"date":"2023-08-07T08:11:00","date_gmt":"2023-08-07T08:11:00","guid":{"rendered":"https:\/\/www.webdo.tn\/fr\/blog\/migration-clandestine-10-corps-repeches-au-large-de-sfax\/207757\/"},"modified":"2025-05-20T22:42:00","modified_gmt":"2025-05-20T22:42:00","slug":"migration-clandestine-10-corps-repeches-au-large-de-sfax","status":"publish","type":"post","link":"https:\/\/www.webdo.tn\/fr\/actualite\/national\/migration-clandestine-10-corps-repeches-au-large-de-sfax\/207757\/","title":{"rendered":"Migration clandestine : 10 corps rep\u00each\u00e9s au large de Sfax"},"content":{"rendered":"<p>Dix corps ont \u00e9t\u00e9 rep\u00each\u00e9s au cours des derni\u00e8res 48 heures pr\u00e8s des c\u00f4tes de Louata (Gouvernorat de Sfax).<\/p>\n<p>Selon un communiqu\u00e9 de la direction g\u00e9n\u00e9rale de la Garde nationale, les mesures n\u00e9cessaires ont \u00e9t\u00e9 prises, apr\u00e8s consultation du Minist\u00e8re Public \u00e0 Sfax.\u00a0<br \/>\nLes corps seront transf\u00e9r\u00e9s au m\u00e9decin l\u00e9giste pour identification.\u00a0<\/p>\n<p>Au moins une trentaine de migrants sont port\u00e9s disparus apr\u00e8s le chavirement de deux bateaux au large de l&rsquo;\u00eele italienne de Lampedusa, selon le t\u00e9moignage d&rsquo;un survivant, a annonc\u00e9, dimanche 6 ao\u00fbt, l&rsquo;Organisation internationale pour les migrations (OIM).<\/p>\n<p>Les bateaux \u00e9taient des petites embarcations de m\u00e9tal apparemment parties jeudi de Sfax, en Tunisie. Apr\u00e8s avoir parl\u00e9 avec des survivants, les responsables de l&rsquo;OIM estiment qu\u00a0\u00bbau moins 30 personnes ont disparu\u00a0\u00bb, rapporte l\u2019AFP.<\/p>\n","protected":false},"excerpt":{"rendered":"<p>Dix corps ont \u00e9t\u00e9 rep\u00each\u00e9s au cours des derni\u00e8res 48 heures pr\u00e8s des c\u00f4tes de Louata (Gouvernorat de Sfax).<\/p>\n","protected":false},"author":3175,"featured_media":249606,"comment_status":"open","ping_status":"closed","sticky":false,"template":"","format":"standard","meta":{"footnotes":""},"categories":[44],"tags":[4687,2615,2675,2608],"class_list":["post-207757","post","type-post","status-publish","format-standard","has-post-thumbnail","hentry","category-national","tag-corps","tag-migration","tag-sfax","tag-tunisie"],"yoast_head":"<!-- This site is optimized with the Yoast SEO Premium plugin v27.4 (Yoast SEO v27.4) - https:\/\/yoast.com\/product\/yoast-seo-premium-wordpress\/ -->\n<title>Migration clandestine : 10 corps rep\u00each\u00e9s au large de Sfax<\/title>\n<meta name=\"description\" content=\"Dix corps ont \u00e9t\u00e9 rep\u00each\u00e9s au cours des derni\u00e8res 48 heures pr\u00e8s des c\u00f4tes de Louata (Gouvernorat de Sfax).\" \/>\n<link rel=\"canonical\" href=\"https:\/\/www.webdo.tn\/fr\/actualite\/national\/migration-clandestine-10-corps-repeches-au-large-de-sfax\/207757\/\" \/>\n<meta property=\"og:locale\" content=\"fr_FR\" \/>\n<meta property=\"og:type\" content=\"article\" \/>\n<meta property=\"og:title\" content=\"Migration clandestine : 10 corps rep\u00each\u00e9s au large de Sfax\" \/>\n<meta property=\"og:description\" content=\"Dix corps ont \u00e9t\u00e9 rep\u00each\u00e9s au cours des derni\u00e8res 48 heures pr\u00e8s des c\u00f4tes de Louata (Gouvernorat de Sfax).\" \/>\n<meta property=\"og:url\" content=\"https:\/\/www.webdo.tn\/fr\/actualite\/national\/migration-clandestine-10-corps-repeches-au-large-de-sfax\/207757\/\" \/>\n<meta property=\"og:site_name\" content=\"webdo\" \/>\n<meta property=\"article:publisher\" content=\"https:\/\/www.facebook.com\/webdotn\" \/>\n<meta property=\"article:published_time\" content=\"2023-08-07T08:11:00+00:00\" \/>\n<meta property=\"article:modified_time\" content=\"2025-05-20T22:42:00+00:00\" \/>\n<meta property=\"og:image\" content=\"https:\/\/www.webdo.tn\/fr\/wp-content\/uploads\/2023\/08\/8a1e58a339b8772d4dfcac4298917eec.jpg\" \/>\n\t<meta property=\"og:image:width\" content=\"750\" \/>\n\t<meta property=\"og:image:height\" content=\"400\" \/>\n\t<meta property=\"og:image:type\" content=\"image\/jpeg\" \/>\n<meta name=\"author\" content=\"CL\" \/>\n<meta name=\"twitter:card\" content=\"summary_large_image\" \/>\n<meta name=\"twitter:creator\" content=\"@webdo_tn\" \/>\n<meta name=\"twitter:site\" content=\"@webdo_tn\" \/>\n<meta name=\"twitter:label1\" content=\"\u00c9crit par\" \/>\n\t<meta name=\"twitter:data1\" content=\"CL\" \/>\n\t<meta name=\"twitter:label2\" content=\"Dur\u00e9e de lecture estim\u00e9e\" \/>\n\t<meta name=\"twitter:data2\" content=\"1 minute\" \/>\n<script type=\"application\/ld+json\" class=\"yoast-schema-graph\">{\"@context\":\"https:\\\/\\\/schema.org\",\"@graph\":[{\"@type\":\"NewsArticle\",\"@id\":\"https:\\\/\\\/www.webdo.tn\\\/fr\\\/actualite\\\/national\\\/migration-clandestine-10-corps-repeches-au-large-de-sfax\\\/207757\\\/#article\",\"isPartOf\":{\"@id\":\"https:\\\/\\\/www.webdo.tn\\\/fr\\\/actualite\\\/national\\\/migration-clandestine-10-corps-repeches-au-large-de-sfax\\\/207757\\\/\"},\"author\":{\"name\":\"CL\",\"@id\":\"https:\\\/\\\/www.webdo.tn\\\/fr\\\/#\\\/schema\\\/person\\\/f35b42a42c5e2511bbd282959d6385cc\"},\"headline\":\"Migration clandestine : 10 corps rep\u00each\u00e9s au large de Sfax\",\"datePublished\":\"2023-08-07T08:11:00+00:00\",\"dateModified\":\"2025-05-20T22:42:00+00:00\",\"mainEntityOfPage\":{\"@id\":\"https:\\\/\\\/www.webdo.tn\\\/fr\\\/actualite\\\/national\\\/migration-clandestine-10-corps-repeches-au-large-de-sfax\\\/207757\\\/\"},\"wordCount\":156,\"commentCount\":0,\"publisher\":{\"@id\":\"https:\\\/\\\/www.webdo.tn\\\/fr\\\/#organization\"},\"image\":{\"@id\":\"https:\\\/\\\/www.webdo.tn\\\/fr\\\/actualite\\\/national\\\/migration-clandestine-10-corps-repeches-au-large-de-sfax\\\/207757\\\/#primaryimage\"},\"thumbnailUrl\":\"https:\\\/\\\/www.webdo.tn\\\/fr\\\/wp-content\\\/uploads\\\/2023\\\/08\\\/8a1e58a339b8772d4dfcac4298917eec.jpg\",\"keywords\":[\"corps\",\"Migration\",\"Sfax\",\"Tunisie\"],\"articleSection\":[\"National\"],\"inLanguage\":\"fr-FR\"},{\"@type\":\"WebPage\",\"@id\":\"https:\\\/\\\/www.webdo.tn\\\/fr\\\/actualite\\\/national\\\/migration-clandestine-10-corps-repeches-au-large-de-sfax\\\/207757\\\/\",\"url\":\"https:\\\/\\\/www.webdo.tn\\\/fr\\\/actualite\\\/national\\\/migration-clandestine-10-corps-repeches-au-large-de-sfax\\\/207757\\\/\",\"name\":\"Migration clandestine : 10 corps rep\u00each\u00e9s au large de Sfax\",\"isPartOf\":{\"@id\":\"https:\\\/\\\/www.webdo.tn\\\/fr\\\/#website\"},\"primaryImageOfPage\":{\"@id\":\"https:\\\/\\\/www.webdo.tn\\\/fr\\\/actualite\\\/national\\\/migration-clandestine-10-corps-repeches-au-large-de-sfax\\\/207757\\\/#primaryimage\"},\"image\":{\"@id\":\"https:\\\/\\\/www.webdo.tn\\\/fr\\\/actualite\\\/national\\\/migration-clandestine-10-corps-repeches-au-large-de-sfax\\\/207757\\\/#primaryimage\"},\"thumbnailUrl\":\"https:\\\/\\\/www.webdo.tn\\\/fr\\\/wp-content\\\/uploads\\\/2023\\\/08\\\/8a1e58a339b8772d4dfcac4298917eec.jpg\",\"datePublished\":\"2023-08-07T08:11:00+00:00\",\"dateModified\":\"2025-05-20T22:42:00+00:00\",\"description\":\"Dix corps ont \u00e9t\u00e9 rep\u00each\u00e9s au cours des derni\u00e8res 48 heures pr\u00e8s des c\u00f4tes de Louata (Gouvernorat de Sfax).\",\"breadcrumb\":{\"@id\":\"https:\\\/\\\/www.webdo.tn\\\/fr\\\/actualite\\\/national\\\/migration-clandestine-10-corps-repeches-au-large-de-sfax\\\/207757\\\/#breadcrumb\"},\"inLanguage\":\"fr-FR\",\"potentialAction\":[{\"@type\":\"ReadAction\",\"target\":[\"https:\\\/\\\/www.webdo.tn\\\/fr\\\/actualite\\\/national\\\/migration-clandestine-10-corps-repeches-au-large-de-sfax\\\/207757\\\/\"]}]},{\"@type\":\"ImageObject\",\"inLanguage\":\"fr-FR\",\"@id\":\"https:\\\/\\\/www.webdo.tn\\\/fr\\\/actualite\\\/national\\\/migration-clandestine-10-corps-repeches-au-large-de-sfax\\\/207757\\\/#primaryimage\",\"url\":\"https:\\\/\\\/www.webdo.tn\\\/fr\\\/wp-content\\\/uploads\\\/2023\\\/08\\\/8a1e58a339b8772d4dfcac4298917eec.jpg\",\"contentUrl\":\"https:\\\/\\\/www.webdo.tn\\\/fr\\\/wp-content\\\/uploads\\\/2023\\\/08\\\/8a1e58a339b8772d4dfcac4298917eec.jpg\",\"width\":750,\"height\":400,\"caption\":\"Migration clandestine : 10 corps rep\u00each\u00e9s au large de Sfax\"},{\"@type\":\"BreadcrumbList\",\"@id\":\"https:\\\/\\\/www.webdo.tn\\\/fr\\\/actualite\\\/national\\\/migration-clandestine-10-corps-repeches-au-large-de-sfax\\\/207757\\\/#breadcrumb\",\"itemListElement\":[{\"@type\":\"ListItem\",\"position\":1,\"name\":\"Accueil\",\"item\":\"https:\\\/\\\/www.webdo.tn\\\/fr\\\/\"},{\"@type\":\"ListItem\",\"position\":2,\"name\":\"Migration clandestine : 10 corps rep\u00each\u00e9s au large de Sfax\"}]},{\"@type\":\"WebSite\",\"@id\":\"https:\\\/\\\/www.webdo.tn\\\/fr\\\/#website\",\"url\":\"https:\\\/\\\/www.webdo.tn\\\/fr\\\/\",\"name\":\"webdo\",\"description\":\"Tunisie - News en Tunisie et \u00e0 l&#039;international sur Webdo.tn\",\"publisher\":{\"@id\":\"https:\\\/\\\/www.webdo.tn\\\/fr\\\/#organization\"},\"potentialAction\":[{\"@type\":\"SearchAction\",\"target\":{\"@type\":\"EntryPoint\",\"urlTemplate\":\"https:\\\/\\\/www.webdo.tn\\\/fr\\\/?s={search_term_string}\"},\"query-input\":{\"@type\":\"PropertyValueSpecification\",\"valueRequired\":true,\"valueName\":\"search_term_string\"}}],\"inLanguage\":\"fr-FR\"},{\"@type\":\"Organization\",\"@id\":\"https:\\\/\\\/www.webdo.tn\\\/fr\\\/#organization\",\"name\":\"Webdo\",\"alternateName\":\"Webdo.tn\",\"url\":\"https:\\\/\\\/www.webdo.tn\\\/fr\\\/\",\"logo\":{\"@type\":\"ImageObject\",\"inLanguage\":\"fr-FR\",\"@id\":\"https:\\\/\\\/www.webdo.tn\\\/fr\\\/#\\\/schema\\\/logo\\\/image\\\/\",\"url\":\"https:\\\/\\\/www.webdo.tn\\\/fr\\\/wp-content\\\/uploads\\\/2025\\\/06\\\/Webdo-Tunisie_168377.jpg\",\"contentUrl\":\"https:\\\/\\\/www.webdo.tn\\\/fr\\\/wp-content\\\/uploads\\\/2025\\\/06\\\/Webdo-Tunisie_168377.jpg\",\"width\":301,\"height\":301,\"caption\":\"Webdo\"},\"image\":{\"@id\":\"https:\\\/\\\/www.webdo.tn\\\/fr\\\/#\\\/schema\\\/logo\\\/image\\\/\"},\"sameAs\":[\"https:\\\/\\\/www.facebook.com\\\/webdotn\",\"https:\\\/\\\/x.com\\\/webdo_tn\"],\"description\":\"Webdo est un m\u00e9dia num\u00e9rique tunisien fond\u00e9 en 2010, sp\u00e9cialis\u00e9 dans l\u2019actualit\u00e9 nationale et internationale, l\u2019\u00e9conomie, la soci\u00e9t\u00e9 et les analyses politiques. Le site s\u2019adresse \u00e0 un large public francophone et couvre l\u2019information tunisienne en temps r\u00e9el.\",\"email\":\"redac@webdo.tn\",\"legalName\":\"YNJ SARL\",\"foundingDate\":\"2010-09-06\",\"numberOfEmployees\":{\"@type\":\"QuantitativeValue\",\"minValue\":\"11\",\"maxValue\":\"50\"}},{\"@type\":\"Person\",\"@id\":\"https:\\\/\\\/www.webdo.tn\\\/fr\\\/#\\\/schema\\\/person\\\/f35b42a42c5e2511bbd282959d6385cc\",\"name\":\"CL\",\"image\":{\"@type\":\"ImageObject\",\"inLanguage\":\"fr-FR\",\"@id\":\"https:\\\/\\\/secure.gravatar.com\\\/avatar\\\/1447a49909b67aa657c488aec6512e1dd6143a480c1ecfee9b5b5cd74eb3b59e?s=96&d=mm&r=g\",\"url\":\"https:\\\/\\\/secure.gravatar.com\\\/avatar\\\/1447a49909b67aa657c488aec6512e1dd6143a480c1ecfee9b5b5cd74eb3b59e?s=96&d=mm&r=g\",\"contentUrl\":\"https:\\\/\\\/secure.gravatar.com\\\/avatar\\\/1447a49909b67aa657c488aec6512e1dd6143a480c1ecfee9b5b5cd74eb3b59e?s=96&d=mm&r=g\",\"caption\":\"CL\"},\"url\":\"https:\\\/\\\/www.webdo.tn\\\/fr\\\/actualite\\\/author\\\/cl\\\/\"}]}<\/script>\n<!-- \/ Yoast SEO Premium plugin. -->","yoast_head_json":{"title":"Migration clandestine : 10 corps rep\u00each\u00e9s au large de Sfax","description":"Dix corps ont \u00e9t\u00e9 rep\u00each\u00e9s au cours des derni\u00e8res 48 heures pr\u00e8s des c\u00f4tes de Louata (Gouvernorat de Sfax).","canonical":"https:\/\/www.webdo.tn\/fr\/actualite\/national\/migration-clandestine-10-corps-repeches-au-large-de-sfax\/207757\/","og_locale":"fr_FR","og_type":"article","og_title":"Migration clandestine : 10 corps rep\u00each\u00e9s au large de Sfax","og_description":"Dix corps ont \u00e9t\u00e9 rep\u00each\u00e9s au cours des derni\u00e8res 48 heures pr\u00e8s des c\u00f4tes de Louata (Gouvernorat de Sfax).","og_url":"https:\/\/www.webdo.tn\/fr\/actualite\/national\/migration-clandestine-10-corps-repeches-au-large-de-sfax\/207757\/","og_site_name":"webdo","article_publisher":"https:\/\/www.facebook.com\/webdotn","article_published_time":"2023-08-07T08:11:00+00:00","article_modified_time":"2025-05-20T22:42:00+00:00","og_image":[{"width":750,"height":400,"url":"https:\/\/www.webdo.tn\/fr\/wp-content\/uploads\/2023\/08\/8a1e58a339b8772d4dfcac4298917eec.jpg","type":"image\/jpeg"}],"author":"CL","twitter_card":"summary_large_image","twitter_creator":"@webdo_tn","twitter_site":"@webdo_tn","twitter_misc":{"\u00c9crit par":"CL","Dur\u00e9e de lecture estim\u00e9e":"1 minute"},"schema":{"@context":"https:\/\/schema.org","@graph":[{"@type":"NewsArticle","@id":"https:\/\/www.webdo.tn\/fr\/actualite\/national\/migration-clandestine-10-corps-repeches-au-large-de-sfax\/207757\/#article","isPartOf":{"@id":"https:\/\/www.webdo.tn\/fr\/actualite\/national\/migration-clandestine-10-corps-repeches-au-large-de-sfax\/207757\/"},"author":{"name":"CL","@id":"https:\/\/www.webdo.tn\/fr\/#\/schema\/person\/f35b42a42c5e2511bbd282959d6385cc"},"headline":"Migration clandestine : 10 corps rep\u00each\u00e9s au large de Sfax","datePublished":"2023-08-07T08:11:00+00:00","dateModified":"2025-05-20T22:42:00+00:00","mainEntityOfPage":{"@id":"https:\/\/www.webdo.tn\/fr\/actualite\/national\/migration-clandestine-10-corps-repeches-au-large-de-sfax\/207757\/"},"wordCount":156,"commentCount":0,"publisher":{"@id":"https:\/\/www.webdo.tn\/fr\/#organization"},"image":{"@id":"https:\/\/www.webdo.tn\/fr\/actualite\/national\/migration-clandestine-10-corps-repeches-au-large-de-sfax\/207757\/#primaryimage"},"thumbnailUrl":"https:\/\/www.webdo.tn\/fr\/wp-content\/uploads\/2023\/08\/8a1e58a339b8772d4dfcac4298917eec.jpg","keywords":["corps","Migration","Sfax","Tunisie"],"articleSection":["National"],"inLanguage":"fr-FR"},{"@type":"WebPage","@id":"https:\/\/www.webdo.tn\/fr\/actualite\/national\/migration-clandestine-10-corps-repeches-au-large-de-sfax\/207757\/","url":"https:\/\/www.webdo.tn\/fr\/actualite\/national\/migration-clandestine-10-corps-repeches-au-large-de-sfax\/207757\/","name":"Migration clandestine : 10 corps rep\u00each\u00e9s au large de Sfax","isPartOf":{"@id":"https:\/\/www.webdo.tn\/fr\/#website"},"primaryImageOfPage":{"@id":"https:\/\/www.webdo.tn\/fr\/actualite\/national\/migration-clandestine-10-corps-repeches-au-large-de-sfax\/207757\/#primaryimage"},"image":{"@id":"https:\/\/www.webdo.tn\/fr\/actualite\/national\/migration-clandestine-10-corps-repeches-au-large-de-sfax\/207757\/#primaryimage"},"thumbnailUrl":"https:\/\/www.webdo.tn\/fr\/wp-content\/uploads\/2023\/08\/8a1e58a339b8772d4dfcac4298917eec.jpg","datePublished":"2023-08-07T08:11:00+00:00","dateModified":"2025-05-20T22:42:00+00:00","description":"Dix corps ont \u00e9t\u00e9 rep\u00each\u00e9s au cours des derni\u00e8res 48 heures pr\u00e8s des c\u00f4tes de Louata (Gouvernorat de Sfax).","breadcrumb":{"@id":"https:\/\/www.webdo.tn\/fr\/actualite\/national\/migration-clandestine-10-corps-repeches-au-large-de-sfax\/207757\/#breadcrumb"},"inLanguage":"fr-FR","potentialAction":[{"@type":"ReadAction","target":["https:\/\/www.webdo.tn\/fr\/actualite\/national\/migration-clandestine-10-corps-repeches-au-large-de-sfax\/207757\/"]}]},{"@type":"ImageObject","inLanguage":"fr-FR","@id":"https:\/\/www.webdo.tn\/fr\/actualite\/national\/migration-clandestine-10-corps-repeches-au-large-de-sfax\/207757\/#primaryimage","url":"https:\/\/www.webdo.tn\/fr\/wp-content\/uploads\/2023\/08\/8a1e58a339b8772d4dfcac4298917eec.jpg","contentUrl":"https:\/\/www.webdo.tn\/fr\/wp-content\/uploads\/2023\/08\/8a1e58a339b8772d4dfcac4298917eec.jpg","width":750,"height":400,"caption":"Migration clandestine : 10 corps rep\u00each\u00e9s au large de Sfax"},{"@type":"BreadcrumbList","@id":"https:\/\/www.webdo.tn\/fr\/actualite\/national\/migration-clandestine-10-corps-repeches-au-large-de-sfax\/207757\/#breadcrumb","itemListElement":[{"@type":"ListItem","position":1,"name":"Accueil","item":"https:\/\/www.webdo.tn\/fr\/"},{"@type":"ListItem","position":2,"name":"Migration clandestine : 10 corps rep\u00each\u00e9s au large de Sfax"}]},{"@type":"WebSite","@id":"https:\/\/www.webdo.tn\/fr\/#website","url":"https:\/\/www.webdo.tn\/fr\/","name":"webdo","description":"Tunisie - News en Tunisie et \u00e0 l&#039;international sur Webdo.tn","publisher":{"@id":"https:\/\/www.webdo.tn\/fr\/#organization"},"potentialAction":[{"@type":"SearchAction","target":{"@type":"EntryPoint","urlTemplate":"https:\/\/www.webdo.tn\/fr\/?s={search_term_string}"},"query-input":{"@type":"PropertyValueSpecification","valueRequired":true,"valueName":"search_term_string"}}],"inLanguage":"fr-FR"},{"@type":"Organization","@id":"https:\/\/www.webdo.tn\/fr\/#organization","name":"Webdo","alternateName":"Webdo.tn","url":"https:\/\/www.webdo.tn\/fr\/","logo":{"@type":"ImageObject","inLanguage":"fr-FR","@id":"https:\/\/www.webdo.tn\/fr\/#\/schema\/logo\/image\/","url":"https:\/\/www.webdo.tn\/fr\/wp-content\/uploads\/2025\/06\/Webdo-Tunisie_168377.jpg","contentUrl":"https:\/\/www.webdo.tn\/fr\/wp-content\/uploads\/2025\/06\/Webdo-Tunisie_168377.jpg","width":301,"height":301,"caption":"Webdo"},"image":{"@id":"https:\/\/www.webdo.tn\/fr\/#\/schema\/logo\/image\/"},"sameAs":["https:\/\/www.facebook.com\/webdotn","https:\/\/x.com\/webdo_tn"],"description":"Webdo est un m\u00e9dia num\u00e9rique tunisien fond\u00e9 en 2010, sp\u00e9cialis\u00e9 dans l\u2019actualit\u00e9 nationale et internationale, l\u2019\u00e9conomie, la soci\u00e9t\u00e9 et les analyses politiques. Le site s\u2019adresse \u00e0 un large public francophone et couvre l\u2019information tunisienne en temps r\u00e9el.","email":"redac@webdo.tn","legalName":"YNJ SARL","foundingDate":"2010-09-06","numberOfEmployees":{"@type":"QuantitativeValue","minValue":"11","maxValue":"50"}},{"@type":"Person","@id":"https:\/\/www.webdo.tn\/fr\/#\/schema\/person\/f35b42a42c5e2511bbd282959d6385cc","name":"CL","image":{"@type":"ImageObject","inLanguage":"fr-FR","@id":"https:\/\/secure.gravatar.com\/avatar\/1447a49909b67aa657c488aec6512e1dd6143a480c1ecfee9b5b5cd74eb3b59e?s=96&d=mm&r=g","url":"https:\/\/secure.gravatar.com\/avatar\/1447a49909b67aa657c488aec6512e1dd6143a480c1ecfee9b5b5cd74eb3b59e?s=96&d=mm&r=g","contentUrl":"https:\/\/secure.gravatar.com\/avatar\/1447a49909b67aa657c488aec6512e1dd6143a480c1ecfee9b5b5cd74eb3b59e?s=96&d=mm&r=g","caption":"CL"},"url":"https:\/\/www.webdo.tn\/fr\/actualite\/author\/cl\/"}]}},"_links":{"self":[{"href":"https:\/\/www.webdo.tn\/fr\/wp-json\/wp\/v2\/posts\/207757","targetHints":{"allow":["GET"]}}],"collection":[{"href":"https:\/\/www.webdo.tn\/fr\/wp-json\/wp\/v2\/posts"}],"about":[{"href":"https:\/\/www.webdo.tn\/fr\/wp-json\/wp\/v2\/types\/post"}],"author":[{"embeddable":true,"href":"https:\/\/www.webdo.tn\/fr\/wp-json\/wp\/v2\/users\/3175"}],"replies":[{"embeddable":true,"href":"https:\/\/www.webdo.tn\/fr\/wp-json\/wp\/v2\/comments?post=207757"}],"version-history":[{"count":0,"href":"https:\/\/www.webdo.tn\/fr\/wp-json\/wp\/v2\/posts\/207757\/revisions"}],"wp:featuredmedia":[{"embeddable":true,"href":"https:\/\/www.webdo.tn\/fr\/wp-json\/wp\/v2\/media\/249606"}],"wp:attachment":[{"href":"https:\/\/www.webdo.tn\/fr\/wp-json\/wp\/v2\/media?parent=207757"}],"wp:term":[{"taxonomy":"category","embeddable":true,"href":"https:\/\/www.webdo.tn\/fr\/wp-json\/wp\/v2\/categories?post=207757"},{"taxonomy":"post_tag","embeddable":true,"href":"https:\/\/www.webdo.tn\/fr\/wp-json\/wp\/v2\/tags?post=207757"}],"curies":[{"name":"wp","href":"https:\/\/api.w.org\/{rel}","templated":true}]}}