{"id":207754,"date":"2023-08-06T12:46:00","date_gmt":"2023-08-06T12:46:00","guid":{"rendered":"https:\/\/www.webdo.tn\/fr\/blog\/italie-30-migrants-portes-disparus-apres-le-chavirement-de-deux-bateaux-partis-de-sfax\/207754\/"},"modified":"2025-05-20T22:41:59","modified_gmt":"2025-05-20T22:41:59","slug":"italie-30-migrants-portes-disparus-apres-le-chavirement-de-deux-bateaux-partis-de-sfax","status":"publish","type":"post","link":"https:\/\/www.webdo.tn\/fr\/actualite\/international\/italie-30-migrants-portes-disparus-apres-le-chavirement-de-deux-bateaux-partis-de-sfax\/207754\/","title":{"rendered":"Italie : 30 migrants port\u00e9s disparus apr\u00e8s le chavirement de deux bateaux partis de Sfax"},"content":{"rendered":"<p>Au moins une trentaine de migrants sont port\u00e9s disparus apr\u00e8s le chavirement de deux bateaux au large de l&rsquo;\u00eele italienne de Lampedusa, selon le t\u00e9moignage d&rsquo;un survivant, a annonc\u00e9, dimanche 6 ao\u00fbt, l&rsquo;Organisation internationale pour les migrations (OIM).<\/p>\n<p>\t\t\t\t\t\t\t\t\tLes bateaux \u00e9taient des petites embarcations de m\u00e9tal apparemment parties jeudi de Sfax, en Tunisie. Apr\u00e8s avoir parl\u00e9 avec des survivants, les responsables de l&rsquo;OIM estiment qu\u00a0\u00bbau moins 30 personnes ont disparu\u00a0\u00bb, rapporte l\u2019AFP.\u00a0<\/p>\n<p>\u00ab Ceux qui leur ont permis de partir, ou les ont forc\u00e9s \u00e0 partir, sont des fous criminels sans scrupules \u00bb, a fustig\u00e9 le chef de la police de la Sicile.\u00a0<\/p>\n<p>\u00abUne mer bien agit\u00e9e est pr\u00e9vue pour les jours qui viennent. Esp\u00e9rons qu&rsquo;ils vont arr\u00eater\u00bb de faire partir des gens, \u00abpar cette mer, c&rsquo;est les envoyer \u00e0 l&rsquo;abattoir\u00bb, a-t-il ajout\u00e9.<\/p>\n","protected":false},"excerpt":{"rendered":"<p>Au moins une trentaine de migrants sont port\u00e9s disparus apr\u00e8s le chavirement de deux bateaux au large de l&rsquo;\u00eele italienne de Lampedusa, selon le t\u00e9moignage d&rsquo;un&#8230;<\/p>\n","protected":false},"author":3175,"featured_media":249604,"comment_status":"open","ping_status":"closed","sticky":false,"template":"","format":"standard","meta":{"footnotes":""},"categories":[2598],"tags":[2894,3594,2608],"class_list":["post-207754","post","type-post","status-publish","format-standard","has-post-thumbnail","hentry","category-international","tag-migrants","tag-naufrage","tag-tunisie"],"yoast_head":"<!-- This site is optimized with the Yoast SEO Premium plugin v27.5 (Yoast SEO v27.5) - https:\/\/yoast.com\/product\/yoast-seo-premium-wordpress\/ -->\n<title>Italie : 30 migrants port\u00e9s disparus apr\u00e8s le chavirement de deux bateaux partis de Sfax<\/title>\n<meta name=\"description\" content=\"Au moins une trentaine de migrants sont port\u00e9s disparus apr\u00e8s le chavirement de deux bateaux au large de l&#039;\u00eele italienne de Lampedusa, selon le t\u00e9moignage d&#039;un...\" \/>\n<link rel=\"canonical\" href=\"https:\/\/www.webdo.tn\/fr\/actualite\/international\/italie-30-migrants-portes-disparus-apres-le-chavirement-de-deux-bateaux-partis-de-sfax\/207754\/\" \/>\n<meta property=\"og:locale\" content=\"fr_FR\" \/>\n<meta property=\"og:type\" content=\"article\" \/>\n<meta property=\"og:title\" content=\"Italie : 30 migrants port\u00e9s disparus apr\u00e8s le chavirement de deux bateaux partis de Sfax\" \/>\n<meta property=\"og:description\" content=\"Au moins une trentaine de migrants sont port\u00e9s disparus apr\u00e8s le chavirement de deux bateaux au large de l&#039;\u00eele italienne de Lampedusa, selon le t\u00e9moignage d&#039;un...\" \/>\n<meta property=\"og:url\" content=\"https:\/\/www.webdo.tn\/fr\/actualite\/international\/italie-30-migrants-portes-disparus-apres-le-chavirement-de-deux-bateaux-partis-de-sfax\/207754\/\" \/>\n<meta property=\"og:site_name\" content=\"webdo\" \/>\n<meta property=\"article:publisher\" content=\"https:\/\/www.facebook.com\/webdotn\" \/>\n<meta property=\"article:published_time\" content=\"2023-08-06T12:46:00+00:00\" \/>\n<meta property=\"article:modified_time\" content=\"2025-05-20T22:41:59+00:00\" \/>\n<meta property=\"og:image\" content=\"https:\/\/www.webdo.tn\/fr\/wp-content\/uploads\/2023\/08\/1a62fbb2a68a0f4a0f5fa2b836e3a5ef.jpeg\" \/>\n\t<meta property=\"og:image:width\" content=\"750\" \/>\n\t<meta property=\"og:image:height\" content=\"400\" \/>\n\t<meta property=\"og:image:type\" content=\"image\/jpeg\" \/>\n<meta name=\"author\" content=\"CL\" \/>\n<meta name=\"twitter:card\" content=\"summary_large_image\" \/>\n<meta name=\"twitter:creator\" content=\"@webdo_tn\" \/>\n<meta name=\"twitter:site\" content=\"@webdo_tn\" \/>\n<meta name=\"twitter:label1\" content=\"\u00c9crit par\" \/>\n\t<meta name=\"twitter:data1\" content=\"CL\" \/>\n\t<meta name=\"twitter:label2\" content=\"Dur\u00e9e de lecture estim\u00e9e\" \/>\n\t<meta name=\"twitter:data2\" content=\"1 minute\" \/>\n<script type=\"application\/ld+json\" class=\"yoast-schema-graph\">{\"@context\":\"https:\\\/\\\/schema.org\",\"@graph\":[{\"@type\":\"NewsArticle\",\"@id\":\"https:\\\/\\\/www.webdo.tn\\\/fr\\\/actualite\\\/international\\\/italie-30-migrants-portes-disparus-apres-le-chavirement-de-deux-bateaux-partis-de-sfax\\\/207754\\\/#article\",\"isPartOf\":{\"@id\":\"https:\\\/\\\/www.webdo.tn\\\/fr\\\/actualite\\\/international\\\/italie-30-migrants-portes-disparus-apres-le-chavirement-de-deux-bateaux-partis-de-sfax\\\/207754\\\/\"},\"author\":{\"name\":\"CL\",\"@id\":\"https:\\\/\\\/www.webdo.tn\\\/fr\\\/#\\\/schema\\\/person\\\/f35b42a42c5e2511bbd282959d6385cc\"},\"headline\":\"Italie : 30 migrants port\u00e9s disparus apr\u00e8s le chavirement de deux bateaux partis de Sfax\",\"datePublished\":\"2023-08-06T12:46:00+00:00\",\"dateModified\":\"2025-05-20T22:41:59+00:00\",\"mainEntityOfPage\":{\"@id\":\"https:\\\/\\\/www.webdo.tn\\\/fr\\\/actualite\\\/international\\\/italie-30-migrants-portes-disparus-apres-le-chavirement-de-deux-bateaux-partis-de-sfax\\\/207754\\\/\"},\"wordCount\":162,\"commentCount\":0,\"publisher\":{\"@id\":\"https:\\\/\\\/www.webdo.tn\\\/fr\\\/#organization\"},\"image\":{\"@id\":\"https:\\\/\\\/www.webdo.tn\\\/fr\\\/actualite\\\/international\\\/italie-30-migrants-portes-disparus-apres-le-chavirement-de-deux-bateaux-partis-de-sfax\\\/207754\\\/#primaryimage\"},\"thumbnailUrl\":\"https:\\\/\\\/www.webdo.tn\\\/fr\\\/wp-content\\\/uploads\\\/2023\\\/08\\\/1a62fbb2a68a0f4a0f5fa2b836e3a5ef.jpeg\",\"keywords\":[\"migrants\",\"naufrage\",\"Tunisie\"],\"articleSection\":[\"International\"],\"inLanguage\":\"fr-FR\"},{\"@type\":\"WebPage\",\"@id\":\"https:\\\/\\\/www.webdo.tn\\\/fr\\\/actualite\\\/international\\\/italie-30-migrants-portes-disparus-apres-le-chavirement-de-deux-bateaux-partis-de-sfax\\\/207754\\\/\",\"url\":\"https:\\\/\\\/www.webdo.tn\\\/fr\\\/actualite\\\/international\\\/italie-30-migrants-portes-disparus-apres-le-chavirement-de-deux-bateaux-partis-de-sfax\\\/207754\\\/\",\"name\":\"Italie : 30 migrants port\u00e9s disparus apr\u00e8s le chavirement de deux bateaux partis de Sfax\",\"isPartOf\":{\"@id\":\"https:\\\/\\\/www.webdo.tn\\\/fr\\\/#website\"},\"primaryImageOfPage\":{\"@id\":\"https:\\\/\\\/www.webdo.tn\\\/fr\\\/actualite\\\/international\\\/italie-30-migrants-portes-disparus-apres-le-chavirement-de-deux-bateaux-partis-de-sfax\\\/207754\\\/#primaryimage\"},\"image\":{\"@id\":\"https:\\\/\\\/www.webdo.tn\\\/fr\\\/actualite\\\/international\\\/italie-30-migrants-portes-disparus-apres-le-chavirement-de-deux-bateaux-partis-de-sfax\\\/207754\\\/#primaryimage\"},\"thumbnailUrl\":\"https:\\\/\\\/www.webdo.tn\\\/fr\\\/wp-content\\\/uploads\\\/2023\\\/08\\\/1a62fbb2a68a0f4a0f5fa2b836e3a5ef.jpeg\",\"datePublished\":\"2023-08-06T12:46:00+00:00\",\"dateModified\":\"2025-05-20T22:41:59+00:00\",\"description\":\"Au moins une trentaine de migrants sont port\u00e9s disparus apr\u00e8s le chavirement de deux bateaux au large de l'\u00eele italienne de Lampedusa, selon le t\u00e9moignage d'un...\",\"breadcrumb\":{\"@id\":\"https:\\\/\\\/www.webdo.tn\\\/fr\\\/actualite\\\/international\\\/italie-30-migrants-portes-disparus-apres-le-chavirement-de-deux-bateaux-partis-de-sfax\\\/207754\\\/#breadcrumb\"},\"inLanguage\":\"fr-FR\",\"potentialAction\":[{\"@type\":\"ReadAction\",\"target\":[\"https:\\\/\\\/www.webdo.tn\\\/fr\\\/actualite\\\/international\\\/italie-30-migrants-portes-disparus-apres-le-chavirement-de-deux-bateaux-partis-de-sfax\\\/207754\\\/\"]}]},{\"@type\":\"ImageObject\",\"inLanguage\":\"fr-FR\",\"@id\":\"https:\\\/\\\/www.webdo.tn\\\/fr\\\/actualite\\\/international\\\/italie-30-migrants-portes-disparus-apres-le-chavirement-de-deux-bateaux-partis-de-sfax\\\/207754\\\/#primaryimage\",\"url\":\"https:\\\/\\\/www.webdo.tn\\\/fr\\\/wp-content\\\/uploads\\\/2023\\\/08\\\/1a62fbb2a68a0f4a0f5fa2b836e3a5ef.jpeg\",\"contentUrl\":\"https:\\\/\\\/www.webdo.tn\\\/fr\\\/wp-content\\\/uploads\\\/2023\\\/08\\\/1a62fbb2a68a0f4a0f5fa2b836e3a5ef.jpeg\",\"width\":750,\"height\":400,\"caption\":\"Italie : 30 migrants port\u00e9s disparus apr\u00e8s le chavirement de deux bateaux partis de Sfax\"},{\"@type\":\"BreadcrumbList\",\"@id\":\"https:\\\/\\\/www.webdo.tn\\\/fr\\\/actualite\\\/international\\\/italie-30-migrants-portes-disparus-apres-le-chavirement-de-deux-bateaux-partis-de-sfax\\\/207754\\\/#breadcrumb\",\"itemListElement\":[{\"@type\":\"ListItem\",\"position\":1,\"name\":\"Accueil\",\"item\":\"https:\\\/\\\/www.webdo.tn\\\/fr\\\/\"},{\"@type\":\"ListItem\",\"position\":2,\"name\":\"Italie : 30 migrants port\u00e9s disparus apr\u00e8s le chavirement de deux bateaux partis de Sfax\"}]},{\"@type\":\"WebSite\",\"@id\":\"https:\\\/\\\/www.webdo.tn\\\/fr\\\/#website\",\"url\":\"https:\\\/\\\/www.webdo.tn\\\/fr\\\/\",\"name\":\"webdo\",\"description\":\"Tunisie - News en Tunisie et \u00e0 l&#039;international sur Webdo.tn\",\"publisher\":{\"@id\":\"https:\\\/\\\/www.webdo.tn\\\/fr\\\/#organization\"},\"potentialAction\":[{\"@type\":\"SearchAction\",\"target\":{\"@type\":\"EntryPoint\",\"urlTemplate\":\"https:\\\/\\\/www.webdo.tn\\\/fr\\\/?s={search_term_string}\"},\"query-input\":{\"@type\":\"PropertyValueSpecification\",\"valueRequired\":true,\"valueName\":\"search_term_string\"}}],\"inLanguage\":\"fr-FR\"},{\"@type\":\"Organization\",\"@id\":\"https:\\\/\\\/www.webdo.tn\\\/fr\\\/#organization\",\"name\":\"Webdo\",\"alternateName\":\"Webdo.tn\",\"url\":\"https:\\\/\\\/www.webdo.tn\\\/fr\\\/\",\"logo\":{\"@type\":\"ImageObject\",\"inLanguage\":\"fr-FR\",\"@id\":\"https:\\\/\\\/www.webdo.tn\\\/fr\\\/#\\\/schema\\\/logo\\\/image\\\/\",\"url\":\"https:\\\/\\\/www.webdo.tn\\\/fr\\\/wp-content\\\/uploads\\\/2025\\\/06\\\/Webdo-Tunisie_168377.jpg\",\"contentUrl\":\"https:\\\/\\\/www.webdo.tn\\\/fr\\\/wp-content\\\/uploads\\\/2025\\\/06\\\/Webdo-Tunisie_168377.jpg\",\"width\":301,\"height\":301,\"caption\":\"Webdo\"},\"image\":{\"@id\":\"https:\\\/\\\/www.webdo.tn\\\/fr\\\/#\\\/schema\\\/logo\\\/image\\\/\"},\"sameAs\":[\"https:\\\/\\\/www.facebook.com\\\/webdotn\",\"https:\\\/\\\/x.com\\\/webdo_tn\"],\"description\":\"Webdo est un m\u00e9dia num\u00e9rique tunisien fond\u00e9 en 2010, sp\u00e9cialis\u00e9 dans l\u2019actualit\u00e9 nationale et internationale, l\u2019\u00e9conomie, la soci\u00e9t\u00e9 et les analyses politiques. Le site s\u2019adresse \u00e0 un large public francophone et couvre l\u2019information tunisienne en temps r\u00e9el.\",\"email\":\"redac@webdo.tn\",\"legalName\":\"YNJ SARL\",\"foundingDate\":\"2010-09-06\",\"numberOfEmployees\":{\"@type\":\"QuantitativeValue\",\"minValue\":\"11\",\"maxValue\":\"50\"}},{\"@type\":\"Person\",\"@id\":\"https:\\\/\\\/www.webdo.tn\\\/fr\\\/#\\\/schema\\\/person\\\/f35b42a42c5e2511bbd282959d6385cc\",\"name\":\"CL\",\"image\":{\"@type\":\"ImageObject\",\"inLanguage\":\"fr-FR\",\"@id\":\"https:\\\/\\\/secure.gravatar.com\\\/avatar\\\/1447a49909b67aa657c488aec6512e1dd6143a480c1ecfee9b5b5cd74eb3b59e?s=96&d=mm&r=g\",\"url\":\"https:\\\/\\\/secure.gravatar.com\\\/avatar\\\/1447a49909b67aa657c488aec6512e1dd6143a480c1ecfee9b5b5cd74eb3b59e?s=96&d=mm&r=g\",\"contentUrl\":\"https:\\\/\\\/secure.gravatar.com\\\/avatar\\\/1447a49909b67aa657c488aec6512e1dd6143a480c1ecfee9b5b5cd74eb3b59e?s=96&d=mm&r=g\",\"caption\":\"CL\"},\"url\":\"https:\\\/\\\/www.webdo.tn\\\/fr\\\/actualite\\\/author\\\/cl\\\/\"}]}<\/script>\n<!-- \/ Yoast SEO Premium plugin. -->","yoast_head_json":{"title":"Italie : 30 migrants port\u00e9s disparus apr\u00e8s le chavirement de deux bateaux partis de Sfax","description":"Au moins une trentaine de migrants sont port\u00e9s disparus apr\u00e8s le chavirement de deux bateaux au large de l'\u00eele italienne de Lampedusa, selon le t\u00e9moignage d'un...","canonical":"https:\/\/www.webdo.tn\/fr\/actualite\/international\/italie-30-migrants-portes-disparus-apres-le-chavirement-de-deux-bateaux-partis-de-sfax\/207754\/","og_locale":"fr_FR","og_type":"article","og_title":"Italie : 30 migrants port\u00e9s disparus apr\u00e8s le chavirement de deux bateaux partis de Sfax","og_description":"Au moins une trentaine de migrants sont port\u00e9s disparus apr\u00e8s le chavirement de deux bateaux au large de l'\u00eele italienne de Lampedusa, selon le t\u00e9moignage d'un...","og_url":"https:\/\/www.webdo.tn\/fr\/actualite\/international\/italie-30-migrants-portes-disparus-apres-le-chavirement-de-deux-bateaux-partis-de-sfax\/207754\/","og_site_name":"webdo","article_publisher":"https:\/\/www.facebook.com\/webdotn","article_published_time":"2023-08-06T12:46:00+00:00","article_modified_time":"2025-05-20T22:41:59+00:00","og_image":[{"width":750,"height":400,"url":"https:\/\/www.webdo.tn\/fr\/wp-content\/uploads\/2023\/08\/1a62fbb2a68a0f4a0f5fa2b836e3a5ef.jpeg","type":"image\/jpeg"}],"author":"CL","twitter_card":"summary_large_image","twitter_creator":"@webdo_tn","twitter_site":"@webdo_tn","twitter_misc":{"\u00c9crit par":"CL","Dur\u00e9e de lecture estim\u00e9e":"1 minute"},"schema":{"@context":"https:\/\/schema.org","@graph":[{"@type":"NewsArticle","@id":"https:\/\/www.webdo.tn\/fr\/actualite\/international\/italie-30-migrants-portes-disparus-apres-le-chavirement-de-deux-bateaux-partis-de-sfax\/207754\/#article","isPartOf":{"@id":"https:\/\/www.webdo.tn\/fr\/actualite\/international\/italie-30-migrants-portes-disparus-apres-le-chavirement-de-deux-bateaux-partis-de-sfax\/207754\/"},"author":{"name":"CL","@id":"https:\/\/www.webdo.tn\/fr\/#\/schema\/person\/f35b42a42c5e2511bbd282959d6385cc"},"headline":"Italie : 30 migrants port\u00e9s disparus apr\u00e8s le chavirement de deux bateaux partis de Sfax","datePublished":"2023-08-06T12:46:00+00:00","dateModified":"2025-05-20T22:41:59+00:00","mainEntityOfPage":{"@id":"https:\/\/www.webdo.tn\/fr\/actualite\/international\/italie-30-migrants-portes-disparus-apres-le-chavirement-de-deux-bateaux-partis-de-sfax\/207754\/"},"wordCount":162,"commentCount":0,"publisher":{"@id":"https:\/\/www.webdo.tn\/fr\/#organization"},"image":{"@id":"https:\/\/www.webdo.tn\/fr\/actualite\/international\/italie-30-migrants-portes-disparus-apres-le-chavirement-de-deux-bateaux-partis-de-sfax\/207754\/#primaryimage"},"thumbnailUrl":"https:\/\/www.webdo.tn\/fr\/wp-content\/uploads\/2023\/08\/1a62fbb2a68a0f4a0f5fa2b836e3a5ef.jpeg","keywords":["migrants","naufrage","Tunisie"],"articleSection":["International"],"inLanguage":"fr-FR"},{"@type":"WebPage","@id":"https:\/\/www.webdo.tn\/fr\/actualite\/international\/italie-30-migrants-portes-disparus-apres-le-chavirement-de-deux-bateaux-partis-de-sfax\/207754\/","url":"https:\/\/www.webdo.tn\/fr\/actualite\/international\/italie-30-migrants-portes-disparus-apres-le-chavirement-de-deux-bateaux-partis-de-sfax\/207754\/","name":"Italie : 30 migrants port\u00e9s disparus apr\u00e8s le chavirement de deux bateaux partis de Sfax","isPartOf":{"@id":"https:\/\/www.webdo.tn\/fr\/#website"},"primaryImageOfPage":{"@id":"https:\/\/www.webdo.tn\/fr\/actualite\/international\/italie-30-migrants-portes-disparus-apres-le-chavirement-de-deux-bateaux-partis-de-sfax\/207754\/#primaryimage"},"image":{"@id":"https:\/\/www.webdo.tn\/fr\/actualite\/international\/italie-30-migrants-portes-disparus-apres-le-chavirement-de-deux-bateaux-partis-de-sfax\/207754\/#primaryimage"},"thumbnailUrl":"https:\/\/www.webdo.tn\/fr\/wp-content\/uploads\/2023\/08\/1a62fbb2a68a0f4a0f5fa2b836e3a5ef.jpeg","datePublished":"2023-08-06T12:46:00+00:00","dateModified":"2025-05-20T22:41:59+00:00","description":"Au moins une trentaine de migrants sont port\u00e9s disparus apr\u00e8s le chavirement de deux bateaux au large de l'\u00eele italienne de Lampedusa, selon le t\u00e9moignage d'un...","breadcrumb":{"@id":"https:\/\/www.webdo.tn\/fr\/actualite\/international\/italie-30-migrants-portes-disparus-apres-le-chavirement-de-deux-bateaux-partis-de-sfax\/207754\/#breadcrumb"},"inLanguage":"fr-FR","potentialAction":[{"@type":"ReadAction","target":["https:\/\/www.webdo.tn\/fr\/actualite\/international\/italie-30-migrants-portes-disparus-apres-le-chavirement-de-deux-bateaux-partis-de-sfax\/207754\/"]}]},{"@type":"ImageObject","inLanguage":"fr-FR","@id":"https:\/\/www.webdo.tn\/fr\/actualite\/international\/italie-30-migrants-portes-disparus-apres-le-chavirement-de-deux-bateaux-partis-de-sfax\/207754\/#primaryimage","url":"https:\/\/www.webdo.tn\/fr\/wp-content\/uploads\/2023\/08\/1a62fbb2a68a0f4a0f5fa2b836e3a5ef.jpeg","contentUrl":"https:\/\/www.webdo.tn\/fr\/wp-content\/uploads\/2023\/08\/1a62fbb2a68a0f4a0f5fa2b836e3a5ef.jpeg","width":750,"height":400,"caption":"Italie : 30 migrants port\u00e9s disparus apr\u00e8s le chavirement de deux bateaux partis de Sfax"},{"@type":"BreadcrumbList","@id":"https:\/\/www.webdo.tn\/fr\/actualite\/international\/italie-30-migrants-portes-disparus-apres-le-chavirement-de-deux-bateaux-partis-de-sfax\/207754\/#breadcrumb","itemListElement":[{"@type":"ListItem","position":1,"name":"Accueil","item":"https:\/\/www.webdo.tn\/fr\/"},{"@type":"ListItem","position":2,"name":"Italie : 30 migrants port\u00e9s disparus apr\u00e8s le chavirement de deux bateaux partis de Sfax"}]},{"@type":"WebSite","@id":"https:\/\/www.webdo.tn\/fr\/#website","url":"https:\/\/www.webdo.tn\/fr\/","name":"webdo","description":"Tunisie - News en Tunisie et \u00e0 l&#039;international sur Webdo.tn","publisher":{"@id":"https:\/\/www.webdo.tn\/fr\/#organization"},"potentialAction":[{"@type":"SearchAction","target":{"@type":"EntryPoint","urlTemplate":"https:\/\/www.webdo.tn\/fr\/?s={search_term_string}"},"query-input":{"@type":"PropertyValueSpecification","valueRequired":true,"valueName":"search_term_string"}}],"inLanguage":"fr-FR"},{"@type":"Organization","@id":"https:\/\/www.webdo.tn\/fr\/#organization","name":"Webdo","alternateName":"Webdo.tn","url":"https:\/\/www.webdo.tn\/fr\/","logo":{"@type":"ImageObject","inLanguage":"fr-FR","@id":"https:\/\/www.webdo.tn\/fr\/#\/schema\/logo\/image\/","url":"https:\/\/www.webdo.tn\/fr\/wp-content\/uploads\/2025\/06\/Webdo-Tunisie_168377.jpg","contentUrl":"https:\/\/www.webdo.tn\/fr\/wp-content\/uploads\/2025\/06\/Webdo-Tunisie_168377.jpg","width":301,"height":301,"caption":"Webdo"},"image":{"@id":"https:\/\/www.webdo.tn\/fr\/#\/schema\/logo\/image\/"},"sameAs":["https:\/\/www.facebook.com\/webdotn","https:\/\/x.com\/webdo_tn"],"description":"Webdo est un m\u00e9dia num\u00e9rique tunisien fond\u00e9 en 2010, sp\u00e9cialis\u00e9 dans l\u2019actualit\u00e9 nationale et internationale, l\u2019\u00e9conomie, la soci\u00e9t\u00e9 et les analyses politiques. Le site s\u2019adresse \u00e0 un large public francophone et couvre l\u2019information tunisienne en temps r\u00e9el.","email":"redac@webdo.tn","legalName":"YNJ SARL","foundingDate":"2010-09-06","numberOfEmployees":{"@type":"QuantitativeValue","minValue":"11","maxValue":"50"}},{"@type":"Person","@id":"https:\/\/www.webdo.tn\/fr\/#\/schema\/person\/f35b42a42c5e2511bbd282959d6385cc","name":"CL","image":{"@type":"ImageObject","inLanguage":"fr-FR","@id":"https:\/\/secure.gravatar.com\/avatar\/1447a49909b67aa657c488aec6512e1dd6143a480c1ecfee9b5b5cd74eb3b59e?s=96&d=mm&r=g","url":"https:\/\/secure.gravatar.com\/avatar\/1447a49909b67aa657c488aec6512e1dd6143a480c1ecfee9b5b5cd74eb3b59e?s=96&d=mm&r=g","contentUrl":"https:\/\/secure.gravatar.com\/avatar\/1447a49909b67aa657c488aec6512e1dd6143a480c1ecfee9b5b5cd74eb3b59e?s=96&d=mm&r=g","caption":"CL"},"url":"https:\/\/www.webdo.tn\/fr\/actualite\/author\/cl\/"}]}},"_links":{"self":[{"href":"https:\/\/www.webdo.tn\/fr\/wp-json\/wp\/v2\/posts\/207754","targetHints":{"allow":["GET"]}}],"collection":[{"href":"https:\/\/www.webdo.tn\/fr\/wp-json\/wp\/v2\/posts"}],"about":[{"href":"https:\/\/www.webdo.tn\/fr\/wp-json\/wp\/v2\/types\/post"}],"author":[{"embeddable":true,"href":"https:\/\/www.webdo.tn\/fr\/wp-json\/wp\/v2\/users\/3175"}],"replies":[{"embeddable":true,"href":"https:\/\/www.webdo.tn\/fr\/wp-json\/wp\/v2\/comments?post=207754"}],"version-history":[{"count":0,"href":"https:\/\/www.webdo.tn\/fr\/wp-json\/wp\/v2\/posts\/207754\/revisions"}],"wp:featuredmedia":[{"embeddable":true,"href":"https:\/\/www.webdo.tn\/fr\/wp-json\/wp\/v2\/media\/249604"}],"wp:attachment":[{"href":"https:\/\/www.webdo.tn\/fr\/wp-json\/wp\/v2\/media?parent=207754"}],"wp:term":[{"taxonomy":"category","embeddable":true,"href":"https:\/\/www.webdo.tn\/fr\/wp-json\/wp\/v2\/categories?post=207754"},{"taxonomy":"post_tag","embeddable":true,"href":"https:\/\/www.webdo.tn\/fr\/wp-json\/wp\/v2\/tags?post=207754"}],"curies":[{"name":"wp","href":"https:\/\/api.w.org\/{rel}","templated":true}]}}