{"id":207753,"date":"2023-08-06T12:04:00","date_gmt":"2023-08-06T12:04:00","guid":{"rendered":"https:\/\/www.webdo.tn\/fr\/blog\/l-ugtt-commente-la-nomination-de-hachani\/207753\/"},"modified":"2025-05-20T22:41:58","modified_gmt":"2025-05-20T22:41:58","slug":"l-ugtt-commente-la-nomination-de-hachani","status":"publish","type":"post","link":"https:\/\/www.webdo.tn\/fr\/actualite\/national\/l-ugtt-commente-la-nomination-de-hachani\/207753\/","title":{"rendered":"L\u2019UGTT commente la nomination de Hachani"},"content":{"rendered":"<p>Les r\u00e9actions \u00e0 la nomination de Ahmed Hachani \u00e0 la t\u00eate du gouvernement sont nombreuses. L\u2019UGTT n\u2019a pas manqu\u00e9 de r\u00e9agir \u00e0 cette d\u00e9cision, alors que ses relations \u00e9taient tendues avec Najla Bouden.<\/p>\n<p>Le secr\u00e9taire g\u00e9n\u00e9ral de l&rsquo;Union g\u00e9n\u00e9rale tunisienne du travail (UGTT), Noureddine Taboubi, a comment\u00e9 le d\u00e9part de Najla Bouden et la nomination d&rsquo;Ahmed Hachani pour la remplacer, lors de sa supervision de la comm\u00e9moration du 76e anniversaire de la bataille de 1947 men\u00e9e par l&rsquo;UGTT contre la colonisation fran\u00e7aise.\u00a0<\/p>\n<p>Taboubi a d\u00e9clar\u00e9 que \u00ab le chef de l&rsquo;\u00c9tat, \u00e9lu directement par le peuple, est libre de nommer ses membres du gouvernement et qu&rsquo;il a sa propre vision du gouvernement \u00bb.\u00a0<\/p>\n<p>Mais selon ses dires, le changement ne r\u00e9side pas seulement dans les personnes, mais dans les strat\u00e9gies et les politiques. \u00ab Il faut attendre les jours \u00e0 venir pour savoir si le nouveau chef du gouvernement aura le pouvoir de prendre des d\u00e9cisions et s&rsquo;il sera ouvert aux composantes du pays pour surmonter les difficult\u00e9s et les d\u00e9fis auxquels le pays et les institutions font face \u00bb, a-t-il dit.<\/p>\n","protected":false},"excerpt":{"rendered":"<p>Les r\u00e9actions \u00e0 la nomination de Ahmed Hachani \u00e0 la t\u00eate du gouvernement sont nombreuses. L\u2019UGTT n\u2019a pas manqu\u00e9 de r\u00e9agir \u00e0 cette d\u00e9cision, alors que ses relati&#8230;<\/p>\n","protected":false},"author":3175,"featured_media":249603,"comment_status":"open","ping_status":"closed","sticky":false,"template":"","format":"standard","meta":{"footnotes":""},"categories":[44],"tags":[2651,2608,2649],"class_list":["post-207753","post","type-post","status-publish","format-standard","has-post-thumbnail","hentry","category-national","tag-gouvernement","tag-tunisie","tag-ugtt"],"yoast_head":"<!-- This site is optimized with the Yoast SEO Premium plugin v27.5 (Yoast SEO v27.5) - https:\/\/yoast.com\/product\/yoast-seo-premium-wordpress\/ -->\n<title>L\u2019UGTT commente la nomination de Hachani<\/title>\n<meta name=\"description\" content=\"Les r\u00e9actions \u00e0 la nomination de Ahmed Hachani \u00e0 la t\u00eate du gouvernement sont nombreuses. L\u2019UGTT n\u2019a pas manqu\u00e9 de r\u00e9agir \u00e0 cette d\u00e9cision, alors que ses relati...\" \/>\n<link rel=\"canonical\" href=\"https:\/\/www.webdo.tn\/fr\/actualite\/national\/l-ugtt-commente-la-nomination-de-hachani\/207753\/\" \/>\n<meta property=\"og:locale\" content=\"fr_FR\" \/>\n<meta property=\"og:type\" content=\"article\" \/>\n<meta property=\"og:title\" content=\"L\u2019UGTT commente la nomination de Hachani\" \/>\n<meta property=\"og:description\" content=\"Les r\u00e9actions \u00e0 la nomination de Ahmed Hachani \u00e0 la t\u00eate du gouvernement sont nombreuses. L\u2019UGTT n\u2019a pas manqu\u00e9 de r\u00e9agir \u00e0 cette d\u00e9cision, alors que ses relati...\" \/>\n<meta property=\"og:url\" content=\"https:\/\/www.webdo.tn\/fr\/actualite\/national\/l-ugtt-commente-la-nomination-de-hachani\/207753\/\" \/>\n<meta property=\"og:site_name\" content=\"webdo\" \/>\n<meta property=\"article:publisher\" content=\"https:\/\/www.facebook.com\/webdotn\" \/>\n<meta property=\"article:published_time\" content=\"2023-08-06T12:04:00+00:00\" \/>\n<meta property=\"article:modified_time\" content=\"2025-05-20T22:41:58+00:00\" \/>\n<meta property=\"og:image\" content=\"https:\/\/www.webdo.tn\/fr\/wp-content\/uploads\/2023\/08\/8abb705c7f1ec06afd407092907bb52f.jpg\" \/>\n\t<meta property=\"og:image:width\" content=\"750\" \/>\n\t<meta property=\"og:image:height\" content=\"400\" \/>\n\t<meta property=\"og:image:type\" content=\"image\/jpeg\" \/>\n<meta name=\"author\" content=\"CL\" \/>\n<meta name=\"twitter:card\" content=\"summary_large_image\" \/>\n<meta name=\"twitter:creator\" content=\"@webdo_tn\" \/>\n<meta name=\"twitter:site\" content=\"@webdo_tn\" \/>\n<meta name=\"twitter:label1\" content=\"\u00c9crit par\" \/>\n\t<meta name=\"twitter:data1\" content=\"CL\" \/>\n\t<meta name=\"twitter:label2\" content=\"Dur\u00e9e de lecture estim\u00e9e\" \/>\n\t<meta name=\"twitter:data2\" content=\"1 minute\" \/>\n<script type=\"application\/ld+json\" class=\"yoast-schema-graph\">{\"@context\":\"https:\\\/\\\/schema.org\",\"@graph\":[{\"@type\":\"NewsArticle\",\"@id\":\"https:\\\/\\\/www.webdo.tn\\\/fr\\\/actualite\\\/national\\\/l-ugtt-commente-la-nomination-de-hachani\\\/207753\\\/#article\",\"isPartOf\":{\"@id\":\"https:\\\/\\\/www.webdo.tn\\\/fr\\\/actualite\\\/national\\\/l-ugtt-commente-la-nomination-de-hachani\\\/207753\\\/\"},\"author\":{\"name\":\"CL\",\"@id\":\"https:\\\/\\\/www.webdo.tn\\\/fr\\\/#\\\/schema\\\/person\\\/f35b42a42c5e2511bbd282959d6385cc\"},\"headline\":\"L\u2019UGTT commente la nomination de Hachani\",\"datePublished\":\"2023-08-06T12:04:00+00:00\",\"dateModified\":\"2025-05-20T22:41:58+00:00\",\"mainEntityOfPage\":{\"@id\":\"https:\\\/\\\/www.webdo.tn\\\/fr\\\/actualite\\\/national\\\/l-ugtt-commente-la-nomination-de-hachani\\\/207753\\\/\"},\"wordCount\":207,\"commentCount\":0,\"publisher\":{\"@id\":\"https:\\\/\\\/www.webdo.tn\\\/fr\\\/#organization\"},\"image\":{\"@id\":\"https:\\\/\\\/www.webdo.tn\\\/fr\\\/actualite\\\/national\\\/l-ugtt-commente-la-nomination-de-hachani\\\/207753\\\/#primaryimage\"},\"thumbnailUrl\":\"https:\\\/\\\/www.webdo.tn\\\/fr\\\/wp-content\\\/uploads\\\/2023\\\/08\\\/8abb705c7f1ec06afd407092907bb52f.jpg\",\"keywords\":[\"gouvernement\",\"Tunisie\",\"UGTT\"],\"articleSection\":[\"National\"],\"inLanguage\":\"fr-FR\"},{\"@type\":\"WebPage\",\"@id\":\"https:\\\/\\\/www.webdo.tn\\\/fr\\\/actualite\\\/national\\\/l-ugtt-commente-la-nomination-de-hachani\\\/207753\\\/\",\"url\":\"https:\\\/\\\/www.webdo.tn\\\/fr\\\/actualite\\\/national\\\/l-ugtt-commente-la-nomination-de-hachani\\\/207753\\\/\",\"name\":\"L\u2019UGTT commente la nomination de Hachani\",\"isPartOf\":{\"@id\":\"https:\\\/\\\/www.webdo.tn\\\/fr\\\/#website\"},\"primaryImageOfPage\":{\"@id\":\"https:\\\/\\\/www.webdo.tn\\\/fr\\\/actualite\\\/national\\\/l-ugtt-commente-la-nomination-de-hachani\\\/207753\\\/#primaryimage\"},\"image\":{\"@id\":\"https:\\\/\\\/www.webdo.tn\\\/fr\\\/actualite\\\/national\\\/l-ugtt-commente-la-nomination-de-hachani\\\/207753\\\/#primaryimage\"},\"thumbnailUrl\":\"https:\\\/\\\/www.webdo.tn\\\/fr\\\/wp-content\\\/uploads\\\/2023\\\/08\\\/8abb705c7f1ec06afd407092907bb52f.jpg\",\"datePublished\":\"2023-08-06T12:04:00+00:00\",\"dateModified\":\"2025-05-20T22:41:58+00:00\",\"description\":\"Les r\u00e9actions \u00e0 la nomination de Ahmed Hachani \u00e0 la t\u00eate du gouvernement sont nombreuses. L\u2019UGTT n\u2019a pas manqu\u00e9 de r\u00e9agir \u00e0 cette d\u00e9cision, alors que ses relati...\",\"breadcrumb\":{\"@id\":\"https:\\\/\\\/www.webdo.tn\\\/fr\\\/actualite\\\/national\\\/l-ugtt-commente-la-nomination-de-hachani\\\/207753\\\/#breadcrumb\"},\"inLanguage\":\"fr-FR\",\"potentialAction\":[{\"@type\":\"ReadAction\",\"target\":[\"https:\\\/\\\/www.webdo.tn\\\/fr\\\/actualite\\\/national\\\/l-ugtt-commente-la-nomination-de-hachani\\\/207753\\\/\"]}]},{\"@type\":\"ImageObject\",\"inLanguage\":\"fr-FR\",\"@id\":\"https:\\\/\\\/www.webdo.tn\\\/fr\\\/actualite\\\/national\\\/l-ugtt-commente-la-nomination-de-hachani\\\/207753\\\/#primaryimage\",\"url\":\"https:\\\/\\\/www.webdo.tn\\\/fr\\\/wp-content\\\/uploads\\\/2023\\\/08\\\/8abb705c7f1ec06afd407092907bb52f.jpg\",\"contentUrl\":\"https:\\\/\\\/www.webdo.tn\\\/fr\\\/wp-content\\\/uploads\\\/2023\\\/08\\\/8abb705c7f1ec06afd407092907bb52f.jpg\",\"width\":750,\"height\":400,\"caption\":\"L\u2019UGTT commente la nomination de Hachani\"},{\"@type\":\"BreadcrumbList\",\"@id\":\"https:\\\/\\\/www.webdo.tn\\\/fr\\\/actualite\\\/national\\\/l-ugtt-commente-la-nomination-de-hachani\\\/207753\\\/#breadcrumb\",\"itemListElement\":[{\"@type\":\"ListItem\",\"position\":1,\"name\":\"Accueil\",\"item\":\"https:\\\/\\\/www.webdo.tn\\\/fr\\\/\"},{\"@type\":\"ListItem\",\"position\":2,\"name\":\"L\u2019UGTT commente la nomination de Hachani\"}]},{\"@type\":\"WebSite\",\"@id\":\"https:\\\/\\\/www.webdo.tn\\\/fr\\\/#website\",\"url\":\"https:\\\/\\\/www.webdo.tn\\\/fr\\\/\",\"name\":\"webdo\",\"description\":\"Tunisie - News en Tunisie et \u00e0 l&#039;international sur Webdo.tn\",\"publisher\":{\"@id\":\"https:\\\/\\\/www.webdo.tn\\\/fr\\\/#organization\"},\"potentialAction\":[{\"@type\":\"SearchAction\",\"target\":{\"@type\":\"EntryPoint\",\"urlTemplate\":\"https:\\\/\\\/www.webdo.tn\\\/fr\\\/?s={search_term_string}\"},\"query-input\":{\"@type\":\"PropertyValueSpecification\",\"valueRequired\":true,\"valueName\":\"search_term_string\"}}],\"inLanguage\":\"fr-FR\"},{\"@type\":\"Organization\",\"@id\":\"https:\\\/\\\/www.webdo.tn\\\/fr\\\/#organization\",\"name\":\"Webdo\",\"alternateName\":\"Webdo.tn\",\"url\":\"https:\\\/\\\/www.webdo.tn\\\/fr\\\/\",\"logo\":{\"@type\":\"ImageObject\",\"inLanguage\":\"fr-FR\",\"@id\":\"https:\\\/\\\/www.webdo.tn\\\/fr\\\/#\\\/schema\\\/logo\\\/image\\\/\",\"url\":\"https:\\\/\\\/www.webdo.tn\\\/fr\\\/wp-content\\\/uploads\\\/2025\\\/06\\\/Webdo-Tunisie_168377.jpg\",\"contentUrl\":\"https:\\\/\\\/www.webdo.tn\\\/fr\\\/wp-content\\\/uploads\\\/2025\\\/06\\\/Webdo-Tunisie_168377.jpg\",\"width\":301,\"height\":301,\"caption\":\"Webdo\"},\"image\":{\"@id\":\"https:\\\/\\\/www.webdo.tn\\\/fr\\\/#\\\/schema\\\/logo\\\/image\\\/\"},\"sameAs\":[\"https:\\\/\\\/www.facebook.com\\\/webdotn\",\"https:\\\/\\\/x.com\\\/webdo_tn\"],\"description\":\"Webdo est un m\u00e9dia num\u00e9rique tunisien fond\u00e9 en 2010, sp\u00e9cialis\u00e9 dans l\u2019actualit\u00e9 nationale et internationale, l\u2019\u00e9conomie, la soci\u00e9t\u00e9 et les analyses politiques. Le site s\u2019adresse \u00e0 un large public francophone et couvre l\u2019information tunisienne en temps r\u00e9el.\",\"email\":\"redac@webdo.tn\",\"legalName\":\"YNJ SARL\",\"foundingDate\":\"2010-09-06\",\"numberOfEmployees\":{\"@type\":\"QuantitativeValue\",\"minValue\":\"11\",\"maxValue\":\"50\"}},{\"@type\":\"Person\",\"@id\":\"https:\\\/\\\/www.webdo.tn\\\/fr\\\/#\\\/schema\\\/person\\\/f35b42a42c5e2511bbd282959d6385cc\",\"name\":\"CL\",\"image\":{\"@type\":\"ImageObject\",\"inLanguage\":\"fr-FR\",\"@id\":\"https:\\\/\\\/secure.gravatar.com\\\/avatar\\\/1447a49909b67aa657c488aec6512e1dd6143a480c1ecfee9b5b5cd74eb3b59e?s=96&d=mm&r=g\",\"url\":\"https:\\\/\\\/secure.gravatar.com\\\/avatar\\\/1447a49909b67aa657c488aec6512e1dd6143a480c1ecfee9b5b5cd74eb3b59e?s=96&d=mm&r=g\",\"contentUrl\":\"https:\\\/\\\/secure.gravatar.com\\\/avatar\\\/1447a49909b67aa657c488aec6512e1dd6143a480c1ecfee9b5b5cd74eb3b59e?s=96&d=mm&r=g\",\"caption\":\"CL\"},\"url\":\"https:\\\/\\\/www.webdo.tn\\\/fr\\\/actualite\\\/author\\\/cl\\\/\"}]}<\/script>\n<!-- \/ Yoast SEO Premium plugin. -->","yoast_head_json":{"title":"L\u2019UGTT commente la nomination de Hachani","description":"Les r\u00e9actions \u00e0 la nomination de Ahmed Hachani \u00e0 la t\u00eate du gouvernement sont nombreuses. L\u2019UGTT n\u2019a pas manqu\u00e9 de r\u00e9agir \u00e0 cette d\u00e9cision, alors que ses relati...","canonical":"https:\/\/www.webdo.tn\/fr\/actualite\/national\/l-ugtt-commente-la-nomination-de-hachani\/207753\/","og_locale":"fr_FR","og_type":"article","og_title":"L\u2019UGTT commente la nomination de Hachani","og_description":"Les r\u00e9actions \u00e0 la nomination de Ahmed Hachani \u00e0 la t\u00eate du gouvernement sont nombreuses. L\u2019UGTT n\u2019a pas manqu\u00e9 de r\u00e9agir \u00e0 cette d\u00e9cision, alors que ses relati...","og_url":"https:\/\/www.webdo.tn\/fr\/actualite\/national\/l-ugtt-commente-la-nomination-de-hachani\/207753\/","og_site_name":"webdo","article_publisher":"https:\/\/www.facebook.com\/webdotn","article_published_time":"2023-08-06T12:04:00+00:00","article_modified_time":"2025-05-20T22:41:58+00:00","og_image":[{"width":750,"height":400,"url":"https:\/\/www.webdo.tn\/fr\/wp-content\/uploads\/2023\/08\/8abb705c7f1ec06afd407092907bb52f.jpg","type":"image\/jpeg"}],"author":"CL","twitter_card":"summary_large_image","twitter_creator":"@webdo_tn","twitter_site":"@webdo_tn","twitter_misc":{"\u00c9crit par":"CL","Dur\u00e9e de lecture estim\u00e9e":"1 minute"},"schema":{"@context":"https:\/\/schema.org","@graph":[{"@type":"NewsArticle","@id":"https:\/\/www.webdo.tn\/fr\/actualite\/national\/l-ugtt-commente-la-nomination-de-hachani\/207753\/#article","isPartOf":{"@id":"https:\/\/www.webdo.tn\/fr\/actualite\/national\/l-ugtt-commente-la-nomination-de-hachani\/207753\/"},"author":{"name":"CL","@id":"https:\/\/www.webdo.tn\/fr\/#\/schema\/person\/f35b42a42c5e2511bbd282959d6385cc"},"headline":"L\u2019UGTT commente la nomination de Hachani","datePublished":"2023-08-06T12:04:00+00:00","dateModified":"2025-05-20T22:41:58+00:00","mainEntityOfPage":{"@id":"https:\/\/www.webdo.tn\/fr\/actualite\/national\/l-ugtt-commente-la-nomination-de-hachani\/207753\/"},"wordCount":207,"commentCount":0,"publisher":{"@id":"https:\/\/www.webdo.tn\/fr\/#organization"},"image":{"@id":"https:\/\/www.webdo.tn\/fr\/actualite\/national\/l-ugtt-commente-la-nomination-de-hachani\/207753\/#primaryimage"},"thumbnailUrl":"https:\/\/www.webdo.tn\/fr\/wp-content\/uploads\/2023\/08\/8abb705c7f1ec06afd407092907bb52f.jpg","keywords":["gouvernement","Tunisie","UGTT"],"articleSection":["National"],"inLanguage":"fr-FR"},{"@type":"WebPage","@id":"https:\/\/www.webdo.tn\/fr\/actualite\/national\/l-ugtt-commente-la-nomination-de-hachani\/207753\/","url":"https:\/\/www.webdo.tn\/fr\/actualite\/national\/l-ugtt-commente-la-nomination-de-hachani\/207753\/","name":"L\u2019UGTT commente la nomination de Hachani","isPartOf":{"@id":"https:\/\/www.webdo.tn\/fr\/#website"},"primaryImageOfPage":{"@id":"https:\/\/www.webdo.tn\/fr\/actualite\/national\/l-ugtt-commente-la-nomination-de-hachani\/207753\/#primaryimage"},"image":{"@id":"https:\/\/www.webdo.tn\/fr\/actualite\/national\/l-ugtt-commente-la-nomination-de-hachani\/207753\/#primaryimage"},"thumbnailUrl":"https:\/\/www.webdo.tn\/fr\/wp-content\/uploads\/2023\/08\/8abb705c7f1ec06afd407092907bb52f.jpg","datePublished":"2023-08-06T12:04:00+00:00","dateModified":"2025-05-20T22:41:58+00:00","description":"Les r\u00e9actions \u00e0 la nomination de Ahmed Hachani \u00e0 la t\u00eate du gouvernement sont nombreuses. L\u2019UGTT n\u2019a pas manqu\u00e9 de r\u00e9agir \u00e0 cette d\u00e9cision, alors que ses relati...","breadcrumb":{"@id":"https:\/\/www.webdo.tn\/fr\/actualite\/national\/l-ugtt-commente-la-nomination-de-hachani\/207753\/#breadcrumb"},"inLanguage":"fr-FR","potentialAction":[{"@type":"ReadAction","target":["https:\/\/www.webdo.tn\/fr\/actualite\/national\/l-ugtt-commente-la-nomination-de-hachani\/207753\/"]}]},{"@type":"ImageObject","inLanguage":"fr-FR","@id":"https:\/\/www.webdo.tn\/fr\/actualite\/national\/l-ugtt-commente-la-nomination-de-hachani\/207753\/#primaryimage","url":"https:\/\/www.webdo.tn\/fr\/wp-content\/uploads\/2023\/08\/8abb705c7f1ec06afd407092907bb52f.jpg","contentUrl":"https:\/\/www.webdo.tn\/fr\/wp-content\/uploads\/2023\/08\/8abb705c7f1ec06afd407092907bb52f.jpg","width":750,"height":400,"caption":"L\u2019UGTT commente la nomination de Hachani"},{"@type":"BreadcrumbList","@id":"https:\/\/www.webdo.tn\/fr\/actualite\/national\/l-ugtt-commente-la-nomination-de-hachani\/207753\/#breadcrumb","itemListElement":[{"@type":"ListItem","position":1,"name":"Accueil","item":"https:\/\/www.webdo.tn\/fr\/"},{"@type":"ListItem","position":2,"name":"L\u2019UGTT commente la nomination de Hachani"}]},{"@type":"WebSite","@id":"https:\/\/www.webdo.tn\/fr\/#website","url":"https:\/\/www.webdo.tn\/fr\/","name":"webdo","description":"Tunisie - News en Tunisie et \u00e0 l&#039;international sur Webdo.tn","publisher":{"@id":"https:\/\/www.webdo.tn\/fr\/#organization"},"potentialAction":[{"@type":"SearchAction","target":{"@type":"EntryPoint","urlTemplate":"https:\/\/www.webdo.tn\/fr\/?s={search_term_string}"},"query-input":{"@type":"PropertyValueSpecification","valueRequired":true,"valueName":"search_term_string"}}],"inLanguage":"fr-FR"},{"@type":"Organization","@id":"https:\/\/www.webdo.tn\/fr\/#organization","name":"Webdo","alternateName":"Webdo.tn","url":"https:\/\/www.webdo.tn\/fr\/","logo":{"@type":"ImageObject","inLanguage":"fr-FR","@id":"https:\/\/www.webdo.tn\/fr\/#\/schema\/logo\/image\/","url":"https:\/\/www.webdo.tn\/fr\/wp-content\/uploads\/2025\/06\/Webdo-Tunisie_168377.jpg","contentUrl":"https:\/\/www.webdo.tn\/fr\/wp-content\/uploads\/2025\/06\/Webdo-Tunisie_168377.jpg","width":301,"height":301,"caption":"Webdo"},"image":{"@id":"https:\/\/www.webdo.tn\/fr\/#\/schema\/logo\/image\/"},"sameAs":["https:\/\/www.facebook.com\/webdotn","https:\/\/x.com\/webdo_tn"],"description":"Webdo est un m\u00e9dia num\u00e9rique tunisien fond\u00e9 en 2010, sp\u00e9cialis\u00e9 dans l\u2019actualit\u00e9 nationale et internationale, l\u2019\u00e9conomie, la soci\u00e9t\u00e9 et les analyses politiques. Le site s\u2019adresse \u00e0 un large public francophone et couvre l\u2019information tunisienne en temps r\u00e9el.","email":"redac@webdo.tn","legalName":"YNJ SARL","foundingDate":"2010-09-06","numberOfEmployees":{"@type":"QuantitativeValue","minValue":"11","maxValue":"50"}},{"@type":"Person","@id":"https:\/\/www.webdo.tn\/fr\/#\/schema\/person\/f35b42a42c5e2511bbd282959d6385cc","name":"CL","image":{"@type":"ImageObject","inLanguage":"fr-FR","@id":"https:\/\/secure.gravatar.com\/avatar\/1447a49909b67aa657c488aec6512e1dd6143a480c1ecfee9b5b5cd74eb3b59e?s=96&d=mm&r=g","url":"https:\/\/secure.gravatar.com\/avatar\/1447a49909b67aa657c488aec6512e1dd6143a480c1ecfee9b5b5cd74eb3b59e?s=96&d=mm&r=g","contentUrl":"https:\/\/secure.gravatar.com\/avatar\/1447a49909b67aa657c488aec6512e1dd6143a480c1ecfee9b5b5cd74eb3b59e?s=96&d=mm&r=g","caption":"CL"},"url":"https:\/\/www.webdo.tn\/fr\/actualite\/author\/cl\/"}]}},"_links":{"self":[{"href":"https:\/\/www.webdo.tn\/fr\/wp-json\/wp\/v2\/posts\/207753","targetHints":{"allow":["GET"]}}],"collection":[{"href":"https:\/\/www.webdo.tn\/fr\/wp-json\/wp\/v2\/posts"}],"about":[{"href":"https:\/\/www.webdo.tn\/fr\/wp-json\/wp\/v2\/types\/post"}],"author":[{"embeddable":true,"href":"https:\/\/www.webdo.tn\/fr\/wp-json\/wp\/v2\/users\/3175"}],"replies":[{"embeddable":true,"href":"https:\/\/www.webdo.tn\/fr\/wp-json\/wp\/v2\/comments?post=207753"}],"version-history":[{"count":0,"href":"https:\/\/www.webdo.tn\/fr\/wp-json\/wp\/v2\/posts\/207753\/revisions"}],"wp:featuredmedia":[{"embeddable":true,"href":"https:\/\/www.webdo.tn\/fr\/wp-json\/wp\/v2\/media\/249603"}],"wp:attachment":[{"href":"https:\/\/www.webdo.tn\/fr\/wp-json\/wp\/v2\/media?parent=207753"}],"wp:term":[{"taxonomy":"category","embeddable":true,"href":"https:\/\/www.webdo.tn\/fr\/wp-json\/wp\/v2\/categories?post=207753"},{"taxonomy":"post_tag","embeddable":true,"href":"https:\/\/www.webdo.tn\/fr\/wp-json\/wp\/v2\/tags?post=207753"}],"curies":[{"name":"wp","href":"https:\/\/api.w.org\/{rel}","templated":true}]}}