{"id":207752,"date":"2023-08-06T11:11:00","date_gmt":"2023-08-06T11:11:00","guid":{"rendered":"https:\/\/www.webdo.tn\/fr\/blog\/un-vol-de-rapatriement-des-tunisiens-au-niger-prevu-ce-dimanche\/207752\/"},"modified":"2025-05-20T22:41:58","modified_gmt":"2025-05-20T22:41:58","slug":"un-vol-de-rapatriement-des-tunisiens-au-niger-prevu-ce-dimanche","status":"publish","type":"post","link":"https:\/\/www.webdo.tn\/fr\/actualite\/national\/un-vol-de-rapatriement-des-tunisiens-au-niger-prevu-ce-dimanche\/207752\/","title":{"rendered":"Un vol de rapatriement des tunisiens au Niger pr\u00e9vu ce dimanche"},"content":{"rendered":"<p>Dans un communiqu\u00e9 rendu public, le minist\u00e8re des Affaires \u00e9trang\u00e8res, de la Migration et des Tunisiens \u00e0 l&rsquo;\u00e9tranger a annonc\u00e9 que la compagnie a\u00e9rienne nationale Tunisair a programm\u00e9 un vol de rapatriement en faveur des ressortissants tunisiens au Niger.\u00a0<\/p>\n<p>\t\t\t\t\t\t\t\t\tCe vol est programm\u00e9 pour aujoud&rsquo;hui\u00a0dimanche 6 ao\u00fbt \u00e0 11h30, \u00e0 partir de l\u2019A\u00e9roport de Niamey.<\/p>\n<p>\u00ab\u00a0Dans le cadre du suivi des conditions de la communaut\u00e9 tunisienne en R\u00e9publique du Niger, suite aux r\u00e9cents \u00e9v\u00e9nements dans ce pays, le Minist\u00e8re des Affaires Etrang\u00e8res, de la Migration et des Tunisiens \u00e0 l&rsquo;Etranger informe que compte tenu de la d\u00e9cision des autorit\u00e9s nig\u00e9riennes de rouvrir partiellement l&rsquo;espace a\u00e9rien au trafic de l&rsquo;aviation civile, Tunisair reprendra progressivement ses activit\u00e9s commerciales \u00e0 destination de l&rsquo;a\u00e9roport de Niamey, \u00e0 partir du samedi 05 ao\u00fbt. Le vol retour vers la Tunisie devrait avoir lieu le dimanche 06 ao\u00fbt \u00e0 11h30, a-t-on communiqu\u00e9.<\/p>\n","protected":false},"excerpt":{"rendered":"<p>Dans un communiqu\u00e9 rendu public, le minist\u00e8re des Affaires \u00e9trang\u00e8res, de la Migration et des Tunisiens \u00e0 l&rsquo;\u00e9tranger a annonc\u00e9 que la compagnie a\u00e9rienne nationa&#8230;<\/p>\n","protected":false},"author":3175,"featured_media":249602,"comment_status":"open","ping_status":"closed","sticky":false,"template":"","format":"standard","meta":{"footnotes":""},"categories":[44],"tags":[7874,5538,2608,3317],"class_list":["post-207752","post","type-post","status-publish","format-standard","has-post-thumbnail","hentry","category-national","tag-niger","tag-rapatriement","tag-tunisie","tag-tunisiens"],"yoast_head":"<!-- This site is optimized with the Yoast SEO Premium plugin v27.5 (Yoast SEO v27.5) - https:\/\/yoast.com\/product\/yoast-seo-premium-wordpress\/ -->\n<title>Un vol de rapatriement des tunisiens au Niger pr\u00e9vu ce dimanche<\/title>\n<meta name=\"description\" content=\"Dans un communiqu\u00e9 rendu public, le minist\u00e8re des Affaires \u00e9trang\u00e8res, de la Migration et des Tunisiens \u00e0 l&#039;\u00e9tranger a annonc\u00e9 que la compagnie a\u00e9rienne nationa...\" \/>\n<link rel=\"canonical\" href=\"https:\/\/www.webdo.tn\/fr\/actualite\/national\/un-vol-de-rapatriement-des-tunisiens-au-niger-prevu-ce-dimanche\/207752\/\" \/>\n<meta property=\"og:locale\" content=\"fr_FR\" \/>\n<meta property=\"og:type\" content=\"article\" \/>\n<meta property=\"og:title\" content=\"Un vol de rapatriement des tunisiens au Niger pr\u00e9vu ce dimanche\" \/>\n<meta property=\"og:description\" content=\"Dans un communiqu\u00e9 rendu public, le minist\u00e8re des Affaires \u00e9trang\u00e8res, de la Migration et des Tunisiens \u00e0 l&#039;\u00e9tranger a annonc\u00e9 que la compagnie a\u00e9rienne nationa...\" \/>\n<meta property=\"og:url\" content=\"https:\/\/www.webdo.tn\/fr\/actualite\/national\/un-vol-de-rapatriement-des-tunisiens-au-niger-prevu-ce-dimanche\/207752\/\" \/>\n<meta property=\"og:site_name\" content=\"webdo\" \/>\n<meta property=\"article:publisher\" content=\"https:\/\/www.facebook.com\/webdotn\" \/>\n<meta property=\"article:published_time\" content=\"2023-08-06T11:11:00+00:00\" \/>\n<meta property=\"article:modified_time\" content=\"2025-05-20T22:41:58+00:00\" \/>\n<meta property=\"og:image\" content=\"https:\/\/www.webdo.tn\/fr\/wp-content\/uploads\/2023\/08\/aa9e60d6c3dbe2fd12509621d9185c23.jpg\" \/>\n\t<meta property=\"og:image:width\" content=\"750\" \/>\n\t<meta property=\"og:image:height\" content=\"400\" \/>\n\t<meta property=\"og:image:type\" content=\"image\/jpeg\" \/>\n<meta name=\"author\" content=\"CL\" \/>\n<meta name=\"twitter:card\" content=\"summary_large_image\" \/>\n<meta name=\"twitter:creator\" content=\"@webdo_tn\" \/>\n<meta name=\"twitter:site\" content=\"@webdo_tn\" \/>\n<meta name=\"twitter:label1\" content=\"\u00c9crit par\" \/>\n\t<meta name=\"twitter:data1\" content=\"CL\" \/>\n\t<meta name=\"twitter:label2\" content=\"Dur\u00e9e de lecture estim\u00e9e\" \/>\n\t<meta name=\"twitter:data2\" content=\"1 minute\" \/>\n<script type=\"application\/ld+json\" class=\"yoast-schema-graph\">{\"@context\":\"https:\\\/\\\/schema.org\",\"@graph\":[{\"@type\":\"NewsArticle\",\"@id\":\"https:\\\/\\\/www.webdo.tn\\\/fr\\\/actualite\\\/national\\\/un-vol-de-rapatriement-des-tunisiens-au-niger-prevu-ce-dimanche\\\/207752\\\/#article\",\"isPartOf\":{\"@id\":\"https:\\\/\\\/www.webdo.tn\\\/fr\\\/actualite\\\/national\\\/un-vol-de-rapatriement-des-tunisiens-au-niger-prevu-ce-dimanche\\\/207752\\\/\"},\"author\":{\"name\":\"CL\",\"@id\":\"https:\\\/\\\/www.webdo.tn\\\/fr\\\/#\\\/schema\\\/person\\\/f35b42a42c5e2511bbd282959d6385cc\"},\"headline\":\"Un vol de rapatriement des tunisiens au Niger pr\u00e9vu ce dimanche\",\"datePublished\":\"2023-08-06T11:11:00+00:00\",\"dateModified\":\"2025-05-20T22:41:58+00:00\",\"mainEntityOfPage\":{\"@id\":\"https:\\\/\\\/www.webdo.tn\\\/fr\\\/actualite\\\/national\\\/un-vol-de-rapatriement-des-tunisiens-au-niger-prevu-ce-dimanche\\\/207752\\\/\"},\"wordCount\":173,\"commentCount\":0,\"publisher\":{\"@id\":\"https:\\\/\\\/www.webdo.tn\\\/fr\\\/#organization\"},\"image\":{\"@id\":\"https:\\\/\\\/www.webdo.tn\\\/fr\\\/actualite\\\/national\\\/un-vol-de-rapatriement-des-tunisiens-au-niger-prevu-ce-dimanche\\\/207752\\\/#primaryimage\"},\"thumbnailUrl\":\"https:\\\/\\\/www.webdo.tn\\\/fr\\\/wp-content\\\/uploads\\\/2023\\\/08\\\/aa9e60d6c3dbe2fd12509621d9185c23.jpg\",\"keywords\":[\"niger\",\"rapatriement\",\"Tunisie\",\"Tunisiens\"],\"articleSection\":[\"National\"],\"inLanguage\":\"fr-FR\"},{\"@type\":\"WebPage\",\"@id\":\"https:\\\/\\\/www.webdo.tn\\\/fr\\\/actualite\\\/national\\\/un-vol-de-rapatriement-des-tunisiens-au-niger-prevu-ce-dimanche\\\/207752\\\/\",\"url\":\"https:\\\/\\\/www.webdo.tn\\\/fr\\\/actualite\\\/national\\\/un-vol-de-rapatriement-des-tunisiens-au-niger-prevu-ce-dimanche\\\/207752\\\/\",\"name\":\"Un vol de rapatriement des tunisiens au Niger pr\u00e9vu ce dimanche\",\"isPartOf\":{\"@id\":\"https:\\\/\\\/www.webdo.tn\\\/fr\\\/#website\"},\"primaryImageOfPage\":{\"@id\":\"https:\\\/\\\/www.webdo.tn\\\/fr\\\/actualite\\\/national\\\/un-vol-de-rapatriement-des-tunisiens-au-niger-prevu-ce-dimanche\\\/207752\\\/#primaryimage\"},\"image\":{\"@id\":\"https:\\\/\\\/www.webdo.tn\\\/fr\\\/actualite\\\/national\\\/un-vol-de-rapatriement-des-tunisiens-au-niger-prevu-ce-dimanche\\\/207752\\\/#primaryimage\"},\"thumbnailUrl\":\"https:\\\/\\\/www.webdo.tn\\\/fr\\\/wp-content\\\/uploads\\\/2023\\\/08\\\/aa9e60d6c3dbe2fd12509621d9185c23.jpg\",\"datePublished\":\"2023-08-06T11:11:00+00:00\",\"dateModified\":\"2025-05-20T22:41:58+00:00\",\"description\":\"Dans un communiqu\u00e9 rendu public, le minist\u00e8re des Affaires \u00e9trang\u00e8res, de la Migration et des Tunisiens \u00e0 l'\u00e9tranger a annonc\u00e9 que la compagnie a\u00e9rienne nationa...\",\"breadcrumb\":{\"@id\":\"https:\\\/\\\/www.webdo.tn\\\/fr\\\/actualite\\\/national\\\/un-vol-de-rapatriement-des-tunisiens-au-niger-prevu-ce-dimanche\\\/207752\\\/#breadcrumb\"},\"inLanguage\":\"fr-FR\",\"potentialAction\":[{\"@type\":\"ReadAction\",\"target\":[\"https:\\\/\\\/www.webdo.tn\\\/fr\\\/actualite\\\/national\\\/un-vol-de-rapatriement-des-tunisiens-au-niger-prevu-ce-dimanche\\\/207752\\\/\"]}]},{\"@type\":\"ImageObject\",\"inLanguage\":\"fr-FR\",\"@id\":\"https:\\\/\\\/www.webdo.tn\\\/fr\\\/actualite\\\/national\\\/un-vol-de-rapatriement-des-tunisiens-au-niger-prevu-ce-dimanche\\\/207752\\\/#primaryimage\",\"url\":\"https:\\\/\\\/www.webdo.tn\\\/fr\\\/wp-content\\\/uploads\\\/2023\\\/08\\\/aa9e60d6c3dbe2fd12509621d9185c23.jpg\",\"contentUrl\":\"https:\\\/\\\/www.webdo.tn\\\/fr\\\/wp-content\\\/uploads\\\/2023\\\/08\\\/aa9e60d6c3dbe2fd12509621d9185c23.jpg\",\"width\":750,\"height\":400,\"caption\":\"Un vol de rapatriement des tunisiens au Niger pr\u00e9vu ce dimanche\"},{\"@type\":\"BreadcrumbList\",\"@id\":\"https:\\\/\\\/www.webdo.tn\\\/fr\\\/actualite\\\/national\\\/un-vol-de-rapatriement-des-tunisiens-au-niger-prevu-ce-dimanche\\\/207752\\\/#breadcrumb\",\"itemListElement\":[{\"@type\":\"ListItem\",\"position\":1,\"name\":\"Accueil\",\"item\":\"https:\\\/\\\/www.webdo.tn\\\/fr\\\/\"},{\"@type\":\"ListItem\",\"position\":2,\"name\":\"Un vol de rapatriement des tunisiens au Niger pr\u00e9vu ce dimanche\"}]},{\"@type\":\"WebSite\",\"@id\":\"https:\\\/\\\/www.webdo.tn\\\/fr\\\/#website\",\"url\":\"https:\\\/\\\/www.webdo.tn\\\/fr\\\/\",\"name\":\"webdo\",\"description\":\"Tunisie - News en Tunisie et \u00e0 l&#039;international sur Webdo.tn\",\"publisher\":{\"@id\":\"https:\\\/\\\/www.webdo.tn\\\/fr\\\/#organization\"},\"potentialAction\":[{\"@type\":\"SearchAction\",\"target\":{\"@type\":\"EntryPoint\",\"urlTemplate\":\"https:\\\/\\\/www.webdo.tn\\\/fr\\\/?s={search_term_string}\"},\"query-input\":{\"@type\":\"PropertyValueSpecification\",\"valueRequired\":true,\"valueName\":\"search_term_string\"}}],\"inLanguage\":\"fr-FR\"},{\"@type\":\"Organization\",\"@id\":\"https:\\\/\\\/www.webdo.tn\\\/fr\\\/#organization\",\"name\":\"Webdo\",\"alternateName\":\"Webdo.tn\",\"url\":\"https:\\\/\\\/www.webdo.tn\\\/fr\\\/\",\"logo\":{\"@type\":\"ImageObject\",\"inLanguage\":\"fr-FR\",\"@id\":\"https:\\\/\\\/www.webdo.tn\\\/fr\\\/#\\\/schema\\\/logo\\\/image\\\/\",\"url\":\"https:\\\/\\\/www.webdo.tn\\\/fr\\\/wp-content\\\/uploads\\\/2025\\\/06\\\/Webdo-Tunisie_168377.jpg\",\"contentUrl\":\"https:\\\/\\\/www.webdo.tn\\\/fr\\\/wp-content\\\/uploads\\\/2025\\\/06\\\/Webdo-Tunisie_168377.jpg\",\"width\":301,\"height\":301,\"caption\":\"Webdo\"},\"image\":{\"@id\":\"https:\\\/\\\/www.webdo.tn\\\/fr\\\/#\\\/schema\\\/logo\\\/image\\\/\"},\"sameAs\":[\"https:\\\/\\\/www.facebook.com\\\/webdotn\",\"https:\\\/\\\/x.com\\\/webdo_tn\"],\"description\":\"Webdo est un m\u00e9dia num\u00e9rique tunisien fond\u00e9 en 2010, sp\u00e9cialis\u00e9 dans l\u2019actualit\u00e9 nationale et internationale, l\u2019\u00e9conomie, la soci\u00e9t\u00e9 et les analyses politiques. Le site s\u2019adresse \u00e0 un large public francophone et couvre l\u2019information tunisienne en temps r\u00e9el.\",\"email\":\"redac@webdo.tn\",\"legalName\":\"YNJ SARL\",\"foundingDate\":\"2010-09-06\",\"numberOfEmployees\":{\"@type\":\"QuantitativeValue\",\"minValue\":\"11\",\"maxValue\":\"50\"}},{\"@type\":\"Person\",\"@id\":\"https:\\\/\\\/www.webdo.tn\\\/fr\\\/#\\\/schema\\\/person\\\/f35b42a42c5e2511bbd282959d6385cc\",\"name\":\"CL\",\"image\":{\"@type\":\"ImageObject\",\"inLanguage\":\"fr-FR\",\"@id\":\"https:\\\/\\\/secure.gravatar.com\\\/avatar\\\/1447a49909b67aa657c488aec6512e1dd6143a480c1ecfee9b5b5cd74eb3b59e?s=96&d=mm&r=g\",\"url\":\"https:\\\/\\\/secure.gravatar.com\\\/avatar\\\/1447a49909b67aa657c488aec6512e1dd6143a480c1ecfee9b5b5cd74eb3b59e?s=96&d=mm&r=g\",\"contentUrl\":\"https:\\\/\\\/secure.gravatar.com\\\/avatar\\\/1447a49909b67aa657c488aec6512e1dd6143a480c1ecfee9b5b5cd74eb3b59e?s=96&d=mm&r=g\",\"caption\":\"CL\"},\"url\":\"https:\\\/\\\/www.webdo.tn\\\/fr\\\/actualite\\\/author\\\/cl\\\/\"}]}<\/script>\n<!-- \/ Yoast SEO Premium plugin. -->","yoast_head_json":{"title":"Un vol de rapatriement des tunisiens au Niger pr\u00e9vu ce dimanche","description":"Dans un communiqu\u00e9 rendu public, le minist\u00e8re des Affaires \u00e9trang\u00e8res, de la Migration et des Tunisiens \u00e0 l'\u00e9tranger a annonc\u00e9 que la compagnie a\u00e9rienne nationa...","canonical":"https:\/\/www.webdo.tn\/fr\/actualite\/national\/un-vol-de-rapatriement-des-tunisiens-au-niger-prevu-ce-dimanche\/207752\/","og_locale":"fr_FR","og_type":"article","og_title":"Un vol de rapatriement des tunisiens au Niger pr\u00e9vu ce dimanche","og_description":"Dans un communiqu\u00e9 rendu public, le minist\u00e8re des Affaires \u00e9trang\u00e8res, de la Migration et des Tunisiens \u00e0 l'\u00e9tranger a annonc\u00e9 que la compagnie a\u00e9rienne nationa...","og_url":"https:\/\/www.webdo.tn\/fr\/actualite\/national\/un-vol-de-rapatriement-des-tunisiens-au-niger-prevu-ce-dimanche\/207752\/","og_site_name":"webdo","article_publisher":"https:\/\/www.facebook.com\/webdotn","article_published_time":"2023-08-06T11:11:00+00:00","article_modified_time":"2025-05-20T22:41:58+00:00","og_image":[{"width":750,"height":400,"url":"https:\/\/www.webdo.tn\/fr\/wp-content\/uploads\/2023\/08\/aa9e60d6c3dbe2fd12509621d9185c23.jpg","type":"image\/jpeg"}],"author":"CL","twitter_card":"summary_large_image","twitter_creator":"@webdo_tn","twitter_site":"@webdo_tn","twitter_misc":{"\u00c9crit par":"CL","Dur\u00e9e de lecture estim\u00e9e":"1 minute"},"schema":{"@context":"https:\/\/schema.org","@graph":[{"@type":"NewsArticle","@id":"https:\/\/www.webdo.tn\/fr\/actualite\/national\/un-vol-de-rapatriement-des-tunisiens-au-niger-prevu-ce-dimanche\/207752\/#article","isPartOf":{"@id":"https:\/\/www.webdo.tn\/fr\/actualite\/national\/un-vol-de-rapatriement-des-tunisiens-au-niger-prevu-ce-dimanche\/207752\/"},"author":{"name":"CL","@id":"https:\/\/www.webdo.tn\/fr\/#\/schema\/person\/f35b42a42c5e2511bbd282959d6385cc"},"headline":"Un vol de rapatriement des tunisiens au Niger pr\u00e9vu ce dimanche","datePublished":"2023-08-06T11:11:00+00:00","dateModified":"2025-05-20T22:41:58+00:00","mainEntityOfPage":{"@id":"https:\/\/www.webdo.tn\/fr\/actualite\/national\/un-vol-de-rapatriement-des-tunisiens-au-niger-prevu-ce-dimanche\/207752\/"},"wordCount":173,"commentCount":0,"publisher":{"@id":"https:\/\/www.webdo.tn\/fr\/#organization"},"image":{"@id":"https:\/\/www.webdo.tn\/fr\/actualite\/national\/un-vol-de-rapatriement-des-tunisiens-au-niger-prevu-ce-dimanche\/207752\/#primaryimage"},"thumbnailUrl":"https:\/\/www.webdo.tn\/fr\/wp-content\/uploads\/2023\/08\/aa9e60d6c3dbe2fd12509621d9185c23.jpg","keywords":["niger","rapatriement","Tunisie","Tunisiens"],"articleSection":["National"],"inLanguage":"fr-FR"},{"@type":"WebPage","@id":"https:\/\/www.webdo.tn\/fr\/actualite\/national\/un-vol-de-rapatriement-des-tunisiens-au-niger-prevu-ce-dimanche\/207752\/","url":"https:\/\/www.webdo.tn\/fr\/actualite\/national\/un-vol-de-rapatriement-des-tunisiens-au-niger-prevu-ce-dimanche\/207752\/","name":"Un vol de rapatriement des tunisiens au Niger pr\u00e9vu ce dimanche","isPartOf":{"@id":"https:\/\/www.webdo.tn\/fr\/#website"},"primaryImageOfPage":{"@id":"https:\/\/www.webdo.tn\/fr\/actualite\/national\/un-vol-de-rapatriement-des-tunisiens-au-niger-prevu-ce-dimanche\/207752\/#primaryimage"},"image":{"@id":"https:\/\/www.webdo.tn\/fr\/actualite\/national\/un-vol-de-rapatriement-des-tunisiens-au-niger-prevu-ce-dimanche\/207752\/#primaryimage"},"thumbnailUrl":"https:\/\/www.webdo.tn\/fr\/wp-content\/uploads\/2023\/08\/aa9e60d6c3dbe2fd12509621d9185c23.jpg","datePublished":"2023-08-06T11:11:00+00:00","dateModified":"2025-05-20T22:41:58+00:00","description":"Dans un communiqu\u00e9 rendu public, le minist\u00e8re des Affaires \u00e9trang\u00e8res, de la Migration et des Tunisiens \u00e0 l'\u00e9tranger a annonc\u00e9 que la compagnie a\u00e9rienne nationa...","breadcrumb":{"@id":"https:\/\/www.webdo.tn\/fr\/actualite\/national\/un-vol-de-rapatriement-des-tunisiens-au-niger-prevu-ce-dimanche\/207752\/#breadcrumb"},"inLanguage":"fr-FR","potentialAction":[{"@type":"ReadAction","target":["https:\/\/www.webdo.tn\/fr\/actualite\/national\/un-vol-de-rapatriement-des-tunisiens-au-niger-prevu-ce-dimanche\/207752\/"]}]},{"@type":"ImageObject","inLanguage":"fr-FR","@id":"https:\/\/www.webdo.tn\/fr\/actualite\/national\/un-vol-de-rapatriement-des-tunisiens-au-niger-prevu-ce-dimanche\/207752\/#primaryimage","url":"https:\/\/www.webdo.tn\/fr\/wp-content\/uploads\/2023\/08\/aa9e60d6c3dbe2fd12509621d9185c23.jpg","contentUrl":"https:\/\/www.webdo.tn\/fr\/wp-content\/uploads\/2023\/08\/aa9e60d6c3dbe2fd12509621d9185c23.jpg","width":750,"height":400,"caption":"Un vol de rapatriement des tunisiens au Niger pr\u00e9vu ce dimanche"},{"@type":"BreadcrumbList","@id":"https:\/\/www.webdo.tn\/fr\/actualite\/national\/un-vol-de-rapatriement-des-tunisiens-au-niger-prevu-ce-dimanche\/207752\/#breadcrumb","itemListElement":[{"@type":"ListItem","position":1,"name":"Accueil","item":"https:\/\/www.webdo.tn\/fr\/"},{"@type":"ListItem","position":2,"name":"Un vol de rapatriement des tunisiens au Niger pr\u00e9vu ce dimanche"}]},{"@type":"WebSite","@id":"https:\/\/www.webdo.tn\/fr\/#website","url":"https:\/\/www.webdo.tn\/fr\/","name":"webdo","description":"Tunisie - News en Tunisie et \u00e0 l&#039;international sur Webdo.tn","publisher":{"@id":"https:\/\/www.webdo.tn\/fr\/#organization"},"potentialAction":[{"@type":"SearchAction","target":{"@type":"EntryPoint","urlTemplate":"https:\/\/www.webdo.tn\/fr\/?s={search_term_string}"},"query-input":{"@type":"PropertyValueSpecification","valueRequired":true,"valueName":"search_term_string"}}],"inLanguage":"fr-FR"},{"@type":"Organization","@id":"https:\/\/www.webdo.tn\/fr\/#organization","name":"Webdo","alternateName":"Webdo.tn","url":"https:\/\/www.webdo.tn\/fr\/","logo":{"@type":"ImageObject","inLanguage":"fr-FR","@id":"https:\/\/www.webdo.tn\/fr\/#\/schema\/logo\/image\/","url":"https:\/\/www.webdo.tn\/fr\/wp-content\/uploads\/2025\/06\/Webdo-Tunisie_168377.jpg","contentUrl":"https:\/\/www.webdo.tn\/fr\/wp-content\/uploads\/2025\/06\/Webdo-Tunisie_168377.jpg","width":301,"height":301,"caption":"Webdo"},"image":{"@id":"https:\/\/www.webdo.tn\/fr\/#\/schema\/logo\/image\/"},"sameAs":["https:\/\/www.facebook.com\/webdotn","https:\/\/x.com\/webdo_tn"],"description":"Webdo est un m\u00e9dia num\u00e9rique tunisien fond\u00e9 en 2010, sp\u00e9cialis\u00e9 dans l\u2019actualit\u00e9 nationale et internationale, l\u2019\u00e9conomie, la soci\u00e9t\u00e9 et les analyses politiques. Le site s\u2019adresse \u00e0 un large public francophone et couvre l\u2019information tunisienne en temps r\u00e9el.","email":"redac@webdo.tn","legalName":"YNJ SARL","foundingDate":"2010-09-06","numberOfEmployees":{"@type":"QuantitativeValue","minValue":"11","maxValue":"50"}},{"@type":"Person","@id":"https:\/\/www.webdo.tn\/fr\/#\/schema\/person\/f35b42a42c5e2511bbd282959d6385cc","name":"CL","image":{"@type":"ImageObject","inLanguage":"fr-FR","@id":"https:\/\/secure.gravatar.com\/avatar\/1447a49909b67aa657c488aec6512e1dd6143a480c1ecfee9b5b5cd74eb3b59e?s=96&d=mm&r=g","url":"https:\/\/secure.gravatar.com\/avatar\/1447a49909b67aa657c488aec6512e1dd6143a480c1ecfee9b5b5cd74eb3b59e?s=96&d=mm&r=g","contentUrl":"https:\/\/secure.gravatar.com\/avatar\/1447a49909b67aa657c488aec6512e1dd6143a480c1ecfee9b5b5cd74eb3b59e?s=96&d=mm&r=g","caption":"CL"},"url":"https:\/\/www.webdo.tn\/fr\/actualite\/author\/cl\/"}]}},"_links":{"self":[{"href":"https:\/\/www.webdo.tn\/fr\/wp-json\/wp\/v2\/posts\/207752","targetHints":{"allow":["GET"]}}],"collection":[{"href":"https:\/\/www.webdo.tn\/fr\/wp-json\/wp\/v2\/posts"}],"about":[{"href":"https:\/\/www.webdo.tn\/fr\/wp-json\/wp\/v2\/types\/post"}],"author":[{"embeddable":true,"href":"https:\/\/www.webdo.tn\/fr\/wp-json\/wp\/v2\/users\/3175"}],"replies":[{"embeddable":true,"href":"https:\/\/www.webdo.tn\/fr\/wp-json\/wp\/v2\/comments?post=207752"}],"version-history":[{"count":0,"href":"https:\/\/www.webdo.tn\/fr\/wp-json\/wp\/v2\/posts\/207752\/revisions"}],"wp:featuredmedia":[{"embeddable":true,"href":"https:\/\/www.webdo.tn\/fr\/wp-json\/wp\/v2\/media\/249602"}],"wp:attachment":[{"href":"https:\/\/www.webdo.tn\/fr\/wp-json\/wp\/v2\/media?parent=207752"}],"wp:term":[{"taxonomy":"category","embeddable":true,"href":"https:\/\/www.webdo.tn\/fr\/wp-json\/wp\/v2\/categories?post=207752"},{"taxonomy":"post_tag","embeddable":true,"href":"https:\/\/www.webdo.tn\/fr\/wp-json\/wp\/v2\/tags?post=207752"}],"curies":[{"name":"wp","href":"https:\/\/api.w.org\/{rel}","templated":true}]}}