{"id":207749,"date":"2023-08-05T13:16:00","date_gmt":"2023-08-05T13:16:00","guid":{"rendered":"https:\/\/www.webdo.tn\/fr\/blog\/ligue-1-le-calendrier-des-journees\/207749\/"},"modified":"2025-05-20T21:57:57","modified_gmt":"2025-05-20T21:57:57","slug":"ligue-1-le-calendrier-des-journees","status":"publish","type":"post","link":"https:\/\/www.webdo.tn\/fr\/actualite\/sport\/ligue-1-le-calendrier-des-journees\/207749\/","title":{"rendered":"Ligue 1 : Le calendrier de la premi\u00e8re phase"},"content":{"rendered":"<p>La F\u00e9d\u00e9ration Tunisienne de Football a publi\u00e9 le calendrier des journ\u00e9es de la premi\u00e8re phase du Championnat de Ligue 1 pour la saison 2023-2024, qui d\u00e9bute le 19 ao\u00fbt prochain.<\/p>\n<p>\t\t\t\t\t\t\t\t\tIl s&rsquo;agit du calendrier des 14 journ\u00e9es de la premi\u00e8re phase du Championnat de Ligue 1.<\/p>\n<p>\t1\u00e8re Journ\u00e9e : 19-20 ao\u00fbt 2023<br \/>\n\tRattrapage 1\u00e8re Journ\u00e9e : mercredi 23 ao\u00fbt 2023<br \/>\n\t2\u00e8me Journ\u00e9e : 26-27 ao\u00fbt 2023<br \/>\n\tRattrapage 2\u00e8me Journ\u00e9e : 29-30 ao\u00fbt 2023<br \/>\n\t3\u00e8me Journ\u00e9e : 2-3 septembre 2023<br \/>\n\t4\u00e8me Journ\u00e9e : 16-17 septembre 2023<br \/>\n\tRattrapage 4\u00e8me Journ\u00e9e : 20-21 septembre 2023<br \/>\n\t5\u00e8me Journ\u00e9e : 23-24 septembre 2023<br \/>\n\t6\u00e8me Journ\u00e9e : 7-8 octobre 2023<br \/>\n\t7\u00e8me Journ\u00e9e : 21-22 octobre 2023<br \/>\n\t8\u00e8me Journ\u00e9e : 28-29 octobre 2023<br \/>\n\t9\u00e8me Journ\u00e9e : 4-5 novembre 2011<br \/>\n\t10\u00e8me Journ\u00e9e : 11-12 novembre 2023<br \/>\n\t11\u00e8me Journ\u00e9e : 25-26 novembre 2023<br \/>\n\tRattrapage 11\u00e8me Journ\u00e9e :12-13 d\u00e9cembre 2023<br \/>\n\t12\u00e8me Journ\u00e9e : 23-24 d\u00e9cembre 2023<br \/>\n\t13\u00e8me Journ\u00e9e : 27 d\u00e9cembre 2023<br \/>\n\t14\u00e8me Journ\u00e9e : 30-31 d\u00e9cembre 2023<\/p>\n<p>Ainsi, la premi\u00e8re phase du Championnat devrait \u00eatre boucl\u00e9e avant la fin de l&rsquo;ann\u00e9e alors le play-off devrait d\u00e9marrer le 17 f\u00e9vrier ; et le play-out, le 3 f\u00e9vrier 2024.<\/p>\n<p>Calendrier Ligue 1<\/p>\n<p>Groupe A<\/p>\n<p>\tJourn\u00e9e 1 : OB-ESS \/ USBG-CA \/ ASS-ST \/ EGSG Exempt<br \/>\n\tJourn\u00e9e 2 : ST-OB \/ ESS-USBG \/ CA-EGSG \/ ASS Exempt<br \/>\n\tJourn\u00e9e 3 : EGSG-ESS \/ USBG-ST \/ OB-ASS \/ CA Exempt<br \/>\n\tJourn\u00e9e 4 : ST-EGSG \/ ESS-CA \/ ASS-USBG \/ OB Exempt<br \/>\n\tJourn\u00e9e 5 : EGSG-ASS \/ USBG-OB \/ CA-ST \/ ESS Exempt<br \/>\n\tJourn\u00e9e 6 : OB-EGSG \/ ASS-CA \/ ST-ESS \/ USBG Exempt<br \/>\n\tJourn\u00e9e 7 : CA-OB \/ ESS-ASS \/ EGSG-USBG \/ ST Exempt<\/p>\n<p>Groupe B<\/p>\n<p>\tJourn\u00e9e 1 : EST-ASM \/ CSS-CAB \/ ESM-UST \/ USM Exempt<br \/>\n\tJourn\u00e9e 2 : UST-EST \/ ASM-CSS \/ CAB-USM \/ ESM Exempt<br \/>\n\tJourn\u00e9e 3 : USM-ASM \/ CSS-UST \/ EST-ESM \/ CAB Exempt<br \/>\n\tJourn\u00e9e 4 : UST-USM \/ ASM-CAB \/ ESM-CSS \/ EST Exempt<br \/>\n\tJourn\u00e9e 5 : USM-ESM \/ CSS-EST \/ CAB-UST \/ ASM Exempt<br \/>\n\tJourn\u00e9e 6 : EST-USM \/ ESM-CAB \/ UST-ASM \/ CSS Exempt<br \/>\n\tJourn\u00e9e 7 : CAB-EST \/ ASM-ESM \/ USM-CSS \/ UST Exempt<\/p>\n","protected":false},"excerpt":{"rendered":"<p>La F\u00e9d\u00e9ration Tunisienne de Football a publi\u00e9 le calendrier des journ\u00e9es de la premi\u00e8re phase du Championnat de Ligue 1 pour la saison 2023-2024, qui d\u00e9bute le&#8230;<\/p>\n","protected":false},"author":3162,"featured_media":249599,"comment_status":"open","ping_status":"closed","sticky":false,"template":"","format":"standard","meta":{"footnotes":""},"categories":[2593],"tags":[4507,2777,6243,3367],"class_list":["post-207749","post","type-post","status-publish","format-standard","has-post-thumbnail","hentry","category-sport","tag-calendrier","tag-ligue-1","tag-match","tag-programme"],"yoast_head":"<!-- This site is optimized with the Yoast SEO Premium plugin v27.4 (Yoast SEO v27.5) - https:\/\/yoast.com\/product\/yoast-seo-premium-wordpress\/ -->\n<title>Ligue 1 : Le calendrier de la premi\u00e8re phase<\/title>\n<meta name=\"description\" content=\"La F\u00e9d\u00e9ration Tunisienne de Football a publi\u00e9 le calendrier des journ\u00e9es de la premi\u00e8re phase du Championnat de Ligue 1 pour la saison 2023-2024, qui d\u00e9bute le...\" \/>\n<link rel=\"canonical\" href=\"https:\/\/www.webdo.tn\/fr\/actualite\/sport\/ligue-1-le-calendrier-des-journees\/207749\/\" \/>\n<meta property=\"og:locale\" content=\"fr_FR\" \/>\n<meta property=\"og:type\" content=\"article\" \/>\n<meta property=\"og:title\" content=\"Ligue 1 : Le calendrier de la premi\u00e8re phase\" \/>\n<meta property=\"og:description\" content=\"La F\u00e9d\u00e9ration Tunisienne de Football a publi\u00e9 le calendrier des journ\u00e9es de la premi\u00e8re phase du Championnat de Ligue 1 pour la saison 2023-2024, qui d\u00e9bute le...\" \/>\n<meta property=\"og:url\" content=\"https:\/\/www.webdo.tn\/fr\/actualite\/sport\/ligue-1-le-calendrier-des-journees\/207749\/\" \/>\n<meta property=\"og:site_name\" content=\"webdo\" \/>\n<meta property=\"article:publisher\" content=\"https:\/\/www.facebook.com\/webdotn\" \/>\n<meta property=\"article:published_time\" content=\"2023-08-05T13:16:00+00:00\" \/>\n<meta property=\"article:modified_time\" content=\"2025-05-20T21:57:57+00:00\" \/>\n<meta property=\"og:image\" content=\"https:\/\/www.webdo.tn\/fr\/wp-content\/uploads\/2023\/08\/968ad854b3bd239fb8a3acee7bf8f9e1.jpg\" \/>\n\t<meta property=\"og:image:width\" content=\"640\" \/>\n\t<meta property=\"og:image:height\" content=\"341\" \/>\n\t<meta property=\"og:image:type\" content=\"image\/jpeg\" \/>\n<meta name=\"author\" content=\"MC\" \/>\n<meta name=\"twitter:card\" content=\"summary_large_image\" \/>\n<meta name=\"twitter:creator\" content=\"@webdo_tn\" \/>\n<meta name=\"twitter:site\" content=\"@webdo_tn\" \/>\n<meta name=\"twitter:label1\" content=\"\u00c9crit par\" \/>\n\t<meta name=\"twitter:data1\" content=\"MC\" \/>\n\t<meta name=\"twitter:label2\" content=\"Dur\u00e9e de lecture estim\u00e9e\" \/>\n\t<meta name=\"twitter:data2\" content=\"1 minute\" \/>\n<script type=\"application\/ld+json\" class=\"yoast-schema-graph\">{\"@context\":\"https:\\\/\\\/schema.org\",\"@graph\":[{\"@type\":\"NewsArticle\",\"@id\":\"https:\\\/\\\/www.webdo.tn\\\/fr\\\/actualite\\\/sport\\\/ligue-1-le-calendrier-des-journees\\\/207749\\\/#article\",\"isPartOf\":{\"@id\":\"https:\\\/\\\/www.webdo.tn\\\/fr\\\/actualite\\\/sport\\\/ligue-1-le-calendrier-des-journees\\\/207749\\\/\"},\"author\":{\"name\":\"MC\",\"@id\":\"https:\\\/\\\/www.webdo.tn\\\/fr\\\/#\\\/schema\\\/person\\\/2c4929cbf5a809e3bd38617c6ce150f6\"},\"headline\":\"Ligue 1 : Le calendrier de la premi\u00e8re phase\",\"datePublished\":\"2023-08-05T13:16:00+00:00\",\"dateModified\":\"2025-05-20T21:57:57+00:00\",\"mainEntityOfPage\":{\"@id\":\"https:\\\/\\\/www.webdo.tn\\\/fr\\\/actualite\\\/sport\\\/ligue-1-le-calendrier-des-journees\\\/207749\\\/\"},\"wordCount\":297,\"commentCount\":0,\"publisher\":{\"@id\":\"https:\\\/\\\/www.webdo.tn\\\/fr\\\/#organization\"},\"image\":{\"@id\":\"https:\\\/\\\/www.webdo.tn\\\/fr\\\/actualite\\\/sport\\\/ligue-1-le-calendrier-des-journees\\\/207749\\\/#primaryimage\"},\"thumbnailUrl\":\"https:\\\/\\\/www.webdo.tn\\\/fr\\\/wp-content\\\/uploads\\\/2023\\\/08\\\/968ad854b3bd239fb8a3acee7bf8f9e1.jpg\",\"keywords\":[\"calendrier\",\"Ligue 1\",\"match\",\"Programme\"],\"articleSection\":[\"Sport\"],\"inLanguage\":\"fr-FR\"},{\"@type\":\"WebPage\",\"@id\":\"https:\\\/\\\/www.webdo.tn\\\/fr\\\/actualite\\\/sport\\\/ligue-1-le-calendrier-des-journees\\\/207749\\\/\",\"url\":\"https:\\\/\\\/www.webdo.tn\\\/fr\\\/actualite\\\/sport\\\/ligue-1-le-calendrier-des-journees\\\/207749\\\/\",\"name\":\"Ligue 1 : Le calendrier de la premi\u00e8re phase\",\"isPartOf\":{\"@id\":\"https:\\\/\\\/www.webdo.tn\\\/fr\\\/#website\"},\"primaryImageOfPage\":{\"@id\":\"https:\\\/\\\/www.webdo.tn\\\/fr\\\/actualite\\\/sport\\\/ligue-1-le-calendrier-des-journees\\\/207749\\\/#primaryimage\"},\"image\":{\"@id\":\"https:\\\/\\\/www.webdo.tn\\\/fr\\\/actualite\\\/sport\\\/ligue-1-le-calendrier-des-journees\\\/207749\\\/#primaryimage\"},\"thumbnailUrl\":\"https:\\\/\\\/www.webdo.tn\\\/fr\\\/wp-content\\\/uploads\\\/2023\\\/08\\\/968ad854b3bd239fb8a3acee7bf8f9e1.jpg\",\"datePublished\":\"2023-08-05T13:16:00+00:00\",\"dateModified\":\"2025-05-20T21:57:57+00:00\",\"description\":\"La F\u00e9d\u00e9ration Tunisienne de Football a publi\u00e9 le calendrier des journ\u00e9es de la premi\u00e8re phase du Championnat de Ligue 1 pour la saison 2023-2024, qui d\u00e9bute le...\",\"breadcrumb\":{\"@id\":\"https:\\\/\\\/www.webdo.tn\\\/fr\\\/actualite\\\/sport\\\/ligue-1-le-calendrier-des-journees\\\/207749\\\/#breadcrumb\"},\"inLanguage\":\"fr-FR\",\"potentialAction\":[{\"@type\":\"ReadAction\",\"target\":[\"https:\\\/\\\/www.webdo.tn\\\/fr\\\/actualite\\\/sport\\\/ligue-1-le-calendrier-des-journees\\\/207749\\\/\"]}]},{\"@type\":\"ImageObject\",\"inLanguage\":\"fr-FR\",\"@id\":\"https:\\\/\\\/www.webdo.tn\\\/fr\\\/actualite\\\/sport\\\/ligue-1-le-calendrier-des-journees\\\/207749\\\/#primaryimage\",\"url\":\"https:\\\/\\\/www.webdo.tn\\\/fr\\\/wp-content\\\/uploads\\\/2023\\\/08\\\/968ad854b3bd239fb8a3acee7bf8f9e1.jpg\",\"contentUrl\":\"https:\\\/\\\/www.webdo.tn\\\/fr\\\/wp-content\\\/uploads\\\/2023\\\/08\\\/968ad854b3bd239fb8a3acee7bf8f9e1.jpg\",\"width\":640,\"height\":341,\"caption\":\"Ligue 1 : Le calendrier de la premi\u00e8re phase\"},{\"@type\":\"BreadcrumbList\",\"@id\":\"https:\\\/\\\/www.webdo.tn\\\/fr\\\/actualite\\\/sport\\\/ligue-1-le-calendrier-des-journees\\\/207749\\\/#breadcrumb\",\"itemListElement\":[{\"@type\":\"ListItem\",\"position\":1,\"name\":\"Accueil\",\"item\":\"https:\\\/\\\/www.webdo.tn\\\/fr\\\/\"},{\"@type\":\"ListItem\",\"position\":2,\"name\":\"Ligue 1 : Le calendrier de la premi\u00e8re phase\"}]},{\"@type\":\"WebSite\",\"@id\":\"https:\\\/\\\/www.webdo.tn\\\/fr\\\/#website\",\"url\":\"https:\\\/\\\/www.webdo.tn\\\/fr\\\/\",\"name\":\"webdo\",\"description\":\"Tunisie - News en Tunisie et \u00e0 l&#039;international sur Webdo.tn\",\"publisher\":{\"@id\":\"https:\\\/\\\/www.webdo.tn\\\/fr\\\/#organization\"},\"potentialAction\":[{\"@type\":\"SearchAction\",\"target\":{\"@type\":\"EntryPoint\",\"urlTemplate\":\"https:\\\/\\\/www.webdo.tn\\\/fr\\\/?s={search_term_string}\"},\"query-input\":{\"@type\":\"PropertyValueSpecification\",\"valueRequired\":true,\"valueName\":\"search_term_string\"}}],\"inLanguage\":\"fr-FR\"},{\"@type\":\"Organization\",\"@id\":\"https:\\\/\\\/www.webdo.tn\\\/fr\\\/#organization\",\"name\":\"Webdo\",\"alternateName\":\"Webdo.tn\",\"url\":\"https:\\\/\\\/www.webdo.tn\\\/fr\\\/\",\"logo\":{\"@type\":\"ImageObject\",\"inLanguage\":\"fr-FR\",\"@id\":\"https:\\\/\\\/www.webdo.tn\\\/fr\\\/#\\\/schema\\\/logo\\\/image\\\/\",\"url\":\"https:\\\/\\\/www.webdo.tn\\\/fr\\\/wp-content\\\/uploads\\\/2025\\\/06\\\/Webdo-Tunisie_168377.jpg\",\"contentUrl\":\"https:\\\/\\\/www.webdo.tn\\\/fr\\\/wp-content\\\/uploads\\\/2025\\\/06\\\/Webdo-Tunisie_168377.jpg\",\"width\":301,\"height\":301,\"caption\":\"Webdo\"},\"image\":{\"@id\":\"https:\\\/\\\/www.webdo.tn\\\/fr\\\/#\\\/schema\\\/logo\\\/image\\\/\"},\"sameAs\":[\"https:\\\/\\\/www.facebook.com\\\/webdotn\",\"https:\\\/\\\/x.com\\\/webdo_tn\"],\"description\":\"Webdo est un m\u00e9dia num\u00e9rique tunisien fond\u00e9 en 2010, sp\u00e9cialis\u00e9 dans l\u2019actualit\u00e9 nationale et internationale, l\u2019\u00e9conomie, la soci\u00e9t\u00e9 et les analyses politiques. Le site s\u2019adresse \u00e0 un large public francophone et couvre l\u2019information tunisienne en temps r\u00e9el.\",\"email\":\"redac@webdo.tn\",\"legalName\":\"YNJ SARL\",\"foundingDate\":\"2010-09-06\",\"numberOfEmployees\":{\"@type\":\"QuantitativeValue\",\"minValue\":\"11\",\"maxValue\":\"50\"}},{\"@type\":\"Person\",\"@id\":\"https:\\\/\\\/www.webdo.tn\\\/fr\\\/#\\\/schema\\\/person\\\/2c4929cbf5a809e3bd38617c6ce150f6\",\"name\":\"MC\",\"image\":{\"@type\":\"ImageObject\",\"inLanguage\":\"fr-FR\",\"@id\":\"https:\\\/\\\/secure.gravatar.com\\\/avatar\\\/a545bbb6f84efdd5553dbbc2895e3ca8f1d12c5215e00a041c9670b54aa9b18a?s=96&d=mm&r=g\",\"url\":\"https:\\\/\\\/secure.gravatar.com\\\/avatar\\\/a545bbb6f84efdd5553dbbc2895e3ca8f1d12c5215e00a041c9670b54aa9b18a?s=96&d=mm&r=g\",\"contentUrl\":\"https:\\\/\\\/secure.gravatar.com\\\/avatar\\\/a545bbb6f84efdd5553dbbc2895e3ca8f1d12c5215e00a041c9670b54aa9b18a?s=96&d=mm&r=g\",\"caption\":\"MC\"},\"url\":\"https:\\\/\\\/www.webdo.tn\\\/fr\\\/actualite\\\/author\\\/mc\\\/\"}]}<\/script>\n<!-- \/ Yoast SEO Premium plugin. -->","yoast_head_json":{"title":"Ligue 1 : Le calendrier de la premi\u00e8re phase","description":"La F\u00e9d\u00e9ration Tunisienne de Football a publi\u00e9 le calendrier des journ\u00e9es de la premi\u00e8re phase du Championnat de Ligue 1 pour la saison 2023-2024, qui d\u00e9bute le...","canonical":"https:\/\/www.webdo.tn\/fr\/actualite\/sport\/ligue-1-le-calendrier-des-journees\/207749\/","og_locale":"fr_FR","og_type":"article","og_title":"Ligue 1 : Le calendrier de la premi\u00e8re phase","og_description":"La F\u00e9d\u00e9ration Tunisienne de Football a publi\u00e9 le calendrier des journ\u00e9es de la premi\u00e8re phase du Championnat de Ligue 1 pour la saison 2023-2024, qui d\u00e9bute le...","og_url":"https:\/\/www.webdo.tn\/fr\/actualite\/sport\/ligue-1-le-calendrier-des-journees\/207749\/","og_site_name":"webdo","article_publisher":"https:\/\/www.facebook.com\/webdotn","article_published_time":"2023-08-05T13:16:00+00:00","article_modified_time":"2025-05-20T21:57:57+00:00","og_image":[{"width":640,"height":341,"url":"https:\/\/www.webdo.tn\/fr\/wp-content\/uploads\/2023\/08\/968ad854b3bd239fb8a3acee7bf8f9e1.jpg","type":"image\/jpeg"}],"author":"MC","twitter_card":"summary_large_image","twitter_creator":"@webdo_tn","twitter_site":"@webdo_tn","twitter_misc":{"\u00c9crit par":"MC","Dur\u00e9e de lecture estim\u00e9e":"1 minute"},"schema":{"@context":"https:\/\/schema.org","@graph":[{"@type":"NewsArticle","@id":"https:\/\/www.webdo.tn\/fr\/actualite\/sport\/ligue-1-le-calendrier-des-journees\/207749\/#article","isPartOf":{"@id":"https:\/\/www.webdo.tn\/fr\/actualite\/sport\/ligue-1-le-calendrier-des-journees\/207749\/"},"author":{"name":"MC","@id":"https:\/\/www.webdo.tn\/fr\/#\/schema\/person\/2c4929cbf5a809e3bd38617c6ce150f6"},"headline":"Ligue 1 : Le calendrier de la premi\u00e8re phase","datePublished":"2023-08-05T13:16:00+00:00","dateModified":"2025-05-20T21:57:57+00:00","mainEntityOfPage":{"@id":"https:\/\/www.webdo.tn\/fr\/actualite\/sport\/ligue-1-le-calendrier-des-journees\/207749\/"},"wordCount":297,"commentCount":0,"publisher":{"@id":"https:\/\/www.webdo.tn\/fr\/#organization"},"image":{"@id":"https:\/\/www.webdo.tn\/fr\/actualite\/sport\/ligue-1-le-calendrier-des-journees\/207749\/#primaryimage"},"thumbnailUrl":"https:\/\/www.webdo.tn\/fr\/wp-content\/uploads\/2023\/08\/968ad854b3bd239fb8a3acee7bf8f9e1.jpg","keywords":["calendrier","Ligue 1","match","Programme"],"articleSection":["Sport"],"inLanguage":"fr-FR"},{"@type":"WebPage","@id":"https:\/\/www.webdo.tn\/fr\/actualite\/sport\/ligue-1-le-calendrier-des-journees\/207749\/","url":"https:\/\/www.webdo.tn\/fr\/actualite\/sport\/ligue-1-le-calendrier-des-journees\/207749\/","name":"Ligue 1 : Le calendrier de la premi\u00e8re phase","isPartOf":{"@id":"https:\/\/www.webdo.tn\/fr\/#website"},"primaryImageOfPage":{"@id":"https:\/\/www.webdo.tn\/fr\/actualite\/sport\/ligue-1-le-calendrier-des-journees\/207749\/#primaryimage"},"image":{"@id":"https:\/\/www.webdo.tn\/fr\/actualite\/sport\/ligue-1-le-calendrier-des-journees\/207749\/#primaryimage"},"thumbnailUrl":"https:\/\/www.webdo.tn\/fr\/wp-content\/uploads\/2023\/08\/968ad854b3bd239fb8a3acee7bf8f9e1.jpg","datePublished":"2023-08-05T13:16:00+00:00","dateModified":"2025-05-20T21:57:57+00:00","description":"La F\u00e9d\u00e9ration Tunisienne de Football a publi\u00e9 le calendrier des journ\u00e9es de la premi\u00e8re phase du Championnat de Ligue 1 pour la saison 2023-2024, qui d\u00e9bute le...","breadcrumb":{"@id":"https:\/\/www.webdo.tn\/fr\/actualite\/sport\/ligue-1-le-calendrier-des-journees\/207749\/#breadcrumb"},"inLanguage":"fr-FR","potentialAction":[{"@type":"ReadAction","target":["https:\/\/www.webdo.tn\/fr\/actualite\/sport\/ligue-1-le-calendrier-des-journees\/207749\/"]}]},{"@type":"ImageObject","inLanguage":"fr-FR","@id":"https:\/\/www.webdo.tn\/fr\/actualite\/sport\/ligue-1-le-calendrier-des-journees\/207749\/#primaryimage","url":"https:\/\/www.webdo.tn\/fr\/wp-content\/uploads\/2023\/08\/968ad854b3bd239fb8a3acee7bf8f9e1.jpg","contentUrl":"https:\/\/www.webdo.tn\/fr\/wp-content\/uploads\/2023\/08\/968ad854b3bd239fb8a3acee7bf8f9e1.jpg","width":640,"height":341,"caption":"Ligue 1 : Le calendrier de la premi\u00e8re phase"},{"@type":"BreadcrumbList","@id":"https:\/\/www.webdo.tn\/fr\/actualite\/sport\/ligue-1-le-calendrier-des-journees\/207749\/#breadcrumb","itemListElement":[{"@type":"ListItem","position":1,"name":"Accueil","item":"https:\/\/www.webdo.tn\/fr\/"},{"@type":"ListItem","position":2,"name":"Ligue 1 : Le calendrier de la premi\u00e8re phase"}]},{"@type":"WebSite","@id":"https:\/\/www.webdo.tn\/fr\/#website","url":"https:\/\/www.webdo.tn\/fr\/","name":"webdo","description":"Tunisie - News en Tunisie et \u00e0 l&#039;international sur Webdo.tn","publisher":{"@id":"https:\/\/www.webdo.tn\/fr\/#organization"},"potentialAction":[{"@type":"SearchAction","target":{"@type":"EntryPoint","urlTemplate":"https:\/\/www.webdo.tn\/fr\/?s={search_term_string}"},"query-input":{"@type":"PropertyValueSpecification","valueRequired":true,"valueName":"search_term_string"}}],"inLanguage":"fr-FR"},{"@type":"Organization","@id":"https:\/\/www.webdo.tn\/fr\/#organization","name":"Webdo","alternateName":"Webdo.tn","url":"https:\/\/www.webdo.tn\/fr\/","logo":{"@type":"ImageObject","inLanguage":"fr-FR","@id":"https:\/\/www.webdo.tn\/fr\/#\/schema\/logo\/image\/","url":"https:\/\/www.webdo.tn\/fr\/wp-content\/uploads\/2025\/06\/Webdo-Tunisie_168377.jpg","contentUrl":"https:\/\/www.webdo.tn\/fr\/wp-content\/uploads\/2025\/06\/Webdo-Tunisie_168377.jpg","width":301,"height":301,"caption":"Webdo"},"image":{"@id":"https:\/\/www.webdo.tn\/fr\/#\/schema\/logo\/image\/"},"sameAs":["https:\/\/www.facebook.com\/webdotn","https:\/\/x.com\/webdo_tn"],"description":"Webdo est un m\u00e9dia num\u00e9rique tunisien fond\u00e9 en 2010, sp\u00e9cialis\u00e9 dans l\u2019actualit\u00e9 nationale et internationale, l\u2019\u00e9conomie, la soci\u00e9t\u00e9 et les analyses politiques. Le site s\u2019adresse \u00e0 un large public francophone et couvre l\u2019information tunisienne en temps r\u00e9el.","email":"redac@webdo.tn","legalName":"YNJ SARL","foundingDate":"2010-09-06","numberOfEmployees":{"@type":"QuantitativeValue","minValue":"11","maxValue":"50"}},{"@type":"Person","@id":"https:\/\/www.webdo.tn\/fr\/#\/schema\/person\/2c4929cbf5a809e3bd38617c6ce150f6","name":"MC","image":{"@type":"ImageObject","inLanguage":"fr-FR","@id":"https:\/\/secure.gravatar.com\/avatar\/a545bbb6f84efdd5553dbbc2895e3ca8f1d12c5215e00a041c9670b54aa9b18a?s=96&d=mm&r=g","url":"https:\/\/secure.gravatar.com\/avatar\/a545bbb6f84efdd5553dbbc2895e3ca8f1d12c5215e00a041c9670b54aa9b18a?s=96&d=mm&r=g","contentUrl":"https:\/\/secure.gravatar.com\/avatar\/a545bbb6f84efdd5553dbbc2895e3ca8f1d12c5215e00a041c9670b54aa9b18a?s=96&d=mm&r=g","caption":"MC"},"url":"https:\/\/www.webdo.tn\/fr\/actualite\/author\/mc\/"}]}},"_links":{"self":[{"href":"https:\/\/www.webdo.tn\/fr\/wp-json\/wp\/v2\/posts\/207749","targetHints":{"allow":["GET"]}}],"collection":[{"href":"https:\/\/www.webdo.tn\/fr\/wp-json\/wp\/v2\/posts"}],"about":[{"href":"https:\/\/www.webdo.tn\/fr\/wp-json\/wp\/v2\/types\/post"}],"author":[{"embeddable":true,"href":"https:\/\/www.webdo.tn\/fr\/wp-json\/wp\/v2\/users\/3162"}],"replies":[{"embeddable":true,"href":"https:\/\/www.webdo.tn\/fr\/wp-json\/wp\/v2\/comments?post=207749"}],"version-history":[{"count":0,"href":"https:\/\/www.webdo.tn\/fr\/wp-json\/wp\/v2\/posts\/207749\/revisions"}],"wp:featuredmedia":[{"embeddable":true,"href":"https:\/\/www.webdo.tn\/fr\/wp-json\/wp\/v2\/media\/249599"}],"wp:attachment":[{"href":"https:\/\/www.webdo.tn\/fr\/wp-json\/wp\/v2\/media?parent=207749"}],"wp:term":[{"taxonomy":"category","embeddable":true,"href":"https:\/\/www.webdo.tn\/fr\/wp-json\/wp\/v2\/categories?post=207749"},{"taxonomy":"post_tag","embeddable":true,"href":"https:\/\/www.webdo.tn\/fr\/wp-json\/wp\/v2\/tags?post=207749"}],"curies":[{"name":"wp","href":"https:\/\/api.w.org\/{rel}","templated":true}]}}