{"id":207748,"date":"2023-08-05T11:26:00","date_gmt":"2023-08-05T11:26:00","guid":{"rendered":"https:\/\/www.webdo.tn\/fr\/blog\/le-snjt-le-president-saied-a-ne-plus-s-immiscer-dans-le-contenu-des-medias\/207748\/"},"modified":"2025-05-20T22:09:50","modified_gmt":"2025-05-20T22:09:50","slug":"le-snjt-le-president-saied-a-ne-plus-s-immiscer-dans-le-contenu-des-medias","status":"publish","type":"post","link":"https:\/\/www.webdo.tn\/fr\/actualite\/national\/le-snjt-le-president-saied-a-ne-plus-s-immiscer-dans-le-contenu-des-medias\/207748\/","title":{"rendered":"Le SNJT appelle Kais Saied \u00e0 ne plus s\u2019immiscer dans le contenu des m\u00e9dias"},"content":{"rendered":"<p>Dans un communiqu\u00e9 publi\u00e9, ce vendredi 4 ao\u00fbt 2023, le Syndicat national des journalistes tunisiens (SNJT) a appel\u00e9 le pr\u00e9sident Kais Saied \u00e0 ne plus intervenir et ne plus s\u2019immiscer dans le contenu des m\u00e9dias et \u00e0 respecter leur ind\u00e9pendance.<\/p>\n<p>\t\t\t\t\t\t\t\t\tLe SNJT appelle notamment le pr\u00e9sident de la r\u00e9publique \u00ab\u00a0\u00e0 appliquer la loi quant \u00e0 la nomination des responsables \u00e0 la t\u00eate des institutions m\u00e9diatiques publiques, \u00e0 respecter l\u2019ind\u00e9pendance des m\u00e9dias publics, confisqu\u00e9s et priv\u00e9s et \u00e0 s\u2019abstenir des nominations parachut\u00e9es\u00a0\u00bb, indique en substance le communiqu\u00e9.<\/p>\n<p>Le SNJT a soulign\u00e9 dans le m\u00eame communiqu\u00e9, que les m\u00e9dias publics doivent jouer leur r\u00f4le premier de service public au service de l\u2019Etat et de la soci\u00e9t\u00e9 et exprimer les revendications du peuple et ses pr\u00e9occupations en toute neutralit\u00e9 et objectivit\u00e9 en \u00e9vitant d\u2019\u00eatre un outil de propagande pour les autorit\u00e9s en place, quelles qu\u2019elles soient.<\/p>\n<p>Le syndicat a aussi appel\u00e9 toutes les structures professionnelles et instances de r\u00e9gulation \u00e0 rejeter publiquement ces pratiques et \u00e0 d\u00e9fendre le droit des femmes et des citoyennes \u00e0 des m\u00e9dias libres refl\u00e9tant les diff\u00e9rentes orientations politiques et intellectuelles et repr\u00e9sentant la diversit\u00e9 et le pluralisme de la soci\u00e9t\u00e9 tunisienne.<\/p>\n<p>Le SNJT a \u00e9galement rappel\u00e9 que ce sont les r\u00e9dactions et la Haute autorit\u00e9 ind\u00e9pendante de la communication audiovisuelle (HAICA) qui ont pour r\u00f4le de contr\u00f4ler et de surveiller le contenu des m\u00e9dias et non celui de l\u2019ex\u00e9cutif.<\/p>\n<p>Hier, le Chef de l\u2019Etat a re\u00e7u au Palais de Carthage Aouatef Daly, la pr\u00e9sidente directrice g\u00e9n\u00e9rale de la T\u00e9l\u00e9vision tunisienne. Lors de cet entretien, il a fustig\u00e9 la programmation de la t\u00e9l\u00e9vision nationale, critiquant plusieurs programmes, les bulletins d\u2019informations et l\u2019ordre donn\u00e9 \u00e0 la priorit\u00e9 des actualit\u00e9s, qui, selon lui, ne sont pas innocents.<\/p>\n<p>Kais Saied estime que la T\u00e9l\u00e9vision nationale sert du \u00ab\u00a0r\u00e9chauff\u00e9\u00a0\u00bb et donne pour exemple une \u00e9mission, qu&rsquo;il a regard\u00e9 par hasard la veille, intitul\u00e9 \u00ab\u00a0le bon vieux temps\u00a0\u00bb, o\u00f9 on y trouve des personnes, responsables de ce qu\u2019est devenue la situation du pays, des gens poursuivis par la justice. Des escrocs qui se sont transform\u00e9s en h\u00e9ros.<\/p>\n","protected":false},"excerpt":{"rendered":"<p>Dans un communiqu\u00e9 publi\u00e9, ce vendredi 4 ao\u00fbt 2023, le Syndicat national des journalistes tunisiens (SNJT) a appel\u00e9 le pr\u00e9sident Kais Saied \u00e0 ne plus intervenir&#8230;<\/p>\n","protected":false},"author":3162,"featured_media":278584,"comment_status":"open","ping_status":"closed","sticky":false,"template":"","format":"standard","meta":{"footnotes":""},"categories":[44],"tags":[7340,2614,2943],"class_list":["post-207748","post","type-post","status-publish","format-standard","has-post-thumbnail","hentry","category-national","tag-censure","tag-kais-saied","tag-medias"],"yoast_head":"<!-- This site is optimized with the Yoast SEO Premium plugin v27.5 (Yoast SEO v27.5) - https:\/\/yoast.com\/product\/yoast-seo-premium-wordpress\/ -->\n<title>Le SNJT appelle Kais Saied \u00e0 ne plus s\u2019immiscer dans le contenu des m\u00e9dias<\/title>\n<meta name=\"description\" content=\"Dans un communiqu\u00e9 publi\u00e9, ce vendredi 4 ao\u00fbt 2023, le Syndicat national des journalistes tunisiens (SNJT) a appel\u00e9 le pr\u00e9sident Kais Saied \u00e0 ne plus intervenir...\" \/>\n<link rel=\"canonical\" href=\"https:\/\/www.webdo.tn\/fr\/actualite\/national\/le-snjt-le-president-saied-a-ne-plus-s-immiscer-dans-le-contenu-des-medias\/207748\/\" \/>\n<meta property=\"og:locale\" content=\"fr_FR\" \/>\n<meta property=\"og:type\" content=\"article\" \/>\n<meta property=\"og:title\" content=\"Le SNJT appelle Kais Saied \u00e0 ne plus s\u2019immiscer dans le contenu des m\u00e9dias\" \/>\n<meta property=\"og:description\" content=\"Dans un communiqu\u00e9 publi\u00e9, ce vendredi 4 ao\u00fbt 2023, le Syndicat national des journalistes tunisiens (SNJT) a appel\u00e9 le pr\u00e9sident Kais Saied \u00e0 ne plus intervenir...\" \/>\n<meta property=\"og:url\" content=\"https:\/\/www.webdo.tn\/fr\/actualite\/national\/le-snjt-le-president-saied-a-ne-plus-s-immiscer-dans-le-contenu-des-medias\/207748\/\" \/>\n<meta property=\"og:site_name\" content=\"webdo\" \/>\n<meta property=\"article:publisher\" content=\"https:\/\/www.facebook.com\/webdotn\" \/>\n<meta property=\"article:published_time\" content=\"2023-08-05T11:26:00+00:00\" \/>\n<meta property=\"article:modified_time\" content=\"2025-05-20T22:09:50+00:00\" \/>\n<meta property=\"og:image\" content=\"https:\/\/www.webdo.tn\/fr\/wp-content\/uploads\/2023\/08\/c80cb6949f20df966ba99f588003aee6.jpg\" \/>\n\t<meta property=\"og:image:width\" content=\"750\" \/>\n\t<meta property=\"og:image:height\" content=\"400\" \/>\n\t<meta property=\"og:image:type\" content=\"image\/jpeg\" \/>\n<meta name=\"author\" content=\"MC\" \/>\n<meta name=\"twitter:card\" content=\"summary_large_image\" \/>\n<meta name=\"twitter:creator\" content=\"@webdo_tn\" \/>\n<meta name=\"twitter:site\" content=\"@webdo_tn\" \/>\n<meta name=\"twitter:label1\" content=\"\u00c9crit par\" \/>\n\t<meta name=\"twitter:data1\" content=\"MC\" \/>\n\t<meta name=\"twitter:label2\" content=\"Dur\u00e9e de lecture estim\u00e9e\" \/>\n\t<meta name=\"twitter:data2\" content=\"2 minutes\" \/>\n<script type=\"application\/ld+json\" class=\"yoast-schema-graph\">{\"@context\":\"https:\\\/\\\/schema.org\",\"@graph\":[{\"@type\":\"NewsArticle\",\"@id\":\"https:\\\/\\\/www.webdo.tn\\\/fr\\\/actualite\\\/national\\\/le-snjt-le-president-saied-a-ne-plus-s-immiscer-dans-le-contenu-des-medias\\\/207748\\\/#article\",\"isPartOf\":{\"@id\":\"https:\\\/\\\/www.webdo.tn\\\/fr\\\/actualite\\\/national\\\/le-snjt-le-president-saied-a-ne-plus-s-immiscer-dans-le-contenu-des-medias\\\/207748\\\/\"},\"author\":{\"name\":\"MC\",\"@id\":\"https:\\\/\\\/www.webdo.tn\\\/fr\\\/#\\\/schema\\\/person\\\/2c4929cbf5a809e3bd38617c6ce150f6\"},\"headline\":\"Le SNJT appelle Kais Saied \u00e0 ne plus s\u2019immiscer dans le contenu des m\u00e9dias\",\"datePublished\":\"2023-08-05T11:26:00+00:00\",\"dateModified\":\"2025-05-20T22:09:50+00:00\",\"mainEntityOfPage\":{\"@id\":\"https:\\\/\\\/www.webdo.tn\\\/fr\\\/actualite\\\/national\\\/le-snjt-le-president-saied-a-ne-plus-s-immiscer-dans-le-contenu-des-medias\\\/207748\\\/\"},\"wordCount\":403,\"commentCount\":0,\"publisher\":{\"@id\":\"https:\\\/\\\/www.webdo.tn\\\/fr\\\/#organization\"},\"image\":{\"@id\":\"https:\\\/\\\/www.webdo.tn\\\/fr\\\/actualite\\\/national\\\/le-snjt-le-president-saied-a-ne-plus-s-immiscer-dans-le-contenu-des-medias\\\/207748\\\/#primaryimage\"},\"thumbnailUrl\":\"https:\\\/\\\/www.webdo.tn\\\/fr\\\/wp-content\\\/uploads\\\/2023\\\/08\\\/c80cb6949f20df966ba99f588003aee6.jpg\",\"keywords\":[\"censure\",\"Kais Saied\",\"m\u00e9dias\"],\"articleSection\":[\"National\"],\"inLanguage\":\"fr-FR\"},{\"@type\":\"WebPage\",\"@id\":\"https:\\\/\\\/www.webdo.tn\\\/fr\\\/actualite\\\/national\\\/le-snjt-le-president-saied-a-ne-plus-s-immiscer-dans-le-contenu-des-medias\\\/207748\\\/\",\"url\":\"https:\\\/\\\/www.webdo.tn\\\/fr\\\/actualite\\\/national\\\/le-snjt-le-president-saied-a-ne-plus-s-immiscer-dans-le-contenu-des-medias\\\/207748\\\/\",\"name\":\"Le SNJT appelle Kais Saied \u00e0 ne plus s\u2019immiscer dans le contenu des m\u00e9dias\",\"isPartOf\":{\"@id\":\"https:\\\/\\\/www.webdo.tn\\\/fr\\\/#website\"},\"primaryImageOfPage\":{\"@id\":\"https:\\\/\\\/www.webdo.tn\\\/fr\\\/actualite\\\/national\\\/le-snjt-le-president-saied-a-ne-plus-s-immiscer-dans-le-contenu-des-medias\\\/207748\\\/#primaryimage\"},\"image\":{\"@id\":\"https:\\\/\\\/www.webdo.tn\\\/fr\\\/actualite\\\/national\\\/le-snjt-le-president-saied-a-ne-plus-s-immiscer-dans-le-contenu-des-medias\\\/207748\\\/#primaryimage\"},\"thumbnailUrl\":\"https:\\\/\\\/www.webdo.tn\\\/fr\\\/wp-content\\\/uploads\\\/2023\\\/08\\\/c80cb6949f20df966ba99f588003aee6.jpg\",\"datePublished\":\"2023-08-05T11:26:00+00:00\",\"dateModified\":\"2025-05-20T22:09:50+00:00\",\"description\":\"Dans un communiqu\u00e9 publi\u00e9, ce vendredi 4 ao\u00fbt 2023, le Syndicat national des journalistes tunisiens (SNJT) a appel\u00e9 le pr\u00e9sident Kais Saied \u00e0 ne plus intervenir...\",\"breadcrumb\":{\"@id\":\"https:\\\/\\\/www.webdo.tn\\\/fr\\\/actualite\\\/national\\\/le-snjt-le-president-saied-a-ne-plus-s-immiscer-dans-le-contenu-des-medias\\\/207748\\\/#breadcrumb\"},\"inLanguage\":\"fr-FR\",\"potentialAction\":[{\"@type\":\"ReadAction\",\"target\":[\"https:\\\/\\\/www.webdo.tn\\\/fr\\\/actualite\\\/national\\\/le-snjt-le-president-saied-a-ne-plus-s-immiscer-dans-le-contenu-des-medias\\\/207748\\\/\"]}]},{\"@type\":\"ImageObject\",\"inLanguage\":\"fr-FR\",\"@id\":\"https:\\\/\\\/www.webdo.tn\\\/fr\\\/actualite\\\/national\\\/le-snjt-le-president-saied-a-ne-plus-s-immiscer-dans-le-contenu-des-medias\\\/207748\\\/#primaryimage\",\"url\":\"https:\\\/\\\/www.webdo.tn\\\/fr\\\/wp-content\\\/uploads\\\/2023\\\/08\\\/c80cb6949f20df966ba99f588003aee6.jpg\",\"contentUrl\":\"https:\\\/\\\/www.webdo.tn\\\/fr\\\/wp-content\\\/uploads\\\/2023\\\/08\\\/c80cb6949f20df966ba99f588003aee6.jpg\",\"width\":750,\"height\":400,\"caption\":\"Aouatef Daly\"},{\"@type\":\"BreadcrumbList\",\"@id\":\"https:\\\/\\\/www.webdo.tn\\\/fr\\\/actualite\\\/national\\\/le-snjt-le-president-saied-a-ne-plus-s-immiscer-dans-le-contenu-des-medias\\\/207748\\\/#breadcrumb\",\"itemListElement\":[{\"@type\":\"ListItem\",\"position\":1,\"name\":\"Accueil\",\"item\":\"https:\\\/\\\/www.webdo.tn\\\/fr\\\/\"},{\"@type\":\"ListItem\",\"position\":2,\"name\":\"Le SNJT appelle Kais Saied \u00e0 ne plus s\u2019immiscer dans le contenu des m\u00e9dias\"}]},{\"@type\":\"WebSite\",\"@id\":\"https:\\\/\\\/www.webdo.tn\\\/fr\\\/#website\",\"url\":\"https:\\\/\\\/www.webdo.tn\\\/fr\\\/\",\"name\":\"webdo\",\"description\":\"Tunisie - News en Tunisie et \u00e0 l&#039;international sur Webdo.tn\",\"publisher\":{\"@id\":\"https:\\\/\\\/www.webdo.tn\\\/fr\\\/#organization\"},\"potentialAction\":[{\"@type\":\"SearchAction\",\"target\":{\"@type\":\"EntryPoint\",\"urlTemplate\":\"https:\\\/\\\/www.webdo.tn\\\/fr\\\/?s={search_term_string}\"},\"query-input\":{\"@type\":\"PropertyValueSpecification\",\"valueRequired\":true,\"valueName\":\"search_term_string\"}}],\"inLanguage\":\"fr-FR\"},{\"@type\":\"Organization\",\"@id\":\"https:\\\/\\\/www.webdo.tn\\\/fr\\\/#organization\",\"name\":\"Webdo\",\"alternateName\":\"Webdo.tn\",\"url\":\"https:\\\/\\\/www.webdo.tn\\\/fr\\\/\",\"logo\":{\"@type\":\"ImageObject\",\"inLanguage\":\"fr-FR\",\"@id\":\"https:\\\/\\\/www.webdo.tn\\\/fr\\\/#\\\/schema\\\/logo\\\/image\\\/\",\"url\":\"https:\\\/\\\/www.webdo.tn\\\/fr\\\/wp-content\\\/uploads\\\/2025\\\/06\\\/Webdo-Tunisie_168377.jpg\",\"contentUrl\":\"https:\\\/\\\/www.webdo.tn\\\/fr\\\/wp-content\\\/uploads\\\/2025\\\/06\\\/Webdo-Tunisie_168377.jpg\",\"width\":301,\"height\":301,\"caption\":\"Webdo\"},\"image\":{\"@id\":\"https:\\\/\\\/www.webdo.tn\\\/fr\\\/#\\\/schema\\\/logo\\\/image\\\/\"},\"sameAs\":[\"https:\\\/\\\/www.facebook.com\\\/webdotn\",\"https:\\\/\\\/x.com\\\/webdo_tn\"],\"description\":\"Webdo est un m\u00e9dia num\u00e9rique tunisien fond\u00e9 en 2010, sp\u00e9cialis\u00e9 dans l\u2019actualit\u00e9 nationale et internationale, l\u2019\u00e9conomie, la soci\u00e9t\u00e9 et les analyses politiques. Le site s\u2019adresse \u00e0 un large public francophone et couvre l\u2019information tunisienne en temps r\u00e9el.\",\"email\":\"redac@webdo.tn\",\"legalName\":\"YNJ SARL\",\"foundingDate\":\"2010-09-06\",\"numberOfEmployees\":{\"@type\":\"QuantitativeValue\",\"minValue\":\"11\",\"maxValue\":\"50\"}},{\"@type\":\"Person\",\"@id\":\"https:\\\/\\\/www.webdo.tn\\\/fr\\\/#\\\/schema\\\/person\\\/2c4929cbf5a809e3bd38617c6ce150f6\",\"name\":\"MC\",\"image\":{\"@type\":\"ImageObject\",\"inLanguage\":\"fr-FR\",\"@id\":\"https:\\\/\\\/secure.gravatar.com\\\/avatar\\\/a545bbb6f84efdd5553dbbc2895e3ca8f1d12c5215e00a041c9670b54aa9b18a?s=96&d=mm&r=g\",\"url\":\"https:\\\/\\\/secure.gravatar.com\\\/avatar\\\/a545bbb6f84efdd5553dbbc2895e3ca8f1d12c5215e00a041c9670b54aa9b18a?s=96&d=mm&r=g\",\"contentUrl\":\"https:\\\/\\\/secure.gravatar.com\\\/avatar\\\/a545bbb6f84efdd5553dbbc2895e3ca8f1d12c5215e00a041c9670b54aa9b18a?s=96&d=mm&r=g\",\"caption\":\"MC\"},\"url\":\"https:\\\/\\\/www.webdo.tn\\\/fr\\\/actualite\\\/author\\\/mc\\\/\"}]}<\/script>\n<!-- \/ Yoast SEO Premium plugin. -->","yoast_head_json":{"title":"Le SNJT appelle Kais Saied \u00e0 ne plus s\u2019immiscer dans le contenu des m\u00e9dias","description":"Dans un communiqu\u00e9 publi\u00e9, ce vendredi 4 ao\u00fbt 2023, le Syndicat national des journalistes tunisiens (SNJT) a appel\u00e9 le pr\u00e9sident Kais Saied \u00e0 ne plus intervenir...","canonical":"https:\/\/www.webdo.tn\/fr\/actualite\/national\/le-snjt-le-president-saied-a-ne-plus-s-immiscer-dans-le-contenu-des-medias\/207748\/","og_locale":"fr_FR","og_type":"article","og_title":"Le SNJT appelle Kais Saied \u00e0 ne plus s\u2019immiscer dans le contenu des m\u00e9dias","og_description":"Dans un communiqu\u00e9 publi\u00e9, ce vendredi 4 ao\u00fbt 2023, le Syndicat national des journalistes tunisiens (SNJT) a appel\u00e9 le pr\u00e9sident Kais Saied \u00e0 ne plus intervenir...","og_url":"https:\/\/www.webdo.tn\/fr\/actualite\/national\/le-snjt-le-president-saied-a-ne-plus-s-immiscer-dans-le-contenu-des-medias\/207748\/","og_site_name":"webdo","article_publisher":"https:\/\/www.facebook.com\/webdotn","article_published_time":"2023-08-05T11:26:00+00:00","article_modified_time":"2025-05-20T22:09:50+00:00","og_image":[{"width":750,"height":400,"url":"https:\/\/www.webdo.tn\/fr\/wp-content\/uploads\/2023\/08\/c80cb6949f20df966ba99f588003aee6.jpg","type":"image\/jpeg"}],"author":"MC","twitter_card":"summary_large_image","twitter_creator":"@webdo_tn","twitter_site":"@webdo_tn","twitter_misc":{"\u00c9crit par":"MC","Dur\u00e9e de lecture estim\u00e9e":"2 minutes"},"schema":{"@context":"https:\/\/schema.org","@graph":[{"@type":"NewsArticle","@id":"https:\/\/www.webdo.tn\/fr\/actualite\/national\/le-snjt-le-president-saied-a-ne-plus-s-immiscer-dans-le-contenu-des-medias\/207748\/#article","isPartOf":{"@id":"https:\/\/www.webdo.tn\/fr\/actualite\/national\/le-snjt-le-president-saied-a-ne-plus-s-immiscer-dans-le-contenu-des-medias\/207748\/"},"author":{"name":"MC","@id":"https:\/\/www.webdo.tn\/fr\/#\/schema\/person\/2c4929cbf5a809e3bd38617c6ce150f6"},"headline":"Le SNJT appelle Kais Saied \u00e0 ne plus s\u2019immiscer dans le contenu des m\u00e9dias","datePublished":"2023-08-05T11:26:00+00:00","dateModified":"2025-05-20T22:09:50+00:00","mainEntityOfPage":{"@id":"https:\/\/www.webdo.tn\/fr\/actualite\/national\/le-snjt-le-president-saied-a-ne-plus-s-immiscer-dans-le-contenu-des-medias\/207748\/"},"wordCount":403,"commentCount":0,"publisher":{"@id":"https:\/\/www.webdo.tn\/fr\/#organization"},"image":{"@id":"https:\/\/www.webdo.tn\/fr\/actualite\/national\/le-snjt-le-president-saied-a-ne-plus-s-immiscer-dans-le-contenu-des-medias\/207748\/#primaryimage"},"thumbnailUrl":"https:\/\/www.webdo.tn\/fr\/wp-content\/uploads\/2023\/08\/c80cb6949f20df966ba99f588003aee6.jpg","keywords":["censure","Kais Saied","m\u00e9dias"],"articleSection":["National"],"inLanguage":"fr-FR"},{"@type":"WebPage","@id":"https:\/\/www.webdo.tn\/fr\/actualite\/national\/le-snjt-le-president-saied-a-ne-plus-s-immiscer-dans-le-contenu-des-medias\/207748\/","url":"https:\/\/www.webdo.tn\/fr\/actualite\/national\/le-snjt-le-president-saied-a-ne-plus-s-immiscer-dans-le-contenu-des-medias\/207748\/","name":"Le SNJT appelle Kais Saied \u00e0 ne plus s\u2019immiscer dans le contenu des m\u00e9dias","isPartOf":{"@id":"https:\/\/www.webdo.tn\/fr\/#website"},"primaryImageOfPage":{"@id":"https:\/\/www.webdo.tn\/fr\/actualite\/national\/le-snjt-le-president-saied-a-ne-plus-s-immiscer-dans-le-contenu-des-medias\/207748\/#primaryimage"},"image":{"@id":"https:\/\/www.webdo.tn\/fr\/actualite\/national\/le-snjt-le-president-saied-a-ne-plus-s-immiscer-dans-le-contenu-des-medias\/207748\/#primaryimage"},"thumbnailUrl":"https:\/\/www.webdo.tn\/fr\/wp-content\/uploads\/2023\/08\/c80cb6949f20df966ba99f588003aee6.jpg","datePublished":"2023-08-05T11:26:00+00:00","dateModified":"2025-05-20T22:09:50+00:00","description":"Dans un communiqu\u00e9 publi\u00e9, ce vendredi 4 ao\u00fbt 2023, le Syndicat national des journalistes tunisiens (SNJT) a appel\u00e9 le pr\u00e9sident Kais Saied \u00e0 ne plus intervenir...","breadcrumb":{"@id":"https:\/\/www.webdo.tn\/fr\/actualite\/national\/le-snjt-le-president-saied-a-ne-plus-s-immiscer-dans-le-contenu-des-medias\/207748\/#breadcrumb"},"inLanguage":"fr-FR","potentialAction":[{"@type":"ReadAction","target":["https:\/\/www.webdo.tn\/fr\/actualite\/national\/le-snjt-le-president-saied-a-ne-plus-s-immiscer-dans-le-contenu-des-medias\/207748\/"]}]},{"@type":"ImageObject","inLanguage":"fr-FR","@id":"https:\/\/www.webdo.tn\/fr\/actualite\/national\/le-snjt-le-president-saied-a-ne-plus-s-immiscer-dans-le-contenu-des-medias\/207748\/#primaryimage","url":"https:\/\/www.webdo.tn\/fr\/wp-content\/uploads\/2023\/08\/c80cb6949f20df966ba99f588003aee6.jpg","contentUrl":"https:\/\/www.webdo.tn\/fr\/wp-content\/uploads\/2023\/08\/c80cb6949f20df966ba99f588003aee6.jpg","width":750,"height":400,"caption":"Aouatef Daly"},{"@type":"BreadcrumbList","@id":"https:\/\/www.webdo.tn\/fr\/actualite\/national\/le-snjt-le-president-saied-a-ne-plus-s-immiscer-dans-le-contenu-des-medias\/207748\/#breadcrumb","itemListElement":[{"@type":"ListItem","position":1,"name":"Accueil","item":"https:\/\/www.webdo.tn\/fr\/"},{"@type":"ListItem","position":2,"name":"Le SNJT appelle Kais Saied \u00e0 ne plus s\u2019immiscer dans le contenu des m\u00e9dias"}]},{"@type":"WebSite","@id":"https:\/\/www.webdo.tn\/fr\/#website","url":"https:\/\/www.webdo.tn\/fr\/","name":"webdo","description":"Tunisie - News en Tunisie et \u00e0 l&#039;international sur Webdo.tn","publisher":{"@id":"https:\/\/www.webdo.tn\/fr\/#organization"},"potentialAction":[{"@type":"SearchAction","target":{"@type":"EntryPoint","urlTemplate":"https:\/\/www.webdo.tn\/fr\/?s={search_term_string}"},"query-input":{"@type":"PropertyValueSpecification","valueRequired":true,"valueName":"search_term_string"}}],"inLanguage":"fr-FR"},{"@type":"Organization","@id":"https:\/\/www.webdo.tn\/fr\/#organization","name":"Webdo","alternateName":"Webdo.tn","url":"https:\/\/www.webdo.tn\/fr\/","logo":{"@type":"ImageObject","inLanguage":"fr-FR","@id":"https:\/\/www.webdo.tn\/fr\/#\/schema\/logo\/image\/","url":"https:\/\/www.webdo.tn\/fr\/wp-content\/uploads\/2025\/06\/Webdo-Tunisie_168377.jpg","contentUrl":"https:\/\/www.webdo.tn\/fr\/wp-content\/uploads\/2025\/06\/Webdo-Tunisie_168377.jpg","width":301,"height":301,"caption":"Webdo"},"image":{"@id":"https:\/\/www.webdo.tn\/fr\/#\/schema\/logo\/image\/"},"sameAs":["https:\/\/www.facebook.com\/webdotn","https:\/\/x.com\/webdo_tn"],"description":"Webdo est un m\u00e9dia num\u00e9rique tunisien fond\u00e9 en 2010, sp\u00e9cialis\u00e9 dans l\u2019actualit\u00e9 nationale et internationale, l\u2019\u00e9conomie, la soci\u00e9t\u00e9 et les analyses politiques. Le site s\u2019adresse \u00e0 un large public francophone et couvre l\u2019information tunisienne en temps r\u00e9el.","email":"redac@webdo.tn","legalName":"YNJ SARL","foundingDate":"2010-09-06","numberOfEmployees":{"@type":"QuantitativeValue","minValue":"11","maxValue":"50"}},{"@type":"Person","@id":"https:\/\/www.webdo.tn\/fr\/#\/schema\/person\/2c4929cbf5a809e3bd38617c6ce150f6","name":"MC","image":{"@type":"ImageObject","inLanguage":"fr-FR","@id":"https:\/\/secure.gravatar.com\/avatar\/a545bbb6f84efdd5553dbbc2895e3ca8f1d12c5215e00a041c9670b54aa9b18a?s=96&d=mm&r=g","url":"https:\/\/secure.gravatar.com\/avatar\/a545bbb6f84efdd5553dbbc2895e3ca8f1d12c5215e00a041c9670b54aa9b18a?s=96&d=mm&r=g","contentUrl":"https:\/\/secure.gravatar.com\/avatar\/a545bbb6f84efdd5553dbbc2895e3ca8f1d12c5215e00a041c9670b54aa9b18a?s=96&d=mm&r=g","caption":"MC"},"url":"https:\/\/www.webdo.tn\/fr\/actualite\/author\/mc\/"}]}},"_links":{"self":[{"href":"https:\/\/www.webdo.tn\/fr\/wp-json\/wp\/v2\/posts\/207748","targetHints":{"allow":["GET"]}}],"collection":[{"href":"https:\/\/www.webdo.tn\/fr\/wp-json\/wp\/v2\/posts"}],"about":[{"href":"https:\/\/www.webdo.tn\/fr\/wp-json\/wp\/v2\/types\/post"}],"author":[{"embeddable":true,"href":"https:\/\/www.webdo.tn\/fr\/wp-json\/wp\/v2\/users\/3162"}],"replies":[{"embeddable":true,"href":"https:\/\/www.webdo.tn\/fr\/wp-json\/wp\/v2\/comments?post=207748"}],"version-history":[{"count":0,"href":"https:\/\/www.webdo.tn\/fr\/wp-json\/wp\/v2\/posts\/207748\/revisions"}],"wp:featuredmedia":[{"embeddable":true,"href":"https:\/\/www.webdo.tn\/fr\/wp-json\/wp\/v2\/media\/278584"}],"wp:attachment":[{"href":"https:\/\/www.webdo.tn\/fr\/wp-json\/wp\/v2\/media?parent=207748"}],"wp:term":[{"taxonomy":"category","embeddable":true,"href":"https:\/\/www.webdo.tn\/fr\/wp-json\/wp\/v2\/categories?post=207748"},{"taxonomy":"post_tag","embeddable":true,"href":"https:\/\/www.webdo.tn\/fr\/wp-json\/wp\/v2\/tags?post=207748"}],"curies":[{"name":"wp","href":"https:\/\/api.w.org\/{rel}","templated":true}]}}