{"id":207747,"date":"2023-08-05T11:07:00","date_gmt":"2023-08-05T11:07:00","guid":{"rendered":"https:\/\/www.webdo.tn\/fr\/blog\/migrants-irreguliers-la-tunisie-denonce-une-campagne-de-desinformation-malveillante\/207747\/"},"modified":"2025-05-20T22:09:50","modified_gmt":"2025-05-20T22:09:50","slug":"migrants-irreguliers-la-tunisie-denonce-une-campagne-de-desinformation-malveillante","status":"publish","type":"post","link":"https:\/\/www.webdo.tn\/fr\/actualite\/national\/migrants-irreguliers-la-tunisie-denonce-une-campagne-de-desinformation-malveillante\/207747\/","title":{"rendered":"Migrants irr\u00e9guliers : La Tunisie d\u00e9nonce une campagne de d\u00e9sinformation malveillante"},"content":{"rendered":"<p>A la suite de certains rapports et d\u00e9clarations \u00e9manant d&rsquo;organisations internationales et de m\u00e9dias concernant la gestion par les autorit\u00e9s tunisiennes pour faire face \u00e0 l&rsquo;augmentation, sans pr\u00e9c\u00e9dent, des flux de migrants irr\u00e9guliers et de leur situation, le Minist\u00e8re des Affaires Etrang\u00e8res, de la Migration et des Tunisiens de l&rsquo;Etranger a publi\u00e9 un communiqu\u00e9 en date du 4 ao\u00fbt 2023.<\/p>\n<p>\t\t\t\t\t\t\t\t\tDans ce communiqu\u00e9, le D\u00e9partement des Affaires \u00e9trang\u00e8res \u00ab\u00a0condamne et renouvelle son rejet cat\u00e9gorique de cette campagne de d\u00e9sinformation malveillante et de propagation de rumeurs men\u00e9es par des parties connues qui enveniment ainsi la situation et ignorent \u00e0 dessin les efforts d\u00e9ploy\u00e9s par les autorit\u00e9s tunisiennes, visant \u00e0 assurer la protection, la s\u00e9curit\u00e9 et la prise en charge de ces immigr\u00e9s, tout en portant atteinte \u00e0 l&rsquo;image et aux int\u00e9r\u00eats de la Tunisie\u00a0\u00bb.<\/p>\n<p>\u00ab\u00a0La Tunisie continuera de prendre toutes les mesures l\u00e9gitimes n\u00e9cessaires pour prot\u00e9ger ses fronti\u00e8res terrestres et maritimes et pr\u00e9venir toute tentative de leur franchissement ill\u00e9gal. Elle r\u00e9affirme qu&rsquo;elle ne sera ni un pays de transit ni un pays d&rsquo;\u00e9tablissement au profit des migrants irr\u00e9guliers, tout en respectant toutes ses obligations internationales en mati\u00e8re de migration et de droit humanitaire, o\u00f9 elle n\u2019a de le\u00e7ons \u00e0 recevoir d\u2019aucune partie \u00e9trang\u00e8re, et ce, en continuant \u00e0 pr\u00e9venir tout acte abusif individuel qui pourrait survenir contre les migrants\u00a0\u00bb, ajoute le communiqu\u00e9.<\/p>\n<p>\u00ab\u00a0En coordination avec le Croissant-Rouge tunisien, les autorit\u00e9s tunisiennes n\u2019ont m\u00e9nag\u00e9 aucun effort pour subvenir aux besoins des migrants, en leur apportant les soins m\u00e9dicaux n\u00e9cessaires, pour leur permettre de rejoindre leur pays d&rsquo;origine.<\/p>\n<p>La Tunisie appelle les organisations onusiennes sp\u00e9cialis\u00e9es \u00e0 assumer pleinement leur r\u00f4le, celui de venir au secours de ces migrants, victimes et d\u2019assurer leurs besoins fondamentaux en r\u00e9ponse \u00e0 cet afflux migratoire sans pr\u00e9c\u00e9dent, au lieu de se limiter \u00e0 publier des communiqu\u00e9s exprimant \u00ab leur disposition \u00e0 apporter un soutien aux autorit\u00e9s tunisiennes pour trouver des solutions humaines \u00e0 la souffrance des migrants irr\u00e9guliers\u00a0\u00bb, ajoute le communiqu\u00e9.<\/p>\n<p>\u00ab\u00a0La Tunisie renouvelle son appel \u00e0 traiter la question de la migration irr\u00e9guli\u00e8re et ses d\u00e9fis dans le cadre d&rsquo;une approche collective et globale, sachant qu\u2019il s&rsquo;agit d&rsquo;un ph\u00e9nom\u00e8ne transnational. Elle appelle aussi \u00e0 \u00e9viter la d\u00e9sinformation, l\u2019alimentation des rumeurs et l\u2019exploitation de la situation de ces personnes d\u00e9plac\u00e9es, victimes des r\u00e9seaux du crime organis\u00e9 et de la traite des \u00eatres humains, \u00e0 des fins condamnables bien connues, et \u00e0 \u0153uvrer \u00e0 la mobilisation effective des efforts internationaux pour faire face aux organisations criminelles impliqu\u00e9es dans ce trafic inhumain\u00a0\u00bb.<\/p>\n","protected":false},"excerpt":{"rendered":"<p>A la suite de certains rapports et d\u00e9clarations \u00e9manant d&rsquo;organisations internationales et de m\u00e9dias concernant la gestion par les autorit\u00e9s tunisiennes pour fa&#8230;<\/p>\n","protected":false},"author":3162,"featured_media":278575,"comment_status":"open","ping_status":"closed","sticky":false,"template":"","format":"standard","meta":{"footnotes":""},"categories":[44],"tags":[8554,2894,2608],"class_list":["post-207747","post","type-post","status-publish","format-standard","has-post-thumbnail","hentry","category-national","tag-desinformation","tag-migrants","tag-tunisie"],"yoast_head":"<!-- This site is optimized with the Yoast SEO Premium plugin v27.4 (Yoast SEO v27.5) - https:\/\/yoast.com\/product\/yoast-seo-premium-wordpress\/ -->\n<title>Migrants irr\u00e9guliers : La Tunisie d\u00e9nonce une campagne de d\u00e9sinformation malveillante<\/title>\n<meta name=\"description\" content=\"A la suite de certains rapports et d\u00e9clarations \u00e9manant d&#039;organisations internationales et de m\u00e9dias concernant la gestion par les autorit\u00e9s tunisiennes pour fa...\" \/>\n<link rel=\"canonical\" href=\"https:\/\/www.webdo.tn\/fr\/actualite\/national\/migrants-irreguliers-la-tunisie-denonce-une-campagne-de-desinformation-malveillante\/207747\/\" \/>\n<meta property=\"og:locale\" content=\"fr_FR\" \/>\n<meta property=\"og:type\" content=\"article\" \/>\n<meta property=\"og:title\" content=\"Migrants irr\u00e9guliers : La Tunisie d\u00e9nonce une campagne de d\u00e9sinformation malveillante\" \/>\n<meta property=\"og:description\" content=\"A la suite de certains rapports et d\u00e9clarations \u00e9manant d&#039;organisations internationales et de m\u00e9dias concernant la gestion par les autorit\u00e9s tunisiennes pour fa...\" \/>\n<meta property=\"og:url\" content=\"https:\/\/www.webdo.tn\/fr\/actualite\/national\/migrants-irreguliers-la-tunisie-denonce-une-campagne-de-desinformation-malveillante\/207747\/\" \/>\n<meta property=\"og:site_name\" content=\"webdo\" \/>\n<meta property=\"article:publisher\" content=\"https:\/\/www.facebook.com\/webdotn\" \/>\n<meta property=\"article:published_time\" content=\"2023-08-05T11:07:00+00:00\" \/>\n<meta property=\"article:modified_time\" content=\"2025-05-20T22:09:50+00:00\" \/>\n<meta property=\"og:image\" content=\"https:\/\/www.webdo.tn\/fr\/wp-content\/uploads\/2023\/08\/80962e44296dc1b331dbef30c6f5c397.jpg\" \/>\n\t<meta property=\"og:image:width\" content=\"750\" \/>\n\t<meta property=\"og:image:height\" content=\"400\" \/>\n\t<meta property=\"og:image:type\" content=\"image\/jpeg\" \/>\n<meta name=\"author\" content=\"MC\" \/>\n<meta name=\"twitter:card\" content=\"summary_large_image\" \/>\n<meta name=\"twitter:creator\" content=\"@webdo_tn\" \/>\n<meta name=\"twitter:site\" content=\"@webdo_tn\" \/>\n<meta name=\"twitter:label1\" content=\"\u00c9crit par\" \/>\n\t<meta name=\"twitter:data1\" content=\"MC\" \/>\n\t<meta name=\"twitter:label2\" content=\"Dur\u00e9e de lecture estim\u00e9e\" \/>\n\t<meta name=\"twitter:data2\" content=\"2 minutes\" \/>\n<script type=\"application\/ld+json\" class=\"yoast-schema-graph\">{\"@context\":\"https:\\\/\\\/schema.org\",\"@graph\":[{\"@type\":\"NewsArticle\",\"@id\":\"https:\\\/\\\/www.webdo.tn\\\/fr\\\/actualite\\\/national\\\/migrants-irreguliers-la-tunisie-denonce-une-campagne-de-desinformation-malveillante\\\/207747\\\/#article\",\"isPartOf\":{\"@id\":\"https:\\\/\\\/www.webdo.tn\\\/fr\\\/actualite\\\/national\\\/migrants-irreguliers-la-tunisie-denonce-une-campagne-de-desinformation-malveillante\\\/207747\\\/\"},\"author\":{\"name\":\"MC\",\"@id\":\"https:\\\/\\\/www.webdo.tn\\\/fr\\\/#\\\/schema\\\/person\\\/2c4929cbf5a809e3bd38617c6ce150f6\"},\"headline\":\"Migrants irr\u00e9guliers : La Tunisie d\u00e9nonce une campagne de d\u00e9sinformation malveillante\",\"datePublished\":\"2023-08-05T11:07:00+00:00\",\"dateModified\":\"2025-05-20T22:09:50+00:00\",\"mainEntityOfPage\":{\"@id\":\"https:\\\/\\\/www.webdo.tn\\\/fr\\\/actualite\\\/national\\\/migrants-irreguliers-la-tunisie-denonce-une-campagne-de-desinformation-malveillante\\\/207747\\\/\"},\"wordCount\":479,\"commentCount\":0,\"publisher\":{\"@id\":\"https:\\\/\\\/www.webdo.tn\\\/fr\\\/#organization\"},\"image\":{\"@id\":\"https:\\\/\\\/www.webdo.tn\\\/fr\\\/actualite\\\/national\\\/migrants-irreguliers-la-tunisie-denonce-une-campagne-de-desinformation-malveillante\\\/207747\\\/#primaryimage\"},\"thumbnailUrl\":\"https:\\\/\\\/www.webdo.tn\\\/fr\\\/wp-content\\\/uploads\\\/2023\\\/08\\\/80962e44296dc1b331dbef30c6f5c397.jpg\",\"keywords\":[\"D\u00e9sinformation\",\"migrants\",\"Tunisie\"],\"articleSection\":[\"National\"],\"inLanguage\":\"fr-FR\"},{\"@type\":\"WebPage\",\"@id\":\"https:\\\/\\\/www.webdo.tn\\\/fr\\\/actualite\\\/national\\\/migrants-irreguliers-la-tunisie-denonce-une-campagne-de-desinformation-malveillante\\\/207747\\\/\",\"url\":\"https:\\\/\\\/www.webdo.tn\\\/fr\\\/actualite\\\/national\\\/migrants-irreguliers-la-tunisie-denonce-une-campagne-de-desinformation-malveillante\\\/207747\\\/\",\"name\":\"Migrants irr\u00e9guliers : La Tunisie d\u00e9nonce une campagne de d\u00e9sinformation malveillante\",\"isPartOf\":{\"@id\":\"https:\\\/\\\/www.webdo.tn\\\/fr\\\/#website\"},\"primaryImageOfPage\":{\"@id\":\"https:\\\/\\\/www.webdo.tn\\\/fr\\\/actualite\\\/national\\\/migrants-irreguliers-la-tunisie-denonce-une-campagne-de-desinformation-malveillante\\\/207747\\\/#primaryimage\"},\"image\":{\"@id\":\"https:\\\/\\\/www.webdo.tn\\\/fr\\\/actualite\\\/national\\\/migrants-irreguliers-la-tunisie-denonce-une-campagne-de-desinformation-malveillante\\\/207747\\\/#primaryimage\"},\"thumbnailUrl\":\"https:\\\/\\\/www.webdo.tn\\\/fr\\\/wp-content\\\/uploads\\\/2023\\\/08\\\/80962e44296dc1b331dbef30c6f5c397.jpg\",\"datePublished\":\"2023-08-05T11:07:00+00:00\",\"dateModified\":\"2025-05-20T22:09:50+00:00\",\"description\":\"A la suite de certains rapports et d\u00e9clarations \u00e9manant d'organisations internationales et de m\u00e9dias concernant la gestion par les autorit\u00e9s tunisiennes pour fa...\",\"breadcrumb\":{\"@id\":\"https:\\\/\\\/www.webdo.tn\\\/fr\\\/actualite\\\/national\\\/migrants-irreguliers-la-tunisie-denonce-une-campagne-de-desinformation-malveillante\\\/207747\\\/#breadcrumb\"},\"inLanguage\":\"fr-FR\",\"potentialAction\":[{\"@type\":\"ReadAction\",\"target\":[\"https:\\\/\\\/www.webdo.tn\\\/fr\\\/actualite\\\/national\\\/migrants-irreguliers-la-tunisie-denonce-une-campagne-de-desinformation-malveillante\\\/207747\\\/\"]}]},{\"@type\":\"ImageObject\",\"inLanguage\":\"fr-FR\",\"@id\":\"https:\\\/\\\/www.webdo.tn\\\/fr\\\/actualite\\\/national\\\/migrants-irreguliers-la-tunisie-denonce-une-campagne-de-desinformation-malveillante\\\/207747\\\/#primaryimage\",\"url\":\"https:\\\/\\\/www.webdo.tn\\\/fr\\\/wp-content\\\/uploads\\\/2023\\\/08\\\/80962e44296dc1b331dbef30c6f5c397.jpg\",\"contentUrl\":\"https:\\\/\\\/www.webdo.tn\\\/fr\\\/wp-content\\\/uploads\\\/2023\\\/08\\\/80962e44296dc1b331dbef30c6f5c397.jpg\",\"width\":750,\"height\":400,\"caption\":\"Migrants irr\u00e9guliers : La Tunisie d\u00e9nonce une campagne de d\u00e9sinformation malveillante\"},{\"@type\":\"BreadcrumbList\",\"@id\":\"https:\\\/\\\/www.webdo.tn\\\/fr\\\/actualite\\\/national\\\/migrants-irreguliers-la-tunisie-denonce-une-campagne-de-desinformation-malveillante\\\/207747\\\/#breadcrumb\",\"itemListElement\":[{\"@type\":\"ListItem\",\"position\":1,\"name\":\"Accueil\",\"item\":\"https:\\\/\\\/www.webdo.tn\\\/fr\\\/\"},{\"@type\":\"ListItem\",\"position\":2,\"name\":\"Migrants irr\u00e9guliers : La Tunisie d\u00e9nonce une campagne de d\u00e9sinformation malveillante\"}]},{\"@type\":\"WebSite\",\"@id\":\"https:\\\/\\\/www.webdo.tn\\\/fr\\\/#website\",\"url\":\"https:\\\/\\\/www.webdo.tn\\\/fr\\\/\",\"name\":\"webdo\",\"description\":\"Tunisie - News en Tunisie et \u00e0 l&#039;international sur Webdo.tn\",\"publisher\":{\"@id\":\"https:\\\/\\\/www.webdo.tn\\\/fr\\\/#organization\"},\"potentialAction\":[{\"@type\":\"SearchAction\",\"target\":{\"@type\":\"EntryPoint\",\"urlTemplate\":\"https:\\\/\\\/www.webdo.tn\\\/fr\\\/?s={search_term_string}\"},\"query-input\":{\"@type\":\"PropertyValueSpecification\",\"valueRequired\":true,\"valueName\":\"search_term_string\"}}],\"inLanguage\":\"fr-FR\"},{\"@type\":\"Organization\",\"@id\":\"https:\\\/\\\/www.webdo.tn\\\/fr\\\/#organization\",\"name\":\"Webdo\",\"alternateName\":\"Webdo.tn\",\"url\":\"https:\\\/\\\/www.webdo.tn\\\/fr\\\/\",\"logo\":{\"@type\":\"ImageObject\",\"inLanguage\":\"fr-FR\",\"@id\":\"https:\\\/\\\/www.webdo.tn\\\/fr\\\/#\\\/schema\\\/logo\\\/image\\\/\",\"url\":\"https:\\\/\\\/www.webdo.tn\\\/fr\\\/wp-content\\\/uploads\\\/2025\\\/06\\\/Webdo-Tunisie_168377.jpg\",\"contentUrl\":\"https:\\\/\\\/www.webdo.tn\\\/fr\\\/wp-content\\\/uploads\\\/2025\\\/06\\\/Webdo-Tunisie_168377.jpg\",\"width\":301,\"height\":301,\"caption\":\"Webdo\"},\"image\":{\"@id\":\"https:\\\/\\\/www.webdo.tn\\\/fr\\\/#\\\/schema\\\/logo\\\/image\\\/\"},\"sameAs\":[\"https:\\\/\\\/www.facebook.com\\\/webdotn\",\"https:\\\/\\\/x.com\\\/webdo_tn\"],\"description\":\"Webdo est un m\u00e9dia num\u00e9rique tunisien fond\u00e9 en 2010, sp\u00e9cialis\u00e9 dans l\u2019actualit\u00e9 nationale et internationale, l\u2019\u00e9conomie, la soci\u00e9t\u00e9 et les analyses politiques. Le site s\u2019adresse \u00e0 un large public francophone et couvre l\u2019information tunisienne en temps r\u00e9el.\",\"email\":\"redac@webdo.tn\",\"legalName\":\"YNJ SARL\",\"foundingDate\":\"2010-09-06\",\"numberOfEmployees\":{\"@type\":\"QuantitativeValue\",\"minValue\":\"11\",\"maxValue\":\"50\"}},{\"@type\":\"Person\",\"@id\":\"https:\\\/\\\/www.webdo.tn\\\/fr\\\/#\\\/schema\\\/person\\\/2c4929cbf5a809e3bd38617c6ce150f6\",\"name\":\"MC\",\"image\":{\"@type\":\"ImageObject\",\"inLanguage\":\"fr-FR\",\"@id\":\"https:\\\/\\\/secure.gravatar.com\\\/avatar\\\/a545bbb6f84efdd5553dbbc2895e3ca8f1d12c5215e00a041c9670b54aa9b18a?s=96&d=mm&r=g\",\"url\":\"https:\\\/\\\/secure.gravatar.com\\\/avatar\\\/a545bbb6f84efdd5553dbbc2895e3ca8f1d12c5215e00a041c9670b54aa9b18a?s=96&d=mm&r=g\",\"contentUrl\":\"https:\\\/\\\/secure.gravatar.com\\\/avatar\\\/a545bbb6f84efdd5553dbbc2895e3ca8f1d12c5215e00a041c9670b54aa9b18a?s=96&d=mm&r=g\",\"caption\":\"MC\"},\"url\":\"https:\\\/\\\/www.webdo.tn\\\/fr\\\/actualite\\\/author\\\/mc\\\/\"}]}<\/script>\n<!-- \/ Yoast SEO Premium plugin. -->","yoast_head_json":{"title":"Migrants irr\u00e9guliers : La Tunisie d\u00e9nonce une campagne de d\u00e9sinformation malveillante","description":"A la suite de certains rapports et d\u00e9clarations \u00e9manant d'organisations internationales et de m\u00e9dias concernant la gestion par les autorit\u00e9s tunisiennes pour fa...","canonical":"https:\/\/www.webdo.tn\/fr\/actualite\/national\/migrants-irreguliers-la-tunisie-denonce-une-campagne-de-desinformation-malveillante\/207747\/","og_locale":"fr_FR","og_type":"article","og_title":"Migrants irr\u00e9guliers : La Tunisie d\u00e9nonce une campagne de d\u00e9sinformation malveillante","og_description":"A la suite de certains rapports et d\u00e9clarations \u00e9manant d'organisations internationales et de m\u00e9dias concernant la gestion par les autorit\u00e9s tunisiennes pour fa...","og_url":"https:\/\/www.webdo.tn\/fr\/actualite\/national\/migrants-irreguliers-la-tunisie-denonce-une-campagne-de-desinformation-malveillante\/207747\/","og_site_name":"webdo","article_publisher":"https:\/\/www.facebook.com\/webdotn","article_published_time":"2023-08-05T11:07:00+00:00","article_modified_time":"2025-05-20T22:09:50+00:00","og_image":[{"width":750,"height":400,"url":"https:\/\/www.webdo.tn\/fr\/wp-content\/uploads\/2023\/08\/80962e44296dc1b331dbef30c6f5c397.jpg","type":"image\/jpeg"}],"author":"MC","twitter_card":"summary_large_image","twitter_creator":"@webdo_tn","twitter_site":"@webdo_tn","twitter_misc":{"\u00c9crit par":"MC","Dur\u00e9e de lecture estim\u00e9e":"2 minutes"},"schema":{"@context":"https:\/\/schema.org","@graph":[{"@type":"NewsArticle","@id":"https:\/\/www.webdo.tn\/fr\/actualite\/national\/migrants-irreguliers-la-tunisie-denonce-une-campagne-de-desinformation-malveillante\/207747\/#article","isPartOf":{"@id":"https:\/\/www.webdo.tn\/fr\/actualite\/national\/migrants-irreguliers-la-tunisie-denonce-une-campagne-de-desinformation-malveillante\/207747\/"},"author":{"name":"MC","@id":"https:\/\/www.webdo.tn\/fr\/#\/schema\/person\/2c4929cbf5a809e3bd38617c6ce150f6"},"headline":"Migrants irr\u00e9guliers : La Tunisie d\u00e9nonce une campagne de d\u00e9sinformation malveillante","datePublished":"2023-08-05T11:07:00+00:00","dateModified":"2025-05-20T22:09:50+00:00","mainEntityOfPage":{"@id":"https:\/\/www.webdo.tn\/fr\/actualite\/national\/migrants-irreguliers-la-tunisie-denonce-une-campagne-de-desinformation-malveillante\/207747\/"},"wordCount":479,"commentCount":0,"publisher":{"@id":"https:\/\/www.webdo.tn\/fr\/#organization"},"image":{"@id":"https:\/\/www.webdo.tn\/fr\/actualite\/national\/migrants-irreguliers-la-tunisie-denonce-une-campagne-de-desinformation-malveillante\/207747\/#primaryimage"},"thumbnailUrl":"https:\/\/www.webdo.tn\/fr\/wp-content\/uploads\/2023\/08\/80962e44296dc1b331dbef30c6f5c397.jpg","keywords":["D\u00e9sinformation","migrants","Tunisie"],"articleSection":["National"],"inLanguage":"fr-FR"},{"@type":"WebPage","@id":"https:\/\/www.webdo.tn\/fr\/actualite\/national\/migrants-irreguliers-la-tunisie-denonce-une-campagne-de-desinformation-malveillante\/207747\/","url":"https:\/\/www.webdo.tn\/fr\/actualite\/national\/migrants-irreguliers-la-tunisie-denonce-une-campagne-de-desinformation-malveillante\/207747\/","name":"Migrants irr\u00e9guliers : La Tunisie d\u00e9nonce une campagne de d\u00e9sinformation malveillante","isPartOf":{"@id":"https:\/\/www.webdo.tn\/fr\/#website"},"primaryImageOfPage":{"@id":"https:\/\/www.webdo.tn\/fr\/actualite\/national\/migrants-irreguliers-la-tunisie-denonce-une-campagne-de-desinformation-malveillante\/207747\/#primaryimage"},"image":{"@id":"https:\/\/www.webdo.tn\/fr\/actualite\/national\/migrants-irreguliers-la-tunisie-denonce-une-campagne-de-desinformation-malveillante\/207747\/#primaryimage"},"thumbnailUrl":"https:\/\/www.webdo.tn\/fr\/wp-content\/uploads\/2023\/08\/80962e44296dc1b331dbef30c6f5c397.jpg","datePublished":"2023-08-05T11:07:00+00:00","dateModified":"2025-05-20T22:09:50+00:00","description":"A la suite de certains rapports et d\u00e9clarations \u00e9manant d'organisations internationales et de m\u00e9dias concernant la gestion par les autorit\u00e9s tunisiennes pour fa...","breadcrumb":{"@id":"https:\/\/www.webdo.tn\/fr\/actualite\/national\/migrants-irreguliers-la-tunisie-denonce-une-campagne-de-desinformation-malveillante\/207747\/#breadcrumb"},"inLanguage":"fr-FR","potentialAction":[{"@type":"ReadAction","target":["https:\/\/www.webdo.tn\/fr\/actualite\/national\/migrants-irreguliers-la-tunisie-denonce-une-campagne-de-desinformation-malveillante\/207747\/"]}]},{"@type":"ImageObject","inLanguage":"fr-FR","@id":"https:\/\/www.webdo.tn\/fr\/actualite\/national\/migrants-irreguliers-la-tunisie-denonce-une-campagne-de-desinformation-malveillante\/207747\/#primaryimage","url":"https:\/\/www.webdo.tn\/fr\/wp-content\/uploads\/2023\/08\/80962e44296dc1b331dbef30c6f5c397.jpg","contentUrl":"https:\/\/www.webdo.tn\/fr\/wp-content\/uploads\/2023\/08\/80962e44296dc1b331dbef30c6f5c397.jpg","width":750,"height":400,"caption":"Migrants irr\u00e9guliers : La Tunisie d\u00e9nonce une campagne de d\u00e9sinformation malveillante"},{"@type":"BreadcrumbList","@id":"https:\/\/www.webdo.tn\/fr\/actualite\/national\/migrants-irreguliers-la-tunisie-denonce-une-campagne-de-desinformation-malveillante\/207747\/#breadcrumb","itemListElement":[{"@type":"ListItem","position":1,"name":"Accueil","item":"https:\/\/www.webdo.tn\/fr\/"},{"@type":"ListItem","position":2,"name":"Migrants irr\u00e9guliers : La Tunisie d\u00e9nonce une campagne de d\u00e9sinformation malveillante"}]},{"@type":"WebSite","@id":"https:\/\/www.webdo.tn\/fr\/#website","url":"https:\/\/www.webdo.tn\/fr\/","name":"webdo","description":"Tunisie - News en Tunisie et \u00e0 l&#039;international sur Webdo.tn","publisher":{"@id":"https:\/\/www.webdo.tn\/fr\/#organization"},"potentialAction":[{"@type":"SearchAction","target":{"@type":"EntryPoint","urlTemplate":"https:\/\/www.webdo.tn\/fr\/?s={search_term_string}"},"query-input":{"@type":"PropertyValueSpecification","valueRequired":true,"valueName":"search_term_string"}}],"inLanguage":"fr-FR"},{"@type":"Organization","@id":"https:\/\/www.webdo.tn\/fr\/#organization","name":"Webdo","alternateName":"Webdo.tn","url":"https:\/\/www.webdo.tn\/fr\/","logo":{"@type":"ImageObject","inLanguage":"fr-FR","@id":"https:\/\/www.webdo.tn\/fr\/#\/schema\/logo\/image\/","url":"https:\/\/www.webdo.tn\/fr\/wp-content\/uploads\/2025\/06\/Webdo-Tunisie_168377.jpg","contentUrl":"https:\/\/www.webdo.tn\/fr\/wp-content\/uploads\/2025\/06\/Webdo-Tunisie_168377.jpg","width":301,"height":301,"caption":"Webdo"},"image":{"@id":"https:\/\/www.webdo.tn\/fr\/#\/schema\/logo\/image\/"},"sameAs":["https:\/\/www.facebook.com\/webdotn","https:\/\/x.com\/webdo_tn"],"description":"Webdo est un m\u00e9dia num\u00e9rique tunisien fond\u00e9 en 2010, sp\u00e9cialis\u00e9 dans l\u2019actualit\u00e9 nationale et internationale, l\u2019\u00e9conomie, la soci\u00e9t\u00e9 et les analyses politiques. Le site s\u2019adresse \u00e0 un large public francophone et couvre l\u2019information tunisienne en temps r\u00e9el.","email":"redac@webdo.tn","legalName":"YNJ SARL","foundingDate":"2010-09-06","numberOfEmployees":{"@type":"QuantitativeValue","minValue":"11","maxValue":"50"}},{"@type":"Person","@id":"https:\/\/www.webdo.tn\/fr\/#\/schema\/person\/2c4929cbf5a809e3bd38617c6ce150f6","name":"MC","image":{"@type":"ImageObject","inLanguage":"fr-FR","@id":"https:\/\/secure.gravatar.com\/avatar\/a545bbb6f84efdd5553dbbc2895e3ca8f1d12c5215e00a041c9670b54aa9b18a?s=96&d=mm&r=g","url":"https:\/\/secure.gravatar.com\/avatar\/a545bbb6f84efdd5553dbbc2895e3ca8f1d12c5215e00a041c9670b54aa9b18a?s=96&d=mm&r=g","contentUrl":"https:\/\/secure.gravatar.com\/avatar\/a545bbb6f84efdd5553dbbc2895e3ca8f1d12c5215e00a041c9670b54aa9b18a?s=96&d=mm&r=g","caption":"MC"},"url":"https:\/\/www.webdo.tn\/fr\/actualite\/author\/mc\/"}]}},"_links":{"self":[{"href":"https:\/\/www.webdo.tn\/fr\/wp-json\/wp\/v2\/posts\/207747","targetHints":{"allow":["GET"]}}],"collection":[{"href":"https:\/\/www.webdo.tn\/fr\/wp-json\/wp\/v2\/posts"}],"about":[{"href":"https:\/\/www.webdo.tn\/fr\/wp-json\/wp\/v2\/types\/post"}],"author":[{"embeddable":true,"href":"https:\/\/www.webdo.tn\/fr\/wp-json\/wp\/v2\/users\/3162"}],"replies":[{"embeddable":true,"href":"https:\/\/www.webdo.tn\/fr\/wp-json\/wp\/v2\/comments?post=207747"}],"version-history":[{"count":0,"href":"https:\/\/www.webdo.tn\/fr\/wp-json\/wp\/v2\/posts\/207747\/revisions"}],"wp:featuredmedia":[{"embeddable":true,"href":"https:\/\/www.webdo.tn\/fr\/wp-json\/wp\/v2\/media\/278575"}],"wp:attachment":[{"href":"https:\/\/www.webdo.tn\/fr\/wp-json\/wp\/v2\/media?parent=207747"}],"wp:term":[{"taxonomy":"category","embeddable":true,"href":"https:\/\/www.webdo.tn\/fr\/wp-json\/wp\/v2\/categories?post=207747"},{"taxonomy":"post_tag","embeddable":true,"href":"https:\/\/www.webdo.tn\/fr\/wp-json\/wp\/v2\/tags?post=207747"}],"curies":[{"name":"wp","href":"https:\/\/api.w.org\/{rel}","templated":true}]}}