{"id":207744,"date":"2023-08-05T09:20:00","date_gmt":"2023-08-05T09:20:00","guid":{"rendered":"https:\/\/www.webdo.tn\/fr\/blog\/affaire-du-credit-bancaire-une-troisieme-arrestation\/207744\/"},"modified":"2025-05-20T22:09:49","modified_gmt":"2025-05-20T22:09:49","slug":"affaire-du-credit-bancaire-une-troisieme-arrestation","status":"publish","type":"post","link":"https:\/\/www.webdo.tn\/fr\/actualite\/national\/affaire-du-credit-bancaire-une-troisieme-arrestation\/207744\/","title":{"rendered":"Affaire du cr\u00e9dit bancaire : Une troisi\u00e8me arrestation !"},"content":{"rendered":"<p>Le pr\u00e9sident Kais Saied pr\u00e9pare-t-il une nouvelle op\u00e9ration mains propres au sein des structures publiques notamment bancaires ?<\/p>\n<p>\t\t\t\t\t\t\t\t\tApr\u00e8s l\u2019arrestation d\u2019un ancien directeur g\u00e9n\u00e9ral d\u2019une banque publique et d&rsquo;un homme d&rsquo;affaires ayant b\u00e9n\u00e9fici\u00e9 du cr\u00e9dit bancaire, le parquet du P\u00f4le judiciaire et\u00a0 financier a autoris\u00e9, ce vendredi 4 ao\u00fbt 2023, les agents de l&rsquo;Unit\u00e9 nationale d&rsquo;investigation des crimes financiers du d\u00e9partement de la police judiciaire d\u2019El Gorjani, de d\u00e9tenir\u00a0 un cadre d\u2019une banque publique.<\/p>\n<p>Son interpellation intervient dans le cadre des recherches li\u00e9es \u00e0 l&rsquo;octroi d&rsquo;un cr\u00e9dit \u00e0 un homme d&rsquo;affaires. Ce dernier est\u00a0 soup\u00e7onn\u00e9 de ne pas avoir respect\u00e9 les dispositions l\u00e9gales en vigueur lors de l&rsquo;octroi de ce cr\u00e9dit.<\/p>\n<p>Dans cette affaire, le parquet au P\u00f4le judiciaire et financier avait autoris\u00e9, mercredi, la d\u00e9tention de l\u2019ancien pr\u00e9sident directeur g\u00e9n\u00e9ral d\u2019une banque publique et d&rsquo;un homme d&rsquo;affaires travaillant dans le secteur de l&#8217;emballage et du conditionnement de l\u2019huile et ayant b\u00e9n\u00e9fici\u00e9 du cr\u00e9dit bancaire alors que 12 autres cadres bancaires, en exercice et retrait\u00e9s, ont \u00e9t\u00e9 interdits de voyage.<\/p>\n","protected":false},"excerpt":{"rendered":"<p>Le pr\u00e9sident Kais Saied pr\u00e9pare-t-il une nouvelle op\u00e9ration mains propres au sein des structures publiques notamment bancaires ?<\/p>\n","protected":false},"author":3162,"featured_media":278573,"comment_status":"open","ping_status":"closed","sticky":false,"template":"","format":"standard","meta":{"footnotes":""},"categories":[44],"tags":[2966,5313,5549,2683],"class_list":["post-207744","post","type-post","status-publish","format-standard","has-post-thumbnail","hentry","category-national","tag-arrestation","tag-banque-publique","tag-credit-bancaire","tag-homme-daffaires"],"yoast_head":"<!-- This site is optimized with the Yoast SEO Premium plugin v27.5 (Yoast SEO v27.5) - https:\/\/yoast.com\/product\/yoast-seo-premium-wordpress\/ -->\n<title>Affaire du cr\u00e9dit bancaire : Une troisi\u00e8me arrestation !<\/title>\n<meta name=\"description\" content=\"Le pr\u00e9sident Kais Saied pr\u00e9pare-t-il une nouvelle op\u00e9ration mains propres au sein des structures publiques notamment bancaires ?\" \/>\n<link rel=\"canonical\" href=\"https:\/\/www.webdo.tn\/fr\/actualite\/national\/affaire-du-credit-bancaire-une-troisieme-arrestation\/207744\/\" \/>\n<meta property=\"og:locale\" content=\"fr_FR\" \/>\n<meta property=\"og:type\" content=\"article\" \/>\n<meta property=\"og:title\" content=\"Affaire du cr\u00e9dit bancaire : Une troisi\u00e8me arrestation !\" \/>\n<meta property=\"og:description\" content=\"Le pr\u00e9sident Kais Saied pr\u00e9pare-t-il une nouvelle op\u00e9ration mains propres au sein des structures publiques notamment bancaires ?\" \/>\n<meta property=\"og:url\" content=\"https:\/\/www.webdo.tn\/fr\/actualite\/national\/affaire-du-credit-bancaire-une-troisieme-arrestation\/207744\/\" \/>\n<meta property=\"og:site_name\" content=\"webdo\" \/>\n<meta property=\"article:publisher\" content=\"https:\/\/www.facebook.com\/webdotn\" \/>\n<meta property=\"article:published_time\" content=\"2023-08-05T09:20:00+00:00\" \/>\n<meta property=\"article:modified_time\" content=\"2025-05-20T22:09:49+00:00\" \/>\n<meta property=\"og:image\" content=\"https:\/\/www.webdo.tn\/fr\/wp-content\/uploads\/2023\/08\/8c0619c099bf4c9a797b81407c0c85bd.jpg\" \/>\n\t<meta property=\"og:image:width\" content=\"650\" \/>\n\t<meta property=\"og:image:height\" content=\"347\" \/>\n\t<meta property=\"og:image:type\" content=\"image\/jpeg\" \/>\n<meta name=\"author\" content=\"MC\" \/>\n<meta name=\"twitter:card\" content=\"summary_large_image\" \/>\n<meta name=\"twitter:creator\" content=\"@webdo_tn\" \/>\n<meta name=\"twitter:site\" content=\"@webdo_tn\" \/>\n<meta name=\"twitter:label1\" content=\"\u00c9crit par\" \/>\n\t<meta name=\"twitter:data1\" content=\"MC\" \/>\n\t<meta name=\"twitter:label2\" content=\"Dur\u00e9e de lecture estim\u00e9e\" \/>\n\t<meta name=\"twitter:data2\" content=\"1 minute\" \/>\n<script type=\"application\/ld+json\" class=\"yoast-schema-graph\">{\"@context\":\"https:\\\/\\\/schema.org\",\"@graph\":[{\"@type\":\"NewsArticle\",\"@id\":\"https:\\\/\\\/www.webdo.tn\\\/fr\\\/actualite\\\/national\\\/affaire-du-credit-bancaire-une-troisieme-arrestation\\\/207744\\\/#article\",\"isPartOf\":{\"@id\":\"https:\\\/\\\/www.webdo.tn\\\/fr\\\/actualite\\\/national\\\/affaire-du-credit-bancaire-une-troisieme-arrestation\\\/207744\\\/\"},\"author\":{\"name\":\"MC\",\"@id\":\"https:\\\/\\\/www.webdo.tn\\\/fr\\\/#\\\/schema\\\/person\\\/2c4929cbf5a809e3bd38617c6ce150f6\"},\"headline\":\"Affaire du cr\u00e9dit bancaire : Une troisi\u00e8me arrestation !\",\"datePublished\":\"2023-08-05T09:20:00+00:00\",\"dateModified\":\"2025-05-20T22:09:49+00:00\",\"mainEntityOfPage\":{\"@id\":\"https:\\\/\\\/www.webdo.tn\\\/fr\\\/actualite\\\/national\\\/affaire-du-credit-bancaire-une-troisieme-arrestation\\\/207744\\\/\"},\"wordCount\":219,\"commentCount\":0,\"publisher\":{\"@id\":\"https:\\\/\\\/www.webdo.tn\\\/fr\\\/#organization\"},\"image\":{\"@id\":\"https:\\\/\\\/www.webdo.tn\\\/fr\\\/actualite\\\/national\\\/affaire-du-credit-bancaire-une-troisieme-arrestation\\\/207744\\\/#primaryimage\"},\"thumbnailUrl\":\"https:\\\/\\\/www.webdo.tn\\\/fr\\\/wp-content\\\/uploads\\\/2023\\\/08\\\/8c0619c099bf4c9a797b81407c0c85bd.jpg\",\"keywords\":[\"arrestation\",\"banque publique\",\"cr\u00e9dit bancaire\",\"Homme d'affaires\"],\"articleSection\":[\"National\"],\"inLanguage\":\"fr-FR\"},{\"@type\":\"WebPage\",\"@id\":\"https:\\\/\\\/www.webdo.tn\\\/fr\\\/actualite\\\/national\\\/affaire-du-credit-bancaire-une-troisieme-arrestation\\\/207744\\\/\",\"url\":\"https:\\\/\\\/www.webdo.tn\\\/fr\\\/actualite\\\/national\\\/affaire-du-credit-bancaire-une-troisieme-arrestation\\\/207744\\\/\",\"name\":\"Affaire du cr\u00e9dit bancaire : Une troisi\u00e8me arrestation !\",\"isPartOf\":{\"@id\":\"https:\\\/\\\/www.webdo.tn\\\/fr\\\/#website\"},\"primaryImageOfPage\":{\"@id\":\"https:\\\/\\\/www.webdo.tn\\\/fr\\\/actualite\\\/national\\\/affaire-du-credit-bancaire-une-troisieme-arrestation\\\/207744\\\/#primaryimage\"},\"image\":{\"@id\":\"https:\\\/\\\/www.webdo.tn\\\/fr\\\/actualite\\\/national\\\/affaire-du-credit-bancaire-une-troisieme-arrestation\\\/207744\\\/#primaryimage\"},\"thumbnailUrl\":\"https:\\\/\\\/www.webdo.tn\\\/fr\\\/wp-content\\\/uploads\\\/2023\\\/08\\\/8c0619c099bf4c9a797b81407c0c85bd.jpg\",\"datePublished\":\"2023-08-05T09:20:00+00:00\",\"dateModified\":\"2025-05-20T22:09:49+00:00\",\"description\":\"Le pr\u00e9sident Kais Saied pr\u00e9pare-t-il une nouvelle op\u00e9ration mains propres au sein des structures publiques notamment bancaires ?\",\"breadcrumb\":{\"@id\":\"https:\\\/\\\/www.webdo.tn\\\/fr\\\/actualite\\\/national\\\/affaire-du-credit-bancaire-une-troisieme-arrestation\\\/207744\\\/#breadcrumb\"},\"inLanguage\":\"fr-FR\",\"potentialAction\":[{\"@type\":\"ReadAction\",\"target\":[\"https:\\\/\\\/www.webdo.tn\\\/fr\\\/actualite\\\/national\\\/affaire-du-credit-bancaire-une-troisieme-arrestation\\\/207744\\\/\"]}]},{\"@type\":\"ImageObject\",\"inLanguage\":\"fr-FR\",\"@id\":\"https:\\\/\\\/www.webdo.tn\\\/fr\\\/actualite\\\/national\\\/affaire-du-credit-bancaire-une-troisieme-arrestation\\\/207744\\\/#primaryimage\",\"url\":\"https:\\\/\\\/www.webdo.tn\\\/fr\\\/wp-content\\\/uploads\\\/2023\\\/08\\\/8c0619c099bf4c9a797b81407c0c85bd.jpg\",\"contentUrl\":\"https:\\\/\\\/www.webdo.tn\\\/fr\\\/wp-content\\\/uploads\\\/2023\\\/08\\\/8c0619c099bf4c9a797b81407c0c85bd.jpg\",\"width\":650,\"height\":347,\"caption\":\"Affaire du cr\u00e9dit bancaire : Une troisi\u00e8me arrestation !\"},{\"@type\":\"BreadcrumbList\",\"@id\":\"https:\\\/\\\/www.webdo.tn\\\/fr\\\/actualite\\\/national\\\/affaire-du-credit-bancaire-une-troisieme-arrestation\\\/207744\\\/#breadcrumb\",\"itemListElement\":[{\"@type\":\"ListItem\",\"position\":1,\"name\":\"Accueil\",\"item\":\"https:\\\/\\\/www.webdo.tn\\\/fr\\\/\"},{\"@type\":\"ListItem\",\"position\":2,\"name\":\"Affaire du cr\u00e9dit bancaire : Une troisi\u00e8me arrestation !\"}]},{\"@type\":\"WebSite\",\"@id\":\"https:\\\/\\\/www.webdo.tn\\\/fr\\\/#website\",\"url\":\"https:\\\/\\\/www.webdo.tn\\\/fr\\\/\",\"name\":\"webdo\",\"description\":\"Tunisie - News en Tunisie et \u00e0 l&#039;international sur Webdo.tn\",\"publisher\":{\"@id\":\"https:\\\/\\\/www.webdo.tn\\\/fr\\\/#organization\"},\"potentialAction\":[{\"@type\":\"SearchAction\",\"target\":{\"@type\":\"EntryPoint\",\"urlTemplate\":\"https:\\\/\\\/www.webdo.tn\\\/fr\\\/?s={search_term_string}\"},\"query-input\":{\"@type\":\"PropertyValueSpecification\",\"valueRequired\":true,\"valueName\":\"search_term_string\"}}],\"inLanguage\":\"fr-FR\"},{\"@type\":\"Organization\",\"@id\":\"https:\\\/\\\/www.webdo.tn\\\/fr\\\/#organization\",\"name\":\"Webdo\",\"alternateName\":\"Webdo.tn\",\"url\":\"https:\\\/\\\/www.webdo.tn\\\/fr\\\/\",\"logo\":{\"@type\":\"ImageObject\",\"inLanguage\":\"fr-FR\",\"@id\":\"https:\\\/\\\/www.webdo.tn\\\/fr\\\/#\\\/schema\\\/logo\\\/image\\\/\",\"url\":\"https:\\\/\\\/www.webdo.tn\\\/fr\\\/wp-content\\\/uploads\\\/2025\\\/06\\\/Webdo-Tunisie_168377.jpg\",\"contentUrl\":\"https:\\\/\\\/www.webdo.tn\\\/fr\\\/wp-content\\\/uploads\\\/2025\\\/06\\\/Webdo-Tunisie_168377.jpg\",\"width\":301,\"height\":301,\"caption\":\"Webdo\"},\"image\":{\"@id\":\"https:\\\/\\\/www.webdo.tn\\\/fr\\\/#\\\/schema\\\/logo\\\/image\\\/\"},\"sameAs\":[\"https:\\\/\\\/www.facebook.com\\\/webdotn\",\"https:\\\/\\\/x.com\\\/webdo_tn\"],\"description\":\"Webdo est un m\u00e9dia num\u00e9rique tunisien fond\u00e9 en 2010, sp\u00e9cialis\u00e9 dans l\u2019actualit\u00e9 nationale et internationale, l\u2019\u00e9conomie, la soci\u00e9t\u00e9 et les analyses politiques. Le site s\u2019adresse \u00e0 un large public francophone et couvre l\u2019information tunisienne en temps r\u00e9el.\",\"email\":\"redac@webdo.tn\",\"legalName\":\"YNJ SARL\",\"foundingDate\":\"2010-09-06\",\"numberOfEmployees\":{\"@type\":\"QuantitativeValue\",\"minValue\":\"11\",\"maxValue\":\"50\"}},{\"@type\":\"Person\",\"@id\":\"https:\\\/\\\/www.webdo.tn\\\/fr\\\/#\\\/schema\\\/person\\\/2c4929cbf5a809e3bd38617c6ce150f6\",\"name\":\"MC\",\"image\":{\"@type\":\"ImageObject\",\"inLanguage\":\"fr-FR\",\"@id\":\"https:\\\/\\\/secure.gravatar.com\\\/avatar\\\/a545bbb6f84efdd5553dbbc2895e3ca8f1d12c5215e00a041c9670b54aa9b18a?s=96&d=mm&r=g\",\"url\":\"https:\\\/\\\/secure.gravatar.com\\\/avatar\\\/a545bbb6f84efdd5553dbbc2895e3ca8f1d12c5215e00a041c9670b54aa9b18a?s=96&d=mm&r=g\",\"contentUrl\":\"https:\\\/\\\/secure.gravatar.com\\\/avatar\\\/a545bbb6f84efdd5553dbbc2895e3ca8f1d12c5215e00a041c9670b54aa9b18a?s=96&d=mm&r=g\",\"caption\":\"MC\"},\"url\":\"https:\\\/\\\/www.webdo.tn\\\/fr\\\/actualite\\\/author\\\/mc\\\/\"}]}<\/script>\n<!-- \/ Yoast SEO Premium plugin. -->","yoast_head_json":{"title":"Affaire du cr\u00e9dit bancaire : Une troisi\u00e8me arrestation !","description":"Le pr\u00e9sident Kais Saied pr\u00e9pare-t-il une nouvelle op\u00e9ration mains propres au sein des structures publiques notamment bancaires ?","canonical":"https:\/\/www.webdo.tn\/fr\/actualite\/national\/affaire-du-credit-bancaire-une-troisieme-arrestation\/207744\/","og_locale":"fr_FR","og_type":"article","og_title":"Affaire du cr\u00e9dit bancaire : Une troisi\u00e8me arrestation !","og_description":"Le pr\u00e9sident Kais Saied pr\u00e9pare-t-il une nouvelle op\u00e9ration mains propres au sein des structures publiques notamment bancaires ?","og_url":"https:\/\/www.webdo.tn\/fr\/actualite\/national\/affaire-du-credit-bancaire-une-troisieme-arrestation\/207744\/","og_site_name":"webdo","article_publisher":"https:\/\/www.facebook.com\/webdotn","article_published_time":"2023-08-05T09:20:00+00:00","article_modified_time":"2025-05-20T22:09:49+00:00","og_image":[{"width":650,"height":347,"url":"https:\/\/www.webdo.tn\/fr\/wp-content\/uploads\/2023\/08\/8c0619c099bf4c9a797b81407c0c85bd.jpg","type":"image\/jpeg"}],"author":"MC","twitter_card":"summary_large_image","twitter_creator":"@webdo_tn","twitter_site":"@webdo_tn","twitter_misc":{"\u00c9crit par":"MC","Dur\u00e9e de lecture estim\u00e9e":"1 minute"},"schema":{"@context":"https:\/\/schema.org","@graph":[{"@type":"NewsArticle","@id":"https:\/\/www.webdo.tn\/fr\/actualite\/national\/affaire-du-credit-bancaire-une-troisieme-arrestation\/207744\/#article","isPartOf":{"@id":"https:\/\/www.webdo.tn\/fr\/actualite\/national\/affaire-du-credit-bancaire-une-troisieme-arrestation\/207744\/"},"author":{"name":"MC","@id":"https:\/\/www.webdo.tn\/fr\/#\/schema\/person\/2c4929cbf5a809e3bd38617c6ce150f6"},"headline":"Affaire du cr\u00e9dit bancaire : Une troisi\u00e8me arrestation !","datePublished":"2023-08-05T09:20:00+00:00","dateModified":"2025-05-20T22:09:49+00:00","mainEntityOfPage":{"@id":"https:\/\/www.webdo.tn\/fr\/actualite\/national\/affaire-du-credit-bancaire-une-troisieme-arrestation\/207744\/"},"wordCount":219,"commentCount":0,"publisher":{"@id":"https:\/\/www.webdo.tn\/fr\/#organization"},"image":{"@id":"https:\/\/www.webdo.tn\/fr\/actualite\/national\/affaire-du-credit-bancaire-une-troisieme-arrestation\/207744\/#primaryimage"},"thumbnailUrl":"https:\/\/www.webdo.tn\/fr\/wp-content\/uploads\/2023\/08\/8c0619c099bf4c9a797b81407c0c85bd.jpg","keywords":["arrestation","banque publique","cr\u00e9dit bancaire","Homme d'affaires"],"articleSection":["National"],"inLanguage":"fr-FR"},{"@type":"WebPage","@id":"https:\/\/www.webdo.tn\/fr\/actualite\/national\/affaire-du-credit-bancaire-une-troisieme-arrestation\/207744\/","url":"https:\/\/www.webdo.tn\/fr\/actualite\/national\/affaire-du-credit-bancaire-une-troisieme-arrestation\/207744\/","name":"Affaire du cr\u00e9dit bancaire : Une troisi\u00e8me arrestation !","isPartOf":{"@id":"https:\/\/www.webdo.tn\/fr\/#website"},"primaryImageOfPage":{"@id":"https:\/\/www.webdo.tn\/fr\/actualite\/national\/affaire-du-credit-bancaire-une-troisieme-arrestation\/207744\/#primaryimage"},"image":{"@id":"https:\/\/www.webdo.tn\/fr\/actualite\/national\/affaire-du-credit-bancaire-une-troisieme-arrestation\/207744\/#primaryimage"},"thumbnailUrl":"https:\/\/www.webdo.tn\/fr\/wp-content\/uploads\/2023\/08\/8c0619c099bf4c9a797b81407c0c85bd.jpg","datePublished":"2023-08-05T09:20:00+00:00","dateModified":"2025-05-20T22:09:49+00:00","description":"Le pr\u00e9sident Kais Saied pr\u00e9pare-t-il une nouvelle op\u00e9ration mains propres au sein des structures publiques notamment bancaires ?","breadcrumb":{"@id":"https:\/\/www.webdo.tn\/fr\/actualite\/national\/affaire-du-credit-bancaire-une-troisieme-arrestation\/207744\/#breadcrumb"},"inLanguage":"fr-FR","potentialAction":[{"@type":"ReadAction","target":["https:\/\/www.webdo.tn\/fr\/actualite\/national\/affaire-du-credit-bancaire-une-troisieme-arrestation\/207744\/"]}]},{"@type":"ImageObject","inLanguage":"fr-FR","@id":"https:\/\/www.webdo.tn\/fr\/actualite\/national\/affaire-du-credit-bancaire-une-troisieme-arrestation\/207744\/#primaryimage","url":"https:\/\/www.webdo.tn\/fr\/wp-content\/uploads\/2023\/08\/8c0619c099bf4c9a797b81407c0c85bd.jpg","contentUrl":"https:\/\/www.webdo.tn\/fr\/wp-content\/uploads\/2023\/08\/8c0619c099bf4c9a797b81407c0c85bd.jpg","width":650,"height":347,"caption":"Affaire du cr\u00e9dit bancaire : Une troisi\u00e8me arrestation !"},{"@type":"BreadcrumbList","@id":"https:\/\/www.webdo.tn\/fr\/actualite\/national\/affaire-du-credit-bancaire-une-troisieme-arrestation\/207744\/#breadcrumb","itemListElement":[{"@type":"ListItem","position":1,"name":"Accueil","item":"https:\/\/www.webdo.tn\/fr\/"},{"@type":"ListItem","position":2,"name":"Affaire du cr\u00e9dit bancaire : Une troisi\u00e8me arrestation !"}]},{"@type":"WebSite","@id":"https:\/\/www.webdo.tn\/fr\/#website","url":"https:\/\/www.webdo.tn\/fr\/","name":"webdo","description":"Tunisie - News en Tunisie et \u00e0 l&#039;international sur Webdo.tn","publisher":{"@id":"https:\/\/www.webdo.tn\/fr\/#organization"},"potentialAction":[{"@type":"SearchAction","target":{"@type":"EntryPoint","urlTemplate":"https:\/\/www.webdo.tn\/fr\/?s={search_term_string}"},"query-input":{"@type":"PropertyValueSpecification","valueRequired":true,"valueName":"search_term_string"}}],"inLanguage":"fr-FR"},{"@type":"Organization","@id":"https:\/\/www.webdo.tn\/fr\/#organization","name":"Webdo","alternateName":"Webdo.tn","url":"https:\/\/www.webdo.tn\/fr\/","logo":{"@type":"ImageObject","inLanguage":"fr-FR","@id":"https:\/\/www.webdo.tn\/fr\/#\/schema\/logo\/image\/","url":"https:\/\/www.webdo.tn\/fr\/wp-content\/uploads\/2025\/06\/Webdo-Tunisie_168377.jpg","contentUrl":"https:\/\/www.webdo.tn\/fr\/wp-content\/uploads\/2025\/06\/Webdo-Tunisie_168377.jpg","width":301,"height":301,"caption":"Webdo"},"image":{"@id":"https:\/\/www.webdo.tn\/fr\/#\/schema\/logo\/image\/"},"sameAs":["https:\/\/www.facebook.com\/webdotn","https:\/\/x.com\/webdo_tn"],"description":"Webdo est un m\u00e9dia num\u00e9rique tunisien fond\u00e9 en 2010, sp\u00e9cialis\u00e9 dans l\u2019actualit\u00e9 nationale et internationale, l\u2019\u00e9conomie, la soci\u00e9t\u00e9 et les analyses politiques. Le site s\u2019adresse \u00e0 un large public francophone et couvre l\u2019information tunisienne en temps r\u00e9el.","email":"redac@webdo.tn","legalName":"YNJ SARL","foundingDate":"2010-09-06","numberOfEmployees":{"@type":"QuantitativeValue","minValue":"11","maxValue":"50"}},{"@type":"Person","@id":"https:\/\/www.webdo.tn\/fr\/#\/schema\/person\/2c4929cbf5a809e3bd38617c6ce150f6","name":"MC","image":{"@type":"ImageObject","inLanguage":"fr-FR","@id":"https:\/\/secure.gravatar.com\/avatar\/a545bbb6f84efdd5553dbbc2895e3ca8f1d12c5215e00a041c9670b54aa9b18a?s=96&d=mm&r=g","url":"https:\/\/secure.gravatar.com\/avatar\/a545bbb6f84efdd5553dbbc2895e3ca8f1d12c5215e00a041c9670b54aa9b18a?s=96&d=mm&r=g","contentUrl":"https:\/\/secure.gravatar.com\/avatar\/a545bbb6f84efdd5553dbbc2895e3ca8f1d12c5215e00a041c9670b54aa9b18a?s=96&d=mm&r=g","caption":"MC"},"url":"https:\/\/www.webdo.tn\/fr\/actualite\/author\/mc\/"}]}},"_links":{"self":[{"href":"https:\/\/www.webdo.tn\/fr\/wp-json\/wp\/v2\/posts\/207744","targetHints":{"allow":["GET"]}}],"collection":[{"href":"https:\/\/www.webdo.tn\/fr\/wp-json\/wp\/v2\/posts"}],"about":[{"href":"https:\/\/www.webdo.tn\/fr\/wp-json\/wp\/v2\/types\/post"}],"author":[{"embeddable":true,"href":"https:\/\/www.webdo.tn\/fr\/wp-json\/wp\/v2\/users\/3162"}],"replies":[{"embeddable":true,"href":"https:\/\/www.webdo.tn\/fr\/wp-json\/wp\/v2\/comments?post=207744"}],"version-history":[{"count":0,"href":"https:\/\/www.webdo.tn\/fr\/wp-json\/wp\/v2\/posts\/207744\/revisions"}],"wp:featuredmedia":[{"embeddable":true,"href":"https:\/\/www.webdo.tn\/fr\/wp-json\/wp\/v2\/media\/278573"}],"wp:attachment":[{"href":"https:\/\/www.webdo.tn\/fr\/wp-json\/wp\/v2\/media?parent=207744"}],"wp:term":[{"taxonomy":"category","embeddable":true,"href":"https:\/\/www.webdo.tn\/fr\/wp-json\/wp\/v2\/categories?post=207744"},{"taxonomy":"post_tag","embeddable":true,"href":"https:\/\/www.webdo.tn\/fr\/wp-json\/wp\/v2\/tags?post=207744"}],"curies":[{"name":"wp","href":"https:\/\/api.w.org\/{rel}","templated":true}]}}