{"id":207722,"date":"2023-08-04T09:13:00","date_gmt":"2023-08-04T09:13:00","guid":{"rendered":"https:\/\/www.webdo.tn\/fr\/blog\/le-ministere-du-commerce-interrompt-l-approvisionnement-en-farine-et-semoule-des-boulangeries-non-classees\/207722\/"},"modified":"2025-05-20T21:58:00","modified_gmt":"2025-05-20T21:58:00","slug":"le-ministere-du-commerce-interrompt-l-approvisionnement-en-farine-et-semoule-des-boulangeries-non-classees","status":"publish","type":"post","link":"https:\/\/www.webdo.tn\/fr\/actualite\/national\/le-ministere-du-commerce-interrompt-l-approvisionnement-en-farine-et-semoule-des-boulangeries-non-classees\/207722\/","title":{"rendered":"Le minist\u00e8re du Commerce interrompt l&rsquo;approvisionnement en farine et semoule des boulangeries non class\u00e9es"},"content":{"rendered":"<p>Le minist\u00e8re du Commerce et du D\u00e9veloppement des Exportations a annonc\u00e9, ce jeudi 3 ao\u00fbt 2023, la d\u00e9cision d\u2019interrompre l\u2019approvisionnement en farine et semoule des boulangeries non class\u00e9es.<\/p>\n<p>\t\t\t\t\t\t\t\t\tCette d\u00e9cision intervient suite \u00e0 l\u2019annonce faite par le groupement professionnel des boulangeries modernes relevant de la Conf\u00e9d\u00e9ration Nationale des Entreprises de Tunisie (Conect) de suspendre, \u00e0 partir du 1er ao\u00fbt 2023, la fabrication du pain, explique le minist\u00e8re dans un communiqu\u00e9.<\/p>\n<p>Et de souligner que la d\u00e9cision d\u2019arr\u00eater l\u2019approvisionnement de ces boulangeries est conforme aux dispositions l\u00e9gales en vigueur et s\u2019inscrit dans le cadre de ses pr\u00e9rogatives visant \u00e0 r\u00e9guler le march\u00e9.<\/p>\n<p>Le minist\u00e8re a ajout\u00e9 que cette mesure sera appliqu\u00e9e \u00e0 toutes les boulangeries qui ont recours aux produits subventionn\u00e9s, sans exception, faisant observer qu\u2019\u00a0\u00bbil est question de pr\u00e9server les produits subventionn\u00e9s contre toute tentative de d\u00e9tournement\u00a0\u00bb.<\/p>\n","protected":false},"excerpt":{"rendered":"<p>Le minist\u00e8re du Commerce et du D\u00e9veloppement des Exportations a annonc\u00e9, ce jeudi 3 ao\u00fbt 2023, la d\u00e9cision d\u2019interrompre l\u2019approvisionnement en farine et semoul&#8230;<\/p>\n","protected":false},"author":3162,"featured_media":249619,"comment_status":"open","ping_status":"closed","sticky":false,"template":"","format":"standard","meta":{"footnotes":""},"categories":[44],"tags":[7909,8132,3767,8039],"class_list":["post-207722","post","type-post","status-publish","format-standard","has-post-thumbnail","hentry","category-national","tag-boulangeries","tag-farine","tag-pain","tag-semoule"],"yoast_head":"<!-- This site is optimized with the Yoast SEO Premium plugin v27.5 (Yoast SEO v27.5) - https:\/\/yoast.com\/product\/yoast-seo-premium-wordpress\/ -->\n<title>Le minist\u00e8re du Commerce interrompt l&#039;approvisionnement en farine et semoule des boulangeries non class\u00e9es<\/title>\n<meta name=\"description\" content=\"Le minist\u00e8re du Commerce et du D\u00e9veloppement des Exportations a annonc\u00e9, ce jeudi 3 ao\u00fbt 2023, la d\u00e9cision d\u2019interrompre l\u2019approvisionnement en farine et semoul...\" \/>\n<link rel=\"canonical\" href=\"https:\/\/www.webdo.tn\/fr\/actualite\/national\/le-ministere-du-commerce-interrompt-l-approvisionnement-en-farine-et-semoule-des-boulangeries-non-classees\/207722\/\" \/>\n<meta property=\"og:locale\" content=\"fr_FR\" \/>\n<meta property=\"og:type\" content=\"article\" \/>\n<meta property=\"og:title\" content=\"Le minist\u00e8re du Commerce interrompt l&#039;approvisionnement en farine et semoule des boulangeries non class\u00e9es\" \/>\n<meta property=\"og:description\" content=\"Le minist\u00e8re du Commerce et du D\u00e9veloppement des Exportations a annonc\u00e9, ce jeudi 3 ao\u00fbt 2023, la d\u00e9cision d\u2019interrompre l\u2019approvisionnement en farine et semoul...\" \/>\n<meta property=\"og:url\" content=\"https:\/\/www.webdo.tn\/fr\/actualite\/national\/le-ministere-du-commerce-interrompt-l-approvisionnement-en-farine-et-semoule-des-boulangeries-non-classees\/207722\/\" \/>\n<meta property=\"og:site_name\" content=\"webdo\" \/>\n<meta property=\"article:publisher\" content=\"https:\/\/www.facebook.com\/webdotn\" \/>\n<meta property=\"article:published_time\" content=\"2023-08-04T09:13:00+00:00\" \/>\n<meta property=\"article:modified_time\" content=\"2025-05-20T21:58:00+00:00\" \/>\n<meta property=\"og:image\" content=\"https:\/\/www.webdo.tn\/fr\/wp-content\/uploads\/2023\/08\/56be6daf4203bbea41ba59461ba799c4.jpg\" \/>\n\t<meta property=\"og:image:width\" content=\"750\" \/>\n\t<meta property=\"og:image:height\" content=\"400\" \/>\n\t<meta property=\"og:image:type\" content=\"image\/jpeg\" \/>\n<meta name=\"author\" content=\"MC\" \/>\n<meta name=\"twitter:card\" content=\"summary_large_image\" \/>\n<meta name=\"twitter:creator\" content=\"@webdo_tn\" \/>\n<meta name=\"twitter:site\" content=\"@webdo_tn\" \/>\n<meta name=\"twitter:label1\" content=\"\u00c9crit par\" \/>\n\t<meta name=\"twitter:data1\" content=\"MC\" \/>\n\t<meta name=\"twitter:label2\" content=\"Dur\u00e9e de lecture estim\u00e9e\" \/>\n\t<meta name=\"twitter:data2\" content=\"1 minute\" \/>\n<script type=\"application\/ld+json\" class=\"yoast-schema-graph\">{\"@context\":\"https:\\\/\\\/schema.org\",\"@graph\":[{\"@type\":\"NewsArticle\",\"@id\":\"https:\\\/\\\/www.webdo.tn\\\/fr\\\/actualite\\\/national\\\/le-ministere-du-commerce-interrompt-l-approvisionnement-en-farine-et-semoule-des-boulangeries-non-classees\\\/207722\\\/#article\",\"isPartOf\":{\"@id\":\"https:\\\/\\\/www.webdo.tn\\\/fr\\\/actualite\\\/national\\\/le-ministere-du-commerce-interrompt-l-approvisionnement-en-farine-et-semoule-des-boulangeries-non-classees\\\/207722\\\/\"},\"author\":{\"name\":\"MC\",\"@id\":\"https:\\\/\\\/www.webdo.tn\\\/fr\\\/#\\\/schema\\\/person\\\/2c4929cbf5a809e3bd38617c6ce150f6\"},\"headline\":\"Le minist\u00e8re du Commerce interrompt l&rsquo;approvisionnement en farine et semoule des boulangeries non class\u00e9es\",\"datePublished\":\"2023-08-04T09:13:00+00:00\",\"dateModified\":\"2025-05-20T21:58:00+00:00\",\"mainEntityOfPage\":{\"@id\":\"https:\\\/\\\/www.webdo.tn\\\/fr\\\/actualite\\\/national\\\/le-ministere-du-commerce-interrompt-l-approvisionnement-en-farine-et-semoule-des-boulangeries-non-classees\\\/207722\\\/\"},\"wordCount\":175,\"commentCount\":0,\"publisher\":{\"@id\":\"https:\\\/\\\/www.webdo.tn\\\/fr\\\/#organization\"},\"image\":{\"@id\":\"https:\\\/\\\/www.webdo.tn\\\/fr\\\/actualite\\\/national\\\/le-ministere-du-commerce-interrompt-l-approvisionnement-en-farine-et-semoule-des-boulangeries-non-classees\\\/207722\\\/#primaryimage\"},\"thumbnailUrl\":\"https:\\\/\\\/www.webdo.tn\\\/fr\\\/wp-content\\\/uploads\\\/2023\\\/08\\\/56be6daf4203bbea41ba59461ba799c4.jpg\",\"keywords\":[\"boulangeries\",\"Farine\",\"pain\",\"semoule\"],\"articleSection\":[\"National\"],\"inLanguage\":\"fr-FR\"},{\"@type\":\"WebPage\",\"@id\":\"https:\\\/\\\/www.webdo.tn\\\/fr\\\/actualite\\\/national\\\/le-ministere-du-commerce-interrompt-l-approvisionnement-en-farine-et-semoule-des-boulangeries-non-classees\\\/207722\\\/\",\"url\":\"https:\\\/\\\/www.webdo.tn\\\/fr\\\/actualite\\\/national\\\/le-ministere-du-commerce-interrompt-l-approvisionnement-en-farine-et-semoule-des-boulangeries-non-classees\\\/207722\\\/\",\"name\":\"Le minist\u00e8re du Commerce interrompt l'approvisionnement en farine et semoule des boulangeries non class\u00e9es\",\"isPartOf\":{\"@id\":\"https:\\\/\\\/www.webdo.tn\\\/fr\\\/#website\"},\"primaryImageOfPage\":{\"@id\":\"https:\\\/\\\/www.webdo.tn\\\/fr\\\/actualite\\\/national\\\/le-ministere-du-commerce-interrompt-l-approvisionnement-en-farine-et-semoule-des-boulangeries-non-classees\\\/207722\\\/#primaryimage\"},\"image\":{\"@id\":\"https:\\\/\\\/www.webdo.tn\\\/fr\\\/actualite\\\/national\\\/le-ministere-du-commerce-interrompt-l-approvisionnement-en-farine-et-semoule-des-boulangeries-non-classees\\\/207722\\\/#primaryimage\"},\"thumbnailUrl\":\"https:\\\/\\\/www.webdo.tn\\\/fr\\\/wp-content\\\/uploads\\\/2023\\\/08\\\/56be6daf4203bbea41ba59461ba799c4.jpg\",\"datePublished\":\"2023-08-04T09:13:00+00:00\",\"dateModified\":\"2025-05-20T21:58:00+00:00\",\"description\":\"Le minist\u00e8re du Commerce et du D\u00e9veloppement des Exportations a annonc\u00e9, ce jeudi 3 ao\u00fbt 2023, la d\u00e9cision d\u2019interrompre l\u2019approvisionnement en farine et semoul...\",\"breadcrumb\":{\"@id\":\"https:\\\/\\\/www.webdo.tn\\\/fr\\\/actualite\\\/national\\\/le-ministere-du-commerce-interrompt-l-approvisionnement-en-farine-et-semoule-des-boulangeries-non-classees\\\/207722\\\/#breadcrumb\"},\"inLanguage\":\"fr-FR\",\"potentialAction\":[{\"@type\":\"ReadAction\",\"target\":[\"https:\\\/\\\/www.webdo.tn\\\/fr\\\/actualite\\\/national\\\/le-ministere-du-commerce-interrompt-l-approvisionnement-en-farine-et-semoule-des-boulangeries-non-classees\\\/207722\\\/\"]}]},{\"@type\":\"ImageObject\",\"inLanguage\":\"fr-FR\",\"@id\":\"https:\\\/\\\/www.webdo.tn\\\/fr\\\/actualite\\\/national\\\/le-ministere-du-commerce-interrompt-l-approvisionnement-en-farine-et-semoule-des-boulangeries-non-classees\\\/207722\\\/#primaryimage\",\"url\":\"https:\\\/\\\/www.webdo.tn\\\/fr\\\/wp-content\\\/uploads\\\/2023\\\/08\\\/56be6daf4203bbea41ba59461ba799c4.jpg\",\"contentUrl\":\"https:\\\/\\\/www.webdo.tn\\\/fr\\\/wp-content\\\/uploads\\\/2023\\\/08\\\/56be6daf4203bbea41ba59461ba799c4.jpg\",\"width\":750,\"height\":400,\"caption\":\"Le minist\u00e8re du Commerce interrompt l'approvisionnement en farine et semoule des boulangeries non class\u00e9es\"},{\"@type\":\"BreadcrumbList\",\"@id\":\"https:\\\/\\\/www.webdo.tn\\\/fr\\\/actualite\\\/national\\\/le-ministere-du-commerce-interrompt-l-approvisionnement-en-farine-et-semoule-des-boulangeries-non-classees\\\/207722\\\/#breadcrumb\",\"itemListElement\":[{\"@type\":\"ListItem\",\"position\":1,\"name\":\"Accueil\",\"item\":\"https:\\\/\\\/www.webdo.tn\\\/fr\\\/\"},{\"@type\":\"ListItem\",\"position\":2,\"name\":\"Le minist\u00e8re du Commerce interrompt l&#8217;approvisionnement en farine et semoule des boulangeries non class\u00e9es\"}]},{\"@type\":\"WebSite\",\"@id\":\"https:\\\/\\\/www.webdo.tn\\\/fr\\\/#website\",\"url\":\"https:\\\/\\\/www.webdo.tn\\\/fr\\\/\",\"name\":\"webdo\",\"description\":\"Tunisie - News en Tunisie et \u00e0 l&#039;international sur Webdo.tn\",\"publisher\":{\"@id\":\"https:\\\/\\\/www.webdo.tn\\\/fr\\\/#organization\"},\"potentialAction\":[{\"@type\":\"SearchAction\",\"target\":{\"@type\":\"EntryPoint\",\"urlTemplate\":\"https:\\\/\\\/www.webdo.tn\\\/fr\\\/?s={search_term_string}\"},\"query-input\":{\"@type\":\"PropertyValueSpecification\",\"valueRequired\":true,\"valueName\":\"search_term_string\"}}],\"inLanguage\":\"fr-FR\"},{\"@type\":\"Organization\",\"@id\":\"https:\\\/\\\/www.webdo.tn\\\/fr\\\/#organization\",\"name\":\"Webdo\",\"alternateName\":\"Webdo.tn\",\"url\":\"https:\\\/\\\/www.webdo.tn\\\/fr\\\/\",\"logo\":{\"@type\":\"ImageObject\",\"inLanguage\":\"fr-FR\",\"@id\":\"https:\\\/\\\/www.webdo.tn\\\/fr\\\/#\\\/schema\\\/logo\\\/image\\\/\",\"url\":\"https:\\\/\\\/www.webdo.tn\\\/fr\\\/wp-content\\\/uploads\\\/2025\\\/06\\\/Webdo-Tunisie_168377.jpg\",\"contentUrl\":\"https:\\\/\\\/www.webdo.tn\\\/fr\\\/wp-content\\\/uploads\\\/2025\\\/06\\\/Webdo-Tunisie_168377.jpg\",\"width\":301,\"height\":301,\"caption\":\"Webdo\"},\"image\":{\"@id\":\"https:\\\/\\\/www.webdo.tn\\\/fr\\\/#\\\/schema\\\/logo\\\/image\\\/\"},\"sameAs\":[\"https:\\\/\\\/www.facebook.com\\\/webdotn\",\"https:\\\/\\\/x.com\\\/webdo_tn\"],\"description\":\"Webdo est un m\u00e9dia num\u00e9rique tunisien fond\u00e9 en 2010, sp\u00e9cialis\u00e9 dans l\u2019actualit\u00e9 nationale et internationale, l\u2019\u00e9conomie, la soci\u00e9t\u00e9 et les analyses politiques. Le site s\u2019adresse \u00e0 un large public francophone et couvre l\u2019information tunisienne en temps r\u00e9el.\",\"email\":\"redac@webdo.tn\",\"legalName\":\"YNJ SARL\",\"foundingDate\":\"2010-09-06\",\"numberOfEmployees\":{\"@type\":\"QuantitativeValue\",\"minValue\":\"11\",\"maxValue\":\"50\"}},{\"@type\":\"Person\",\"@id\":\"https:\\\/\\\/www.webdo.tn\\\/fr\\\/#\\\/schema\\\/person\\\/2c4929cbf5a809e3bd38617c6ce150f6\",\"name\":\"MC\",\"image\":{\"@type\":\"ImageObject\",\"inLanguage\":\"fr-FR\",\"@id\":\"https:\\\/\\\/secure.gravatar.com\\\/avatar\\\/a545bbb6f84efdd5553dbbc2895e3ca8f1d12c5215e00a041c9670b54aa9b18a?s=96&d=mm&r=g\",\"url\":\"https:\\\/\\\/secure.gravatar.com\\\/avatar\\\/a545bbb6f84efdd5553dbbc2895e3ca8f1d12c5215e00a041c9670b54aa9b18a?s=96&d=mm&r=g\",\"contentUrl\":\"https:\\\/\\\/secure.gravatar.com\\\/avatar\\\/a545bbb6f84efdd5553dbbc2895e3ca8f1d12c5215e00a041c9670b54aa9b18a?s=96&d=mm&r=g\",\"caption\":\"MC\"},\"url\":\"https:\\\/\\\/www.webdo.tn\\\/fr\\\/actualite\\\/author\\\/mc\\\/\"}]}<\/script>\n<!-- \/ Yoast SEO Premium plugin. -->","yoast_head_json":{"title":"Le minist\u00e8re du Commerce interrompt l'approvisionnement en farine et semoule des boulangeries non class\u00e9es","description":"Le minist\u00e8re du Commerce et du D\u00e9veloppement des Exportations a annonc\u00e9, ce jeudi 3 ao\u00fbt 2023, la d\u00e9cision d\u2019interrompre l\u2019approvisionnement en farine et semoul...","canonical":"https:\/\/www.webdo.tn\/fr\/actualite\/national\/le-ministere-du-commerce-interrompt-l-approvisionnement-en-farine-et-semoule-des-boulangeries-non-classees\/207722\/","og_locale":"fr_FR","og_type":"article","og_title":"Le minist\u00e8re du Commerce interrompt l'approvisionnement en farine et semoule des boulangeries non class\u00e9es","og_description":"Le minist\u00e8re du Commerce et du D\u00e9veloppement des Exportations a annonc\u00e9, ce jeudi 3 ao\u00fbt 2023, la d\u00e9cision d\u2019interrompre l\u2019approvisionnement en farine et semoul...","og_url":"https:\/\/www.webdo.tn\/fr\/actualite\/national\/le-ministere-du-commerce-interrompt-l-approvisionnement-en-farine-et-semoule-des-boulangeries-non-classees\/207722\/","og_site_name":"webdo","article_publisher":"https:\/\/www.facebook.com\/webdotn","article_published_time":"2023-08-04T09:13:00+00:00","article_modified_time":"2025-05-20T21:58:00+00:00","og_image":[{"width":750,"height":400,"url":"https:\/\/www.webdo.tn\/fr\/wp-content\/uploads\/2023\/08\/56be6daf4203bbea41ba59461ba799c4.jpg","type":"image\/jpeg"}],"author":"MC","twitter_card":"summary_large_image","twitter_creator":"@webdo_tn","twitter_site":"@webdo_tn","twitter_misc":{"\u00c9crit par":"MC","Dur\u00e9e de lecture estim\u00e9e":"1 minute"},"schema":{"@context":"https:\/\/schema.org","@graph":[{"@type":"NewsArticle","@id":"https:\/\/www.webdo.tn\/fr\/actualite\/national\/le-ministere-du-commerce-interrompt-l-approvisionnement-en-farine-et-semoule-des-boulangeries-non-classees\/207722\/#article","isPartOf":{"@id":"https:\/\/www.webdo.tn\/fr\/actualite\/national\/le-ministere-du-commerce-interrompt-l-approvisionnement-en-farine-et-semoule-des-boulangeries-non-classees\/207722\/"},"author":{"name":"MC","@id":"https:\/\/www.webdo.tn\/fr\/#\/schema\/person\/2c4929cbf5a809e3bd38617c6ce150f6"},"headline":"Le minist\u00e8re du Commerce interrompt l&rsquo;approvisionnement en farine et semoule des boulangeries non class\u00e9es","datePublished":"2023-08-04T09:13:00+00:00","dateModified":"2025-05-20T21:58:00+00:00","mainEntityOfPage":{"@id":"https:\/\/www.webdo.tn\/fr\/actualite\/national\/le-ministere-du-commerce-interrompt-l-approvisionnement-en-farine-et-semoule-des-boulangeries-non-classees\/207722\/"},"wordCount":175,"commentCount":0,"publisher":{"@id":"https:\/\/www.webdo.tn\/fr\/#organization"},"image":{"@id":"https:\/\/www.webdo.tn\/fr\/actualite\/national\/le-ministere-du-commerce-interrompt-l-approvisionnement-en-farine-et-semoule-des-boulangeries-non-classees\/207722\/#primaryimage"},"thumbnailUrl":"https:\/\/www.webdo.tn\/fr\/wp-content\/uploads\/2023\/08\/56be6daf4203bbea41ba59461ba799c4.jpg","keywords":["boulangeries","Farine","pain","semoule"],"articleSection":["National"],"inLanguage":"fr-FR"},{"@type":"WebPage","@id":"https:\/\/www.webdo.tn\/fr\/actualite\/national\/le-ministere-du-commerce-interrompt-l-approvisionnement-en-farine-et-semoule-des-boulangeries-non-classees\/207722\/","url":"https:\/\/www.webdo.tn\/fr\/actualite\/national\/le-ministere-du-commerce-interrompt-l-approvisionnement-en-farine-et-semoule-des-boulangeries-non-classees\/207722\/","name":"Le minist\u00e8re du Commerce interrompt l'approvisionnement en farine et semoule des boulangeries non class\u00e9es","isPartOf":{"@id":"https:\/\/www.webdo.tn\/fr\/#website"},"primaryImageOfPage":{"@id":"https:\/\/www.webdo.tn\/fr\/actualite\/national\/le-ministere-du-commerce-interrompt-l-approvisionnement-en-farine-et-semoule-des-boulangeries-non-classees\/207722\/#primaryimage"},"image":{"@id":"https:\/\/www.webdo.tn\/fr\/actualite\/national\/le-ministere-du-commerce-interrompt-l-approvisionnement-en-farine-et-semoule-des-boulangeries-non-classees\/207722\/#primaryimage"},"thumbnailUrl":"https:\/\/www.webdo.tn\/fr\/wp-content\/uploads\/2023\/08\/56be6daf4203bbea41ba59461ba799c4.jpg","datePublished":"2023-08-04T09:13:00+00:00","dateModified":"2025-05-20T21:58:00+00:00","description":"Le minist\u00e8re du Commerce et du D\u00e9veloppement des Exportations a annonc\u00e9, ce jeudi 3 ao\u00fbt 2023, la d\u00e9cision d\u2019interrompre l\u2019approvisionnement en farine et semoul...","breadcrumb":{"@id":"https:\/\/www.webdo.tn\/fr\/actualite\/national\/le-ministere-du-commerce-interrompt-l-approvisionnement-en-farine-et-semoule-des-boulangeries-non-classees\/207722\/#breadcrumb"},"inLanguage":"fr-FR","potentialAction":[{"@type":"ReadAction","target":["https:\/\/www.webdo.tn\/fr\/actualite\/national\/le-ministere-du-commerce-interrompt-l-approvisionnement-en-farine-et-semoule-des-boulangeries-non-classees\/207722\/"]}]},{"@type":"ImageObject","inLanguage":"fr-FR","@id":"https:\/\/www.webdo.tn\/fr\/actualite\/national\/le-ministere-du-commerce-interrompt-l-approvisionnement-en-farine-et-semoule-des-boulangeries-non-classees\/207722\/#primaryimage","url":"https:\/\/www.webdo.tn\/fr\/wp-content\/uploads\/2023\/08\/56be6daf4203bbea41ba59461ba799c4.jpg","contentUrl":"https:\/\/www.webdo.tn\/fr\/wp-content\/uploads\/2023\/08\/56be6daf4203bbea41ba59461ba799c4.jpg","width":750,"height":400,"caption":"Le minist\u00e8re du Commerce interrompt l'approvisionnement en farine et semoule des boulangeries non class\u00e9es"},{"@type":"BreadcrumbList","@id":"https:\/\/www.webdo.tn\/fr\/actualite\/national\/le-ministere-du-commerce-interrompt-l-approvisionnement-en-farine-et-semoule-des-boulangeries-non-classees\/207722\/#breadcrumb","itemListElement":[{"@type":"ListItem","position":1,"name":"Accueil","item":"https:\/\/www.webdo.tn\/fr\/"},{"@type":"ListItem","position":2,"name":"Le minist\u00e8re du Commerce interrompt l&#8217;approvisionnement en farine et semoule des boulangeries non class\u00e9es"}]},{"@type":"WebSite","@id":"https:\/\/www.webdo.tn\/fr\/#website","url":"https:\/\/www.webdo.tn\/fr\/","name":"webdo","description":"Tunisie - News en Tunisie et \u00e0 l&#039;international sur Webdo.tn","publisher":{"@id":"https:\/\/www.webdo.tn\/fr\/#organization"},"potentialAction":[{"@type":"SearchAction","target":{"@type":"EntryPoint","urlTemplate":"https:\/\/www.webdo.tn\/fr\/?s={search_term_string}"},"query-input":{"@type":"PropertyValueSpecification","valueRequired":true,"valueName":"search_term_string"}}],"inLanguage":"fr-FR"},{"@type":"Organization","@id":"https:\/\/www.webdo.tn\/fr\/#organization","name":"Webdo","alternateName":"Webdo.tn","url":"https:\/\/www.webdo.tn\/fr\/","logo":{"@type":"ImageObject","inLanguage":"fr-FR","@id":"https:\/\/www.webdo.tn\/fr\/#\/schema\/logo\/image\/","url":"https:\/\/www.webdo.tn\/fr\/wp-content\/uploads\/2025\/06\/Webdo-Tunisie_168377.jpg","contentUrl":"https:\/\/www.webdo.tn\/fr\/wp-content\/uploads\/2025\/06\/Webdo-Tunisie_168377.jpg","width":301,"height":301,"caption":"Webdo"},"image":{"@id":"https:\/\/www.webdo.tn\/fr\/#\/schema\/logo\/image\/"},"sameAs":["https:\/\/www.facebook.com\/webdotn","https:\/\/x.com\/webdo_tn"],"description":"Webdo est un m\u00e9dia num\u00e9rique tunisien fond\u00e9 en 2010, sp\u00e9cialis\u00e9 dans l\u2019actualit\u00e9 nationale et internationale, l\u2019\u00e9conomie, la soci\u00e9t\u00e9 et les analyses politiques. Le site s\u2019adresse \u00e0 un large public francophone et couvre l\u2019information tunisienne en temps r\u00e9el.","email":"redac@webdo.tn","legalName":"YNJ SARL","foundingDate":"2010-09-06","numberOfEmployees":{"@type":"QuantitativeValue","minValue":"11","maxValue":"50"}},{"@type":"Person","@id":"https:\/\/www.webdo.tn\/fr\/#\/schema\/person\/2c4929cbf5a809e3bd38617c6ce150f6","name":"MC","image":{"@type":"ImageObject","inLanguage":"fr-FR","@id":"https:\/\/secure.gravatar.com\/avatar\/a545bbb6f84efdd5553dbbc2895e3ca8f1d12c5215e00a041c9670b54aa9b18a?s=96&d=mm&r=g","url":"https:\/\/secure.gravatar.com\/avatar\/a545bbb6f84efdd5553dbbc2895e3ca8f1d12c5215e00a041c9670b54aa9b18a?s=96&d=mm&r=g","contentUrl":"https:\/\/secure.gravatar.com\/avatar\/a545bbb6f84efdd5553dbbc2895e3ca8f1d12c5215e00a041c9670b54aa9b18a?s=96&d=mm&r=g","caption":"MC"},"url":"https:\/\/www.webdo.tn\/fr\/actualite\/author\/mc\/"}]}},"_links":{"self":[{"href":"https:\/\/www.webdo.tn\/fr\/wp-json\/wp\/v2\/posts\/207722","targetHints":{"allow":["GET"]}}],"collection":[{"href":"https:\/\/www.webdo.tn\/fr\/wp-json\/wp\/v2\/posts"}],"about":[{"href":"https:\/\/www.webdo.tn\/fr\/wp-json\/wp\/v2\/types\/post"}],"author":[{"embeddable":true,"href":"https:\/\/www.webdo.tn\/fr\/wp-json\/wp\/v2\/users\/3162"}],"replies":[{"embeddable":true,"href":"https:\/\/www.webdo.tn\/fr\/wp-json\/wp\/v2\/comments?post=207722"}],"version-history":[{"count":0,"href":"https:\/\/www.webdo.tn\/fr\/wp-json\/wp\/v2\/posts\/207722\/revisions"}],"wp:featuredmedia":[{"embeddable":true,"href":"https:\/\/www.webdo.tn\/fr\/wp-json\/wp\/v2\/media\/249619"}],"wp:attachment":[{"href":"https:\/\/www.webdo.tn\/fr\/wp-json\/wp\/v2\/media?parent=207722"}],"wp:term":[{"taxonomy":"category","embeddable":true,"href":"https:\/\/www.webdo.tn\/fr\/wp-json\/wp\/v2\/categories?post=207722"},{"taxonomy":"post_tag","embeddable":true,"href":"https:\/\/www.webdo.tn\/fr\/wp-json\/wp\/v2\/tags?post=207722"}],"curies":[{"name":"wp","href":"https:\/\/api.w.org\/{rel}","templated":true}]}}