{"id":207721,"date":"2023-08-04T09:04:00","date_gmt":"2023-08-04T09:04:00","guid":{"rendered":"https:\/\/www.webdo.tn\/fr\/blog\/eau-minerale-les-marges-beneficiaires-fixees-par-le-ministere-du-commerce\/207721\/"},"modified":"2025-05-20T21:57:59","modified_gmt":"2025-05-20T21:57:59","slug":"eau-minerale-les-marges-beneficiaires-fixees-par-le-ministere-du-commerce","status":"publish","type":"post","link":"https:\/\/www.webdo.tn\/fr\/actualite\/national\/eau-minerale-les-marges-beneficiaires-fixees-par-le-ministere-du-commerce\/207721\/","title":{"rendered":"Eau min\u00e9rale : Les marges b\u00e9n\u00e9ficiaires fix\u00e9es par le minist\u00e8re du Commerce"},"content":{"rendered":"<p>Le minist\u00e8re du Commerce et du D\u00e9veloppement des Exportations a annonc\u00e9, ce jeudi 3 ao\u00fbt, sa d\u00e9cision de fixer, \u00e0 compter de vendredi 4 ao\u00fbt 2023, les marges b\u00e9n\u00e9ficiaires maximales des bouteilles d\u2019eau min\u00e9rale.<\/p>\n<p>\t\t\t\t\t\t\t\t\tUne mesure destin\u00e9e \u00e0 ma\u00eetriser les prix, \u00e0 garantir la transparence dans les circuits de distribution et \u00e0 pr\u00e9server le pouvoir d\u2019achat des citoyens.<\/p>\n<p>Les marges b\u00e9n\u00e9ficiaires maximales seront plafonn\u00e9es \u00e0 15% au niveau de la distribution de gros et \u00e0 20% pour ce qui est de la vente au d\u00e9tail, avec une augmentation de cinquante millimes \u00e0 l&rsquo;unit\u00e9 si les bouteilles sont r\u00e9frig\u00e9r\u00e9es, indique le minist\u00e8re dans un communiqu\u00e9.<\/p>\n<p>Ainsi, le prix de vente maximal a \u00e9t\u00e9 plafonn\u00e9 comme suit :<\/p>\n<p>\tBouteille d\u2019eau de 0,5 L : 500 millimes (normale) \/ 550 millimes (r\u00e9frig\u00e9r\u00e9e)<br \/>\n\tBouteille d\u2019eau de 1,5 L : 750 millimes (normale) \/ 800 millimes (r\u00e9frig\u00e9r\u00e9e)<br \/>\n\tBouteille d\u2019eau 2 L : 900 millimes (normale) \/ 950 millimes (r\u00e9frig\u00e9r\u00e9e)<\/p>\n<p>Le minist\u00e8re a appel\u00e9 les diff\u00e9rents intervenants du secteur de la distribution des bouteilles d\u2019eau min\u00e9rale \u00e0 respecter cette tarification, soulignant que les contrevenants seront passibles de sanctions conform\u00e9ment aux lois en vigueur.<\/p>\n","protected":false},"excerpt":{"rendered":"<p>Le minist\u00e8re du Commerce et du D\u00e9veloppement des Exportations a annonc\u00e9, ce jeudi 3 ao\u00fbt, sa d\u00e9cision de fixer, \u00e0 compter de vendredi 4 ao\u00fbt 2023, les marges b\u00e9&#8230;<\/p>\n","protected":false},"author":3162,"featured_media":249618,"comment_status":"open","ping_status":"closed","sticky":false,"template":"","format":"standard","meta":{"footnotes":""},"categories":[44],"tags":[7988,7171,2609],"class_list":["post-207721","post","type-post","status-publish","format-standard","has-post-thumbnail","hentry","category-national","tag-eau-minerale","tag-marge","tag-prix"],"yoast_head":"<!-- This site is optimized with the Yoast SEO Premium plugin v27.5 (Yoast SEO v27.5) - https:\/\/yoast.com\/product\/yoast-seo-premium-wordpress\/ -->\n<title>Eau min\u00e9rale : Les marges b\u00e9n\u00e9ficiaires fix\u00e9es par le minist\u00e8re du Commerce<\/title>\n<meta name=\"description\" content=\"Le minist\u00e8re du Commerce et du D\u00e9veloppement des Exportations a annonc\u00e9, ce jeudi 3 ao\u00fbt, sa d\u00e9cision de fixer, \u00e0 compter de vendredi 4 ao\u00fbt 2023, les marges b\u00e9...\" \/>\n<link rel=\"canonical\" href=\"https:\/\/www.webdo.tn\/fr\/actualite\/national\/eau-minerale-les-marges-beneficiaires-fixees-par-le-ministere-du-commerce\/207721\/\" \/>\n<meta property=\"og:locale\" content=\"fr_FR\" \/>\n<meta property=\"og:type\" content=\"article\" \/>\n<meta property=\"og:title\" content=\"Eau min\u00e9rale : Les marges b\u00e9n\u00e9ficiaires fix\u00e9es par le minist\u00e8re du Commerce\" \/>\n<meta property=\"og:description\" content=\"Le minist\u00e8re du Commerce et du D\u00e9veloppement des Exportations a annonc\u00e9, ce jeudi 3 ao\u00fbt, sa d\u00e9cision de fixer, \u00e0 compter de vendredi 4 ao\u00fbt 2023, les marges b\u00e9...\" \/>\n<meta property=\"og:url\" content=\"https:\/\/www.webdo.tn\/fr\/actualite\/national\/eau-minerale-les-marges-beneficiaires-fixees-par-le-ministere-du-commerce\/207721\/\" \/>\n<meta property=\"og:site_name\" content=\"webdo\" \/>\n<meta property=\"article:publisher\" content=\"https:\/\/www.facebook.com\/webdotn\" \/>\n<meta property=\"article:published_time\" content=\"2023-08-04T09:04:00+00:00\" \/>\n<meta property=\"article:modified_time\" content=\"2025-05-20T21:57:59+00:00\" \/>\n<meta property=\"og:image\" content=\"https:\/\/www.webdo.tn\/fr\/wp-content\/uploads\/2023\/08\/8957c3a52eaa3a26e6f50eee69d55c4e.jpg\" \/>\n\t<meta property=\"og:image:width\" content=\"750\" \/>\n\t<meta property=\"og:image:height\" content=\"400\" \/>\n\t<meta property=\"og:image:type\" content=\"image\/jpeg\" \/>\n<meta name=\"author\" content=\"MC\" \/>\n<meta name=\"twitter:card\" content=\"summary_large_image\" \/>\n<meta name=\"twitter:creator\" content=\"@webdo_tn\" \/>\n<meta name=\"twitter:site\" content=\"@webdo_tn\" \/>\n<meta name=\"twitter:label1\" content=\"\u00c9crit par\" \/>\n\t<meta name=\"twitter:data1\" content=\"MC\" \/>\n\t<meta name=\"twitter:label2\" content=\"Dur\u00e9e de lecture estim\u00e9e\" \/>\n\t<meta name=\"twitter:data2\" content=\"1 minute\" \/>\n<script type=\"application\/ld+json\" class=\"yoast-schema-graph\">{\"@context\":\"https:\\\/\\\/schema.org\",\"@graph\":[{\"@type\":\"NewsArticle\",\"@id\":\"https:\\\/\\\/www.webdo.tn\\\/fr\\\/actualite\\\/national\\\/eau-minerale-les-marges-beneficiaires-fixees-par-le-ministere-du-commerce\\\/207721\\\/#article\",\"isPartOf\":{\"@id\":\"https:\\\/\\\/www.webdo.tn\\\/fr\\\/actualite\\\/national\\\/eau-minerale-les-marges-beneficiaires-fixees-par-le-ministere-du-commerce\\\/207721\\\/\"},\"author\":{\"name\":\"MC\",\"@id\":\"https:\\\/\\\/www.webdo.tn\\\/fr\\\/#\\\/schema\\\/person\\\/2c4929cbf5a809e3bd38617c6ce150f6\"},\"headline\":\"Eau min\u00e9rale : Les marges b\u00e9n\u00e9ficiaires fix\u00e9es par le minist\u00e8re du Commerce\",\"datePublished\":\"2023-08-04T09:04:00+00:00\",\"dateModified\":\"2025-05-20T21:57:59+00:00\",\"mainEntityOfPage\":{\"@id\":\"https:\\\/\\\/www.webdo.tn\\\/fr\\\/actualite\\\/national\\\/eau-minerale-les-marges-beneficiaires-fixees-par-le-ministere-du-commerce\\\/207721\\\/\"},\"wordCount\":213,\"commentCount\":0,\"publisher\":{\"@id\":\"https:\\\/\\\/www.webdo.tn\\\/fr\\\/#organization\"},\"image\":{\"@id\":\"https:\\\/\\\/www.webdo.tn\\\/fr\\\/actualite\\\/national\\\/eau-minerale-les-marges-beneficiaires-fixees-par-le-ministere-du-commerce\\\/207721\\\/#primaryimage\"},\"thumbnailUrl\":\"https:\\\/\\\/www.webdo.tn\\\/fr\\\/wp-content\\\/uploads\\\/2023\\\/08\\\/8957c3a52eaa3a26e6f50eee69d55c4e.jpg\",\"keywords\":[\"eau min\u00e9rale\",\"marge\",\"prix\"],\"articleSection\":[\"National\"],\"inLanguage\":\"fr-FR\"},{\"@type\":\"WebPage\",\"@id\":\"https:\\\/\\\/www.webdo.tn\\\/fr\\\/actualite\\\/national\\\/eau-minerale-les-marges-beneficiaires-fixees-par-le-ministere-du-commerce\\\/207721\\\/\",\"url\":\"https:\\\/\\\/www.webdo.tn\\\/fr\\\/actualite\\\/national\\\/eau-minerale-les-marges-beneficiaires-fixees-par-le-ministere-du-commerce\\\/207721\\\/\",\"name\":\"Eau min\u00e9rale : Les marges b\u00e9n\u00e9ficiaires fix\u00e9es par le minist\u00e8re du Commerce\",\"isPartOf\":{\"@id\":\"https:\\\/\\\/www.webdo.tn\\\/fr\\\/#website\"},\"primaryImageOfPage\":{\"@id\":\"https:\\\/\\\/www.webdo.tn\\\/fr\\\/actualite\\\/national\\\/eau-minerale-les-marges-beneficiaires-fixees-par-le-ministere-du-commerce\\\/207721\\\/#primaryimage\"},\"image\":{\"@id\":\"https:\\\/\\\/www.webdo.tn\\\/fr\\\/actualite\\\/national\\\/eau-minerale-les-marges-beneficiaires-fixees-par-le-ministere-du-commerce\\\/207721\\\/#primaryimage\"},\"thumbnailUrl\":\"https:\\\/\\\/www.webdo.tn\\\/fr\\\/wp-content\\\/uploads\\\/2023\\\/08\\\/8957c3a52eaa3a26e6f50eee69d55c4e.jpg\",\"datePublished\":\"2023-08-04T09:04:00+00:00\",\"dateModified\":\"2025-05-20T21:57:59+00:00\",\"description\":\"Le minist\u00e8re du Commerce et du D\u00e9veloppement des Exportations a annonc\u00e9, ce jeudi 3 ao\u00fbt, sa d\u00e9cision de fixer, \u00e0 compter de vendredi 4 ao\u00fbt 2023, les marges b\u00e9...\",\"breadcrumb\":{\"@id\":\"https:\\\/\\\/www.webdo.tn\\\/fr\\\/actualite\\\/national\\\/eau-minerale-les-marges-beneficiaires-fixees-par-le-ministere-du-commerce\\\/207721\\\/#breadcrumb\"},\"inLanguage\":\"fr-FR\",\"potentialAction\":[{\"@type\":\"ReadAction\",\"target\":[\"https:\\\/\\\/www.webdo.tn\\\/fr\\\/actualite\\\/national\\\/eau-minerale-les-marges-beneficiaires-fixees-par-le-ministere-du-commerce\\\/207721\\\/\"]}]},{\"@type\":\"ImageObject\",\"inLanguage\":\"fr-FR\",\"@id\":\"https:\\\/\\\/www.webdo.tn\\\/fr\\\/actualite\\\/national\\\/eau-minerale-les-marges-beneficiaires-fixees-par-le-ministere-du-commerce\\\/207721\\\/#primaryimage\",\"url\":\"https:\\\/\\\/www.webdo.tn\\\/fr\\\/wp-content\\\/uploads\\\/2023\\\/08\\\/8957c3a52eaa3a26e6f50eee69d55c4e.jpg\",\"contentUrl\":\"https:\\\/\\\/www.webdo.tn\\\/fr\\\/wp-content\\\/uploads\\\/2023\\\/08\\\/8957c3a52eaa3a26e6f50eee69d55c4e.jpg\",\"width\":750,\"height\":400,\"caption\":\"Eau min\u00e9rale : Les marges b\u00e9n\u00e9ficiaires fix\u00e9es par le minist\u00e8re du Commerce\"},{\"@type\":\"BreadcrumbList\",\"@id\":\"https:\\\/\\\/www.webdo.tn\\\/fr\\\/actualite\\\/national\\\/eau-minerale-les-marges-beneficiaires-fixees-par-le-ministere-du-commerce\\\/207721\\\/#breadcrumb\",\"itemListElement\":[{\"@type\":\"ListItem\",\"position\":1,\"name\":\"Accueil\",\"item\":\"https:\\\/\\\/www.webdo.tn\\\/fr\\\/\"},{\"@type\":\"ListItem\",\"position\":2,\"name\":\"Eau min\u00e9rale : Les marges b\u00e9n\u00e9ficiaires fix\u00e9es par le minist\u00e8re du Commerce\"}]},{\"@type\":\"WebSite\",\"@id\":\"https:\\\/\\\/www.webdo.tn\\\/fr\\\/#website\",\"url\":\"https:\\\/\\\/www.webdo.tn\\\/fr\\\/\",\"name\":\"webdo\",\"description\":\"Tunisie - News en Tunisie et \u00e0 l&#039;international sur Webdo.tn\",\"publisher\":{\"@id\":\"https:\\\/\\\/www.webdo.tn\\\/fr\\\/#organization\"},\"potentialAction\":[{\"@type\":\"SearchAction\",\"target\":{\"@type\":\"EntryPoint\",\"urlTemplate\":\"https:\\\/\\\/www.webdo.tn\\\/fr\\\/?s={search_term_string}\"},\"query-input\":{\"@type\":\"PropertyValueSpecification\",\"valueRequired\":true,\"valueName\":\"search_term_string\"}}],\"inLanguage\":\"fr-FR\"},{\"@type\":\"Organization\",\"@id\":\"https:\\\/\\\/www.webdo.tn\\\/fr\\\/#organization\",\"name\":\"Webdo\",\"alternateName\":\"Webdo.tn\",\"url\":\"https:\\\/\\\/www.webdo.tn\\\/fr\\\/\",\"logo\":{\"@type\":\"ImageObject\",\"inLanguage\":\"fr-FR\",\"@id\":\"https:\\\/\\\/www.webdo.tn\\\/fr\\\/#\\\/schema\\\/logo\\\/image\\\/\",\"url\":\"https:\\\/\\\/www.webdo.tn\\\/fr\\\/wp-content\\\/uploads\\\/2025\\\/06\\\/Webdo-Tunisie_168377.jpg\",\"contentUrl\":\"https:\\\/\\\/www.webdo.tn\\\/fr\\\/wp-content\\\/uploads\\\/2025\\\/06\\\/Webdo-Tunisie_168377.jpg\",\"width\":301,\"height\":301,\"caption\":\"Webdo\"},\"image\":{\"@id\":\"https:\\\/\\\/www.webdo.tn\\\/fr\\\/#\\\/schema\\\/logo\\\/image\\\/\"},\"sameAs\":[\"https:\\\/\\\/www.facebook.com\\\/webdotn\",\"https:\\\/\\\/x.com\\\/webdo_tn\"],\"description\":\"Webdo est un m\u00e9dia num\u00e9rique tunisien fond\u00e9 en 2010, sp\u00e9cialis\u00e9 dans l\u2019actualit\u00e9 nationale et internationale, l\u2019\u00e9conomie, la soci\u00e9t\u00e9 et les analyses politiques. Le site s\u2019adresse \u00e0 un large public francophone et couvre l\u2019information tunisienne en temps r\u00e9el.\",\"email\":\"redac@webdo.tn\",\"legalName\":\"YNJ SARL\",\"foundingDate\":\"2010-09-06\",\"numberOfEmployees\":{\"@type\":\"QuantitativeValue\",\"minValue\":\"11\",\"maxValue\":\"50\"}},{\"@type\":\"Person\",\"@id\":\"https:\\\/\\\/www.webdo.tn\\\/fr\\\/#\\\/schema\\\/person\\\/2c4929cbf5a809e3bd38617c6ce150f6\",\"name\":\"MC\",\"image\":{\"@type\":\"ImageObject\",\"inLanguage\":\"fr-FR\",\"@id\":\"https:\\\/\\\/secure.gravatar.com\\\/avatar\\\/a545bbb6f84efdd5553dbbc2895e3ca8f1d12c5215e00a041c9670b54aa9b18a?s=96&d=mm&r=g\",\"url\":\"https:\\\/\\\/secure.gravatar.com\\\/avatar\\\/a545bbb6f84efdd5553dbbc2895e3ca8f1d12c5215e00a041c9670b54aa9b18a?s=96&d=mm&r=g\",\"contentUrl\":\"https:\\\/\\\/secure.gravatar.com\\\/avatar\\\/a545bbb6f84efdd5553dbbc2895e3ca8f1d12c5215e00a041c9670b54aa9b18a?s=96&d=mm&r=g\",\"caption\":\"MC\"},\"url\":\"https:\\\/\\\/www.webdo.tn\\\/fr\\\/actualite\\\/author\\\/mc\\\/\"}]}<\/script>\n<!-- \/ Yoast SEO Premium plugin. -->","yoast_head_json":{"title":"Eau min\u00e9rale : Les marges b\u00e9n\u00e9ficiaires fix\u00e9es par le minist\u00e8re du Commerce","description":"Le minist\u00e8re du Commerce et du D\u00e9veloppement des Exportations a annonc\u00e9, ce jeudi 3 ao\u00fbt, sa d\u00e9cision de fixer, \u00e0 compter de vendredi 4 ao\u00fbt 2023, les marges b\u00e9...","canonical":"https:\/\/www.webdo.tn\/fr\/actualite\/national\/eau-minerale-les-marges-beneficiaires-fixees-par-le-ministere-du-commerce\/207721\/","og_locale":"fr_FR","og_type":"article","og_title":"Eau min\u00e9rale : Les marges b\u00e9n\u00e9ficiaires fix\u00e9es par le minist\u00e8re du Commerce","og_description":"Le minist\u00e8re du Commerce et du D\u00e9veloppement des Exportations a annonc\u00e9, ce jeudi 3 ao\u00fbt, sa d\u00e9cision de fixer, \u00e0 compter de vendredi 4 ao\u00fbt 2023, les marges b\u00e9...","og_url":"https:\/\/www.webdo.tn\/fr\/actualite\/national\/eau-minerale-les-marges-beneficiaires-fixees-par-le-ministere-du-commerce\/207721\/","og_site_name":"webdo","article_publisher":"https:\/\/www.facebook.com\/webdotn","article_published_time":"2023-08-04T09:04:00+00:00","article_modified_time":"2025-05-20T21:57:59+00:00","og_image":[{"width":750,"height":400,"url":"https:\/\/www.webdo.tn\/fr\/wp-content\/uploads\/2023\/08\/8957c3a52eaa3a26e6f50eee69d55c4e.jpg","type":"image\/jpeg"}],"author":"MC","twitter_card":"summary_large_image","twitter_creator":"@webdo_tn","twitter_site":"@webdo_tn","twitter_misc":{"\u00c9crit par":"MC","Dur\u00e9e de lecture estim\u00e9e":"1 minute"},"schema":{"@context":"https:\/\/schema.org","@graph":[{"@type":"NewsArticle","@id":"https:\/\/www.webdo.tn\/fr\/actualite\/national\/eau-minerale-les-marges-beneficiaires-fixees-par-le-ministere-du-commerce\/207721\/#article","isPartOf":{"@id":"https:\/\/www.webdo.tn\/fr\/actualite\/national\/eau-minerale-les-marges-beneficiaires-fixees-par-le-ministere-du-commerce\/207721\/"},"author":{"name":"MC","@id":"https:\/\/www.webdo.tn\/fr\/#\/schema\/person\/2c4929cbf5a809e3bd38617c6ce150f6"},"headline":"Eau min\u00e9rale : Les marges b\u00e9n\u00e9ficiaires fix\u00e9es par le minist\u00e8re du Commerce","datePublished":"2023-08-04T09:04:00+00:00","dateModified":"2025-05-20T21:57:59+00:00","mainEntityOfPage":{"@id":"https:\/\/www.webdo.tn\/fr\/actualite\/national\/eau-minerale-les-marges-beneficiaires-fixees-par-le-ministere-du-commerce\/207721\/"},"wordCount":213,"commentCount":0,"publisher":{"@id":"https:\/\/www.webdo.tn\/fr\/#organization"},"image":{"@id":"https:\/\/www.webdo.tn\/fr\/actualite\/national\/eau-minerale-les-marges-beneficiaires-fixees-par-le-ministere-du-commerce\/207721\/#primaryimage"},"thumbnailUrl":"https:\/\/www.webdo.tn\/fr\/wp-content\/uploads\/2023\/08\/8957c3a52eaa3a26e6f50eee69d55c4e.jpg","keywords":["eau min\u00e9rale","marge","prix"],"articleSection":["National"],"inLanguage":"fr-FR"},{"@type":"WebPage","@id":"https:\/\/www.webdo.tn\/fr\/actualite\/national\/eau-minerale-les-marges-beneficiaires-fixees-par-le-ministere-du-commerce\/207721\/","url":"https:\/\/www.webdo.tn\/fr\/actualite\/national\/eau-minerale-les-marges-beneficiaires-fixees-par-le-ministere-du-commerce\/207721\/","name":"Eau min\u00e9rale : Les marges b\u00e9n\u00e9ficiaires fix\u00e9es par le minist\u00e8re du Commerce","isPartOf":{"@id":"https:\/\/www.webdo.tn\/fr\/#website"},"primaryImageOfPage":{"@id":"https:\/\/www.webdo.tn\/fr\/actualite\/national\/eau-minerale-les-marges-beneficiaires-fixees-par-le-ministere-du-commerce\/207721\/#primaryimage"},"image":{"@id":"https:\/\/www.webdo.tn\/fr\/actualite\/national\/eau-minerale-les-marges-beneficiaires-fixees-par-le-ministere-du-commerce\/207721\/#primaryimage"},"thumbnailUrl":"https:\/\/www.webdo.tn\/fr\/wp-content\/uploads\/2023\/08\/8957c3a52eaa3a26e6f50eee69d55c4e.jpg","datePublished":"2023-08-04T09:04:00+00:00","dateModified":"2025-05-20T21:57:59+00:00","description":"Le minist\u00e8re du Commerce et du D\u00e9veloppement des Exportations a annonc\u00e9, ce jeudi 3 ao\u00fbt, sa d\u00e9cision de fixer, \u00e0 compter de vendredi 4 ao\u00fbt 2023, les marges b\u00e9...","breadcrumb":{"@id":"https:\/\/www.webdo.tn\/fr\/actualite\/national\/eau-minerale-les-marges-beneficiaires-fixees-par-le-ministere-du-commerce\/207721\/#breadcrumb"},"inLanguage":"fr-FR","potentialAction":[{"@type":"ReadAction","target":["https:\/\/www.webdo.tn\/fr\/actualite\/national\/eau-minerale-les-marges-beneficiaires-fixees-par-le-ministere-du-commerce\/207721\/"]}]},{"@type":"ImageObject","inLanguage":"fr-FR","@id":"https:\/\/www.webdo.tn\/fr\/actualite\/national\/eau-minerale-les-marges-beneficiaires-fixees-par-le-ministere-du-commerce\/207721\/#primaryimage","url":"https:\/\/www.webdo.tn\/fr\/wp-content\/uploads\/2023\/08\/8957c3a52eaa3a26e6f50eee69d55c4e.jpg","contentUrl":"https:\/\/www.webdo.tn\/fr\/wp-content\/uploads\/2023\/08\/8957c3a52eaa3a26e6f50eee69d55c4e.jpg","width":750,"height":400,"caption":"Eau min\u00e9rale : Les marges b\u00e9n\u00e9ficiaires fix\u00e9es par le minist\u00e8re du Commerce"},{"@type":"BreadcrumbList","@id":"https:\/\/www.webdo.tn\/fr\/actualite\/national\/eau-minerale-les-marges-beneficiaires-fixees-par-le-ministere-du-commerce\/207721\/#breadcrumb","itemListElement":[{"@type":"ListItem","position":1,"name":"Accueil","item":"https:\/\/www.webdo.tn\/fr\/"},{"@type":"ListItem","position":2,"name":"Eau min\u00e9rale : Les marges b\u00e9n\u00e9ficiaires fix\u00e9es par le minist\u00e8re du Commerce"}]},{"@type":"WebSite","@id":"https:\/\/www.webdo.tn\/fr\/#website","url":"https:\/\/www.webdo.tn\/fr\/","name":"webdo","description":"Tunisie - News en Tunisie et \u00e0 l&#039;international sur Webdo.tn","publisher":{"@id":"https:\/\/www.webdo.tn\/fr\/#organization"},"potentialAction":[{"@type":"SearchAction","target":{"@type":"EntryPoint","urlTemplate":"https:\/\/www.webdo.tn\/fr\/?s={search_term_string}"},"query-input":{"@type":"PropertyValueSpecification","valueRequired":true,"valueName":"search_term_string"}}],"inLanguage":"fr-FR"},{"@type":"Organization","@id":"https:\/\/www.webdo.tn\/fr\/#organization","name":"Webdo","alternateName":"Webdo.tn","url":"https:\/\/www.webdo.tn\/fr\/","logo":{"@type":"ImageObject","inLanguage":"fr-FR","@id":"https:\/\/www.webdo.tn\/fr\/#\/schema\/logo\/image\/","url":"https:\/\/www.webdo.tn\/fr\/wp-content\/uploads\/2025\/06\/Webdo-Tunisie_168377.jpg","contentUrl":"https:\/\/www.webdo.tn\/fr\/wp-content\/uploads\/2025\/06\/Webdo-Tunisie_168377.jpg","width":301,"height":301,"caption":"Webdo"},"image":{"@id":"https:\/\/www.webdo.tn\/fr\/#\/schema\/logo\/image\/"},"sameAs":["https:\/\/www.facebook.com\/webdotn","https:\/\/x.com\/webdo_tn"],"description":"Webdo est un m\u00e9dia num\u00e9rique tunisien fond\u00e9 en 2010, sp\u00e9cialis\u00e9 dans l\u2019actualit\u00e9 nationale et internationale, l\u2019\u00e9conomie, la soci\u00e9t\u00e9 et les analyses politiques. Le site s\u2019adresse \u00e0 un large public francophone et couvre l\u2019information tunisienne en temps r\u00e9el.","email":"redac@webdo.tn","legalName":"YNJ SARL","foundingDate":"2010-09-06","numberOfEmployees":{"@type":"QuantitativeValue","minValue":"11","maxValue":"50"}},{"@type":"Person","@id":"https:\/\/www.webdo.tn\/fr\/#\/schema\/person\/2c4929cbf5a809e3bd38617c6ce150f6","name":"MC","image":{"@type":"ImageObject","inLanguage":"fr-FR","@id":"https:\/\/secure.gravatar.com\/avatar\/a545bbb6f84efdd5553dbbc2895e3ca8f1d12c5215e00a041c9670b54aa9b18a?s=96&d=mm&r=g","url":"https:\/\/secure.gravatar.com\/avatar\/a545bbb6f84efdd5553dbbc2895e3ca8f1d12c5215e00a041c9670b54aa9b18a?s=96&d=mm&r=g","contentUrl":"https:\/\/secure.gravatar.com\/avatar\/a545bbb6f84efdd5553dbbc2895e3ca8f1d12c5215e00a041c9670b54aa9b18a?s=96&d=mm&r=g","caption":"MC"},"url":"https:\/\/www.webdo.tn\/fr\/actualite\/author\/mc\/"}]}},"_links":{"self":[{"href":"https:\/\/www.webdo.tn\/fr\/wp-json\/wp\/v2\/posts\/207721","targetHints":{"allow":["GET"]}}],"collection":[{"href":"https:\/\/www.webdo.tn\/fr\/wp-json\/wp\/v2\/posts"}],"about":[{"href":"https:\/\/www.webdo.tn\/fr\/wp-json\/wp\/v2\/types\/post"}],"author":[{"embeddable":true,"href":"https:\/\/www.webdo.tn\/fr\/wp-json\/wp\/v2\/users\/3162"}],"replies":[{"embeddable":true,"href":"https:\/\/www.webdo.tn\/fr\/wp-json\/wp\/v2\/comments?post=207721"}],"version-history":[{"count":0,"href":"https:\/\/www.webdo.tn\/fr\/wp-json\/wp\/v2\/posts\/207721\/revisions"}],"wp:featuredmedia":[{"embeddable":true,"href":"https:\/\/www.webdo.tn\/fr\/wp-json\/wp\/v2\/media\/249618"}],"wp:attachment":[{"href":"https:\/\/www.webdo.tn\/fr\/wp-json\/wp\/v2\/media?parent=207721"}],"wp:term":[{"taxonomy":"category","embeddable":true,"href":"https:\/\/www.webdo.tn\/fr\/wp-json\/wp\/v2\/categories?post=207721"},{"taxonomy":"post_tag","embeddable":true,"href":"https:\/\/www.webdo.tn\/fr\/wp-json\/wp\/v2\/tags?post=207721"}],"curies":[{"name":"wp","href":"https:\/\/api.w.org\/{rel}","templated":true}]}}