{"id":207705,"date":"2023-08-03T12:46:00","date_gmt":"2023-08-03T12:46:00","guid":{"rendered":"https:\/\/www.webdo.tn\/fr\/blog\/tunisie-telecom-contribue-a-1-4-du-pib\/207705\/"},"modified":"2023-08-03T12:46:00","modified_gmt":"2023-08-03T12:46:00","slug":"tunisie-telecom-contribue-a-1-4-du-pib","status":"publish","type":"post","link":"https:\/\/www.webdo.tn\/fr\/actualite\/national\/tunisie-telecom-contribue-a-1-4-du-pib\/207705\/","title":{"rendered":"Tunisie Telecom contribue \u00e0 1,4% du PIB"},"content":{"rendered":"<p>Dans un post publi\u00e9 sur la page officielle de Tunisie Telecom sur le r\u00e9seau social LinkedIn, Lass\u00e2ad Ben Dhiab, PDG de Tunisie Telecom a mis en avant que l\u2019op\u00e9rateur historique contribue \u00e0 1,4% du PIB du pays  gr\u00e2ce \u00e0 ses 6000 agents.<\/p>\n<p>\t\t\t\t\t\t\t\t\tM. Lass\u00e2ad Ben Dhiab, a \u00e9galement remerci\u00e9 la famille de TT pour son engagement \u00e0 offrir des services de communication de qualit\u00e9 aux Tunisiens et notamment\u00a0 ces derni\u00e8res semaines impact\u00e9es par des conditions m\u00e9t\u00e9orologiques extr\u00eames et des incendies qui ont d\u00e9vast\u00e9 le nord-ouest du pays.<\/p>\n<p>Ces efforts ont \u00e9t\u00e9 aussi salu\u00e9s r\u00e9cemment par L&rsquo;Instance Nationale des T\u00e9l\u00e9communications (INT) mettant en avant le r\u00f4le essentiel de l\u2019op\u00e9rateur national en tant que fournisseur de connectivit\u00e9 fiable en p\u00e9riode de crise.<\/p>\n<p>Voir notre article : Tunisie Telecom : Mobilisation accrue pour garantir les services en d\u00e9pit de toutes les difficult\u00e9s<\/p>\n","protected":false},"excerpt":{"rendered":"<p>Dans un post publi\u00e9 sur la page officielle de Tunisie Telecom sur le r\u00e9seau social LinkedIn, Lass\u00e2ad Ben Dhiab, PDG de Tunisie Telecom a mis en avant que l\u2019op\u00e9r&#8230;<\/p>\n","protected":false},"author":4780,"featured_media":249608,"comment_status":"open","ping_status":"closed","sticky":false,"template":"","format":"standard","meta":{"footnotes":""},"categories":[44],"tags":[7551,4004,2931],"class_list":["post-207705","post","type-post","status-publish","format-standard","has-post-thumbnail","hentry","category-national","tag-lassaad-ben-dhiab","tag-pib","tag-tunisie-telecom"],"yoast_head":"<!-- This site is optimized with the Yoast SEO Premium plugin v27.5 (Yoast SEO v27.5) - https:\/\/yoast.com\/product\/yoast-seo-premium-wordpress\/ -->\n<title>Tunisie Telecom contribue \u00e0 1,4% du PIB<\/title>\n<meta name=\"description\" content=\"Dans un post publi\u00e9 sur la page officielle de Tunisie Telecom sur le r\u00e9seau social LinkedIn, Lass\u00e2ad Ben Dhiab, PDG de Tunisie Telecom a mis en avant que l\u2019op\u00e9r...\" \/>\n<link rel=\"canonical\" href=\"https:\/\/www.webdo.tn\/fr\/actualite\/national\/tunisie-telecom-contribue-a-1-4-du-pib\/207705\/\" \/>\n<meta property=\"og:locale\" content=\"fr_FR\" \/>\n<meta property=\"og:type\" content=\"article\" \/>\n<meta property=\"og:title\" content=\"Tunisie Telecom contribue \u00e0 1,4% du PIB\" \/>\n<meta property=\"og:description\" content=\"Dans un post publi\u00e9 sur la page officielle de Tunisie Telecom sur le r\u00e9seau social LinkedIn, Lass\u00e2ad Ben Dhiab, PDG de Tunisie Telecom a mis en avant que l\u2019op\u00e9r...\" \/>\n<meta property=\"og:url\" content=\"https:\/\/www.webdo.tn\/fr\/actualite\/national\/tunisie-telecom-contribue-a-1-4-du-pib\/207705\/\" \/>\n<meta property=\"og:site_name\" content=\"webdo\" \/>\n<meta property=\"article:publisher\" content=\"https:\/\/www.facebook.com\/webdotn\" \/>\n<meta property=\"article:published_time\" content=\"2023-08-03T12:46:00+00:00\" \/>\n<meta property=\"og:image\" content=\"https:\/\/www.webdo.tn\/fr\/wp-content\/uploads\/2023\/08\/84c7e93f479ebd063e7920bd802ab28d.jpg\" \/>\n\t<meta property=\"og:image:width\" content=\"750\" \/>\n\t<meta property=\"og:image:height\" content=\"400\" \/>\n\t<meta property=\"og:image:type\" content=\"image\/jpeg\" \/>\n<meta name=\"author\" content=\"Monia Bamri\" \/>\n<meta name=\"twitter:card\" content=\"summary_large_image\" \/>\n<meta name=\"twitter:creator\" content=\"@webdo_tn\" \/>\n<meta name=\"twitter:site\" content=\"@webdo_tn\" \/>\n<meta name=\"twitter:label1\" content=\"\u00c9crit par\" \/>\n\t<meta name=\"twitter:data1\" content=\"Monia Bamri\" \/>\n\t<meta name=\"twitter:label2\" content=\"Dur\u00e9e de lecture estim\u00e9e\" \/>\n\t<meta name=\"twitter:data2\" content=\"1 minute\" \/>\n<script type=\"application\/ld+json\" class=\"yoast-schema-graph\">{\"@context\":\"https:\\\/\\\/schema.org\",\"@graph\":[{\"@type\":\"NewsArticle\",\"@id\":\"https:\\\/\\\/www.webdo.tn\\\/fr\\\/actualite\\\/national\\\/tunisie-telecom-contribue-a-1-4-du-pib\\\/207705\\\/#article\",\"isPartOf\":{\"@id\":\"https:\\\/\\\/www.webdo.tn\\\/fr\\\/actualite\\\/national\\\/tunisie-telecom-contribue-a-1-4-du-pib\\\/207705\\\/\"},\"author\":{\"name\":\"Monia Bamri\",\"@id\":\"https:\\\/\\\/www.webdo.tn\\\/fr\\\/#\\\/schema\\\/person\\\/d1da0176a9d8f1249ef4e693c4b29d76\"},\"headline\":\"Tunisie Telecom contribue \u00e0 1,4% du PIB\",\"datePublished\":\"2023-08-03T12:46:00+00:00\",\"mainEntityOfPage\":{\"@id\":\"https:\\\/\\\/www.webdo.tn\\\/fr\\\/actualite\\\/national\\\/tunisie-telecom-contribue-a-1-4-du-pib\\\/207705\\\/\"},\"wordCount\":160,\"commentCount\":0,\"publisher\":{\"@id\":\"https:\\\/\\\/www.webdo.tn\\\/fr\\\/#organization\"},\"image\":{\"@id\":\"https:\\\/\\\/www.webdo.tn\\\/fr\\\/actualite\\\/national\\\/tunisie-telecom-contribue-a-1-4-du-pib\\\/207705\\\/#primaryimage\"},\"thumbnailUrl\":\"https:\\\/\\\/www.webdo.tn\\\/fr\\\/wp-content\\\/uploads\\\/2023\\\/08\\\/84c7e93f479ebd063e7920bd802ab28d.jpg\",\"keywords\":[\"Lass\u00e2ad Ben Dhiab\",\"PIB\",\"Tunisie Telecom\"],\"articleSection\":[\"National\"],\"inLanguage\":\"fr-FR\"},{\"@type\":\"WebPage\",\"@id\":\"https:\\\/\\\/www.webdo.tn\\\/fr\\\/actualite\\\/national\\\/tunisie-telecom-contribue-a-1-4-du-pib\\\/207705\\\/\",\"url\":\"https:\\\/\\\/www.webdo.tn\\\/fr\\\/actualite\\\/national\\\/tunisie-telecom-contribue-a-1-4-du-pib\\\/207705\\\/\",\"name\":\"Tunisie Telecom contribue \u00e0 1,4% du PIB\",\"isPartOf\":{\"@id\":\"https:\\\/\\\/www.webdo.tn\\\/fr\\\/#website\"},\"primaryImageOfPage\":{\"@id\":\"https:\\\/\\\/www.webdo.tn\\\/fr\\\/actualite\\\/national\\\/tunisie-telecom-contribue-a-1-4-du-pib\\\/207705\\\/#primaryimage\"},\"image\":{\"@id\":\"https:\\\/\\\/www.webdo.tn\\\/fr\\\/actualite\\\/national\\\/tunisie-telecom-contribue-a-1-4-du-pib\\\/207705\\\/#primaryimage\"},\"thumbnailUrl\":\"https:\\\/\\\/www.webdo.tn\\\/fr\\\/wp-content\\\/uploads\\\/2023\\\/08\\\/84c7e93f479ebd063e7920bd802ab28d.jpg\",\"datePublished\":\"2023-08-03T12:46:00+00:00\",\"description\":\"Dans un post publi\u00e9 sur la page officielle de Tunisie Telecom sur le r\u00e9seau social LinkedIn, Lass\u00e2ad Ben Dhiab, PDG de Tunisie Telecom a mis en avant que l\u2019op\u00e9r...\",\"breadcrumb\":{\"@id\":\"https:\\\/\\\/www.webdo.tn\\\/fr\\\/actualite\\\/national\\\/tunisie-telecom-contribue-a-1-4-du-pib\\\/207705\\\/#breadcrumb\"},\"inLanguage\":\"fr-FR\",\"potentialAction\":[{\"@type\":\"ReadAction\",\"target\":[\"https:\\\/\\\/www.webdo.tn\\\/fr\\\/actualite\\\/national\\\/tunisie-telecom-contribue-a-1-4-du-pib\\\/207705\\\/\"]}]},{\"@type\":\"ImageObject\",\"inLanguage\":\"fr-FR\",\"@id\":\"https:\\\/\\\/www.webdo.tn\\\/fr\\\/actualite\\\/national\\\/tunisie-telecom-contribue-a-1-4-du-pib\\\/207705\\\/#primaryimage\",\"url\":\"https:\\\/\\\/www.webdo.tn\\\/fr\\\/wp-content\\\/uploads\\\/2023\\\/08\\\/84c7e93f479ebd063e7920bd802ab28d.jpg\",\"contentUrl\":\"https:\\\/\\\/www.webdo.tn\\\/fr\\\/wp-content\\\/uploads\\\/2023\\\/08\\\/84c7e93f479ebd063e7920bd802ab28d.jpg\",\"width\":750,\"height\":400,\"caption\":\"Tunisie Telecom contribue \u00e0 1,4% du PIB\"},{\"@type\":\"BreadcrumbList\",\"@id\":\"https:\\\/\\\/www.webdo.tn\\\/fr\\\/actualite\\\/national\\\/tunisie-telecom-contribue-a-1-4-du-pib\\\/207705\\\/#breadcrumb\",\"itemListElement\":[{\"@type\":\"ListItem\",\"position\":1,\"name\":\"Accueil\",\"item\":\"https:\\\/\\\/www.webdo.tn\\\/fr\\\/\"},{\"@type\":\"ListItem\",\"position\":2,\"name\":\"Tunisie Telecom contribue \u00e0 1,4% du PIB\"}]},{\"@type\":\"WebSite\",\"@id\":\"https:\\\/\\\/www.webdo.tn\\\/fr\\\/#website\",\"url\":\"https:\\\/\\\/www.webdo.tn\\\/fr\\\/\",\"name\":\"webdo\",\"description\":\"Tunisie - News en Tunisie et \u00e0 l&#039;international sur Webdo.tn\",\"publisher\":{\"@id\":\"https:\\\/\\\/www.webdo.tn\\\/fr\\\/#organization\"},\"potentialAction\":[{\"@type\":\"SearchAction\",\"target\":{\"@type\":\"EntryPoint\",\"urlTemplate\":\"https:\\\/\\\/www.webdo.tn\\\/fr\\\/?s={search_term_string}\"},\"query-input\":{\"@type\":\"PropertyValueSpecification\",\"valueRequired\":true,\"valueName\":\"search_term_string\"}}],\"inLanguage\":\"fr-FR\"},{\"@type\":\"Organization\",\"@id\":\"https:\\\/\\\/www.webdo.tn\\\/fr\\\/#organization\",\"name\":\"Webdo\",\"alternateName\":\"Webdo.tn\",\"url\":\"https:\\\/\\\/www.webdo.tn\\\/fr\\\/\",\"logo\":{\"@type\":\"ImageObject\",\"inLanguage\":\"fr-FR\",\"@id\":\"https:\\\/\\\/www.webdo.tn\\\/fr\\\/#\\\/schema\\\/logo\\\/image\\\/\",\"url\":\"https:\\\/\\\/www.webdo.tn\\\/fr\\\/wp-content\\\/uploads\\\/2025\\\/06\\\/Webdo-Tunisie_168377.jpg\",\"contentUrl\":\"https:\\\/\\\/www.webdo.tn\\\/fr\\\/wp-content\\\/uploads\\\/2025\\\/06\\\/Webdo-Tunisie_168377.jpg\",\"width\":301,\"height\":301,\"caption\":\"Webdo\"},\"image\":{\"@id\":\"https:\\\/\\\/www.webdo.tn\\\/fr\\\/#\\\/schema\\\/logo\\\/image\\\/\"},\"sameAs\":[\"https:\\\/\\\/www.facebook.com\\\/webdotn\",\"https:\\\/\\\/x.com\\\/webdo_tn\"],\"description\":\"Webdo est un m\u00e9dia num\u00e9rique tunisien fond\u00e9 en 2010, sp\u00e9cialis\u00e9 dans l\u2019actualit\u00e9 nationale et internationale, l\u2019\u00e9conomie, la soci\u00e9t\u00e9 et les analyses politiques. Le site s\u2019adresse \u00e0 un large public francophone et couvre l\u2019information tunisienne en temps r\u00e9el.\",\"email\":\"redac@webdo.tn\",\"legalName\":\"YNJ SARL\",\"foundingDate\":\"2010-09-06\",\"numberOfEmployees\":{\"@type\":\"QuantitativeValue\",\"minValue\":\"11\",\"maxValue\":\"50\"}},{\"@type\":\"Person\",\"@id\":\"https:\\\/\\\/www.webdo.tn\\\/fr\\\/#\\\/schema\\\/person\\\/d1da0176a9d8f1249ef4e693c4b29d76\",\"name\":\"Monia Bamri\",\"image\":{\"@type\":\"ImageObject\",\"inLanguage\":\"fr-FR\",\"@id\":\"https:\\\/\\\/secure.gravatar.com\\\/avatar\\\/c58780455a919732b490d5fecdfd7a031f652d4d8fc4a988ed16599fe2e07b0c?s=96&d=mm&r=g\",\"url\":\"https:\\\/\\\/secure.gravatar.com\\\/avatar\\\/c58780455a919732b490d5fecdfd7a031f652d4d8fc4a988ed16599fe2e07b0c?s=96&d=mm&r=g\",\"contentUrl\":\"https:\\\/\\\/secure.gravatar.com\\\/avatar\\\/c58780455a919732b490d5fecdfd7a031f652d4d8fc4a988ed16599fe2e07b0c?s=96&d=mm&r=g\",\"caption\":\"Monia Bamri\"},\"url\":\"https:\\\/\\\/www.webdo.tn\\\/fr\\\/actualite\\\/author\\\/monia-bamri\\\/\"}]}<\/script>\n<!-- \/ Yoast SEO Premium plugin. -->","yoast_head_json":{"title":"Tunisie Telecom contribue \u00e0 1,4% du PIB","description":"Dans un post publi\u00e9 sur la page officielle de Tunisie Telecom sur le r\u00e9seau social LinkedIn, Lass\u00e2ad Ben Dhiab, PDG de Tunisie Telecom a mis en avant que l\u2019op\u00e9r...","canonical":"https:\/\/www.webdo.tn\/fr\/actualite\/national\/tunisie-telecom-contribue-a-1-4-du-pib\/207705\/","og_locale":"fr_FR","og_type":"article","og_title":"Tunisie Telecom contribue \u00e0 1,4% du PIB","og_description":"Dans un post publi\u00e9 sur la page officielle de Tunisie Telecom sur le r\u00e9seau social LinkedIn, Lass\u00e2ad Ben Dhiab, PDG de Tunisie Telecom a mis en avant que l\u2019op\u00e9r...","og_url":"https:\/\/www.webdo.tn\/fr\/actualite\/national\/tunisie-telecom-contribue-a-1-4-du-pib\/207705\/","og_site_name":"webdo","article_publisher":"https:\/\/www.facebook.com\/webdotn","article_published_time":"2023-08-03T12:46:00+00:00","og_image":[{"width":750,"height":400,"url":"https:\/\/www.webdo.tn\/fr\/wp-content\/uploads\/2023\/08\/84c7e93f479ebd063e7920bd802ab28d.jpg","type":"image\/jpeg"}],"author":"Monia Bamri","twitter_card":"summary_large_image","twitter_creator":"@webdo_tn","twitter_site":"@webdo_tn","twitter_misc":{"\u00c9crit par":"Monia Bamri","Dur\u00e9e de lecture estim\u00e9e":"1 minute"},"schema":{"@context":"https:\/\/schema.org","@graph":[{"@type":"NewsArticle","@id":"https:\/\/www.webdo.tn\/fr\/actualite\/national\/tunisie-telecom-contribue-a-1-4-du-pib\/207705\/#article","isPartOf":{"@id":"https:\/\/www.webdo.tn\/fr\/actualite\/national\/tunisie-telecom-contribue-a-1-4-du-pib\/207705\/"},"author":{"name":"Monia Bamri","@id":"https:\/\/www.webdo.tn\/fr\/#\/schema\/person\/d1da0176a9d8f1249ef4e693c4b29d76"},"headline":"Tunisie Telecom contribue \u00e0 1,4% du PIB","datePublished":"2023-08-03T12:46:00+00:00","mainEntityOfPage":{"@id":"https:\/\/www.webdo.tn\/fr\/actualite\/national\/tunisie-telecom-contribue-a-1-4-du-pib\/207705\/"},"wordCount":160,"commentCount":0,"publisher":{"@id":"https:\/\/www.webdo.tn\/fr\/#organization"},"image":{"@id":"https:\/\/www.webdo.tn\/fr\/actualite\/national\/tunisie-telecom-contribue-a-1-4-du-pib\/207705\/#primaryimage"},"thumbnailUrl":"https:\/\/www.webdo.tn\/fr\/wp-content\/uploads\/2023\/08\/84c7e93f479ebd063e7920bd802ab28d.jpg","keywords":["Lass\u00e2ad Ben Dhiab","PIB","Tunisie Telecom"],"articleSection":["National"],"inLanguage":"fr-FR"},{"@type":"WebPage","@id":"https:\/\/www.webdo.tn\/fr\/actualite\/national\/tunisie-telecom-contribue-a-1-4-du-pib\/207705\/","url":"https:\/\/www.webdo.tn\/fr\/actualite\/national\/tunisie-telecom-contribue-a-1-4-du-pib\/207705\/","name":"Tunisie Telecom contribue \u00e0 1,4% du PIB","isPartOf":{"@id":"https:\/\/www.webdo.tn\/fr\/#website"},"primaryImageOfPage":{"@id":"https:\/\/www.webdo.tn\/fr\/actualite\/national\/tunisie-telecom-contribue-a-1-4-du-pib\/207705\/#primaryimage"},"image":{"@id":"https:\/\/www.webdo.tn\/fr\/actualite\/national\/tunisie-telecom-contribue-a-1-4-du-pib\/207705\/#primaryimage"},"thumbnailUrl":"https:\/\/www.webdo.tn\/fr\/wp-content\/uploads\/2023\/08\/84c7e93f479ebd063e7920bd802ab28d.jpg","datePublished":"2023-08-03T12:46:00+00:00","description":"Dans un post publi\u00e9 sur la page officielle de Tunisie Telecom sur le r\u00e9seau social LinkedIn, Lass\u00e2ad Ben Dhiab, PDG de Tunisie Telecom a mis en avant que l\u2019op\u00e9r...","breadcrumb":{"@id":"https:\/\/www.webdo.tn\/fr\/actualite\/national\/tunisie-telecom-contribue-a-1-4-du-pib\/207705\/#breadcrumb"},"inLanguage":"fr-FR","potentialAction":[{"@type":"ReadAction","target":["https:\/\/www.webdo.tn\/fr\/actualite\/national\/tunisie-telecom-contribue-a-1-4-du-pib\/207705\/"]}]},{"@type":"ImageObject","inLanguage":"fr-FR","@id":"https:\/\/www.webdo.tn\/fr\/actualite\/national\/tunisie-telecom-contribue-a-1-4-du-pib\/207705\/#primaryimage","url":"https:\/\/www.webdo.tn\/fr\/wp-content\/uploads\/2023\/08\/84c7e93f479ebd063e7920bd802ab28d.jpg","contentUrl":"https:\/\/www.webdo.tn\/fr\/wp-content\/uploads\/2023\/08\/84c7e93f479ebd063e7920bd802ab28d.jpg","width":750,"height":400,"caption":"Tunisie Telecom contribue \u00e0 1,4% du PIB"},{"@type":"BreadcrumbList","@id":"https:\/\/www.webdo.tn\/fr\/actualite\/national\/tunisie-telecom-contribue-a-1-4-du-pib\/207705\/#breadcrumb","itemListElement":[{"@type":"ListItem","position":1,"name":"Accueil","item":"https:\/\/www.webdo.tn\/fr\/"},{"@type":"ListItem","position":2,"name":"Tunisie Telecom contribue \u00e0 1,4% du PIB"}]},{"@type":"WebSite","@id":"https:\/\/www.webdo.tn\/fr\/#website","url":"https:\/\/www.webdo.tn\/fr\/","name":"webdo","description":"Tunisie - News en Tunisie et \u00e0 l&#039;international sur Webdo.tn","publisher":{"@id":"https:\/\/www.webdo.tn\/fr\/#organization"},"potentialAction":[{"@type":"SearchAction","target":{"@type":"EntryPoint","urlTemplate":"https:\/\/www.webdo.tn\/fr\/?s={search_term_string}"},"query-input":{"@type":"PropertyValueSpecification","valueRequired":true,"valueName":"search_term_string"}}],"inLanguage":"fr-FR"},{"@type":"Organization","@id":"https:\/\/www.webdo.tn\/fr\/#organization","name":"Webdo","alternateName":"Webdo.tn","url":"https:\/\/www.webdo.tn\/fr\/","logo":{"@type":"ImageObject","inLanguage":"fr-FR","@id":"https:\/\/www.webdo.tn\/fr\/#\/schema\/logo\/image\/","url":"https:\/\/www.webdo.tn\/fr\/wp-content\/uploads\/2025\/06\/Webdo-Tunisie_168377.jpg","contentUrl":"https:\/\/www.webdo.tn\/fr\/wp-content\/uploads\/2025\/06\/Webdo-Tunisie_168377.jpg","width":301,"height":301,"caption":"Webdo"},"image":{"@id":"https:\/\/www.webdo.tn\/fr\/#\/schema\/logo\/image\/"},"sameAs":["https:\/\/www.facebook.com\/webdotn","https:\/\/x.com\/webdo_tn"],"description":"Webdo est un m\u00e9dia num\u00e9rique tunisien fond\u00e9 en 2010, sp\u00e9cialis\u00e9 dans l\u2019actualit\u00e9 nationale et internationale, l\u2019\u00e9conomie, la soci\u00e9t\u00e9 et les analyses politiques. Le site s\u2019adresse \u00e0 un large public francophone et couvre l\u2019information tunisienne en temps r\u00e9el.","email":"redac@webdo.tn","legalName":"YNJ SARL","foundingDate":"2010-09-06","numberOfEmployees":{"@type":"QuantitativeValue","minValue":"11","maxValue":"50"}},{"@type":"Person","@id":"https:\/\/www.webdo.tn\/fr\/#\/schema\/person\/d1da0176a9d8f1249ef4e693c4b29d76","name":"Monia Bamri","image":{"@type":"ImageObject","inLanguage":"fr-FR","@id":"https:\/\/secure.gravatar.com\/avatar\/c58780455a919732b490d5fecdfd7a031f652d4d8fc4a988ed16599fe2e07b0c?s=96&d=mm&r=g","url":"https:\/\/secure.gravatar.com\/avatar\/c58780455a919732b490d5fecdfd7a031f652d4d8fc4a988ed16599fe2e07b0c?s=96&d=mm&r=g","contentUrl":"https:\/\/secure.gravatar.com\/avatar\/c58780455a919732b490d5fecdfd7a031f652d4d8fc4a988ed16599fe2e07b0c?s=96&d=mm&r=g","caption":"Monia Bamri"},"url":"https:\/\/www.webdo.tn\/fr\/actualite\/author\/monia-bamri\/"}]}},"_links":{"self":[{"href":"https:\/\/www.webdo.tn\/fr\/wp-json\/wp\/v2\/posts\/207705","targetHints":{"allow":["GET"]}}],"collection":[{"href":"https:\/\/www.webdo.tn\/fr\/wp-json\/wp\/v2\/posts"}],"about":[{"href":"https:\/\/www.webdo.tn\/fr\/wp-json\/wp\/v2\/types\/post"}],"author":[{"embeddable":true,"href":"https:\/\/www.webdo.tn\/fr\/wp-json\/wp\/v2\/users\/4780"}],"replies":[{"embeddable":true,"href":"https:\/\/www.webdo.tn\/fr\/wp-json\/wp\/v2\/comments?post=207705"}],"version-history":[{"count":0,"href":"https:\/\/www.webdo.tn\/fr\/wp-json\/wp\/v2\/posts\/207705\/revisions"}],"wp:featuredmedia":[{"embeddable":true,"href":"https:\/\/www.webdo.tn\/fr\/wp-json\/wp\/v2\/media\/249608"}],"wp:attachment":[{"href":"https:\/\/www.webdo.tn\/fr\/wp-json\/wp\/v2\/media?parent=207705"}],"wp:term":[{"taxonomy":"category","embeddable":true,"href":"https:\/\/www.webdo.tn\/fr\/wp-json\/wp\/v2\/categories?post=207705"},{"taxonomy":"post_tag","embeddable":true,"href":"https:\/\/www.webdo.tn\/fr\/wp-json\/wp\/v2\/tags?post=207705"}],"curies":[{"name":"wp","href":"https:\/\/api.w.org\/{rel}","templated":true}]}}