{"id":207694,"date":"2023-08-03T08:11:00","date_gmt":"2023-08-03T08:11:00","guid":{"rendered":"https:\/\/www.webdo.tn\/fr\/blog\/boulangeries-modernes-des-sit-in-de-protestation-devant-le-ministere-du-commerce\/207694\/"},"modified":"2025-05-20T22:42:05","modified_gmt":"2025-05-20T22:42:05","slug":"boulangeries-modernes-des-sit-in-de-protestation-devant-le-ministere-du-commerce","status":"publish","type":"post","link":"https:\/\/www.webdo.tn\/fr\/actualite\/national\/boulangeries-modernes-des-sit-in-de-protestation-devant-le-ministere-du-commerce\/207694\/","title":{"rendered":"Boulangeries modernes: Des Sit-in de protestation devant le minist\u00e8re du Commerce"},"content":{"rendered":"<p>Le groupement professionnel des boulangeries modernes relevant de la Conf\u00e9d\u00e9ration Nationale des entreprises de Tunisie (CONECT) a annonc\u00e9 l&rsquo;observation de sit-in de protestation \u00e0 partir du lundi 7 aout 2023, devant le si\u00e8ge du minist\u00e8re du commerce et du d\u00e9veloppement des exportations \u00e0 Tunis.<\/p>\n<p>Dans un communiqu\u00e9 publi\u00e9 mercredi, Le groupement a pr\u00e9cis\u00e9, que ces mouvements de protestations qui se poursuivront pendant 15 jours, interviennent suite \u00e0 la d\u00e9cision prise hier, mardi 1er aout, par le minist\u00e8re du commerce, relative \u00e0 la suspension imm\u00e9diate de la vente de la farine PS-7 et de la semoule destin\u00e9e aux boulangeries non class\u00e9es connues sous le nom de boulangeries modernes.<\/p>\n<p>Le groupement d\u00e9plore, \u00e0 cet effet, cette mesure qui risque d&rsquo;avoir des r\u00e9percussions n\u00e9fastes sur l&rsquo;ensemble des travailleurs dans ce secteur.<\/p>\n<p>Il convient de rappeler que le groupement a suspendu les activit\u00e9s de fabrication des diff\u00e9rentes vari\u00e9t\u00e9s de pain dans toutes les boulangeries affili\u00e9es dans toutes les r\u00e9gions de la r\u00e9publique \u00e0 partir d&rsquo;hier mardi 1er aout 2023.<\/p>\n","protected":false},"excerpt":{"rendered":"<p>Le groupement professionnel des boulangeries modernes relevant de la Conf\u00e9d\u00e9ration Nationale des entreprises de Tunisie (CONECT) a annonc\u00e9 l&rsquo;observation de sit-&#8230;<\/p>\n","protected":false},"author":3175,"featured_media":249639,"comment_status":"open","ping_status":"closed","sticky":false,"template":"","format":"standard","meta":{"footnotes":""},"categories":[44],"tags":[7909,3767,2608],"class_list":["post-207694","post","type-post","status-publish","format-standard","has-post-thumbnail","hentry","category-national","tag-boulangeries","tag-pain","tag-tunisie"],"yoast_head":"<!-- This site is optimized with the Yoast SEO Premium plugin v27.5 (Yoast SEO v27.5) - https:\/\/yoast.com\/product\/yoast-seo-premium-wordpress\/ -->\n<title>Boulangeries modernes: Des Sit-in de protestation devant le minist\u00e8re du Commerce<\/title>\n<meta name=\"description\" content=\"Le groupement professionnel des boulangeries modernes relevant de la Conf\u00e9d\u00e9ration Nationale des entreprises de Tunisie (CONECT) a annonc\u00e9 l&#039;observation de sit-...\" \/>\n<link rel=\"canonical\" href=\"https:\/\/www.webdo.tn\/fr\/actualite\/national\/boulangeries-modernes-des-sit-in-de-protestation-devant-le-ministere-du-commerce\/207694\/\" \/>\n<meta property=\"og:locale\" content=\"fr_FR\" \/>\n<meta property=\"og:type\" content=\"article\" \/>\n<meta property=\"og:title\" content=\"Boulangeries modernes: Des Sit-in de protestation devant le minist\u00e8re du Commerce\" \/>\n<meta property=\"og:description\" content=\"Le groupement professionnel des boulangeries modernes relevant de la Conf\u00e9d\u00e9ration Nationale des entreprises de Tunisie (CONECT) a annonc\u00e9 l&#039;observation de sit-...\" \/>\n<meta property=\"og:url\" content=\"https:\/\/www.webdo.tn\/fr\/actualite\/national\/boulangeries-modernes-des-sit-in-de-protestation-devant-le-ministere-du-commerce\/207694\/\" \/>\n<meta property=\"og:site_name\" content=\"webdo\" \/>\n<meta property=\"article:publisher\" content=\"https:\/\/www.facebook.com\/webdotn\" \/>\n<meta property=\"article:published_time\" content=\"2023-08-03T08:11:00+00:00\" \/>\n<meta property=\"article:modified_time\" content=\"2025-05-20T22:42:05+00:00\" \/>\n<meta property=\"og:image\" content=\"https:\/\/www.webdo.tn\/fr\/wp-content\/uploads\/2023\/08\/3927f27dcb52f9325f80da9350b34ed9.jpg\" \/>\n\t<meta property=\"og:image:width\" content=\"750\" \/>\n\t<meta property=\"og:image:height\" content=\"400\" \/>\n\t<meta property=\"og:image:type\" content=\"image\/jpeg\" \/>\n<meta name=\"author\" content=\"CL\" \/>\n<meta name=\"twitter:card\" content=\"summary_large_image\" \/>\n<meta name=\"twitter:creator\" content=\"@webdo_tn\" \/>\n<meta name=\"twitter:site\" content=\"@webdo_tn\" \/>\n<meta name=\"twitter:label1\" content=\"\u00c9crit par\" \/>\n\t<meta name=\"twitter:data1\" content=\"CL\" \/>\n\t<meta name=\"twitter:label2\" content=\"Dur\u00e9e de lecture estim\u00e9e\" \/>\n\t<meta name=\"twitter:data2\" content=\"1 minute\" \/>\n<script type=\"application\/ld+json\" class=\"yoast-schema-graph\">{\"@context\":\"https:\\\/\\\/schema.org\",\"@graph\":[{\"@type\":\"NewsArticle\",\"@id\":\"https:\\\/\\\/www.webdo.tn\\\/fr\\\/actualite\\\/national\\\/boulangeries-modernes-des-sit-in-de-protestation-devant-le-ministere-du-commerce\\\/207694\\\/#article\",\"isPartOf\":{\"@id\":\"https:\\\/\\\/www.webdo.tn\\\/fr\\\/actualite\\\/national\\\/boulangeries-modernes-des-sit-in-de-protestation-devant-le-ministere-du-commerce\\\/207694\\\/\"},\"author\":{\"name\":\"CL\",\"@id\":\"https:\\\/\\\/www.webdo.tn\\\/fr\\\/#\\\/schema\\\/person\\\/f35b42a42c5e2511bbd282959d6385cc\"},\"headline\":\"Boulangeries modernes: Des Sit-in de protestation devant le minist\u00e8re du Commerce\",\"datePublished\":\"2023-08-03T08:11:00+00:00\",\"dateModified\":\"2025-05-20T22:42:05+00:00\",\"mainEntityOfPage\":{\"@id\":\"https:\\\/\\\/www.webdo.tn\\\/fr\\\/actualite\\\/national\\\/boulangeries-modernes-des-sit-in-de-protestation-devant-le-ministere-du-commerce\\\/207694\\\/\"},\"wordCount\":192,\"commentCount\":0,\"publisher\":{\"@id\":\"https:\\\/\\\/www.webdo.tn\\\/fr\\\/#organization\"},\"image\":{\"@id\":\"https:\\\/\\\/www.webdo.tn\\\/fr\\\/actualite\\\/national\\\/boulangeries-modernes-des-sit-in-de-protestation-devant-le-ministere-du-commerce\\\/207694\\\/#primaryimage\"},\"thumbnailUrl\":\"https:\\\/\\\/www.webdo.tn\\\/fr\\\/wp-content\\\/uploads\\\/2023\\\/08\\\/3927f27dcb52f9325f80da9350b34ed9.jpg\",\"keywords\":[\"boulangeries\",\"pain\",\"Tunisie\"],\"articleSection\":[\"National\"],\"inLanguage\":\"fr-FR\"},{\"@type\":\"WebPage\",\"@id\":\"https:\\\/\\\/www.webdo.tn\\\/fr\\\/actualite\\\/national\\\/boulangeries-modernes-des-sit-in-de-protestation-devant-le-ministere-du-commerce\\\/207694\\\/\",\"url\":\"https:\\\/\\\/www.webdo.tn\\\/fr\\\/actualite\\\/national\\\/boulangeries-modernes-des-sit-in-de-protestation-devant-le-ministere-du-commerce\\\/207694\\\/\",\"name\":\"Boulangeries modernes: Des Sit-in de protestation devant le minist\u00e8re du Commerce\",\"isPartOf\":{\"@id\":\"https:\\\/\\\/www.webdo.tn\\\/fr\\\/#website\"},\"primaryImageOfPage\":{\"@id\":\"https:\\\/\\\/www.webdo.tn\\\/fr\\\/actualite\\\/national\\\/boulangeries-modernes-des-sit-in-de-protestation-devant-le-ministere-du-commerce\\\/207694\\\/#primaryimage\"},\"image\":{\"@id\":\"https:\\\/\\\/www.webdo.tn\\\/fr\\\/actualite\\\/national\\\/boulangeries-modernes-des-sit-in-de-protestation-devant-le-ministere-du-commerce\\\/207694\\\/#primaryimage\"},\"thumbnailUrl\":\"https:\\\/\\\/www.webdo.tn\\\/fr\\\/wp-content\\\/uploads\\\/2023\\\/08\\\/3927f27dcb52f9325f80da9350b34ed9.jpg\",\"datePublished\":\"2023-08-03T08:11:00+00:00\",\"dateModified\":\"2025-05-20T22:42:05+00:00\",\"description\":\"Le groupement professionnel des boulangeries modernes relevant de la Conf\u00e9d\u00e9ration Nationale des entreprises de Tunisie (CONECT) a annonc\u00e9 l'observation de sit-...\",\"breadcrumb\":{\"@id\":\"https:\\\/\\\/www.webdo.tn\\\/fr\\\/actualite\\\/national\\\/boulangeries-modernes-des-sit-in-de-protestation-devant-le-ministere-du-commerce\\\/207694\\\/#breadcrumb\"},\"inLanguage\":\"fr-FR\",\"potentialAction\":[{\"@type\":\"ReadAction\",\"target\":[\"https:\\\/\\\/www.webdo.tn\\\/fr\\\/actualite\\\/national\\\/boulangeries-modernes-des-sit-in-de-protestation-devant-le-ministere-du-commerce\\\/207694\\\/\"]}]},{\"@type\":\"ImageObject\",\"inLanguage\":\"fr-FR\",\"@id\":\"https:\\\/\\\/www.webdo.tn\\\/fr\\\/actualite\\\/national\\\/boulangeries-modernes-des-sit-in-de-protestation-devant-le-ministere-du-commerce\\\/207694\\\/#primaryimage\",\"url\":\"https:\\\/\\\/www.webdo.tn\\\/fr\\\/wp-content\\\/uploads\\\/2023\\\/08\\\/3927f27dcb52f9325f80da9350b34ed9.jpg\",\"contentUrl\":\"https:\\\/\\\/www.webdo.tn\\\/fr\\\/wp-content\\\/uploads\\\/2023\\\/08\\\/3927f27dcb52f9325f80da9350b34ed9.jpg\",\"width\":750,\"height\":400,\"caption\":\"Boulangeries modernes: Des Sit-in de protestation devant le minist\u00e8re du Commerce\"},{\"@type\":\"BreadcrumbList\",\"@id\":\"https:\\\/\\\/www.webdo.tn\\\/fr\\\/actualite\\\/national\\\/boulangeries-modernes-des-sit-in-de-protestation-devant-le-ministere-du-commerce\\\/207694\\\/#breadcrumb\",\"itemListElement\":[{\"@type\":\"ListItem\",\"position\":1,\"name\":\"Accueil\",\"item\":\"https:\\\/\\\/www.webdo.tn\\\/fr\\\/\"},{\"@type\":\"ListItem\",\"position\":2,\"name\":\"Boulangeries modernes: Des Sit-in de protestation devant le minist\u00e8re du Commerce\"}]},{\"@type\":\"WebSite\",\"@id\":\"https:\\\/\\\/www.webdo.tn\\\/fr\\\/#website\",\"url\":\"https:\\\/\\\/www.webdo.tn\\\/fr\\\/\",\"name\":\"webdo\",\"description\":\"Tunisie - News en Tunisie et \u00e0 l&#039;international sur Webdo.tn\",\"publisher\":{\"@id\":\"https:\\\/\\\/www.webdo.tn\\\/fr\\\/#organization\"},\"potentialAction\":[{\"@type\":\"SearchAction\",\"target\":{\"@type\":\"EntryPoint\",\"urlTemplate\":\"https:\\\/\\\/www.webdo.tn\\\/fr\\\/?s={search_term_string}\"},\"query-input\":{\"@type\":\"PropertyValueSpecification\",\"valueRequired\":true,\"valueName\":\"search_term_string\"}}],\"inLanguage\":\"fr-FR\"},{\"@type\":\"Organization\",\"@id\":\"https:\\\/\\\/www.webdo.tn\\\/fr\\\/#organization\",\"name\":\"Webdo\",\"alternateName\":\"Webdo.tn\",\"url\":\"https:\\\/\\\/www.webdo.tn\\\/fr\\\/\",\"logo\":{\"@type\":\"ImageObject\",\"inLanguage\":\"fr-FR\",\"@id\":\"https:\\\/\\\/www.webdo.tn\\\/fr\\\/#\\\/schema\\\/logo\\\/image\\\/\",\"url\":\"https:\\\/\\\/www.webdo.tn\\\/fr\\\/wp-content\\\/uploads\\\/2025\\\/06\\\/Webdo-Tunisie_168377.jpg\",\"contentUrl\":\"https:\\\/\\\/www.webdo.tn\\\/fr\\\/wp-content\\\/uploads\\\/2025\\\/06\\\/Webdo-Tunisie_168377.jpg\",\"width\":301,\"height\":301,\"caption\":\"Webdo\"},\"image\":{\"@id\":\"https:\\\/\\\/www.webdo.tn\\\/fr\\\/#\\\/schema\\\/logo\\\/image\\\/\"},\"sameAs\":[\"https:\\\/\\\/www.facebook.com\\\/webdotn\",\"https:\\\/\\\/x.com\\\/webdo_tn\"],\"description\":\"Webdo est un m\u00e9dia num\u00e9rique tunisien fond\u00e9 en 2010, sp\u00e9cialis\u00e9 dans l\u2019actualit\u00e9 nationale et internationale, l\u2019\u00e9conomie, la soci\u00e9t\u00e9 et les analyses politiques. Le site s\u2019adresse \u00e0 un large public francophone et couvre l\u2019information tunisienne en temps r\u00e9el.\",\"email\":\"redac@webdo.tn\",\"legalName\":\"YNJ SARL\",\"foundingDate\":\"2010-09-06\",\"numberOfEmployees\":{\"@type\":\"QuantitativeValue\",\"minValue\":\"11\",\"maxValue\":\"50\"}},{\"@type\":\"Person\",\"@id\":\"https:\\\/\\\/www.webdo.tn\\\/fr\\\/#\\\/schema\\\/person\\\/f35b42a42c5e2511bbd282959d6385cc\",\"name\":\"CL\",\"image\":{\"@type\":\"ImageObject\",\"inLanguage\":\"fr-FR\",\"@id\":\"https:\\\/\\\/secure.gravatar.com\\\/avatar\\\/1447a49909b67aa657c488aec6512e1dd6143a480c1ecfee9b5b5cd74eb3b59e?s=96&d=mm&r=g\",\"url\":\"https:\\\/\\\/secure.gravatar.com\\\/avatar\\\/1447a49909b67aa657c488aec6512e1dd6143a480c1ecfee9b5b5cd74eb3b59e?s=96&d=mm&r=g\",\"contentUrl\":\"https:\\\/\\\/secure.gravatar.com\\\/avatar\\\/1447a49909b67aa657c488aec6512e1dd6143a480c1ecfee9b5b5cd74eb3b59e?s=96&d=mm&r=g\",\"caption\":\"CL\"},\"url\":\"https:\\\/\\\/www.webdo.tn\\\/fr\\\/actualite\\\/author\\\/cl\\\/\"}]}<\/script>\n<!-- \/ Yoast SEO Premium plugin. -->","yoast_head_json":{"title":"Boulangeries modernes: Des Sit-in de protestation devant le minist\u00e8re du Commerce","description":"Le groupement professionnel des boulangeries modernes relevant de la Conf\u00e9d\u00e9ration Nationale des entreprises de Tunisie (CONECT) a annonc\u00e9 l'observation de sit-...","canonical":"https:\/\/www.webdo.tn\/fr\/actualite\/national\/boulangeries-modernes-des-sit-in-de-protestation-devant-le-ministere-du-commerce\/207694\/","og_locale":"fr_FR","og_type":"article","og_title":"Boulangeries modernes: Des Sit-in de protestation devant le minist\u00e8re du Commerce","og_description":"Le groupement professionnel des boulangeries modernes relevant de la Conf\u00e9d\u00e9ration Nationale des entreprises de Tunisie (CONECT) a annonc\u00e9 l'observation de sit-...","og_url":"https:\/\/www.webdo.tn\/fr\/actualite\/national\/boulangeries-modernes-des-sit-in-de-protestation-devant-le-ministere-du-commerce\/207694\/","og_site_name":"webdo","article_publisher":"https:\/\/www.facebook.com\/webdotn","article_published_time":"2023-08-03T08:11:00+00:00","article_modified_time":"2025-05-20T22:42:05+00:00","og_image":[{"width":750,"height":400,"url":"https:\/\/www.webdo.tn\/fr\/wp-content\/uploads\/2023\/08\/3927f27dcb52f9325f80da9350b34ed9.jpg","type":"image\/jpeg"}],"author":"CL","twitter_card":"summary_large_image","twitter_creator":"@webdo_tn","twitter_site":"@webdo_tn","twitter_misc":{"\u00c9crit par":"CL","Dur\u00e9e de lecture estim\u00e9e":"1 minute"},"schema":{"@context":"https:\/\/schema.org","@graph":[{"@type":"NewsArticle","@id":"https:\/\/www.webdo.tn\/fr\/actualite\/national\/boulangeries-modernes-des-sit-in-de-protestation-devant-le-ministere-du-commerce\/207694\/#article","isPartOf":{"@id":"https:\/\/www.webdo.tn\/fr\/actualite\/national\/boulangeries-modernes-des-sit-in-de-protestation-devant-le-ministere-du-commerce\/207694\/"},"author":{"name":"CL","@id":"https:\/\/www.webdo.tn\/fr\/#\/schema\/person\/f35b42a42c5e2511bbd282959d6385cc"},"headline":"Boulangeries modernes: Des Sit-in de protestation devant le minist\u00e8re du Commerce","datePublished":"2023-08-03T08:11:00+00:00","dateModified":"2025-05-20T22:42:05+00:00","mainEntityOfPage":{"@id":"https:\/\/www.webdo.tn\/fr\/actualite\/national\/boulangeries-modernes-des-sit-in-de-protestation-devant-le-ministere-du-commerce\/207694\/"},"wordCount":192,"commentCount":0,"publisher":{"@id":"https:\/\/www.webdo.tn\/fr\/#organization"},"image":{"@id":"https:\/\/www.webdo.tn\/fr\/actualite\/national\/boulangeries-modernes-des-sit-in-de-protestation-devant-le-ministere-du-commerce\/207694\/#primaryimage"},"thumbnailUrl":"https:\/\/www.webdo.tn\/fr\/wp-content\/uploads\/2023\/08\/3927f27dcb52f9325f80da9350b34ed9.jpg","keywords":["boulangeries","pain","Tunisie"],"articleSection":["National"],"inLanguage":"fr-FR"},{"@type":"WebPage","@id":"https:\/\/www.webdo.tn\/fr\/actualite\/national\/boulangeries-modernes-des-sit-in-de-protestation-devant-le-ministere-du-commerce\/207694\/","url":"https:\/\/www.webdo.tn\/fr\/actualite\/national\/boulangeries-modernes-des-sit-in-de-protestation-devant-le-ministere-du-commerce\/207694\/","name":"Boulangeries modernes: Des Sit-in de protestation devant le minist\u00e8re du Commerce","isPartOf":{"@id":"https:\/\/www.webdo.tn\/fr\/#website"},"primaryImageOfPage":{"@id":"https:\/\/www.webdo.tn\/fr\/actualite\/national\/boulangeries-modernes-des-sit-in-de-protestation-devant-le-ministere-du-commerce\/207694\/#primaryimage"},"image":{"@id":"https:\/\/www.webdo.tn\/fr\/actualite\/national\/boulangeries-modernes-des-sit-in-de-protestation-devant-le-ministere-du-commerce\/207694\/#primaryimage"},"thumbnailUrl":"https:\/\/www.webdo.tn\/fr\/wp-content\/uploads\/2023\/08\/3927f27dcb52f9325f80da9350b34ed9.jpg","datePublished":"2023-08-03T08:11:00+00:00","dateModified":"2025-05-20T22:42:05+00:00","description":"Le groupement professionnel des boulangeries modernes relevant de la Conf\u00e9d\u00e9ration Nationale des entreprises de Tunisie (CONECT) a annonc\u00e9 l'observation de sit-...","breadcrumb":{"@id":"https:\/\/www.webdo.tn\/fr\/actualite\/national\/boulangeries-modernes-des-sit-in-de-protestation-devant-le-ministere-du-commerce\/207694\/#breadcrumb"},"inLanguage":"fr-FR","potentialAction":[{"@type":"ReadAction","target":["https:\/\/www.webdo.tn\/fr\/actualite\/national\/boulangeries-modernes-des-sit-in-de-protestation-devant-le-ministere-du-commerce\/207694\/"]}]},{"@type":"ImageObject","inLanguage":"fr-FR","@id":"https:\/\/www.webdo.tn\/fr\/actualite\/national\/boulangeries-modernes-des-sit-in-de-protestation-devant-le-ministere-du-commerce\/207694\/#primaryimage","url":"https:\/\/www.webdo.tn\/fr\/wp-content\/uploads\/2023\/08\/3927f27dcb52f9325f80da9350b34ed9.jpg","contentUrl":"https:\/\/www.webdo.tn\/fr\/wp-content\/uploads\/2023\/08\/3927f27dcb52f9325f80da9350b34ed9.jpg","width":750,"height":400,"caption":"Boulangeries modernes: Des Sit-in de protestation devant le minist\u00e8re du Commerce"},{"@type":"BreadcrumbList","@id":"https:\/\/www.webdo.tn\/fr\/actualite\/national\/boulangeries-modernes-des-sit-in-de-protestation-devant-le-ministere-du-commerce\/207694\/#breadcrumb","itemListElement":[{"@type":"ListItem","position":1,"name":"Accueil","item":"https:\/\/www.webdo.tn\/fr\/"},{"@type":"ListItem","position":2,"name":"Boulangeries modernes: Des Sit-in de protestation devant le minist\u00e8re du Commerce"}]},{"@type":"WebSite","@id":"https:\/\/www.webdo.tn\/fr\/#website","url":"https:\/\/www.webdo.tn\/fr\/","name":"webdo","description":"Tunisie - News en Tunisie et \u00e0 l&#039;international sur Webdo.tn","publisher":{"@id":"https:\/\/www.webdo.tn\/fr\/#organization"},"potentialAction":[{"@type":"SearchAction","target":{"@type":"EntryPoint","urlTemplate":"https:\/\/www.webdo.tn\/fr\/?s={search_term_string}"},"query-input":{"@type":"PropertyValueSpecification","valueRequired":true,"valueName":"search_term_string"}}],"inLanguage":"fr-FR"},{"@type":"Organization","@id":"https:\/\/www.webdo.tn\/fr\/#organization","name":"Webdo","alternateName":"Webdo.tn","url":"https:\/\/www.webdo.tn\/fr\/","logo":{"@type":"ImageObject","inLanguage":"fr-FR","@id":"https:\/\/www.webdo.tn\/fr\/#\/schema\/logo\/image\/","url":"https:\/\/www.webdo.tn\/fr\/wp-content\/uploads\/2025\/06\/Webdo-Tunisie_168377.jpg","contentUrl":"https:\/\/www.webdo.tn\/fr\/wp-content\/uploads\/2025\/06\/Webdo-Tunisie_168377.jpg","width":301,"height":301,"caption":"Webdo"},"image":{"@id":"https:\/\/www.webdo.tn\/fr\/#\/schema\/logo\/image\/"},"sameAs":["https:\/\/www.facebook.com\/webdotn","https:\/\/x.com\/webdo_tn"],"description":"Webdo est un m\u00e9dia num\u00e9rique tunisien fond\u00e9 en 2010, sp\u00e9cialis\u00e9 dans l\u2019actualit\u00e9 nationale et internationale, l\u2019\u00e9conomie, la soci\u00e9t\u00e9 et les analyses politiques. Le site s\u2019adresse \u00e0 un large public francophone et couvre l\u2019information tunisienne en temps r\u00e9el.","email":"redac@webdo.tn","legalName":"YNJ SARL","foundingDate":"2010-09-06","numberOfEmployees":{"@type":"QuantitativeValue","minValue":"11","maxValue":"50"}},{"@type":"Person","@id":"https:\/\/www.webdo.tn\/fr\/#\/schema\/person\/f35b42a42c5e2511bbd282959d6385cc","name":"CL","image":{"@type":"ImageObject","inLanguage":"fr-FR","@id":"https:\/\/secure.gravatar.com\/avatar\/1447a49909b67aa657c488aec6512e1dd6143a480c1ecfee9b5b5cd74eb3b59e?s=96&d=mm&r=g","url":"https:\/\/secure.gravatar.com\/avatar\/1447a49909b67aa657c488aec6512e1dd6143a480c1ecfee9b5b5cd74eb3b59e?s=96&d=mm&r=g","contentUrl":"https:\/\/secure.gravatar.com\/avatar\/1447a49909b67aa657c488aec6512e1dd6143a480c1ecfee9b5b5cd74eb3b59e?s=96&d=mm&r=g","caption":"CL"},"url":"https:\/\/www.webdo.tn\/fr\/actualite\/author\/cl\/"}]}},"_links":{"self":[{"href":"https:\/\/www.webdo.tn\/fr\/wp-json\/wp\/v2\/posts\/207694","targetHints":{"allow":["GET"]}}],"collection":[{"href":"https:\/\/www.webdo.tn\/fr\/wp-json\/wp\/v2\/posts"}],"about":[{"href":"https:\/\/www.webdo.tn\/fr\/wp-json\/wp\/v2\/types\/post"}],"author":[{"embeddable":true,"href":"https:\/\/www.webdo.tn\/fr\/wp-json\/wp\/v2\/users\/3175"}],"replies":[{"embeddable":true,"href":"https:\/\/www.webdo.tn\/fr\/wp-json\/wp\/v2\/comments?post=207694"}],"version-history":[{"count":0,"href":"https:\/\/www.webdo.tn\/fr\/wp-json\/wp\/v2\/posts\/207694\/revisions"}],"wp:featuredmedia":[{"embeddable":true,"href":"https:\/\/www.webdo.tn\/fr\/wp-json\/wp\/v2\/media\/249639"}],"wp:attachment":[{"href":"https:\/\/www.webdo.tn\/fr\/wp-json\/wp\/v2\/media?parent=207694"}],"wp:term":[{"taxonomy":"category","embeddable":true,"href":"https:\/\/www.webdo.tn\/fr\/wp-json\/wp\/v2\/categories?post=207694"},{"taxonomy":"post_tag","embeddable":true,"href":"https:\/\/www.webdo.tn\/fr\/wp-json\/wp\/v2\/tags?post=207694"}],"curies":[{"name":"wp","href":"https:\/\/api.w.org\/{rel}","templated":true}]}}