{"id":207684,"date":"2023-08-02T18:21:00","date_gmt":"2023-08-02T18:21:00","guid":{"rendered":"https:\/\/www.webdo.tn\/fr\/blog\/beja-un-lourd-bilan-dans-les-incendies-de-nefza\/207684\/"},"modified":"2025-05-20T22:42:02","modified_gmt":"2025-05-20T22:42:02","slug":"beja-un-lourd-bilan-dans-les-incendies-de-nefza","status":"publish","type":"post","link":"https:\/\/www.webdo.tn\/fr\/actualite\/regions\/beja-un-lourd-bilan-dans-les-incendies-de-nefza\/207684\/","title":{"rendered":"B\u00e9ja : Un lourd bilan dans les incendies de Nefza"},"content":{"rendered":"<p>Une personne a p\u00e9ri et 106 ha de for\u00eat ont \u00e9t\u00e9 d\u00e9truits dans des incendies d\u00e9clar\u00e9es les 24 et 27 juillet, \u00e0 Ouechteta et Zouaraa de la d\u00e9l\u00e9gation de Nefza (gouvernorat de B\u00e9ja).<\/p>\n<p>\t\t\t\t\t\t\t\t\tUne source de la protection civile \u00e0 B\u00e9ja a indiqu\u00e9, \u00e0 l&rsquo;Agence TAP, que le feu a ravag\u00e9 la faune et la flore de la r\u00e9gion dont 80 ha d&rsquo;arbres, 9200 arbres fruitiers, du b\u00e9tail et quelques maisons.<\/p>\n<p>\u00a0\u00bb Les pompiers ont r\u00e9ussi \u00e0 emp\u00eacher les flammes de se propager vers une station-service \u00e0 proximit\u00e9 de l&rsquo;incendie \u00e0 Ouechtata et \u00e9viter de lourds d\u00e9g\u00e2ts \u00ab\u00a0, a soulign\u00e9 la m\u00eame source.<\/p>\n<p>Les causes des incendies sont encore inconnues, a -t-il ajout\u00e9.<\/p>\n","protected":false},"excerpt":{"rendered":"<p>Une personne a p\u00e9ri et 106 ha de for\u00eat ont \u00e9t\u00e9 d\u00e9truits dans des incendies d\u00e9clar\u00e9es les 24 et 27 juillet, \u00e0 Ouechteta et Zouaraa de la d\u00e9l\u00e9gation de Nefza (gou&#8230;<\/p>\n","protected":false},"author":3175,"featured_media":249632,"comment_status":"open","ping_status":"closed","sticky":false,"template":"","format":"standard","meta":{"footnotes":""},"categories":[2595],"tags":[3170,8021,8142],"class_list":["post-207684","post","type-post","status-publish","format-standard","has-post-thumbnail","hentry","category-regions","tag-beja","tag-incendies","tag-nefza"],"yoast_head":"<!-- This site is optimized with the Yoast SEO Premium plugin v27.5 (Yoast SEO v27.5) - https:\/\/yoast.com\/product\/yoast-seo-premium-wordpress\/ -->\n<title>B\u00e9ja : Un lourd bilan dans les incendies de Nefza<\/title>\n<meta name=\"description\" content=\"Une personne a p\u00e9ri et 106 ha de for\u00eat ont \u00e9t\u00e9 d\u00e9truits dans des incendies d\u00e9clar\u00e9es les 24 et 27 juillet, \u00e0 Ouechteta et Zouaraa de la d\u00e9l\u00e9gation de Nefza (gou...\" \/>\n<link rel=\"canonical\" href=\"https:\/\/www.webdo.tn\/fr\/actualite\/regions\/beja-un-lourd-bilan-dans-les-incendies-de-nefza\/207684\/\" \/>\n<meta property=\"og:locale\" content=\"fr_FR\" \/>\n<meta property=\"og:type\" content=\"article\" \/>\n<meta property=\"og:title\" content=\"B\u00e9ja : Un lourd bilan dans les incendies de Nefza\" \/>\n<meta property=\"og:description\" content=\"Une personne a p\u00e9ri et 106 ha de for\u00eat ont \u00e9t\u00e9 d\u00e9truits dans des incendies d\u00e9clar\u00e9es les 24 et 27 juillet, \u00e0 Ouechteta et Zouaraa de la d\u00e9l\u00e9gation de Nefza (gou...\" \/>\n<meta property=\"og:url\" content=\"https:\/\/www.webdo.tn\/fr\/actualite\/regions\/beja-un-lourd-bilan-dans-les-incendies-de-nefza\/207684\/\" \/>\n<meta property=\"og:site_name\" content=\"webdo\" \/>\n<meta property=\"article:publisher\" content=\"https:\/\/www.facebook.com\/webdotn\" \/>\n<meta property=\"article:published_time\" content=\"2023-08-02T18:21:00+00:00\" \/>\n<meta property=\"article:modified_time\" content=\"2025-05-20T22:42:02+00:00\" \/>\n<meta property=\"og:image\" content=\"https:\/\/www.webdo.tn\/fr\/wp-content\/uploads\/2023\/08\/98bb458666bf51ad0c0605b82a024435.jpg\" \/>\n\t<meta property=\"og:image:width\" content=\"750\" \/>\n\t<meta property=\"og:image:height\" content=\"400\" \/>\n\t<meta property=\"og:image:type\" content=\"image\/jpeg\" \/>\n<meta name=\"author\" content=\"CL\" \/>\n<meta name=\"twitter:card\" content=\"summary_large_image\" \/>\n<meta name=\"twitter:creator\" content=\"@webdo_tn\" \/>\n<meta name=\"twitter:site\" content=\"@webdo_tn\" \/>\n<meta name=\"twitter:label1\" content=\"\u00c9crit par\" \/>\n\t<meta name=\"twitter:data1\" content=\"CL\" \/>\n\t<meta name=\"twitter:label2\" content=\"Dur\u00e9e de lecture estim\u00e9e\" \/>\n\t<meta name=\"twitter:data2\" content=\"1 minute\" \/>\n<script type=\"application\/ld+json\" class=\"yoast-schema-graph\">{\"@context\":\"https:\\\/\\\/schema.org\",\"@graph\":[{\"@type\":\"NewsArticle\",\"@id\":\"https:\\\/\\\/www.webdo.tn\\\/fr\\\/actualite\\\/regions\\\/beja-un-lourd-bilan-dans-les-incendies-de-nefza\\\/207684\\\/#article\",\"isPartOf\":{\"@id\":\"https:\\\/\\\/www.webdo.tn\\\/fr\\\/actualite\\\/regions\\\/beja-un-lourd-bilan-dans-les-incendies-de-nefza\\\/207684\\\/\"},\"author\":{\"name\":\"CL\",\"@id\":\"https:\\\/\\\/www.webdo.tn\\\/fr\\\/#\\\/schema\\\/person\\\/f35b42a42c5e2511bbd282959d6385cc\"},\"headline\":\"B\u00e9ja : Un lourd bilan dans les incendies de Nefza\",\"datePublished\":\"2023-08-02T18:21:00+00:00\",\"dateModified\":\"2025-05-20T22:42:02+00:00\",\"mainEntityOfPage\":{\"@id\":\"https:\\\/\\\/www.webdo.tn\\\/fr\\\/actualite\\\/regions\\\/beja-un-lourd-bilan-dans-les-incendies-de-nefza\\\/207684\\\/\"},\"wordCount\":129,\"commentCount\":0,\"publisher\":{\"@id\":\"https:\\\/\\\/www.webdo.tn\\\/fr\\\/#organization\"},\"image\":{\"@id\":\"https:\\\/\\\/www.webdo.tn\\\/fr\\\/actualite\\\/regions\\\/beja-un-lourd-bilan-dans-les-incendies-de-nefza\\\/207684\\\/#primaryimage\"},\"thumbnailUrl\":\"https:\\\/\\\/www.webdo.tn\\\/fr\\\/wp-content\\\/uploads\\\/2023\\\/08\\\/98bb458666bf51ad0c0605b82a024435.jpg\",\"keywords\":[\"b\u00e9ja\",\"Incendies\",\"Nefza\"],\"articleSection\":[\"regions\"],\"inLanguage\":\"fr-FR\"},{\"@type\":\"WebPage\",\"@id\":\"https:\\\/\\\/www.webdo.tn\\\/fr\\\/actualite\\\/regions\\\/beja-un-lourd-bilan-dans-les-incendies-de-nefza\\\/207684\\\/\",\"url\":\"https:\\\/\\\/www.webdo.tn\\\/fr\\\/actualite\\\/regions\\\/beja-un-lourd-bilan-dans-les-incendies-de-nefza\\\/207684\\\/\",\"name\":\"B\u00e9ja : Un lourd bilan dans les incendies de Nefza\",\"isPartOf\":{\"@id\":\"https:\\\/\\\/www.webdo.tn\\\/fr\\\/#website\"},\"primaryImageOfPage\":{\"@id\":\"https:\\\/\\\/www.webdo.tn\\\/fr\\\/actualite\\\/regions\\\/beja-un-lourd-bilan-dans-les-incendies-de-nefza\\\/207684\\\/#primaryimage\"},\"image\":{\"@id\":\"https:\\\/\\\/www.webdo.tn\\\/fr\\\/actualite\\\/regions\\\/beja-un-lourd-bilan-dans-les-incendies-de-nefza\\\/207684\\\/#primaryimage\"},\"thumbnailUrl\":\"https:\\\/\\\/www.webdo.tn\\\/fr\\\/wp-content\\\/uploads\\\/2023\\\/08\\\/98bb458666bf51ad0c0605b82a024435.jpg\",\"datePublished\":\"2023-08-02T18:21:00+00:00\",\"dateModified\":\"2025-05-20T22:42:02+00:00\",\"description\":\"Une personne a p\u00e9ri et 106 ha de for\u00eat ont \u00e9t\u00e9 d\u00e9truits dans des incendies d\u00e9clar\u00e9es les 24 et 27 juillet, \u00e0 Ouechteta et Zouaraa de la d\u00e9l\u00e9gation de Nefza (gou...\",\"breadcrumb\":{\"@id\":\"https:\\\/\\\/www.webdo.tn\\\/fr\\\/actualite\\\/regions\\\/beja-un-lourd-bilan-dans-les-incendies-de-nefza\\\/207684\\\/#breadcrumb\"},\"inLanguage\":\"fr-FR\",\"potentialAction\":[{\"@type\":\"ReadAction\",\"target\":[\"https:\\\/\\\/www.webdo.tn\\\/fr\\\/actualite\\\/regions\\\/beja-un-lourd-bilan-dans-les-incendies-de-nefza\\\/207684\\\/\"]}]},{\"@type\":\"ImageObject\",\"inLanguage\":\"fr-FR\",\"@id\":\"https:\\\/\\\/www.webdo.tn\\\/fr\\\/actualite\\\/regions\\\/beja-un-lourd-bilan-dans-les-incendies-de-nefza\\\/207684\\\/#primaryimage\",\"url\":\"https:\\\/\\\/www.webdo.tn\\\/fr\\\/wp-content\\\/uploads\\\/2023\\\/08\\\/98bb458666bf51ad0c0605b82a024435.jpg\",\"contentUrl\":\"https:\\\/\\\/www.webdo.tn\\\/fr\\\/wp-content\\\/uploads\\\/2023\\\/08\\\/98bb458666bf51ad0c0605b82a024435.jpg\",\"width\":750,\"height\":400,\"caption\":\"B\u00e9ja : Un lourd bilan dans les incendies de Nefza\"},{\"@type\":\"BreadcrumbList\",\"@id\":\"https:\\\/\\\/www.webdo.tn\\\/fr\\\/actualite\\\/regions\\\/beja-un-lourd-bilan-dans-les-incendies-de-nefza\\\/207684\\\/#breadcrumb\",\"itemListElement\":[{\"@type\":\"ListItem\",\"position\":1,\"name\":\"Accueil\",\"item\":\"https:\\\/\\\/www.webdo.tn\\\/fr\\\/\"},{\"@type\":\"ListItem\",\"position\":2,\"name\":\"B\u00e9ja : Un lourd bilan dans les incendies de Nefza\"}]},{\"@type\":\"WebSite\",\"@id\":\"https:\\\/\\\/www.webdo.tn\\\/fr\\\/#website\",\"url\":\"https:\\\/\\\/www.webdo.tn\\\/fr\\\/\",\"name\":\"webdo\",\"description\":\"Tunisie - News en Tunisie et \u00e0 l&#039;international sur Webdo.tn\",\"publisher\":{\"@id\":\"https:\\\/\\\/www.webdo.tn\\\/fr\\\/#organization\"},\"potentialAction\":[{\"@type\":\"SearchAction\",\"target\":{\"@type\":\"EntryPoint\",\"urlTemplate\":\"https:\\\/\\\/www.webdo.tn\\\/fr\\\/?s={search_term_string}\"},\"query-input\":{\"@type\":\"PropertyValueSpecification\",\"valueRequired\":true,\"valueName\":\"search_term_string\"}}],\"inLanguage\":\"fr-FR\"},{\"@type\":\"Organization\",\"@id\":\"https:\\\/\\\/www.webdo.tn\\\/fr\\\/#organization\",\"name\":\"Webdo\",\"alternateName\":\"Webdo.tn\",\"url\":\"https:\\\/\\\/www.webdo.tn\\\/fr\\\/\",\"logo\":{\"@type\":\"ImageObject\",\"inLanguage\":\"fr-FR\",\"@id\":\"https:\\\/\\\/www.webdo.tn\\\/fr\\\/#\\\/schema\\\/logo\\\/image\\\/\",\"url\":\"https:\\\/\\\/www.webdo.tn\\\/fr\\\/wp-content\\\/uploads\\\/2025\\\/06\\\/Webdo-Tunisie_168377.jpg\",\"contentUrl\":\"https:\\\/\\\/www.webdo.tn\\\/fr\\\/wp-content\\\/uploads\\\/2025\\\/06\\\/Webdo-Tunisie_168377.jpg\",\"width\":301,\"height\":301,\"caption\":\"Webdo\"},\"image\":{\"@id\":\"https:\\\/\\\/www.webdo.tn\\\/fr\\\/#\\\/schema\\\/logo\\\/image\\\/\"},\"sameAs\":[\"https:\\\/\\\/www.facebook.com\\\/webdotn\",\"https:\\\/\\\/x.com\\\/webdo_tn\"],\"description\":\"Webdo est un m\u00e9dia num\u00e9rique tunisien fond\u00e9 en 2010, sp\u00e9cialis\u00e9 dans l\u2019actualit\u00e9 nationale et internationale, l\u2019\u00e9conomie, la soci\u00e9t\u00e9 et les analyses politiques. Le site s\u2019adresse \u00e0 un large public francophone et couvre l\u2019information tunisienne en temps r\u00e9el.\",\"email\":\"redac@webdo.tn\",\"legalName\":\"YNJ SARL\",\"foundingDate\":\"2010-09-06\",\"numberOfEmployees\":{\"@type\":\"QuantitativeValue\",\"minValue\":\"11\",\"maxValue\":\"50\"}},{\"@type\":\"Person\",\"@id\":\"https:\\\/\\\/www.webdo.tn\\\/fr\\\/#\\\/schema\\\/person\\\/f35b42a42c5e2511bbd282959d6385cc\",\"name\":\"CL\",\"image\":{\"@type\":\"ImageObject\",\"inLanguage\":\"fr-FR\",\"@id\":\"https:\\\/\\\/secure.gravatar.com\\\/avatar\\\/1447a49909b67aa657c488aec6512e1dd6143a480c1ecfee9b5b5cd74eb3b59e?s=96&d=mm&r=g\",\"url\":\"https:\\\/\\\/secure.gravatar.com\\\/avatar\\\/1447a49909b67aa657c488aec6512e1dd6143a480c1ecfee9b5b5cd74eb3b59e?s=96&d=mm&r=g\",\"contentUrl\":\"https:\\\/\\\/secure.gravatar.com\\\/avatar\\\/1447a49909b67aa657c488aec6512e1dd6143a480c1ecfee9b5b5cd74eb3b59e?s=96&d=mm&r=g\",\"caption\":\"CL\"},\"url\":\"https:\\\/\\\/www.webdo.tn\\\/fr\\\/actualite\\\/author\\\/cl\\\/\"}]}<\/script>\n<!-- \/ Yoast SEO Premium plugin. -->","yoast_head_json":{"title":"B\u00e9ja : Un lourd bilan dans les incendies de Nefza","description":"Une personne a p\u00e9ri et 106 ha de for\u00eat ont \u00e9t\u00e9 d\u00e9truits dans des incendies d\u00e9clar\u00e9es les 24 et 27 juillet, \u00e0 Ouechteta et Zouaraa de la d\u00e9l\u00e9gation de Nefza (gou...","canonical":"https:\/\/www.webdo.tn\/fr\/actualite\/regions\/beja-un-lourd-bilan-dans-les-incendies-de-nefza\/207684\/","og_locale":"fr_FR","og_type":"article","og_title":"B\u00e9ja : Un lourd bilan dans les incendies de Nefza","og_description":"Une personne a p\u00e9ri et 106 ha de for\u00eat ont \u00e9t\u00e9 d\u00e9truits dans des incendies d\u00e9clar\u00e9es les 24 et 27 juillet, \u00e0 Ouechteta et Zouaraa de la d\u00e9l\u00e9gation de Nefza (gou...","og_url":"https:\/\/www.webdo.tn\/fr\/actualite\/regions\/beja-un-lourd-bilan-dans-les-incendies-de-nefza\/207684\/","og_site_name":"webdo","article_publisher":"https:\/\/www.facebook.com\/webdotn","article_published_time":"2023-08-02T18:21:00+00:00","article_modified_time":"2025-05-20T22:42:02+00:00","og_image":[{"width":750,"height":400,"url":"https:\/\/www.webdo.tn\/fr\/wp-content\/uploads\/2023\/08\/98bb458666bf51ad0c0605b82a024435.jpg","type":"image\/jpeg"}],"author":"CL","twitter_card":"summary_large_image","twitter_creator":"@webdo_tn","twitter_site":"@webdo_tn","twitter_misc":{"\u00c9crit par":"CL","Dur\u00e9e de lecture estim\u00e9e":"1 minute"},"schema":{"@context":"https:\/\/schema.org","@graph":[{"@type":"NewsArticle","@id":"https:\/\/www.webdo.tn\/fr\/actualite\/regions\/beja-un-lourd-bilan-dans-les-incendies-de-nefza\/207684\/#article","isPartOf":{"@id":"https:\/\/www.webdo.tn\/fr\/actualite\/regions\/beja-un-lourd-bilan-dans-les-incendies-de-nefza\/207684\/"},"author":{"name":"CL","@id":"https:\/\/www.webdo.tn\/fr\/#\/schema\/person\/f35b42a42c5e2511bbd282959d6385cc"},"headline":"B\u00e9ja : Un lourd bilan dans les incendies de Nefza","datePublished":"2023-08-02T18:21:00+00:00","dateModified":"2025-05-20T22:42:02+00:00","mainEntityOfPage":{"@id":"https:\/\/www.webdo.tn\/fr\/actualite\/regions\/beja-un-lourd-bilan-dans-les-incendies-de-nefza\/207684\/"},"wordCount":129,"commentCount":0,"publisher":{"@id":"https:\/\/www.webdo.tn\/fr\/#organization"},"image":{"@id":"https:\/\/www.webdo.tn\/fr\/actualite\/regions\/beja-un-lourd-bilan-dans-les-incendies-de-nefza\/207684\/#primaryimage"},"thumbnailUrl":"https:\/\/www.webdo.tn\/fr\/wp-content\/uploads\/2023\/08\/98bb458666bf51ad0c0605b82a024435.jpg","keywords":["b\u00e9ja","Incendies","Nefza"],"articleSection":["regions"],"inLanguage":"fr-FR"},{"@type":"WebPage","@id":"https:\/\/www.webdo.tn\/fr\/actualite\/regions\/beja-un-lourd-bilan-dans-les-incendies-de-nefza\/207684\/","url":"https:\/\/www.webdo.tn\/fr\/actualite\/regions\/beja-un-lourd-bilan-dans-les-incendies-de-nefza\/207684\/","name":"B\u00e9ja : Un lourd bilan dans les incendies de Nefza","isPartOf":{"@id":"https:\/\/www.webdo.tn\/fr\/#website"},"primaryImageOfPage":{"@id":"https:\/\/www.webdo.tn\/fr\/actualite\/regions\/beja-un-lourd-bilan-dans-les-incendies-de-nefza\/207684\/#primaryimage"},"image":{"@id":"https:\/\/www.webdo.tn\/fr\/actualite\/regions\/beja-un-lourd-bilan-dans-les-incendies-de-nefza\/207684\/#primaryimage"},"thumbnailUrl":"https:\/\/www.webdo.tn\/fr\/wp-content\/uploads\/2023\/08\/98bb458666bf51ad0c0605b82a024435.jpg","datePublished":"2023-08-02T18:21:00+00:00","dateModified":"2025-05-20T22:42:02+00:00","description":"Une personne a p\u00e9ri et 106 ha de for\u00eat ont \u00e9t\u00e9 d\u00e9truits dans des incendies d\u00e9clar\u00e9es les 24 et 27 juillet, \u00e0 Ouechteta et Zouaraa de la d\u00e9l\u00e9gation de Nefza (gou...","breadcrumb":{"@id":"https:\/\/www.webdo.tn\/fr\/actualite\/regions\/beja-un-lourd-bilan-dans-les-incendies-de-nefza\/207684\/#breadcrumb"},"inLanguage":"fr-FR","potentialAction":[{"@type":"ReadAction","target":["https:\/\/www.webdo.tn\/fr\/actualite\/regions\/beja-un-lourd-bilan-dans-les-incendies-de-nefza\/207684\/"]}]},{"@type":"ImageObject","inLanguage":"fr-FR","@id":"https:\/\/www.webdo.tn\/fr\/actualite\/regions\/beja-un-lourd-bilan-dans-les-incendies-de-nefza\/207684\/#primaryimage","url":"https:\/\/www.webdo.tn\/fr\/wp-content\/uploads\/2023\/08\/98bb458666bf51ad0c0605b82a024435.jpg","contentUrl":"https:\/\/www.webdo.tn\/fr\/wp-content\/uploads\/2023\/08\/98bb458666bf51ad0c0605b82a024435.jpg","width":750,"height":400,"caption":"B\u00e9ja : Un lourd bilan dans les incendies de Nefza"},{"@type":"BreadcrumbList","@id":"https:\/\/www.webdo.tn\/fr\/actualite\/regions\/beja-un-lourd-bilan-dans-les-incendies-de-nefza\/207684\/#breadcrumb","itemListElement":[{"@type":"ListItem","position":1,"name":"Accueil","item":"https:\/\/www.webdo.tn\/fr\/"},{"@type":"ListItem","position":2,"name":"B\u00e9ja : Un lourd bilan dans les incendies de Nefza"}]},{"@type":"WebSite","@id":"https:\/\/www.webdo.tn\/fr\/#website","url":"https:\/\/www.webdo.tn\/fr\/","name":"webdo","description":"Tunisie - News en Tunisie et \u00e0 l&#039;international sur Webdo.tn","publisher":{"@id":"https:\/\/www.webdo.tn\/fr\/#organization"},"potentialAction":[{"@type":"SearchAction","target":{"@type":"EntryPoint","urlTemplate":"https:\/\/www.webdo.tn\/fr\/?s={search_term_string}"},"query-input":{"@type":"PropertyValueSpecification","valueRequired":true,"valueName":"search_term_string"}}],"inLanguage":"fr-FR"},{"@type":"Organization","@id":"https:\/\/www.webdo.tn\/fr\/#organization","name":"Webdo","alternateName":"Webdo.tn","url":"https:\/\/www.webdo.tn\/fr\/","logo":{"@type":"ImageObject","inLanguage":"fr-FR","@id":"https:\/\/www.webdo.tn\/fr\/#\/schema\/logo\/image\/","url":"https:\/\/www.webdo.tn\/fr\/wp-content\/uploads\/2025\/06\/Webdo-Tunisie_168377.jpg","contentUrl":"https:\/\/www.webdo.tn\/fr\/wp-content\/uploads\/2025\/06\/Webdo-Tunisie_168377.jpg","width":301,"height":301,"caption":"Webdo"},"image":{"@id":"https:\/\/www.webdo.tn\/fr\/#\/schema\/logo\/image\/"},"sameAs":["https:\/\/www.facebook.com\/webdotn","https:\/\/x.com\/webdo_tn"],"description":"Webdo est un m\u00e9dia num\u00e9rique tunisien fond\u00e9 en 2010, sp\u00e9cialis\u00e9 dans l\u2019actualit\u00e9 nationale et internationale, l\u2019\u00e9conomie, la soci\u00e9t\u00e9 et les analyses politiques. Le site s\u2019adresse \u00e0 un large public francophone et couvre l\u2019information tunisienne en temps r\u00e9el.","email":"redac@webdo.tn","legalName":"YNJ SARL","foundingDate":"2010-09-06","numberOfEmployees":{"@type":"QuantitativeValue","minValue":"11","maxValue":"50"}},{"@type":"Person","@id":"https:\/\/www.webdo.tn\/fr\/#\/schema\/person\/f35b42a42c5e2511bbd282959d6385cc","name":"CL","image":{"@type":"ImageObject","inLanguage":"fr-FR","@id":"https:\/\/secure.gravatar.com\/avatar\/1447a49909b67aa657c488aec6512e1dd6143a480c1ecfee9b5b5cd74eb3b59e?s=96&d=mm&r=g","url":"https:\/\/secure.gravatar.com\/avatar\/1447a49909b67aa657c488aec6512e1dd6143a480c1ecfee9b5b5cd74eb3b59e?s=96&d=mm&r=g","contentUrl":"https:\/\/secure.gravatar.com\/avatar\/1447a49909b67aa657c488aec6512e1dd6143a480c1ecfee9b5b5cd74eb3b59e?s=96&d=mm&r=g","caption":"CL"},"url":"https:\/\/www.webdo.tn\/fr\/actualite\/author\/cl\/"}]}},"_links":{"self":[{"href":"https:\/\/www.webdo.tn\/fr\/wp-json\/wp\/v2\/posts\/207684","targetHints":{"allow":["GET"]}}],"collection":[{"href":"https:\/\/www.webdo.tn\/fr\/wp-json\/wp\/v2\/posts"}],"about":[{"href":"https:\/\/www.webdo.tn\/fr\/wp-json\/wp\/v2\/types\/post"}],"author":[{"embeddable":true,"href":"https:\/\/www.webdo.tn\/fr\/wp-json\/wp\/v2\/users\/3175"}],"replies":[{"embeddable":true,"href":"https:\/\/www.webdo.tn\/fr\/wp-json\/wp\/v2\/comments?post=207684"}],"version-history":[{"count":0,"href":"https:\/\/www.webdo.tn\/fr\/wp-json\/wp\/v2\/posts\/207684\/revisions"}],"wp:featuredmedia":[{"embeddable":true,"href":"https:\/\/www.webdo.tn\/fr\/wp-json\/wp\/v2\/media\/249632"}],"wp:attachment":[{"href":"https:\/\/www.webdo.tn\/fr\/wp-json\/wp\/v2\/media?parent=207684"}],"wp:term":[{"taxonomy":"category","embeddable":true,"href":"https:\/\/www.webdo.tn\/fr\/wp-json\/wp\/v2\/categories?post=207684"},{"taxonomy":"post_tag","embeddable":true,"href":"https:\/\/www.webdo.tn\/fr\/wp-json\/wp\/v2\/tags?post=207684"}],"curies":[{"name":"wp","href":"https:\/\/api.w.org\/{rel}","templated":true}]}}