{"id":207674,"date":"2023-08-02T12:22:00","date_gmt":"2023-08-02T12:22:00","guid":{"rendered":"https:\/\/www.webdo.tn\/fr\/blog\/10-boursiers-tunisiens-admis-a-polytechnique-de-paris\/207674\/"},"modified":"2025-05-20T22:57:54","modified_gmt":"2025-05-20T22:57:54","slug":"10-boursiers-tunisiens-admis-a-polytechnique-de-paris","status":"publish","type":"post","link":"https:\/\/www.webdo.tn\/fr\/actualite\/national\/10-boursiers-tunisiens-admis-a-polytechnique-de-paris\/207674\/","title":{"rendered":"10 boursiers tunisiens admis \u00e0 Polytechnique de Paris"},"content":{"rendered":"<p>Le minist\u00e8re de l\u2019Enseignement sup\u00e9rieur et de la Recherche scientifique, et en particulier, la Direction g\u00e9n\u00e9rale des Affaires estudiantines rend un vibrant hommage \u00e0 ses \u00e9tudiants boursiers qui ont enregistr\u00e9 des r\u00e9sultats tr\u00e8s honorables \u00e0 l\u2019\u00e9tranger, et sp\u00e9cialement ceux qui viennent de r\u00e9ussir au concours d\u2019entr\u00e9e \u00e0 l\u2019\u00c9cole Polytechnique de Paris.<\/p>\n<p>\t\t\t\t\t\t\t\t\tLa d\u00e9lib\u00e9ration du jury en date du 19 juillet 2023 montre que la Tunisie a rafl\u00e9 plus de 16% des admissions (16,66%) dans la fili\u00e8re CPGE.<\/p>\n<p>Ils sont 10 Tunisiens sur 60 laur\u00e9ats \u00e9trangers d\u2019une dizaine de pays \u00e0 avoir r\u00e9ussi le concours d\u2019admission. Sur les 10 admis, 5 viennent de l&rsquo;IPEST.<\/p>\n<p>Dans le classement g\u00e9n\u00e9ral, le Maroc vient en pole position avec 41 admis, suivi par la Tunisie avec 10 candidats admis.<\/p>\n<p>Parmi les pays d\u2019Afrique du Nord, l\u2019Alg\u00e9rie vient en derni\u00e8re position avec 1 seul candidat admis.<\/p>\n<p>Voici les r\u00e9sultats par pays :<\/p>\n<p>\tMaroc : 41<br \/>\n\tTunisie : 10<br \/>\n\tAlg\u00e9rie : 1<br \/>\n\tAutriche : 1<br \/>\n\tCanada : 1<br \/>\n\tChili : 1<br \/>\n\tChine : 1<br \/>\n\tCongo : 1<br \/>\n\tLiban : 1<br \/>\n\tRoumanie : 1<br \/>\n\tTch\u00e9coslovaquie : 1<\/p>\n<p>Dans la promotion de 1973, parmi les\u00a0 9 \u00e9trangers admis au concours d\u2019entr\u00e9e \u00e0 l\u2019\u00c9cole Polytechnique de Paris, 4 \u00e9taient des Tunisiens. Sa r\u00e9colte repr\u00e9sentait 45% du total.<\/p>\n<p>Le Liban venait en seconde position avec deux \u00e9tudiants, suivaient le Maroc, le Vietnam et Madagascar avec chacun un seul \u00e9tudiant admis.<\/p>\n","protected":false},"excerpt":{"rendered":"<p>Le minist\u00e8re de l\u2019Enseignement sup\u00e9rieur rend un vibrant hommage \u00e0 ses \u00e9tudiants boursiers \u00e0 l\u2019\u00e9tranger, et sp\u00e9cialement ceux qui viennent de r\u00e9ussir au concour&#8230;<\/p>\n","protected":false},"author":3188,"featured_media":249630,"comment_status":"open","ping_status":"closed","sticky":false,"template":"","format":"standard","meta":{"footnotes":""},"categories":[44],"tags":[8140,5270,8141,2608],"class_list":["post-207674","post","type-post","status-publish","format-standard","has-post-thumbnail","hentry","category-national","tag-boursiers","tag-paris","tag-polytechnique","tag-tunisie"],"yoast_head":"<!-- This site is optimized with the Yoast SEO Premium plugin v27.5 (Yoast SEO v27.5) - https:\/\/yoast.com\/product\/yoast-seo-premium-wordpress\/ -->\n<title>10 boursiers tunisiens admis \u00e0 Polytechnique de Paris<\/title>\n<meta name=\"description\" content=\"Le minist\u00e8re de l\u2019Enseignement sup\u00e9rieur rend un vibrant hommage \u00e0 ses \u00e9tudiants boursiers \u00e0 l\u2019\u00e9tranger, et sp\u00e9cialement ceux qui viennent de r\u00e9ussir au concour...\" \/>\n<link rel=\"canonical\" href=\"https:\/\/www.webdo.tn\/fr\/actualite\/national\/10-boursiers-tunisiens-admis-a-polytechnique-de-paris\/207674\/\" \/>\n<meta property=\"og:locale\" content=\"fr_FR\" \/>\n<meta property=\"og:type\" content=\"article\" \/>\n<meta property=\"og:title\" content=\"10 boursiers tunisiens admis \u00e0 Polytechnique de Paris\" \/>\n<meta property=\"og:description\" content=\"Le minist\u00e8re de l\u2019Enseignement sup\u00e9rieur rend un vibrant hommage \u00e0 ses \u00e9tudiants boursiers \u00e0 l\u2019\u00e9tranger, et sp\u00e9cialement ceux qui viennent de r\u00e9ussir au concour...\" \/>\n<meta property=\"og:url\" content=\"https:\/\/www.webdo.tn\/fr\/actualite\/national\/10-boursiers-tunisiens-admis-a-polytechnique-de-paris\/207674\/\" \/>\n<meta property=\"og:site_name\" content=\"webdo\" \/>\n<meta property=\"article:publisher\" content=\"https:\/\/www.facebook.com\/webdotn\" \/>\n<meta property=\"article:published_time\" content=\"2023-08-02T12:22:00+00:00\" \/>\n<meta property=\"article:modified_time\" content=\"2025-05-20T22:57:54+00:00\" \/>\n<meta property=\"og:image\" content=\"https:\/\/www.webdo.tn\/fr\/wp-content\/uploads\/2023\/08\/8cc7bd7f1e60e9654983e723b560ee7b.jpeg\" \/>\n\t<meta property=\"og:image:width\" content=\"750\" \/>\n\t<meta property=\"og:image:height\" content=\"400\" \/>\n\t<meta property=\"og:image:type\" content=\"image\/jpeg\" \/>\n<meta name=\"author\" content=\"Ramzi\" \/>\n<meta name=\"twitter:card\" content=\"summary_large_image\" \/>\n<meta name=\"twitter:creator\" content=\"@webdo_tn\" \/>\n<meta name=\"twitter:site\" content=\"@webdo_tn\" \/>\n<meta name=\"twitter:label1\" content=\"\u00c9crit par\" \/>\n\t<meta name=\"twitter:data1\" content=\"Ramzi\" \/>\n\t<meta name=\"twitter:label2\" content=\"Dur\u00e9e de lecture estim\u00e9e\" \/>\n\t<meta name=\"twitter:data2\" content=\"1 minute\" \/>\n<script type=\"application\/ld+json\" class=\"yoast-schema-graph\">{\"@context\":\"https:\\\/\\\/schema.org\",\"@graph\":[{\"@type\":\"NewsArticle\",\"@id\":\"https:\\\/\\\/www.webdo.tn\\\/fr\\\/actualite\\\/national\\\/10-boursiers-tunisiens-admis-a-polytechnique-de-paris\\\/207674\\\/#article\",\"isPartOf\":{\"@id\":\"https:\\\/\\\/www.webdo.tn\\\/fr\\\/actualite\\\/national\\\/10-boursiers-tunisiens-admis-a-polytechnique-de-paris\\\/207674\\\/\"},\"author\":{\"name\":\"Ramzi\",\"@id\":\"https:\\\/\\\/www.webdo.tn\\\/fr\\\/#\\\/schema\\\/person\\\/590cb5f81adcfde6385530fdbdf468e2\"},\"headline\":\"10 boursiers tunisiens admis \u00e0 Polytechnique de Paris\",\"datePublished\":\"2023-08-02T12:22:00+00:00\",\"dateModified\":\"2025-05-20T22:57:54+00:00\",\"mainEntityOfPage\":{\"@id\":\"https:\\\/\\\/www.webdo.tn\\\/fr\\\/actualite\\\/national\\\/10-boursiers-tunisiens-admis-a-polytechnique-de-paris\\\/207674\\\/\"},\"wordCount\":227,\"commentCount\":0,\"publisher\":{\"@id\":\"https:\\\/\\\/www.webdo.tn\\\/fr\\\/#organization\"},\"image\":{\"@id\":\"https:\\\/\\\/www.webdo.tn\\\/fr\\\/actualite\\\/national\\\/10-boursiers-tunisiens-admis-a-polytechnique-de-paris\\\/207674\\\/#primaryimage\"},\"thumbnailUrl\":\"https:\\\/\\\/www.webdo.tn\\\/fr\\\/wp-content\\\/uploads\\\/2023\\\/08\\\/8cc7bd7f1e60e9654983e723b560ee7b.jpeg\",\"keywords\":[\"boursiers\",\"Paris\",\"Polytechnique\",\"Tunisie\"],\"articleSection\":[\"National\"],\"inLanguage\":\"fr-FR\"},{\"@type\":\"WebPage\",\"@id\":\"https:\\\/\\\/www.webdo.tn\\\/fr\\\/actualite\\\/national\\\/10-boursiers-tunisiens-admis-a-polytechnique-de-paris\\\/207674\\\/\",\"url\":\"https:\\\/\\\/www.webdo.tn\\\/fr\\\/actualite\\\/national\\\/10-boursiers-tunisiens-admis-a-polytechnique-de-paris\\\/207674\\\/\",\"name\":\"10 boursiers tunisiens admis \u00e0 Polytechnique de Paris\",\"isPartOf\":{\"@id\":\"https:\\\/\\\/www.webdo.tn\\\/fr\\\/#website\"},\"primaryImageOfPage\":{\"@id\":\"https:\\\/\\\/www.webdo.tn\\\/fr\\\/actualite\\\/national\\\/10-boursiers-tunisiens-admis-a-polytechnique-de-paris\\\/207674\\\/#primaryimage\"},\"image\":{\"@id\":\"https:\\\/\\\/www.webdo.tn\\\/fr\\\/actualite\\\/national\\\/10-boursiers-tunisiens-admis-a-polytechnique-de-paris\\\/207674\\\/#primaryimage\"},\"thumbnailUrl\":\"https:\\\/\\\/www.webdo.tn\\\/fr\\\/wp-content\\\/uploads\\\/2023\\\/08\\\/8cc7bd7f1e60e9654983e723b560ee7b.jpeg\",\"datePublished\":\"2023-08-02T12:22:00+00:00\",\"dateModified\":\"2025-05-20T22:57:54+00:00\",\"description\":\"Le minist\u00e8re de l\u2019Enseignement sup\u00e9rieur rend un vibrant hommage \u00e0 ses \u00e9tudiants boursiers \u00e0 l\u2019\u00e9tranger, et sp\u00e9cialement ceux qui viennent de r\u00e9ussir au concour...\",\"breadcrumb\":{\"@id\":\"https:\\\/\\\/www.webdo.tn\\\/fr\\\/actualite\\\/national\\\/10-boursiers-tunisiens-admis-a-polytechnique-de-paris\\\/207674\\\/#breadcrumb\"},\"inLanguage\":\"fr-FR\",\"potentialAction\":[{\"@type\":\"ReadAction\",\"target\":[\"https:\\\/\\\/www.webdo.tn\\\/fr\\\/actualite\\\/national\\\/10-boursiers-tunisiens-admis-a-polytechnique-de-paris\\\/207674\\\/\"]}]},{\"@type\":\"ImageObject\",\"inLanguage\":\"fr-FR\",\"@id\":\"https:\\\/\\\/www.webdo.tn\\\/fr\\\/actualite\\\/national\\\/10-boursiers-tunisiens-admis-a-polytechnique-de-paris\\\/207674\\\/#primaryimage\",\"url\":\"https:\\\/\\\/www.webdo.tn\\\/fr\\\/wp-content\\\/uploads\\\/2023\\\/08\\\/8cc7bd7f1e60e9654983e723b560ee7b.jpeg\",\"contentUrl\":\"https:\\\/\\\/www.webdo.tn\\\/fr\\\/wp-content\\\/uploads\\\/2023\\\/08\\\/8cc7bd7f1e60e9654983e723b560ee7b.jpeg\",\"width\":750,\"height\":400,\"caption\":\"10 boursiers tunisiens admis \u00e0 Polytechnique de Paris\"},{\"@type\":\"BreadcrumbList\",\"@id\":\"https:\\\/\\\/www.webdo.tn\\\/fr\\\/actualite\\\/national\\\/10-boursiers-tunisiens-admis-a-polytechnique-de-paris\\\/207674\\\/#breadcrumb\",\"itemListElement\":[{\"@type\":\"ListItem\",\"position\":1,\"name\":\"Accueil\",\"item\":\"https:\\\/\\\/www.webdo.tn\\\/fr\\\/\"},{\"@type\":\"ListItem\",\"position\":2,\"name\":\"10 boursiers tunisiens admis \u00e0 Polytechnique de Paris\"}]},{\"@type\":\"WebSite\",\"@id\":\"https:\\\/\\\/www.webdo.tn\\\/fr\\\/#website\",\"url\":\"https:\\\/\\\/www.webdo.tn\\\/fr\\\/\",\"name\":\"webdo\",\"description\":\"Tunisie - News en Tunisie et \u00e0 l&#039;international sur Webdo.tn\",\"publisher\":{\"@id\":\"https:\\\/\\\/www.webdo.tn\\\/fr\\\/#organization\"},\"potentialAction\":[{\"@type\":\"SearchAction\",\"target\":{\"@type\":\"EntryPoint\",\"urlTemplate\":\"https:\\\/\\\/www.webdo.tn\\\/fr\\\/?s={search_term_string}\"},\"query-input\":{\"@type\":\"PropertyValueSpecification\",\"valueRequired\":true,\"valueName\":\"search_term_string\"}}],\"inLanguage\":\"fr-FR\"},{\"@type\":\"Organization\",\"@id\":\"https:\\\/\\\/www.webdo.tn\\\/fr\\\/#organization\",\"name\":\"Webdo\",\"alternateName\":\"Webdo.tn\",\"url\":\"https:\\\/\\\/www.webdo.tn\\\/fr\\\/\",\"logo\":{\"@type\":\"ImageObject\",\"inLanguage\":\"fr-FR\",\"@id\":\"https:\\\/\\\/www.webdo.tn\\\/fr\\\/#\\\/schema\\\/logo\\\/image\\\/\",\"url\":\"https:\\\/\\\/www.webdo.tn\\\/fr\\\/wp-content\\\/uploads\\\/2025\\\/06\\\/Webdo-Tunisie_168377.jpg\",\"contentUrl\":\"https:\\\/\\\/www.webdo.tn\\\/fr\\\/wp-content\\\/uploads\\\/2025\\\/06\\\/Webdo-Tunisie_168377.jpg\",\"width\":301,\"height\":301,\"caption\":\"Webdo\"},\"image\":{\"@id\":\"https:\\\/\\\/www.webdo.tn\\\/fr\\\/#\\\/schema\\\/logo\\\/image\\\/\"},\"sameAs\":[\"https:\\\/\\\/www.facebook.com\\\/webdotn\",\"https:\\\/\\\/x.com\\\/webdo_tn\"],\"description\":\"Webdo est un m\u00e9dia num\u00e9rique tunisien fond\u00e9 en 2010, sp\u00e9cialis\u00e9 dans l\u2019actualit\u00e9 nationale et internationale, l\u2019\u00e9conomie, la soci\u00e9t\u00e9 et les analyses politiques. Le site s\u2019adresse \u00e0 un large public francophone et couvre l\u2019information tunisienne en temps r\u00e9el.\",\"email\":\"redac@webdo.tn\",\"legalName\":\"YNJ SARL\",\"foundingDate\":\"2010-09-06\",\"numberOfEmployees\":{\"@type\":\"QuantitativeValue\",\"minValue\":\"11\",\"maxValue\":\"50\"}},{\"@type\":\"Person\",\"@id\":\"https:\\\/\\\/www.webdo.tn\\\/fr\\\/#\\\/schema\\\/person\\\/590cb5f81adcfde6385530fdbdf468e2\",\"name\":\"Ramzi\",\"image\":{\"@type\":\"ImageObject\",\"inLanguage\":\"fr-FR\",\"@id\":\"https:\\\/\\\/secure.gravatar.com\\\/avatar\\\/48df7d18915e10cf866ba8e27604c81ff9243fd52704a1d210c3e387e1cb8d87?s=96&d=mm&r=g\",\"url\":\"https:\\\/\\\/secure.gravatar.com\\\/avatar\\\/48df7d18915e10cf866ba8e27604c81ff9243fd52704a1d210c3e387e1cb8d87?s=96&d=mm&r=g\",\"contentUrl\":\"https:\\\/\\\/secure.gravatar.com\\\/avatar\\\/48df7d18915e10cf866ba8e27604c81ff9243fd52704a1d210c3e387e1cb8d87?s=96&d=mm&r=g\",\"caption\":\"Ramzi\"},\"url\":\"https:\\\/\\\/www.webdo.tn\\\/fr\\\/actualite\\\/author\\\/ramzi\\\/\"}]}<\/script>\n<!-- \/ Yoast SEO Premium plugin. -->","yoast_head_json":{"title":"10 boursiers tunisiens admis \u00e0 Polytechnique de Paris","description":"Le minist\u00e8re de l\u2019Enseignement sup\u00e9rieur rend un vibrant hommage \u00e0 ses \u00e9tudiants boursiers \u00e0 l\u2019\u00e9tranger, et sp\u00e9cialement ceux qui viennent de r\u00e9ussir au concour...","canonical":"https:\/\/www.webdo.tn\/fr\/actualite\/national\/10-boursiers-tunisiens-admis-a-polytechnique-de-paris\/207674\/","og_locale":"fr_FR","og_type":"article","og_title":"10 boursiers tunisiens admis \u00e0 Polytechnique de Paris","og_description":"Le minist\u00e8re de l\u2019Enseignement sup\u00e9rieur rend un vibrant hommage \u00e0 ses \u00e9tudiants boursiers \u00e0 l\u2019\u00e9tranger, et sp\u00e9cialement ceux qui viennent de r\u00e9ussir au concour...","og_url":"https:\/\/www.webdo.tn\/fr\/actualite\/national\/10-boursiers-tunisiens-admis-a-polytechnique-de-paris\/207674\/","og_site_name":"webdo","article_publisher":"https:\/\/www.facebook.com\/webdotn","article_published_time":"2023-08-02T12:22:00+00:00","article_modified_time":"2025-05-20T22:57:54+00:00","og_image":[{"width":750,"height":400,"url":"https:\/\/www.webdo.tn\/fr\/wp-content\/uploads\/2023\/08\/8cc7bd7f1e60e9654983e723b560ee7b.jpeg","type":"image\/jpeg"}],"author":"Ramzi","twitter_card":"summary_large_image","twitter_creator":"@webdo_tn","twitter_site":"@webdo_tn","twitter_misc":{"\u00c9crit par":"Ramzi","Dur\u00e9e de lecture estim\u00e9e":"1 minute"},"schema":{"@context":"https:\/\/schema.org","@graph":[{"@type":"NewsArticle","@id":"https:\/\/www.webdo.tn\/fr\/actualite\/national\/10-boursiers-tunisiens-admis-a-polytechnique-de-paris\/207674\/#article","isPartOf":{"@id":"https:\/\/www.webdo.tn\/fr\/actualite\/national\/10-boursiers-tunisiens-admis-a-polytechnique-de-paris\/207674\/"},"author":{"name":"Ramzi","@id":"https:\/\/www.webdo.tn\/fr\/#\/schema\/person\/590cb5f81adcfde6385530fdbdf468e2"},"headline":"10 boursiers tunisiens admis \u00e0 Polytechnique de Paris","datePublished":"2023-08-02T12:22:00+00:00","dateModified":"2025-05-20T22:57:54+00:00","mainEntityOfPage":{"@id":"https:\/\/www.webdo.tn\/fr\/actualite\/national\/10-boursiers-tunisiens-admis-a-polytechnique-de-paris\/207674\/"},"wordCount":227,"commentCount":0,"publisher":{"@id":"https:\/\/www.webdo.tn\/fr\/#organization"},"image":{"@id":"https:\/\/www.webdo.tn\/fr\/actualite\/national\/10-boursiers-tunisiens-admis-a-polytechnique-de-paris\/207674\/#primaryimage"},"thumbnailUrl":"https:\/\/www.webdo.tn\/fr\/wp-content\/uploads\/2023\/08\/8cc7bd7f1e60e9654983e723b560ee7b.jpeg","keywords":["boursiers","Paris","Polytechnique","Tunisie"],"articleSection":["National"],"inLanguage":"fr-FR"},{"@type":"WebPage","@id":"https:\/\/www.webdo.tn\/fr\/actualite\/national\/10-boursiers-tunisiens-admis-a-polytechnique-de-paris\/207674\/","url":"https:\/\/www.webdo.tn\/fr\/actualite\/national\/10-boursiers-tunisiens-admis-a-polytechnique-de-paris\/207674\/","name":"10 boursiers tunisiens admis \u00e0 Polytechnique de Paris","isPartOf":{"@id":"https:\/\/www.webdo.tn\/fr\/#website"},"primaryImageOfPage":{"@id":"https:\/\/www.webdo.tn\/fr\/actualite\/national\/10-boursiers-tunisiens-admis-a-polytechnique-de-paris\/207674\/#primaryimage"},"image":{"@id":"https:\/\/www.webdo.tn\/fr\/actualite\/national\/10-boursiers-tunisiens-admis-a-polytechnique-de-paris\/207674\/#primaryimage"},"thumbnailUrl":"https:\/\/www.webdo.tn\/fr\/wp-content\/uploads\/2023\/08\/8cc7bd7f1e60e9654983e723b560ee7b.jpeg","datePublished":"2023-08-02T12:22:00+00:00","dateModified":"2025-05-20T22:57:54+00:00","description":"Le minist\u00e8re de l\u2019Enseignement sup\u00e9rieur rend un vibrant hommage \u00e0 ses \u00e9tudiants boursiers \u00e0 l\u2019\u00e9tranger, et sp\u00e9cialement ceux qui viennent de r\u00e9ussir au concour...","breadcrumb":{"@id":"https:\/\/www.webdo.tn\/fr\/actualite\/national\/10-boursiers-tunisiens-admis-a-polytechnique-de-paris\/207674\/#breadcrumb"},"inLanguage":"fr-FR","potentialAction":[{"@type":"ReadAction","target":["https:\/\/www.webdo.tn\/fr\/actualite\/national\/10-boursiers-tunisiens-admis-a-polytechnique-de-paris\/207674\/"]}]},{"@type":"ImageObject","inLanguage":"fr-FR","@id":"https:\/\/www.webdo.tn\/fr\/actualite\/national\/10-boursiers-tunisiens-admis-a-polytechnique-de-paris\/207674\/#primaryimage","url":"https:\/\/www.webdo.tn\/fr\/wp-content\/uploads\/2023\/08\/8cc7bd7f1e60e9654983e723b560ee7b.jpeg","contentUrl":"https:\/\/www.webdo.tn\/fr\/wp-content\/uploads\/2023\/08\/8cc7bd7f1e60e9654983e723b560ee7b.jpeg","width":750,"height":400,"caption":"10 boursiers tunisiens admis \u00e0 Polytechnique de Paris"},{"@type":"BreadcrumbList","@id":"https:\/\/www.webdo.tn\/fr\/actualite\/national\/10-boursiers-tunisiens-admis-a-polytechnique-de-paris\/207674\/#breadcrumb","itemListElement":[{"@type":"ListItem","position":1,"name":"Accueil","item":"https:\/\/www.webdo.tn\/fr\/"},{"@type":"ListItem","position":2,"name":"10 boursiers tunisiens admis \u00e0 Polytechnique de Paris"}]},{"@type":"WebSite","@id":"https:\/\/www.webdo.tn\/fr\/#website","url":"https:\/\/www.webdo.tn\/fr\/","name":"webdo","description":"Tunisie - News en Tunisie et \u00e0 l&#039;international sur Webdo.tn","publisher":{"@id":"https:\/\/www.webdo.tn\/fr\/#organization"},"potentialAction":[{"@type":"SearchAction","target":{"@type":"EntryPoint","urlTemplate":"https:\/\/www.webdo.tn\/fr\/?s={search_term_string}"},"query-input":{"@type":"PropertyValueSpecification","valueRequired":true,"valueName":"search_term_string"}}],"inLanguage":"fr-FR"},{"@type":"Organization","@id":"https:\/\/www.webdo.tn\/fr\/#organization","name":"Webdo","alternateName":"Webdo.tn","url":"https:\/\/www.webdo.tn\/fr\/","logo":{"@type":"ImageObject","inLanguage":"fr-FR","@id":"https:\/\/www.webdo.tn\/fr\/#\/schema\/logo\/image\/","url":"https:\/\/www.webdo.tn\/fr\/wp-content\/uploads\/2025\/06\/Webdo-Tunisie_168377.jpg","contentUrl":"https:\/\/www.webdo.tn\/fr\/wp-content\/uploads\/2025\/06\/Webdo-Tunisie_168377.jpg","width":301,"height":301,"caption":"Webdo"},"image":{"@id":"https:\/\/www.webdo.tn\/fr\/#\/schema\/logo\/image\/"},"sameAs":["https:\/\/www.facebook.com\/webdotn","https:\/\/x.com\/webdo_tn"],"description":"Webdo est un m\u00e9dia num\u00e9rique tunisien fond\u00e9 en 2010, sp\u00e9cialis\u00e9 dans l\u2019actualit\u00e9 nationale et internationale, l\u2019\u00e9conomie, la soci\u00e9t\u00e9 et les analyses politiques. Le site s\u2019adresse \u00e0 un large public francophone et couvre l\u2019information tunisienne en temps r\u00e9el.","email":"redac@webdo.tn","legalName":"YNJ SARL","foundingDate":"2010-09-06","numberOfEmployees":{"@type":"QuantitativeValue","minValue":"11","maxValue":"50"}},{"@type":"Person","@id":"https:\/\/www.webdo.tn\/fr\/#\/schema\/person\/590cb5f81adcfde6385530fdbdf468e2","name":"Ramzi","image":{"@type":"ImageObject","inLanguage":"fr-FR","@id":"https:\/\/secure.gravatar.com\/avatar\/48df7d18915e10cf866ba8e27604c81ff9243fd52704a1d210c3e387e1cb8d87?s=96&d=mm&r=g","url":"https:\/\/secure.gravatar.com\/avatar\/48df7d18915e10cf866ba8e27604c81ff9243fd52704a1d210c3e387e1cb8d87?s=96&d=mm&r=g","contentUrl":"https:\/\/secure.gravatar.com\/avatar\/48df7d18915e10cf866ba8e27604c81ff9243fd52704a1d210c3e387e1cb8d87?s=96&d=mm&r=g","caption":"Ramzi"},"url":"https:\/\/www.webdo.tn\/fr\/actualite\/author\/ramzi\/"}]}},"_links":{"self":[{"href":"https:\/\/www.webdo.tn\/fr\/wp-json\/wp\/v2\/posts\/207674","targetHints":{"allow":["GET"]}}],"collection":[{"href":"https:\/\/www.webdo.tn\/fr\/wp-json\/wp\/v2\/posts"}],"about":[{"href":"https:\/\/www.webdo.tn\/fr\/wp-json\/wp\/v2\/types\/post"}],"author":[{"embeddable":true,"href":"https:\/\/www.webdo.tn\/fr\/wp-json\/wp\/v2\/users\/3188"}],"replies":[{"embeddable":true,"href":"https:\/\/www.webdo.tn\/fr\/wp-json\/wp\/v2\/comments?post=207674"}],"version-history":[{"count":0,"href":"https:\/\/www.webdo.tn\/fr\/wp-json\/wp\/v2\/posts\/207674\/revisions"}],"wp:featuredmedia":[{"embeddable":true,"href":"https:\/\/www.webdo.tn\/fr\/wp-json\/wp\/v2\/media\/249630"}],"wp:attachment":[{"href":"https:\/\/www.webdo.tn\/fr\/wp-json\/wp\/v2\/media?parent=207674"}],"wp:term":[{"taxonomy":"category","embeddable":true,"href":"https:\/\/www.webdo.tn\/fr\/wp-json\/wp\/v2\/categories?post=207674"},{"taxonomy":"post_tag","embeddable":true,"href":"https:\/\/www.webdo.tn\/fr\/wp-json\/wp\/v2\/tags?post=207674"}],"curies":[{"name":"wp","href":"https:\/\/api.w.org\/{rel}","templated":true}]}}