{"id":207668,"date":"2023-08-02T10:15:00","date_gmt":"2023-08-02T10:15:00","guid":{"rendered":"https:\/\/www.webdo.tn\/fr\/blog\/tunisie-le-chef-de-l-onu-denonce-les-expulsions-de-migrants-africains-vers-la-libye\/207668\/"},"modified":"2025-05-20T21:58:03","modified_gmt":"2025-05-20T21:58:03","slug":"tunisie-le-chef-de-l-onu-denonce-les-expulsions-de-migrants-africains-vers-la-libye","status":"publish","type":"post","link":"https:\/\/www.webdo.tn\/fr\/actualite\/national\/tunisie-le-chef-de-l-onu-denonce-les-expulsions-de-migrants-africains-vers-la-libye\/207668\/","title":{"rendered":"Tunisie : Le chef de l&rsquo;ONU d\u00e9nonce les \u00ab\u00a0expulsions\u00a0\u00bb de migrants vers la Libye"},"content":{"rendered":"<p>Le chef de l&rsquo;ONU a d\u00e9nonc\u00e9, mardi 1er ao\u00fbt, les \u00ab\u00a0expulsions\u00a0\u00bb de migrants d&rsquo;Afrique subsaharienne de la Tunisie vers les fronti\u00e8res libyenne et alg\u00e9rienne o\u00f9 ils se retrouvent abandonn\u00e9s en plein d\u00e9sert, certains y trouvant la mort, selon un porte-parole d&rsquo;Antonio Guterres.<\/p>\n<p>\t\t\t\t\t\t\t\t\t\u00ab\u00a0Nous sommes profond\u00e9ment pr\u00e9occup\u00e9s par l&rsquo;expulsion de migrants, r\u00e9fugi\u00e9s et demandeurs d&rsquo;asile de Tunisie vers les fronti\u00e8res avec la Libye, et aussi avec l&rsquo;Alg\u00e9rie\u00a0\u00bb, a d\u00e9clar\u00e9 Farhan Haq lors du point de presse quotidien au si\u00e8ge des Nations unies \u00e0 New York.<\/p>\n<p>\u00ab\u00a0Plusieurs sont morts \u00e0 la fronti\u00e8re avec la Libye et des centaines, dont des femmes enceintes et des enfants demeurent, selon des informations, coinc\u00e9s dans des conditions extr\u00eamement difficiles avec peu d&rsquo;acc\u00e8s \u00e0 de l&rsquo;eau et de la nourriture\u00a0\u00bb, s&rsquo;est insurg\u00e9 le porte-parole adjoint du secr\u00e9taire g\u00e9n\u00e9ral des Nations unies.<\/p>\n<p>Des migrants arrivent quotidiennement par centaines en Libye, selon leurs t\u00e9moignages et ceux de gardes-fronti\u00e8res libyens recueillis par l&rsquo;AFP. Selon des organisations humanitaires en Libye, le bilan est d&rsquo;au moins 17 morts ces trois derni\u00e8res semaines.<\/p>\n<p>Les agences de l&rsquo;ONU pour les r\u00e9fugi\u00e9s (HCR) et pour les migrants (OIM) avaient r\u00e9clam\u00e9 jeudi des \u00ab\u00a0solutions urgentes\u00a0\u00bb pour sauver ces centaines de r\u00e9fugi\u00e9s bloqu\u00e9s dans des conditions terribles.<\/p>\n<p>Selon l&rsquo;ONG am\u00e9ricaine Human Rights Watch, depuis d\u00e9but juillet, au moins \u00ab\u00a01200 ressortissants subsahariens\u00a0\u00bb ont \u00e9t\u00e9 \u00ab\u00a0expuls\u00e9s\u00a0\u00bb par les forces de s\u00e9curit\u00e9 tunisiennes aux fronti\u00e8res avec la Libye \u00e0 l&rsquo;est, et l&rsquo;Alg\u00e9rie \u00e0 l&rsquo;ouest.<\/p>\n<p>Le Croissant rouge tunisien en a par la suite mis \u00e0 l&rsquo;abri plus de 600 \u00e0 Ras Jedir, zone tampon s\u00e9parant Tunisie et Libye, et environ 200 du c\u00f4t\u00e9 alg\u00e9rien.<\/p>\n<p>M. Haq a dit \u00ab\u00a0r\u00e9it\u00e9rer l&rsquo;appel lanc\u00e9 la semaine derni\u00e8re par le HCR et l&rsquo;OIM pour que ces expulsions cessent imm\u00e9diatement et que ceux coinc\u00e9s \u00e0 la fronti\u00e8re soient r\u00e9install\u00e9s en urgence dans des endroits s\u00fbrs\u00a0\u00bb.<\/p>\n<p>\u00ab\u00a0Tous les migrants, r\u00e9fugi\u00e9s et demandeurs d&rsquo;asile doivent \u00eatre prot\u00e9g\u00e9s et trait\u00e9s avec dignit\u00e9, en respectant pleinement leurs droits humains, quels que soient leurs statuts, conform\u00e9ment au droit international\u00a0\u00bb, a conclu le porte-parole adjoint du secr\u00e9taire g\u00e9n\u00e9ral de l&rsquo;ONU.<\/p>\n","protected":false},"excerpt":{"rendered":"<p>Le chef de l&rsquo;ONU a d\u00e9nonc\u00e9, mardi 1er ao\u00fbt, les  expulsions  de migrants d&rsquo;Afrique subsaharienne de la Tunisie vers les fronti\u00e8res libyenne et alg\u00e9rienne o\u00f9 ils&#8230;<\/p>\n","protected":false},"author":3162,"featured_media":249631,"comment_status":"open","ping_status":"closed","sticky":false,"template":"","format":"standard","meta":{"footnotes":""},"categories":[44],"tags":[7900,3219,2894,3173,3296,2608],"class_list":["post-207668","post","type-post","status-publish","format-standard","has-post-thumbnail","hentry","category-national","tag-antonio-guterres","tag-expulsion","tag-migrants","tag-nations-unies","tag-onu","tag-tunisie"],"yoast_head":"<!-- This site is optimized with the Yoast SEO Premium plugin v27.5 (Yoast SEO v27.5) - https:\/\/yoast.com\/product\/yoast-seo-premium-wordpress\/ -->\n<title>Tunisie : Le chef de l&#039;ONU d\u00e9nonce les expulsions de migrants vers la Libye<\/title>\n<meta name=\"description\" content=\"Le chef de l&#039;ONU a d\u00e9nonc\u00e9, mardi 1er ao\u00fbt, les expulsions de migrants d&#039;Afrique subsaharienne de la Tunisie vers les fronti\u00e8res libyenne et alg\u00e9rienne o\u00f9 ils...\" \/>\n<link rel=\"canonical\" href=\"https:\/\/www.webdo.tn\/fr\/actualite\/national\/tunisie-le-chef-de-l-onu-denonce-les-expulsions-de-migrants-africains-vers-la-libye\/207668\/\" \/>\n<meta property=\"og:locale\" content=\"fr_FR\" \/>\n<meta property=\"og:type\" content=\"article\" \/>\n<meta property=\"og:title\" content=\"Tunisie : Le chef de l&#039;ONU d\u00e9nonce les &quot;expulsions&quot; de migrants vers la Libye\" \/>\n<meta property=\"og:description\" content=\"Le chef de l&#039;ONU a d\u00e9nonc\u00e9, mardi 1er ao\u00fbt, les expulsions de migrants d&#039;Afrique subsaharienne de la Tunisie vers les fronti\u00e8res libyenne et alg\u00e9rienne o\u00f9 ils...\" \/>\n<meta property=\"og:url\" content=\"https:\/\/www.webdo.tn\/fr\/actualite\/national\/tunisie-le-chef-de-l-onu-denonce-les-expulsions-de-migrants-africains-vers-la-libye\/207668\/\" \/>\n<meta property=\"og:site_name\" content=\"webdo\" \/>\n<meta property=\"article:publisher\" content=\"https:\/\/www.facebook.com\/webdotn\" \/>\n<meta property=\"article:published_time\" content=\"2023-08-02T10:15:00+00:00\" \/>\n<meta property=\"article:modified_time\" content=\"2025-05-20T21:58:03+00:00\" \/>\n<meta property=\"og:image\" content=\"https:\/\/www.webdo.tn\/fr\/wp-content\/uploads\/2023\/08\/966377cea8fbe99874dcb709c5d3ce54.jpg\" \/>\n\t<meta property=\"og:image:width\" content=\"640\" \/>\n\t<meta property=\"og:image:height\" content=\"341\" \/>\n\t<meta property=\"og:image:type\" content=\"image\/jpeg\" \/>\n<meta name=\"author\" content=\"MC\" \/>\n<meta name=\"twitter:card\" content=\"summary_large_image\" \/>\n<meta name=\"twitter:creator\" content=\"@webdo_tn\" \/>\n<meta name=\"twitter:site\" content=\"@webdo_tn\" \/>\n<meta name=\"twitter:label1\" content=\"\u00c9crit par\" \/>\n\t<meta name=\"twitter:data1\" content=\"MC\" \/>\n\t<meta name=\"twitter:label2\" content=\"Dur\u00e9e de lecture estim\u00e9e\" \/>\n\t<meta name=\"twitter:data2\" content=\"2 minutes\" \/>\n<script type=\"application\/ld+json\" class=\"yoast-schema-graph\">{\"@context\":\"https:\\\/\\\/schema.org\",\"@graph\":[{\"@type\":\"NewsArticle\",\"@id\":\"https:\\\/\\\/www.webdo.tn\\\/fr\\\/actualite\\\/national\\\/tunisie-le-chef-de-l-onu-denonce-les-expulsions-de-migrants-africains-vers-la-libye\\\/207668\\\/#article\",\"isPartOf\":{\"@id\":\"https:\\\/\\\/www.webdo.tn\\\/fr\\\/actualite\\\/national\\\/tunisie-le-chef-de-l-onu-denonce-les-expulsions-de-migrants-africains-vers-la-libye\\\/207668\\\/\"},\"author\":{\"name\":\"MC\",\"@id\":\"https:\\\/\\\/www.webdo.tn\\\/fr\\\/#\\\/schema\\\/person\\\/2c4929cbf5a809e3bd38617c6ce150f6\"},\"headline\":\"Tunisie : Le chef de l&rsquo;ONU d\u00e9nonce les \u00ab\u00a0expulsions\u00a0\u00bb de migrants vers la Libye\",\"datePublished\":\"2023-08-02T10:15:00+00:00\",\"dateModified\":\"2025-05-20T21:58:03+00:00\",\"mainEntityOfPage\":{\"@id\":\"https:\\\/\\\/www.webdo.tn\\\/fr\\\/actualite\\\/national\\\/tunisie-le-chef-de-l-onu-denonce-les-expulsions-de-migrants-africains-vers-la-libye\\\/207668\\\/\"},\"wordCount\":421,\"commentCount\":0,\"publisher\":{\"@id\":\"https:\\\/\\\/www.webdo.tn\\\/fr\\\/#organization\"},\"image\":{\"@id\":\"https:\\\/\\\/www.webdo.tn\\\/fr\\\/actualite\\\/national\\\/tunisie-le-chef-de-l-onu-denonce-les-expulsions-de-migrants-africains-vers-la-libye\\\/207668\\\/#primaryimage\"},\"thumbnailUrl\":\"https:\\\/\\\/www.webdo.tn\\\/fr\\\/wp-content\\\/uploads\\\/2023\\\/08\\\/966377cea8fbe99874dcb709c5d3ce54.jpg\",\"keywords\":[\"Antonio Guterres\",\"expulsion\",\"migrants\",\"nations unies\",\"ONU\",\"Tunisie\"],\"articleSection\":[\"National\"],\"inLanguage\":\"fr-FR\"},{\"@type\":\"WebPage\",\"@id\":\"https:\\\/\\\/www.webdo.tn\\\/fr\\\/actualite\\\/national\\\/tunisie-le-chef-de-l-onu-denonce-les-expulsions-de-migrants-africains-vers-la-libye\\\/207668\\\/\",\"url\":\"https:\\\/\\\/www.webdo.tn\\\/fr\\\/actualite\\\/national\\\/tunisie-le-chef-de-l-onu-denonce-les-expulsions-de-migrants-africains-vers-la-libye\\\/207668\\\/\",\"name\":\"Tunisie : Le chef de l'ONU d\u00e9nonce les expulsions de migrants vers la Libye\",\"isPartOf\":{\"@id\":\"https:\\\/\\\/www.webdo.tn\\\/fr\\\/#website\"},\"primaryImageOfPage\":{\"@id\":\"https:\\\/\\\/www.webdo.tn\\\/fr\\\/actualite\\\/national\\\/tunisie-le-chef-de-l-onu-denonce-les-expulsions-de-migrants-africains-vers-la-libye\\\/207668\\\/#primaryimage\"},\"image\":{\"@id\":\"https:\\\/\\\/www.webdo.tn\\\/fr\\\/actualite\\\/national\\\/tunisie-le-chef-de-l-onu-denonce-les-expulsions-de-migrants-africains-vers-la-libye\\\/207668\\\/#primaryimage\"},\"thumbnailUrl\":\"https:\\\/\\\/www.webdo.tn\\\/fr\\\/wp-content\\\/uploads\\\/2023\\\/08\\\/966377cea8fbe99874dcb709c5d3ce54.jpg\",\"datePublished\":\"2023-08-02T10:15:00+00:00\",\"dateModified\":\"2025-05-20T21:58:03+00:00\",\"description\":\"Le chef de l'ONU a d\u00e9nonc\u00e9, mardi 1er ao\u00fbt, les expulsions de migrants d'Afrique subsaharienne de la Tunisie vers les fronti\u00e8res libyenne et alg\u00e9rienne o\u00f9 ils...\",\"breadcrumb\":{\"@id\":\"https:\\\/\\\/www.webdo.tn\\\/fr\\\/actualite\\\/national\\\/tunisie-le-chef-de-l-onu-denonce-les-expulsions-de-migrants-africains-vers-la-libye\\\/207668\\\/#breadcrumb\"},\"inLanguage\":\"fr-FR\",\"potentialAction\":[{\"@type\":\"ReadAction\",\"target\":[\"https:\\\/\\\/www.webdo.tn\\\/fr\\\/actualite\\\/national\\\/tunisie-le-chef-de-l-onu-denonce-les-expulsions-de-migrants-africains-vers-la-libye\\\/207668\\\/\"]}]},{\"@type\":\"ImageObject\",\"inLanguage\":\"fr-FR\",\"@id\":\"https:\\\/\\\/www.webdo.tn\\\/fr\\\/actualite\\\/national\\\/tunisie-le-chef-de-l-onu-denonce-les-expulsions-de-migrants-africains-vers-la-libye\\\/207668\\\/#primaryimage\",\"url\":\"https:\\\/\\\/www.webdo.tn\\\/fr\\\/wp-content\\\/uploads\\\/2023\\\/08\\\/966377cea8fbe99874dcb709c5d3ce54.jpg\",\"contentUrl\":\"https:\\\/\\\/www.webdo.tn\\\/fr\\\/wp-content\\\/uploads\\\/2023\\\/08\\\/966377cea8fbe99874dcb709c5d3ce54.jpg\",\"width\":640,\"height\":341,\"caption\":\"Tunisie : Le chef de l'ONU d\u00e9nonce les \\\"expulsions\\\" de migrants vers la Libye\"},{\"@type\":\"BreadcrumbList\",\"@id\":\"https:\\\/\\\/www.webdo.tn\\\/fr\\\/actualite\\\/national\\\/tunisie-le-chef-de-l-onu-denonce-les-expulsions-de-migrants-africains-vers-la-libye\\\/207668\\\/#breadcrumb\",\"itemListElement\":[{\"@type\":\"ListItem\",\"position\":1,\"name\":\"Accueil\",\"item\":\"https:\\\/\\\/www.webdo.tn\\\/fr\\\/\"},{\"@type\":\"ListItem\",\"position\":2,\"name\":\"Tunisie : Le chef de l&#8217;ONU d\u00e9nonce les &#8220;expulsions&#8221; de migrants vers la Libye\"}]},{\"@type\":\"WebSite\",\"@id\":\"https:\\\/\\\/www.webdo.tn\\\/fr\\\/#website\",\"url\":\"https:\\\/\\\/www.webdo.tn\\\/fr\\\/\",\"name\":\"webdo\",\"description\":\"Tunisie - News en Tunisie et \u00e0 l&#039;international sur Webdo.tn\",\"publisher\":{\"@id\":\"https:\\\/\\\/www.webdo.tn\\\/fr\\\/#organization\"},\"potentialAction\":[{\"@type\":\"SearchAction\",\"target\":{\"@type\":\"EntryPoint\",\"urlTemplate\":\"https:\\\/\\\/www.webdo.tn\\\/fr\\\/?s={search_term_string}\"},\"query-input\":{\"@type\":\"PropertyValueSpecification\",\"valueRequired\":true,\"valueName\":\"search_term_string\"}}],\"inLanguage\":\"fr-FR\"},{\"@type\":\"Organization\",\"@id\":\"https:\\\/\\\/www.webdo.tn\\\/fr\\\/#organization\",\"name\":\"Webdo\",\"alternateName\":\"Webdo.tn\",\"url\":\"https:\\\/\\\/www.webdo.tn\\\/fr\\\/\",\"logo\":{\"@type\":\"ImageObject\",\"inLanguage\":\"fr-FR\",\"@id\":\"https:\\\/\\\/www.webdo.tn\\\/fr\\\/#\\\/schema\\\/logo\\\/image\\\/\",\"url\":\"https:\\\/\\\/www.webdo.tn\\\/fr\\\/wp-content\\\/uploads\\\/2025\\\/06\\\/Webdo-Tunisie_168377.jpg\",\"contentUrl\":\"https:\\\/\\\/www.webdo.tn\\\/fr\\\/wp-content\\\/uploads\\\/2025\\\/06\\\/Webdo-Tunisie_168377.jpg\",\"width\":301,\"height\":301,\"caption\":\"Webdo\"},\"image\":{\"@id\":\"https:\\\/\\\/www.webdo.tn\\\/fr\\\/#\\\/schema\\\/logo\\\/image\\\/\"},\"sameAs\":[\"https:\\\/\\\/www.facebook.com\\\/webdotn\",\"https:\\\/\\\/x.com\\\/webdo_tn\"],\"description\":\"Webdo est un m\u00e9dia num\u00e9rique tunisien fond\u00e9 en 2010, sp\u00e9cialis\u00e9 dans l\u2019actualit\u00e9 nationale et internationale, l\u2019\u00e9conomie, la soci\u00e9t\u00e9 et les analyses politiques. Le site s\u2019adresse \u00e0 un large public francophone et couvre l\u2019information tunisienne en temps r\u00e9el.\",\"email\":\"redac@webdo.tn\",\"legalName\":\"YNJ SARL\",\"foundingDate\":\"2010-09-06\",\"numberOfEmployees\":{\"@type\":\"QuantitativeValue\",\"minValue\":\"11\",\"maxValue\":\"50\"}},{\"@type\":\"Person\",\"@id\":\"https:\\\/\\\/www.webdo.tn\\\/fr\\\/#\\\/schema\\\/person\\\/2c4929cbf5a809e3bd38617c6ce150f6\",\"name\":\"MC\",\"image\":{\"@type\":\"ImageObject\",\"inLanguage\":\"fr-FR\",\"@id\":\"https:\\\/\\\/secure.gravatar.com\\\/avatar\\\/a545bbb6f84efdd5553dbbc2895e3ca8f1d12c5215e00a041c9670b54aa9b18a?s=96&d=mm&r=g\",\"url\":\"https:\\\/\\\/secure.gravatar.com\\\/avatar\\\/a545bbb6f84efdd5553dbbc2895e3ca8f1d12c5215e00a041c9670b54aa9b18a?s=96&d=mm&r=g\",\"contentUrl\":\"https:\\\/\\\/secure.gravatar.com\\\/avatar\\\/a545bbb6f84efdd5553dbbc2895e3ca8f1d12c5215e00a041c9670b54aa9b18a?s=96&d=mm&r=g\",\"caption\":\"MC\"},\"url\":\"https:\\\/\\\/www.webdo.tn\\\/fr\\\/actualite\\\/author\\\/mc\\\/\"}]}<\/script>\n<!-- \/ Yoast SEO Premium plugin. -->","yoast_head_json":{"title":"Tunisie : Le chef de l'ONU d\u00e9nonce les expulsions de migrants vers la Libye","description":"Le chef de l'ONU a d\u00e9nonc\u00e9, mardi 1er ao\u00fbt, les expulsions de migrants d'Afrique subsaharienne de la Tunisie vers les fronti\u00e8res libyenne et alg\u00e9rienne o\u00f9 ils...","canonical":"https:\/\/www.webdo.tn\/fr\/actualite\/national\/tunisie-le-chef-de-l-onu-denonce-les-expulsions-de-migrants-africains-vers-la-libye\/207668\/","og_locale":"fr_FR","og_type":"article","og_title":"Tunisie : Le chef de l'ONU d\u00e9nonce les \"expulsions\" de migrants vers la Libye","og_description":"Le chef de l'ONU a d\u00e9nonc\u00e9, mardi 1er ao\u00fbt, les expulsions de migrants d'Afrique subsaharienne de la Tunisie vers les fronti\u00e8res libyenne et alg\u00e9rienne o\u00f9 ils...","og_url":"https:\/\/www.webdo.tn\/fr\/actualite\/national\/tunisie-le-chef-de-l-onu-denonce-les-expulsions-de-migrants-africains-vers-la-libye\/207668\/","og_site_name":"webdo","article_publisher":"https:\/\/www.facebook.com\/webdotn","article_published_time":"2023-08-02T10:15:00+00:00","article_modified_time":"2025-05-20T21:58:03+00:00","og_image":[{"width":640,"height":341,"url":"https:\/\/www.webdo.tn\/fr\/wp-content\/uploads\/2023\/08\/966377cea8fbe99874dcb709c5d3ce54.jpg","type":"image\/jpeg"}],"author":"MC","twitter_card":"summary_large_image","twitter_creator":"@webdo_tn","twitter_site":"@webdo_tn","twitter_misc":{"\u00c9crit par":"MC","Dur\u00e9e de lecture estim\u00e9e":"2 minutes"},"schema":{"@context":"https:\/\/schema.org","@graph":[{"@type":"NewsArticle","@id":"https:\/\/www.webdo.tn\/fr\/actualite\/national\/tunisie-le-chef-de-l-onu-denonce-les-expulsions-de-migrants-africains-vers-la-libye\/207668\/#article","isPartOf":{"@id":"https:\/\/www.webdo.tn\/fr\/actualite\/national\/tunisie-le-chef-de-l-onu-denonce-les-expulsions-de-migrants-africains-vers-la-libye\/207668\/"},"author":{"name":"MC","@id":"https:\/\/www.webdo.tn\/fr\/#\/schema\/person\/2c4929cbf5a809e3bd38617c6ce150f6"},"headline":"Tunisie : Le chef de l&rsquo;ONU d\u00e9nonce les \u00ab\u00a0expulsions\u00a0\u00bb de migrants vers la Libye","datePublished":"2023-08-02T10:15:00+00:00","dateModified":"2025-05-20T21:58:03+00:00","mainEntityOfPage":{"@id":"https:\/\/www.webdo.tn\/fr\/actualite\/national\/tunisie-le-chef-de-l-onu-denonce-les-expulsions-de-migrants-africains-vers-la-libye\/207668\/"},"wordCount":421,"commentCount":0,"publisher":{"@id":"https:\/\/www.webdo.tn\/fr\/#organization"},"image":{"@id":"https:\/\/www.webdo.tn\/fr\/actualite\/national\/tunisie-le-chef-de-l-onu-denonce-les-expulsions-de-migrants-africains-vers-la-libye\/207668\/#primaryimage"},"thumbnailUrl":"https:\/\/www.webdo.tn\/fr\/wp-content\/uploads\/2023\/08\/966377cea8fbe99874dcb709c5d3ce54.jpg","keywords":["Antonio Guterres","expulsion","migrants","nations unies","ONU","Tunisie"],"articleSection":["National"],"inLanguage":"fr-FR"},{"@type":"WebPage","@id":"https:\/\/www.webdo.tn\/fr\/actualite\/national\/tunisie-le-chef-de-l-onu-denonce-les-expulsions-de-migrants-africains-vers-la-libye\/207668\/","url":"https:\/\/www.webdo.tn\/fr\/actualite\/national\/tunisie-le-chef-de-l-onu-denonce-les-expulsions-de-migrants-africains-vers-la-libye\/207668\/","name":"Tunisie : Le chef de l'ONU d\u00e9nonce les expulsions de migrants vers la Libye","isPartOf":{"@id":"https:\/\/www.webdo.tn\/fr\/#website"},"primaryImageOfPage":{"@id":"https:\/\/www.webdo.tn\/fr\/actualite\/national\/tunisie-le-chef-de-l-onu-denonce-les-expulsions-de-migrants-africains-vers-la-libye\/207668\/#primaryimage"},"image":{"@id":"https:\/\/www.webdo.tn\/fr\/actualite\/national\/tunisie-le-chef-de-l-onu-denonce-les-expulsions-de-migrants-africains-vers-la-libye\/207668\/#primaryimage"},"thumbnailUrl":"https:\/\/www.webdo.tn\/fr\/wp-content\/uploads\/2023\/08\/966377cea8fbe99874dcb709c5d3ce54.jpg","datePublished":"2023-08-02T10:15:00+00:00","dateModified":"2025-05-20T21:58:03+00:00","description":"Le chef de l'ONU a d\u00e9nonc\u00e9, mardi 1er ao\u00fbt, les expulsions de migrants d'Afrique subsaharienne de la Tunisie vers les fronti\u00e8res libyenne et alg\u00e9rienne o\u00f9 ils...","breadcrumb":{"@id":"https:\/\/www.webdo.tn\/fr\/actualite\/national\/tunisie-le-chef-de-l-onu-denonce-les-expulsions-de-migrants-africains-vers-la-libye\/207668\/#breadcrumb"},"inLanguage":"fr-FR","potentialAction":[{"@type":"ReadAction","target":["https:\/\/www.webdo.tn\/fr\/actualite\/national\/tunisie-le-chef-de-l-onu-denonce-les-expulsions-de-migrants-africains-vers-la-libye\/207668\/"]}]},{"@type":"ImageObject","inLanguage":"fr-FR","@id":"https:\/\/www.webdo.tn\/fr\/actualite\/national\/tunisie-le-chef-de-l-onu-denonce-les-expulsions-de-migrants-africains-vers-la-libye\/207668\/#primaryimage","url":"https:\/\/www.webdo.tn\/fr\/wp-content\/uploads\/2023\/08\/966377cea8fbe99874dcb709c5d3ce54.jpg","contentUrl":"https:\/\/www.webdo.tn\/fr\/wp-content\/uploads\/2023\/08\/966377cea8fbe99874dcb709c5d3ce54.jpg","width":640,"height":341,"caption":"Tunisie : Le chef de l'ONU d\u00e9nonce les \"expulsions\" de migrants vers la Libye"},{"@type":"BreadcrumbList","@id":"https:\/\/www.webdo.tn\/fr\/actualite\/national\/tunisie-le-chef-de-l-onu-denonce-les-expulsions-de-migrants-africains-vers-la-libye\/207668\/#breadcrumb","itemListElement":[{"@type":"ListItem","position":1,"name":"Accueil","item":"https:\/\/www.webdo.tn\/fr\/"},{"@type":"ListItem","position":2,"name":"Tunisie : Le chef de l&#8217;ONU d\u00e9nonce les &#8220;expulsions&#8221; de migrants vers la Libye"}]},{"@type":"WebSite","@id":"https:\/\/www.webdo.tn\/fr\/#website","url":"https:\/\/www.webdo.tn\/fr\/","name":"webdo","description":"Tunisie - News en Tunisie et \u00e0 l&#039;international sur Webdo.tn","publisher":{"@id":"https:\/\/www.webdo.tn\/fr\/#organization"},"potentialAction":[{"@type":"SearchAction","target":{"@type":"EntryPoint","urlTemplate":"https:\/\/www.webdo.tn\/fr\/?s={search_term_string}"},"query-input":{"@type":"PropertyValueSpecification","valueRequired":true,"valueName":"search_term_string"}}],"inLanguage":"fr-FR"},{"@type":"Organization","@id":"https:\/\/www.webdo.tn\/fr\/#organization","name":"Webdo","alternateName":"Webdo.tn","url":"https:\/\/www.webdo.tn\/fr\/","logo":{"@type":"ImageObject","inLanguage":"fr-FR","@id":"https:\/\/www.webdo.tn\/fr\/#\/schema\/logo\/image\/","url":"https:\/\/www.webdo.tn\/fr\/wp-content\/uploads\/2025\/06\/Webdo-Tunisie_168377.jpg","contentUrl":"https:\/\/www.webdo.tn\/fr\/wp-content\/uploads\/2025\/06\/Webdo-Tunisie_168377.jpg","width":301,"height":301,"caption":"Webdo"},"image":{"@id":"https:\/\/www.webdo.tn\/fr\/#\/schema\/logo\/image\/"},"sameAs":["https:\/\/www.facebook.com\/webdotn","https:\/\/x.com\/webdo_tn"],"description":"Webdo est un m\u00e9dia num\u00e9rique tunisien fond\u00e9 en 2010, sp\u00e9cialis\u00e9 dans l\u2019actualit\u00e9 nationale et internationale, l\u2019\u00e9conomie, la soci\u00e9t\u00e9 et les analyses politiques. Le site s\u2019adresse \u00e0 un large public francophone et couvre l\u2019information tunisienne en temps r\u00e9el.","email":"redac@webdo.tn","legalName":"YNJ SARL","foundingDate":"2010-09-06","numberOfEmployees":{"@type":"QuantitativeValue","minValue":"11","maxValue":"50"}},{"@type":"Person","@id":"https:\/\/www.webdo.tn\/fr\/#\/schema\/person\/2c4929cbf5a809e3bd38617c6ce150f6","name":"MC","image":{"@type":"ImageObject","inLanguage":"fr-FR","@id":"https:\/\/secure.gravatar.com\/avatar\/a545bbb6f84efdd5553dbbc2895e3ca8f1d12c5215e00a041c9670b54aa9b18a?s=96&d=mm&r=g","url":"https:\/\/secure.gravatar.com\/avatar\/a545bbb6f84efdd5553dbbc2895e3ca8f1d12c5215e00a041c9670b54aa9b18a?s=96&d=mm&r=g","contentUrl":"https:\/\/secure.gravatar.com\/avatar\/a545bbb6f84efdd5553dbbc2895e3ca8f1d12c5215e00a041c9670b54aa9b18a?s=96&d=mm&r=g","caption":"MC"},"url":"https:\/\/www.webdo.tn\/fr\/actualite\/author\/mc\/"}]}},"_links":{"self":[{"href":"https:\/\/www.webdo.tn\/fr\/wp-json\/wp\/v2\/posts\/207668","targetHints":{"allow":["GET"]}}],"collection":[{"href":"https:\/\/www.webdo.tn\/fr\/wp-json\/wp\/v2\/posts"}],"about":[{"href":"https:\/\/www.webdo.tn\/fr\/wp-json\/wp\/v2\/types\/post"}],"author":[{"embeddable":true,"href":"https:\/\/www.webdo.tn\/fr\/wp-json\/wp\/v2\/users\/3162"}],"replies":[{"embeddable":true,"href":"https:\/\/www.webdo.tn\/fr\/wp-json\/wp\/v2\/comments?post=207668"}],"version-history":[{"count":0,"href":"https:\/\/www.webdo.tn\/fr\/wp-json\/wp\/v2\/posts\/207668\/revisions"}],"wp:featuredmedia":[{"embeddable":true,"href":"https:\/\/www.webdo.tn\/fr\/wp-json\/wp\/v2\/media\/249631"}],"wp:attachment":[{"href":"https:\/\/www.webdo.tn\/fr\/wp-json\/wp\/v2\/media?parent=207668"}],"wp:term":[{"taxonomy":"category","embeddable":true,"href":"https:\/\/www.webdo.tn\/fr\/wp-json\/wp\/v2\/categories?post=207668"},{"taxonomy":"post_tag","embeddable":true,"href":"https:\/\/www.webdo.tn\/fr\/wp-json\/wp\/v2\/tags?post=207668"}],"curies":[{"name":"wp","href":"https:\/\/api.w.org\/{rel}","templated":true}]}}