{"id":207658,"date":"2023-08-01T23:49:00","date_gmt":"2023-08-01T23:49:00","guid":{"rendered":"https:\/\/www.webdo.tn\/fr\/blog\/urgent-najla-bouden-limogee-ahmed-hachani-nouveau-chef-du-gouvernement\/207658\/"},"modified":"2025-05-20T22:51:11","modified_gmt":"2025-05-20T22:51:11","slug":"urgent-najla-bouden-limogee-ahmed-hachani-nouveau-chef-du-gouvernement","status":"publish","type":"post","link":"https:\/\/www.webdo.tn\/fr\/actualite\/national\/urgent-najla-bouden-limogee-ahmed-hachani-nouveau-chef-du-gouvernement\/207658\/","title":{"rendered":"Najla Bouden limog\u00e9e, Ahmed Hachani nouveau chef du gouvernement"},"content":{"rendered":"<p>La pr\u00e9sidence de la R\u00e9publique vient d\u2019annoncer que Ahamed Hachani a pr\u00eat\u00e9 le serment en tant que nouveau chef du gouvernement, Najla Bouden a \u00e9t\u00e9 limog\u00e9e.<\/p>\n<p>\t\t\t\t\t\t\t\t\tAhmed Hachani est m\u00e9connu de la sc\u00e8ne nationale mais selon son profil Facebook il travaille jusque-l\u00e0 \u00e0 la Banque Centrale de Tunisie et a fait ses \u00e9tudes \u00e0 la facult\u00e9 de droit et des sciences politiques.\u00a0<\/p>\n<p>Mais semble-t-il,\u00a0le rendement de Najla Bouden dans la gestion de certains dossiers \u00e9tait en de\u00e7\u00e0 des attentes du pr\u00e9sident de la R\u00e9publique et a pr\u00e9cipit\u00e9 son limogeage.\u00a0<\/p>\n<p>Leur derni\u00e8re r\u00e9union \u00e9tait tendue, on voyait le pr\u00e9sident de la R\u00e9publique bl\u00e2mer le gouvernement concernant sa gestion de la crise du pain. \u00a0<\/p>\n<p>En effet, lors d&rsquo;une s\u00e9ance de travail avec l&rsquo;ancienne\u00a0cheffe du Gouvernement, Najla Bouden, et la ministre des Finances, Sihem Boughdiri Nemsia, il a indiqu\u00e9 que \u00a0\u00bb le pain est une ligne rouge pour les tunisiens \u00ab\u00a0, estimant que la vente du pain \u00e0 des prix diff\u00e9rents aux riches et aux pauvres constitue \u00a0\u00bb un moyen d\u00e9tourn\u00e9 visant \u00e0 lever les subventions \u00ab\u00a0. Le chef de l\u2019Etat s\u2019est montr\u00e9 en col\u00e8re, appelant \u00e0 des solutions imm\u00e9diates.<\/p>\n","protected":false},"excerpt":{"rendered":"<p>La pr\u00e9sidence de la R\u00e9publique vient d\u2019annoncer que Ahamed Hachani a pr\u00eat\u00e9 le serment en tant que nouveau chef du gouvernement, Najla Bouden a \u00e9t\u00e9 limog\u00e9e.<\/p>\n","protected":false},"author":3175,"featured_media":278566,"comment_status":"open","ping_status":"closed","sticky":false,"template":"","format":"standard","meta":{"footnotes":""},"categories":[44],"tags":[8792,5950,2608],"class_list":["post-207658","post","type-post","status-publish","format-standard","has-post-thumbnail","hentry","category-national","tag-bouden","tag-chef-du-gouvernement","tag-tunisie"],"yoast_head":"<!-- This site is optimized with the Yoast SEO Premium plugin v27.5 (Yoast SEO v27.5) - https:\/\/yoast.com\/product\/yoast-seo-premium-wordpress\/ -->\n<title>Najla Bouden limog\u00e9e, Ahmed Hachani nouveau chef du gouvernement<\/title>\n<meta name=\"description\" content=\"La pr\u00e9sidence de la R\u00e9publique vient d\u2019annoncer que Ahamed Hachani a pr\u00eat\u00e9 le serment en tant que nouveau chef du gouvernement, Najla Bouden a \u00e9t\u00e9 limog\u00e9e.\" \/>\n<link rel=\"canonical\" href=\"https:\/\/www.webdo.tn\/fr\/actualite\/national\/urgent-najla-bouden-limogee-ahmed-hachani-nouveau-chef-du-gouvernement\/207658\/\" \/>\n<meta property=\"og:locale\" content=\"fr_FR\" \/>\n<meta property=\"og:type\" content=\"article\" \/>\n<meta property=\"og:title\" content=\"Najla Bouden limog\u00e9e, Ahmed Hachani nouveau chef du gouvernement\" \/>\n<meta property=\"og:description\" content=\"La pr\u00e9sidence de la R\u00e9publique vient d\u2019annoncer que Ahamed Hachani a pr\u00eat\u00e9 le serment en tant que nouveau chef du gouvernement, Najla Bouden a \u00e9t\u00e9 limog\u00e9e.\" \/>\n<meta property=\"og:url\" content=\"https:\/\/www.webdo.tn\/fr\/actualite\/national\/urgent-najla-bouden-limogee-ahmed-hachani-nouveau-chef-du-gouvernement\/207658\/\" \/>\n<meta property=\"og:site_name\" content=\"webdo\" \/>\n<meta property=\"article:publisher\" content=\"https:\/\/www.facebook.com\/webdotn\" \/>\n<meta property=\"article:published_time\" content=\"2023-08-01T23:49:00+00:00\" \/>\n<meta property=\"article:modified_time\" content=\"2025-05-20T22:51:11+00:00\" \/>\n<meta property=\"og:image\" content=\"https:\/\/www.webdo.tn\/fr\/wp-content\/uploads\/2023\/08\/901cf2348d9c6e3154a0d652ea71a746.jpg\" \/>\n\t<meta property=\"og:image:width\" content=\"750\" \/>\n\t<meta property=\"og:image:height\" content=\"400\" \/>\n\t<meta property=\"og:image:type\" content=\"image\/jpeg\" \/>\n<meta name=\"author\" content=\"CL\" \/>\n<meta name=\"twitter:card\" content=\"summary_large_image\" \/>\n<meta name=\"twitter:creator\" content=\"@webdo_tn\" \/>\n<meta name=\"twitter:site\" content=\"@webdo_tn\" \/>\n<meta name=\"twitter:label1\" content=\"\u00c9crit par\" \/>\n\t<meta name=\"twitter:data1\" content=\"CL\" \/>\n\t<meta name=\"twitter:label2\" content=\"Dur\u00e9e de lecture estim\u00e9e\" \/>\n\t<meta name=\"twitter:data2\" content=\"1 minute\" \/>\n<script type=\"application\/ld+json\" class=\"yoast-schema-graph\">{\"@context\":\"https:\\\/\\\/schema.org\",\"@graph\":[{\"@type\":\"NewsArticle\",\"@id\":\"https:\\\/\\\/www.webdo.tn\\\/fr\\\/actualite\\\/national\\\/urgent-najla-bouden-limogee-ahmed-hachani-nouveau-chef-du-gouvernement\\\/207658\\\/#article\",\"isPartOf\":{\"@id\":\"https:\\\/\\\/www.webdo.tn\\\/fr\\\/actualite\\\/national\\\/urgent-najla-bouden-limogee-ahmed-hachani-nouveau-chef-du-gouvernement\\\/207658\\\/\"},\"author\":{\"name\":\"CL\",\"@id\":\"https:\\\/\\\/www.webdo.tn\\\/fr\\\/#\\\/schema\\\/person\\\/f35b42a42c5e2511bbd282959d6385cc\"},\"headline\":\"Najla Bouden limog\u00e9e, Ahmed Hachani nouveau chef du gouvernement\",\"datePublished\":\"2023-08-01T23:49:00+00:00\",\"dateModified\":\"2025-05-20T22:51:11+00:00\",\"mainEntityOfPage\":{\"@id\":\"https:\\\/\\\/www.webdo.tn\\\/fr\\\/actualite\\\/national\\\/urgent-najla-bouden-limogee-ahmed-hachani-nouveau-chef-du-gouvernement\\\/207658\\\/\"},\"wordCount\":214,\"commentCount\":0,\"publisher\":{\"@id\":\"https:\\\/\\\/www.webdo.tn\\\/fr\\\/#organization\"},\"image\":{\"@id\":\"https:\\\/\\\/www.webdo.tn\\\/fr\\\/actualite\\\/national\\\/urgent-najla-bouden-limogee-ahmed-hachani-nouveau-chef-du-gouvernement\\\/207658\\\/#primaryimage\"},\"thumbnailUrl\":\"https:\\\/\\\/www.webdo.tn\\\/fr\\\/wp-content\\\/uploads\\\/2023\\\/08\\\/901cf2348d9c6e3154a0d652ea71a746.jpg\",\"keywords\":[\"Bouden\",\"chef du gouvernement\",\"Tunisie\"],\"articleSection\":[\"National\"],\"inLanguage\":\"fr-FR\"},{\"@type\":\"WebPage\",\"@id\":\"https:\\\/\\\/www.webdo.tn\\\/fr\\\/actualite\\\/national\\\/urgent-najla-bouden-limogee-ahmed-hachani-nouveau-chef-du-gouvernement\\\/207658\\\/\",\"url\":\"https:\\\/\\\/www.webdo.tn\\\/fr\\\/actualite\\\/national\\\/urgent-najla-bouden-limogee-ahmed-hachani-nouveau-chef-du-gouvernement\\\/207658\\\/\",\"name\":\"Najla Bouden limog\u00e9e, Ahmed Hachani nouveau chef du gouvernement\",\"isPartOf\":{\"@id\":\"https:\\\/\\\/www.webdo.tn\\\/fr\\\/#website\"},\"primaryImageOfPage\":{\"@id\":\"https:\\\/\\\/www.webdo.tn\\\/fr\\\/actualite\\\/national\\\/urgent-najla-bouden-limogee-ahmed-hachani-nouveau-chef-du-gouvernement\\\/207658\\\/#primaryimage\"},\"image\":{\"@id\":\"https:\\\/\\\/www.webdo.tn\\\/fr\\\/actualite\\\/national\\\/urgent-najla-bouden-limogee-ahmed-hachani-nouveau-chef-du-gouvernement\\\/207658\\\/#primaryimage\"},\"thumbnailUrl\":\"https:\\\/\\\/www.webdo.tn\\\/fr\\\/wp-content\\\/uploads\\\/2023\\\/08\\\/901cf2348d9c6e3154a0d652ea71a746.jpg\",\"datePublished\":\"2023-08-01T23:49:00+00:00\",\"dateModified\":\"2025-05-20T22:51:11+00:00\",\"description\":\"La pr\u00e9sidence de la R\u00e9publique vient d\u2019annoncer que Ahamed Hachani a pr\u00eat\u00e9 le serment en tant que nouveau chef du gouvernement, Najla Bouden a \u00e9t\u00e9 limog\u00e9e.\",\"breadcrumb\":{\"@id\":\"https:\\\/\\\/www.webdo.tn\\\/fr\\\/actualite\\\/national\\\/urgent-najla-bouden-limogee-ahmed-hachani-nouveau-chef-du-gouvernement\\\/207658\\\/#breadcrumb\"},\"inLanguage\":\"fr-FR\",\"potentialAction\":[{\"@type\":\"ReadAction\",\"target\":[\"https:\\\/\\\/www.webdo.tn\\\/fr\\\/actualite\\\/national\\\/urgent-najla-bouden-limogee-ahmed-hachani-nouveau-chef-du-gouvernement\\\/207658\\\/\"]}]},{\"@type\":\"ImageObject\",\"inLanguage\":\"fr-FR\",\"@id\":\"https:\\\/\\\/www.webdo.tn\\\/fr\\\/actualite\\\/national\\\/urgent-najla-bouden-limogee-ahmed-hachani-nouveau-chef-du-gouvernement\\\/207658\\\/#primaryimage\",\"url\":\"https:\\\/\\\/www.webdo.tn\\\/fr\\\/wp-content\\\/uploads\\\/2023\\\/08\\\/901cf2348d9c6e3154a0d652ea71a746.jpg\",\"contentUrl\":\"https:\\\/\\\/www.webdo.tn\\\/fr\\\/wp-content\\\/uploads\\\/2023\\\/08\\\/901cf2348d9c6e3154a0d652ea71a746.jpg\",\"width\":750,\"height\":400,\"caption\":\"Najla Bouden limog\u00e9e, Ahmed Hachani nouveau chef du gouvernement\"},{\"@type\":\"BreadcrumbList\",\"@id\":\"https:\\\/\\\/www.webdo.tn\\\/fr\\\/actualite\\\/national\\\/urgent-najla-bouden-limogee-ahmed-hachani-nouveau-chef-du-gouvernement\\\/207658\\\/#breadcrumb\",\"itemListElement\":[{\"@type\":\"ListItem\",\"position\":1,\"name\":\"Accueil\",\"item\":\"https:\\\/\\\/www.webdo.tn\\\/fr\\\/\"},{\"@type\":\"ListItem\",\"position\":2,\"name\":\"Najla Bouden limog\u00e9e, Ahmed Hachani nouveau chef du gouvernement\"}]},{\"@type\":\"WebSite\",\"@id\":\"https:\\\/\\\/www.webdo.tn\\\/fr\\\/#website\",\"url\":\"https:\\\/\\\/www.webdo.tn\\\/fr\\\/\",\"name\":\"webdo\",\"description\":\"Tunisie - News en Tunisie et \u00e0 l&#039;international sur Webdo.tn\",\"publisher\":{\"@id\":\"https:\\\/\\\/www.webdo.tn\\\/fr\\\/#organization\"},\"potentialAction\":[{\"@type\":\"SearchAction\",\"target\":{\"@type\":\"EntryPoint\",\"urlTemplate\":\"https:\\\/\\\/www.webdo.tn\\\/fr\\\/?s={search_term_string}\"},\"query-input\":{\"@type\":\"PropertyValueSpecification\",\"valueRequired\":true,\"valueName\":\"search_term_string\"}}],\"inLanguage\":\"fr-FR\"},{\"@type\":\"Organization\",\"@id\":\"https:\\\/\\\/www.webdo.tn\\\/fr\\\/#organization\",\"name\":\"Webdo\",\"alternateName\":\"Webdo.tn\",\"url\":\"https:\\\/\\\/www.webdo.tn\\\/fr\\\/\",\"logo\":{\"@type\":\"ImageObject\",\"inLanguage\":\"fr-FR\",\"@id\":\"https:\\\/\\\/www.webdo.tn\\\/fr\\\/#\\\/schema\\\/logo\\\/image\\\/\",\"url\":\"https:\\\/\\\/www.webdo.tn\\\/fr\\\/wp-content\\\/uploads\\\/2025\\\/06\\\/Webdo-Tunisie_168377.jpg\",\"contentUrl\":\"https:\\\/\\\/www.webdo.tn\\\/fr\\\/wp-content\\\/uploads\\\/2025\\\/06\\\/Webdo-Tunisie_168377.jpg\",\"width\":301,\"height\":301,\"caption\":\"Webdo\"},\"image\":{\"@id\":\"https:\\\/\\\/www.webdo.tn\\\/fr\\\/#\\\/schema\\\/logo\\\/image\\\/\"},\"sameAs\":[\"https:\\\/\\\/www.facebook.com\\\/webdotn\",\"https:\\\/\\\/x.com\\\/webdo_tn\"],\"description\":\"Webdo est un m\u00e9dia num\u00e9rique tunisien fond\u00e9 en 2010, sp\u00e9cialis\u00e9 dans l\u2019actualit\u00e9 nationale et internationale, l\u2019\u00e9conomie, la soci\u00e9t\u00e9 et les analyses politiques. Le site s\u2019adresse \u00e0 un large public francophone et couvre l\u2019information tunisienne en temps r\u00e9el.\",\"email\":\"redac@webdo.tn\",\"legalName\":\"YNJ SARL\",\"foundingDate\":\"2010-09-06\",\"numberOfEmployees\":{\"@type\":\"QuantitativeValue\",\"minValue\":\"11\",\"maxValue\":\"50\"}},{\"@type\":\"Person\",\"@id\":\"https:\\\/\\\/www.webdo.tn\\\/fr\\\/#\\\/schema\\\/person\\\/f35b42a42c5e2511bbd282959d6385cc\",\"name\":\"CL\",\"image\":{\"@type\":\"ImageObject\",\"inLanguage\":\"fr-FR\",\"@id\":\"https:\\\/\\\/secure.gravatar.com\\\/avatar\\\/1447a49909b67aa657c488aec6512e1dd6143a480c1ecfee9b5b5cd74eb3b59e?s=96&d=mm&r=g\",\"url\":\"https:\\\/\\\/secure.gravatar.com\\\/avatar\\\/1447a49909b67aa657c488aec6512e1dd6143a480c1ecfee9b5b5cd74eb3b59e?s=96&d=mm&r=g\",\"contentUrl\":\"https:\\\/\\\/secure.gravatar.com\\\/avatar\\\/1447a49909b67aa657c488aec6512e1dd6143a480c1ecfee9b5b5cd74eb3b59e?s=96&d=mm&r=g\",\"caption\":\"CL\"},\"url\":\"https:\\\/\\\/www.webdo.tn\\\/fr\\\/actualite\\\/author\\\/cl\\\/\"}]}<\/script>\n<!-- \/ Yoast SEO Premium plugin. -->","yoast_head_json":{"title":"Najla Bouden limog\u00e9e, Ahmed Hachani nouveau chef du gouvernement","description":"La pr\u00e9sidence de la R\u00e9publique vient d\u2019annoncer que Ahamed Hachani a pr\u00eat\u00e9 le serment en tant que nouveau chef du gouvernement, Najla Bouden a \u00e9t\u00e9 limog\u00e9e.","canonical":"https:\/\/www.webdo.tn\/fr\/actualite\/national\/urgent-najla-bouden-limogee-ahmed-hachani-nouveau-chef-du-gouvernement\/207658\/","og_locale":"fr_FR","og_type":"article","og_title":"Najla Bouden limog\u00e9e, Ahmed Hachani nouveau chef du gouvernement","og_description":"La pr\u00e9sidence de la R\u00e9publique vient d\u2019annoncer que Ahamed Hachani a pr\u00eat\u00e9 le serment en tant que nouveau chef du gouvernement, Najla Bouden a \u00e9t\u00e9 limog\u00e9e.","og_url":"https:\/\/www.webdo.tn\/fr\/actualite\/national\/urgent-najla-bouden-limogee-ahmed-hachani-nouveau-chef-du-gouvernement\/207658\/","og_site_name":"webdo","article_publisher":"https:\/\/www.facebook.com\/webdotn","article_published_time":"2023-08-01T23:49:00+00:00","article_modified_time":"2025-05-20T22:51:11+00:00","og_image":[{"width":750,"height":400,"url":"https:\/\/www.webdo.tn\/fr\/wp-content\/uploads\/2023\/08\/901cf2348d9c6e3154a0d652ea71a746.jpg","type":"image\/jpeg"}],"author":"CL","twitter_card":"summary_large_image","twitter_creator":"@webdo_tn","twitter_site":"@webdo_tn","twitter_misc":{"\u00c9crit par":"CL","Dur\u00e9e de lecture estim\u00e9e":"1 minute"},"schema":{"@context":"https:\/\/schema.org","@graph":[{"@type":"NewsArticle","@id":"https:\/\/www.webdo.tn\/fr\/actualite\/national\/urgent-najla-bouden-limogee-ahmed-hachani-nouveau-chef-du-gouvernement\/207658\/#article","isPartOf":{"@id":"https:\/\/www.webdo.tn\/fr\/actualite\/national\/urgent-najla-bouden-limogee-ahmed-hachani-nouveau-chef-du-gouvernement\/207658\/"},"author":{"name":"CL","@id":"https:\/\/www.webdo.tn\/fr\/#\/schema\/person\/f35b42a42c5e2511bbd282959d6385cc"},"headline":"Najla Bouden limog\u00e9e, Ahmed Hachani nouveau chef du gouvernement","datePublished":"2023-08-01T23:49:00+00:00","dateModified":"2025-05-20T22:51:11+00:00","mainEntityOfPage":{"@id":"https:\/\/www.webdo.tn\/fr\/actualite\/national\/urgent-najla-bouden-limogee-ahmed-hachani-nouveau-chef-du-gouvernement\/207658\/"},"wordCount":214,"commentCount":0,"publisher":{"@id":"https:\/\/www.webdo.tn\/fr\/#organization"},"image":{"@id":"https:\/\/www.webdo.tn\/fr\/actualite\/national\/urgent-najla-bouden-limogee-ahmed-hachani-nouveau-chef-du-gouvernement\/207658\/#primaryimage"},"thumbnailUrl":"https:\/\/www.webdo.tn\/fr\/wp-content\/uploads\/2023\/08\/901cf2348d9c6e3154a0d652ea71a746.jpg","keywords":["Bouden","chef du gouvernement","Tunisie"],"articleSection":["National"],"inLanguage":"fr-FR"},{"@type":"WebPage","@id":"https:\/\/www.webdo.tn\/fr\/actualite\/national\/urgent-najla-bouden-limogee-ahmed-hachani-nouveau-chef-du-gouvernement\/207658\/","url":"https:\/\/www.webdo.tn\/fr\/actualite\/national\/urgent-najla-bouden-limogee-ahmed-hachani-nouveau-chef-du-gouvernement\/207658\/","name":"Najla Bouden limog\u00e9e, Ahmed Hachani nouveau chef du gouvernement","isPartOf":{"@id":"https:\/\/www.webdo.tn\/fr\/#website"},"primaryImageOfPage":{"@id":"https:\/\/www.webdo.tn\/fr\/actualite\/national\/urgent-najla-bouden-limogee-ahmed-hachani-nouveau-chef-du-gouvernement\/207658\/#primaryimage"},"image":{"@id":"https:\/\/www.webdo.tn\/fr\/actualite\/national\/urgent-najla-bouden-limogee-ahmed-hachani-nouveau-chef-du-gouvernement\/207658\/#primaryimage"},"thumbnailUrl":"https:\/\/www.webdo.tn\/fr\/wp-content\/uploads\/2023\/08\/901cf2348d9c6e3154a0d652ea71a746.jpg","datePublished":"2023-08-01T23:49:00+00:00","dateModified":"2025-05-20T22:51:11+00:00","description":"La pr\u00e9sidence de la R\u00e9publique vient d\u2019annoncer que Ahamed Hachani a pr\u00eat\u00e9 le serment en tant que nouveau chef du gouvernement, Najla Bouden a \u00e9t\u00e9 limog\u00e9e.","breadcrumb":{"@id":"https:\/\/www.webdo.tn\/fr\/actualite\/national\/urgent-najla-bouden-limogee-ahmed-hachani-nouveau-chef-du-gouvernement\/207658\/#breadcrumb"},"inLanguage":"fr-FR","potentialAction":[{"@type":"ReadAction","target":["https:\/\/www.webdo.tn\/fr\/actualite\/national\/urgent-najla-bouden-limogee-ahmed-hachani-nouveau-chef-du-gouvernement\/207658\/"]}]},{"@type":"ImageObject","inLanguage":"fr-FR","@id":"https:\/\/www.webdo.tn\/fr\/actualite\/national\/urgent-najla-bouden-limogee-ahmed-hachani-nouveau-chef-du-gouvernement\/207658\/#primaryimage","url":"https:\/\/www.webdo.tn\/fr\/wp-content\/uploads\/2023\/08\/901cf2348d9c6e3154a0d652ea71a746.jpg","contentUrl":"https:\/\/www.webdo.tn\/fr\/wp-content\/uploads\/2023\/08\/901cf2348d9c6e3154a0d652ea71a746.jpg","width":750,"height":400,"caption":"Najla Bouden limog\u00e9e, Ahmed Hachani nouveau chef du gouvernement"},{"@type":"BreadcrumbList","@id":"https:\/\/www.webdo.tn\/fr\/actualite\/national\/urgent-najla-bouden-limogee-ahmed-hachani-nouveau-chef-du-gouvernement\/207658\/#breadcrumb","itemListElement":[{"@type":"ListItem","position":1,"name":"Accueil","item":"https:\/\/www.webdo.tn\/fr\/"},{"@type":"ListItem","position":2,"name":"Najla Bouden limog\u00e9e, Ahmed Hachani nouveau chef du gouvernement"}]},{"@type":"WebSite","@id":"https:\/\/www.webdo.tn\/fr\/#website","url":"https:\/\/www.webdo.tn\/fr\/","name":"webdo","description":"Tunisie - News en Tunisie et \u00e0 l&#039;international sur Webdo.tn","publisher":{"@id":"https:\/\/www.webdo.tn\/fr\/#organization"},"potentialAction":[{"@type":"SearchAction","target":{"@type":"EntryPoint","urlTemplate":"https:\/\/www.webdo.tn\/fr\/?s={search_term_string}"},"query-input":{"@type":"PropertyValueSpecification","valueRequired":true,"valueName":"search_term_string"}}],"inLanguage":"fr-FR"},{"@type":"Organization","@id":"https:\/\/www.webdo.tn\/fr\/#organization","name":"Webdo","alternateName":"Webdo.tn","url":"https:\/\/www.webdo.tn\/fr\/","logo":{"@type":"ImageObject","inLanguage":"fr-FR","@id":"https:\/\/www.webdo.tn\/fr\/#\/schema\/logo\/image\/","url":"https:\/\/www.webdo.tn\/fr\/wp-content\/uploads\/2025\/06\/Webdo-Tunisie_168377.jpg","contentUrl":"https:\/\/www.webdo.tn\/fr\/wp-content\/uploads\/2025\/06\/Webdo-Tunisie_168377.jpg","width":301,"height":301,"caption":"Webdo"},"image":{"@id":"https:\/\/www.webdo.tn\/fr\/#\/schema\/logo\/image\/"},"sameAs":["https:\/\/www.facebook.com\/webdotn","https:\/\/x.com\/webdo_tn"],"description":"Webdo est un m\u00e9dia num\u00e9rique tunisien fond\u00e9 en 2010, sp\u00e9cialis\u00e9 dans l\u2019actualit\u00e9 nationale et internationale, l\u2019\u00e9conomie, la soci\u00e9t\u00e9 et les analyses politiques. Le site s\u2019adresse \u00e0 un large public francophone et couvre l\u2019information tunisienne en temps r\u00e9el.","email":"redac@webdo.tn","legalName":"YNJ SARL","foundingDate":"2010-09-06","numberOfEmployees":{"@type":"QuantitativeValue","minValue":"11","maxValue":"50"}},{"@type":"Person","@id":"https:\/\/www.webdo.tn\/fr\/#\/schema\/person\/f35b42a42c5e2511bbd282959d6385cc","name":"CL","image":{"@type":"ImageObject","inLanguage":"fr-FR","@id":"https:\/\/secure.gravatar.com\/avatar\/1447a49909b67aa657c488aec6512e1dd6143a480c1ecfee9b5b5cd74eb3b59e?s=96&d=mm&r=g","url":"https:\/\/secure.gravatar.com\/avatar\/1447a49909b67aa657c488aec6512e1dd6143a480c1ecfee9b5b5cd74eb3b59e?s=96&d=mm&r=g","contentUrl":"https:\/\/secure.gravatar.com\/avatar\/1447a49909b67aa657c488aec6512e1dd6143a480c1ecfee9b5b5cd74eb3b59e?s=96&d=mm&r=g","caption":"CL"},"url":"https:\/\/www.webdo.tn\/fr\/actualite\/author\/cl\/"}]}},"_links":{"self":[{"href":"https:\/\/www.webdo.tn\/fr\/wp-json\/wp\/v2\/posts\/207658","targetHints":{"allow":["GET"]}}],"collection":[{"href":"https:\/\/www.webdo.tn\/fr\/wp-json\/wp\/v2\/posts"}],"about":[{"href":"https:\/\/www.webdo.tn\/fr\/wp-json\/wp\/v2\/types\/post"}],"author":[{"embeddable":true,"href":"https:\/\/www.webdo.tn\/fr\/wp-json\/wp\/v2\/users\/3175"}],"replies":[{"embeddable":true,"href":"https:\/\/www.webdo.tn\/fr\/wp-json\/wp\/v2\/comments?post=207658"}],"version-history":[{"count":0,"href":"https:\/\/www.webdo.tn\/fr\/wp-json\/wp\/v2\/posts\/207658\/revisions"}],"wp:featuredmedia":[{"embeddable":true,"href":"https:\/\/www.webdo.tn\/fr\/wp-json\/wp\/v2\/media\/278566"}],"wp:attachment":[{"href":"https:\/\/www.webdo.tn\/fr\/wp-json\/wp\/v2\/media?parent=207658"}],"wp:term":[{"taxonomy":"category","embeddable":true,"href":"https:\/\/www.webdo.tn\/fr\/wp-json\/wp\/v2\/categories?post=207658"},{"taxonomy":"post_tag","embeddable":true,"href":"https:\/\/www.webdo.tn\/fr\/wp-json\/wp\/v2\/tags?post=207658"}],"curies":[{"name":"wp","href":"https:\/\/api.w.org\/{rel}","templated":true}]}}