{"id":207648,"date":"2023-08-01T18:35:00","date_gmt":"2023-08-01T18:35:00","guid":{"rendered":"https:\/\/www.webdo.tn\/fr\/blog\/quel-nouveau-dg-pour-la-cnci\/207648\/"},"modified":"2025-05-17T21:11:19","modified_gmt":"2025-05-17T21:11:19","slug":"quel-nouveau-dg-pour-la-cnci","status":"publish","type":"post","link":"https:\/\/www.webdo.tn\/fr\/actualite\/national\/quel-nouveau-dg-pour-la-cnci\/207648\/","title":{"rendered":"Quel nouveau DG pour la CNCI ?"},"content":{"rendered":"<p>Le minist\u00e8re des Affaires culturelles a lanc\u00e9, ce mardi 1er ao\u00fbt, un appel \u00e0 candidatures pour le poste Directeur g\u00e9n\u00e9ral du Centre national du cin\u00e9ma et de l&rsquo;image (CNCI), selon l&rsquo;agence TAP qui a relay\u00e9 le communiqu\u00e9 publi\u00e9 par le minist\u00e8re.<\/p>\n<p>\t\t\t\t\t\t\t\t\tLe dernier d\u00e9lai pour l&rsquo;envoi des candidatures est fix\u00e9 au 1er septembre 2023. Les dossiers de candidature doivent \u00eatre d\u00e9pos\u00e9s au bureau d&rsquo;ordre du minist\u00e8re des affaires culturelles, \u00e0 la Kasbah.<\/p>\n<p>Les candidats \u00e0 ce poste doivent \u00eatre titulaires de dipl\u00f4mes universitaires dans l&rsquo;une des sp\u00e9cialit\u00e9s suivantes : Cin\u00e9ma, Economie et gestion ou Sciences juridiques avec une grande exp\u00e9rience dans la gestion administrative. Une bonne connaissance du secteur de la culture et des arts, sp\u00e9cifiquement le cin\u00e9ma, est \u00e9galement obligatoire.<\/p>\n<p>Chaque candidat doit pr\u00e9senter un programme de gestion et une strat\u00e9gie de communications visant \u00e0 faire conna\u00eetre le CNCI et \u00e0 \u00e9largir ses partenariats \u00e0 l&rsquo;\u00e9chelle nationale et internationale.<\/p>\n<p>Il est \u00e0 rappeler que\u00a0quatre dirigeants dont deux provisoires, ont \u00e9t\u00e9 d\u00e9sign\u00e9s \u00e0 la t\u00eate du Centre national du cin\u00e9ma et de l&rsquo;image, entre mai 2022 et\u00a0ao\u00fbt 2023.<\/p>\n","protected":false},"excerpt":{"rendered":"<p>Le minist\u00e8re des Affaires culturelles a lanc\u00e9, ce mardi 1er ao\u00fbt, un appel \u00e0 candidatures pour le poste Directeur g\u00e9n\u00e9ral du Centre national du cin\u00e9ma et de l&rsquo;i&#8230;<\/p>\n","protected":false},"author":3169,"featured_media":278556,"comment_status":"open","ping_status":"closed","sticky":false,"template":"","format":"standard","meta":{"footnotes":""},"categories":[44],"tags":[9639,5596,3180,2608],"class_list":["post-207648","post","type-post","status-publish","format-standard","has-post-thumbnail","hentry","category-national","tag-cnci","tag-culture","tag-directeur","tag-tunisie"],"yoast_head":"<!-- This site is optimized with the Yoast SEO Premium plugin v27.5 (Yoast SEO v27.5) - https:\/\/yoast.com\/product\/yoast-seo-premium-wordpress\/ -->\n<title>Quel nouveau DG pour la CNCI ?<\/title>\n<meta name=\"description\" content=\"Le minist\u00e8re des Affaires culturelles a lanc\u00e9, ce mardi 1er ao\u00fbt, un appel \u00e0 candidatures pour le poste Directeur g\u00e9n\u00e9ral du Centre national du cin\u00e9ma et de l&#039;i...\" \/>\n<link rel=\"canonical\" href=\"https:\/\/www.webdo.tn\/fr\/actualite\/national\/quel-nouveau-dg-pour-la-cnci\/207648\/\" \/>\n<meta property=\"og:locale\" content=\"fr_FR\" \/>\n<meta property=\"og:type\" content=\"article\" \/>\n<meta property=\"og:title\" content=\"Quel nouveau DG pour la CNCI ?\" \/>\n<meta property=\"og:description\" content=\"Le minist\u00e8re des Affaires culturelles a lanc\u00e9, ce mardi 1er ao\u00fbt, un appel \u00e0 candidatures pour le poste Directeur g\u00e9n\u00e9ral du Centre national du cin\u00e9ma et de l&#039;i...\" \/>\n<meta property=\"og:url\" content=\"https:\/\/www.webdo.tn\/fr\/actualite\/national\/quel-nouveau-dg-pour-la-cnci\/207648\/\" \/>\n<meta property=\"og:site_name\" content=\"webdo\" \/>\n<meta property=\"article:publisher\" content=\"https:\/\/www.facebook.com\/webdotn\" \/>\n<meta property=\"article:published_time\" content=\"2023-08-01T18:35:00+00:00\" \/>\n<meta property=\"article:modified_time\" content=\"2025-05-17T21:11:19+00:00\" \/>\n<meta property=\"og:image\" content=\"https:\/\/www.webdo.tn\/fr\/wp-content\/uploads\/2023\/08\/0f2aab14040fd573c9b73cb39af41c64.png\" \/>\n\t<meta property=\"og:image:width\" content=\"750\" \/>\n\t<meta property=\"og:image:height\" content=\"400\" \/>\n\t<meta property=\"og:image:type\" content=\"image\/png\" \/>\n<meta name=\"author\" content=\"Webdo\" \/>\n<meta name=\"twitter:card\" content=\"summary_large_image\" \/>\n<meta name=\"twitter:creator\" content=\"@webdo_tn\" \/>\n<meta name=\"twitter:site\" content=\"@webdo_tn\" \/>\n<meta name=\"twitter:label1\" content=\"\u00c9crit par\" \/>\n\t<meta name=\"twitter:data1\" content=\"Webdo\" \/>\n\t<meta name=\"twitter:label2\" content=\"Dur\u00e9e de lecture estim\u00e9e\" \/>\n\t<meta name=\"twitter:data2\" content=\"1 minute\" \/>\n<script type=\"application\/ld+json\" class=\"yoast-schema-graph\">{\"@context\":\"https:\\\/\\\/schema.org\",\"@graph\":[{\"@type\":\"NewsArticle\",\"@id\":\"https:\\\/\\\/www.webdo.tn\\\/fr\\\/actualite\\\/national\\\/quel-nouveau-dg-pour-la-cnci\\\/207648\\\/#article\",\"isPartOf\":{\"@id\":\"https:\\\/\\\/www.webdo.tn\\\/fr\\\/actualite\\\/national\\\/quel-nouveau-dg-pour-la-cnci\\\/207648\\\/\"},\"author\":{\"name\":\"Webdo\",\"@id\":\"https:\\\/\\\/www.webdo.tn\\\/fr\\\/#\\\/schema\\\/person\\\/1f4e491e0907b413d61089e8eb573acc\"},\"headline\":\"Quel nouveau DG pour la CNCI ?\",\"datePublished\":\"2023-08-01T18:35:00+00:00\",\"dateModified\":\"2025-05-17T21:11:19+00:00\",\"mainEntityOfPage\":{\"@id\":\"https:\\\/\\\/www.webdo.tn\\\/fr\\\/actualite\\\/national\\\/quel-nouveau-dg-pour-la-cnci\\\/207648\\\/\"},\"wordCount\":206,\"commentCount\":0,\"publisher\":{\"@id\":\"https:\\\/\\\/www.webdo.tn\\\/fr\\\/#organization\"},\"image\":{\"@id\":\"https:\\\/\\\/www.webdo.tn\\\/fr\\\/actualite\\\/national\\\/quel-nouveau-dg-pour-la-cnci\\\/207648\\\/#primaryimage\"},\"thumbnailUrl\":\"https:\\\/\\\/www.webdo.tn\\\/fr\\\/wp-content\\\/uploads\\\/2023\\\/08\\\/0f2aab14040fd573c9b73cb39af41c64.png\",\"keywords\":[\"cnci\",\"culture\",\"directeur\",\"Tunisie\"],\"articleSection\":[\"National\"],\"inLanguage\":\"fr-FR\"},{\"@type\":\"WebPage\",\"@id\":\"https:\\\/\\\/www.webdo.tn\\\/fr\\\/actualite\\\/national\\\/quel-nouveau-dg-pour-la-cnci\\\/207648\\\/\",\"url\":\"https:\\\/\\\/www.webdo.tn\\\/fr\\\/actualite\\\/national\\\/quel-nouveau-dg-pour-la-cnci\\\/207648\\\/\",\"name\":\"Quel nouveau DG pour la CNCI ?\",\"isPartOf\":{\"@id\":\"https:\\\/\\\/www.webdo.tn\\\/fr\\\/#website\"},\"primaryImageOfPage\":{\"@id\":\"https:\\\/\\\/www.webdo.tn\\\/fr\\\/actualite\\\/national\\\/quel-nouveau-dg-pour-la-cnci\\\/207648\\\/#primaryimage\"},\"image\":{\"@id\":\"https:\\\/\\\/www.webdo.tn\\\/fr\\\/actualite\\\/national\\\/quel-nouveau-dg-pour-la-cnci\\\/207648\\\/#primaryimage\"},\"thumbnailUrl\":\"https:\\\/\\\/www.webdo.tn\\\/fr\\\/wp-content\\\/uploads\\\/2023\\\/08\\\/0f2aab14040fd573c9b73cb39af41c64.png\",\"datePublished\":\"2023-08-01T18:35:00+00:00\",\"dateModified\":\"2025-05-17T21:11:19+00:00\",\"description\":\"Le minist\u00e8re des Affaires culturelles a lanc\u00e9, ce mardi 1er ao\u00fbt, un appel \u00e0 candidatures pour le poste Directeur g\u00e9n\u00e9ral du Centre national du cin\u00e9ma et de l'i...\",\"breadcrumb\":{\"@id\":\"https:\\\/\\\/www.webdo.tn\\\/fr\\\/actualite\\\/national\\\/quel-nouveau-dg-pour-la-cnci\\\/207648\\\/#breadcrumb\"},\"inLanguage\":\"fr-FR\",\"potentialAction\":[{\"@type\":\"ReadAction\",\"target\":[\"https:\\\/\\\/www.webdo.tn\\\/fr\\\/actualite\\\/national\\\/quel-nouveau-dg-pour-la-cnci\\\/207648\\\/\"]}]},{\"@type\":\"ImageObject\",\"inLanguage\":\"fr-FR\",\"@id\":\"https:\\\/\\\/www.webdo.tn\\\/fr\\\/actualite\\\/national\\\/quel-nouveau-dg-pour-la-cnci\\\/207648\\\/#primaryimage\",\"url\":\"https:\\\/\\\/www.webdo.tn\\\/fr\\\/wp-content\\\/uploads\\\/2023\\\/08\\\/0f2aab14040fd573c9b73cb39af41c64.png\",\"contentUrl\":\"https:\\\/\\\/www.webdo.tn\\\/fr\\\/wp-content\\\/uploads\\\/2023\\\/08\\\/0f2aab14040fd573c9b73cb39af41c64.png\",\"width\":750,\"height\":400,\"caption\":\"Quel nouveau DG pour la CNCI ?\"},{\"@type\":\"BreadcrumbList\",\"@id\":\"https:\\\/\\\/www.webdo.tn\\\/fr\\\/actualite\\\/national\\\/quel-nouveau-dg-pour-la-cnci\\\/207648\\\/#breadcrumb\",\"itemListElement\":[{\"@type\":\"ListItem\",\"position\":1,\"name\":\"Accueil\",\"item\":\"https:\\\/\\\/www.webdo.tn\\\/fr\\\/\"},{\"@type\":\"ListItem\",\"position\":2,\"name\":\"Quel nouveau DG pour la CNCI ?\"}]},{\"@type\":\"WebSite\",\"@id\":\"https:\\\/\\\/www.webdo.tn\\\/fr\\\/#website\",\"url\":\"https:\\\/\\\/www.webdo.tn\\\/fr\\\/\",\"name\":\"webdo\",\"description\":\"Tunisie - News en Tunisie et \u00e0 l&#039;international sur Webdo.tn\",\"publisher\":{\"@id\":\"https:\\\/\\\/www.webdo.tn\\\/fr\\\/#organization\"},\"potentialAction\":[{\"@type\":\"SearchAction\",\"target\":{\"@type\":\"EntryPoint\",\"urlTemplate\":\"https:\\\/\\\/www.webdo.tn\\\/fr\\\/?s={search_term_string}\"},\"query-input\":{\"@type\":\"PropertyValueSpecification\",\"valueRequired\":true,\"valueName\":\"search_term_string\"}}],\"inLanguage\":\"fr-FR\"},{\"@type\":\"Organization\",\"@id\":\"https:\\\/\\\/www.webdo.tn\\\/fr\\\/#organization\",\"name\":\"Webdo\",\"alternateName\":\"Webdo.tn\",\"url\":\"https:\\\/\\\/www.webdo.tn\\\/fr\\\/\",\"logo\":{\"@type\":\"ImageObject\",\"inLanguage\":\"fr-FR\",\"@id\":\"https:\\\/\\\/www.webdo.tn\\\/fr\\\/#\\\/schema\\\/logo\\\/image\\\/\",\"url\":\"https:\\\/\\\/www.webdo.tn\\\/fr\\\/wp-content\\\/uploads\\\/2025\\\/06\\\/Webdo-Tunisie_168377.jpg\",\"contentUrl\":\"https:\\\/\\\/www.webdo.tn\\\/fr\\\/wp-content\\\/uploads\\\/2025\\\/06\\\/Webdo-Tunisie_168377.jpg\",\"width\":301,\"height\":301,\"caption\":\"Webdo\"},\"image\":{\"@id\":\"https:\\\/\\\/www.webdo.tn\\\/fr\\\/#\\\/schema\\\/logo\\\/image\\\/\"},\"sameAs\":[\"https:\\\/\\\/www.facebook.com\\\/webdotn\",\"https:\\\/\\\/x.com\\\/webdo_tn\"],\"description\":\"Webdo est un m\u00e9dia num\u00e9rique tunisien fond\u00e9 en 2010, sp\u00e9cialis\u00e9 dans l\u2019actualit\u00e9 nationale et internationale, l\u2019\u00e9conomie, la soci\u00e9t\u00e9 et les analyses politiques. Le site s\u2019adresse \u00e0 un large public francophone et couvre l\u2019information tunisienne en temps r\u00e9el.\",\"email\":\"redac@webdo.tn\",\"legalName\":\"YNJ SARL\",\"foundingDate\":\"2010-09-06\",\"numberOfEmployees\":{\"@type\":\"QuantitativeValue\",\"minValue\":\"11\",\"maxValue\":\"50\"}},{\"@type\":\"Person\",\"@id\":\"https:\\\/\\\/www.webdo.tn\\\/fr\\\/#\\\/schema\\\/person\\\/1f4e491e0907b413d61089e8eb573acc\",\"name\":\"Webdo\",\"image\":{\"@type\":\"ImageObject\",\"inLanguage\":\"fr-FR\",\"@id\":\"https:\\\/\\\/secure.gravatar.com\\\/avatar\\\/de97aeec1bb80978a9dbb127e47dfc88aaacb2f3c29aac907d8d3222e3495d49?s=96&d=mm&r=g\",\"url\":\"https:\\\/\\\/secure.gravatar.com\\\/avatar\\\/de97aeec1bb80978a9dbb127e47dfc88aaacb2f3c29aac907d8d3222e3495d49?s=96&d=mm&r=g\",\"contentUrl\":\"https:\\\/\\\/secure.gravatar.com\\\/avatar\\\/de97aeec1bb80978a9dbb127e47dfc88aaacb2f3c29aac907d8d3222e3495d49?s=96&d=mm&r=g\",\"caption\":\"Webdo\"},\"url\":\"https:\\\/\\\/www.webdo.tn\\\/fr\\\/actualite\\\/author\\\/webdo\\\/\"}]}<\/script>\n<!-- \/ Yoast SEO Premium plugin. -->","yoast_head_json":{"title":"Quel nouveau DG pour la CNCI ?","description":"Le minist\u00e8re des Affaires culturelles a lanc\u00e9, ce mardi 1er ao\u00fbt, un appel \u00e0 candidatures pour le poste Directeur g\u00e9n\u00e9ral du Centre national du cin\u00e9ma et de l'i...","canonical":"https:\/\/www.webdo.tn\/fr\/actualite\/national\/quel-nouveau-dg-pour-la-cnci\/207648\/","og_locale":"fr_FR","og_type":"article","og_title":"Quel nouveau DG pour la CNCI ?","og_description":"Le minist\u00e8re des Affaires culturelles a lanc\u00e9, ce mardi 1er ao\u00fbt, un appel \u00e0 candidatures pour le poste Directeur g\u00e9n\u00e9ral du Centre national du cin\u00e9ma et de l'i...","og_url":"https:\/\/www.webdo.tn\/fr\/actualite\/national\/quel-nouveau-dg-pour-la-cnci\/207648\/","og_site_name":"webdo","article_publisher":"https:\/\/www.facebook.com\/webdotn","article_published_time":"2023-08-01T18:35:00+00:00","article_modified_time":"2025-05-17T21:11:19+00:00","og_image":[{"width":750,"height":400,"url":"https:\/\/www.webdo.tn\/fr\/wp-content\/uploads\/2023\/08\/0f2aab14040fd573c9b73cb39af41c64.png","type":"image\/png"}],"author":"Webdo","twitter_card":"summary_large_image","twitter_creator":"@webdo_tn","twitter_site":"@webdo_tn","twitter_misc":{"\u00c9crit par":"Webdo","Dur\u00e9e de lecture estim\u00e9e":"1 minute"},"schema":{"@context":"https:\/\/schema.org","@graph":[{"@type":"NewsArticle","@id":"https:\/\/www.webdo.tn\/fr\/actualite\/national\/quel-nouveau-dg-pour-la-cnci\/207648\/#article","isPartOf":{"@id":"https:\/\/www.webdo.tn\/fr\/actualite\/national\/quel-nouveau-dg-pour-la-cnci\/207648\/"},"author":{"name":"Webdo","@id":"https:\/\/www.webdo.tn\/fr\/#\/schema\/person\/1f4e491e0907b413d61089e8eb573acc"},"headline":"Quel nouveau DG pour la CNCI ?","datePublished":"2023-08-01T18:35:00+00:00","dateModified":"2025-05-17T21:11:19+00:00","mainEntityOfPage":{"@id":"https:\/\/www.webdo.tn\/fr\/actualite\/national\/quel-nouveau-dg-pour-la-cnci\/207648\/"},"wordCount":206,"commentCount":0,"publisher":{"@id":"https:\/\/www.webdo.tn\/fr\/#organization"},"image":{"@id":"https:\/\/www.webdo.tn\/fr\/actualite\/national\/quel-nouveau-dg-pour-la-cnci\/207648\/#primaryimage"},"thumbnailUrl":"https:\/\/www.webdo.tn\/fr\/wp-content\/uploads\/2023\/08\/0f2aab14040fd573c9b73cb39af41c64.png","keywords":["cnci","culture","directeur","Tunisie"],"articleSection":["National"],"inLanguage":"fr-FR"},{"@type":"WebPage","@id":"https:\/\/www.webdo.tn\/fr\/actualite\/national\/quel-nouveau-dg-pour-la-cnci\/207648\/","url":"https:\/\/www.webdo.tn\/fr\/actualite\/national\/quel-nouveau-dg-pour-la-cnci\/207648\/","name":"Quel nouveau DG pour la CNCI ?","isPartOf":{"@id":"https:\/\/www.webdo.tn\/fr\/#website"},"primaryImageOfPage":{"@id":"https:\/\/www.webdo.tn\/fr\/actualite\/national\/quel-nouveau-dg-pour-la-cnci\/207648\/#primaryimage"},"image":{"@id":"https:\/\/www.webdo.tn\/fr\/actualite\/national\/quel-nouveau-dg-pour-la-cnci\/207648\/#primaryimage"},"thumbnailUrl":"https:\/\/www.webdo.tn\/fr\/wp-content\/uploads\/2023\/08\/0f2aab14040fd573c9b73cb39af41c64.png","datePublished":"2023-08-01T18:35:00+00:00","dateModified":"2025-05-17T21:11:19+00:00","description":"Le minist\u00e8re des Affaires culturelles a lanc\u00e9, ce mardi 1er ao\u00fbt, un appel \u00e0 candidatures pour le poste Directeur g\u00e9n\u00e9ral du Centre national du cin\u00e9ma et de l'i...","breadcrumb":{"@id":"https:\/\/www.webdo.tn\/fr\/actualite\/national\/quel-nouveau-dg-pour-la-cnci\/207648\/#breadcrumb"},"inLanguage":"fr-FR","potentialAction":[{"@type":"ReadAction","target":["https:\/\/www.webdo.tn\/fr\/actualite\/national\/quel-nouveau-dg-pour-la-cnci\/207648\/"]}]},{"@type":"ImageObject","inLanguage":"fr-FR","@id":"https:\/\/www.webdo.tn\/fr\/actualite\/national\/quel-nouveau-dg-pour-la-cnci\/207648\/#primaryimage","url":"https:\/\/www.webdo.tn\/fr\/wp-content\/uploads\/2023\/08\/0f2aab14040fd573c9b73cb39af41c64.png","contentUrl":"https:\/\/www.webdo.tn\/fr\/wp-content\/uploads\/2023\/08\/0f2aab14040fd573c9b73cb39af41c64.png","width":750,"height":400,"caption":"Quel nouveau DG pour la CNCI ?"},{"@type":"BreadcrumbList","@id":"https:\/\/www.webdo.tn\/fr\/actualite\/national\/quel-nouveau-dg-pour-la-cnci\/207648\/#breadcrumb","itemListElement":[{"@type":"ListItem","position":1,"name":"Accueil","item":"https:\/\/www.webdo.tn\/fr\/"},{"@type":"ListItem","position":2,"name":"Quel nouveau DG pour la CNCI ?"}]},{"@type":"WebSite","@id":"https:\/\/www.webdo.tn\/fr\/#website","url":"https:\/\/www.webdo.tn\/fr\/","name":"webdo","description":"Tunisie - News en Tunisie et \u00e0 l&#039;international sur Webdo.tn","publisher":{"@id":"https:\/\/www.webdo.tn\/fr\/#organization"},"potentialAction":[{"@type":"SearchAction","target":{"@type":"EntryPoint","urlTemplate":"https:\/\/www.webdo.tn\/fr\/?s={search_term_string}"},"query-input":{"@type":"PropertyValueSpecification","valueRequired":true,"valueName":"search_term_string"}}],"inLanguage":"fr-FR"},{"@type":"Organization","@id":"https:\/\/www.webdo.tn\/fr\/#organization","name":"Webdo","alternateName":"Webdo.tn","url":"https:\/\/www.webdo.tn\/fr\/","logo":{"@type":"ImageObject","inLanguage":"fr-FR","@id":"https:\/\/www.webdo.tn\/fr\/#\/schema\/logo\/image\/","url":"https:\/\/www.webdo.tn\/fr\/wp-content\/uploads\/2025\/06\/Webdo-Tunisie_168377.jpg","contentUrl":"https:\/\/www.webdo.tn\/fr\/wp-content\/uploads\/2025\/06\/Webdo-Tunisie_168377.jpg","width":301,"height":301,"caption":"Webdo"},"image":{"@id":"https:\/\/www.webdo.tn\/fr\/#\/schema\/logo\/image\/"},"sameAs":["https:\/\/www.facebook.com\/webdotn","https:\/\/x.com\/webdo_tn"],"description":"Webdo est un m\u00e9dia num\u00e9rique tunisien fond\u00e9 en 2010, sp\u00e9cialis\u00e9 dans l\u2019actualit\u00e9 nationale et internationale, l\u2019\u00e9conomie, la soci\u00e9t\u00e9 et les analyses politiques. Le site s\u2019adresse \u00e0 un large public francophone et couvre l\u2019information tunisienne en temps r\u00e9el.","email":"redac@webdo.tn","legalName":"YNJ SARL","foundingDate":"2010-09-06","numberOfEmployees":{"@type":"QuantitativeValue","minValue":"11","maxValue":"50"}},{"@type":"Person","@id":"https:\/\/www.webdo.tn\/fr\/#\/schema\/person\/1f4e491e0907b413d61089e8eb573acc","name":"Webdo","image":{"@type":"ImageObject","inLanguage":"fr-FR","@id":"https:\/\/secure.gravatar.com\/avatar\/de97aeec1bb80978a9dbb127e47dfc88aaacb2f3c29aac907d8d3222e3495d49?s=96&d=mm&r=g","url":"https:\/\/secure.gravatar.com\/avatar\/de97aeec1bb80978a9dbb127e47dfc88aaacb2f3c29aac907d8d3222e3495d49?s=96&d=mm&r=g","contentUrl":"https:\/\/secure.gravatar.com\/avatar\/de97aeec1bb80978a9dbb127e47dfc88aaacb2f3c29aac907d8d3222e3495d49?s=96&d=mm&r=g","caption":"Webdo"},"url":"https:\/\/www.webdo.tn\/fr\/actualite\/author\/webdo\/"}]}},"_links":{"self":[{"href":"https:\/\/www.webdo.tn\/fr\/wp-json\/wp\/v2\/posts\/207648","targetHints":{"allow":["GET"]}}],"collection":[{"href":"https:\/\/www.webdo.tn\/fr\/wp-json\/wp\/v2\/posts"}],"about":[{"href":"https:\/\/www.webdo.tn\/fr\/wp-json\/wp\/v2\/types\/post"}],"author":[{"embeddable":true,"href":"https:\/\/www.webdo.tn\/fr\/wp-json\/wp\/v2\/users\/3169"}],"replies":[{"embeddable":true,"href":"https:\/\/www.webdo.tn\/fr\/wp-json\/wp\/v2\/comments?post=207648"}],"version-history":[{"count":0,"href":"https:\/\/www.webdo.tn\/fr\/wp-json\/wp\/v2\/posts\/207648\/revisions"}],"wp:featuredmedia":[{"embeddable":true,"href":"https:\/\/www.webdo.tn\/fr\/wp-json\/wp\/v2\/media\/278556"}],"wp:attachment":[{"href":"https:\/\/www.webdo.tn\/fr\/wp-json\/wp\/v2\/media?parent=207648"}],"wp:term":[{"taxonomy":"category","embeddable":true,"href":"https:\/\/www.webdo.tn\/fr\/wp-json\/wp\/v2\/categories?post=207648"},{"taxonomy":"post_tag","embeddable":true,"href":"https:\/\/www.webdo.tn\/fr\/wp-json\/wp\/v2\/tags?post=207648"}],"curies":[{"name":"wp","href":"https:\/\/api.w.org\/{rel}","templated":true}]}}