{"id":207645,"date":"2023-08-01T13:48:00","date_gmt":"2023-08-01T13:48:00","guid":{"rendered":"https:\/\/www.webdo.tn\/fr\/blog\/calendrier-de-la-ligue-1\/207645\/"},"modified":"2025-05-20T21:58:05","modified_gmt":"2025-05-20T21:58:05","slug":"calendrier-de-la-ligue-1","status":"publish","type":"post","link":"https:\/\/www.webdo.tn\/fr\/actualite\/sport\/calendrier-de-la-ligue-1\/207645\/","title":{"rendered":"Calendrier de la Ligue 1"},"content":{"rendered":"<p>La Ligue nationale de football professionnel a proc\u00e9d\u00e9, aujourd\u2019hui, mardi 1er ao\u00fbt 2023, au si\u00e8ge de la F\u00e9d\u00e9ration tunisienne de football au tirage du calendrier de la saison 2023-2024.<\/p>\n<p>\t\t\t\t\t\t\t\t\tA la suite de la d\u00e9cision de la FTF d&rsquo;opter pour une Ligue 1 \u00e0 deux poules, le championnat de Ligue 1 pour la saison 2023-2024 sera compos\u00e9 de deux groupes de sept \u00e9quipes chacun.<\/p>\n<p>Le groupe A est compos\u00e9 de l\u2019Etoile du Sahel, de l\u2019US Ben Guerdane, de l\u2019Olympique de B\u00e9ja, du Stade Tunisien, de l\u2019AS Soliman, et d\u2019EGS Gafsa.<\/p>\n<p>Le groupe B sera compos\u00e9 de l\u2019Esp\u00e9rance, de l\u2019US Monastirienne, du CS Sfaxien, de l\u2019US Tataouine, du CA Bizertin, de l\u2019ES M\u00e9tlaoui et de l\u2019AS Marsa.<\/p>\n<p>ESS-CA \u00e0 la 4\u00e8me journ\u00e9e<\/p>\n<p>Dans le groupe A le Champion sortant et favori au titre, \u00e0 savoir l\u2019Etoile du Sahel, d\u00e9marrera la comp\u00e9tition en d\u00e9placement face \u00e0 l\u2019O. B\u00e9ja. Idem pour le Club Africain qui d\u00e9butera par un d\u00e9placement \u00e0 Ben Guerdane.<\/p>\n<p>Le Clasico entre les deux favoris aura lieu \u00e0 la 4\u00e8me journ\u00e9e \u00e0 Sousse pour le match aller et lors de la 11\u00e8me journ\u00e9e \u00e0 Rades pour le match retour.<\/p>\n<p>CSS-EST \u00e0 la 5\u00e8me journ\u00e9e<\/p>\n<p>Dans le groupe B, l\u2019Esp\u00e9rance d\u00e9butera face au n\u00e9o-promu, l\u2019AS Marsa alors que le Clasico CSS-EST aura lieu lors des 5\u00e8me et 12\u00e8me journ\u00e9es.<\/p>\n<p>Les chocs entre le CSS et l\u2019US Monastir auront lieu lors des 7\u00e8me et 14\u00e8me journ\u00e9es alors que ceux entre l\u2019EST et l\u2019USMo sont pr\u00e9vus lors des 6\u00e8me et 13\u00e8me journ\u00e9es.<\/p>\n<p>Le coup d&rsquo;envoi du championnat de Ligue 1 sera donn\u00e9 le 19 ao\u00fbt prochain.<\/p>\n<p>Groupe A<\/p>\n<p>\tJourn\u00e9e 1 : OB-ESS \/ USBG-CA \/ ASS-ST \/ EGSG Exempt<br \/>\n\tJourn\u00e9e 2 : ST-OB \/ ESS-USBG \/ CA-EGSG \/ ASS Exempt<br \/>\n\tJourn\u00e9e 3 : EGSG-ESS \/ USBG-ST \/ OB-ASS \/ CA Exempt<br \/>\n\tJourn\u00e9e 4 : ST-EGSG \/ ESS-CA \/ ASS-USBG \/ OB Exempt<br \/>\n\tJourn\u00e9e 5 : EGSG-ASS \/ USBG-OB \/ CA-ST \/ ESS Exempt<br \/>\n\tJourn\u00e9e 6 : OB-EGSG \/ ASS-CA \/ ST-ESS \/ USBG Exempt<br \/>\n\tJourn\u00e9e 7 : CA-OB \/ ESS-ASS \/ EGSG-USBG \/ ST Exempt<\/p>\n<p>Groupe B<\/p>\n<p>\tJourn\u00e9e 1 : EST-ASM \/ CSS-CAB \/ ESM-UST \/ USM Exempt<br \/>\n\tJourn\u00e9e 2 : UST-EST \/ ASM-CSS \/ CAB-USM \/ ESM Exempt<br \/>\n\tJourn\u00e9e 3 : USM-ASM \/ CSS-UST \/ EST-ESM \/ CAB Exempt<br \/>\n\tJourn\u00e9e 4 : UST-USM \/ ASM-CAB \/ ESM-CSS \/ EST Exempt<br \/>\n\tJourn\u00e9e 5 : USM-ESM \/ CSS-EST \/ CAB-UST \/ ASM Exempt<br \/>\n\tJourn\u00e9e 6 : EST-USM \/ ESM-CAB \/ UST-ASM \/ CSS Exempt<br \/>\n\tJourn\u00e9e 7 : CAB-EST \/ ASM-ESM \/ USM-CSS \/ UST Exempt<\/p>\n","protected":false},"excerpt":{"rendered":"<p>La Ligue nationale de football professionnel a proc\u00e9d\u00e9, aujourd\u2019hui, mardi 1er ao\u00fbt 2023, au si\u00e8ge de la F\u00e9d\u00e9ration tunisienne de football au tirage du calendri&#8230;<\/p>\n","protected":false},"author":3162,"featured_media":249651,"comment_status":"open","ping_status":"closed","sticky":false,"template":"","format":"standard","meta":{"footnotes":""},"categories":[2593],"tags":[4507,2777],"class_list":["post-207645","post","type-post","status-publish","format-standard","has-post-thumbnail","hentry","category-sport","tag-calendrier","tag-ligue-1"],"yoast_head":"<!-- This site is optimized with the Yoast SEO Premium plugin v27.4 (Yoast SEO v27.5) - https:\/\/yoast.com\/product\/yoast-seo-premium-wordpress\/ -->\n<title>Calendrier de la Ligue 1<\/title>\n<meta name=\"description\" content=\"La Ligue nationale de football professionnel a proc\u00e9d\u00e9, aujourd\u2019hui, mardi 1er ao\u00fbt 2023, au si\u00e8ge de la F\u00e9d\u00e9ration tunisienne de football au tirage du calendri...\" \/>\n<link rel=\"canonical\" href=\"https:\/\/www.webdo.tn\/fr\/actualite\/sport\/calendrier-de-la-ligue-1\/207645\/\" \/>\n<meta property=\"og:locale\" content=\"fr_FR\" \/>\n<meta property=\"og:type\" content=\"article\" \/>\n<meta property=\"og:title\" content=\"Calendrier de la Ligue 1\" \/>\n<meta property=\"og:description\" content=\"La Ligue nationale de football professionnel a proc\u00e9d\u00e9, aujourd\u2019hui, mardi 1er ao\u00fbt 2023, au si\u00e8ge de la F\u00e9d\u00e9ration tunisienne de football au tirage du calendri...\" \/>\n<meta property=\"og:url\" content=\"https:\/\/www.webdo.tn\/fr\/actualite\/sport\/calendrier-de-la-ligue-1\/207645\/\" \/>\n<meta property=\"og:site_name\" content=\"webdo\" \/>\n<meta property=\"article:publisher\" content=\"https:\/\/www.facebook.com\/webdotn\" \/>\n<meta property=\"article:published_time\" content=\"2023-08-01T13:48:00+00:00\" \/>\n<meta property=\"article:modified_time\" content=\"2025-05-20T21:58:05+00:00\" \/>\n<meta property=\"og:image\" content=\"https:\/\/www.webdo.tn\/fr\/wp-content\/uploads\/2023\/08\/104b5964e8fb495ba3c066051d32c23e.jpg\" \/>\n\t<meta property=\"og:image:width\" content=\"750\" \/>\n\t<meta property=\"og:image:height\" content=\"400\" \/>\n\t<meta property=\"og:image:type\" content=\"image\/jpeg\" \/>\n<meta name=\"author\" content=\"MC\" \/>\n<meta name=\"twitter:card\" content=\"summary_large_image\" \/>\n<meta name=\"twitter:creator\" content=\"@webdo_tn\" \/>\n<meta name=\"twitter:site\" content=\"@webdo_tn\" \/>\n<meta name=\"twitter:label1\" content=\"\u00c9crit par\" \/>\n\t<meta name=\"twitter:data1\" content=\"MC\" \/>\n\t<meta name=\"twitter:label2\" content=\"Dur\u00e9e de lecture estim\u00e9e\" \/>\n\t<meta name=\"twitter:data2\" content=\"2 minutes\" \/>\n<script type=\"application\/ld+json\" class=\"yoast-schema-graph\">{\"@context\":\"https:\\\/\\\/schema.org\",\"@graph\":[{\"@type\":\"NewsArticle\",\"@id\":\"https:\\\/\\\/www.webdo.tn\\\/fr\\\/actualite\\\/sport\\\/calendrier-de-la-ligue-1\\\/207645\\\/#article\",\"isPartOf\":{\"@id\":\"https:\\\/\\\/www.webdo.tn\\\/fr\\\/actualite\\\/sport\\\/calendrier-de-la-ligue-1\\\/207645\\\/\"},\"author\":{\"name\":\"MC\",\"@id\":\"https:\\\/\\\/www.webdo.tn\\\/fr\\\/#\\\/schema\\\/person\\\/2c4929cbf5a809e3bd38617c6ce150f6\"},\"headline\":\"Calendrier de la Ligue 1\",\"datePublished\":\"2023-08-01T13:48:00+00:00\",\"dateModified\":\"2025-05-20T21:58:05+00:00\",\"mainEntityOfPage\":{\"@id\":\"https:\\\/\\\/www.webdo.tn\\\/fr\\\/actualite\\\/sport\\\/calendrier-de-la-ligue-1\\\/207645\\\/\"},\"wordCount\":402,\"commentCount\":0,\"publisher\":{\"@id\":\"https:\\\/\\\/www.webdo.tn\\\/fr\\\/#organization\"},\"image\":{\"@id\":\"https:\\\/\\\/www.webdo.tn\\\/fr\\\/actualite\\\/sport\\\/calendrier-de-la-ligue-1\\\/207645\\\/#primaryimage\"},\"thumbnailUrl\":\"https:\\\/\\\/www.webdo.tn\\\/fr\\\/wp-content\\\/uploads\\\/2023\\\/08\\\/104b5964e8fb495ba3c066051d32c23e.jpg\",\"keywords\":[\"calendrier\",\"Ligue 1\"],\"articleSection\":[\"Sport\"],\"inLanguage\":\"fr-FR\"},{\"@type\":\"WebPage\",\"@id\":\"https:\\\/\\\/www.webdo.tn\\\/fr\\\/actualite\\\/sport\\\/calendrier-de-la-ligue-1\\\/207645\\\/\",\"url\":\"https:\\\/\\\/www.webdo.tn\\\/fr\\\/actualite\\\/sport\\\/calendrier-de-la-ligue-1\\\/207645\\\/\",\"name\":\"Calendrier de la Ligue 1\",\"isPartOf\":{\"@id\":\"https:\\\/\\\/www.webdo.tn\\\/fr\\\/#website\"},\"primaryImageOfPage\":{\"@id\":\"https:\\\/\\\/www.webdo.tn\\\/fr\\\/actualite\\\/sport\\\/calendrier-de-la-ligue-1\\\/207645\\\/#primaryimage\"},\"image\":{\"@id\":\"https:\\\/\\\/www.webdo.tn\\\/fr\\\/actualite\\\/sport\\\/calendrier-de-la-ligue-1\\\/207645\\\/#primaryimage\"},\"thumbnailUrl\":\"https:\\\/\\\/www.webdo.tn\\\/fr\\\/wp-content\\\/uploads\\\/2023\\\/08\\\/104b5964e8fb495ba3c066051d32c23e.jpg\",\"datePublished\":\"2023-08-01T13:48:00+00:00\",\"dateModified\":\"2025-05-20T21:58:05+00:00\",\"description\":\"La Ligue nationale de football professionnel a proc\u00e9d\u00e9, aujourd\u2019hui, mardi 1er ao\u00fbt 2023, au si\u00e8ge de la F\u00e9d\u00e9ration tunisienne de football au tirage du calendri...\",\"breadcrumb\":{\"@id\":\"https:\\\/\\\/www.webdo.tn\\\/fr\\\/actualite\\\/sport\\\/calendrier-de-la-ligue-1\\\/207645\\\/#breadcrumb\"},\"inLanguage\":\"fr-FR\",\"potentialAction\":[{\"@type\":\"ReadAction\",\"target\":[\"https:\\\/\\\/www.webdo.tn\\\/fr\\\/actualite\\\/sport\\\/calendrier-de-la-ligue-1\\\/207645\\\/\"]}]},{\"@type\":\"ImageObject\",\"inLanguage\":\"fr-FR\",\"@id\":\"https:\\\/\\\/www.webdo.tn\\\/fr\\\/actualite\\\/sport\\\/calendrier-de-la-ligue-1\\\/207645\\\/#primaryimage\",\"url\":\"https:\\\/\\\/www.webdo.tn\\\/fr\\\/wp-content\\\/uploads\\\/2023\\\/08\\\/104b5964e8fb495ba3c066051d32c23e.jpg\",\"contentUrl\":\"https:\\\/\\\/www.webdo.tn\\\/fr\\\/wp-content\\\/uploads\\\/2023\\\/08\\\/104b5964e8fb495ba3c066051d32c23e.jpg\",\"width\":750,\"height\":400,\"caption\":\"Calendrier de la Ligue 1\"},{\"@type\":\"BreadcrumbList\",\"@id\":\"https:\\\/\\\/www.webdo.tn\\\/fr\\\/actualite\\\/sport\\\/calendrier-de-la-ligue-1\\\/207645\\\/#breadcrumb\",\"itemListElement\":[{\"@type\":\"ListItem\",\"position\":1,\"name\":\"Accueil\",\"item\":\"https:\\\/\\\/www.webdo.tn\\\/fr\\\/\"},{\"@type\":\"ListItem\",\"position\":2,\"name\":\"Calendrier de la Ligue 1\"}]},{\"@type\":\"WebSite\",\"@id\":\"https:\\\/\\\/www.webdo.tn\\\/fr\\\/#website\",\"url\":\"https:\\\/\\\/www.webdo.tn\\\/fr\\\/\",\"name\":\"webdo\",\"description\":\"Tunisie - News en Tunisie et \u00e0 l&#039;international sur Webdo.tn\",\"publisher\":{\"@id\":\"https:\\\/\\\/www.webdo.tn\\\/fr\\\/#organization\"},\"potentialAction\":[{\"@type\":\"SearchAction\",\"target\":{\"@type\":\"EntryPoint\",\"urlTemplate\":\"https:\\\/\\\/www.webdo.tn\\\/fr\\\/?s={search_term_string}\"},\"query-input\":{\"@type\":\"PropertyValueSpecification\",\"valueRequired\":true,\"valueName\":\"search_term_string\"}}],\"inLanguage\":\"fr-FR\"},{\"@type\":\"Organization\",\"@id\":\"https:\\\/\\\/www.webdo.tn\\\/fr\\\/#organization\",\"name\":\"Webdo\",\"alternateName\":\"Webdo.tn\",\"url\":\"https:\\\/\\\/www.webdo.tn\\\/fr\\\/\",\"logo\":{\"@type\":\"ImageObject\",\"inLanguage\":\"fr-FR\",\"@id\":\"https:\\\/\\\/www.webdo.tn\\\/fr\\\/#\\\/schema\\\/logo\\\/image\\\/\",\"url\":\"https:\\\/\\\/www.webdo.tn\\\/fr\\\/wp-content\\\/uploads\\\/2025\\\/06\\\/Webdo-Tunisie_168377.jpg\",\"contentUrl\":\"https:\\\/\\\/www.webdo.tn\\\/fr\\\/wp-content\\\/uploads\\\/2025\\\/06\\\/Webdo-Tunisie_168377.jpg\",\"width\":301,\"height\":301,\"caption\":\"Webdo\"},\"image\":{\"@id\":\"https:\\\/\\\/www.webdo.tn\\\/fr\\\/#\\\/schema\\\/logo\\\/image\\\/\"},\"sameAs\":[\"https:\\\/\\\/www.facebook.com\\\/webdotn\",\"https:\\\/\\\/x.com\\\/webdo_tn\"],\"description\":\"Webdo est un m\u00e9dia num\u00e9rique tunisien fond\u00e9 en 2010, sp\u00e9cialis\u00e9 dans l\u2019actualit\u00e9 nationale et internationale, l\u2019\u00e9conomie, la soci\u00e9t\u00e9 et les analyses politiques. Le site s\u2019adresse \u00e0 un large public francophone et couvre l\u2019information tunisienne en temps r\u00e9el.\",\"email\":\"redac@webdo.tn\",\"legalName\":\"YNJ SARL\",\"foundingDate\":\"2010-09-06\",\"numberOfEmployees\":{\"@type\":\"QuantitativeValue\",\"minValue\":\"11\",\"maxValue\":\"50\"}},{\"@type\":\"Person\",\"@id\":\"https:\\\/\\\/www.webdo.tn\\\/fr\\\/#\\\/schema\\\/person\\\/2c4929cbf5a809e3bd38617c6ce150f6\",\"name\":\"MC\",\"image\":{\"@type\":\"ImageObject\",\"inLanguage\":\"fr-FR\",\"@id\":\"https:\\\/\\\/secure.gravatar.com\\\/avatar\\\/a545bbb6f84efdd5553dbbc2895e3ca8f1d12c5215e00a041c9670b54aa9b18a?s=96&d=mm&r=g\",\"url\":\"https:\\\/\\\/secure.gravatar.com\\\/avatar\\\/a545bbb6f84efdd5553dbbc2895e3ca8f1d12c5215e00a041c9670b54aa9b18a?s=96&d=mm&r=g\",\"contentUrl\":\"https:\\\/\\\/secure.gravatar.com\\\/avatar\\\/a545bbb6f84efdd5553dbbc2895e3ca8f1d12c5215e00a041c9670b54aa9b18a?s=96&d=mm&r=g\",\"caption\":\"MC\"},\"url\":\"https:\\\/\\\/www.webdo.tn\\\/fr\\\/actualite\\\/author\\\/mc\\\/\"}]}<\/script>\n<!-- \/ Yoast SEO Premium plugin. -->","yoast_head_json":{"title":"Calendrier de la Ligue 1","description":"La Ligue nationale de football professionnel a proc\u00e9d\u00e9, aujourd\u2019hui, mardi 1er ao\u00fbt 2023, au si\u00e8ge de la F\u00e9d\u00e9ration tunisienne de football au tirage du calendri...","canonical":"https:\/\/www.webdo.tn\/fr\/actualite\/sport\/calendrier-de-la-ligue-1\/207645\/","og_locale":"fr_FR","og_type":"article","og_title":"Calendrier de la Ligue 1","og_description":"La Ligue nationale de football professionnel a proc\u00e9d\u00e9, aujourd\u2019hui, mardi 1er ao\u00fbt 2023, au si\u00e8ge de la F\u00e9d\u00e9ration tunisienne de football au tirage du calendri...","og_url":"https:\/\/www.webdo.tn\/fr\/actualite\/sport\/calendrier-de-la-ligue-1\/207645\/","og_site_name":"webdo","article_publisher":"https:\/\/www.facebook.com\/webdotn","article_published_time":"2023-08-01T13:48:00+00:00","article_modified_time":"2025-05-20T21:58:05+00:00","og_image":[{"width":750,"height":400,"url":"https:\/\/www.webdo.tn\/fr\/wp-content\/uploads\/2023\/08\/104b5964e8fb495ba3c066051d32c23e.jpg","type":"image\/jpeg"}],"author":"MC","twitter_card":"summary_large_image","twitter_creator":"@webdo_tn","twitter_site":"@webdo_tn","twitter_misc":{"\u00c9crit par":"MC","Dur\u00e9e de lecture estim\u00e9e":"2 minutes"},"schema":{"@context":"https:\/\/schema.org","@graph":[{"@type":"NewsArticle","@id":"https:\/\/www.webdo.tn\/fr\/actualite\/sport\/calendrier-de-la-ligue-1\/207645\/#article","isPartOf":{"@id":"https:\/\/www.webdo.tn\/fr\/actualite\/sport\/calendrier-de-la-ligue-1\/207645\/"},"author":{"name":"MC","@id":"https:\/\/www.webdo.tn\/fr\/#\/schema\/person\/2c4929cbf5a809e3bd38617c6ce150f6"},"headline":"Calendrier de la Ligue 1","datePublished":"2023-08-01T13:48:00+00:00","dateModified":"2025-05-20T21:58:05+00:00","mainEntityOfPage":{"@id":"https:\/\/www.webdo.tn\/fr\/actualite\/sport\/calendrier-de-la-ligue-1\/207645\/"},"wordCount":402,"commentCount":0,"publisher":{"@id":"https:\/\/www.webdo.tn\/fr\/#organization"},"image":{"@id":"https:\/\/www.webdo.tn\/fr\/actualite\/sport\/calendrier-de-la-ligue-1\/207645\/#primaryimage"},"thumbnailUrl":"https:\/\/www.webdo.tn\/fr\/wp-content\/uploads\/2023\/08\/104b5964e8fb495ba3c066051d32c23e.jpg","keywords":["calendrier","Ligue 1"],"articleSection":["Sport"],"inLanguage":"fr-FR"},{"@type":"WebPage","@id":"https:\/\/www.webdo.tn\/fr\/actualite\/sport\/calendrier-de-la-ligue-1\/207645\/","url":"https:\/\/www.webdo.tn\/fr\/actualite\/sport\/calendrier-de-la-ligue-1\/207645\/","name":"Calendrier de la Ligue 1","isPartOf":{"@id":"https:\/\/www.webdo.tn\/fr\/#website"},"primaryImageOfPage":{"@id":"https:\/\/www.webdo.tn\/fr\/actualite\/sport\/calendrier-de-la-ligue-1\/207645\/#primaryimage"},"image":{"@id":"https:\/\/www.webdo.tn\/fr\/actualite\/sport\/calendrier-de-la-ligue-1\/207645\/#primaryimage"},"thumbnailUrl":"https:\/\/www.webdo.tn\/fr\/wp-content\/uploads\/2023\/08\/104b5964e8fb495ba3c066051d32c23e.jpg","datePublished":"2023-08-01T13:48:00+00:00","dateModified":"2025-05-20T21:58:05+00:00","description":"La Ligue nationale de football professionnel a proc\u00e9d\u00e9, aujourd\u2019hui, mardi 1er ao\u00fbt 2023, au si\u00e8ge de la F\u00e9d\u00e9ration tunisienne de football au tirage du calendri...","breadcrumb":{"@id":"https:\/\/www.webdo.tn\/fr\/actualite\/sport\/calendrier-de-la-ligue-1\/207645\/#breadcrumb"},"inLanguage":"fr-FR","potentialAction":[{"@type":"ReadAction","target":["https:\/\/www.webdo.tn\/fr\/actualite\/sport\/calendrier-de-la-ligue-1\/207645\/"]}]},{"@type":"ImageObject","inLanguage":"fr-FR","@id":"https:\/\/www.webdo.tn\/fr\/actualite\/sport\/calendrier-de-la-ligue-1\/207645\/#primaryimage","url":"https:\/\/www.webdo.tn\/fr\/wp-content\/uploads\/2023\/08\/104b5964e8fb495ba3c066051d32c23e.jpg","contentUrl":"https:\/\/www.webdo.tn\/fr\/wp-content\/uploads\/2023\/08\/104b5964e8fb495ba3c066051d32c23e.jpg","width":750,"height":400,"caption":"Calendrier de la Ligue 1"},{"@type":"BreadcrumbList","@id":"https:\/\/www.webdo.tn\/fr\/actualite\/sport\/calendrier-de-la-ligue-1\/207645\/#breadcrumb","itemListElement":[{"@type":"ListItem","position":1,"name":"Accueil","item":"https:\/\/www.webdo.tn\/fr\/"},{"@type":"ListItem","position":2,"name":"Calendrier de la Ligue 1"}]},{"@type":"WebSite","@id":"https:\/\/www.webdo.tn\/fr\/#website","url":"https:\/\/www.webdo.tn\/fr\/","name":"webdo","description":"Tunisie - News en Tunisie et \u00e0 l&#039;international sur Webdo.tn","publisher":{"@id":"https:\/\/www.webdo.tn\/fr\/#organization"},"potentialAction":[{"@type":"SearchAction","target":{"@type":"EntryPoint","urlTemplate":"https:\/\/www.webdo.tn\/fr\/?s={search_term_string}"},"query-input":{"@type":"PropertyValueSpecification","valueRequired":true,"valueName":"search_term_string"}}],"inLanguage":"fr-FR"},{"@type":"Organization","@id":"https:\/\/www.webdo.tn\/fr\/#organization","name":"Webdo","alternateName":"Webdo.tn","url":"https:\/\/www.webdo.tn\/fr\/","logo":{"@type":"ImageObject","inLanguage":"fr-FR","@id":"https:\/\/www.webdo.tn\/fr\/#\/schema\/logo\/image\/","url":"https:\/\/www.webdo.tn\/fr\/wp-content\/uploads\/2025\/06\/Webdo-Tunisie_168377.jpg","contentUrl":"https:\/\/www.webdo.tn\/fr\/wp-content\/uploads\/2025\/06\/Webdo-Tunisie_168377.jpg","width":301,"height":301,"caption":"Webdo"},"image":{"@id":"https:\/\/www.webdo.tn\/fr\/#\/schema\/logo\/image\/"},"sameAs":["https:\/\/www.facebook.com\/webdotn","https:\/\/x.com\/webdo_tn"],"description":"Webdo est un m\u00e9dia num\u00e9rique tunisien fond\u00e9 en 2010, sp\u00e9cialis\u00e9 dans l\u2019actualit\u00e9 nationale et internationale, l\u2019\u00e9conomie, la soci\u00e9t\u00e9 et les analyses politiques. Le site s\u2019adresse \u00e0 un large public francophone et couvre l\u2019information tunisienne en temps r\u00e9el.","email":"redac@webdo.tn","legalName":"YNJ SARL","foundingDate":"2010-09-06","numberOfEmployees":{"@type":"QuantitativeValue","minValue":"11","maxValue":"50"}},{"@type":"Person","@id":"https:\/\/www.webdo.tn\/fr\/#\/schema\/person\/2c4929cbf5a809e3bd38617c6ce150f6","name":"MC","image":{"@type":"ImageObject","inLanguage":"fr-FR","@id":"https:\/\/secure.gravatar.com\/avatar\/a545bbb6f84efdd5553dbbc2895e3ca8f1d12c5215e00a041c9670b54aa9b18a?s=96&d=mm&r=g","url":"https:\/\/secure.gravatar.com\/avatar\/a545bbb6f84efdd5553dbbc2895e3ca8f1d12c5215e00a041c9670b54aa9b18a?s=96&d=mm&r=g","contentUrl":"https:\/\/secure.gravatar.com\/avatar\/a545bbb6f84efdd5553dbbc2895e3ca8f1d12c5215e00a041c9670b54aa9b18a?s=96&d=mm&r=g","caption":"MC"},"url":"https:\/\/www.webdo.tn\/fr\/actualite\/author\/mc\/"}]}},"_links":{"self":[{"href":"https:\/\/www.webdo.tn\/fr\/wp-json\/wp\/v2\/posts\/207645","targetHints":{"allow":["GET"]}}],"collection":[{"href":"https:\/\/www.webdo.tn\/fr\/wp-json\/wp\/v2\/posts"}],"about":[{"href":"https:\/\/www.webdo.tn\/fr\/wp-json\/wp\/v2\/types\/post"}],"author":[{"embeddable":true,"href":"https:\/\/www.webdo.tn\/fr\/wp-json\/wp\/v2\/users\/3162"}],"replies":[{"embeddable":true,"href":"https:\/\/www.webdo.tn\/fr\/wp-json\/wp\/v2\/comments?post=207645"}],"version-history":[{"count":0,"href":"https:\/\/www.webdo.tn\/fr\/wp-json\/wp\/v2\/posts\/207645\/revisions"}],"wp:featuredmedia":[{"embeddable":true,"href":"https:\/\/www.webdo.tn\/fr\/wp-json\/wp\/v2\/media\/249651"}],"wp:attachment":[{"href":"https:\/\/www.webdo.tn\/fr\/wp-json\/wp\/v2\/media?parent=207645"}],"wp:term":[{"taxonomy":"category","embeddable":true,"href":"https:\/\/www.webdo.tn\/fr\/wp-json\/wp\/v2\/categories?post=207645"},{"taxonomy":"post_tag","embeddable":true,"href":"https:\/\/www.webdo.tn\/fr\/wp-json\/wp\/v2\/tags?post=207645"}],"curies":[{"name":"wp","href":"https:\/\/api.w.org\/{rel}","templated":true}]}}