{"id":207644,"date":"2023-08-01T13:10:00","date_gmt":"2023-08-01T13:10:00","guid":{"rendered":"https:\/\/www.webdo.tn\/fr\/blog\/kamel-deguiche-le-ministre-du-temps-additionnel\/207644\/"},"modified":"2025-05-20T22:57:55","modified_gmt":"2025-05-20T22:57:55","slug":"kamel-deguiche-le-ministre-du-temps-additionnel","status":"publish","type":"post","link":"https:\/\/www.webdo.tn\/fr\/actualite\/sport\/kamel-deguiche-le-ministre-du-temps-additionnel\/207644\/","title":{"rendered":"Kamel Deguiche, le ministre du temps additionnel !"},"content":{"rendered":"<p>Ce f\u00e2cheux r\u00e9flexe est propre \u00e0 tous les responsables du sport national : \u00eatre aux premi\u00e8res loges \u00e0 chaque fois o\u00f9 un champion tunisien se distingue sur la sc\u00e8ne internationale.<\/p>\n<p>\t\t\t\t\t\t\t\t\tNotre propos n\u2019est pas dirig\u00e9 contre l\u2019actuel ministre des Sports, Kamel Deguiche, ou encore contre le pr\u00e9sident du CNOT, Mehrez Boussayene. Ce dernier, en sa qualit\u00e9 de \u00ab parton \u00bb des disciplines olympiques, s\u2019approprie pratiquement tous les exploits que r\u00e9alisent nos sportifs. Et il n\u2019est jamais rassasi\u00e9.<\/p>\n<p>Que des responsables du sport soient pr\u00e9sents \u00e0 l\u2019accueil de notre champion du monde et olympique, Ahmed Hafnaoui, \u00e0 l\u2019a\u00e9roport, c\u2019est ce qu\u2019il y a de plus naturel en dehors du cadre protocolaire qu\u2019exige l\u2019\u00e9v\u00e9nement.<\/p>\n<p>Sans doute, le ministre des Sports a-t-il \u00e9t\u00e9 d\u00e9p\u00each\u00e9 par le Pr\u00e9sident de la R\u00e9publique en attendant que Hafnaoui, double m\u00e9daill\u00e9 d\u2019or au Japon, ne soit re\u00e7u au Palais de Carthage et d\u00e9cor\u00e9 des insignes qui pr\u00eatent avec son statut de champion mondial.<\/p>\n<p>Ce qui nous d\u00e9sole, pour ne pas dire ce qui nous intrigue, ce sont plut\u00f4t les discours que prononcent les responsables aux m\u00e9dias \u00e0 l\u2019accueil de nos champions.<\/p>\n<p>\u00ab Ce qu\u2019a r\u00e9alis\u00e9 Ayoub Hafnaoui est le fruit d\u2019une politique sportive r\u00e9ussie \u00bb. La politique suivie au niveau des sports d\u2019\u00e9lite est r\u00e9ussie en tout point de vue, contrairement \u00e0 ce que laissent fomenter les mauvaises langues \u00bb, a d\u00e9clar\u00e9, ce matin, Kamel Deguiche aux journalistes, au hall de l\u2019a\u00e9roport.<\/p>\n<p>Pourquoi ce discours empreint de malveillance m\u00eame si, on en convient, il est adress\u00e9 \u00e0 ses d\u00e9tracteurs ? En cette heureuse occasion, Kamel Deguiche n\u2019aurait-il pas d\u00fb prononcer un discours rassembleur qui tend \u00e0 unifier la communaut\u00e9 sportive, d\u00e9chir\u00e9e \u00e0 ce jour par des clivages et des egos qui n\u2019ont pas lieu d\u2019\u00eatre.<\/p>\n<p>Et puis, de quelle politique sportive, parle Monsieur le ministre ? Y a-t-il vraiment une politique sportive en Tunisie ? J\u2019aimerais bien que les responsables \u00e9clairent ma lanterne, ignorant que je suis.<\/p>\n<p>Regardez un peu ce qu\u2019est en train de r\u00e9aliser le Maroc sur le plan de l\u2019infrastructure, de la formation, du lobbying, du marketing, pour ne citer que ces aspects du sport, pour nous rendre compte que le foss\u00e9 s\u2019est davantage creus\u00e9 avec des pays qui nous citaient, il n\u2019y a pas longtemps, en exemple, en mati\u00e8re de r\u00e9ussite sportive.<\/p>\n<p>Mon conseil \u00e0 nos responsables sportifs : laissez nos sportifs s\u2019illustrer en paix et n\u2019essayez pas de r\u00e9cup\u00e9rer des performances auxquelles vous n\u2019y avez particip\u00e9 ni de pr\u00e8s ni de loin.<\/p>\n<p>Hafnaoui, Jabeur, Jendoubi et les autres champions du m\u00eame statut ne doivent leurs performances qu\u2019\u00e0 leur talent, efforts et abn\u00e9gation. S\u2019il y a des gens \u00e0 remercier, ce sont leurs staffs techniques et leurs parents. Et les sponsors qui ont cru en eux.<\/p>\n<p>A bon entendeur !<\/p>\n","protected":false},"excerpt":{"rendered":"<p>Ce f\u00e2cheux r\u00e9flexe est propre \u00e0 tous les responsables du sport national : \u00eatre aux premi\u00e8res loges \u00e0 chaque fois o\u00f9 un champion tunisien se distingue sur la sc\u00e8&#8230;<\/p>\n","protected":false},"author":3188,"featured_media":249653,"comment_status":"open","ping_status":"closed","sticky":false,"template":"","format":"standard","meta":{"footnotes":""},"categories":[2593],"tags":[6990,7203,5757,4416],"class_list":["post-207644","post","type-post","status-publish","format-standard","has-post-thumbnail","hentry","category-sport","tag-ahmed-ayoub-hafnaoui","tag-kamel-deguiche","tag-recuperation","tag-sport"],"yoast_head":"<!-- This site is optimized with the Yoast SEO Premium plugin v27.5 (Yoast SEO v27.5) - https:\/\/yoast.com\/product\/yoast-seo-premium-wordpress\/ -->\n<title>Kamel Deguiche, le ministre du temps additionnel !<\/title>\n<meta name=\"description\" content=\"Ce f\u00e2cheux r\u00e9flexe est propre \u00e0 tous les responsables du sport national : \u00eatre aux premi\u00e8res loges \u00e0 chaque fois o\u00f9 un champion tunisien se distingue sur la sc\u00e8...\" \/>\n<link rel=\"canonical\" href=\"https:\/\/www.webdo.tn\/fr\/actualite\/sport\/kamel-deguiche-le-ministre-du-temps-additionnel\/207644\/\" \/>\n<meta property=\"og:locale\" content=\"fr_FR\" \/>\n<meta property=\"og:type\" content=\"article\" \/>\n<meta property=\"og:title\" content=\"Kamel Deguiche, le ministre du temps additionnel !\" \/>\n<meta property=\"og:description\" content=\"Ce f\u00e2cheux r\u00e9flexe est propre \u00e0 tous les responsables du sport national : \u00eatre aux premi\u00e8res loges \u00e0 chaque fois o\u00f9 un champion tunisien se distingue sur la sc\u00e8...\" \/>\n<meta property=\"og:url\" content=\"https:\/\/www.webdo.tn\/fr\/actualite\/sport\/kamel-deguiche-le-ministre-du-temps-additionnel\/207644\/\" \/>\n<meta property=\"og:site_name\" content=\"webdo\" \/>\n<meta property=\"article:publisher\" content=\"https:\/\/www.facebook.com\/webdotn\" \/>\n<meta property=\"article:published_time\" content=\"2023-08-01T13:10:00+00:00\" \/>\n<meta property=\"article:modified_time\" content=\"2025-05-20T22:57:55+00:00\" \/>\n<meta property=\"og:image\" content=\"https:\/\/www.webdo.tn\/fr\/wp-content\/uploads\/2023\/08\/1ec0db52bef4cc95ef3037b5fa285973.jpg\" \/>\n\t<meta property=\"og:image:width\" content=\"750\" \/>\n\t<meta property=\"og:image:height\" content=\"400\" \/>\n\t<meta property=\"og:image:type\" content=\"image\/jpeg\" \/>\n<meta name=\"author\" content=\"Ramzi\" \/>\n<meta name=\"twitter:card\" content=\"summary_large_image\" \/>\n<meta name=\"twitter:creator\" content=\"@webdo_tn\" \/>\n<meta name=\"twitter:site\" content=\"@webdo_tn\" \/>\n<meta name=\"twitter:label1\" content=\"\u00c9crit par\" \/>\n\t<meta name=\"twitter:data1\" content=\"Ramzi\" \/>\n\t<meta name=\"twitter:label2\" content=\"Dur\u00e9e de lecture estim\u00e9e\" \/>\n\t<meta name=\"twitter:data2\" content=\"2 minutes\" \/>\n<script type=\"application\/ld+json\" class=\"yoast-schema-graph\">{\"@context\":\"https:\\\/\\\/schema.org\",\"@graph\":[{\"@type\":\"NewsArticle\",\"@id\":\"https:\\\/\\\/www.webdo.tn\\\/fr\\\/actualite\\\/sport\\\/kamel-deguiche-le-ministre-du-temps-additionnel\\\/207644\\\/#article\",\"isPartOf\":{\"@id\":\"https:\\\/\\\/www.webdo.tn\\\/fr\\\/actualite\\\/sport\\\/kamel-deguiche-le-ministre-du-temps-additionnel\\\/207644\\\/\"},\"author\":{\"name\":\"Ramzi\",\"@id\":\"https:\\\/\\\/www.webdo.tn\\\/fr\\\/#\\\/schema\\\/person\\\/590cb5f81adcfde6385530fdbdf468e2\"},\"headline\":\"Kamel Deguiche, le ministre du temps additionnel !\",\"datePublished\":\"2023-08-01T13:10:00+00:00\",\"dateModified\":\"2025-05-20T22:57:55+00:00\",\"mainEntityOfPage\":{\"@id\":\"https:\\\/\\\/www.webdo.tn\\\/fr\\\/actualite\\\/sport\\\/kamel-deguiche-le-ministre-du-temps-additionnel\\\/207644\\\/\"},\"wordCount\":506,\"commentCount\":0,\"publisher\":{\"@id\":\"https:\\\/\\\/www.webdo.tn\\\/fr\\\/#organization\"},\"image\":{\"@id\":\"https:\\\/\\\/www.webdo.tn\\\/fr\\\/actualite\\\/sport\\\/kamel-deguiche-le-ministre-du-temps-additionnel\\\/207644\\\/#primaryimage\"},\"thumbnailUrl\":\"https:\\\/\\\/www.webdo.tn\\\/fr\\\/wp-content\\\/uploads\\\/2023\\\/08\\\/1ec0db52bef4cc95ef3037b5fa285973.jpg\",\"keywords\":[\"ahmed ayoub hafnaoui\",\"Kamel Deguiche\",\"r\u00e9cup\u00e9ration\",\"Sport\"],\"articleSection\":[\"Sport\"],\"inLanguage\":\"fr-FR\"},{\"@type\":\"WebPage\",\"@id\":\"https:\\\/\\\/www.webdo.tn\\\/fr\\\/actualite\\\/sport\\\/kamel-deguiche-le-ministre-du-temps-additionnel\\\/207644\\\/\",\"url\":\"https:\\\/\\\/www.webdo.tn\\\/fr\\\/actualite\\\/sport\\\/kamel-deguiche-le-ministre-du-temps-additionnel\\\/207644\\\/\",\"name\":\"Kamel Deguiche, le ministre du temps additionnel !\",\"isPartOf\":{\"@id\":\"https:\\\/\\\/www.webdo.tn\\\/fr\\\/#website\"},\"primaryImageOfPage\":{\"@id\":\"https:\\\/\\\/www.webdo.tn\\\/fr\\\/actualite\\\/sport\\\/kamel-deguiche-le-ministre-du-temps-additionnel\\\/207644\\\/#primaryimage\"},\"image\":{\"@id\":\"https:\\\/\\\/www.webdo.tn\\\/fr\\\/actualite\\\/sport\\\/kamel-deguiche-le-ministre-du-temps-additionnel\\\/207644\\\/#primaryimage\"},\"thumbnailUrl\":\"https:\\\/\\\/www.webdo.tn\\\/fr\\\/wp-content\\\/uploads\\\/2023\\\/08\\\/1ec0db52bef4cc95ef3037b5fa285973.jpg\",\"datePublished\":\"2023-08-01T13:10:00+00:00\",\"dateModified\":\"2025-05-20T22:57:55+00:00\",\"description\":\"Ce f\u00e2cheux r\u00e9flexe est propre \u00e0 tous les responsables du sport national : \u00eatre aux premi\u00e8res loges \u00e0 chaque fois o\u00f9 un champion tunisien se distingue sur la sc\u00e8...\",\"breadcrumb\":{\"@id\":\"https:\\\/\\\/www.webdo.tn\\\/fr\\\/actualite\\\/sport\\\/kamel-deguiche-le-ministre-du-temps-additionnel\\\/207644\\\/#breadcrumb\"},\"inLanguage\":\"fr-FR\",\"potentialAction\":[{\"@type\":\"ReadAction\",\"target\":[\"https:\\\/\\\/www.webdo.tn\\\/fr\\\/actualite\\\/sport\\\/kamel-deguiche-le-ministre-du-temps-additionnel\\\/207644\\\/\"]}]},{\"@type\":\"ImageObject\",\"inLanguage\":\"fr-FR\",\"@id\":\"https:\\\/\\\/www.webdo.tn\\\/fr\\\/actualite\\\/sport\\\/kamel-deguiche-le-ministre-du-temps-additionnel\\\/207644\\\/#primaryimage\",\"url\":\"https:\\\/\\\/www.webdo.tn\\\/fr\\\/wp-content\\\/uploads\\\/2023\\\/08\\\/1ec0db52bef4cc95ef3037b5fa285973.jpg\",\"contentUrl\":\"https:\\\/\\\/www.webdo.tn\\\/fr\\\/wp-content\\\/uploads\\\/2023\\\/08\\\/1ec0db52bef4cc95ef3037b5fa285973.jpg\",\"width\":750,\"height\":400,\"caption\":\"Kamel Deguiche, le ministre du temps additionnel !\"},{\"@type\":\"BreadcrumbList\",\"@id\":\"https:\\\/\\\/www.webdo.tn\\\/fr\\\/actualite\\\/sport\\\/kamel-deguiche-le-ministre-du-temps-additionnel\\\/207644\\\/#breadcrumb\",\"itemListElement\":[{\"@type\":\"ListItem\",\"position\":1,\"name\":\"Accueil\",\"item\":\"https:\\\/\\\/www.webdo.tn\\\/fr\\\/\"},{\"@type\":\"ListItem\",\"position\":2,\"name\":\"Kamel Deguiche, le ministre du temps additionnel !\"}]},{\"@type\":\"WebSite\",\"@id\":\"https:\\\/\\\/www.webdo.tn\\\/fr\\\/#website\",\"url\":\"https:\\\/\\\/www.webdo.tn\\\/fr\\\/\",\"name\":\"webdo\",\"description\":\"Tunisie - News en Tunisie et \u00e0 l&#039;international sur Webdo.tn\",\"publisher\":{\"@id\":\"https:\\\/\\\/www.webdo.tn\\\/fr\\\/#organization\"},\"potentialAction\":[{\"@type\":\"SearchAction\",\"target\":{\"@type\":\"EntryPoint\",\"urlTemplate\":\"https:\\\/\\\/www.webdo.tn\\\/fr\\\/?s={search_term_string}\"},\"query-input\":{\"@type\":\"PropertyValueSpecification\",\"valueRequired\":true,\"valueName\":\"search_term_string\"}}],\"inLanguage\":\"fr-FR\"},{\"@type\":\"Organization\",\"@id\":\"https:\\\/\\\/www.webdo.tn\\\/fr\\\/#organization\",\"name\":\"Webdo\",\"alternateName\":\"Webdo.tn\",\"url\":\"https:\\\/\\\/www.webdo.tn\\\/fr\\\/\",\"logo\":{\"@type\":\"ImageObject\",\"inLanguage\":\"fr-FR\",\"@id\":\"https:\\\/\\\/www.webdo.tn\\\/fr\\\/#\\\/schema\\\/logo\\\/image\\\/\",\"url\":\"https:\\\/\\\/www.webdo.tn\\\/fr\\\/wp-content\\\/uploads\\\/2025\\\/06\\\/Webdo-Tunisie_168377.jpg\",\"contentUrl\":\"https:\\\/\\\/www.webdo.tn\\\/fr\\\/wp-content\\\/uploads\\\/2025\\\/06\\\/Webdo-Tunisie_168377.jpg\",\"width\":301,\"height\":301,\"caption\":\"Webdo\"},\"image\":{\"@id\":\"https:\\\/\\\/www.webdo.tn\\\/fr\\\/#\\\/schema\\\/logo\\\/image\\\/\"},\"sameAs\":[\"https:\\\/\\\/www.facebook.com\\\/webdotn\",\"https:\\\/\\\/x.com\\\/webdo_tn\"],\"description\":\"Webdo est un m\u00e9dia num\u00e9rique tunisien fond\u00e9 en 2010, sp\u00e9cialis\u00e9 dans l\u2019actualit\u00e9 nationale et internationale, l\u2019\u00e9conomie, la soci\u00e9t\u00e9 et les analyses politiques. Le site s\u2019adresse \u00e0 un large public francophone et couvre l\u2019information tunisienne en temps r\u00e9el.\",\"email\":\"redac@webdo.tn\",\"legalName\":\"YNJ SARL\",\"foundingDate\":\"2010-09-06\",\"numberOfEmployees\":{\"@type\":\"QuantitativeValue\",\"minValue\":\"11\",\"maxValue\":\"50\"}},{\"@type\":\"Person\",\"@id\":\"https:\\\/\\\/www.webdo.tn\\\/fr\\\/#\\\/schema\\\/person\\\/590cb5f81adcfde6385530fdbdf468e2\",\"name\":\"Ramzi\",\"image\":{\"@type\":\"ImageObject\",\"inLanguage\":\"fr-FR\",\"@id\":\"https:\\\/\\\/secure.gravatar.com\\\/avatar\\\/48df7d18915e10cf866ba8e27604c81ff9243fd52704a1d210c3e387e1cb8d87?s=96&d=mm&r=g\",\"url\":\"https:\\\/\\\/secure.gravatar.com\\\/avatar\\\/48df7d18915e10cf866ba8e27604c81ff9243fd52704a1d210c3e387e1cb8d87?s=96&d=mm&r=g\",\"contentUrl\":\"https:\\\/\\\/secure.gravatar.com\\\/avatar\\\/48df7d18915e10cf866ba8e27604c81ff9243fd52704a1d210c3e387e1cb8d87?s=96&d=mm&r=g\",\"caption\":\"Ramzi\"},\"url\":\"https:\\\/\\\/www.webdo.tn\\\/fr\\\/actualite\\\/author\\\/ramzi\\\/\"}]}<\/script>\n<!-- \/ Yoast SEO Premium plugin. -->","yoast_head_json":{"title":"Kamel Deguiche, le ministre du temps additionnel !","description":"Ce f\u00e2cheux r\u00e9flexe est propre \u00e0 tous les responsables du sport national : \u00eatre aux premi\u00e8res loges \u00e0 chaque fois o\u00f9 un champion tunisien se distingue sur la sc\u00e8...","canonical":"https:\/\/www.webdo.tn\/fr\/actualite\/sport\/kamel-deguiche-le-ministre-du-temps-additionnel\/207644\/","og_locale":"fr_FR","og_type":"article","og_title":"Kamel Deguiche, le ministre du temps additionnel !","og_description":"Ce f\u00e2cheux r\u00e9flexe est propre \u00e0 tous les responsables du sport national : \u00eatre aux premi\u00e8res loges \u00e0 chaque fois o\u00f9 un champion tunisien se distingue sur la sc\u00e8...","og_url":"https:\/\/www.webdo.tn\/fr\/actualite\/sport\/kamel-deguiche-le-ministre-du-temps-additionnel\/207644\/","og_site_name":"webdo","article_publisher":"https:\/\/www.facebook.com\/webdotn","article_published_time":"2023-08-01T13:10:00+00:00","article_modified_time":"2025-05-20T22:57:55+00:00","og_image":[{"width":750,"height":400,"url":"https:\/\/www.webdo.tn\/fr\/wp-content\/uploads\/2023\/08\/1ec0db52bef4cc95ef3037b5fa285973.jpg","type":"image\/jpeg"}],"author":"Ramzi","twitter_card":"summary_large_image","twitter_creator":"@webdo_tn","twitter_site":"@webdo_tn","twitter_misc":{"\u00c9crit par":"Ramzi","Dur\u00e9e de lecture estim\u00e9e":"2 minutes"},"schema":{"@context":"https:\/\/schema.org","@graph":[{"@type":"NewsArticle","@id":"https:\/\/www.webdo.tn\/fr\/actualite\/sport\/kamel-deguiche-le-ministre-du-temps-additionnel\/207644\/#article","isPartOf":{"@id":"https:\/\/www.webdo.tn\/fr\/actualite\/sport\/kamel-deguiche-le-ministre-du-temps-additionnel\/207644\/"},"author":{"name":"Ramzi","@id":"https:\/\/www.webdo.tn\/fr\/#\/schema\/person\/590cb5f81adcfde6385530fdbdf468e2"},"headline":"Kamel Deguiche, le ministre du temps additionnel !","datePublished":"2023-08-01T13:10:00+00:00","dateModified":"2025-05-20T22:57:55+00:00","mainEntityOfPage":{"@id":"https:\/\/www.webdo.tn\/fr\/actualite\/sport\/kamel-deguiche-le-ministre-du-temps-additionnel\/207644\/"},"wordCount":506,"commentCount":0,"publisher":{"@id":"https:\/\/www.webdo.tn\/fr\/#organization"},"image":{"@id":"https:\/\/www.webdo.tn\/fr\/actualite\/sport\/kamel-deguiche-le-ministre-du-temps-additionnel\/207644\/#primaryimage"},"thumbnailUrl":"https:\/\/www.webdo.tn\/fr\/wp-content\/uploads\/2023\/08\/1ec0db52bef4cc95ef3037b5fa285973.jpg","keywords":["ahmed ayoub hafnaoui","Kamel Deguiche","r\u00e9cup\u00e9ration","Sport"],"articleSection":["Sport"],"inLanguage":"fr-FR"},{"@type":"WebPage","@id":"https:\/\/www.webdo.tn\/fr\/actualite\/sport\/kamel-deguiche-le-ministre-du-temps-additionnel\/207644\/","url":"https:\/\/www.webdo.tn\/fr\/actualite\/sport\/kamel-deguiche-le-ministre-du-temps-additionnel\/207644\/","name":"Kamel Deguiche, le ministre du temps additionnel !","isPartOf":{"@id":"https:\/\/www.webdo.tn\/fr\/#website"},"primaryImageOfPage":{"@id":"https:\/\/www.webdo.tn\/fr\/actualite\/sport\/kamel-deguiche-le-ministre-du-temps-additionnel\/207644\/#primaryimage"},"image":{"@id":"https:\/\/www.webdo.tn\/fr\/actualite\/sport\/kamel-deguiche-le-ministre-du-temps-additionnel\/207644\/#primaryimage"},"thumbnailUrl":"https:\/\/www.webdo.tn\/fr\/wp-content\/uploads\/2023\/08\/1ec0db52bef4cc95ef3037b5fa285973.jpg","datePublished":"2023-08-01T13:10:00+00:00","dateModified":"2025-05-20T22:57:55+00:00","description":"Ce f\u00e2cheux r\u00e9flexe est propre \u00e0 tous les responsables du sport national : \u00eatre aux premi\u00e8res loges \u00e0 chaque fois o\u00f9 un champion tunisien se distingue sur la sc\u00e8...","breadcrumb":{"@id":"https:\/\/www.webdo.tn\/fr\/actualite\/sport\/kamel-deguiche-le-ministre-du-temps-additionnel\/207644\/#breadcrumb"},"inLanguage":"fr-FR","potentialAction":[{"@type":"ReadAction","target":["https:\/\/www.webdo.tn\/fr\/actualite\/sport\/kamel-deguiche-le-ministre-du-temps-additionnel\/207644\/"]}]},{"@type":"ImageObject","inLanguage":"fr-FR","@id":"https:\/\/www.webdo.tn\/fr\/actualite\/sport\/kamel-deguiche-le-ministre-du-temps-additionnel\/207644\/#primaryimage","url":"https:\/\/www.webdo.tn\/fr\/wp-content\/uploads\/2023\/08\/1ec0db52bef4cc95ef3037b5fa285973.jpg","contentUrl":"https:\/\/www.webdo.tn\/fr\/wp-content\/uploads\/2023\/08\/1ec0db52bef4cc95ef3037b5fa285973.jpg","width":750,"height":400,"caption":"Kamel Deguiche, le ministre du temps additionnel !"},{"@type":"BreadcrumbList","@id":"https:\/\/www.webdo.tn\/fr\/actualite\/sport\/kamel-deguiche-le-ministre-du-temps-additionnel\/207644\/#breadcrumb","itemListElement":[{"@type":"ListItem","position":1,"name":"Accueil","item":"https:\/\/www.webdo.tn\/fr\/"},{"@type":"ListItem","position":2,"name":"Kamel Deguiche, le ministre du temps additionnel !"}]},{"@type":"WebSite","@id":"https:\/\/www.webdo.tn\/fr\/#website","url":"https:\/\/www.webdo.tn\/fr\/","name":"webdo","description":"Tunisie - News en Tunisie et \u00e0 l&#039;international sur Webdo.tn","publisher":{"@id":"https:\/\/www.webdo.tn\/fr\/#organization"},"potentialAction":[{"@type":"SearchAction","target":{"@type":"EntryPoint","urlTemplate":"https:\/\/www.webdo.tn\/fr\/?s={search_term_string}"},"query-input":{"@type":"PropertyValueSpecification","valueRequired":true,"valueName":"search_term_string"}}],"inLanguage":"fr-FR"},{"@type":"Organization","@id":"https:\/\/www.webdo.tn\/fr\/#organization","name":"Webdo","alternateName":"Webdo.tn","url":"https:\/\/www.webdo.tn\/fr\/","logo":{"@type":"ImageObject","inLanguage":"fr-FR","@id":"https:\/\/www.webdo.tn\/fr\/#\/schema\/logo\/image\/","url":"https:\/\/www.webdo.tn\/fr\/wp-content\/uploads\/2025\/06\/Webdo-Tunisie_168377.jpg","contentUrl":"https:\/\/www.webdo.tn\/fr\/wp-content\/uploads\/2025\/06\/Webdo-Tunisie_168377.jpg","width":301,"height":301,"caption":"Webdo"},"image":{"@id":"https:\/\/www.webdo.tn\/fr\/#\/schema\/logo\/image\/"},"sameAs":["https:\/\/www.facebook.com\/webdotn","https:\/\/x.com\/webdo_tn"],"description":"Webdo est un m\u00e9dia num\u00e9rique tunisien fond\u00e9 en 2010, sp\u00e9cialis\u00e9 dans l\u2019actualit\u00e9 nationale et internationale, l\u2019\u00e9conomie, la soci\u00e9t\u00e9 et les analyses politiques. Le site s\u2019adresse \u00e0 un large public francophone et couvre l\u2019information tunisienne en temps r\u00e9el.","email":"redac@webdo.tn","legalName":"YNJ SARL","foundingDate":"2010-09-06","numberOfEmployees":{"@type":"QuantitativeValue","minValue":"11","maxValue":"50"}},{"@type":"Person","@id":"https:\/\/www.webdo.tn\/fr\/#\/schema\/person\/590cb5f81adcfde6385530fdbdf468e2","name":"Ramzi","image":{"@type":"ImageObject","inLanguage":"fr-FR","@id":"https:\/\/secure.gravatar.com\/avatar\/48df7d18915e10cf866ba8e27604c81ff9243fd52704a1d210c3e387e1cb8d87?s=96&d=mm&r=g","url":"https:\/\/secure.gravatar.com\/avatar\/48df7d18915e10cf866ba8e27604c81ff9243fd52704a1d210c3e387e1cb8d87?s=96&d=mm&r=g","contentUrl":"https:\/\/secure.gravatar.com\/avatar\/48df7d18915e10cf866ba8e27604c81ff9243fd52704a1d210c3e387e1cb8d87?s=96&d=mm&r=g","caption":"Ramzi"},"url":"https:\/\/www.webdo.tn\/fr\/actualite\/author\/ramzi\/"}]}},"_links":{"self":[{"href":"https:\/\/www.webdo.tn\/fr\/wp-json\/wp\/v2\/posts\/207644","targetHints":{"allow":["GET"]}}],"collection":[{"href":"https:\/\/www.webdo.tn\/fr\/wp-json\/wp\/v2\/posts"}],"about":[{"href":"https:\/\/www.webdo.tn\/fr\/wp-json\/wp\/v2\/types\/post"}],"author":[{"embeddable":true,"href":"https:\/\/www.webdo.tn\/fr\/wp-json\/wp\/v2\/users\/3188"}],"replies":[{"embeddable":true,"href":"https:\/\/www.webdo.tn\/fr\/wp-json\/wp\/v2\/comments?post=207644"}],"version-history":[{"count":0,"href":"https:\/\/www.webdo.tn\/fr\/wp-json\/wp\/v2\/posts\/207644\/revisions"}],"wp:featuredmedia":[{"embeddable":true,"href":"https:\/\/www.webdo.tn\/fr\/wp-json\/wp\/v2\/media\/249653"}],"wp:attachment":[{"href":"https:\/\/www.webdo.tn\/fr\/wp-json\/wp\/v2\/media?parent=207644"}],"wp:term":[{"taxonomy":"category","embeddable":true,"href":"https:\/\/www.webdo.tn\/fr\/wp-json\/wp\/v2\/categories?post=207644"},{"taxonomy":"post_tag","embeddable":true,"href":"https:\/\/www.webdo.tn\/fr\/wp-json\/wp\/v2\/tags?post=207644"}],"curies":[{"name":"wp","href":"https:\/\/api.w.org\/{rel}","templated":true}]}}