{"id":207641,"date":"2023-08-01T11:58:00","date_gmt":"2023-08-01T11:58:00","guid":{"rendered":"https:\/\/www.webdo.tn\/fr\/blog\/boulangeries-105-tonnes-de-farine-saisies-en-deux-jours\/207641\/"},"modified":"2025-05-20T22:42:09","modified_gmt":"2025-05-20T22:42:09","slug":"boulangeries-105-tonnes-de-farine-saisies-en-deux-jours","status":"publish","type":"post","link":"https:\/\/www.webdo.tn\/fr\/actualite\/national\/boulangeries-105-tonnes-de-farine-saisies-en-deux-jours\/207641\/","title":{"rendered":"Boulangeries : 105 tonnes de farine saisies en deux jours"},"content":{"rendered":"<p>Dans des campagnes de contr\u00f4le ciblant les boulangeries, le minist\u00e8re du Commerce a annonc\u00e9 que 105 tonnes de farine ont \u00e9t\u00e9 saisies pour irr\u00e9gularit\u00e9s, monopole et sp\u00e9culation.<\/p>\n<p>\t\t\t\t\t\t\t\t\tSelon la m\u00eame source, 249 infractions ont \u00e9t\u00e9 enregistr\u00e9es en seulement deux jours, sur fond d\u2019une crise au niveau de l\u2019approvisionnement en pain et en farine.\u00a0<\/p>\n<p>Le pr\u00e9sident de la R\u00e9publique Kais Saied a soulign\u00e9, jeudi soir, au palais du gouvernement \u00e0 la Kasbah, l&rsquo;imp\u00e9ratif de prendre des mesures urgentes pour mettre fin \u00e0 la classification de boulangeries, en class\u00e9es et non class\u00e9es, laquelle a \u00e9t\u00e9 adopt\u00e9e depuis l&rsquo;ann\u00e9e 2011.<\/p>\n<p>Lors d&rsquo;une s\u00e9ance de travail avec la cheffe du Gouvernement, Najla Bouden, et la ministre des Finances, Sihem Boughdiri Nemsia, il a indiqu\u00e9 que \u00a0\u00bb le pain est une ligne rouge pour les tunisiens \u00ab\u00a0, estimant que la vente du pain \u00e0 des prix diff\u00e9rents aux riches et aux pauvres constitue \u00a0\u00bb un moyen d\u00e9tourn\u00e9 visant \u00e0 lever les subventions \u00ab\u00a0. Le chef de l\u2019Etat s\u2019est montr\u00e9 en col\u00e8re, appelant \u00e0 des solutions imm\u00e9diates.<\/p>\n","protected":false},"excerpt":{"rendered":"<p>Dans des campagnes de contr\u00f4le ciblant les boulangeries, le minist\u00e8re du Commerce a annonc\u00e9 que 105 tonnes de farine ont \u00e9t\u00e9 saisies pour irr\u00e9gularit\u00e9s, monopol&#8230;<\/p>\n","protected":false},"author":3175,"featured_media":249654,"comment_status":"open","ping_status":"closed","sticky":false,"template":"","format":"standard","meta":{"footnotes":""},"categories":[44],"tags":[7909,8132,2608],"class_list":["post-207641","post","type-post","status-publish","format-standard","has-post-thumbnail","hentry","category-national","tag-boulangeries","tag-farine","tag-tunisie"],"yoast_head":"<!-- This site is optimized with the Yoast SEO Premium plugin v27.5 (Yoast SEO v27.5) - https:\/\/yoast.com\/product\/yoast-seo-premium-wordpress\/ -->\n<title>Boulangeries : 105 tonnes de farine saisies en deux jours<\/title>\n<meta name=\"description\" content=\"Dans des campagnes de contr\u00f4le ciblant les boulangeries, le minist\u00e8re du Commerce a annonc\u00e9 que 105 tonnes de farine ont \u00e9t\u00e9 saisies pour irr\u00e9gularit\u00e9s, monopol...\" \/>\n<link rel=\"canonical\" href=\"https:\/\/www.webdo.tn\/fr\/actualite\/national\/boulangeries-105-tonnes-de-farine-saisies-en-deux-jours\/207641\/\" \/>\n<meta property=\"og:locale\" content=\"fr_FR\" \/>\n<meta property=\"og:type\" content=\"article\" \/>\n<meta property=\"og:title\" content=\"Boulangeries : 105 tonnes de farine saisies en deux jours\" \/>\n<meta property=\"og:description\" content=\"Dans des campagnes de contr\u00f4le ciblant les boulangeries, le minist\u00e8re du Commerce a annonc\u00e9 que 105 tonnes de farine ont \u00e9t\u00e9 saisies pour irr\u00e9gularit\u00e9s, monopol...\" \/>\n<meta property=\"og:url\" content=\"https:\/\/www.webdo.tn\/fr\/actualite\/national\/boulangeries-105-tonnes-de-farine-saisies-en-deux-jours\/207641\/\" \/>\n<meta property=\"og:site_name\" content=\"webdo\" \/>\n<meta property=\"article:publisher\" content=\"https:\/\/www.facebook.com\/webdotn\" \/>\n<meta property=\"article:published_time\" content=\"2023-08-01T11:58:00+00:00\" \/>\n<meta property=\"article:modified_time\" content=\"2025-05-20T22:42:09+00:00\" \/>\n<meta property=\"og:image\" content=\"https:\/\/www.webdo.tn\/fr\/wp-content\/uploads\/2023\/08\/4ad3babae71575d0fbe662cbfb49a6d8.jpg\" \/>\n\t<meta property=\"og:image:width\" content=\"750\" \/>\n\t<meta property=\"og:image:height\" content=\"400\" \/>\n\t<meta property=\"og:image:type\" content=\"image\/jpeg\" \/>\n<meta name=\"author\" content=\"CL\" \/>\n<meta name=\"twitter:card\" content=\"summary_large_image\" \/>\n<meta name=\"twitter:creator\" content=\"@webdo_tn\" \/>\n<meta name=\"twitter:site\" content=\"@webdo_tn\" \/>\n<meta name=\"twitter:label1\" content=\"\u00c9crit par\" \/>\n\t<meta name=\"twitter:data1\" content=\"CL\" \/>\n\t<meta name=\"twitter:label2\" content=\"Dur\u00e9e de lecture estim\u00e9e\" \/>\n\t<meta name=\"twitter:data2\" content=\"1 minute\" \/>\n<script type=\"application\/ld+json\" class=\"yoast-schema-graph\">{\"@context\":\"https:\\\/\\\/schema.org\",\"@graph\":[{\"@type\":\"NewsArticle\",\"@id\":\"https:\\\/\\\/www.webdo.tn\\\/fr\\\/actualite\\\/national\\\/boulangeries-105-tonnes-de-farine-saisies-en-deux-jours\\\/207641\\\/#article\",\"isPartOf\":{\"@id\":\"https:\\\/\\\/www.webdo.tn\\\/fr\\\/actualite\\\/national\\\/boulangeries-105-tonnes-de-farine-saisies-en-deux-jours\\\/207641\\\/\"},\"author\":{\"name\":\"CL\",\"@id\":\"https:\\\/\\\/www.webdo.tn\\\/fr\\\/#\\\/schema\\\/person\\\/f35b42a42c5e2511bbd282959d6385cc\"},\"headline\":\"Boulangeries : 105 tonnes de farine saisies en deux jours\",\"datePublished\":\"2023-08-01T11:58:00+00:00\",\"dateModified\":\"2025-05-20T22:42:09+00:00\",\"mainEntityOfPage\":{\"@id\":\"https:\\\/\\\/www.webdo.tn\\\/fr\\\/actualite\\\/national\\\/boulangeries-105-tonnes-de-farine-saisies-en-deux-jours\\\/207641\\\/\"},\"wordCount\":193,\"commentCount\":0,\"publisher\":{\"@id\":\"https:\\\/\\\/www.webdo.tn\\\/fr\\\/#organization\"},\"image\":{\"@id\":\"https:\\\/\\\/www.webdo.tn\\\/fr\\\/actualite\\\/national\\\/boulangeries-105-tonnes-de-farine-saisies-en-deux-jours\\\/207641\\\/#primaryimage\"},\"thumbnailUrl\":\"https:\\\/\\\/www.webdo.tn\\\/fr\\\/wp-content\\\/uploads\\\/2023\\\/08\\\/4ad3babae71575d0fbe662cbfb49a6d8.jpg\",\"keywords\":[\"boulangeries\",\"Farine\",\"Tunisie\"],\"articleSection\":[\"National\"],\"inLanguage\":\"fr-FR\"},{\"@type\":\"WebPage\",\"@id\":\"https:\\\/\\\/www.webdo.tn\\\/fr\\\/actualite\\\/national\\\/boulangeries-105-tonnes-de-farine-saisies-en-deux-jours\\\/207641\\\/\",\"url\":\"https:\\\/\\\/www.webdo.tn\\\/fr\\\/actualite\\\/national\\\/boulangeries-105-tonnes-de-farine-saisies-en-deux-jours\\\/207641\\\/\",\"name\":\"Boulangeries : 105 tonnes de farine saisies en deux jours\",\"isPartOf\":{\"@id\":\"https:\\\/\\\/www.webdo.tn\\\/fr\\\/#website\"},\"primaryImageOfPage\":{\"@id\":\"https:\\\/\\\/www.webdo.tn\\\/fr\\\/actualite\\\/national\\\/boulangeries-105-tonnes-de-farine-saisies-en-deux-jours\\\/207641\\\/#primaryimage\"},\"image\":{\"@id\":\"https:\\\/\\\/www.webdo.tn\\\/fr\\\/actualite\\\/national\\\/boulangeries-105-tonnes-de-farine-saisies-en-deux-jours\\\/207641\\\/#primaryimage\"},\"thumbnailUrl\":\"https:\\\/\\\/www.webdo.tn\\\/fr\\\/wp-content\\\/uploads\\\/2023\\\/08\\\/4ad3babae71575d0fbe662cbfb49a6d8.jpg\",\"datePublished\":\"2023-08-01T11:58:00+00:00\",\"dateModified\":\"2025-05-20T22:42:09+00:00\",\"description\":\"Dans des campagnes de contr\u00f4le ciblant les boulangeries, le minist\u00e8re du Commerce a annonc\u00e9 que 105 tonnes de farine ont \u00e9t\u00e9 saisies pour irr\u00e9gularit\u00e9s, monopol...\",\"breadcrumb\":{\"@id\":\"https:\\\/\\\/www.webdo.tn\\\/fr\\\/actualite\\\/national\\\/boulangeries-105-tonnes-de-farine-saisies-en-deux-jours\\\/207641\\\/#breadcrumb\"},\"inLanguage\":\"fr-FR\",\"potentialAction\":[{\"@type\":\"ReadAction\",\"target\":[\"https:\\\/\\\/www.webdo.tn\\\/fr\\\/actualite\\\/national\\\/boulangeries-105-tonnes-de-farine-saisies-en-deux-jours\\\/207641\\\/\"]}]},{\"@type\":\"ImageObject\",\"inLanguage\":\"fr-FR\",\"@id\":\"https:\\\/\\\/www.webdo.tn\\\/fr\\\/actualite\\\/national\\\/boulangeries-105-tonnes-de-farine-saisies-en-deux-jours\\\/207641\\\/#primaryimage\",\"url\":\"https:\\\/\\\/www.webdo.tn\\\/fr\\\/wp-content\\\/uploads\\\/2023\\\/08\\\/4ad3babae71575d0fbe662cbfb49a6d8.jpg\",\"contentUrl\":\"https:\\\/\\\/www.webdo.tn\\\/fr\\\/wp-content\\\/uploads\\\/2023\\\/08\\\/4ad3babae71575d0fbe662cbfb49a6d8.jpg\",\"width\":750,\"height\":400,\"caption\":\"Boulangeries : 105 tonnes de farine saisies en deux jours\"},{\"@type\":\"BreadcrumbList\",\"@id\":\"https:\\\/\\\/www.webdo.tn\\\/fr\\\/actualite\\\/national\\\/boulangeries-105-tonnes-de-farine-saisies-en-deux-jours\\\/207641\\\/#breadcrumb\",\"itemListElement\":[{\"@type\":\"ListItem\",\"position\":1,\"name\":\"Accueil\",\"item\":\"https:\\\/\\\/www.webdo.tn\\\/fr\\\/\"},{\"@type\":\"ListItem\",\"position\":2,\"name\":\"Boulangeries : 105 tonnes de farine saisies en deux jours\"}]},{\"@type\":\"WebSite\",\"@id\":\"https:\\\/\\\/www.webdo.tn\\\/fr\\\/#website\",\"url\":\"https:\\\/\\\/www.webdo.tn\\\/fr\\\/\",\"name\":\"webdo\",\"description\":\"Tunisie - News en Tunisie et \u00e0 l&#039;international sur Webdo.tn\",\"publisher\":{\"@id\":\"https:\\\/\\\/www.webdo.tn\\\/fr\\\/#organization\"},\"potentialAction\":[{\"@type\":\"SearchAction\",\"target\":{\"@type\":\"EntryPoint\",\"urlTemplate\":\"https:\\\/\\\/www.webdo.tn\\\/fr\\\/?s={search_term_string}\"},\"query-input\":{\"@type\":\"PropertyValueSpecification\",\"valueRequired\":true,\"valueName\":\"search_term_string\"}}],\"inLanguage\":\"fr-FR\"},{\"@type\":\"Organization\",\"@id\":\"https:\\\/\\\/www.webdo.tn\\\/fr\\\/#organization\",\"name\":\"Webdo\",\"alternateName\":\"Webdo.tn\",\"url\":\"https:\\\/\\\/www.webdo.tn\\\/fr\\\/\",\"logo\":{\"@type\":\"ImageObject\",\"inLanguage\":\"fr-FR\",\"@id\":\"https:\\\/\\\/www.webdo.tn\\\/fr\\\/#\\\/schema\\\/logo\\\/image\\\/\",\"url\":\"https:\\\/\\\/www.webdo.tn\\\/fr\\\/wp-content\\\/uploads\\\/2025\\\/06\\\/Webdo-Tunisie_168377.jpg\",\"contentUrl\":\"https:\\\/\\\/www.webdo.tn\\\/fr\\\/wp-content\\\/uploads\\\/2025\\\/06\\\/Webdo-Tunisie_168377.jpg\",\"width\":301,\"height\":301,\"caption\":\"Webdo\"},\"image\":{\"@id\":\"https:\\\/\\\/www.webdo.tn\\\/fr\\\/#\\\/schema\\\/logo\\\/image\\\/\"},\"sameAs\":[\"https:\\\/\\\/www.facebook.com\\\/webdotn\",\"https:\\\/\\\/x.com\\\/webdo_tn\"],\"description\":\"Webdo est un m\u00e9dia num\u00e9rique tunisien fond\u00e9 en 2010, sp\u00e9cialis\u00e9 dans l\u2019actualit\u00e9 nationale et internationale, l\u2019\u00e9conomie, la soci\u00e9t\u00e9 et les analyses politiques. Le site s\u2019adresse \u00e0 un large public francophone et couvre l\u2019information tunisienne en temps r\u00e9el.\",\"email\":\"redac@webdo.tn\",\"legalName\":\"YNJ SARL\",\"foundingDate\":\"2010-09-06\",\"numberOfEmployees\":{\"@type\":\"QuantitativeValue\",\"minValue\":\"11\",\"maxValue\":\"50\"}},{\"@type\":\"Person\",\"@id\":\"https:\\\/\\\/www.webdo.tn\\\/fr\\\/#\\\/schema\\\/person\\\/f35b42a42c5e2511bbd282959d6385cc\",\"name\":\"CL\",\"image\":{\"@type\":\"ImageObject\",\"inLanguage\":\"fr-FR\",\"@id\":\"https:\\\/\\\/secure.gravatar.com\\\/avatar\\\/1447a49909b67aa657c488aec6512e1dd6143a480c1ecfee9b5b5cd74eb3b59e?s=96&d=mm&r=g\",\"url\":\"https:\\\/\\\/secure.gravatar.com\\\/avatar\\\/1447a49909b67aa657c488aec6512e1dd6143a480c1ecfee9b5b5cd74eb3b59e?s=96&d=mm&r=g\",\"contentUrl\":\"https:\\\/\\\/secure.gravatar.com\\\/avatar\\\/1447a49909b67aa657c488aec6512e1dd6143a480c1ecfee9b5b5cd74eb3b59e?s=96&d=mm&r=g\",\"caption\":\"CL\"},\"url\":\"https:\\\/\\\/www.webdo.tn\\\/fr\\\/actualite\\\/author\\\/cl\\\/\"}]}<\/script>\n<!-- \/ Yoast SEO Premium plugin. -->","yoast_head_json":{"title":"Boulangeries : 105 tonnes de farine saisies en deux jours","description":"Dans des campagnes de contr\u00f4le ciblant les boulangeries, le minist\u00e8re du Commerce a annonc\u00e9 que 105 tonnes de farine ont \u00e9t\u00e9 saisies pour irr\u00e9gularit\u00e9s, monopol...","canonical":"https:\/\/www.webdo.tn\/fr\/actualite\/national\/boulangeries-105-tonnes-de-farine-saisies-en-deux-jours\/207641\/","og_locale":"fr_FR","og_type":"article","og_title":"Boulangeries : 105 tonnes de farine saisies en deux jours","og_description":"Dans des campagnes de contr\u00f4le ciblant les boulangeries, le minist\u00e8re du Commerce a annonc\u00e9 que 105 tonnes de farine ont \u00e9t\u00e9 saisies pour irr\u00e9gularit\u00e9s, monopol...","og_url":"https:\/\/www.webdo.tn\/fr\/actualite\/national\/boulangeries-105-tonnes-de-farine-saisies-en-deux-jours\/207641\/","og_site_name":"webdo","article_publisher":"https:\/\/www.facebook.com\/webdotn","article_published_time":"2023-08-01T11:58:00+00:00","article_modified_time":"2025-05-20T22:42:09+00:00","og_image":[{"width":750,"height":400,"url":"https:\/\/www.webdo.tn\/fr\/wp-content\/uploads\/2023\/08\/4ad3babae71575d0fbe662cbfb49a6d8.jpg","type":"image\/jpeg"}],"author":"CL","twitter_card":"summary_large_image","twitter_creator":"@webdo_tn","twitter_site":"@webdo_tn","twitter_misc":{"\u00c9crit par":"CL","Dur\u00e9e de lecture estim\u00e9e":"1 minute"},"schema":{"@context":"https:\/\/schema.org","@graph":[{"@type":"NewsArticle","@id":"https:\/\/www.webdo.tn\/fr\/actualite\/national\/boulangeries-105-tonnes-de-farine-saisies-en-deux-jours\/207641\/#article","isPartOf":{"@id":"https:\/\/www.webdo.tn\/fr\/actualite\/national\/boulangeries-105-tonnes-de-farine-saisies-en-deux-jours\/207641\/"},"author":{"name":"CL","@id":"https:\/\/www.webdo.tn\/fr\/#\/schema\/person\/f35b42a42c5e2511bbd282959d6385cc"},"headline":"Boulangeries : 105 tonnes de farine saisies en deux jours","datePublished":"2023-08-01T11:58:00+00:00","dateModified":"2025-05-20T22:42:09+00:00","mainEntityOfPage":{"@id":"https:\/\/www.webdo.tn\/fr\/actualite\/national\/boulangeries-105-tonnes-de-farine-saisies-en-deux-jours\/207641\/"},"wordCount":193,"commentCount":0,"publisher":{"@id":"https:\/\/www.webdo.tn\/fr\/#organization"},"image":{"@id":"https:\/\/www.webdo.tn\/fr\/actualite\/national\/boulangeries-105-tonnes-de-farine-saisies-en-deux-jours\/207641\/#primaryimage"},"thumbnailUrl":"https:\/\/www.webdo.tn\/fr\/wp-content\/uploads\/2023\/08\/4ad3babae71575d0fbe662cbfb49a6d8.jpg","keywords":["boulangeries","Farine","Tunisie"],"articleSection":["National"],"inLanguage":"fr-FR"},{"@type":"WebPage","@id":"https:\/\/www.webdo.tn\/fr\/actualite\/national\/boulangeries-105-tonnes-de-farine-saisies-en-deux-jours\/207641\/","url":"https:\/\/www.webdo.tn\/fr\/actualite\/national\/boulangeries-105-tonnes-de-farine-saisies-en-deux-jours\/207641\/","name":"Boulangeries : 105 tonnes de farine saisies en deux jours","isPartOf":{"@id":"https:\/\/www.webdo.tn\/fr\/#website"},"primaryImageOfPage":{"@id":"https:\/\/www.webdo.tn\/fr\/actualite\/national\/boulangeries-105-tonnes-de-farine-saisies-en-deux-jours\/207641\/#primaryimage"},"image":{"@id":"https:\/\/www.webdo.tn\/fr\/actualite\/national\/boulangeries-105-tonnes-de-farine-saisies-en-deux-jours\/207641\/#primaryimage"},"thumbnailUrl":"https:\/\/www.webdo.tn\/fr\/wp-content\/uploads\/2023\/08\/4ad3babae71575d0fbe662cbfb49a6d8.jpg","datePublished":"2023-08-01T11:58:00+00:00","dateModified":"2025-05-20T22:42:09+00:00","description":"Dans des campagnes de contr\u00f4le ciblant les boulangeries, le minist\u00e8re du Commerce a annonc\u00e9 que 105 tonnes de farine ont \u00e9t\u00e9 saisies pour irr\u00e9gularit\u00e9s, monopol...","breadcrumb":{"@id":"https:\/\/www.webdo.tn\/fr\/actualite\/national\/boulangeries-105-tonnes-de-farine-saisies-en-deux-jours\/207641\/#breadcrumb"},"inLanguage":"fr-FR","potentialAction":[{"@type":"ReadAction","target":["https:\/\/www.webdo.tn\/fr\/actualite\/national\/boulangeries-105-tonnes-de-farine-saisies-en-deux-jours\/207641\/"]}]},{"@type":"ImageObject","inLanguage":"fr-FR","@id":"https:\/\/www.webdo.tn\/fr\/actualite\/national\/boulangeries-105-tonnes-de-farine-saisies-en-deux-jours\/207641\/#primaryimage","url":"https:\/\/www.webdo.tn\/fr\/wp-content\/uploads\/2023\/08\/4ad3babae71575d0fbe662cbfb49a6d8.jpg","contentUrl":"https:\/\/www.webdo.tn\/fr\/wp-content\/uploads\/2023\/08\/4ad3babae71575d0fbe662cbfb49a6d8.jpg","width":750,"height":400,"caption":"Boulangeries : 105 tonnes de farine saisies en deux jours"},{"@type":"BreadcrumbList","@id":"https:\/\/www.webdo.tn\/fr\/actualite\/national\/boulangeries-105-tonnes-de-farine-saisies-en-deux-jours\/207641\/#breadcrumb","itemListElement":[{"@type":"ListItem","position":1,"name":"Accueil","item":"https:\/\/www.webdo.tn\/fr\/"},{"@type":"ListItem","position":2,"name":"Boulangeries : 105 tonnes de farine saisies en deux jours"}]},{"@type":"WebSite","@id":"https:\/\/www.webdo.tn\/fr\/#website","url":"https:\/\/www.webdo.tn\/fr\/","name":"webdo","description":"Tunisie - News en Tunisie et \u00e0 l&#039;international sur Webdo.tn","publisher":{"@id":"https:\/\/www.webdo.tn\/fr\/#organization"},"potentialAction":[{"@type":"SearchAction","target":{"@type":"EntryPoint","urlTemplate":"https:\/\/www.webdo.tn\/fr\/?s={search_term_string}"},"query-input":{"@type":"PropertyValueSpecification","valueRequired":true,"valueName":"search_term_string"}}],"inLanguage":"fr-FR"},{"@type":"Organization","@id":"https:\/\/www.webdo.tn\/fr\/#organization","name":"Webdo","alternateName":"Webdo.tn","url":"https:\/\/www.webdo.tn\/fr\/","logo":{"@type":"ImageObject","inLanguage":"fr-FR","@id":"https:\/\/www.webdo.tn\/fr\/#\/schema\/logo\/image\/","url":"https:\/\/www.webdo.tn\/fr\/wp-content\/uploads\/2025\/06\/Webdo-Tunisie_168377.jpg","contentUrl":"https:\/\/www.webdo.tn\/fr\/wp-content\/uploads\/2025\/06\/Webdo-Tunisie_168377.jpg","width":301,"height":301,"caption":"Webdo"},"image":{"@id":"https:\/\/www.webdo.tn\/fr\/#\/schema\/logo\/image\/"},"sameAs":["https:\/\/www.facebook.com\/webdotn","https:\/\/x.com\/webdo_tn"],"description":"Webdo est un m\u00e9dia num\u00e9rique tunisien fond\u00e9 en 2010, sp\u00e9cialis\u00e9 dans l\u2019actualit\u00e9 nationale et internationale, l\u2019\u00e9conomie, la soci\u00e9t\u00e9 et les analyses politiques. Le site s\u2019adresse \u00e0 un large public francophone et couvre l\u2019information tunisienne en temps r\u00e9el.","email":"redac@webdo.tn","legalName":"YNJ SARL","foundingDate":"2010-09-06","numberOfEmployees":{"@type":"QuantitativeValue","minValue":"11","maxValue":"50"}},{"@type":"Person","@id":"https:\/\/www.webdo.tn\/fr\/#\/schema\/person\/f35b42a42c5e2511bbd282959d6385cc","name":"CL","image":{"@type":"ImageObject","inLanguage":"fr-FR","@id":"https:\/\/secure.gravatar.com\/avatar\/1447a49909b67aa657c488aec6512e1dd6143a480c1ecfee9b5b5cd74eb3b59e?s=96&d=mm&r=g","url":"https:\/\/secure.gravatar.com\/avatar\/1447a49909b67aa657c488aec6512e1dd6143a480c1ecfee9b5b5cd74eb3b59e?s=96&d=mm&r=g","contentUrl":"https:\/\/secure.gravatar.com\/avatar\/1447a49909b67aa657c488aec6512e1dd6143a480c1ecfee9b5b5cd74eb3b59e?s=96&d=mm&r=g","caption":"CL"},"url":"https:\/\/www.webdo.tn\/fr\/actualite\/author\/cl\/"}]}},"_links":{"self":[{"href":"https:\/\/www.webdo.tn\/fr\/wp-json\/wp\/v2\/posts\/207641","targetHints":{"allow":["GET"]}}],"collection":[{"href":"https:\/\/www.webdo.tn\/fr\/wp-json\/wp\/v2\/posts"}],"about":[{"href":"https:\/\/www.webdo.tn\/fr\/wp-json\/wp\/v2\/types\/post"}],"author":[{"embeddable":true,"href":"https:\/\/www.webdo.tn\/fr\/wp-json\/wp\/v2\/users\/3175"}],"replies":[{"embeddable":true,"href":"https:\/\/www.webdo.tn\/fr\/wp-json\/wp\/v2\/comments?post=207641"}],"version-history":[{"count":0,"href":"https:\/\/www.webdo.tn\/fr\/wp-json\/wp\/v2\/posts\/207641\/revisions"}],"wp:featuredmedia":[{"embeddable":true,"href":"https:\/\/www.webdo.tn\/fr\/wp-json\/wp\/v2\/media\/249654"}],"wp:attachment":[{"href":"https:\/\/www.webdo.tn\/fr\/wp-json\/wp\/v2\/media?parent=207641"}],"wp:term":[{"taxonomy":"category","embeddable":true,"href":"https:\/\/www.webdo.tn\/fr\/wp-json\/wp\/v2\/categories?post=207641"},{"taxonomy":"post_tag","embeddable":true,"href":"https:\/\/www.webdo.tn\/fr\/wp-json\/wp\/v2\/tags?post=207641"}],"curies":[{"name":"wp","href":"https:\/\/api.w.org\/{rel}","templated":true}]}}