{"id":207638,"date":"2023-08-01T10:44:00","date_gmt":"2023-08-01T10:44:00","guid":{"rendered":"https:\/\/www.webdo.tn\/fr\/blog\/le-champion-du-monde-ahmed-ayoub-hafnaoui-de-retour-en-tunisie\/207638\/"},"modified":"2025-05-20T21:58:05","modified_gmt":"2025-05-20T21:58:05","slug":"le-champion-du-monde-ahmed-ayoub-hafnaoui-de-retour-en-tunisie","status":"publish","type":"post","link":"https:\/\/www.webdo.tn\/fr\/actualite\/sport\/le-champion-du-monde-ahmed-ayoub-hafnaoui-de-retour-en-tunisie\/207638\/","title":{"rendered":"Le Champion du monde Ahmed Ayoub Hafnaoui, de retour en Tunisie"},"content":{"rendered":"<p>Son retour \u00e9tait attendu par tous les Tunisiens. Ahemd Ayoub Hafnaoui, double Chapion du monde de natation, est arriv\u00e9, aujourd\u2019hui \u00e0 Tunis en provenance du Japon o\u00f9 il a \u00e9bloui le monde.<\/p>\n<p>\t\t\t\t\t\t\t\t\tSon avion a atterri ce matin \u00e0 l\u2019a\u00e9roport Tunis-Carthage o\u00f9 il a \u00e9t\u00e9 chaleureusement accueilli par sa famille, par le ministre de la Jeunesse et des sports, Kamel Deguiche et le pr\u00e9sident du Comit\u00e9 national olympique, Mehrez Boussay\u00e8ne en attendant d\u2019\u00eatre re\u00e7u par le pr\u00e9sident Kais Saied.<\/p>\n<p>Ahmed Ayoub Hafanoui s\u2019est illustr\u00e9\u00a0 \u00e0 Fukuoka au Japon lors des Mondiaux de natation o\u00f9 il a d\u00e9croch\u00e9 trois m\u00e9dailles dont deux en or.<\/p>\n<p>Hafnaoui est vice-champion du monde du 400 m\u00e8tres Nage libre apr\u00e8s sa m\u00e9daille d\u2019argent remport\u00e9e, mais il est surtout Champion du monde du 800 m\u00e8tres et du 1500 m\u00e8tres Nage libre.<\/p>\n","protected":false},"excerpt":{"rendered":"<p>Son retour \u00e9tait attendu par tous les Tunisiens. Ahemd Ayoub Hafnaoui, double Chapion du monde de natation, est arriv\u00e9, aujourd\u2019hui \u00e0 Tunis en provenance du Jap&#8230;<\/p>\n","protected":false},"author":3162,"featured_media":249649,"comment_status":"open","ping_status":"closed","sticky":false,"template":"","format":"standard","meta":{"footnotes":""},"categories":[2593],"tags":[6990,4587,3252,2608],"class_list":["post-207638","post","type-post","status-publish","format-standard","has-post-thumbnail","hentry","category-sport","tag-ahmed-ayoub-hafnaoui","tag-champion-du-monde","tag-natation","tag-tunisie"],"yoast_head":"<!-- This site is optimized with the Yoast SEO Premium plugin v27.5 (Yoast SEO v27.5) - https:\/\/yoast.com\/product\/yoast-seo-premium-wordpress\/ -->\n<title>Le Champion du monde Ahmed Ayoub Hafnaoui, de retour en Tunisie<\/title>\n<meta name=\"description\" content=\"Son retour \u00e9tait attendu par tous les Tunisiens. Ahemd Ayoub Hafnaoui, double Chapion du monde de natation, est arriv\u00e9, aujourd\u2019hui \u00e0 Tunis en provenance du Jap...\" \/>\n<link rel=\"canonical\" href=\"https:\/\/www.webdo.tn\/fr\/actualite\/sport\/le-champion-du-monde-ahmed-ayoub-hafnaoui-de-retour-en-tunisie\/207638\/\" \/>\n<meta property=\"og:locale\" content=\"fr_FR\" \/>\n<meta property=\"og:type\" content=\"article\" \/>\n<meta property=\"og:title\" content=\"Le Champion du monde Ahmed Ayoub Hafnaoui, de retour en Tunisie\" \/>\n<meta property=\"og:description\" content=\"Son retour \u00e9tait attendu par tous les Tunisiens. Ahemd Ayoub Hafnaoui, double Chapion du monde de natation, est arriv\u00e9, aujourd\u2019hui \u00e0 Tunis en provenance du Jap...\" \/>\n<meta property=\"og:url\" content=\"https:\/\/www.webdo.tn\/fr\/actualite\/sport\/le-champion-du-monde-ahmed-ayoub-hafnaoui-de-retour-en-tunisie\/207638\/\" \/>\n<meta property=\"og:site_name\" content=\"webdo\" \/>\n<meta property=\"article:publisher\" content=\"https:\/\/www.facebook.com\/webdotn\" \/>\n<meta property=\"article:published_time\" content=\"2023-08-01T10:44:00+00:00\" \/>\n<meta property=\"article:modified_time\" content=\"2025-05-20T21:58:05+00:00\" \/>\n<meta property=\"og:image\" content=\"https:\/\/www.webdo.tn\/fr\/wp-content\/uploads\/2023\/08\/a8ffedb21f7e2154bc7c66ea2bc6dfb0.jpg\" \/>\n\t<meta property=\"og:image:width\" content=\"650\" \/>\n\t<meta property=\"og:image:height\" content=\"347\" \/>\n\t<meta property=\"og:image:type\" content=\"image\/jpeg\" \/>\n<meta name=\"author\" content=\"MC\" \/>\n<meta name=\"twitter:card\" content=\"summary_large_image\" \/>\n<meta name=\"twitter:creator\" content=\"@webdo_tn\" \/>\n<meta name=\"twitter:site\" content=\"@webdo_tn\" \/>\n<meta name=\"twitter:label1\" content=\"\u00c9crit par\" \/>\n\t<meta name=\"twitter:data1\" content=\"MC\" \/>\n\t<meta name=\"twitter:label2\" content=\"Dur\u00e9e de lecture estim\u00e9e\" \/>\n\t<meta name=\"twitter:data2\" content=\"1 minute\" \/>\n<script type=\"application\/ld+json\" class=\"yoast-schema-graph\">{\"@context\":\"https:\\\/\\\/schema.org\",\"@graph\":[{\"@type\":\"NewsArticle\",\"@id\":\"https:\\\/\\\/www.webdo.tn\\\/fr\\\/actualite\\\/sport\\\/le-champion-du-monde-ahmed-ayoub-hafnaoui-de-retour-en-tunisie\\\/207638\\\/#article\",\"isPartOf\":{\"@id\":\"https:\\\/\\\/www.webdo.tn\\\/fr\\\/actualite\\\/sport\\\/le-champion-du-monde-ahmed-ayoub-hafnaoui-de-retour-en-tunisie\\\/207638\\\/\"},\"author\":{\"name\":\"MC\",\"@id\":\"https:\\\/\\\/www.webdo.tn\\\/fr\\\/#\\\/schema\\\/person\\\/2c4929cbf5a809e3bd38617c6ce150f6\"},\"headline\":\"Le Champion du monde Ahmed Ayoub Hafnaoui, de retour en Tunisie\",\"datePublished\":\"2023-08-01T10:44:00+00:00\",\"dateModified\":\"2025-05-20T21:58:05+00:00\",\"mainEntityOfPage\":{\"@id\":\"https:\\\/\\\/www.webdo.tn\\\/fr\\\/actualite\\\/sport\\\/le-champion-du-monde-ahmed-ayoub-hafnaoui-de-retour-en-tunisie\\\/207638\\\/\"},\"wordCount\":157,\"commentCount\":0,\"publisher\":{\"@id\":\"https:\\\/\\\/www.webdo.tn\\\/fr\\\/#organization\"},\"image\":{\"@id\":\"https:\\\/\\\/www.webdo.tn\\\/fr\\\/actualite\\\/sport\\\/le-champion-du-monde-ahmed-ayoub-hafnaoui-de-retour-en-tunisie\\\/207638\\\/#primaryimage\"},\"thumbnailUrl\":\"https:\\\/\\\/www.webdo.tn\\\/fr\\\/wp-content\\\/uploads\\\/2023\\\/08\\\/a8ffedb21f7e2154bc7c66ea2bc6dfb0.jpg\",\"keywords\":[\"ahmed ayoub hafnaoui\",\"champion du monde\",\"natation\",\"Tunisie\"],\"articleSection\":[\"Sport\"],\"inLanguage\":\"fr-FR\"},{\"@type\":\"WebPage\",\"@id\":\"https:\\\/\\\/www.webdo.tn\\\/fr\\\/actualite\\\/sport\\\/le-champion-du-monde-ahmed-ayoub-hafnaoui-de-retour-en-tunisie\\\/207638\\\/\",\"url\":\"https:\\\/\\\/www.webdo.tn\\\/fr\\\/actualite\\\/sport\\\/le-champion-du-monde-ahmed-ayoub-hafnaoui-de-retour-en-tunisie\\\/207638\\\/\",\"name\":\"Le Champion du monde Ahmed Ayoub Hafnaoui, de retour en Tunisie\",\"isPartOf\":{\"@id\":\"https:\\\/\\\/www.webdo.tn\\\/fr\\\/#website\"},\"primaryImageOfPage\":{\"@id\":\"https:\\\/\\\/www.webdo.tn\\\/fr\\\/actualite\\\/sport\\\/le-champion-du-monde-ahmed-ayoub-hafnaoui-de-retour-en-tunisie\\\/207638\\\/#primaryimage\"},\"image\":{\"@id\":\"https:\\\/\\\/www.webdo.tn\\\/fr\\\/actualite\\\/sport\\\/le-champion-du-monde-ahmed-ayoub-hafnaoui-de-retour-en-tunisie\\\/207638\\\/#primaryimage\"},\"thumbnailUrl\":\"https:\\\/\\\/www.webdo.tn\\\/fr\\\/wp-content\\\/uploads\\\/2023\\\/08\\\/a8ffedb21f7e2154bc7c66ea2bc6dfb0.jpg\",\"datePublished\":\"2023-08-01T10:44:00+00:00\",\"dateModified\":\"2025-05-20T21:58:05+00:00\",\"description\":\"Son retour \u00e9tait attendu par tous les Tunisiens. Ahemd Ayoub Hafnaoui, double Chapion du monde de natation, est arriv\u00e9, aujourd\u2019hui \u00e0 Tunis en provenance du Jap...\",\"breadcrumb\":{\"@id\":\"https:\\\/\\\/www.webdo.tn\\\/fr\\\/actualite\\\/sport\\\/le-champion-du-monde-ahmed-ayoub-hafnaoui-de-retour-en-tunisie\\\/207638\\\/#breadcrumb\"},\"inLanguage\":\"fr-FR\",\"potentialAction\":[{\"@type\":\"ReadAction\",\"target\":[\"https:\\\/\\\/www.webdo.tn\\\/fr\\\/actualite\\\/sport\\\/le-champion-du-monde-ahmed-ayoub-hafnaoui-de-retour-en-tunisie\\\/207638\\\/\"]}]},{\"@type\":\"ImageObject\",\"inLanguage\":\"fr-FR\",\"@id\":\"https:\\\/\\\/www.webdo.tn\\\/fr\\\/actualite\\\/sport\\\/le-champion-du-monde-ahmed-ayoub-hafnaoui-de-retour-en-tunisie\\\/207638\\\/#primaryimage\",\"url\":\"https:\\\/\\\/www.webdo.tn\\\/fr\\\/wp-content\\\/uploads\\\/2023\\\/08\\\/a8ffedb21f7e2154bc7c66ea2bc6dfb0.jpg\",\"contentUrl\":\"https:\\\/\\\/www.webdo.tn\\\/fr\\\/wp-content\\\/uploads\\\/2023\\\/08\\\/a8ffedb21f7e2154bc7c66ea2bc6dfb0.jpg\",\"width\":650,\"height\":347,\"caption\":\"Le Champion du monde Ahmed Ayoub Hafnaoui, de retour en Tunisie\"},{\"@type\":\"BreadcrumbList\",\"@id\":\"https:\\\/\\\/www.webdo.tn\\\/fr\\\/actualite\\\/sport\\\/le-champion-du-monde-ahmed-ayoub-hafnaoui-de-retour-en-tunisie\\\/207638\\\/#breadcrumb\",\"itemListElement\":[{\"@type\":\"ListItem\",\"position\":1,\"name\":\"Accueil\",\"item\":\"https:\\\/\\\/www.webdo.tn\\\/fr\\\/\"},{\"@type\":\"ListItem\",\"position\":2,\"name\":\"Le Champion du monde Ahmed Ayoub Hafnaoui, de retour en Tunisie\"}]},{\"@type\":\"WebSite\",\"@id\":\"https:\\\/\\\/www.webdo.tn\\\/fr\\\/#website\",\"url\":\"https:\\\/\\\/www.webdo.tn\\\/fr\\\/\",\"name\":\"webdo\",\"description\":\"Tunisie - News en Tunisie et \u00e0 l&#039;international sur Webdo.tn\",\"publisher\":{\"@id\":\"https:\\\/\\\/www.webdo.tn\\\/fr\\\/#organization\"},\"potentialAction\":[{\"@type\":\"SearchAction\",\"target\":{\"@type\":\"EntryPoint\",\"urlTemplate\":\"https:\\\/\\\/www.webdo.tn\\\/fr\\\/?s={search_term_string}\"},\"query-input\":{\"@type\":\"PropertyValueSpecification\",\"valueRequired\":true,\"valueName\":\"search_term_string\"}}],\"inLanguage\":\"fr-FR\"},{\"@type\":\"Organization\",\"@id\":\"https:\\\/\\\/www.webdo.tn\\\/fr\\\/#organization\",\"name\":\"Webdo\",\"alternateName\":\"Webdo.tn\",\"url\":\"https:\\\/\\\/www.webdo.tn\\\/fr\\\/\",\"logo\":{\"@type\":\"ImageObject\",\"inLanguage\":\"fr-FR\",\"@id\":\"https:\\\/\\\/www.webdo.tn\\\/fr\\\/#\\\/schema\\\/logo\\\/image\\\/\",\"url\":\"https:\\\/\\\/www.webdo.tn\\\/fr\\\/wp-content\\\/uploads\\\/2025\\\/06\\\/Webdo-Tunisie_168377.jpg\",\"contentUrl\":\"https:\\\/\\\/www.webdo.tn\\\/fr\\\/wp-content\\\/uploads\\\/2025\\\/06\\\/Webdo-Tunisie_168377.jpg\",\"width\":301,\"height\":301,\"caption\":\"Webdo\"},\"image\":{\"@id\":\"https:\\\/\\\/www.webdo.tn\\\/fr\\\/#\\\/schema\\\/logo\\\/image\\\/\"},\"sameAs\":[\"https:\\\/\\\/www.facebook.com\\\/webdotn\",\"https:\\\/\\\/x.com\\\/webdo_tn\"],\"description\":\"Webdo est un m\u00e9dia num\u00e9rique tunisien fond\u00e9 en 2010, sp\u00e9cialis\u00e9 dans l\u2019actualit\u00e9 nationale et internationale, l\u2019\u00e9conomie, la soci\u00e9t\u00e9 et les analyses politiques. Le site s\u2019adresse \u00e0 un large public francophone et couvre l\u2019information tunisienne en temps r\u00e9el.\",\"email\":\"redac@webdo.tn\",\"legalName\":\"YNJ SARL\",\"foundingDate\":\"2010-09-06\",\"numberOfEmployees\":{\"@type\":\"QuantitativeValue\",\"minValue\":\"11\",\"maxValue\":\"50\"}},{\"@type\":\"Person\",\"@id\":\"https:\\\/\\\/www.webdo.tn\\\/fr\\\/#\\\/schema\\\/person\\\/2c4929cbf5a809e3bd38617c6ce150f6\",\"name\":\"MC\",\"image\":{\"@type\":\"ImageObject\",\"inLanguage\":\"fr-FR\",\"@id\":\"https:\\\/\\\/secure.gravatar.com\\\/avatar\\\/a545bbb6f84efdd5553dbbc2895e3ca8f1d12c5215e00a041c9670b54aa9b18a?s=96&d=mm&r=g\",\"url\":\"https:\\\/\\\/secure.gravatar.com\\\/avatar\\\/a545bbb6f84efdd5553dbbc2895e3ca8f1d12c5215e00a041c9670b54aa9b18a?s=96&d=mm&r=g\",\"contentUrl\":\"https:\\\/\\\/secure.gravatar.com\\\/avatar\\\/a545bbb6f84efdd5553dbbc2895e3ca8f1d12c5215e00a041c9670b54aa9b18a?s=96&d=mm&r=g\",\"caption\":\"MC\"},\"url\":\"https:\\\/\\\/www.webdo.tn\\\/fr\\\/actualite\\\/author\\\/mc\\\/\"}]}<\/script>\n<!-- \/ Yoast SEO Premium plugin. -->","yoast_head_json":{"title":"Le Champion du monde Ahmed Ayoub Hafnaoui, de retour en Tunisie","description":"Son retour \u00e9tait attendu par tous les Tunisiens. Ahemd Ayoub Hafnaoui, double Chapion du monde de natation, est arriv\u00e9, aujourd\u2019hui \u00e0 Tunis en provenance du Jap...","canonical":"https:\/\/www.webdo.tn\/fr\/actualite\/sport\/le-champion-du-monde-ahmed-ayoub-hafnaoui-de-retour-en-tunisie\/207638\/","og_locale":"fr_FR","og_type":"article","og_title":"Le Champion du monde Ahmed Ayoub Hafnaoui, de retour en Tunisie","og_description":"Son retour \u00e9tait attendu par tous les Tunisiens. Ahemd Ayoub Hafnaoui, double Chapion du monde de natation, est arriv\u00e9, aujourd\u2019hui \u00e0 Tunis en provenance du Jap...","og_url":"https:\/\/www.webdo.tn\/fr\/actualite\/sport\/le-champion-du-monde-ahmed-ayoub-hafnaoui-de-retour-en-tunisie\/207638\/","og_site_name":"webdo","article_publisher":"https:\/\/www.facebook.com\/webdotn","article_published_time":"2023-08-01T10:44:00+00:00","article_modified_time":"2025-05-20T21:58:05+00:00","og_image":[{"width":650,"height":347,"url":"https:\/\/www.webdo.tn\/fr\/wp-content\/uploads\/2023\/08\/a8ffedb21f7e2154bc7c66ea2bc6dfb0.jpg","type":"image\/jpeg"}],"author":"MC","twitter_card":"summary_large_image","twitter_creator":"@webdo_tn","twitter_site":"@webdo_tn","twitter_misc":{"\u00c9crit par":"MC","Dur\u00e9e de lecture estim\u00e9e":"1 minute"},"schema":{"@context":"https:\/\/schema.org","@graph":[{"@type":"NewsArticle","@id":"https:\/\/www.webdo.tn\/fr\/actualite\/sport\/le-champion-du-monde-ahmed-ayoub-hafnaoui-de-retour-en-tunisie\/207638\/#article","isPartOf":{"@id":"https:\/\/www.webdo.tn\/fr\/actualite\/sport\/le-champion-du-monde-ahmed-ayoub-hafnaoui-de-retour-en-tunisie\/207638\/"},"author":{"name":"MC","@id":"https:\/\/www.webdo.tn\/fr\/#\/schema\/person\/2c4929cbf5a809e3bd38617c6ce150f6"},"headline":"Le Champion du monde Ahmed Ayoub Hafnaoui, de retour en Tunisie","datePublished":"2023-08-01T10:44:00+00:00","dateModified":"2025-05-20T21:58:05+00:00","mainEntityOfPage":{"@id":"https:\/\/www.webdo.tn\/fr\/actualite\/sport\/le-champion-du-monde-ahmed-ayoub-hafnaoui-de-retour-en-tunisie\/207638\/"},"wordCount":157,"commentCount":0,"publisher":{"@id":"https:\/\/www.webdo.tn\/fr\/#organization"},"image":{"@id":"https:\/\/www.webdo.tn\/fr\/actualite\/sport\/le-champion-du-monde-ahmed-ayoub-hafnaoui-de-retour-en-tunisie\/207638\/#primaryimage"},"thumbnailUrl":"https:\/\/www.webdo.tn\/fr\/wp-content\/uploads\/2023\/08\/a8ffedb21f7e2154bc7c66ea2bc6dfb0.jpg","keywords":["ahmed ayoub hafnaoui","champion du monde","natation","Tunisie"],"articleSection":["Sport"],"inLanguage":"fr-FR"},{"@type":"WebPage","@id":"https:\/\/www.webdo.tn\/fr\/actualite\/sport\/le-champion-du-monde-ahmed-ayoub-hafnaoui-de-retour-en-tunisie\/207638\/","url":"https:\/\/www.webdo.tn\/fr\/actualite\/sport\/le-champion-du-monde-ahmed-ayoub-hafnaoui-de-retour-en-tunisie\/207638\/","name":"Le Champion du monde Ahmed Ayoub Hafnaoui, de retour en Tunisie","isPartOf":{"@id":"https:\/\/www.webdo.tn\/fr\/#website"},"primaryImageOfPage":{"@id":"https:\/\/www.webdo.tn\/fr\/actualite\/sport\/le-champion-du-monde-ahmed-ayoub-hafnaoui-de-retour-en-tunisie\/207638\/#primaryimage"},"image":{"@id":"https:\/\/www.webdo.tn\/fr\/actualite\/sport\/le-champion-du-monde-ahmed-ayoub-hafnaoui-de-retour-en-tunisie\/207638\/#primaryimage"},"thumbnailUrl":"https:\/\/www.webdo.tn\/fr\/wp-content\/uploads\/2023\/08\/a8ffedb21f7e2154bc7c66ea2bc6dfb0.jpg","datePublished":"2023-08-01T10:44:00+00:00","dateModified":"2025-05-20T21:58:05+00:00","description":"Son retour \u00e9tait attendu par tous les Tunisiens. Ahemd Ayoub Hafnaoui, double Chapion du monde de natation, est arriv\u00e9, aujourd\u2019hui \u00e0 Tunis en provenance du Jap...","breadcrumb":{"@id":"https:\/\/www.webdo.tn\/fr\/actualite\/sport\/le-champion-du-monde-ahmed-ayoub-hafnaoui-de-retour-en-tunisie\/207638\/#breadcrumb"},"inLanguage":"fr-FR","potentialAction":[{"@type":"ReadAction","target":["https:\/\/www.webdo.tn\/fr\/actualite\/sport\/le-champion-du-monde-ahmed-ayoub-hafnaoui-de-retour-en-tunisie\/207638\/"]}]},{"@type":"ImageObject","inLanguage":"fr-FR","@id":"https:\/\/www.webdo.tn\/fr\/actualite\/sport\/le-champion-du-monde-ahmed-ayoub-hafnaoui-de-retour-en-tunisie\/207638\/#primaryimage","url":"https:\/\/www.webdo.tn\/fr\/wp-content\/uploads\/2023\/08\/a8ffedb21f7e2154bc7c66ea2bc6dfb0.jpg","contentUrl":"https:\/\/www.webdo.tn\/fr\/wp-content\/uploads\/2023\/08\/a8ffedb21f7e2154bc7c66ea2bc6dfb0.jpg","width":650,"height":347,"caption":"Le Champion du monde Ahmed Ayoub Hafnaoui, de retour en Tunisie"},{"@type":"BreadcrumbList","@id":"https:\/\/www.webdo.tn\/fr\/actualite\/sport\/le-champion-du-monde-ahmed-ayoub-hafnaoui-de-retour-en-tunisie\/207638\/#breadcrumb","itemListElement":[{"@type":"ListItem","position":1,"name":"Accueil","item":"https:\/\/www.webdo.tn\/fr\/"},{"@type":"ListItem","position":2,"name":"Le Champion du monde Ahmed Ayoub Hafnaoui, de retour en Tunisie"}]},{"@type":"WebSite","@id":"https:\/\/www.webdo.tn\/fr\/#website","url":"https:\/\/www.webdo.tn\/fr\/","name":"webdo","description":"Tunisie - News en Tunisie et \u00e0 l&#039;international sur Webdo.tn","publisher":{"@id":"https:\/\/www.webdo.tn\/fr\/#organization"},"potentialAction":[{"@type":"SearchAction","target":{"@type":"EntryPoint","urlTemplate":"https:\/\/www.webdo.tn\/fr\/?s={search_term_string}"},"query-input":{"@type":"PropertyValueSpecification","valueRequired":true,"valueName":"search_term_string"}}],"inLanguage":"fr-FR"},{"@type":"Organization","@id":"https:\/\/www.webdo.tn\/fr\/#organization","name":"Webdo","alternateName":"Webdo.tn","url":"https:\/\/www.webdo.tn\/fr\/","logo":{"@type":"ImageObject","inLanguage":"fr-FR","@id":"https:\/\/www.webdo.tn\/fr\/#\/schema\/logo\/image\/","url":"https:\/\/www.webdo.tn\/fr\/wp-content\/uploads\/2025\/06\/Webdo-Tunisie_168377.jpg","contentUrl":"https:\/\/www.webdo.tn\/fr\/wp-content\/uploads\/2025\/06\/Webdo-Tunisie_168377.jpg","width":301,"height":301,"caption":"Webdo"},"image":{"@id":"https:\/\/www.webdo.tn\/fr\/#\/schema\/logo\/image\/"},"sameAs":["https:\/\/www.facebook.com\/webdotn","https:\/\/x.com\/webdo_tn"],"description":"Webdo est un m\u00e9dia num\u00e9rique tunisien fond\u00e9 en 2010, sp\u00e9cialis\u00e9 dans l\u2019actualit\u00e9 nationale et internationale, l\u2019\u00e9conomie, la soci\u00e9t\u00e9 et les analyses politiques. Le site s\u2019adresse \u00e0 un large public francophone et couvre l\u2019information tunisienne en temps r\u00e9el.","email":"redac@webdo.tn","legalName":"YNJ SARL","foundingDate":"2010-09-06","numberOfEmployees":{"@type":"QuantitativeValue","minValue":"11","maxValue":"50"}},{"@type":"Person","@id":"https:\/\/www.webdo.tn\/fr\/#\/schema\/person\/2c4929cbf5a809e3bd38617c6ce150f6","name":"MC","image":{"@type":"ImageObject","inLanguage":"fr-FR","@id":"https:\/\/secure.gravatar.com\/avatar\/a545bbb6f84efdd5553dbbc2895e3ca8f1d12c5215e00a041c9670b54aa9b18a?s=96&d=mm&r=g","url":"https:\/\/secure.gravatar.com\/avatar\/a545bbb6f84efdd5553dbbc2895e3ca8f1d12c5215e00a041c9670b54aa9b18a?s=96&d=mm&r=g","contentUrl":"https:\/\/secure.gravatar.com\/avatar\/a545bbb6f84efdd5553dbbc2895e3ca8f1d12c5215e00a041c9670b54aa9b18a?s=96&d=mm&r=g","caption":"MC"},"url":"https:\/\/www.webdo.tn\/fr\/actualite\/author\/mc\/"}]}},"_links":{"self":[{"href":"https:\/\/www.webdo.tn\/fr\/wp-json\/wp\/v2\/posts\/207638","targetHints":{"allow":["GET"]}}],"collection":[{"href":"https:\/\/www.webdo.tn\/fr\/wp-json\/wp\/v2\/posts"}],"about":[{"href":"https:\/\/www.webdo.tn\/fr\/wp-json\/wp\/v2\/types\/post"}],"author":[{"embeddable":true,"href":"https:\/\/www.webdo.tn\/fr\/wp-json\/wp\/v2\/users\/3162"}],"replies":[{"embeddable":true,"href":"https:\/\/www.webdo.tn\/fr\/wp-json\/wp\/v2\/comments?post=207638"}],"version-history":[{"count":0,"href":"https:\/\/www.webdo.tn\/fr\/wp-json\/wp\/v2\/posts\/207638\/revisions"}],"wp:featuredmedia":[{"embeddable":true,"href":"https:\/\/www.webdo.tn\/fr\/wp-json\/wp\/v2\/media\/249649"}],"wp:attachment":[{"href":"https:\/\/www.webdo.tn\/fr\/wp-json\/wp\/v2\/media?parent=207638"}],"wp:term":[{"taxonomy":"category","embeddable":true,"href":"https:\/\/www.webdo.tn\/fr\/wp-json\/wp\/v2\/categories?post=207638"},{"taxonomy":"post_tag","embeddable":true,"href":"https:\/\/www.webdo.tn\/fr\/wp-json\/wp\/v2\/tags?post=207638"}],"curies":[{"name":"wp","href":"https:\/\/api.w.org\/{rel}","templated":true}]}}